{"id":2939,"date":"2010-06-05T22:33:22","date_gmt":"2010-06-05T21:33:22","guid":{"rendered":"http:\/\/fjala.shkoder.net\/?p=2939"},"modified":"2010-06-05T22:33:22","modified_gmt":"2010-06-05T21:33:22","slug":"a-nuk-i-vrasin-dhe-kuajt-keshtu","status":"publish","type":"post","link":"https:\/\/fjala.info\/2009-2015\/a-nuk-i-vrasin-dhe-kuajt-keshtu\/","title":{"rendered":"A nuk i vrasin dhe kuajt k\u00ebshtu!?"},"content":{"rendered":"<p><img decoding=\"async\" style=\"margin-left: 10px; margin-right: 10px; border: 0px;\" src=\"http:\/\/www.shkoder.net\/images\/fjala\/sokol_pepushaj.jpg\" border=\"0\" alt=\"Sokol Pepushaj\" width=\"100\" align=\"left\" \/><\/p>\n<p><strong>Sokol Pepushaj<\/strong><\/p>\n<p>&#8212; <em><strong>Nuk jan\u00eb thjesht\u00eb dy emra; Mero Baze e Arban Hasani, nuk jan\u00eb thjesht\u00eb dy koleg\u00eb, nd\u00ebr t\u00eb njohurit e fushes se medias ne Shqiperi. Tek ata jane emrat e gjithe gazetareve shqiptare, nga Vermoshi ne Konispol<\/strong><\/em>. &#8212;<\/p>\n<p>Presioni mbi median ne Shqiperi ka shenuar nje standart tjeter, teksa eshte paralajmeruar mbyllja e nje formati televiziv si \u201cFaktori Plus\u201d i gazetarit Mero Baze ne Vizion Plus dhe i eshte thene \u201clamtumire\u201d Drejtorit te Informacionit ne kete media, Arban Hasani.<\/p>\n<p>Pavaresisht rastit konkret, emrat e mesiperm nuk kane asnje rendesi ne plan te pare, pasi fare mire jane ose mund te jene emrat e te tjere kolegeve tane, qofte ne media kombetare, qofte ne media lokale nga Vermoshi ne Konispol.<\/p>\n<p>Prej kohesh ne qarqet mediatike dhe te gazetareve perflitej per \u201cspastrime\u201d te mundshme ne Vizion Plus, e vetmja kritike e hapur, mbase e ashper e qeverise dhe mazhorances shqiptmeroare, jo vetem permes formatit televiziv \u201cFaktori Plus\u201d por edhe edicioneve te lajmeve.<\/p>\n<p>Ajo \u00e7fare perben nje risi ne kete rast, eshte kapja e grupit te pronareve te huaj te Vizion Plus nga struktura te vecanta te shtetit shqiptar. Sic dihet, shumica derrmuese e aksioneve te televizionit Vizion Plus kaloi permes shitjes nga familja Dulaku, tek grupi mediatik gjerman WAZ. Si per ironi te fatit, kalimi zyrtar i pronesise se aksioneve tek gjermanet, u parapri nga nje konference e madhe, ku mes te tjerave u diskutua dhe per lirine editoriale.<\/p>\n<p>Per hir te realitetit, Vizion Plus dhe emisioni \u201cFaktori Plus\u201d sistematikisht kane qene kritik\u00eb ndaj qeverise, mazhorances dhe disa personave prane tyre, kryesisht bisnesmene. Ne shume raste, edhe autori i ketyre radheve ka patur bindjen se po kalohej masa e kritikave apo edhe e sulmuve ndaj personave apo personazheve politike ose jo. Gjithsesi, nuk mund te mohohet se \u201cFaktori Plus\u201d dhe edicioni i lajmeve ne Vizion Plus, kane patur nje audience mjaft te larte.<\/p>\n<p>Ne ndarjen aktuale te parcelave te pushtetit mediatik, Vizion Plus dhe disa media te tjera, u rreshtuan si kritike ndaj pushtetit, teksa nje numer me i madh i mediave u rreshtuan si megafone te pushtetit aktual. Ne nje fare mase, ne \u201cpushtetin e katert\u201d u ruajt nje fare balance, teksa tek pushtetet e tjera gjithcka ishte ne favor te mazhorances.<\/p>\n<p>Ajo \u00e7fare eshte shqetesuese, nuk eshte vetem kapja e nje medias qe tashme ka pronare te huaj gjermane, por mbyllja e nje zeri kritik ndaj qeverise. Si\u00e7 edhe e thashe me siper, ne disa raste, ne opinionin tim, kritikat e ketij televizioni ndaj qeverise e mazhorances, e kane tepruar. Por, per te gjithe ata qe kuptojne di\u00e7ka nga mediat apo shtyllat e demokracise, bej nje pyetje te thjeshte: Me mire tejkalim i lirise se shprehjes dhe medias apo mbyllje goje e tyre?! Mendoj se nuk ka nevoje per shume komente!<\/p>\n<p>Ve\u00e7anarisht pas zgjedhjeve te vitit 2009, eshte bere e veshtire, shpesh nje sipermarrje e pamundur, te flasesh me nota kritike ndaj pushtetit, qofte atij ne qender apo edhe ne nivel lokal. Nuk duhet harruar, se asnjehere, nuk ka qene, nuk eshte dhe nuk do te jete situata \u201croze\u201d per Shqiperine e shqiptaret. Mediat te cilesuara si \u201ckritike\u201d ndaj qeverise, kane sherbyer si tribuna te mendimit alternativ, perballe reklames se pafund qeveritare, me dhe pa te drejte te mediave te tjera.<\/p>\n<p>Jo vetem ai qe ka dashur te degjoje ne veshet e tij mendimet kritike, por edhe ata qe kane dashur te mesojne nje \u201cte vertete\u201d tjeter, perve\u00e7 asaj te servirur nga qeveria, kane patur mundesi ta mesojne pikerisht nga media te tilla si Vizion Plus, News24 etj., si\u00e7 edhe per ithtaret e pushtetit ka qene e lehte te sintonizohen ne valet e TVSH, Klan e ndonje tjeter media. Realisht, balancat e brishta te pushtetit mediatik ne Shqiperi, jane cenuar ndjeshem. Madje, motivacioni zyrtar qe i eshte dhene kolegeve Baze dhe Hasani per largimin e tyre nga puna eshte shume shqetesues: \u201cInteresat tona t\u00eb biznesit jan\u00eb ato q\u00eb p\u00ebrcaktojn\u00eb t\u00eb gjitha politikat, p\u00ebrfshir\u00eb k\u00ebtu dhe aktivitetin redaksional\u201d.<\/p>\n<p>Kjo eshte nje pergjigje e zeze ne te bardhe, zyrtare e nje kompanie gjermane, me nje eksperience te gjate ne fushen e mediave, sidomos ne shtypin e shkruar. Vertetohet qarte se, qe ne hapat e pare te aktivitetit ne Shqiperi, kjo kompani eshte lene te kapet per interesa te saj. Po cilat jane keto interesa! Sigurisht, sot nuk eshte e lehte te flitet, por shume shpejt mbase do te mesojme shume me teper. Sot eshte momenti te shqetesohemi te gjithe, jo vetem gazetaret dhe njerezit e medias, por edhe opinioni publik. Te gjithe ne kemi, nje ze, nje mendim, te cilin fatmiresisht tani per tani, e kemi te lire.<\/p>\n<p>Por qe ai te arrije tek shqiptaret, ka nevoje per nje tribune, e kjo tribune eshte media. Tashme keto tribuna po shemben \u00e7do dite, duke bere qe zeri kritik te zbehet perdite e me shume. Permes \u201ckula\u00e7it\u201d apo \u201ckerba\u00e7it\u201d jane gjunjezuar dhe do te gjunjezohen fatkeqesisht, shume media. Shume shpejt ne mediat tona, nuk do te shenjohet me asnje ze alternativ, kritik ndaj qeverise apo mazhorances. Ne rastin me te mire, do te transmetohen si deri me tani vetem konferenca shtypi te opozites, teksa hetimet apo zbulimet e fakteve kunder pushtetit, do te jene \u201cmolle e ndalueme\u201d.<\/p>\n<p>Rasti flagrant Baze &#8211; Hasani, vjen ne nje kohe kur situata e lirise se mediave ne vendin tone, percaktohet thuajse dramatike nga raportetet nderkombetare. Si per ironi te fatit, shenjester me apo pa qellim, eshte Mero Baze, ish-botues i gazetes \u201cTema\u201d, e cila pati nje trajtim aspak te mire nga qeveria shqiptare, ne momentet qe ajo ishte kritike ndaj saj.<\/p>\n<p>Gradualisht, \u201ckeshtjellat\u201d mediatike te opozites, po merren me marifete nga me te ndryshmet. Vizion Plus, eshte njera prej tyre dhe tashme natyrshem eshte radha e ndonje medias tjeter, qe akoma nuk eshte vene nen hyqmin e pushtetit.<br \/>\nPavaresisht fakteve se kush eshte ne pushtet dhe kush ne opozite ditet e sotme, faktet dhe komentet e siperpermendura, jane kembana alarmi edhe per neser.<\/p>\n<p>Lakmia e pushtetit ndaj medias, eshte e kahershme dhe e njohur ne historine njerezore. Ne shume raste, e gjithe beteja politike eshte peqendruar edhe ne gllaberimin e saj. Per te kuptuar rendesine qe ka media per politiken, mjafton shembulli i Luftes se Dyte Boterore. Kur Hitlerin e pyeten se cila do te ishte viktima e tij e pare ne rast pushtimi te Moskes nga trupat naziste, ai u pergjigje thjeshte dhe shkoqur: Spikeri i Radio Moskes!<\/p>\n<p>Ne nje vend te zhytur ne krize te pakten politike, me probleme te shumta ekonomike te pakten sipas opozites (qe perfaqeson te pakten 50% te popullit), me nje krize institucionale si\u00e7 eshte ajo e Gjykates Kushtetuese te pakten, okupimi i mendimit ndryshe permes shembjes dhe blerjes se mediumeve opozitare, na tregon se rrezikojme te humbasim ate qe kemi mbase me te shenjte, ate qe kemi kerkuar ne vitin 1990: Lirine! Pasi humbet liria, pas saj lulezon ajo te cilen e kemi hequr per 50 vite, Diktatura! Pavaresisht nese eshte e majte si e Stalinit, apo e djathte si e Frankos, diktaturat kane te gjitha nje surrat dhe te njejtat pasoja, pavaresisht trukut qe i fsheh ne hapat e pare te tyre!<\/p>\n<p>Barku qe ka pjelle diktatura, akoma nuk eshte shterpezuar! Njerez ju dua, jini vigjilente! Nga gjermani Bertold Breht dhe \u201cArturo Ui\u201d mesazhi tingellon aktual edhe per realitetin shqiptar! Kembanat po bien, sigurisht per ata qe kane veshe te degjojne!<\/p>\n","protected":false},"excerpt":{"rendered":"<p>Sokol Pepushaj &#8212; Nuk jan\u00eb thjesht\u00eb dy emra; Mero Baze e Arban Hasani, nuk jan\u00eb thjesht\u00eb dy koleg\u00eb, nd\u00ebr t\u00eb njohurit e fushes se medias ne Shqiperi. Tek ata jane emrat e gjithe gazetareve shqiptare, nga Vermoshi ne Konispol. &#8212; Presioni mbi median ne Shqiperi ka shenuar nje standart tjeter, teksa eshte paralajmeruar mbyllja e [&hellip;]<\/p>\n","protected":false},"author":1,"featured_media":0,"comment_status":"open","ping_status":"closed","sticky":false,"template":"","format":"standard","meta":{"footnotes":""},"categories":[2],"tags":[],"class_list":{"0":"post-2939","1":"post","2":"type-post","3":"status-publish","4":"format-standard","6":"category-artikuj"},"yoast_head":"<!-- This site is optimized with the Yoast SEO plugin v27.4 - https:\/\/yoast.com\/product\/yoast-seo-wordpress\/ -->\n<title>A nuk i vrasin dhe kuajt k\u00ebshtu!? - FjALA e LIR\u00cb - Arkivi<\/title>\n<meta name=\"robots\" content=\"index, follow, max-snippet:-1, max-image-preview:large, max-video-preview:-1\" \/>\n<link rel=\"canonical\" href=\"https:\/\/fjala.info\/2009-2015\/a-nuk-i-vrasin-dhe-kuajt-keshtu\/\" \/>\n<meta property=\"og:locale\" content=\"sq_AL\" \/>\n<meta property=\"og:type\" content=\"article\" \/>\n<meta property=\"og:title\" content=\"A nuk i vrasin dhe kuajt k\u00ebshtu!? - FjALA e LIR\u00cb - Arkivi\" \/>\n<meta property=\"og:description\" content=\"Sokol Pepushaj &#8212; Nuk jan\u00eb thjesht\u00eb dy emra; Mero Baze e Arban Hasani, nuk jan\u00eb thjesht\u00eb dy koleg\u00eb, nd\u00ebr t\u00eb njohurit e fushes se medias ne Shqiperi. Tek ata jane emrat e gjithe gazetareve shqiptare, nga Vermoshi ne Konispol. &#8212; Presioni mbi median ne Shqiperi ka shenuar nje standart tjeter, teksa eshte paralajmeruar mbyllja e [&hellip;]\" \/>\n<meta property=\"og:url\" content=\"https:\/\/fjala.info\/2009-2015\/a-nuk-i-vrasin-dhe-kuajt-keshtu\/\" \/>\n<meta property=\"og:site_name\" content=\"FjALA e LIR\u00cb - Arkivi\" \/>\n<meta property=\"article:published_time\" content=\"2010-06-05T21:33:22+00:00\" \/>\n<meta property=\"og:image\" content=\"http:\/\/www.shkoder.net\/images\/fjala\/sokol_pepushaj.jpg\" \/>\n<meta name=\"author\" content=\"admin\" \/>\n<meta name=\"twitter:card\" content=\"summary_large_image\" \/>\n<meta name=\"twitter:label1\" content=\"Written by\" \/>\n\t<meta name=\"twitter:data1\" content=\"admin\" \/>\n\t<meta name=\"twitter:label2\" content=\"Est. reading time\" \/>\n\t<meta name=\"twitter:data2\" content=\"6 minutes\" \/>\n<script type=\"application\/ld+json\" class=\"yoast-schema-graph\">{\"@context\":\"https:\\\/\\\/schema.org\",\"@graph\":[{\"@type\":\"Article\",\"@id\":\"https:\\\/\\\/fjala.info\\\/2009-2015\\\/a-nuk-i-vrasin-dhe-kuajt-keshtu\\\/#article\",\"isPartOf\":{\"@id\":\"https:\\\/\\\/fjala.info\\\/2009-2015\\\/a-nuk-i-vrasin-dhe-kuajt-keshtu\\\/\"},\"author\":{\"name\":\"admin\",\"@id\":\"https:\\\/\\\/fjala.info\\\/2009-2015\\\/#\\\/schema\\\/person\\\/3aa1163ef05469c496fc94e77611ada2\"},\"headline\":\"A nuk i vrasin dhe kuajt k\u00ebshtu!?\",\"datePublished\":\"2010-06-05T21:33:22+00:00\",\"mainEntityOfPage\":{\"@id\":\"https:\\\/\\\/fjala.info\\\/2009-2015\\\/a-nuk-i-vrasin-dhe-kuajt-keshtu\\\/\"},\"wordCount\":1235,\"commentCount\":0,\"publisher\":{\"@id\":\"https:\\\/\\\/fjala.info\\\/2009-2015\\\/#organization\"},\"image\":{\"@id\":\"https:\\\/\\\/fjala.info\\\/2009-2015\\\/a-nuk-i-vrasin-dhe-kuajt-keshtu\\\/#primaryimage\"},\"thumbnailUrl\":\"http:\\\/\\\/www.shkoder.net\\\/images\\\/fjala\\\/sokol_pepushaj.jpg\",\"articleSection\":[\"Artikuj\"],\"inLanguage\":\"sq-AL\",\"potentialAction\":[{\"@type\":\"CommentAction\",\"name\":\"Comment\",\"target\":[\"https:\\\/\\\/fjala.info\\\/2009-2015\\\/a-nuk-i-vrasin-dhe-kuajt-keshtu\\\/#respond\"]}]},{\"@type\":\"WebPage\",\"@id\":\"https:\\\/\\\/fjala.info\\\/2009-2015\\\/a-nuk-i-vrasin-dhe-kuajt-keshtu\\\/\",\"url\":\"https:\\\/\\\/fjala.info\\\/2009-2015\\\/a-nuk-i-vrasin-dhe-kuajt-keshtu\\\/\",\"name\":\"A nuk i vrasin dhe kuajt k\u00ebshtu!? - FjALA e LIR\u00cb - Arkivi\",\"isPartOf\":{\"@id\":\"https:\\\/\\\/fjala.info\\\/2009-2015\\\/#website\"},\"primaryImageOfPage\":{\"@id\":\"https:\\\/\\\/fjala.info\\\/2009-2015\\\/a-nuk-i-vrasin-dhe-kuajt-keshtu\\\/#primaryimage\"},\"image\":{\"@id\":\"https:\\\/\\\/fjala.info\\\/2009-2015\\\/a-nuk-i-vrasin-dhe-kuajt-keshtu\\\/#primaryimage\"},\"thumbnailUrl\":\"http:\\\/\\\/www.shkoder.net\\\/images\\\/fjala\\\/sokol_pepushaj.jpg\",\"datePublished\":\"2010-06-05T21:33:22+00:00\",\"breadcrumb\":{\"@id\":\"https:\\\/\\\/fjala.info\\\/2009-2015\\\/a-nuk-i-vrasin-dhe-kuajt-keshtu\\\/#breadcrumb\"},\"inLanguage\":\"sq-AL\",\"potentialAction\":[{\"@type\":\"ReadAction\",\"target\":[\"https:\\\/\\\/fjala.info\\\/2009-2015\\\/a-nuk-i-vrasin-dhe-kuajt-keshtu\\\/\"]}]},{\"@type\":\"ImageObject\",\"inLanguage\":\"sq-AL\",\"@id\":\"https:\\\/\\\/fjala.info\\\/2009-2015\\\/a-nuk-i-vrasin-dhe-kuajt-keshtu\\\/#primaryimage\",\"url\":\"http:\\\/\\\/www.shkoder.net\\\/images\\\/fjala\\\/sokol_pepushaj.jpg\",\"contentUrl\":\"http:\\\/\\\/www.shkoder.net\\\/images\\\/fjala\\\/sokol_pepushaj.jpg\"},{\"@type\":\"BreadcrumbList\",\"@id\":\"https:\\\/\\\/fjala.info\\\/2009-2015\\\/a-nuk-i-vrasin-dhe-kuajt-keshtu\\\/#breadcrumb\",\"itemListElement\":[{\"@type\":\"ListItem\",\"position\":1,\"name\":\"Home\",\"item\":\"https:\\\/\\\/fjala.info\\\/2009-2015\\\/\"},{\"@type\":\"ListItem\",\"position\":2,\"name\":\"A nuk i vrasin dhe kuajt k\u00ebshtu!?\"}]},{\"@type\":\"WebSite\",\"@id\":\"https:\\\/\\\/fjala.info\\\/2009-2015\\\/#website\",\"url\":\"https:\\\/\\\/fjala.info\\\/2009-2015\\\/\",\"name\":\"FjALA e LIR\u00cb - Arkivi\",\"description\":\"Arkivi 2009-2015\",\"publisher\":{\"@id\":\"https:\\\/\\\/fjala.info\\\/2009-2015\\\/#organization\"},\"potentialAction\":[{\"@type\":\"SearchAction\",\"target\":{\"@type\":\"EntryPoint\",\"urlTemplate\":\"https:\\\/\\\/fjala.info\\\/2009-2015\\\/?s={search_term_string}\"},\"query-input\":{\"@type\":\"PropertyValueSpecification\",\"valueRequired\":true,\"valueName\":\"search_term_string\"}}],\"inLanguage\":\"sq-AL\"},{\"@type\":\"Organization\",\"@id\":\"https:\\\/\\\/fjala.info\\\/2009-2015\\\/#organization\",\"name\":\"FjALA e LIR\u00cb - Arkivi\",\"url\":\"https:\\\/\\\/fjala.info\\\/2009-2015\\\/\",\"logo\":{\"@type\":\"ImageObject\",\"inLanguage\":\"sq-AL\",\"@id\":\"https:\\\/\\\/fjala.info\\\/2009-2015\\\/#\\\/schema\\\/logo\\\/image\\\/\",\"url\":\"\",\"contentUrl\":\"\",\"caption\":\"FjALA e LIR\u00cb - Arkivi\"},\"image\":{\"@id\":\"https:\\\/\\\/fjala.info\\\/2009-2015\\\/#\\\/schema\\\/logo\\\/image\\\/\"}},{\"@type\":\"Person\",\"@id\":\"https:\\\/\\\/fjala.info\\\/2009-2015\\\/#\\\/schema\\\/person\\\/3aa1163ef05469c496fc94e77611ada2\",\"name\":\"admin\",\"image\":{\"@type\":\"ImageObject\",\"inLanguage\":\"sq-AL\",\"@id\":\"https:\\\/\\\/fjala.info\\\/2009-2015\\\/wp-content\\\/uploads\\\/2012\\\/02\\\/arben_cokaj-120x150.jpg\",\"url\":\"https:\\\/\\\/fjala.info\\\/2009-2015\\\/wp-content\\\/uploads\\\/2012\\\/02\\\/arben_cokaj-120x150.jpg\",\"contentUrl\":\"https:\\\/\\\/fjala.info\\\/2009-2015\\\/wp-content\\\/uploads\\\/2012\\\/02\\\/arben_cokaj-120x150.jpg\",\"caption\":\"admin\"},\"description\":\"Admin, Fjala e Lir\u00eb\",\"sameAs\":[\"https:\\\/\\\/fjala.info\\\/\"],\"url\":\"https:\\\/\\\/fjala.info\\\/2009-2015\\\/author\\\/admin\\\/\"}]}<\/script>\n<!-- \/ Yoast SEO plugin. -->","yoast_head_json":{"title":"A nuk i vrasin dhe kuajt k\u00ebshtu!? - FjALA e LIR\u00cb - Arkivi","robots":{"index":"index","follow":"follow","max-snippet":"max-snippet:-1","max-image-preview":"max-image-preview:large","max-video-preview":"max-video-preview:-1"},"canonical":"https:\/\/fjala.info\/2009-2015\/a-nuk-i-vrasin-dhe-kuajt-keshtu\/","og_locale":"sq_AL","og_type":"article","og_title":"A nuk i vrasin dhe kuajt k\u00ebshtu!? - FjALA e LIR\u00cb - Arkivi","og_description":"Sokol Pepushaj &#8212; Nuk jan\u00eb thjesht\u00eb dy emra; Mero Baze e Arban Hasani, nuk jan\u00eb thjesht\u00eb dy koleg\u00eb, nd\u00ebr t\u00eb njohurit e fushes se medias ne Shqiperi. Tek ata jane emrat e gjithe gazetareve shqiptare, nga Vermoshi ne Konispol. &#8212; Presioni mbi median ne Shqiperi ka shenuar nje standart tjeter, teksa eshte paralajmeruar mbyllja e [&hellip;]","og_url":"https:\/\/fjala.info\/2009-2015\/a-nuk-i-vrasin-dhe-kuajt-keshtu\/","og_site_name":"FjALA e LIR\u00cb - Arkivi","article_published_time":"2010-06-05T21:33:22+00:00","og_image":[{"url":"http:\/\/www.shkoder.net\/images\/fjala\/sokol_pepushaj.jpg","type":"","width":"","height":""}],"author":"admin","twitter_card":"summary_large_image","twitter_misc":{"Written by":"admin","Est. reading time":"6 minutes"},"schema":{"@context":"https:\/\/schema.org","@graph":[{"@type":"Article","@id":"https:\/\/fjala.info\/2009-2015\/a-nuk-i-vrasin-dhe-kuajt-keshtu\/#article","isPartOf":{"@id":"https:\/\/fjala.info\/2009-2015\/a-nuk-i-vrasin-dhe-kuajt-keshtu\/"},"author":{"name":"admin","@id":"https:\/\/fjala.info\/2009-2015\/#\/schema\/person\/3aa1163ef05469c496fc94e77611ada2"},"headline":"A nuk i vrasin dhe kuajt k\u00ebshtu!?","datePublished":"2010-06-05T21:33:22+00:00","mainEntityOfPage":{"@id":"https:\/\/fjala.info\/2009-2015\/a-nuk-i-vrasin-dhe-kuajt-keshtu\/"},"wordCount":1235,"commentCount":0,"publisher":{"@id":"https:\/\/fjala.info\/2009-2015\/#organization"},"image":{"@id":"https:\/\/fjala.info\/2009-2015\/a-nuk-i-vrasin-dhe-kuajt-keshtu\/#primaryimage"},"thumbnailUrl":"http:\/\/www.shkoder.net\/images\/fjala\/sokol_pepushaj.jpg","articleSection":["Artikuj"],"inLanguage":"sq-AL","potentialAction":[{"@type":"CommentAction","name":"Comment","target":["https:\/\/fjala.info\/2009-2015\/a-nuk-i-vrasin-dhe-kuajt-keshtu\/#respond"]}]},{"@type":"WebPage","@id":"https:\/\/fjala.info\/2009-2015\/a-nuk-i-vrasin-dhe-kuajt-keshtu\/","url":"https:\/\/fjala.info\/2009-2015\/a-nuk-i-vrasin-dhe-kuajt-keshtu\/","name":"A nuk i vrasin dhe kuajt k\u00ebshtu!? - FjALA e LIR\u00cb - Arkivi","isPartOf":{"@id":"https:\/\/fjala.info\/2009-2015\/#website"},"primaryImageOfPage":{"@id":"https:\/\/fjala.info\/2009-2015\/a-nuk-i-vrasin-dhe-kuajt-keshtu\/#primaryimage"},"image":{"@id":"https:\/\/fjala.info\/2009-2015\/a-nuk-i-vrasin-dhe-kuajt-keshtu\/#primaryimage"},"thumbnailUrl":"http:\/\/www.shkoder.net\/images\/fjala\/sokol_pepushaj.jpg","datePublished":"2010-06-05T21:33:22+00:00","breadcrumb":{"@id":"https:\/\/fjala.info\/2009-2015\/a-nuk-i-vrasin-dhe-kuajt-keshtu\/#breadcrumb"},"inLanguage":"sq-AL","potentialAction":[{"@type":"ReadAction","target":["https:\/\/fjala.info\/2009-2015\/a-nuk-i-vrasin-dhe-kuajt-keshtu\/"]}]},{"@type":"ImageObject","inLanguage":"sq-AL","@id":"https:\/\/fjala.info\/2009-2015\/a-nuk-i-vrasin-dhe-kuajt-keshtu\/#primaryimage","url":"http:\/\/www.shkoder.net\/images\/fjala\/sokol_pepushaj.jpg","contentUrl":"http:\/\/www.shkoder.net\/images\/fjala\/sokol_pepushaj.jpg"},{"@type":"BreadcrumbList","@id":"https:\/\/fjala.info\/2009-2015\/a-nuk-i-vrasin-dhe-kuajt-keshtu\/#breadcrumb","itemListElement":[{"@type":"ListItem","position":1,"name":"Home","item":"https:\/\/fjala.info\/2009-2015\/"},{"@type":"ListItem","position":2,"name":"A nuk i vrasin dhe kuajt k\u00ebshtu!?"}]},{"@type":"WebSite","@id":"https:\/\/fjala.info\/2009-2015\/#website","url":"https:\/\/fjala.info\/2009-2015\/","name":"FjALA e LIR\u00cb - Arkivi","description":"Arkivi 2009-2015","publisher":{"@id":"https:\/\/fjala.info\/2009-2015\/#organization"},"potentialAction":[{"@type":"SearchAction","target":{"@type":"EntryPoint","urlTemplate":"https:\/\/fjala.info\/2009-2015\/?s={search_term_string}"},"query-input":{"@type":"PropertyValueSpecification","valueRequired":true,"valueName":"search_term_string"}}],"inLanguage":"sq-AL"},{"@type":"Organization","@id":"https:\/\/fjala.info\/2009-2015\/#organization","name":"FjALA e LIR\u00cb - Arkivi","url":"https:\/\/fjala.info\/2009-2015\/","logo":{"@type":"ImageObject","inLanguage":"sq-AL","@id":"https:\/\/fjala.info\/2009-2015\/#\/schema\/logo\/image\/","url":"","contentUrl":"","caption":"FjALA e LIR\u00cb - Arkivi"},"image":{"@id":"https:\/\/fjala.info\/2009-2015\/#\/schema\/logo\/image\/"}},{"@type":"Person","@id":"https:\/\/fjala.info\/2009-2015\/#\/schema\/person\/3aa1163ef05469c496fc94e77611ada2","name":"admin","image":{"@type":"ImageObject","inLanguage":"sq-AL","@id":"https:\/\/fjala.info\/2009-2015\/wp-content\/uploads\/2012\/02\/arben_cokaj-120x150.jpg","url":"https:\/\/fjala.info\/2009-2015\/wp-content\/uploads\/2012\/02\/arben_cokaj-120x150.jpg","contentUrl":"https:\/\/fjala.info\/2009-2015\/wp-content\/uploads\/2012\/02\/arben_cokaj-120x150.jpg","caption":"admin"},"description":"Admin, Fjala e Lir\u00eb","sameAs":["https:\/\/fjala.info\/"],"url":"https:\/\/fjala.info\/2009-2015\/author\/admin\/"}]}},"_links":{"self":[{"href":"https:\/\/fjala.info\/2009-2015\/wp-json\/wp\/v2\/posts\/2939","targetHints":{"allow":["GET"]}}],"collection":[{"href":"https:\/\/fjala.info\/2009-2015\/wp-json\/wp\/v2\/posts"}],"about":[{"href":"https:\/\/fjala.info\/2009-2015\/wp-json\/wp\/v2\/types\/post"}],"author":[{"embeddable":true,"href":"https:\/\/fjala.info\/2009-2015\/wp-json\/wp\/v2\/users\/1"}],"replies":[{"embeddable":true,"href":"https:\/\/fjala.info\/2009-2015\/wp-json\/wp\/v2\/comments?post=2939"}],"version-history":[{"count":0,"href":"https:\/\/fjala.info\/2009-2015\/wp-json\/wp\/v2\/posts\/2939\/revisions"}],"wp:attachment":[{"href":"https:\/\/fjala.info\/2009-2015\/wp-json\/wp\/v2\/media?parent=2939"}],"wp:term":[{"taxonomy":"category","embeddable":true,"href":"https:\/\/fjala.info\/2009-2015\/wp-json\/wp\/v2\/categories?post=2939"},{"taxonomy":"post_tag","embeddable":true,"href":"https:\/\/fjala.info\/2009-2015\/wp-json\/wp\/v2\/tags?post=2939"}],"curies":[{"name":"wp","href":"https:\/\/api.w.org\/{rel}","templated":true}]}}