{"id":2937,"date":"2010-06-04T22:45:49","date_gmt":"2010-06-04T21:45:49","guid":{"rendered":"http:\/\/fjala.shkoder.net\/?p=2937"},"modified":"2010-06-04T22:45:49","modified_gmt":"2010-06-04T21:45:49","slug":"vota-e-fshehte-dhe-enverizmi-berishist","status":"publish","type":"post","link":"https:\/\/fjala.info\/2009-2015\/vota-e-fshehte-dhe-enverizmi-berishist\/","title":{"rendered":"VOTA E FSHEHT\u00cb DHE ENVERIZMI BERISHIST"},"content":{"rendered":"<p><img decoding=\"async\" style=\"margin-left: 10px; margin-right: 10px; border: 0px;\" src=\"http:\/\/www.shkoder.net\/images\/fjala\/andrea_stefani.jpg\" border=\"0\" alt=\"Andrea Stefani\" width=\"100\" align=\"left\" \/><\/p>\n<p><strong>Andrea Stefani<\/strong><\/p>\n<p>Tentativa e shumic\u00ebs berishiste p\u00ebr t\u00eb dhunuar fsheht\u00ebsin\u00eb e vot\u00ebs s\u00eb deputet\u00ebve \u00ebsht\u00eb nj\u00eb praktik\u00eb neokomuniste e tipit enverian, me an\u00eb t\u00eb s\u00eb cil\u00ebs, Kryeministri Berisha gjakon t\u00eb kontrolloj\u00eb deri edhe vullnetet e p\u00ebrfaq\u00ebsuesve t\u00eb popullit. A i mbani mend fotot e deputet\u00ebve t\u00eb Kuvendit Popullor q\u00eb (me gjestin e nx\u00ebn\u00ebsit q\u00eb k\u00ebrkon t\u00eb ngrihet n\u00eb m\u00ebsim) votonin me b\u00ebrryl t\u00eb ngulur n\u00eb tryez\u00eb dhe dor\u00ebn lart? T\u00eb gjith\u00eb, n\u00eb t\u00eb nj\u00ebjtin pozicion, votonin hapur, n\u00eb m\u00ebnyr\u00eb \u201ctransparente\u201d, n\u00eb unitet t\u00eb plot\u00eb me Partin\u00eb dhe Enverin. Nuk votonin fshehtazi.<\/p>\n<p>Sepse t\u00eb fshihje vot\u00ebn nga Partia dhe populli do t\u00eb thoshte t\u2019ia kishe me hile partis\u00eb dhe popullit. \u00c7eliku i unitetit t\u00eb deputet\u00ebve me Enverin ishte pik\u00ebrisht \u201ctransparenca\u201d. Enveri dhe Partia e dinin se po t\u00eb lejonin fsheht\u00ebsin\u00eb e vot\u00ebs, kushedi se \u00e7\u2019mund t\u2019i ndodhte \u201cunitetit\u201d. Prandaj nuk e lejuan kurr\u00eb. Edhe kur ju duhej ta njihnin ligj\u00ebrisht fsheht\u00ebsin\u00eb e votimit, gjenin mund\u00ebsi ta shmangin praktikisht.<\/p>\n<p>Dhunimi i fsheht\u00ebsis\u00eb s\u00eb vot\u00ebs \u00ebsht\u00eb nj\u00eb nga themelet e dhunimit t\u00eb liris\u00eb s\u00eb vot\u00ebs dhe \u201csekretet\u201d e jet\u00ebgjat\u00ebsis\u00eb s\u00eb llahtarshme t\u00eb diktatur\u00ebs komuniste n\u00eb Shqip\u00ebri. Dhe duket se neokomunisti Sali Berisha ka sot nj\u00eb nevoj\u00eb urgjente p\u00ebr t\u00eb dhunuar fsheht\u00ebsin\u00eb e vot\u00ebs s\u00eb deputet\u00ebve. Tashm\u00eb dihet se votave t\u00eb popullit \u201cDoktori\u201d ia ka gjetur \u201cila\u00e7in\u201d t\u2019i kontrolloj\u00eb me vjedhje dhe ndalim t\u00eb transparenc\u00ebs. P\u00ebr votat e deputet\u00ebve ndjek terapin\u00eb e kund\u00ebrt, k\u00ebrkon t\u2019i komandoj\u00eb me \u201ctransparenc\u00eb\u201d, duke ia hequr votimit fsheht\u00ebsin\u00eb. \u00c7\u2019mendje e ndritur!<\/p>\n<p>* * *<\/p>\n<p>P\u00ebrse komshiu fanatik i nj\u00eb lideri a partie nuk duhet ta dij\u00eb se p\u00ebr k\u00eb votoj un\u00eb? Q\u00eb un\u00eb t\u00eb kem liri t\u00eb votoj edhe kund\u00ebr kandidatit q\u00eb adhuron gjith\u00eb afsh komshiu, pa rrezikuar t\u00eb vuaj ndonj\u00eb pasoj\u00eb t\u00eb pak\u00ebndshme. Ky rregull i demokracis\u00eb, vota e fsheht\u00eb, vlen edhe p\u00ebr deputet\u00ebt n\u00eb raport me liderin. Aq m\u00eb tep\u00ebr n\u00eb raport me lider\u00eb autoritarist\u00eb si Sali Berisha, q\u00eb duan t\u00eb komandojn\u00eb \u00e7do vullnet n\u00eb parti, Parlament dhe shtet.<\/p>\n<p>Vota e fsheht\u00eb ka qen\u00eb dhe mbetet nj\u00eb nga arm\u00ebt m\u00eb t\u00eb forta t\u00eb liris\u00eb kund\u00ebr autoritetit shtyp\u00ebs. Q\u00eb vota t\u00eb jet\u00eb e lir\u00eb ka si kusht baz\u00eb q\u00eb t\u00eb jet\u00eb edhe e fsheht\u00eb. Jo rast\u00ebsisht, regjimi komunist, i lejonte votimet, por duke b\u00ebr\u00eb kujdes q\u00eb t\u00eb mos lejonte n\u00eb praktik\u00eb vot\u00ebn e fsheht\u00eb. Kishte raste kur n\u00eb qendrat e votimit krijohej edhe nj\u00eb qosh me perde ku votuesi mund t\u00eb hynte dhe t\u00eb plot\u00ebsonte flet\u00ebn e votimit, fshehtazi, pa e par\u00eb askush. Por shumica, 99.9 p\u00ebr qind, nuk denjonin t\u00eb hynin atje.<\/p>\n<p>Ata e plot\u00ebsonin flet\u00ebn p\u00ebr kandidat\u00ebt e Frontit Demokratik m\u2019u p\u00ebrpara syve t\u00eb komisionit t\u00eb qendr\u00ebs s\u00eb votimit. P\u00ebrgjith\u00ebsisht dhoma e fsheht\u00eb ishte nj\u00eb zon\u00eb e rrezikshme ku shkelte vet\u00ebm armiku i klas\u00ebs. T\u00eb hyje atje do t\u00eb thoshte t\u00eb deklaroje vot\u00ebn kund\u00ebr Partis\u00eb dhe Enverit! E p\u00ebrse njer\u00ebzit duhet t\u2019ia fshihnin vullnetin e tyre Partis\u00eb dhe Popullit kur e jepnin p\u00ebr partin\u00eb dhe popullin? Situata ishte absolutisht groteske. Votimi i fsheht\u00eb njihej me ligj, por ligji nuk zbatohej, sepse populli nuk donte t\u2019ia fshihte vot\u00ebn Partis\u00eb.<\/p>\n<p>* * *<\/p>\n<p>K\u00ebt\u00eb situat\u00eb k\u00ebrkojn\u00eb t\u00eb rivendosin Berisha dhe berishist\u00ebt n\u00eb Kuvend, duke propozuar t\u00eb amendojn\u00eb rregulloren e tij n\u00eb m\u00ebnyr\u00eb q\u00eb dekretet e Presidentit t\u00eb Republik\u00ebs (si p\u00ebr shembull p\u00ebr em\u00ebrimin e an\u00ebtar\u00ebve t\u00eb Gjykat\u00ebs Kushtetuese apo at\u00eb t\u00eb Lart\u00eb), t\u00eb votohen k\u00ebtej e tutje hapur. E p\u00ebrse deputet\u00ebt duhet t\u2019ia fshehin \u201cpopullit\u201d vot\u00ebn e tyre? \u2013 thon\u00eb e shkruajn\u00eb berishist\u00ebt duke rimarr\u00eb k\u00ebt\u00eb \u201cargument\u201d t\u00eb vjet\u00ebr nga bagazhi enverist. Ata flasin p\u00ebr \u201cpopull\u201d, por q\u00ebllimi i v\u00ebrtet\u00eb \u00ebsht\u00eb q\u00eb deputet\u00ebt t\u00eb mos votojn\u00eb dot fshehtazi Berish\u00ebs.<\/p>\n<p>Praktikisht k\u00ebrkohet q\u00eb deputet\u00ebt t\u00eb votojn\u00eb me dor\u00ebn lart si dikur dhe \u201cPartia\u201d (d.m.th. Enveri dej, d.m.th. Berisha sot) t\u2019i shoh\u00eb se si dhe p\u00ebr k\u00eb votojn\u00eb. E si do mund t\u00eb kontrollohet gjyq\u00ebsori n\u00ebse nuk kontrollohet vota q\u00eb miraton gjykat\u00ebsit? Shikojm\u00eb pra se autoritarizmi \u00ebsht\u00eb nj\u00eb piramid\u00eb e t\u00ebr\u00eb kapjesh e kontrollesh apo edhe \u201ctransparencash\u201d. Brenda saj \u00ebsht\u00eb sarkofagu i liris\u00eb. N\u00eb maj\u00eb shndrit skeptri i sundimit.<\/p>\n<p>* * *<\/p>\n<p>Nuk \u00ebsht\u00eb e para her\u00eb q\u00eb Berisha i rikthehet \u00e7\u00ebshtjes s\u00eb vot\u00ebs s\u00eb fsheht\u00eb t\u00eb deputet\u00ebve. Kjo tregon se e ka merak t\u00eb madh. Dhe kuptohet sepse. Berisha i trembet \u00e7do mekanizmi procedural q\u00eb krijon n\u00eb vendimmarrje hap\u00ebsira lirie t\u00eb pakontrolluara prej tij. K\u00ebshtu u frik\u00ebsua ai edhe n\u00eb vitin 2006, kur opozita k\u00ebrkoi n\u00eb Kuvend votim t\u00eb fsheht\u00eb me kuti, nd\u00ebrkoh\u00eb q\u00eb votimi elektronik me butona nuk garantonte fsheht\u00ebsi. Madje n\u00eb orvatje p\u00ebr t\u00eb penguar instalimin e nj\u00eb mekanizmi elektronik, votimi t\u00eb sigurt fsheht\u00ebsie, Jozefina Topalli b\u00ebri ca propozime p\u00ebr mbulimin e duarve t\u00eb deputet\u00ebve q\u00eb e \u00e7uan Gramoz Ru\u00e7in deri te shakaja thumbuese me \u201ctanga\u201d. N\u00eb at\u00eb koh\u00eb Berisha k\u00ebrkonte q\u00eb me an\u00eb t\u00eb \u201ctransparenc\u00ebs\u201d t\u00eb mbante n\u00ebn kontroll vot\u00ebn e mb\u00ebshtet\u00ebsve t\u00eb Bamir Topit.<\/p>\n<p>Por duket se edhe sot q\u00eb i ka spastruar radh\u00ebt e grupit parlamentar nga mb\u00ebshtet\u00ebsit e Presidentit, duket se nuk e ka gjetur ende unitetin e lakmuar enverist t\u00eb grupit rreth tij. Prandaj edhe i ka nd\u00ebrsyer ca nga marionetat e tij n\u00eb Kuvend kund\u00ebr vot\u00ebs s\u00eb fsheht\u00eb. Madje duke u tallur disi edhe me ambasadorin amerikan Withers, ka folur k\u00ebto dit\u00eb p\u00ebr nevoj\u00ebn e transparenc\u00ebs n\u00eb shqyrtimin parlamentar t\u00eb kandidaturave p\u00ebr Gjykat\u00ebn Kushtetuese. Tallen edhe me opozit\u00ebn q\u00eb ka k\u00ebrkuar transparenc\u00eb n\u00eb administrimin e procesit zgjedhor. Transparenc\u00eb deshe, merre transparenc\u00ebn! I ngat\u00ebrrojn\u00eb q\u00ebllimisht gj\u00ebrat k\u00ebta ngat\u00ebrrestar\u00eb q\u00eb kan\u00eb 20 vjet q\u00eb ngat\u00ebrrojn\u00eb Shqip\u00ebrin\u00eb.<\/p>\n<p>B\u00ebjn\u00eb kinse se nuk kuptojn\u00eb dallimin mes transparenc\u00ebs mbi num\u00ebrimin e vot\u00ebs s\u00eb popullit q\u00eb k\u00ebrkon opozita, dhe transparenc\u00ebs s\u00eb vot\u00ebs s\u00eb nj\u00eb individi. Nd\u00ebrsa e para \u00ebsht\u00eb jetike p\u00ebr t\u00eb mbrojtur vot\u00ebn dhe demokracin\u00eb nga vjedh\u00ebsit e pushtetit, realizimi i \u201ctransparenc\u00ebs\u201d s\u00eb dyt\u00eb do t\u00eb ishte vdekje e liris\u00eb s\u00eb vot\u00ebs, vdekje e demokracis\u00eb. Ashtu sikund\u00ebr p\u00ebr 45 vjet vdiq demokracia edhe n\u00eb Kuvendin Popullor edhe n\u00eb Shqip\u00ebri, sa koh\u00eb nuk votohej fshehtazi. Ja pse themi q\u00eb iniciativa berishiste p\u00ebr heqjen e vot\u00ebs s\u00eb fsheht\u00eb, \u00ebsht\u00eb nj\u00eb min\u00eb enveriste n\u00eb themelet e demokracis\u00eb dhe parlamentarizmit n\u00eb Shqip\u00ebri.<\/p>\n","protected":false},"excerpt":{"rendered":"<p>Andrea Stefani Tentativa e shumic\u00ebs berishiste p\u00ebr t\u00eb dhunuar fsheht\u00ebsin\u00eb e vot\u00ebs s\u00eb deputet\u00ebve \u00ebsht\u00eb nj\u00eb praktik\u00eb neokomuniste e tipit enverian, me an\u00eb t\u00eb s\u00eb cil\u00ebs, Kryeministri Berisha gjakon t\u00eb kontrolloj\u00eb deri edhe vullnetet e p\u00ebrfaq\u00ebsuesve t\u00eb popullit. A i mbani mend fotot e deputet\u00ebve t\u00eb Kuvendit Popullor q\u00eb (me gjestin e nx\u00ebn\u00ebsit q\u00eb k\u00ebrkon [&hellip;]<\/p>\n","protected":false},"author":1,"featured_media":0,"comment_status":"open","ping_status":"closed","sticky":false,"template":"","format":"standard","meta":{"footnotes":""},"categories":[2],"tags":[],"class_list":{"0":"post-2937","1":"post","2":"type-post","3":"status-publish","4":"format-standard","6":"category-artikuj"},"yoast_head":"<!-- This site is optimized with the Yoast SEO plugin v27.4 - https:\/\/yoast.com\/product\/yoast-seo-wordpress\/ -->\n<title>VOTA E FSHEHT\u00cb DHE ENVERIZMI BERISHIST - FjALA e LIR\u00cb - Arkivi<\/title>\n<meta name=\"robots\" content=\"index, follow, max-snippet:-1, max-image-preview:large, max-video-preview:-1\" \/>\n<link rel=\"canonical\" href=\"https:\/\/fjala.info\/2009-2015\/vota-e-fshehte-dhe-enverizmi-berishist\/\" \/>\n<meta property=\"og:locale\" content=\"sq_AL\" \/>\n<meta property=\"og:type\" content=\"article\" \/>\n<meta property=\"og:title\" content=\"VOTA E FSHEHT\u00cb DHE ENVERIZMI BERISHIST - FjALA e LIR\u00cb - Arkivi\" \/>\n<meta property=\"og:description\" content=\"Andrea Stefani Tentativa e shumic\u00ebs berishiste p\u00ebr t\u00eb dhunuar fsheht\u00ebsin\u00eb e vot\u00ebs s\u00eb deputet\u00ebve \u00ebsht\u00eb nj\u00eb praktik\u00eb neokomuniste e tipit enverian, me an\u00eb t\u00eb s\u00eb cil\u00ebs, Kryeministri Berisha gjakon t\u00eb kontrolloj\u00eb deri edhe vullnetet e p\u00ebrfaq\u00ebsuesve t\u00eb popullit. A i mbani mend fotot e deputet\u00ebve t\u00eb Kuvendit Popullor q\u00eb (me gjestin e nx\u00ebn\u00ebsit q\u00eb k\u00ebrkon [&hellip;]\" \/>\n<meta property=\"og:url\" content=\"https:\/\/fjala.info\/2009-2015\/vota-e-fshehte-dhe-enverizmi-berishist\/\" \/>\n<meta property=\"og:site_name\" content=\"FjALA e LIR\u00cb - Arkivi\" \/>\n<meta property=\"article:published_time\" content=\"2010-06-04T21:45:49+00:00\" \/>\n<meta property=\"og:image\" content=\"http:\/\/www.shkoder.net\/images\/fjala\/andrea_stefani.jpg\" \/>\n<meta name=\"author\" content=\"admin\" \/>\n<meta name=\"twitter:card\" content=\"summary_large_image\" \/>\n<meta name=\"twitter:label1\" content=\"Written by\" \/>\n\t<meta name=\"twitter:data1\" content=\"admin\" \/>\n\t<meta name=\"twitter:label2\" content=\"Est. reading time\" \/>\n\t<meta name=\"twitter:data2\" content=\"6 minutes\" \/>\n<script type=\"application\/ld+json\" class=\"yoast-schema-graph\">{\"@context\":\"https:\\\/\\\/schema.org\",\"@graph\":[{\"@type\":\"Article\",\"@id\":\"https:\\\/\\\/fjala.info\\\/2009-2015\\\/vota-e-fshehte-dhe-enverizmi-berishist\\\/#article\",\"isPartOf\":{\"@id\":\"https:\\\/\\\/fjala.info\\\/2009-2015\\\/vota-e-fshehte-dhe-enverizmi-berishist\\\/\"},\"author\":{\"name\":\"admin\",\"@id\":\"https:\\\/\\\/fjala.info\\\/2009-2015\\\/#\\\/schema\\\/person\\\/3aa1163ef05469c496fc94e77611ada2\"},\"headline\":\"VOTA E FSHEHT\u00cb DHE ENVERIZMI BERISHIST\",\"datePublished\":\"2010-06-04T21:45:49+00:00\",\"mainEntityOfPage\":{\"@id\":\"https:\\\/\\\/fjala.info\\\/2009-2015\\\/vota-e-fshehte-dhe-enverizmi-berishist\\\/\"},\"wordCount\":1163,\"commentCount\":0,\"publisher\":{\"@id\":\"https:\\\/\\\/fjala.info\\\/2009-2015\\\/#organization\"},\"image\":{\"@id\":\"https:\\\/\\\/fjala.info\\\/2009-2015\\\/vota-e-fshehte-dhe-enverizmi-berishist\\\/#primaryimage\"},\"thumbnailUrl\":\"http:\\\/\\\/www.shkoder.net\\\/images\\\/fjala\\\/andrea_stefani.jpg\",\"articleSection\":[\"Artikuj\"],\"inLanguage\":\"sq-AL\",\"potentialAction\":[{\"@type\":\"CommentAction\",\"name\":\"Comment\",\"target\":[\"https:\\\/\\\/fjala.info\\\/2009-2015\\\/vota-e-fshehte-dhe-enverizmi-berishist\\\/#respond\"]}]},{\"@type\":\"WebPage\",\"@id\":\"https:\\\/\\\/fjala.info\\\/2009-2015\\\/vota-e-fshehte-dhe-enverizmi-berishist\\\/\",\"url\":\"https:\\\/\\\/fjala.info\\\/2009-2015\\\/vota-e-fshehte-dhe-enverizmi-berishist\\\/\",\"name\":\"VOTA E FSHEHT\u00cb DHE ENVERIZMI BERISHIST - FjALA e LIR\u00cb - Arkivi\",\"isPartOf\":{\"@id\":\"https:\\\/\\\/fjala.info\\\/2009-2015\\\/#website\"},\"primaryImageOfPage\":{\"@id\":\"https:\\\/\\\/fjala.info\\\/2009-2015\\\/vota-e-fshehte-dhe-enverizmi-berishist\\\/#primaryimage\"},\"image\":{\"@id\":\"https:\\\/\\\/fjala.info\\\/2009-2015\\\/vota-e-fshehte-dhe-enverizmi-berishist\\\/#primaryimage\"},\"thumbnailUrl\":\"http:\\\/\\\/www.shkoder.net\\\/images\\\/fjala\\\/andrea_stefani.jpg\",\"datePublished\":\"2010-06-04T21:45:49+00:00\",\"breadcrumb\":{\"@id\":\"https:\\\/\\\/fjala.info\\\/2009-2015\\\/vota-e-fshehte-dhe-enverizmi-berishist\\\/#breadcrumb\"},\"inLanguage\":\"sq-AL\",\"potentialAction\":[{\"@type\":\"ReadAction\",\"target\":[\"https:\\\/\\\/fjala.info\\\/2009-2015\\\/vota-e-fshehte-dhe-enverizmi-berishist\\\/\"]}]},{\"@type\":\"ImageObject\",\"inLanguage\":\"sq-AL\",\"@id\":\"https:\\\/\\\/fjala.info\\\/2009-2015\\\/vota-e-fshehte-dhe-enverizmi-berishist\\\/#primaryimage\",\"url\":\"http:\\\/\\\/www.shkoder.net\\\/images\\\/fjala\\\/andrea_stefani.jpg\",\"contentUrl\":\"http:\\\/\\\/www.shkoder.net\\\/images\\\/fjala\\\/andrea_stefani.jpg\"},{\"@type\":\"BreadcrumbList\",\"@id\":\"https:\\\/\\\/fjala.info\\\/2009-2015\\\/vota-e-fshehte-dhe-enverizmi-berishist\\\/#breadcrumb\",\"itemListElement\":[{\"@type\":\"ListItem\",\"position\":1,\"name\":\"Home\",\"item\":\"https:\\\/\\\/fjala.info\\\/2009-2015\\\/\"},{\"@type\":\"ListItem\",\"position\":2,\"name\":\"VOTA E FSHEHT\u00cb DHE ENVERIZMI BERISHIST\"}]},{\"@type\":\"WebSite\",\"@id\":\"https:\\\/\\\/fjala.info\\\/2009-2015\\\/#website\",\"url\":\"https:\\\/\\\/fjala.info\\\/2009-2015\\\/\",\"name\":\"FjALA e LIR\u00cb - Arkivi\",\"description\":\"Arkivi 2009-2015\",\"publisher\":{\"@id\":\"https:\\\/\\\/fjala.info\\\/2009-2015\\\/#organization\"},\"potentialAction\":[{\"@type\":\"SearchAction\",\"target\":{\"@type\":\"EntryPoint\",\"urlTemplate\":\"https:\\\/\\\/fjala.info\\\/2009-2015\\\/?s={search_term_string}\"},\"query-input\":{\"@type\":\"PropertyValueSpecification\",\"valueRequired\":true,\"valueName\":\"search_term_string\"}}],\"inLanguage\":\"sq-AL\"},{\"@type\":\"Organization\",\"@id\":\"https:\\\/\\\/fjala.info\\\/2009-2015\\\/#organization\",\"name\":\"FjALA e LIR\u00cb - Arkivi\",\"url\":\"https:\\\/\\\/fjala.info\\\/2009-2015\\\/\",\"logo\":{\"@type\":\"ImageObject\",\"inLanguage\":\"sq-AL\",\"@id\":\"https:\\\/\\\/fjala.info\\\/2009-2015\\\/#\\\/schema\\\/logo\\\/image\\\/\",\"url\":\"\",\"contentUrl\":\"\",\"caption\":\"FjALA e LIR\u00cb - Arkivi\"},\"image\":{\"@id\":\"https:\\\/\\\/fjala.info\\\/2009-2015\\\/#\\\/schema\\\/logo\\\/image\\\/\"}},{\"@type\":\"Person\",\"@id\":\"https:\\\/\\\/fjala.info\\\/2009-2015\\\/#\\\/schema\\\/person\\\/3aa1163ef05469c496fc94e77611ada2\",\"name\":\"admin\",\"image\":{\"@type\":\"ImageObject\",\"inLanguage\":\"sq-AL\",\"@id\":\"https:\\\/\\\/fjala.info\\\/2009-2015\\\/wp-content\\\/uploads\\\/2012\\\/02\\\/arben_cokaj-120x150.jpg\",\"url\":\"https:\\\/\\\/fjala.info\\\/2009-2015\\\/wp-content\\\/uploads\\\/2012\\\/02\\\/arben_cokaj-120x150.jpg\",\"contentUrl\":\"https:\\\/\\\/fjala.info\\\/2009-2015\\\/wp-content\\\/uploads\\\/2012\\\/02\\\/arben_cokaj-120x150.jpg\",\"caption\":\"admin\"},\"description\":\"Admin, Fjala e Lir\u00eb\",\"sameAs\":[\"https:\\\/\\\/fjala.info\\\/\"],\"url\":\"https:\\\/\\\/fjala.info\\\/2009-2015\\\/author\\\/admin\\\/\"}]}<\/script>\n<!-- \/ Yoast SEO plugin. -->","yoast_head_json":{"title":"VOTA E FSHEHT\u00cb DHE ENVERIZMI BERISHIST - FjALA e LIR\u00cb - Arkivi","robots":{"index":"index","follow":"follow","max-snippet":"max-snippet:-1","max-image-preview":"max-image-preview:large","max-video-preview":"max-video-preview:-1"},"canonical":"https:\/\/fjala.info\/2009-2015\/vota-e-fshehte-dhe-enverizmi-berishist\/","og_locale":"sq_AL","og_type":"article","og_title":"VOTA E FSHEHT\u00cb DHE ENVERIZMI BERISHIST - FjALA e LIR\u00cb - Arkivi","og_description":"Andrea Stefani Tentativa e shumic\u00ebs berishiste p\u00ebr t\u00eb dhunuar fsheht\u00ebsin\u00eb e vot\u00ebs s\u00eb deputet\u00ebve \u00ebsht\u00eb nj\u00eb praktik\u00eb neokomuniste e tipit enverian, me an\u00eb t\u00eb s\u00eb cil\u00ebs, Kryeministri Berisha gjakon t\u00eb kontrolloj\u00eb deri edhe vullnetet e p\u00ebrfaq\u00ebsuesve t\u00eb popullit. A i mbani mend fotot e deputet\u00ebve t\u00eb Kuvendit Popullor q\u00eb (me gjestin e nx\u00ebn\u00ebsit q\u00eb k\u00ebrkon [&hellip;]","og_url":"https:\/\/fjala.info\/2009-2015\/vota-e-fshehte-dhe-enverizmi-berishist\/","og_site_name":"FjALA e LIR\u00cb - Arkivi","article_published_time":"2010-06-04T21:45:49+00:00","og_image":[{"url":"http:\/\/www.shkoder.net\/images\/fjala\/andrea_stefani.jpg","type":"","width":"","height":""}],"author":"admin","twitter_card":"summary_large_image","twitter_misc":{"Written by":"admin","Est. reading time":"6 minutes"},"schema":{"@context":"https:\/\/schema.org","@graph":[{"@type":"Article","@id":"https:\/\/fjala.info\/2009-2015\/vota-e-fshehte-dhe-enverizmi-berishist\/#article","isPartOf":{"@id":"https:\/\/fjala.info\/2009-2015\/vota-e-fshehte-dhe-enverizmi-berishist\/"},"author":{"name":"admin","@id":"https:\/\/fjala.info\/2009-2015\/#\/schema\/person\/3aa1163ef05469c496fc94e77611ada2"},"headline":"VOTA E FSHEHT\u00cb DHE ENVERIZMI BERISHIST","datePublished":"2010-06-04T21:45:49+00:00","mainEntityOfPage":{"@id":"https:\/\/fjala.info\/2009-2015\/vota-e-fshehte-dhe-enverizmi-berishist\/"},"wordCount":1163,"commentCount":0,"publisher":{"@id":"https:\/\/fjala.info\/2009-2015\/#organization"},"image":{"@id":"https:\/\/fjala.info\/2009-2015\/vota-e-fshehte-dhe-enverizmi-berishist\/#primaryimage"},"thumbnailUrl":"http:\/\/www.shkoder.net\/images\/fjala\/andrea_stefani.jpg","articleSection":["Artikuj"],"inLanguage":"sq-AL","potentialAction":[{"@type":"CommentAction","name":"Comment","target":["https:\/\/fjala.info\/2009-2015\/vota-e-fshehte-dhe-enverizmi-berishist\/#respond"]}]},{"@type":"WebPage","@id":"https:\/\/fjala.info\/2009-2015\/vota-e-fshehte-dhe-enverizmi-berishist\/","url":"https:\/\/fjala.info\/2009-2015\/vota-e-fshehte-dhe-enverizmi-berishist\/","name":"VOTA E FSHEHT\u00cb DHE ENVERIZMI BERISHIST - FjALA e LIR\u00cb - Arkivi","isPartOf":{"@id":"https:\/\/fjala.info\/2009-2015\/#website"},"primaryImageOfPage":{"@id":"https:\/\/fjala.info\/2009-2015\/vota-e-fshehte-dhe-enverizmi-berishist\/#primaryimage"},"image":{"@id":"https:\/\/fjala.info\/2009-2015\/vota-e-fshehte-dhe-enverizmi-berishist\/#primaryimage"},"thumbnailUrl":"http:\/\/www.shkoder.net\/images\/fjala\/andrea_stefani.jpg","datePublished":"2010-06-04T21:45:49+00:00","breadcrumb":{"@id":"https:\/\/fjala.info\/2009-2015\/vota-e-fshehte-dhe-enverizmi-berishist\/#breadcrumb"},"inLanguage":"sq-AL","potentialAction":[{"@type":"ReadAction","target":["https:\/\/fjala.info\/2009-2015\/vota-e-fshehte-dhe-enverizmi-berishist\/"]}]},{"@type":"ImageObject","inLanguage":"sq-AL","@id":"https:\/\/fjala.info\/2009-2015\/vota-e-fshehte-dhe-enverizmi-berishist\/#primaryimage","url":"http:\/\/www.shkoder.net\/images\/fjala\/andrea_stefani.jpg","contentUrl":"http:\/\/www.shkoder.net\/images\/fjala\/andrea_stefani.jpg"},{"@type":"BreadcrumbList","@id":"https:\/\/fjala.info\/2009-2015\/vota-e-fshehte-dhe-enverizmi-berishist\/#breadcrumb","itemListElement":[{"@type":"ListItem","position":1,"name":"Home","item":"https:\/\/fjala.info\/2009-2015\/"},{"@type":"ListItem","position":2,"name":"VOTA E FSHEHT\u00cb DHE ENVERIZMI BERISHIST"}]},{"@type":"WebSite","@id":"https:\/\/fjala.info\/2009-2015\/#website","url":"https:\/\/fjala.info\/2009-2015\/","name":"FjALA e LIR\u00cb - Arkivi","description":"Arkivi 2009-2015","publisher":{"@id":"https:\/\/fjala.info\/2009-2015\/#organization"},"potentialAction":[{"@type":"SearchAction","target":{"@type":"EntryPoint","urlTemplate":"https:\/\/fjala.info\/2009-2015\/?s={search_term_string}"},"query-input":{"@type":"PropertyValueSpecification","valueRequired":true,"valueName":"search_term_string"}}],"inLanguage":"sq-AL"},{"@type":"Organization","@id":"https:\/\/fjala.info\/2009-2015\/#organization","name":"FjALA e LIR\u00cb - Arkivi","url":"https:\/\/fjala.info\/2009-2015\/","logo":{"@type":"ImageObject","inLanguage":"sq-AL","@id":"https:\/\/fjala.info\/2009-2015\/#\/schema\/logo\/image\/","url":"","contentUrl":"","caption":"FjALA e LIR\u00cb - Arkivi"},"image":{"@id":"https:\/\/fjala.info\/2009-2015\/#\/schema\/logo\/image\/"}},{"@type":"Person","@id":"https:\/\/fjala.info\/2009-2015\/#\/schema\/person\/3aa1163ef05469c496fc94e77611ada2","name":"admin","image":{"@type":"ImageObject","inLanguage":"sq-AL","@id":"https:\/\/fjala.info\/2009-2015\/wp-content\/uploads\/2012\/02\/arben_cokaj-120x150.jpg","url":"https:\/\/fjala.info\/2009-2015\/wp-content\/uploads\/2012\/02\/arben_cokaj-120x150.jpg","contentUrl":"https:\/\/fjala.info\/2009-2015\/wp-content\/uploads\/2012\/02\/arben_cokaj-120x150.jpg","caption":"admin"},"description":"Admin, Fjala e Lir\u00eb","sameAs":["https:\/\/fjala.info\/"],"url":"https:\/\/fjala.info\/2009-2015\/author\/admin\/"}]}},"_links":{"self":[{"href":"https:\/\/fjala.info\/2009-2015\/wp-json\/wp\/v2\/posts\/2937","targetHints":{"allow":["GET"]}}],"collection":[{"href":"https:\/\/fjala.info\/2009-2015\/wp-json\/wp\/v2\/posts"}],"about":[{"href":"https:\/\/fjala.info\/2009-2015\/wp-json\/wp\/v2\/types\/post"}],"author":[{"embeddable":true,"href":"https:\/\/fjala.info\/2009-2015\/wp-json\/wp\/v2\/users\/1"}],"replies":[{"embeddable":true,"href":"https:\/\/fjala.info\/2009-2015\/wp-json\/wp\/v2\/comments?post=2937"}],"version-history":[{"count":0,"href":"https:\/\/fjala.info\/2009-2015\/wp-json\/wp\/v2\/posts\/2937\/revisions"}],"wp:attachment":[{"href":"https:\/\/fjala.info\/2009-2015\/wp-json\/wp\/v2\/media?parent=2937"}],"wp:term":[{"taxonomy":"category","embeddable":true,"href":"https:\/\/fjala.info\/2009-2015\/wp-json\/wp\/v2\/categories?post=2937"},{"taxonomy":"post_tag","embeddable":true,"href":"https:\/\/fjala.info\/2009-2015\/wp-json\/wp\/v2\/tags?post=2937"}],"curies":[{"name":"wp","href":"https:\/\/api.w.org\/{rel}","templated":true}]}}