{"id":2932,"date":"2010-06-04T10:59:57","date_gmt":"2010-06-04T09:59:57","guid":{"rendered":"http:\/\/fjala.shkoder.net\/?p=2932"},"modified":"2010-06-04T10:59:57","modified_gmt":"2010-06-04T09:59:57","slug":"postet-e-dyfishta-dhe-funksionet-e-pesefishta-te-partiakeve-ne-ldk","status":"publish","type":"post","link":"https:\/\/fjala.info\/2009-2015\/postet-e-dyfishta-dhe-funksionet-e-pesefishta-te-partiakeve-ne-ldk\/","title":{"rendered":"POSTET E DYFISHTA DHE FUNKSIONET E PES\u00cbFISHTA T\u00cb PARTIAK\u00cbVE N\u00cb LDK"},"content":{"rendered":"<p><strong>REFORMAT N\u00cb LDK (3)<\/strong><\/p>\n<p><img decoding=\"async\" style=\"margin-left: 10px; margin-right: 10px; border: 0px;\" src=\"http:\/\/www.shkoder.net\/images\/fjala\/dibrani.jpg\" border=\"0\" alt=\"Shefqet DIBRANI\" width=\"150\" align=\"left\" \/><\/p>\n<p>Shkruan: <strong>Shefqet DIBRANI<\/strong>*<\/p>\n<p>Postet e dyfishta jan\u00eb b\u00ebr\u00eb parime t\u00eb rregullta p\u00ebr kreun ekzekutiv t\u00eb LDK-s\u00eb. Duke nisur nga kryetari i LDK-s\u00eb dr. Fatmir Sejdiu, q\u00eb ka t\u00eb pakt\u00ebn dy poste, ky ves \u00ebsht\u00eb bartur e zgjeruar kate kate duke u shtrir\u00eb deri n\u00eb skajin e fundit t\u00eb k\u00ebtij organizimi. Tashti kryetari i partis\u00eb nuk ka as fuqi morale, as njer\u00ebzore, (sepse p\u00ebr ato juridike e statusore as q\u00eb mund t\u00eb b\u00ebhet fjal\u00eb) ti thot\u00eb dikujt t\u00eb l\u00eb nj\u00ebrin post, ai dhe vet\u00ebm ai duhet t\u2019i prin\u00eb valles s\u00eb dor\u00ebzimit t\u00eb posteve t\u00eb mbetur peng q\u00eb prej koh\u00ebsh. Tash ai nuk mund ta p\u00ebrmir\u00ebsoj k\u00ebt\u00eb gjendje kaq t\u00eb shkret pasi ai vet \u00ebsht\u00eb personi i par\u00eb q\u00eb e ka shkel k\u00ebt\u00eb parim, qoft\u00eb ky moral, politik a ligjor. Pa l\u00ebr\u00eb m\u00eb t\u2019i shkoj mendja dikujt nga ky klan t\u00eb luftoj t\u00eb keqen n\u00eb Qeveri, n\u00eb Institucionet e shtetit, sepse para se t\u00eb flasin p\u00ebr oborrin e fqinjit duhet ta pastrojn\u00eb s\u00eb pari oborrin e vet. Ndon\u00ebse qasja ime ka prizmin LDK-n\u00eb t\u00eb gjitha ilustrimet do t\u2019i marr\u00eb brenda k\u00ebsaj kornize, p\u00ebr t\u00eb par\u00eb an\u00ebtar\u00ebsia dhe mbase edhe elektorati me \u00e7far\u00eb bi\u00e7im kryesie kemi t\u00eb b\u00ebjm\u00eb fjal\u00eb.<\/p>\n<p>LDK-ja, kurr\u00eb nuk ka qen\u00eb parti q\u00eb i kan\u00eb munguar kuadrot, madje n\u00eb asnj\u00eb periudh\u00eb kohore, por LDK-ja gjithmon\u00eb ka vuajtur nga klane t\u00eb interesit, nga njer\u00ebz t\u00eb dob\u00ebt q\u00eb jan\u00eb shtyr\u00eb me b\u00ebrryla, t\u00eb cilat kan\u00eb q\u00ebndruar gjithmon\u00eb af\u00ebr Kryetarit t\u00eb Partis\u00eb dr. Ibrahim Rugova, dhe n\u00eb saje t\u00eb asaj afrie i kan\u00eb eliminuar, i kan\u00eb injoruar dhe e kan\u00eb dob\u00ebsuar LDK-n\u00eb aq shum\u00eb, aq keq sa e kan\u00eb b\u00ebr\u00eb Partin\u00eb e Tyre t\u00eb st\u00ebrkequr sa p\u00ebr t\u2019iu ardhur keq edhe kund\u00ebrshtar\u00ebve t\u00eb p\u00ebrhersh\u00ebm t\u00eb k\u00ebsaj partie.<br \/>\nKy klan ka em\u00ebr dhe mbiem\u00ebr, t\u00eb cil\u00ebt s\u2019kan\u00eb b\u00ebr\u00eb gj\u00eb p\u00ebr partin\u00eb, p\u00ebr shoq\u00ebrin\u00eb dhe as p\u00ebr Kosov\u00ebn n\u00eb p\u00ebrgjith\u00ebsi. Ky klan kaq i shkret erdhi n\u00eb krye t\u00eb LDK-s\u00eb n\u00eb nj\u00eb koh\u00eb me re sterr\u00eb, pik\u00ebrisht at\u00ebher\u00eb kur Kosova po hynte n\u00eb \u201cNet\u00ebt e Bartolomeut\u201d, dhe n\u00eb saje t\u00eb nj\u00eb shantazhi politik q\u00eb i ndodhi partis\u00eb n\u00eb Kuvendin e Tret\u00eb t\u00eb saj zgjedhor q\u00eb u mbajt n\u00eb Prishtin\u00eb m\u00eb 25 shkurt t\u00eb vitit 1998. Tani m\u00eb n\u00eb kryesin\u00eb e dal nga ky kuvend erdh\u00ebn ata q\u00eb nuk kishin asnj\u00eb merit\u00eb politike dhe asnj\u00eb kredibilitet politik.<\/p>\n<p>Ky klan q\u00eb nga ajo dit\u00eb nuk kan\u00eb l\u00ebvizur nga ato poste, thuaja se i kan\u00eb me tapi, edhe pse jan\u00eb mbajtur kuvende t\u00eb radh\u00ebs t\u00eb cilat vet\u00ebm sa e kan\u00eb topitur edhe m\u00eb tej mendjen e k\u00ebtyre njer\u00ebzve, dhe i kan\u00eb stagnuar reformat e brendshme t\u00eb cilat \u00ebsht\u00eb dashur t\u00eb kryhen q\u00eb moti. P\u00ebr fat t\u00eb keq brenda LDK-s\u00eb vet\u00ebm sa jan\u00eb forcuar edhe m\u00eb tej klanet e interesit t\u00eb cilat u pan\u00eb sidomos pas vdekja s\u00eb Kryetarit t\u00eb Partis\u00eb dr. Ibrahim Rugova ku do t\u2019i qesin n\u00eb pah t\u00eb gjitha anomalit\u00eb q\u00eb e kan\u00eb shoq\u00ebruar k\u00ebt\u00eb parti edhe p\u00ebr t\u00eb gjall\u00eb t\u00eb kryetarit Rugova, por hija dhe prestigji i tij i mbulonte t\u00eb gjitha marr\u00ebzit\u00eb.<br \/>\nPas vdekjes s\u00eb Rugov\u00ebs p\u00ebr emitator i Dr. Rugov\u00ebs u gjet Dr. Fatmir Sejdiu, i cili u b\u00eb edhe President i vendit, pa ma t\u00eb voglin shqet\u00ebsim se kredibiliteti i tij nuk i ngjante as p\u00ebr s\u00eb af\u00ebrmi atij t\u00eb Presidentit Rugova, por Fatmiri yn\u00eb me t\u00eb v\u00ebrtet\u00eb pat fat t\u00eb mir\u00eb se u b\u00eb President i Kosov\u00ebs. Edhe ky e ngriu postin e kryetarit n\u00eb parti, duke mos llogaritur se imixhi i tij nuk e kishte at\u00eb vler\u00ebn q\u00eb e pati kryetari i deriat\u00ebhersh\u00ebm i LDK-s\u00eb.<br \/>\nPas kryetarit t\u00eb partis\u00eb n\u00eb LDK do t\u00eb gufojn\u00eb veprimtar\u00eb t\u00eb cil\u00ebt ishin n\u00eb margjina t\u00eb veprimit dhe tejet t\u00eb pa njohur edhe p\u00ebr vet LDK-n\u00eb, t\u00eb cil\u00ebt do t\u00eb grafullojn\u00eb si tambli mbi zjarr. Nd\u00ebr njer\u00ebzit m\u00eb kontrovers t\u00eb LDK-s\u00eb i cili n\u00eb em\u00ebr t\u00eb disa \u201ctesteve dramatike p\u00ebr t\u00eb mos th\u00ebn\u00eb demokratike\u201d do ta katandis LDK-n\u00eb aty ku \u00ebsht\u00eb sot. N\u00ebnkryetari i par\u00eb i LDK-s\u00eb Eqrem Kryeziu, i cili p\u00ebr vite t\u00eb t\u00ebra ishte kryetar i Deg\u00ebs s\u00eb LDK-s\u00eb dhe i Kuvendit Komunal n\u00eb Prizren, q\u00eb edhe atje e ka fundosur nj\u00eb her\u00eb e p\u00ebrgjithmon\u00eb LDK-n\u00eb, duhet t\u2019ia v\u00eb gishtin kok\u00ebs.<br \/>\nTani Eqrem Kryeziu n\u00eb Prishtin\u00eb po b\u00eb gallat\u00eb me LDK-n\u00eb, duke e fyer elektoratin dhe popullin e Kosov\u00ebs n\u00eb p\u00ebrgjith\u00ebsi. Postet e tij jo q\u00eb jan\u00eb t\u00eb dyfishta por m\u00eb duket misioni i tij prej nj\u00eb shkat\u00ebrruesi \u00ebsht\u00eb edhe m\u00eb shum\u00eb se i dyfisht\u00eb, m\u00eb shum\u00eb se shqet\u00ebsues.<br \/>\nN\u00eb poste t\u00eb larta, nd\u00ebr m\u00eb t\u00eb r\u00ebnd\u00ebsishmet p\u00ebr Kosov\u00ebn, do t\u00eb ngjitet p\u00ebrkthyesi i deriat\u00ebhersh\u00ebm i dr. Rugov\u00ebs z. Sk\u00ebnder Hyseni, i cili \u00ebsht\u00eb b\u00ebr\u00eb p\u00ebr t\u00eb hyr\u00eb n\u00eb Librin e Rekordeve Bot\u00ebrore \u2013 Genis, se nga nj\u00eb m\u00ebsues shkollash n\u00eb Llap, nga p\u00ebrkthyes mekanik, do t\u00eb b\u00ebhet K\u00ebshilltar Politik i Presidentit, pastaj do t\u2019i vazhdojn\u00eb postet udh\u00ebheq\u00ebse t\u00eb nj\u00eb pas nj\u00ebshme si: Udh\u00ebheq\u00ebs i grupit negociator, z\u00ebdh\u00ebn\u00ebs i atij grupi p\u00ebr bisedime, do t\u00eb b\u00ebhet Minist\u00ebr i Kultur\u00ebs dhe s\u00eb fundi si \u201cdiplomat?!\u201d, atij do t\u2019i besohet posti i Ministrit t\u00eb Pun\u00ebve t\u00eb Jashtme, funksion ky mjaft\u00eb delikat p\u00ebr Kosov\u00ebn.<br \/>\nPoste t\u00eb r\u00ebnd\u00ebsishme me standarde t\u00eb dyfishta kan\u00eb kryesisht nj\u00eb klan, i koncentruar n\u00eb kryesin\u00eb qendrore t\u00eb LDK-s\u00eb t\u00eb cil\u00ebt n\u00eb p\u00ebrpjekje p\u00ebr t\u2019i mbrojtur interesat personale jan\u00eb duke shkelur mbi \u00e7do parim moral, etik e politik t\u00eb nj\u00eb partie me program e statut si\u00e7 \u00ebsht\u00eb LDK-ja. Do t\u00eb ishte mir\u00eb t\u00eb b\u00ebhej nj\u00eb hulumtim nga vet\u00eb an\u00ebtar\u00ebt e LDK-s\u00eb dhe t\u2019i shohin t\u00eb gjith\u00eb funksionar\u00ebt e LDK-s\u00eb q\u00eb kishin dhe kan\u00eb funksione t\u00eb dyfishta, pastaj deputet dhe kryetar komunash q\u00eb vijn\u00eb nga radh\u00ebt e LDK-s\u00eb t\u00eb cil\u00ebt ushtrojn\u00eb edhe sot e k\u00ebsaj dite dy e madje deri n\u00eb pes\u00eb funksione?!&#8230;<\/p>\n<p>\u00a0Ta z\u00ebm\u00eb nj\u00eb kandidat i LDK-s\u00eb \u00ebsht\u00eb edhe an\u00ebtar\u00eb i Kryesis\u00eb Qendrore, \u00ebsht\u00eb an\u00ebtar i K\u00ebshillit t\u00eb P\u00ebrgjithsh\u00ebm, mund t\u00eb jet\u00eb deputet, kryetari deg\u00ebs, Kryetar i kuvendit komunal dhe madje edhe n\u00eb nj\u00eb varg komisionesh e n\u00ebn komisionesh q\u00eb uzurpohen vet\u00ebm nga nj\u00eb klan i vog\u00ebl, n\u00eb vend q\u00eb t\u00eb ndodhte e kund\u00ebrta p\u00ebr t\u00eb angazhuar dhe motivuar sa m\u00eb shum\u00eb njer\u00ebz, p\u00ebrkat\u00ebsisht nj\u00eb shoq\u00ebri t\u00eb t\u00ebr\u00eb.<br \/>\nVe\u00e7mas n\u00eb LDK ka ndodhur q\u00eb kandidati i k\u00ebsaj partie p\u00ebr kryetar\u00eb Komune ku ka d\u00ebshtuar, t\u00eb b\u00ebhet m\u00eb von\u00eb Minist\u00ebr si\u00e7 ka qen\u00eb rasti me Sadri Feratin. Shtrohet pyetja cili qytetar do t\u00eb pranonte t\u00eb b\u00ebhej Kryetari i nj\u00eb Qyteti si\u00e7 \u00ebsht\u00eb Mitrovica p\u00ebrplot me telashe karshi postit t\u00eb ministrit q\u00eb e g\u00ebzon tashti. Pastaj Kryetari i Shtabit Zgjedhor t\u00eb Lidhjes Demokratike t\u00eb Kosov\u00ebs ishte Lutfi Haziri, ndon\u00ebse i humbi zgjedhjet n\u00eb m\u00ebnyr\u00eb katastrofale ai u shp\u00ebrblye nga partia e tij me postin e Ministrit t\u00eb Kultur\u00ebs, ndon\u00ebse edhe vet u pat deklaruar se do t\u00eb merret me reformat n\u00eb parti.<br \/>\nKryetar komunash e deg\u00ebsh t\u00eb LDK-s\u00eb u b\u00ebn\u00eb Ministra, z\u00ebvend\u00ebskryeministra dhe pas mossuksesit do t\u00eb rikthehen p\u00ebrs\u00ebri n\u00eb kryetar komune si\u00e7 ka vepruar Agim Veliu n\u00eb Podujev\u00eb, madje duke e rikthyer edhe postin e kryetarit t\u00eb Deg\u00ebs s\u00eb LDK-s\u00eb n\u00eb k\u00ebt\u00eb komun\u00eb, pavar\u00ebsisht se \u00ebsht\u00eb edhe an\u00ebtar\u00eb i Kryesis\u00eb Qendrore dhe i K\u00ebshillit t\u00eb P\u00ebrgjithsh\u00ebm t\u00eb k\u00ebsaj partie. Po ashtu LDK-ja do t\u00eb arrin t\u2019ua sh\u00ebroj komplekset edhe disa ministrave t\u00eb d\u00ebshtuar t\u00eb cil\u00ebt do t\u00eb provojn\u00eb me marr\u00eb pushtetin lokal n\u00eb komunat e tyre si\u00e7 ishte rasti me Astrit Hara\u00e7in n\u00eb Gjakov\u00eb dhe s\u00eb fundi me Fatmir Rexhepin n\u00eb Gjilan.<\/p>\n<p>Ky paradoks e shoq\u00ebron LDK-n\u00eb qysh moti dhe avazi i t\u00eb ushqyerit t\u00eb apetiteve t\u00eb tyre nuk ka t\u00eb ndalur, dhe askush nuk jep llogari p\u00ebr d\u00ebmet q\u00eb iu kan\u00eb shkaktuar LDK-s\u00eb. Zinxhiri i posteve t\u00eb dyfishta q\u00eb mbajn\u00eb njer\u00ebzit e LDK-s\u00eb \u00ebsht\u00eb i gjat\u00eb, un\u00eb nuk fal\u00eb ask\u00ebnd, dhe nuk desha t\u2019i apostrofoj as k\u00ebta q\u00eb e ilustrova shkrimin tim. Q\u00ebllimi i vet\u00ebm \u00ebsht\u00eb q\u00eb LDK-ja t\u00eb reformohet rr\u00ebnj\u00ebsisht dhe k\u00ebto anomali t\u00eb spastrohen qoft\u00eb n\u00eb K\u00ebshillin e P\u00ebrgjithsh\u00ebm ose edhe m\u00eb mir\u00eb n\u00eb Kuvendin e Partis\u00eb p\u00ebr t\u00eb cilin flitet se do t\u00eb mbahet sivjet.<br \/>\nN\u00ebse vet\u00ebm n\u00eb k\u00ebt\u00eb pik\u00eb do t\u00eb ishte korrigjuar LDK-ja, ajo do t\u00eb b\u00ebhej nj\u00eb parti moderne dhe do t\u2019ia siguronte fitoren vetes n\u00eb cilat do zgjedhje q\u00eb do t\u00eb mbahen. Kjo q\u00eb po flas nuk \u00ebsht\u00eb utopi, sepse t\u00eb pun\u00ebsuar n\u00eb shkall\u00eb vendi, nga radh\u00ebt e LDK-s\u00eb do t\u2019i kishim \u00bc e Kosov\u00ebs, dhe kjo gj\u00eb do t\u00eb reflektonte pozitivisht p\u00ebr nj\u00eb efikasitet partiak, shtet\u00ebror dhe qe besa edhe nacional. Kjo do t\u00eb reflektonte imazh pozitiv p\u00ebr proceset demokratike q\u00eb po kalon Kosova, kurse njer\u00ebzit e LDK-s\u00eb do ta mbronin m\u00eb mir\u00eb nj\u00ebri- tjetrin, e jo duke e shantazhuar nj\u00ebri tjetrin ashtu sikurse kan\u00eb b\u00ebr\u00eb deri m\u00eb tashti. Vet\u00ebm duke e mbrojtur nj\u00ebri tjetrin, vet\u00ebm duke i angazhuar dhe avancuar m\u00eb t\u00eb aftit, vetvetiu do t\u2019i mbronin vendet e tyre t\u00eb pun\u00ebs, do t\u00eb joshnin kuadro t\u00eb forta e personalitete t\u00eb shquara p\u00ebr t\u2019u an\u00ebtar\u00ebsuar e angazhuar n\u00eb strukturat politike n\u00eb parti dhe m\u00eb gjer\u00eb.<br \/>\nJo vet\u00ebm LDK-ja por cilado parti politike q\u00eb do t\u00eb mundet ta b\u00ebnte nj\u00eb k\u00ebso reforme, sigurisht ajo parti do t\u00eb reformohet m\u00eb shpejt dhe do t\u00eb merr pushtetin n\u00eb Kosov\u00eb, n\u00eb nj\u00eb t\u00eb ardhme jo aq t\u00eb larg\u00ebt. Por me\u00e7 un\u00eb jam duke u marr\u00eb me reformat n\u00eb LDK, kritikat po i drejtoj pik\u00ebrisht drejt saj, e cila sot \u00ebsht\u00eb n\u00eb nj\u00eb kriz\u00eb t\u00eb thell\u00eb, morale, politike dhe organizative. Fundja e fundit kriza politike LDK-s\u00eb i ka ardhur jo nga partit\u00eb konkurruese, por thjesht\u00eb nga grupet dhe klanet e interesit q\u00eb jan\u00eb brenda partis\u00eb.<\/p>\n<p>E.Mail: <em>shefqet.dibrani@bluewin.ch<\/em><\/p>\n<p><em>Zvic\u00ebr, 26 maj 2010.<\/em><\/p>\n<p>*<em>Autori, \u00ebsht\u00eb an\u00ebtar\u00eb i LDK-s\u00eb q\u00eb nga viti 1989, p\u00ebr vite t\u00eb t\u00ebra ishte an\u00ebtar i kryesis\u00eb s\u00eb Deg\u00ebs s\u00eb LDK-s\u00eb n\u00eb Zvic\u00ebr dhe i N\u00ebndeg\u00ebs n\u00eb Kantonin St. Gallen, ku ai jeton. Po ashtu autori i shkrimit ishte delegat n\u00eb dy Kuvendet e LDK \u2013s\u00eb n\u00eb Prishtin\u00eb t\u00eb mbajtura n\u00eb vitet 1994 dhe 1998, autor i dhjet\u00eb librave t\u00eb publikuar dhe analist politik n\u00eb koh\u00ebt m\u00eb t\u00eb v\u00ebshtira q\u00eb kalonte LDK-ja, duke u b\u00ebr\u00eb z\u00ebri m\u00eb autentik i saj<\/em>.<\/p>\n","protected":false},"excerpt":{"rendered":"<p>REFORMAT N\u00cb LDK (3) Shkruan: Shefqet DIBRANI* Postet e dyfishta jan\u00eb b\u00ebr\u00eb parime t\u00eb rregullta p\u00ebr kreun ekzekutiv t\u00eb LDK-s\u00eb. Duke nisur nga kryetari i LDK-s\u00eb dr. Fatmir Sejdiu, q\u00eb ka t\u00eb pakt\u00ebn dy poste, ky ves \u00ebsht\u00eb bartur e zgjeruar kate kate duke u shtrir\u00eb deri n\u00eb skajin e fundit t\u00eb k\u00ebtij organizimi. Tashti [&hellip;]<\/p>\n","protected":false},"author":1,"featured_media":0,"comment_status":"open","ping_status":"closed","sticky":false,"template":"","format":"standard","meta":{"footnotes":""},"categories":[2],"tags":[],"class_list":{"0":"post-2932","1":"post","2":"type-post","3":"status-publish","4":"format-standard","6":"category-artikuj"},"yoast_head":"<!-- This site is optimized with the Yoast SEO plugin v27.4 - https:\/\/yoast.com\/product\/yoast-seo-wordpress\/ -->\n<title>POSTET E DYFISHTA DHE FUNKSIONET E PES\u00cbFISHTA T\u00cb PARTIAK\u00cbVE N\u00cb LDK - FjALA e LIR\u00cb - Arkivi<\/title>\n<meta name=\"robots\" content=\"index, follow, max-snippet:-1, max-image-preview:large, max-video-preview:-1\" \/>\n<link rel=\"canonical\" href=\"https:\/\/fjala.info\/2009-2015\/postet-e-dyfishta-dhe-funksionet-e-pesefishta-te-partiakeve-ne-ldk\/\" \/>\n<meta property=\"og:locale\" content=\"sq_AL\" \/>\n<meta property=\"og:type\" content=\"article\" \/>\n<meta property=\"og:title\" content=\"POSTET E DYFISHTA DHE FUNKSIONET E PES\u00cbFISHTA T\u00cb PARTIAK\u00cbVE N\u00cb LDK - FjALA e LIR\u00cb - Arkivi\" \/>\n<meta property=\"og:description\" content=\"REFORMAT N\u00cb LDK (3) Shkruan: Shefqet DIBRANI* Postet e dyfishta jan\u00eb b\u00ebr\u00eb parime t\u00eb rregullta p\u00ebr kreun ekzekutiv t\u00eb LDK-s\u00eb. Duke nisur nga kryetari i LDK-s\u00eb dr. Fatmir Sejdiu, q\u00eb ka t\u00eb pakt\u00ebn dy poste, ky ves \u00ebsht\u00eb bartur e zgjeruar kate kate duke u shtrir\u00eb deri n\u00eb skajin e fundit t\u00eb k\u00ebtij organizimi. Tashti [&hellip;]\" \/>\n<meta property=\"og:url\" content=\"https:\/\/fjala.info\/2009-2015\/postet-e-dyfishta-dhe-funksionet-e-pesefishta-te-partiakeve-ne-ldk\/\" \/>\n<meta property=\"og:site_name\" content=\"FjALA e LIR\u00cb - Arkivi\" \/>\n<meta property=\"article:published_time\" content=\"2010-06-04T09:59:57+00:00\" \/>\n<meta property=\"og:image\" content=\"http:\/\/www.shkoder.net\/images\/fjala\/dibrani.jpg\" \/>\n<meta name=\"author\" content=\"admin\" \/>\n<meta name=\"twitter:card\" content=\"summary_large_image\" \/>\n<meta name=\"twitter:label1\" content=\"Written by\" \/>\n\t<meta name=\"twitter:data1\" content=\"admin\" \/>\n\t<meta name=\"twitter:label2\" content=\"Est. reading time\" \/>\n\t<meta name=\"twitter:data2\" content=\"10 minutes\" \/>\n<script type=\"application\/ld+json\" class=\"yoast-schema-graph\">{\"@context\":\"https:\\\/\\\/schema.org\",\"@graph\":[{\"@type\":\"Article\",\"@id\":\"https:\\\/\\\/fjala.info\\\/2009-2015\\\/postet-e-dyfishta-dhe-funksionet-e-pesefishta-te-partiakeve-ne-ldk\\\/#article\",\"isPartOf\":{\"@id\":\"https:\\\/\\\/fjala.info\\\/2009-2015\\\/postet-e-dyfishta-dhe-funksionet-e-pesefishta-te-partiakeve-ne-ldk\\\/\"},\"author\":{\"name\":\"admin\",\"@id\":\"https:\\\/\\\/fjala.info\\\/2009-2015\\\/#\\\/schema\\\/person\\\/3aa1163ef05469c496fc94e77611ada2\"},\"headline\":\"POSTET E DYFISHTA DHE FUNKSIONET E PES\u00cbFISHTA T\u00cb PARTIAK\u00cbVE N\u00cb LDK\",\"datePublished\":\"2010-06-04T09:59:57+00:00\",\"mainEntityOfPage\":{\"@id\":\"https:\\\/\\\/fjala.info\\\/2009-2015\\\/postet-e-dyfishta-dhe-funksionet-e-pesefishta-te-partiakeve-ne-ldk\\\/\"},\"wordCount\":1913,\"commentCount\":0,\"publisher\":{\"@id\":\"https:\\\/\\\/fjala.info\\\/2009-2015\\\/#organization\"},\"image\":{\"@id\":\"https:\\\/\\\/fjala.info\\\/2009-2015\\\/postet-e-dyfishta-dhe-funksionet-e-pesefishta-te-partiakeve-ne-ldk\\\/#primaryimage\"},\"thumbnailUrl\":\"http:\\\/\\\/www.shkoder.net\\\/images\\\/fjala\\\/dibrani.jpg\",\"articleSection\":[\"Artikuj\"],\"inLanguage\":\"sq-AL\",\"potentialAction\":[{\"@type\":\"CommentAction\",\"name\":\"Comment\",\"target\":[\"https:\\\/\\\/fjala.info\\\/2009-2015\\\/postet-e-dyfishta-dhe-funksionet-e-pesefishta-te-partiakeve-ne-ldk\\\/#respond\"]}]},{\"@type\":\"WebPage\",\"@id\":\"https:\\\/\\\/fjala.info\\\/2009-2015\\\/postet-e-dyfishta-dhe-funksionet-e-pesefishta-te-partiakeve-ne-ldk\\\/\",\"url\":\"https:\\\/\\\/fjala.info\\\/2009-2015\\\/postet-e-dyfishta-dhe-funksionet-e-pesefishta-te-partiakeve-ne-ldk\\\/\",\"name\":\"POSTET E DYFISHTA DHE FUNKSIONET E PES\u00cbFISHTA T\u00cb PARTIAK\u00cbVE N\u00cb LDK - FjALA e LIR\u00cb - Arkivi\",\"isPartOf\":{\"@id\":\"https:\\\/\\\/fjala.info\\\/2009-2015\\\/#website\"},\"primaryImageOfPage\":{\"@id\":\"https:\\\/\\\/fjala.info\\\/2009-2015\\\/postet-e-dyfishta-dhe-funksionet-e-pesefishta-te-partiakeve-ne-ldk\\\/#primaryimage\"},\"image\":{\"@id\":\"https:\\\/\\\/fjala.info\\\/2009-2015\\\/postet-e-dyfishta-dhe-funksionet-e-pesefishta-te-partiakeve-ne-ldk\\\/#primaryimage\"},\"thumbnailUrl\":\"http:\\\/\\\/www.shkoder.net\\\/images\\\/fjala\\\/dibrani.jpg\",\"datePublished\":\"2010-06-04T09:59:57+00:00\",\"breadcrumb\":{\"@id\":\"https:\\\/\\\/fjala.info\\\/2009-2015\\\/postet-e-dyfishta-dhe-funksionet-e-pesefishta-te-partiakeve-ne-ldk\\\/#breadcrumb\"},\"inLanguage\":\"sq-AL\",\"potentialAction\":[{\"@type\":\"ReadAction\",\"target\":[\"https:\\\/\\\/fjala.info\\\/2009-2015\\\/postet-e-dyfishta-dhe-funksionet-e-pesefishta-te-partiakeve-ne-ldk\\\/\"]}]},{\"@type\":\"ImageObject\",\"inLanguage\":\"sq-AL\",\"@id\":\"https:\\\/\\\/fjala.info\\\/2009-2015\\\/postet-e-dyfishta-dhe-funksionet-e-pesefishta-te-partiakeve-ne-ldk\\\/#primaryimage\",\"url\":\"http:\\\/\\\/www.shkoder.net\\\/images\\\/fjala\\\/dibrani.jpg\",\"contentUrl\":\"http:\\\/\\\/www.shkoder.net\\\/images\\\/fjala\\\/dibrani.jpg\"},{\"@type\":\"BreadcrumbList\",\"@id\":\"https:\\\/\\\/fjala.info\\\/2009-2015\\\/postet-e-dyfishta-dhe-funksionet-e-pesefishta-te-partiakeve-ne-ldk\\\/#breadcrumb\",\"itemListElement\":[{\"@type\":\"ListItem\",\"position\":1,\"name\":\"Home\",\"item\":\"https:\\\/\\\/fjala.info\\\/2009-2015\\\/\"},{\"@type\":\"ListItem\",\"position\":2,\"name\":\"POSTET E DYFISHTA DHE FUNKSIONET E PES\u00cbFISHTA T\u00cb PARTIAK\u00cbVE N\u00cb LDK\"}]},{\"@type\":\"WebSite\",\"@id\":\"https:\\\/\\\/fjala.info\\\/2009-2015\\\/#website\",\"url\":\"https:\\\/\\\/fjala.info\\\/2009-2015\\\/\",\"name\":\"FjALA e LIR\u00cb - Arkivi\",\"description\":\"Arkivi 2009-2015\",\"publisher\":{\"@id\":\"https:\\\/\\\/fjala.info\\\/2009-2015\\\/#organization\"},\"potentialAction\":[{\"@type\":\"SearchAction\",\"target\":{\"@type\":\"EntryPoint\",\"urlTemplate\":\"https:\\\/\\\/fjala.info\\\/2009-2015\\\/?s={search_term_string}\"},\"query-input\":{\"@type\":\"PropertyValueSpecification\",\"valueRequired\":true,\"valueName\":\"search_term_string\"}}],\"inLanguage\":\"sq-AL\"},{\"@type\":\"Organization\",\"@id\":\"https:\\\/\\\/fjala.info\\\/2009-2015\\\/#organization\",\"name\":\"FjALA e LIR\u00cb - Arkivi\",\"url\":\"https:\\\/\\\/fjala.info\\\/2009-2015\\\/\",\"logo\":{\"@type\":\"ImageObject\",\"inLanguage\":\"sq-AL\",\"@id\":\"https:\\\/\\\/fjala.info\\\/2009-2015\\\/#\\\/schema\\\/logo\\\/image\\\/\",\"url\":\"\",\"contentUrl\":\"\",\"caption\":\"FjALA e LIR\u00cb - Arkivi\"},\"image\":{\"@id\":\"https:\\\/\\\/fjala.info\\\/2009-2015\\\/#\\\/schema\\\/logo\\\/image\\\/\"}},{\"@type\":\"Person\",\"@id\":\"https:\\\/\\\/fjala.info\\\/2009-2015\\\/#\\\/schema\\\/person\\\/3aa1163ef05469c496fc94e77611ada2\",\"name\":\"admin\",\"image\":{\"@type\":\"ImageObject\",\"inLanguage\":\"sq-AL\",\"@id\":\"https:\\\/\\\/fjala.info\\\/2009-2015\\\/wp-content\\\/uploads\\\/2012\\\/02\\\/arben_cokaj-120x150.jpg\",\"url\":\"https:\\\/\\\/fjala.info\\\/2009-2015\\\/wp-content\\\/uploads\\\/2012\\\/02\\\/arben_cokaj-120x150.jpg\",\"contentUrl\":\"https:\\\/\\\/fjala.info\\\/2009-2015\\\/wp-content\\\/uploads\\\/2012\\\/02\\\/arben_cokaj-120x150.jpg\",\"caption\":\"admin\"},\"description\":\"Admin, Fjala e Lir\u00eb\",\"sameAs\":[\"https:\\\/\\\/fjala.info\\\/\"],\"url\":\"https:\\\/\\\/fjala.info\\\/2009-2015\\\/author\\\/admin\\\/\"}]}<\/script>\n<!-- \/ Yoast SEO plugin. -->","yoast_head_json":{"title":"POSTET E DYFISHTA DHE FUNKSIONET E PES\u00cbFISHTA T\u00cb PARTIAK\u00cbVE N\u00cb LDK - FjALA e LIR\u00cb - Arkivi","robots":{"index":"index","follow":"follow","max-snippet":"max-snippet:-1","max-image-preview":"max-image-preview:large","max-video-preview":"max-video-preview:-1"},"canonical":"https:\/\/fjala.info\/2009-2015\/postet-e-dyfishta-dhe-funksionet-e-pesefishta-te-partiakeve-ne-ldk\/","og_locale":"sq_AL","og_type":"article","og_title":"POSTET E DYFISHTA DHE FUNKSIONET E PES\u00cbFISHTA T\u00cb PARTIAK\u00cbVE N\u00cb LDK - FjALA e LIR\u00cb - Arkivi","og_description":"REFORMAT N\u00cb LDK (3) Shkruan: Shefqet DIBRANI* Postet e dyfishta jan\u00eb b\u00ebr\u00eb parime t\u00eb rregullta p\u00ebr kreun ekzekutiv t\u00eb LDK-s\u00eb. Duke nisur nga kryetari i LDK-s\u00eb dr. Fatmir Sejdiu, q\u00eb ka t\u00eb pakt\u00ebn dy poste, ky ves \u00ebsht\u00eb bartur e zgjeruar kate kate duke u shtrir\u00eb deri n\u00eb skajin e fundit t\u00eb k\u00ebtij organizimi. Tashti [&hellip;]","og_url":"https:\/\/fjala.info\/2009-2015\/postet-e-dyfishta-dhe-funksionet-e-pesefishta-te-partiakeve-ne-ldk\/","og_site_name":"FjALA e LIR\u00cb - Arkivi","article_published_time":"2010-06-04T09:59:57+00:00","og_image":[{"url":"http:\/\/www.shkoder.net\/images\/fjala\/dibrani.jpg","type":"","width":"","height":""}],"author":"admin","twitter_card":"summary_large_image","twitter_misc":{"Written by":"admin","Est. reading time":"10 minutes"},"schema":{"@context":"https:\/\/schema.org","@graph":[{"@type":"Article","@id":"https:\/\/fjala.info\/2009-2015\/postet-e-dyfishta-dhe-funksionet-e-pesefishta-te-partiakeve-ne-ldk\/#article","isPartOf":{"@id":"https:\/\/fjala.info\/2009-2015\/postet-e-dyfishta-dhe-funksionet-e-pesefishta-te-partiakeve-ne-ldk\/"},"author":{"name":"admin","@id":"https:\/\/fjala.info\/2009-2015\/#\/schema\/person\/3aa1163ef05469c496fc94e77611ada2"},"headline":"POSTET E DYFISHTA DHE FUNKSIONET E PES\u00cbFISHTA T\u00cb PARTIAK\u00cbVE N\u00cb LDK","datePublished":"2010-06-04T09:59:57+00:00","mainEntityOfPage":{"@id":"https:\/\/fjala.info\/2009-2015\/postet-e-dyfishta-dhe-funksionet-e-pesefishta-te-partiakeve-ne-ldk\/"},"wordCount":1913,"commentCount":0,"publisher":{"@id":"https:\/\/fjala.info\/2009-2015\/#organization"},"image":{"@id":"https:\/\/fjala.info\/2009-2015\/postet-e-dyfishta-dhe-funksionet-e-pesefishta-te-partiakeve-ne-ldk\/#primaryimage"},"thumbnailUrl":"http:\/\/www.shkoder.net\/images\/fjala\/dibrani.jpg","articleSection":["Artikuj"],"inLanguage":"sq-AL","potentialAction":[{"@type":"CommentAction","name":"Comment","target":["https:\/\/fjala.info\/2009-2015\/postet-e-dyfishta-dhe-funksionet-e-pesefishta-te-partiakeve-ne-ldk\/#respond"]}]},{"@type":"WebPage","@id":"https:\/\/fjala.info\/2009-2015\/postet-e-dyfishta-dhe-funksionet-e-pesefishta-te-partiakeve-ne-ldk\/","url":"https:\/\/fjala.info\/2009-2015\/postet-e-dyfishta-dhe-funksionet-e-pesefishta-te-partiakeve-ne-ldk\/","name":"POSTET E DYFISHTA DHE FUNKSIONET E PES\u00cbFISHTA T\u00cb PARTIAK\u00cbVE N\u00cb LDK - FjALA e LIR\u00cb - Arkivi","isPartOf":{"@id":"https:\/\/fjala.info\/2009-2015\/#website"},"primaryImageOfPage":{"@id":"https:\/\/fjala.info\/2009-2015\/postet-e-dyfishta-dhe-funksionet-e-pesefishta-te-partiakeve-ne-ldk\/#primaryimage"},"image":{"@id":"https:\/\/fjala.info\/2009-2015\/postet-e-dyfishta-dhe-funksionet-e-pesefishta-te-partiakeve-ne-ldk\/#primaryimage"},"thumbnailUrl":"http:\/\/www.shkoder.net\/images\/fjala\/dibrani.jpg","datePublished":"2010-06-04T09:59:57+00:00","breadcrumb":{"@id":"https:\/\/fjala.info\/2009-2015\/postet-e-dyfishta-dhe-funksionet-e-pesefishta-te-partiakeve-ne-ldk\/#breadcrumb"},"inLanguage":"sq-AL","potentialAction":[{"@type":"ReadAction","target":["https:\/\/fjala.info\/2009-2015\/postet-e-dyfishta-dhe-funksionet-e-pesefishta-te-partiakeve-ne-ldk\/"]}]},{"@type":"ImageObject","inLanguage":"sq-AL","@id":"https:\/\/fjala.info\/2009-2015\/postet-e-dyfishta-dhe-funksionet-e-pesefishta-te-partiakeve-ne-ldk\/#primaryimage","url":"http:\/\/www.shkoder.net\/images\/fjala\/dibrani.jpg","contentUrl":"http:\/\/www.shkoder.net\/images\/fjala\/dibrani.jpg"},{"@type":"BreadcrumbList","@id":"https:\/\/fjala.info\/2009-2015\/postet-e-dyfishta-dhe-funksionet-e-pesefishta-te-partiakeve-ne-ldk\/#breadcrumb","itemListElement":[{"@type":"ListItem","position":1,"name":"Home","item":"https:\/\/fjala.info\/2009-2015\/"},{"@type":"ListItem","position":2,"name":"POSTET E DYFISHTA DHE FUNKSIONET E PES\u00cbFISHTA T\u00cb PARTIAK\u00cbVE N\u00cb LDK"}]},{"@type":"WebSite","@id":"https:\/\/fjala.info\/2009-2015\/#website","url":"https:\/\/fjala.info\/2009-2015\/","name":"FjALA e LIR\u00cb - Arkivi","description":"Arkivi 2009-2015","publisher":{"@id":"https:\/\/fjala.info\/2009-2015\/#organization"},"potentialAction":[{"@type":"SearchAction","target":{"@type":"EntryPoint","urlTemplate":"https:\/\/fjala.info\/2009-2015\/?s={search_term_string}"},"query-input":{"@type":"PropertyValueSpecification","valueRequired":true,"valueName":"search_term_string"}}],"inLanguage":"sq-AL"},{"@type":"Organization","@id":"https:\/\/fjala.info\/2009-2015\/#organization","name":"FjALA e LIR\u00cb - Arkivi","url":"https:\/\/fjala.info\/2009-2015\/","logo":{"@type":"ImageObject","inLanguage":"sq-AL","@id":"https:\/\/fjala.info\/2009-2015\/#\/schema\/logo\/image\/","url":"","contentUrl":"","caption":"FjALA e LIR\u00cb - Arkivi"},"image":{"@id":"https:\/\/fjala.info\/2009-2015\/#\/schema\/logo\/image\/"}},{"@type":"Person","@id":"https:\/\/fjala.info\/2009-2015\/#\/schema\/person\/3aa1163ef05469c496fc94e77611ada2","name":"admin","image":{"@type":"ImageObject","inLanguage":"sq-AL","@id":"https:\/\/fjala.info\/2009-2015\/wp-content\/uploads\/2012\/02\/arben_cokaj-120x150.jpg","url":"https:\/\/fjala.info\/2009-2015\/wp-content\/uploads\/2012\/02\/arben_cokaj-120x150.jpg","contentUrl":"https:\/\/fjala.info\/2009-2015\/wp-content\/uploads\/2012\/02\/arben_cokaj-120x150.jpg","caption":"admin"},"description":"Admin, Fjala e Lir\u00eb","sameAs":["https:\/\/fjala.info\/"],"url":"https:\/\/fjala.info\/2009-2015\/author\/admin\/"}]}},"_links":{"self":[{"href":"https:\/\/fjala.info\/2009-2015\/wp-json\/wp\/v2\/posts\/2932","targetHints":{"allow":["GET"]}}],"collection":[{"href":"https:\/\/fjala.info\/2009-2015\/wp-json\/wp\/v2\/posts"}],"about":[{"href":"https:\/\/fjala.info\/2009-2015\/wp-json\/wp\/v2\/types\/post"}],"author":[{"embeddable":true,"href":"https:\/\/fjala.info\/2009-2015\/wp-json\/wp\/v2\/users\/1"}],"replies":[{"embeddable":true,"href":"https:\/\/fjala.info\/2009-2015\/wp-json\/wp\/v2\/comments?post=2932"}],"version-history":[{"count":0,"href":"https:\/\/fjala.info\/2009-2015\/wp-json\/wp\/v2\/posts\/2932\/revisions"}],"wp:attachment":[{"href":"https:\/\/fjala.info\/2009-2015\/wp-json\/wp\/v2\/media?parent=2932"}],"wp:term":[{"taxonomy":"category","embeddable":true,"href":"https:\/\/fjala.info\/2009-2015\/wp-json\/wp\/v2\/categories?post=2932"},{"taxonomy":"post_tag","embeddable":true,"href":"https:\/\/fjala.info\/2009-2015\/wp-json\/wp\/v2\/tags?post=2932"}],"curies":[{"name":"wp","href":"https:\/\/api.w.org\/{rel}","templated":true}]}}