{"id":2930,"date":"2010-06-04T10:40:48","date_gmt":"2010-06-04T09:40:48","guid":{"rendered":"http:\/\/fjala.shkoder.net\/?p=2930"},"modified":"2010-06-04T10:40:48","modified_gmt":"2010-06-04T09:40:48","slug":"strasburgu-po-rrudhet-ne-tirane","status":"publish","type":"post","link":"https:\/\/fjala.info\/2009-2015\/strasburgu-po-rrudhet-ne-tirane\/","title":{"rendered":"Strasburgu po rrudhet n\u00eb Tiran\u00eb"},"content":{"rendered":"<p><img decoding=\"async\" style=\"margin-left: 10px; margin-right: 10px; border: 0px;\" src=\"http:\/\/www.shkoder.net\/images\/fjala\/prec_zogaj.jpg\" border=\"0\" alt=\"Pre\u00e7 Zogaj\" width=\"150\" align=\"left\" \/><\/p>\n<p><strong>Pre\u00e7 Zogaj<\/strong>, <em>04.06.2010<\/em><\/p>\n<p>Me gjith\u00eb p\u00ebrkujdesjen e Berish\u00ebs dhe Ram\u00ebs p\u00ebr t\u00eb mos folur hapur, takimi i Strasburgut nuk ka sekrete p\u00ebr sa i p\u00ebrket bisedimeve q\u00eb jan\u00eb zhvilluar atje p\u00ebr zgjidhjen e kriz\u00ebs politike.<\/p>\n<p>Shqiptar\u00ebt u informuar qysh t\u00eb nes\u00ebrmen nga shtypi i tyre se ishte r\u00ebn\u00eb dakord t\u00eb hapeshin kutit\u00eb e materialeve zgjedhore, nd\u00ebrsa nuk ishte gjendur ende mir\u00ebkuptimi p\u00ebr kutit\u00eb e flet\u00ebve t\u00eb votimit.<\/p>\n<p>Organizator\u00ebt e takimit, si\u00e7 e deklaroi me goj\u00ebn e tij komisioneri p\u00ebr zgjerimin, Stefan Fyle, u kishin dhen\u00eb qeveris\u00eb dhe opozit\u00ebs shqiptare dy jav\u00eb afat p\u00ebr t\u00eb kap\u00ebrcyer edhe penges\u00ebn e fundit.<\/p>\n<p>Gjat\u00eb k\u00ebsaj kohe, duke par\u00eb se vet\u00eb shqiptar\u00ebt nuk ul\u00ebn m\u00eb pa nd\u00ebrmjet\u00ebsim, sado pisk ta ken\u00eb pun\u00ebn, do t\u00eb d\u00ebrgohej n\u00eb Tiran\u00eb nj\u00eb ekip ekspert\u00ebsh nga Europa. \u00c7do gj\u00eb tjet\u00ebr p\u00ebrtej k\u00ebtyre njoftimeve dhe vendimeve, edhe pse nuk e dim\u00eb, ka fatin t\u00eb jet\u00eb garnitur\u00eb p\u00ebr t\u00eb zbukuruar kujtime, por pa r\u00ebnd\u00ebsi p\u00ebr thelbin e takimit.<\/p>\n<p>T\u00eb pranishmit, p\u00ebrfshir\u00eb Berish\u00ebn dhe Ram\u00ebn, kan\u00eb folur pozitivisht p\u00ebr takimin dhe ka qen\u00eb e drejt\u00eb t\u00eb flitet ashtu, pasi takimi shp\u00ebrndau mjegulla t\u00eb tjera rreth kriz\u00ebs dhe i afroi pal\u00ebt me shum\u00eb se asnj\u00ebher\u00eb tjet\u00ebr drejt nj\u00eb zgjidhjeje t\u00eb mesme.<\/p>\n<p>Me d\u00ebshir\u00ebn p\u00ebr t&#8217;i mohuar opozit\u00ebs nj\u00eb sukses n\u00eb Strasburg, disa nga mediat proqeveritare pohuan se Berisha e kishte ofruar me koh\u00eb variantin e kutive t\u00eb materialeve zgjedhore.<\/p>\n<p>Edhe pse nga krahu i shtypit opozitar nuk e mbanin mend, prap\u00ebseprap\u00eb t\u00eb gjith\u00eb than\u00eb &#8220;mir\u00eb&#8221;. Problemi nuk kishte qen\u00eb e nuk ishte autor\u00ebsia e zgjidhjes, por zgjidhja. E r\u00ebnd\u00ebsishme ishte se po shkohej drejt nj\u00eb hetimi n\u00eb kuti dhe jo &#8220;me pash, jasht\u00eb kutive&#8221;.<\/p>\n<p>Gjith\u00e7ka q\u00eb u tha apo u vendos n\u00eb Strasburg ka ndodhur e po ndodh. Ekspert\u00ebt nga Europa kan\u00eb ardhur e jan\u00eb larguar nga Tirana, ekspert\u00ebt e dy partive t\u00eb m\u00ebdha kan\u00eb shkuar e jan\u00eb kthyer nga Strasburgu, pista e dialogut n\u00eb nivelin teknik vazhdon t\u00eb jet\u00eb e hapur, sado q\u00eb po jep shpirt nga mungesa e oksigjenit politik.<\/p>\n<p>Por, k\u00ebto p\u00ebrpjekje dhe afati dyjavor q\u00eb u dha, p\u00ebr fat t\u00eb keq, nuk kan\u00eb prodhuar at\u00eb q\u00eb pritet. Madje, duket sikur po shthuret edhe ajo q\u00eb ishte thurur. N\u00eb vend q\u00eb t\u00eb k\u00ebputej nyja e fundit, ng\u00ebr\u00e7i sikur po lidhet p\u00ebrs\u00ebri nga e para.<\/p>\n<p>Strasburgu nuk po p\u00ebrparon, por po kthehet prapa m\u00eb Tiran\u00eb. Gjat\u00eb k\u00ebtyre dit\u00ebve, n\u00eb gjith\u00eb komunikimin e tij publik p\u00ebr kriz\u00ebn, kryeministri \u00ebsht\u00eb marr\u00eb me p\u00ebrpar\u00ebsi me shefin e opozit\u00ebs, duke e korrigjuar apo p\u00ebrg\u00ebnjeshtruar p\u00ebr t\u00eb v\u00ebrtet\u00ebn e Strasburgut, a thua se ajo ngjarje nuk ka ndodhur para dy jav\u00ebsh, por kushedi kur.<\/p>\n<p>N\u00ebse n\u00eb Strasburg jan\u00eb th\u00ebn\u00eb e jan\u00eb vendosur gj\u00ebra t\u00eb tjera, q\u00eb e ndryshojn\u00eb radikalisht at\u00eb \u00e7far\u00eb \u00ebsht\u00eb b\u00ebr\u00eb e ditur deri me sot, mir\u00eb \u00ebsht\u00eb q\u00eb kryeministri t\u00eb gjej\u00eb m\u00ebnyr\u00ebn t&#8217;i thot\u00eb hapur p\u00ebr t\u00eb orientuar qasjen per\u00ebndimore n\u00eb vendin e tij p\u00ebr zgjidhjen e kriz\u00ebs.<\/p>\n<p>Por ma merr mendja se, duke p\u00ebrjashtuar ndonj\u00eb batut\u00eb, nuk ka gjasa t\u00eb jen\u00eb th\u00ebn\u00eb e vendosur gj\u00ebra t\u00eb tjera nga ato q\u00eb jan\u00eb p\u00ebrcjell\u00eb edhe n\u00eb shtyp. &#8220;Sekreti&#8221; i vet\u00ebm mendoj ka qen\u00eb k\u00ebrkesa e drejt\u00eb p\u00ebr t\u00eb mos folur p\u00ebr nj\u00eb zgjidhje n\u00eb proces si p\u00ebr nj\u00eb zgjidhje p\u00ebrfundimtare.<\/p>\n<p>Tani, dy jav\u00eb pas takimit, kryeministri po i k\u00ebrkon n\u00eb m\u00ebnyr\u00eb t\u00eb p\u00ebrs\u00ebritur shefit t\u00eb opozit\u00ebs &#8220;t\u00eb pranoj\u00eb ofert\u00ebn e tij&#8221;, dometh\u00ebn\u00eb nj\u00eb komision hetimor parlamentar ku opozita ka shumic\u00ebn dhe drejtimin. Kryeministri nuk i ka z\u00ebn\u00eb n\u00eb goj\u00eb dje dhe pardje kutit\u00eb e materialeve zgjedhore.<\/p>\n<p>Oferta e tij e fundit \u00ebsht\u00eb qart\u00ebsisht e rrudhur n\u00eb krahasim me at\u00eb q\u00eb u njoftua pas takimit t\u00eb Strasburgut. M\u00eb tej, ai \u00ebsht\u00eb kujdesur t&#8217;i kujtoj\u00eb zotit Rama se nuk ka asnj\u00eb detyrim ligjor t\u00eb p\u00ebrfshihet n\u00eb zgjidhje t\u00eb tilla.<\/p>\n<p>Nuk \u00ebsht\u00eb e v\u00ebshtir\u00eb t\u00eb kuptohet se kryeministri Berisha po flet me Ram\u00ebn q\u00eb t\u00eb d\u00ebgjoj\u00eb Europa dhe SHBA-ja. Apo si\u00e7 thot\u00eb fjala jon\u00eb e urt\u00eb, &#8220;po i bie pragut t\u00eb d\u00ebgjoj\u00eb dera&#8221;. Kjo do t\u00eb thot\u00eb se ai ka ndryshuar mendje n\u00eb raport me takimin e Strasburgu dhe po l\u00ebshon nga Tirana deklarata t\u00eb reja.<\/p>\n<p>Rama e lexoi si nj\u00eb q\u00ebndrim me kuptimin e nj\u00eb ultimatum afatin dyjavor q\u00eb dhan\u00eb europian\u00ebt p\u00ebr mbylljen e marr\u00ebveshjes. Ishte nj\u00eb lexim i nxitur dhe i panevojsh\u00ebm n\u00eb kontekstin e dialogut t\u00eb nisur. N\u00eb nj\u00ebfar\u00eb m\u00ebnyre i doli n\u00eb shteg gratis zotit kryeminist\u00ebr, por edhe e ndihmoi q\u00eb ky t\u00eb fliste me Europ\u00ebn si sovranist.<\/p>\n<p>Duke goditur &#8220;leximin&#8221; e Ram\u00ebs, Berisha u tha europian\u00ebve dhe amerikan\u00ebve se nuk pranonte afate. Gjuha q\u00eb p\u00ebrdori ishte ajo me t\u00eb cil\u00ebn u flitet shteteve. T\u00eb nj\u00ebjt\u00ebn gj\u00eb po b\u00ebn edhe me &#8220;ofert\u00ebn e tij&#8221; t\u00eb rrudhur.<\/p>\n<p>Kam p\u00ebrshtypjen se kthimi i tij n\u00eb ofert\u00ebn e vjet\u00ebr, ku e vetmja e re \u00ebsht\u00eb kompozimi i komisionit me shumic\u00eb opozitare (drejtimin e komisionit e merr gjithnj\u00eb grupi q\u00eb k\u00ebrkon hetimin, edhe kur \u00ebsht\u00eb opozit\u00eb), pra kthimi te nj\u00eb ofert\u00eb, q\u00eb \u00ebsht\u00eb shum\u00eb m\u00eb pak se ajo q\u00eb i dha jet\u00eb tryez\u00ebs s\u00eb Strasburgut, mbylljes s\u00eb grev\u00ebs s\u00eb uris\u00eb dhe p\u00ebrfshirjes s\u00eb opozit\u00ebs n\u00eb komisionet parlamentare, \u00ebsht\u00eb paralajm\u00ebrimi i rr\u00ebzimit t\u00eb Strasburgut n\u00eb ve\u00e7anti dhe i nd\u00ebrmjet\u00ebsimit nd\u00ebrkomb\u00ebtar n\u00eb p\u00ebrgjith\u00ebsi.<\/p>\n<p>Ky do t\u00eb ishte nj\u00eb ogur shum\u00eb i keq p\u00ebr Shqip\u00ebrin\u00eb. Nd\u00ebrmjet\u00ebsimi nd\u00ebrkomb\u00ebtar tani \u00ebsht\u00eb nj\u00eb realitet dhe \u00ebsht\u00eb mund\u00ebsia e vetme q\u00eb kemi p\u00ebr t\u00eb shkuar drejt nj\u00eb zgjidhjeje t\u00eb negociuar. Un\u00eb kam qen\u00eb dhe jam partizan i zgjidhjeve pa nd\u00ebrmjet\u00ebsim, por realisht nuk shoh drit\u00eb n\u00eb k\u00ebt\u00eb tunel.<\/p>\n<p>Pal\u00ebt as do t&#8217;i mbushin dot mendjen nj\u00ebra tjetr\u00ebs me &#8220;ofertat e tyre&#8221;, as do t\u00eb sugjestionojn\u00eb nj\u00ebra-tjetr\u00ebn me &#8220;t\u00eb path\u00ebnat&#8221;, q\u00eb kur thuhen rezultojn\u00eb fjal\u00eb boshe.<\/p>\n<p>Kriza nuk pushon, kur pushon politika. Kriza nuk kthehet prapa, kur han\u00eb fjal\u00ebt politikan\u00ebt. Ajo vazhdon rrug\u00ebn e saj dhe ndalohet vet\u00ebm me zgjidhje.<\/p>\n<p>\u00cbsht\u00eb gabim i madh t\u00eb shkohet me mendjen se Europa, meqen\u00ebse nuk po e zgjidh dot problemin, do ta injoroj\u00eb problemin. Europa dhe SHBA do t\u00eb merren deri n\u00eb fund, gjithnj\u00eb e m\u00eb qart\u00eb dhe gjithnj\u00eb e m\u00eb prer\u00eb me kriz\u00ebn e nj\u00eb vendi t\u00eb familjes si\u00e7 \u00ebsht\u00eb Shqip\u00ebria.<\/p>\n","protected":false},"excerpt":{"rendered":"<p>Pre\u00e7 Zogaj, 04.06.2010 Me gjith\u00eb p\u00ebrkujdesjen e Berish\u00ebs dhe Ram\u00ebs p\u00ebr t\u00eb mos folur hapur, takimi i Strasburgut nuk ka sekrete p\u00ebr sa i p\u00ebrket bisedimeve q\u00eb jan\u00eb zhvilluar atje p\u00ebr zgjidhjen e kriz\u00ebs politike. Shqiptar\u00ebt u informuar qysh t\u00eb nes\u00ebrmen nga shtypi i tyre se ishte r\u00ebn\u00eb dakord t\u00eb hapeshin kutit\u00eb e materialeve zgjedhore, [&hellip;]<\/p>\n","protected":false},"author":1,"featured_media":0,"comment_status":"open","ping_status":"closed","sticky":false,"template":"","format":"standard","meta":{"footnotes":""},"categories":[2],"tags":[],"class_list":{"0":"post-2930","1":"post","2":"type-post","3":"status-publish","4":"format-standard","6":"category-artikuj"},"yoast_head":"<!-- This site is optimized with the Yoast SEO plugin v27.4 - https:\/\/yoast.com\/product\/yoast-seo-wordpress\/ -->\n<title>Strasburgu po rrudhet n\u00eb Tiran\u00eb - FjALA e LIR\u00cb - Arkivi<\/title>\n<meta name=\"robots\" content=\"index, follow, max-snippet:-1, max-image-preview:large, max-video-preview:-1\" \/>\n<link rel=\"canonical\" href=\"https:\/\/fjala.info\/2009-2015\/strasburgu-po-rrudhet-ne-tirane\/\" \/>\n<meta property=\"og:locale\" content=\"sq_AL\" \/>\n<meta property=\"og:type\" content=\"article\" \/>\n<meta property=\"og:title\" content=\"Strasburgu po rrudhet n\u00eb Tiran\u00eb - FjALA e LIR\u00cb - Arkivi\" \/>\n<meta property=\"og:description\" content=\"Pre\u00e7 Zogaj, 04.06.2010 Me gjith\u00eb p\u00ebrkujdesjen e Berish\u00ebs dhe Ram\u00ebs p\u00ebr t\u00eb mos folur hapur, takimi i Strasburgut nuk ka sekrete p\u00ebr sa i p\u00ebrket bisedimeve q\u00eb jan\u00eb zhvilluar atje p\u00ebr zgjidhjen e kriz\u00ebs politike. Shqiptar\u00ebt u informuar qysh t\u00eb nes\u00ebrmen nga shtypi i tyre se ishte r\u00ebn\u00eb dakord t\u00eb hapeshin kutit\u00eb e materialeve zgjedhore, [&hellip;]\" \/>\n<meta property=\"og:url\" content=\"https:\/\/fjala.info\/2009-2015\/strasburgu-po-rrudhet-ne-tirane\/\" \/>\n<meta property=\"og:site_name\" content=\"FjALA e LIR\u00cb - Arkivi\" \/>\n<meta property=\"article:published_time\" content=\"2010-06-04T09:40:48+00:00\" \/>\n<meta property=\"og:image\" content=\"http:\/\/www.shkoder.net\/images\/fjala\/prec_zogaj.jpg\" \/>\n<meta name=\"author\" content=\"admin\" \/>\n<meta name=\"twitter:card\" content=\"summary_large_image\" \/>\n<meta name=\"twitter:label1\" content=\"Written by\" \/>\n\t<meta name=\"twitter:data1\" content=\"admin\" \/>\n\t<meta name=\"twitter:label2\" content=\"Est. reading time\" \/>\n\t<meta name=\"twitter:data2\" content=\"6 minutes\" \/>\n<script type=\"application\/ld+json\" class=\"yoast-schema-graph\">{\"@context\":\"https:\\\/\\\/schema.org\",\"@graph\":[{\"@type\":\"Article\",\"@id\":\"https:\\\/\\\/fjala.info\\\/2009-2015\\\/strasburgu-po-rrudhet-ne-tirane\\\/#article\",\"isPartOf\":{\"@id\":\"https:\\\/\\\/fjala.info\\\/2009-2015\\\/strasburgu-po-rrudhet-ne-tirane\\\/\"},\"author\":{\"name\":\"admin\",\"@id\":\"https:\\\/\\\/fjala.info\\\/2009-2015\\\/#\\\/schema\\\/person\\\/3aa1163ef05469c496fc94e77611ada2\"},\"headline\":\"Strasburgu po rrudhet n\u00eb Tiran\u00eb\",\"datePublished\":\"2010-06-04T09:40:48+00:00\",\"mainEntityOfPage\":{\"@id\":\"https:\\\/\\\/fjala.info\\\/2009-2015\\\/strasburgu-po-rrudhet-ne-tirane\\\/\"},\"wordCount\":1176,\"commentCount\":0,\"publisher\":{\"@id\":\"https:\\\/\\\/fjala.info\\\/2009-2015\\\/#organization\"},\"image\":{\"@id\":\"https:\\\/\\\/fjala.info\\\/2009-2015\\\/strasburgu-po-rrudhet-ne-tirane\\\/#primaryimage\"},\"thumbnailUrl\":\"http:\\\/\\\/www.shkoder.net\\\/images\\\/fjala\\\/prec_zogaj.jpg\",\"articleSection\":[\"Artikuj\"],\"inLanguage\":\"sq-AL\",\"potentialAction\":[{\"@type\":\"CommentAction\",\"name\":\"Comment\",\"target\":[\"https:\\\/\\\/fjala.info\\\/2009-2015\\\/strasburgu-po-rrudhet-ne-tirane\\\/#respond\"]}]},{\"@type\":\"WebPage\",\"@id\":\"https:\\\/\\\/fjala.info\\\/2009-2015\\\/strasburgu-po-rrudhet-ne-tirane\\\/\",\"url\":\"https:\\\/\\\/fjala.info\\\/2009-2015\\\/strasburgu-po-rrudhet-ne-tirane\\\/\",\"name\":\"Strasburgu po rrudhet n\u00eb Tiran\u00eb - FjALA e LIR\u00cb - Arkivi\",\"isPartOf\":{\"@id\":\"https:\\\/\\\/fjala.info\\\/2009-2015\\\/#website\"},\"primaryImageOfPage\":{\"@id\":\"https:\\\/\\\/fjala.info\\\/2009-2015\\\/strasburgu-po-rrudhet-ne-tirane\\\/#primaryimage\"},\"image\":{\"@id\":\"https:\\\/\\\/fjala.info\\\/2009-2015\\\/strasburgu-po-rrudhet-ne-tirane\\\/#primaryimage\"},\"thumbnailUrl\":\"http:\\\/\\\/www.shkoder.net\\\/images\\\/fjala\\\/prec_zogaj.jpg\",\"datePublished\":\"2010-06-04T09:40:48+00:00\",\"breadcrumb\":{\"@id\":\"https:\\\/\\\/fjala.info\\\/2009-2015\\\/strasburgu-po-rrudhet-ne-tirane\\\/#breadcrumb\"},\"inLanguage\":\"sq-AL\",\"potentialAction\":[{\"@type\":\"ReadAction\",\"target\":[\"https:\\\/\\\/fjala.info\\\/2009-2015\\\/strasburgu-po-rrudhet-ne-tirane\\\/\"]}]},{\"@type\":\"ImageObject\",\"inLanguage\":\"sq-AL\",\"@id\":\"https:\\\/\\\/fjala.info\\\/2009-2015\\\/strasburgu-po-rrudhet-ne-tirane\\\/#primaryimage\",\"url\":\"http:\\\/\\\/www.shkoder.net\\\/images\\\/fjala\\\/prec_zogaj.jpg\",\"contentUrl\":\"http:\\\/\\\/www.shkoder.net\\\/images\\\/fjala\\\/prec_zogaj.jpg\"},{\"@type\":\"BreadcrumbList\",\"@id\":\"https:\\\/\\\/fjala.info\\\/2009-2015\\\/strasburgu-po-rrudhet-ne-tirane\\\/#breadcrumb\",\"itemListElement\":[{\"@type\":\"ListItem\",\"position\":1,\"name\":\"Home\",\"item\":\"https:\\\/\\\/fjala.info\\\/2009-2015\\\/\"},{\"@type\":\"ListItem\",\"position\":2,\"name\":\"Strasburgu po rrudhet n\u00eb Tiran\u00eb\"}]},{\"@type\":\"WebSite\",\"@id\":\"https:\\\/\\\/fjala.info\\\/2009-2015\\\/#website\",\"url\":\"https:\\\/\\\/fjala.info\\\/2009-2015\\\/\",\"name\":\"FjALA e LIR\u00cb - Arkivi\",\"description\":\"Arkivi 2009-2015\",\"publisher\":{\"@id\":\"https:\\\/\\\/fjala.info\\\/2009-2015\\\/#organization\"},\"potentialAction\":[{\"@type\":\"SearchAction\",\"target\":{\"@type\":\"EntryPoint\",\"urlTemplate\":\"https:\\\/\\\/fjala.info\\\/2009-2015\\\/?s={search_term_string}\"},\"query-input\":{\"@type\":\"PropertyValueSpecification\",\"valueRequired\":true,\"valueName\":\"search_term_string\"}}],\"inLanguage\":\"sq-AL\"},{\"@type\":\"Organization\",\"@id\":\"https:\\\/\\\/fjala.info\\\/2009-2015\\\/#organization\",\"name\":\"FjALA e LIR\u00cb - Arkivi\",\"url\":\"https:\\\/\\\/fjala.info\\\/2009-2015\\\/\",\"logo\":{\"@type\":\"ImageObject\",\"inLanguage\":\"sq-AL\",\"@id\":\"https:\\\/\\\/fjala.info\\\/2009-2015\\\/#\\\/schema\\\/logo\\\/image\\\/\",\"url\":\"\",\"contentUrl\":\"\",\"caption\":\"FjALA e LIR\u00cb - Arkivi\"},\"image\":{\"@id\":\"https:\\\/\\\/fjala.info\\\/2009-2015\\\/#\\\/schema\\\/logo\\\/image\\\/\"}},{\"@type\":\"Person\",\"@id\":\"https:\\\/\\\/fjala.info\\\/2009-2015\\\/#\\\/schema\\\/person\\\/3aa1163ef05469c496fc94e77611ada2\",\"name\":\"admin\",\"image\":{\"@type\":\"ImageObject\",\"inLanguage\":\"sq-AL\",\"@id\":\"https:\\\/\\\/fjala.info\\\/2009-2015\\\/wp-content\\\/uploads\\\/2012\\\/02\\\/arben_cokaj-120x150.jpg\",\"url\":\"https:\\\/\\\/fjala.info\\\/2009-2015\\\/wp-content\\\/uploads\\\/2012\\\/02\\\/arben_cokaj-120x150.jpg\",\"contentUrl\":\"https:\\\/\\\/fjala.info\\\/2009-2015\\\/wp-content\\\/uploads\\\/2012\\\/02\\\/arben_cokaj-120x150.jpg\",\"caption\":\"admin\"},\"description\":\"Admin, Fjala e Lir\u00eb\",\"sameAs\":[\"https:\\\/\\\/fjala.info\\\/\"],\"url\":\"https:\\\/\\\/fjala.info\\\/2009-2015\\\/author\\\/admin\\\/\"}]}<\/script>\n<!-- \/ Yoast SEO plugin. -->","yoast_head_json":{"title":"Strasburgu po rrudhet n\u00eb Tiran\u00eb - FjALA e LIR\u00cb - Arkivi","robots":{"index":"index","follow":"follow","max-snippet":"max-snippet:-1","max-image-preview":"max-image-preview:large","max-video-preview":"max-video-preview:-1"},"canonical":"https:\/\/fjala.info\/2009-2015\/strasburgu-po-rrudhet-ne-tirane\/","og_locale":"sq_AL","og_type":"article","og_title":"Strasburgu po rrudhet n\u00eb Tiran\u00eb - FjALA e LIR\u00cb - Arkivi","og_description":"Pre\u00e7 Zogaj, 04.06.2010 Me gjith\u00eb p\u00ebrkujdesjen e Berish\u00ebs dhe Ram\u00ebs p\u00ebr t\u00eb mos folur hapur, takimi i Strasburgut nuk ka sekrete p\u00ebr sa i p\u00ebrket bisedimeve q\u00eb jan\u00eb zhvilluar atje p\u00ebr zgjidhjen e kriz\u00ebs politike. Shqiptar\u00ebt u informuar qysh t\u00eb nes\u00ebrmen nga shtypi i tyre se ishte r\u00ebn\u00eb dakord t\u00eb hapeshin kutit\u00eb e materialeve zgjedhore, [&hellip;]","og_url":"https:\/\/fjala.info\/2009-2015\/strasburgu-po-rrudhet-ne-tirane\/","og_site_name":"FjALA e LIR\u00cb - Arkivi","article_published_time":"2010-06-04T09:40:48+00:00","og_image":[{"url":"http:\/\/www.shkoder.net\/images\/fjala\/prec_zogaj.jpg","type":"","width":"","height":""}],"author":"admin","twitter_card":"summary_large_image","twitter_misc":{"Written by":"admin","Est. reading time":"6 minutes"},"schema":{"@context":"https:\/\/schema.org","@graph":[{"@type":"Article","@id":"https:\/\/fjala.info\/2009-2015\/strasburgu-po-rrudhet-ne-tirane\/#article","isPartOf":{"@id":"https:\/\/fjala.info\/2009-2015\/strasburgu-po-rrudhet-ne-tirane\/"},"author":{"name":"admin","@id":"https:\/\/fjala.info\/2009-2015\/#\/schema\/person\/3aa1163ef05469c496fc94e77611ada2"},"headline":"Strasburgu po rrudhet n\u00eb Tiran\u00eb","datePublished":"2010-06-04T09:40:48+00:00","mainEntityOfPage":{"@id":"https:\/\/fjala.info\/2009-2015\/strasburgu-po-rrudhet-ne-tirane\/"},"wordCount":1176,"commentCount":0,"publisher":{"@id":"https:\/\/fjala.info\/2009-2015\/#organization"},"image":{"@id":"https:\/\/fjala.info\/2009-2015\/strasburgu-po-rrudhet-ne-tirane\/#primaryimage"},"thumbnailUrl":"http:\/\/www.shkoder.net\/images\/fjala\/prec_zogaj.jpg","articleSection":["Artikuj"],"inLanguage":"sq-AL","potentialAction":[{"@type":"CommentAction","name":"Comment","target":["https:\/\/fjala.info\/2009-2015\/strasburgu-po-rrudhet-ne-tirane\/#respond"]}]},{"@type":"WebPage","@id":"https:\/\/fjala.info\/2009-2015\/strasburgu-po-rrudhet-ne-tirane\/","url":"https:\/\/fjala.info\/2009-2015\/strasburgu-po-rrudhet-ne-tirane\/","name":"Strasburgu po rrudhet n\u00eb Tiran\u00eb - FjALA e LIR\u00cb - Arkivi","isPartOf":{"@id":"https:\/\/fjala.info\/2009-2015\/#website"},"primaryImageOfPage":{"@id":"https:\/\/fjala.info\/2009-2015\/strasburgu-po-rrudhet-ne-tirane\/#primaryimage"},"image":{"@id":"https:\/\/fjala.info\/2009-2015\/strasburgu-po-rrudhet-ne-tirane\/#primaryimage"},"thumbnailUrl":"http:\/\/www.shkoder.net\/images\/fjala\/prec_zogaj.jpg","datePublished":"2010-06-04T09:40:48+00:00","breadcrumb":{"@id":"https:\/\/fjala.info\/2009-2015\/strasburgu-po-rrudhet-ne-tirane\/#breadcrumb"},"inLanguage":"sq-AL","potentialAction":[{"@type":"ReadAction","target":["https:\/\/fjala.info\/2009-2015\/strasburgu-po-rrudhet-ne-tirane\/"]}]},{"@type":"ImageObject","inLanguage":"sq-AL","@id":"https:\/\/fjala.info\/2009-2015\/strasburgu-po-rrudhet-ne-tirane\/#primaryimage","url":"http:\/\/www.shkoder.net\/images\/fjala\/prec_zogaj.jpg","contentUrl":"http:\/\/www.shkoder.net\/images\/fjala\/prec_zogaj.jpg"},{"@type":"BreadcrumbList","@id":"https:\/\/fjala.info\/2009-2015\/strasburgu-po-rrudhet-ne-tirane\/#breadcrumb","itemListElement":[{"@type":"ListItem","position":1,"name":"Home","item":"https:\/\/fjala.info\/2009-2015\/"},{"@type":"ListItem","position":2,"name":"Strasburgu po rrudhet n\u00eb Tiran\u00eb"}]},{"@type":"WebSite","@id":"https:\/\/fjala.info\/2009-2015\/#website","url":"https:\/\/fjala.info\/2009-2015\/","name":"FjALA e LIR\u00cb - Arkivi","description":"Arkivi 2009-2015","publisher":{"@id":"https:\/\/fjala.info\/2009-2015\/#organization"},"potentialAction":[{"@type":"SearchAction","target":{"@type":"EntryPoint","urlTemplate":"https:\/\/fjala.info\/2009-2015\/?s={search_term_string}"},"query-input":{"@type":"PropertyValueSpecification","valueRequired":true,"valueName":"search_term_string"}}],"inLanguage":"sq-AL"},{"@type":"Organization","@id":"https:\/\/fjala.info\/2009-2015\/#organization","name":"FjALA e LIR\u00cb - Arkivi","url":"https:\/\/fjala.info\/2009-2015\/","logo":{"@type":"ImageObject","inLanguage":"sq-AL","@id":"https:\/\/fjala.info\/2009-2015\/#\/schema\/logo\/image\/","url":"","contentUrl":"","caption":"FjALA e LIR\u00cb - Arkivi"},"image":{"@id":"https:\/\/fjala.info\/2009-2015\/#\/schema\/logo\/image\/"}},{"@type":"Person","@id":"https:\/\/fjala.info\/2009-2015\/#\/schema\/person\/3aa1163ef05469c496fc94e77611ada2","name":"admin","image":{"@type":"ImageObject","inLanguage":"sq-AL","@id":"https:\/\/fjala.info\/2009-2015\/wp-content\/uploads\/2012\/02\/arben_cokaj-120x150.jpg","url":"https:\/\/fjala.info\/2009-2015\/wp-content\/uploads\/2012\/02\/arben_cokaj-120x150.jpg","contentUrl":"https:\/\/fjala.info\/2009-2015\/wp-content\/uploads\/2012\/02\/arben_cokaj-120x150.jpg","caption":"admin"},"description":"Admin, Fjala e Lir\u00eb","sameAs":["https:\/\/fjala.info\/"],"url":"https:\/\/fjala.info\/2009-2015\/author\/admin\/"}]}},"_links":{"self":[{"href":"https:\/\/fjala.info\/2009-2015\/wp-json\/wp\/v2\/posts\/2930","targetHints":{"allow":["GET"]}}],"collection":[{"href":"https:\/\/fjala.info\/2009-2015\/wp-json\/wp\/v2\/posts"}],"about":[{"href":"https:\/\/fjala.info\/2009-2015\/wp-json\/wp\/v2\/types\/post"}],"author":[{"embeddable":true,"href":"https:\/\/fjala.info\/2009-2015\/wp-json\/wp\/v2\/users\/1"}],"replies":[{"embeddable":true,"href":"https:\/\/fjala.info\/2009-2015\/wp-json\/wp\/v2\/comments?post=2930"}],"version-history":[{"count":0,"href":"https:\/\/fjala.info\/2009-2015\/wp-json\/wp\/v2\/posts\/2930\/revisions"}],"wp:attachment":[{"href":"https:\/\/fjala.info\/2009-2015\/wp-json\/wp\/v2\/media?parent=2930"}],"wp:term":[{"taxonomy":"category","embeddable":true,"href":"https:\/\/fjala.info\/2009-2015\/wp-json\/wp\/v2\/categories?post=2930"},{"taxonomy":"post_tag","embeddable":true,"href":"https:\/\/fjala.info\/2009-2015\/wp-json\/wp\/v2\/tags?post=2930"}],"curies":[{"name":"wp","href":"https:\/\/api.w.org\/{rel}","templated":true}]}}