{"id":2928,"date":"2010-06-04T10:39:16","date_gmt":"2010-06-04T09:39:16","guid":{"rendered":"http:\/\/fjala.shkoder.net\/?p=2928"},"modified":"2010-06-04T10:39:16","modified_gmt":"2010-06-04T09:39:16","slug":"sa-afer-sa-larg","status":"publish","type":"post","link":"https:\/\/fjala.info\/2009-2015\/sa-afer-sa-larg\/","title":{"rendered":"Sa af\u00ebr, sa larg!"},"content":{"rendered":"<p><img decoding=\"async\" style=\"margin-left: 10px; margin-right: 10px; border: 0px;\" src=\"http:\/\/www.shkoder.net\/images\/fjala\/2010\/albin_kurti.jpg\" border=\"0\" alt=\"Albin Kurti\" width=\"200\" align=\"right\" \/><\/p>\n<p><strong>Albin Kurti<\/strong>, <em>04.06.2010<\/em><\/p>\n<p>Korporata si nj\u00eb peshkaqen i madh pret e shikon se cili peshk \u00ebsht\u00eb mjaft i madh q\u00eb ta marr\u00eb mundin p\u00ebr ta ngr\u00ebn\u00eb. Edhe i k\u00ebtill\u00eb \u00ebsht\u00eb kuptimi i integrimeve rajonale t\u00eb fqinj\u00ebsis\u00eb s\u00eb mir\u00eb n\u00eb k\u00ebto vendet e Ballkanit per\u00ebndimor q\u00eb vazhdojn\u00eb t\u00eb mbesin jasht\u00eb BE-s\u00eb.<\/p>\n<p>Kompanit\u00eb e m\u00ebdha t\u00eb rajonit n\u00ebp\u00ebrmjet konkurrenc\u00ebs nd\u00ebrmjet vete i p\u00ebrkufizojn\u00eb kompanit\u00eb m\u00eb t\u00eb m\u00ebdha. Pik\u00ebrisht k\u00ebto paraqesin mandej ata peshqit e m\u00ebdhenj, t\u00eb cil\u00ebt peshkaqen\u00ebt edhe m\u00eb t\u00eb m\u00ebdhenj i presin me goj\u00eb hapur. Form\u00ebsohen peshqit rajonal\u00eb p\u00ebr peshkaqen\u00ebt global\u00eb.<\/p>\n<p>Liberalizmi dhe pluralizmi jan\u00eb larg t\u00eb qenit sinonime. Jetojm\u00eb n\u00eb epok\u00ebn kur liberalizimi m\u00eb par\u00eb ka rezultuar me monopole ose duopole q\u00eb jan\u00eb n\u00eb kund\u00ebrshtim me iden\u00eb qendrore t\u00eb liberalizmit si doktrin\u00eb. Nuk \u00ebsht\u00eb aspak e rast\u00ebsishme q\u00eb nga CEFTA po p\u00ebrfiton m\u00eb s\u00eb shumti Sllovenia.<\/p>\n<p>Pasi q\u00eb Pakti i Stabilitetit i mblodhi pla\u00e7kat me diferenc\u00eb t\u00eb madhe nd\u00ebrmjet ambicieve fillestare dhe rezultateve p\u00ebrfundimtare, rajoni na shfaqet m\u00eb s\u00eb shpeshti si CEFTA.<\/p>\n<p>Politikan\u00eb e analist\u00eb nga m\u00eb t\u00eb ndryshmit duan ta bindin popullsin\u00eb q\u00eb neve po na shkaktohen humbje nga kjo marr\u00ebveshje, meqen\u00ebse Bosnja dhe Serbia (t\u00eb cilat nuk e njohin pavar\u00ebsin\u00eb e Kosov\u00ebs) nuk po i lejojn\u00eb eksportet tona n\u00eb shtetet e tyre as si vende transiti dhe as si vende destinacioni.<\/p>\n<p>Mir\u00ebpo, para k\u00ebsaj pasoje dyt\u00ebsore, CEFTA \u00ebsht\u00eb e d\u00ebmshme, sepse ne duhej ta hapnim plot\u00ebsisht tregun duke qen\u00eb m\u00eb i varf\u00ebri vend n\u00eb rajon, me \u00e7&#8217;rast na mbuluan me produkte t\u00eb huaja dhe nj\u00ebkoh\u00ebsisht u ngulfat prodhimi vendor.<\/p>\n<p>Shum\u00eb nisma q\u00eb ideohen nga BE-ja nuk na trajtojn\u00eb si t\u00eb barabart\u00eb me t\u00eb tjer\u00ebt n\u00eb k\u00ebt\u00eb rajon, duke i rritur k\u00ebshtu edhe dallimet ekzistuese. Natyrisht, p\u00ebrve\u00e7 faktit t\u00eb mir\u00ebnjohur q\u00eb Kosova trajtohet krejt\u00ebsisht ve\u00e7mas, d.m.th., \u00e7do her\u00eb e p\u00ebr gjith\u00e7ka &#8220;sui generis&#8221;, saq\u00eb krijohet p\u00ebrshtypja q\u00eb kjo &#8220;sui generis&#8221; \u00ebsht\u00eb Kosova vet\u00eb.<\/p>\n<p>Ashtu si q\u00ebndrojn\u00eb gj\u00ebrat tash, Kosova \u00ebsht\u00eb m\u00eb s\u00eb largu integrimit n\u00eb BE krahasuar me t\u00eb gjitha vendet e rajonit, por, paradoksalisht, ajo tashm\u00eb e ka edhe m\u00eb s\u00eb af\u00ebrmi BE-n\u00eb, sepse e ka at\u00eb k\u00ebmb\u00ebkryq n\u00eb sht\u00ebpin\u00eb e vet ku sundohet prej misioneve t\u00eb saj si EUSR dhe EULEX.<\/p>\n<p>Meq\u00eb nuk dihet se sa af\u00ebr \u00ebsht\u00eb integrimi i Kosov\u00ebs n\u00eb BE, por disi dihet q\u00eb \u00ebsht\u00eb s\u00eb paku nj\u00eb dekad\u00eb larg, nga procesi i tanish\u00ebm drejt BE-s\u00eb (e q\u00eb, n\u00eb fakt, zyrtarisht as q\u00eb ka filluar) shum\u00eb m\u00eb tep\u00ebr dobi ka vet\u00eb BE-ja sesa Kosova.<\/p>\n<p>Pik\u00ebrisht k\u00ebt\u00eb integrimin europian t\u00eb Kosov\u00ebs, BE-ja vazhdimisht e p\u00ebrdor si mekaniz\u00ebm disiplinues ndaj krer\u00ebve politik\u00eb e institucional\u00eb n\u00eb Kosov\u00eb, por edhe ndaj krejt popullat\u00ebs, gjithnj\u00eb p\u00ebr hir t\u00eb stabilitetit rajonal.<\/p>\n<p>T\u00eb mos harrojm\u00eb q\u00eb EULEX-i i bastisi zyrat e MTPT-s\u00eb dhe pronat e Fatmir Limajt, vet\u00ebm at\u00ebher\u00eb kur i kishte r\u00ebn\u00eb rejtingu aq posht\u00eb saq\u00eb po t\u00eb mos b\u00ebnte di\u00e7ka t\u00eb llojit \u00e7far\u00eb b\u00ebri, do t\u00eb kolapsonte keq dhe, madje, nga pritjet e ngritura t\u00eb qytetar\u00ebve, do t\u00eb rrezikohej mu stabiliteti aq i d\u00ebshiruar nga regjimi nd\u00ebrkomb\u00ebtar.<\/p>\n<p>Pra, EULEX-i nd\u00ebrhyri q\u00eb t\u00eb mos intervenonin vet\u00eb qytetar\u00ebt t\u00eb cil\u00ebve u \u00ebsht\u00eb mbushur kupa. Edhe n\u00ebse ndonj\u00eb veprim i EULEX-it eventualisht arrin t\u00eb cil\u00ebsohet si drejt\u00ebsi kjo \u00ebsht\u00eb pasoj\u00eb e q\u00ebllimeve tjera q\u00eb ka ndjekur ai (stabiliteti para s\u00eb gjithash) e jo pse synohet vet\u00eb drejt\u00ebsia.<\/p>\n<p>N\u00eb k\u00ebto dit\u00ebt e shkuara kur secilit politikan t\u00eb Serbis\u00eb q\u00eb i tekej hynte n\u00eb veri me truproja t\u00eb armatosura, u b\u00eb e qart\u00eb q\u00eb sundimi i ligjit \u00ebsht\u00eb selektiv dhe s&#8217;ka t\u00eb b\u00ebj\u00eb me drejt\u00ebsin\u00eb, por me stabilitetin rajonal.<\/p>\n<p>Nj\u00ebsoj, u b\u00eb e qart\u00eb q\u00eb Kushtetuta zulm\u00ebmadhe e Republik\u00ebs s\u00eb Kosov\u00ebs \u00ebsht\u00eb, ashtu si\u00e7 duket, ve\u00e7se let\u00ebr.<\/p>\n","protected":false},"excerpt":{"rendered":"<p>Albin Kurti, 04.06.2010 Korporata si nj\u00eb peshkaqen i madh pret e shikon se cili peshk \u00ebsht\u00eb mjaft i madh q\u00eb ta marr\u00eb mundin p\u00ebr ta ngr\u00ebn\u00eb. Edhe i k\u00ebtill\u00eb \u00ebsht\u00eb kuptimi i integrimeve rajonale t\u00eb fqinj\u00ebsis\u00eb s\u00eb mir\u00eb n\u00eb k\u00ebto vendet e Ballkanit per\u00ebndimor q\u00eb vazhdojn\u00eb t\u00eb mbesin jasht\u00eb BE-s\u00eb. Kompanit\u00eb e m\u00ebdha t\u00eb rajonit [&hellip;]<\/p>\n","protected":false},"author":1,"featured_media":0,"comment_status":"open","ping_status":"closed","sticky":false,"template":"","format":"standard","meta":{"footnotes":""},"categories":[2],"tags":[],"class_list":{"0":"post-2928","1":"post","2":"type-post","3":"status-publish","4":"format-standard","6":"category-artikuj"},"yoast_head":"<!-- This site is optimized with the Yoast SEO plugin v27.4 - https:\/\/yoast.com\/product\/yoast-seo-wordpress\/ -->\n<title>Sa af\u00ebr, sa larg! - FjALA e LIR\u00cb - Arkivi<\/title>\n<meta name=\"robots\" content=\"index, follow, max-snippet:-1, max-image-preview:large, max-video-preview:-1\" \/>\n<link rel=\"canonical\" href=\"https:\/\/fjala.info\/2009-2015\/sa-afer-sa-larg\/\" \/>\n<meta property=\"og:locale\" content=\"sq_AL\" \/>\n<meta property=\"og:type\" content=\"article\" \/>\n<meta property=\"og:title\" content=\"Sa af\u00ebr, sa larg! - FjALA e LIR\u00cb - Arkivi\" \/>\n<meta property=\"og:description\" content=\"Albin Kurti, 04.06.2010 Korporata si nj\u00eb peshkaqen i madh pret e shikon se cili peshk \u00ebsht\u00eb mjaft i madh q\u00eb ta marr\u00eb mundin p\u00ebr ta ngr\u00ebn\u00eb. Edhe i k\u00ebtill\u00eb \u00ebsht\u00eb kuptimi i integrimeve rajonale t\u00eb fqinj\u00ebsis\u00eb s\u00eb mir\u00eb n\u00eb k\u00ebto vendet e Ballkanit per\u00ebndimor q\u00eb vazhdojn\u00eb t\u00eb mbesin jasht\u00eb BE-s\u00eb. Kompanit\u00eb e m\u00ebdha t\u00eb rajonit [&hellip;]\" \/>\n<meta property=\"og:url\" content=\"https:\/\/fjala.info\/2009-2015\/sa-afer-sa-larg\/\" \/>\n<meta property=\"og:site_name\" content=\"FjALA e LIR\u00cb - Arkivi\" \/>\n<meta property=\"article:published_time\" content=\"2010-06-04T09:39:16+00:00\" \/>\n<meta property=\"og:image\" content=\"http:\/\/www.shkoder.net\/images\/fjala\/2010\/albin_kurti.jpg\" \/>\n<meta name=\"author\" content=\"admin\" \/>\n<meta name=\"twitter:card\" content=\"summary_large_image\" \/>\n<meta name=\"twitter:label1\" content=\"Written by\" \/>\n\t<meta name=\"twitter:data1\" content=\"admin\" \/>\n\t<meta name=\"twitter:label2\" content=\"Est. reading time\" \/>\n\t<meta name=\"twitter:data2\" content=\"3 minutes\" \/>\n<script type=\"application\/ld+json\" class=\"yoast-schema-graph\">{\"@context\":\"https:\\\/\\\/schema.org\",\"@graph\":[{\"@type\":\"Article\",\"@id\":\"https:\\\/\\\/fjala.info\\\/2009-2015\\\/sa-afer-sa-larg\\\/#article\",\"isPartOf\":{\"@id\":\"https:\\\/\\\/fjala.info\\\/2009-2015\\\/sa-afer-sa-larg\\\/\"},\"author\":{\"name\":\"admin\",\"@id\":\"https:\\\/\\\/fjala.info\\\/2009-2015\\\/#\\\/schema\\\/person\\\/3aa1163ef05469c496fc94e77611ada2\"},\"headline\":\"Sa af\u00ebr, sa larg!\",\"datePublished\":\"2010-06-04T09:39:16+00:00\",\"mainEntityOfPage\":{\"@id\":\"https:\\\/\\\/fjala.info\\\/2009-2015\\\/sa-afer-sa-larg\\\/\"},\"wordCount\":698,\"commentCount\":0,\"publisher\":{\"@id\":\"https:\\\/\\\/fjala.info\\\/2009-2015\\\/#organization\"},\"image\":{\"@id\":\"https:\\\/\\\/fjala.info\\\/2009-2015\\\/sa-afer-sa-larg\\\/#primaryimage\"},\"thumbnailUrl\":\"http:\\\/\\\/www.shkoder.net\\\/images\\\/fjala\\\/2010\\\/albin_kurti.jpg\",\"articleSection\":[\"Artikuj\"],\"inLanguage\":\"sq-AL\",\"potentialAction\":[{\"@type\":\"CommentAction\",\"name\":\"Comment\",\"target\":[\"https:\\\/\\\/fjala.info\\\/2009-2015\\\/sa-afer-sa-larg\\\/#respond\"]}]},{\"@type\":\"WebPage\",\"@id\":\"https:\\\/\\\/fjala.info\\\/2009-2015\\\/sa-afer-sa-larg\\\/\",\"url\":\"https:\\\/\\\/fjala.info\\\/2009-2015\\\/sa-afer-sa-larg\\\/\",\"name\":\"Sa af\u00ebr, sa larg! - FjALA e LIR\u00cb - Arkivi\",\"isPartOf\":{\"@id\":\"https:\\\/\\\/fjala.info\\\/2009-2015\\\/#website\"},\"primaryImageOfPage\":{\"@id\":\"https:\\\/\\\/fjala.info\\\/2009-2015\\\/sa-afer-sa-larg\\\/#primaryimage\"},\"image\":{\"@id\":\"https:\\\/\\\/fjala.info\\\/2009-2015\\\/sa-afer-sa-larg\\\/#primaryimage\"},\"thumbnailUrl\":\"http:\\\/\\\/www.shkoder.net\\\/images\\\/fjala\\\/2010\\\/albin_kurti.jpg\",\"datePublished\":\"2010-06-04T09:39:16+00:00\",\"breadcrumb\":{\"@id\":\"https:\\\/\\\/fjala.info\\\/2009-2015\\\/sa-afer-sa-larg\\\/#breadcrumb\"},\"inLanguage\":\"sq-AL\",\"potentialAction\":[{\"@type\":\"ReadAction\",\"target\":[\"https:\\\/\\\/fjala.info\\\/2009-2015\\\/sa-afer-sa-larg\\\/\"]}]},{\"@type\":\"ImageObject\",\"inLanguage\":\"sq-AL\",\"@id\":\"https:\\\/\\\/fjala.info\\\/2009-2015\\\/sa-afer-sa-larg\\\/#primaryimage\",\"url\":\"http:\\\/\\\/www.shkoder.net\\\/images\\\/fjala\\\/2010\\\/albin_kurti.jpg\",\"contentUrl\":\"http:\\\/\\\/www.shkoder.net\\\/images\\\/fjala\\\/2010\\\/albin_kurti.jpg\"},{\"@type\":\"BreadcrumbList\",\"@id\":\"https:\\\/\\\/fjala.info\\\/2009-2015\\\/sa-afer-sa-larg\\\/#breadcrumb\",\"itemListElement\":[{\"@type\":\"ListItem\",\"position\":1,\"name\":\"Home\",\"item\":\"https:\\\/\\\/fjala.info\\\/2009-2015\\\/\"},{\"@type\":\"ListItem\",\"position\":2,\"name\":\"Sa af\u00ebr, sa larg!\"}]},{\"@type\":\"WebSite\",\"@id\":\"https:\\\/\\\/fjala.info\\\/2009-2015\\\/#website\",\"url\":\"https:\\\/\\\/fjala.info\\\/2009-2015\\\/\",\"name\":\"FjALA e LIR\u00cb - Arkivi\",\"description\":\"Arkivi 2009-2015\",\"publisher\":{\"@id\":\"https:\\\/\\\/fjala.info\\\/2009-2015\\\/#organization\"},\"potentialAction\":[{\"@type\":\"SearchAction\",\"target\":{\"@type\":\"EntryPoint\",\"urlTemplate\":\"https:\\\/\\\/fjala.info\\\/2009-2015\\\/?s={search_term_string}\"},\"query-input\":{\"@type\":\"PropertyValueSpecification\",\"valueRequired\":true,\"valueName\":\"search_term_string\"}}],\"inLanguage\":\"sq-AL\"},{\"@type\":\"Organization\",\"@id\":\"https:\\\/\\\/fjala.info\\\/2009-2015\\\/#organization\",\"name\":\"FjALA e LIR\u00cb - Arkivi\",\"url\":\"https:\\\/\\\/fjala.info\\\/2009-2015\\\/\",\"logo\":{\"@type\":\"ImageObject\",\"inLanguage\":\"sq-AL\",\"@id\":\"https:\\\/\\\/fjala.info\\\/2009-2015\\\/#\\\/schema\\\/logo\\\/image\\\/\",\"url\":\"\",\"contentUrl\":\"\",\"caption\":\"FjALA e LIR\u00cb - Arkivi\"},\"image\":{\"@id\":\"https:\\\/\\\/fjala.info\\\/2009-2015\\\/#\\\/schema\\\/logo\\\/image\\\/\"}},{\"@type\":\"Person\",\"@id\":\"https:\\\/\\\/fjala.info\\\/2009-2015\\\/#\\\/schema\\\/person\\\/3aa1163ef05469c496fc94e77611ada2\",\"name\":\"admin\",\"image\":{\"@type\":\"ImageObject\",\"inLanguage\":\"sq-AL\",\"@id\":\"https:\\\/\\\/fjala.info\\\/2009-2015\\\/wp-content\\\/uploads\\\/2012\\\/02\\\/arben_cokaj-120x150.jpg\",\"url\":\"https:\\\/\\\/fjala.info\\\/2009-2015\\\/wp-content\\\/uploads\\\/2012\\\/02\\\/arben_cokaj-120x150.jpg\",\"contentUrl\":\"https:\\\/\\\/fjala.info\\\/2009-2015\\\/wp-content\\\/uploads\\\/2012\\\/02\\\/arben_cokaj-120x150.jpg\",\"caption\":\"admin\"},\"description\":\"Admin, Fjala e Lir\u00eb\",\"sameAs\":[\"https:\\\/\\\/fjala.info\\\/\"],\"url\":\"https:\\\/\\\/fjala.info\\\/2009-2015\\\/author\\\/admin\\\/\"}]}<\/script>\n<!-- \/ Yoast SEO plugin. -->","yoast_head_json":{"title":"Sa af\u00ebr, sa larg! - FjALA e LIR\u00cb - Arkivi","robots":{"index":"index","follow":"follow","max-snippet":"max-snippet:-1","max-image-preview":"max-image-preview:large","max-video-preview":"max-video-preview:-1"},"canonical":"https:\/\/fjala.info\/2009-2015\/sa-afer-sa-larg\/","og_locale":"sq_AL","og_type":"article","og_title":"Sa af\u00ebr, sa larg! - FjALA e LIR\u00cb - Arkivi","og_description":"Albin Kurti, 04.06.2010 Korporata si nj\u00eb peshkaqen i madh pret e shikon se cili peshk \u00ebsht\u00eb mjaft i madh q\u00eb ta marr\u00eb mundin p\u00ebr ta ngr\u00ebn\u00eb. Edhe i k\u00ebtill\u00eb \u00ebsht\u00eb kuptimi i integrimeve rajonale t\u00eb fqinj\u00ebsis\u00eb s\u00eb mir\u00eb n\u00eb k\u00ebto vendet e Ballkanit per\u00ebndimor q\u00eb vazhdojn\u00eb t\u00eb mbesin jasht\u00eb BE-s\u00eb. Kompanit\u00eb e m\u00ebdha t\u00eb rajonit [&hellip;]","og_url":"https:\/\/fjala.info\/2009-2015\/sa-afer-sa-larg\/","og_site_name":"FjALA e LIR\u00cb - Arkivi","article_published_time":"2010-06-04T09:39:16+00:00","og_image":[{"url":"http:\/\/www.shkoder.net\/images\/fjala\/2010\/albin_kurti.jpg","type":"","width":"","height":""}],"author":"admin","twitter_card":"summary_large_image","twitter_misc":{"Written by":"admin","Est. reading time":"3 minutes"},"schema":{"@context":"https:\/\/schema.org","@graph":[{"@type":"Article","@id":"https:\/\/fjala.info\/2009-2015\/sa-afer-sa-larg\/#article","isPartOf":{"@id":"https:\/\/fjala.info\/2009-2015\/sa-afer-sa-larg\/"},"author":{"name":"admin","@id":"https:\/\/fjala.info\/2009-2015\/#\/schema\/person\/3aa1163ef05469c496fc94e77611ada2"},"headline":"Sa af\u00ebr, sa larg!","datePublished":"2010-06-04T09:39:16+00:00","mainEntityOfPage":{"@id":"https:\/\/fjala.info\/2009-2015\/sa-afer-sa-larg\/"},"wordCount":698,"commentCount":0,"publisher":{"@id":"https:\/\/fjala.info\/2009-2015\/#organization"},"image":{"@id":"https:\/\/fjala.info\/2009-2015\/sa-afer-sa-larg\/#primaryimage"},"thumbnailUrl":"http:\/\/www.shkoder.net\/images\/fjala\/2010\/albin_kurti.jpg","articleSection":["Artikuj"],"inLanguage":"sq-AL","potentialAction":[{"@type":"CommentAction","name":"Comment","target":["https:\/\/fjala.info\/2009-2015\/sa-afer-sa-larg\/#respond"]}]},{"@type":"WebPage","@id":"https:\/\/fjala.info\/2009-2015\/sa-afer-sa-larg\/","url":"https:\/\/fjala.info\/2009-2015\/sa-afer-sa-larg\/","name":"Sa af\u00ebr, sa larg! - FjALA e LIR\u00cb - Arkivi","isPartOf":{"@id":"https:\/\/fjala.info\/2009-2015\/#website"},"primaryImageOfPage":{"@id":"https:\/\/fjala.info\/2009-2015\/sa-afer-sa-larg\/#primaryimage"},"image":{"@id":"https:\/\/fjala.info\/2009-2015\/sa-afer-sa-larg\/#primaryimage"},"thumbnailUrl":"http:\/\/www.shkoder.net\/images\/fjala\/2010\/albin_kurti.jpg","datePublished":"2010-06-04T09:39:16+00:00","breadcrumb":{"@id":"https:\/\/fjala.info\/2009-2015\/sa-afer-sa-larg\/#breadcrumb"},"inLanguage":"sq-AL","potentialAction":[{"@type":"ReadAction","target":["https:\/\/fjala.info\/2009-2015\/sa-afer-sa-larg\/"]}]},{"@type":"ImageObject","inLanguage":"sq-AL","@id":"https:\/\/fjala.info\/2009-2015\/sa-afer-sa-larg\/#primaryimage","url":"http:\/\/www.shkoder.net\/images\/fjala\/2010\/albin_kurti.jpg","contentUrl":"http:\/\/www.shkoder.net\/images\/fjala\/2010\/albin_kurti.jpg"},{"@type":"BreadcrumbList","@id":"https:\/\/fjala.info\/2009-2015\/sa-afer-sa-larg\/#breadcrumb","itemListElement":[{"@type":"ListItem","position":1,"name":"Home","item":"https:\/\/fjala.info\/2009-2015\/"},{"@type":"ListItem","position":2,"name":"Sa af\u00ebr, sa larg!"}]},{"@type":"WebSite","@id":"https:\/\/fjala.info\/2009-2015\/#website","url":"https:\/\/fjala.info\/2009-2015\/","name":"FjALA e LIR\u00cb - Arkivi","description":"Arkivi 2009-2015","publisher":{"@id":"https:\/\/fjala.info\/2009-2015\/#organization"},"potentialAction":[{"@type":"SearchAction","target":{"@type":"EntryPoint","urlTemplate":"https:\/\/fjala.info\/2009-2015\/?s={search_term_string}"},"query-input":{"@type":"PropertyValueSpecification","valueRequired":true,"valueName":"search_term_string"}}],"inLanguage":"sq-AL"},{"@type":"Organization","@id":"https:\/\/fjala.info\/2009-2015\/#organization","name":"FjALA e LIR\u00cb - Arkivi","url":"https:\/\/fjala.info\/2009-2015\/","logo":{"@type":"ImageObject","inLanguage":"sq-AL","@id":"https:\/\/fjala.info\/2009-2015\/#\/schema\/logo\/image\/","url":"","contentUrl":"","caption":"FjALA e LIR\u00cb - Arkivi"},"image":{"@id":"https:\/\/fjala.info\/2009-2015\/#\/schema\/logo\/image\/"}},{"@type":"Person","@id":"https:\/\/fjala.info\/2009-2015\/#\/schema\/person\/3aa1163ef05469c496fc94e77611ada2","name":"admin","image":{"@type":"ImageObject","inLanguage":"sq-AL","@id":"https:\/\/fjala.info\/2009-2015\/wp-content\/uploads\/2012\/02\/arben_cokaj-120x150.jpg","url":"https:\/\/fjala.info\/2009-2015\/wp-content\/uploads\/2012\/02\/arben_cokaj-120x150.jpg","contentUrl":"https:\/\/fjala.info\/2009-2015\/wp-content\/uploads\/2012\/02\/arben_cokaj-120x150.jpg","caption":"admin"},"description":"Admin, Fjala e Lir\u00eb","sameAs":["https:\/\/fjala.info\/"],"url":"https:\/\/fjala.info\/2009-2015\/author\/admin\/"}]}},"_links":{"self":[{"href":"https:\/\/fjala.info\/2009-2015\/wp-json\/wp\/v2\/posts\/2928","targetHints":{"allow":["GET"]}}],"collection":[{"href":"https:\/\/fjala.info\/2009-2015\/wp-json\/wp\/v2\/posts"}],"about":[{"href":"https:\/\/fjala.info\/2009-2015\/wp-json\/wp\/v2\/types\/post"}],"author":[{"embeddable":true,"href":"https:\/\/fjala.info\/2009-2015\/wp-json\/wp\/v2\/users\/1"}],"replies":[{"embeddable":true,"href":"https:\/\/fjala.info\/2009-2015\/wp-json\/wp\/v2\/comments?post=2928"}],"version-history":[{"count":0,"href":"https:\/\/fjala.info\/2009-2015\/wp-json\/wp\/v2\/posts\/2928\/revisions"}],"wp:attachment":[{"href":"https:\/\/fjala.info\/2009-2015\/wp-json\/wp\/v2\/media?parent=2928"}],"wp:term":[{"taxonomy":"category","embeddable":true,"href":"https:\/\/fjala.info\/2009-2015\/wp-json\/wp\/v2\/categories?post=2928"},{"taxonomy":"post_tag","embeddable":true,"href":"https:\/\/fjala.info\/2009-2015\/wp-json\/wp\/v2\/tags?post=2928"}],"curies":[{"name":"wp","href":"https:\/\/api.w.org\/{rel}","templated":true}]}}