{"id":2925,"date":"2010-06-04T10:30:54","date_gmt":"2010-06-04T09:30:54","guid":{"rendered":"http:\/\/fjala.shkoder.net\/?p=2925"},"modified":"2010-06-04T10:30:54","modified_gmt":"2010-06-04T09:30:54","slug":"timonieri-i-rrangalles","status":"publish","type":"post","link":"https:\/\/fjala.info\/2009-2015\/timonieri-i-rrangalles\/","title":{"rendered":"Timonieri i rrangall\u00ebs"},"content":{"rendered":"<p><img decoding=\"async\" style=\"margin-left: 10px; margin-right: 10px; border: 0px;\" src=\"http:\/\/www.shkoder.net\/images\/fjala\/taulant_balla.jpg\" border=\"0\" alt=\"Taulant Balla\" width=\"150\" align=\"left\" \/><\/p>\n<p><strong>Taulant Balla<\/strong>, <em>03.06.2010<\/em><\/p>\n<p>Duket qart\u00eb tashm\u00eb se timonieri i rrangall\u00ebs s\u00eb k\u00ebsaj mazhorance i \u00ebsht\u00eb rikthyer zanatit t\u00eb vjet\u00ebr:<\/p>\n<p>Po b\u00ebn shurdhin p\u00ebrball\u00eb situat\u00ebs s\u00eb r\u00ebnd\u00eb politike ku e ka futur vendin me pap\u00ebrgjegjshm\u00ebrin\u00eb e vet.<\/p>\n<p>Po b\u00ebn sikur nuk i sheh e nuk i d\u00ebgjon shqet\u00ebsimet, k\u00ebrkesat e madje ultimatumet e miqve a partner\u00ebve tan\u00eb nd\u00ebrkomb\u00ebtar\u00eb p\u00ebr zgjidhjen e k\u00ebsaj krize.<\/p>\n<p>Po na tregon p\u00ebrralla p\u00ebr arritjet e papara t\u00eb qeveris\u00eb s\u00eb tij duke shpresuar se k\u00ebsisoj do t\u00eb arrij\u00eb t\u00eb mbuloj\u00eb diellin me shosh\u00eb dhe duke vepruar k\u00ebshtu po e fut vendin n\u00eb nj\u00eb qorrsokak me dem\u00eb e pasoja t\u00eb pallogaritshme p\u00ebr t\u00eb gjith\u00eb shqiptar\u00ebt!<\/p>\n<p>P\u00ebrse po i b\u00ebn t\u00eb gjitha k\u00ebto?<\/p>\n<p>Thjesht e vet\u00ebm p\u00ebr t\u00eb ruajtur nj\u00eb s\u00ebr\u00eb interesash klienteliste, personale e familjare, thjesht e vet\u00ebm p\u00ebr t\u00eb mos lejuar transparenc\u00ebn kushtetuese t\u00eb zgjedhjeve t\u00eb 28 qershorit, nga frika se hapja e kutive do t&#8217;u provonte nj\u00ebher\u00eb e mir\u00eb shqiptar\u00ebve at\u00eb q\u00eb ata tashme e din\u00eb:<\/p>\n<p>Sali Berisha nuk \u00ebsht\u00eb nj\u00eb kryeminist\u00ebr me vot\u00eb, por kryeministri i votave t\u00eb vjedhura, kjo mazhoranc\u00eb nuk \u00ebsht\u00eb nj\u00eb mazhoranc\u00eb me vot\u00eb, por nj\u00eb mazhoranc\u00eb e manipuluar votash. Gjithsesi frika apo fobit\u00eb e Sali Berish\u00ebs, jan\u00eb problemi i tij dhe aspak i joni, e as i miqve e partner\u00ebve tan\u00eb nd\u00ebrkomb\u00ebtar\u00eb.<\/p>\n<p>Kjo frik\u00eb e kjo fobi nga transparenca nuk p\u00ebrb\u00ebn nj\u00eb arsye t\u00eb pranueshme p\u00ebrse ne duhet t&#8217;i lejojm\u00eb timonierit t\u00eb k\u00ebsaj rrangalle t\u00eb mbaj\u00eb peng zgjidhjen e kriz\u00ebs n\u00eb Shqip\u00ebri.<\/p>\n<p>Sali Berisha e d\u00ebgjoi fare mir\u00eb ultimatumin e Strasburgut. Dhe ai i di mir\u00eb pasojat.<\/p>\n<p>N\u00eb asnj\u00eb moment tjet\u00ebr q\u00eb prej fundmandatit t\u00eb Saliut t\u00eb Par\u00eb, mesazhet dhe pritshm\u00ebrit\u00eb e partner\u00ebve euro-atlantik\u00eb t\u00eb Shqip\u00ebris\u00eb nuk kan\u00eb qen\u00eb kaq t\u00eb forta dhe ultimative.<\/p>\n<p>Miqt\u00eb europian\u00eb dhe amerikan\u00eb t\u00eb Shqip\u00ebris\u00eb jan\u00eb t\u00eb shqet\u00ebsuar p\u00ebr kriz\u00ebn politike, jan\u00eb t\u00eb shqet\u00ebsuar p\u00ebr kriz\u00ebn institucionale, jan\u00eb t\u00eb shqet\u00ebsuar p\u00ebr kriz\u00ebn e qeverisjes, jan\u00eb t\u00eb shqet\u00ebsuar p\u00ebr kriz\u00ebn e transparenc\u00ebs n\u00eb Shqip\u00ebri.<\/p>\n<p>Prandaj i k\u00ebrkojm\u00eb sot Sali Berish\u00ebs t\u00eb mos e p\u00ebrs\u00ebris\u00eb edhe nj\u00ebher\u00eb gabimin e madh q\u00eb b\u00ebri n\u00eb 1996, duke injoruar k\u00ebrkesat e partner\u00ebve t\u00eb Shqip\u00ebris\u00eb. Vet\u00ebm dy dit\u00eb m\u00eb par\u00eb komisioni i jasht\u00ebm i PE vendosi t\u00eb shtyj\u00eb votimin e rezolut\u00ebs p\u00ebr Shqip\u00ebrin\u00eb, nd\u00ebrkoh\u00eb q\u00eb miratoi pa m\u00eb t\u00eb voglin hezitim rezolut\u00ebn p\u00ebr Bosnj\u00ebn. Mesazhi ishte i qart\u00eb: t\u00eb zgjidhet kriza e transparenc\u00ebs, t\u00eb zgjidhet kriza politike.<\/p>\n<p>Zonja dhe zot\u00ebrinj,<\/p>\n<p>Parlamenti Europian si dhe parlamentet e vendeve an\u00ebtare jan\u00eb institucione politike. E th\u00ebn\u00eb kjo dhe vendimmarrjet apo votimet jan\u00eb politike. Duhet t\u00eb jet\u00eb e qart\u00eb p\u00ebr k\u00ebdo se moszgjidhja e kriz\u00ebs rrezikon t\u00eb shtyj\u00eb apo t\u00eb ngrij\u00eb \u00e7do vendimmarrje p\u00ebr procesin e aplikimit p\u00ebr statusin e vendit kandidat apo l\u00ebvizjen e lir\u00eb.<\/p>\n<p>Zoti kryeminist\u00ebr udha e l\u00ebvizjes s\u00eb lir\u00eb dhe e integrimit t\u00eb vendit n\u00eb BE \u00ebsht\u00eb e gjat\u00eb, dhe fal\u00eb keqqeverisjes suaj ajo \u00ebsht\u00eb b\u00ebr\u00eb shum\u00eb m\u00eb e gjat\u00eb se \u00e7do duhej t\u00eb kishte qen\u00eb. D\u00ebshtimi p\u00ebr t\u00eb gjetur nj\u00eb zgjidhje p\u00ebr shkak t\u00eb kok\u00ebfort\u00ebsis\u00eb, pap\u00ebrgjegjshm\u00ebris\u00eb dhe frik\u00ebs suaj p\u00ebr t\u00eb lejuar hetimin e plot\u00eb dhe t\u00ebr\u00ebsisht kushtetues t\u00eb zgjedhjeve t\u00eb 28 qershorit, do t&#8217;u vononte shqiptar\u00ebve plot\u00ebsimin e \u00ebndrr\u00ebs p\u00ebr t\u00eb l\u00ebvizur t\u00eb lir\u00eb n\u00eb Europ\u00eb.<\/p>\n<p>Komisioni Europian i vuri Shqip\u00ebris\u00eb p\u00ebrs\u00ebri kushte p\u00ebr t\u00eb marr\u00eb liberalizimin e vizave. Ku m\u00eb kryesori ishte lufta kund\u00ebr korrupsionit dhe krimit t\u00eb organizuar. Si mund ta luftoj\u00eb korrupsionin nj\u00eb qeveri q\u00eb me parat\u00eb e korrupsionit dhe dhun\u00ebn e pushtetit, korrupton zgjedhjet!<\/p>\n<p>Si mund t\u00eb luftoj\u00eb korrupsionin nj\u00eb qeveri q\u00eb kultur\u00ebn e mosnd\u00ebshkimit e ka kthyer n\u00eb atun\u00eb e identitetit t\u00eb vet politik!<\/p>\n<p>Si mund ta luftoj\u00eb korrupsionin nj\u00eb kryeminist\u00ebr q\u00eb karrier\u00ebn e vet politike e ka bazuar mbi vjedhjen e vot\u00ebs!<\/p>\n<p>Dhe sinqerisht, un\u00eb dyshoj se ju do t\u00eb gjeni ndonj\u00ebher\u00eb vullnetin t\u00eb luftoni korrupsionin si\u00e7 ju k\u00ebrkoi me t\u00eb drejt\u00eb komisioni europian kur ju paraqiti 3 kriteret q\u00eb kan\u00eb mbetur p\u00ebr t\u00eb plot\u00ebsuar.<\/p>\n<p>Me pak fjal\u00eb, zonja dhe zot\u00ebrinj, nj\u00eb gj\u00eb \u00ebsht\u00eb e qart\u00eb tashm\u00eb:<\/p>\n<p>Sali Berisha nuk do t\u00eb gjej\u00eb kurr\u00eb forc\u00ebn, vullnetin, integritetin, p\u00ebrgjegjshm\u00ebrin\u00eb dhe pendes\u00ebn p\u00ebr t\u00eb luftuar korrupsionin e Sali Berish\u00ebs. Sidoqoft\u00eb, do t\u00eb ishte e udh\u00ebs q\u00eb t\u00eb pakt\u00ebn nj\u00ebher\u00eb t\u00eb vetme n\u00eb karrier\u00ebn tuaj zullum-plot\u00eb politike, ju Sali Berisha t\u00eb tregoheshit i p\u00ebrgjegjsh\u00ebm e t\u00eb pranonit nj\u00eb kompromis, t\u00eb cilin na e kan\u00eb ofruar miqt\u00eb tan\u00eb nd\u00ebrkomb\u00ebtar\u00eb dhe t\u00eb cilin Partia Socialiste tanim\u00eb e ka pranuar n\u00eb em\u00ebr t\u00eb interesave t\u00eb Shqip\u00ebris\u00eb.<\/p>\n<p>Pranojeni zoti kryeminist\u00ebr k\u00ebt\u00eb kompromis e hapini rrug\u00eb transparenc\u00ebs kushtetuese e normalizimit t\u00eb jet\u00ebs politike n\u00eb vend, p\u00ebr ti hapur k\u00ebsisoj rrug\u00ebn l\u00ebvizjes s\u00eb lir\u00eb dhe procesit t\u00eb integrimit europian, t\u00eb cilat miqt\u00eb e partner\u00ebt tan\u00eb i kan\u00eb kusht\u00ebzuar me zgjidhjen e kriz\u00ebs.<\/p>\n<p>Kjo kriz\u00eb \u00ebsht\u00eb e papranueshme p\u00ebr komunitetin nd\u00ebrkomb\u00ebtar, sepse s&#8217;ka vend e shoq\u00ebri demokratike q\u00eb t\u00eb pranoj\u00eb munges\u00ebn e transparenc\u00ebs si standard dhe mohimin e transparenc\u00ebs si nj\u00eb e drejt\u00eb e patjet\u00ebrsueshme kushtetuese n\u00eb demokraci.<\/p>\n","protected":false},"excerpt":{"rendered":"<p>Taulant Balla, 03.06.2010 Duket qart\u00eb tashm\u00eb se timonieri i rrangall\u00ebs s\u00eb k\u00ebsaj mazhorance i \u00ebsht\u00eb rikthyer zanatit t\u00eb vjet\u00ebr: Po b\u00ebn shurdhin p\u00ebrball\u00eb situat\u00ebs s\u00eb r\u00ebnd\u00eb politike ku e ka futur vendin me pap\u00ebrgjegjshm\u00ebrin\u00eb e vet. Po b\u00ebn sikur nuk i sheh e nuk i d\u00ebgjon shqet\u00ebsimet, k\u00ebrkesat e madje ultimatumet e miqve a partner\u00ebve [&hellip;]<\/p>\n","protected":false},"author":1,"featured_media":0,"comment_status":"open","ping_status":"closed","sticky":false,"template":"","format":"standard","meta":{"footnotes":""},"categories":[2],"tags":[],"class_list":{"0":"post-2925","1":"post","2":"type-post","3":"status-publish","4":"format-standard","6":"category-artikuj"},"yoast_head":"<!-- This site is optimized with the Yoast SEO plugin v27.4 - https:\/\/yoast.com\/product\/yoast-seo-wordpress\/ -->\n<title>Timonieri i rrangall\u00ebs - FjALA e LIR\u00cb - Arkivi<\/title>\n<meta name=\"robots\" content=\"index, follow, max-snippet:-1, max-image-preview:large, max-video-preview:-1\" \/>\n<link rel=\"canonical\" href=\"https:\/\/fjala.info\/2009-2015\/timonieri-i-rrangalles\/\" \/>\n<meta property=\"og:locale\" content=\"sq_AL\" \/>\n<meta property=\"og:type\" content=\"article\" \/>\n<meta property=\"og:title\" content=\"Timonieri i rrangall\u00ebs - FjALA e LIR\u00cb - Arkivi\" \/>\n<meta property=\"og:description\" content=\"Taulant Balla, 03.06.2010 Duket qart\u00eb tashm\u00eb se timonieri i rrangall\u00ebs s\u00eb k\u00ebsaj mazhorance i \u00ebsht\u00eb rikthyer zanatit t\u00eb vjet\u00ebr: Po b\u00ebn shurdhin p\u00ebrball\u00eb situat\u00ebs s\u00eb r\u00ebnd\u00eb politike ku e ka futur vendin me pap\u00ebrgjegjshm\u00ebrin\u00eb e vet. Po b\u00ebn sikur nuk i sheh e nuk i d\u00ebgjon shqet\u00ebsimet, k\u00ebrkesat e madje ultimatumet e miqve a partner\u00ebve [&hellip;]\" \/>\n<meta property=\"og:url\" content=\"https:\/\/fjala.info\/2009-2015\/timonieri-i-rrangalles\/\" \/>\n<meta property=\"og:site_name\" content=\"FjALA e LIR\u00cb - Arkivi\" \/>\n<meta property=\"article:published_time\" content=\"2010-06-04T09:30:54+00:00\" \/>\n<meta property=\"og:image\" content=\"http:\/\/www.shkoder.net\/images\/fjala\/taulant_balla.jpg\" \/>\n<meta name=\"author\" content=\"admin\" \/>\n<meta name=\"twitter:card\" content=\"summary_large_image\" \/>\n<meta name=\"twitter:label1\" content=\"Written by\" \/>\n\t<meta name=\"twitter:data1\" content=\"admin\" \/>\n\t<meta name=\"twitter:label2\" content=\"Est. reading time\" \/>\n\t<meta name=\"twitter:data2\" content=\"5 minutes\" \/>\n<script type=\"application\/ld+json\" class=\"yoast-schema-graph\">{\"@context\":\"https:\\\/\\\/schema.org\",\"@graph\":[{\"@type\":\"Article\",\"@id\":\"https:\\\/\\\/fjala.info\\\/2009-2015\\\/timonieri-i-rrangalles\\\/#article\",\"isPartOf\":{\"@id\":\"https:\\\/\\\/fjala.info\\\/2009-2015\\\/timonieri-i-rrangalles\\\/\"},\"author\":{\"name\":\"admin\",\"@id\":\"https:\\\/\\\/fjala.info\\\/2009-2015\\\/#\\\/schema\\\/person\\\/3aa1163ef05469c496fc94e77611ada2\"},\"headline\":\"Timonieri i rrangall\u00ebs\",\"datePublished\":\"2010-06-04T09:30:54+00:00\",\"mainEntityOfPage\":{\"@id\":\"https:\\\/\\\/fjala.info\\\/2009-2015\\\/timonieri-i-rrangalles\\\/\"},\"wordCount\":961,\"commentCount\":0,\"publisher\":{\"@id\":\"https:\\\/\\\/fjala.info\\\/2009-2015\\\/#organization\"},\"image\":{\"@id\":\"https:\\\/\\\/fjala.info\\\/2009-2015\\\/timonieri-i-rrangalles\\\/#primaryimage\"},\"thumbnailUrl\":\"http:\\\/\\\/www.shkoder.net\\\/images\\\/fjala\\\/taulant_balla.jpg\",\"articleSection\":[\"Artikuj\"],\"inLanguage\":\"sq-AL\",\"potentialAction\":[{\"@type\":\"CommentAction\",\"name\":\"Comment\",\"target\":[\"https:\\\/\\\/fjala.info\\\/2009-2015\\\/timonieri-i-rrangalles\\\/#respond\"]}]},{\"@type\":\"WebPage\",\"@id\":\"https:\\\/\\\/fjala.info\\\/2009-2015\\\/timonieri-i-rrangalles\\\/\",\"url\":\"https:\\\/\\\/fjala.info\\\/2009-2015\\\/timonieri-i-rrangalles\\\/\",\"name\":\"Timonieri i rrangall\u00ebs - FjALA e LIR\u00cb - Arkivi\",\"isPartOf\":{\"@id\":\"https:\\\/\\\/fjala.info\\\/2009-2015\\\/#website\"},\"primaryImageOfPage\":{\"@id\":\"https:\\\/\\\/fjala.info\\\/2009-2015\\\/timonieri-i-rrangalles\\\/#primaryimage\"},\"image\":{\"@id\":\"https:\\\/\\\/fjala.info\\\/2009-2015\\\/timonieri-i-rrangalles\\\/#primaryimage\"},\"thumbnailUrl\":\"http:\\\/\\\/www.shkoder.net\\\/images\\\/fjala\\\/taulant_balla.jpg\",\"datePublished\":\"2010-06-04T09:30:54+00:00\",\"breadcrumb\":{\"@id\":\"https:\\\/\\\/fjala.info\\\/2009-2015\\\/timonieri-i-rrangalles\\\/#breadcrumb\"},\"inLanguage\":\"sq-AL\",\"potentialAction\":[{\"@type\":\"ReadAction\",\"target\":[\"https:\\\/\\\/fjala.info\\\/2009-2015\\\/timonieri-i-rrangalles\\\/\"]}]},{\"@type\":\"ImageObject\",\"inLanguage\":\"sq-AL\",\"@id\":\"https:\\\/\\\/fjala.info\\\/2009-2015\\\/timonieri-i-rrangalles\\\/#primaryimage\",\"url\":\"http:\\\/\\\/www.shkoder.net\\\/images\\\/fjala\\\/taulant_balla.jpg\",\"contentUrl\":\"http:\\\/\\\/www.shkoder.net\\\/images\\\/fjala\\\/taulant_balla.jpg\"},{\"@type\":\"BreadcrumbList\",\"@id\":\"https:\\\/\\\/fjala.info\\\/2009-2015\\\/timonieri-i-rrangalles\\\/#breadcrumb\",\"itemListElement\":[{\"@type\":\"ListItem\",\"position\":1,\"name\":\"Home\",\"item\":\"https:\\\/\\\/fjala.info\\\/2009-2015\\\/\"},{\"@type\":\"ListItem\",\"position\":2,\"name\":\"Timonieri i rrangall\u00ebs\"}]},{\"@type\":\"WebSite\",\"@id\":\"https:\\\/\\\/fjala.info\\\/2009-2015\\\/#website\",\"url\":\"https:\\\/\\\/fjala.info\\\/2009-2015\\\/\",\"name\":\"FjALA e LIR\u00cb - Arkivi\",\"description\":\"Arkivi 2009-2015\",\"publisher\":{\"@id\":\"https:\\\/\\\/fjala.info\\\/2009-2015\\\/#organization\"},\"potentialAction\":[{\"@type\":\"SearchAction\",\"target\":{\"@type\":\"EntryPoint\",\"urlTemplate\":\"https:\\\/\\\/fjala.info\\\/2009-2015\\\/?s={search_term_string}\"},\"query-input\":{\"@type\":\"PropertyValueSpecification\",\"valueRequired\":true,\"valueName\":\"search_term_string\"}}],\"inLanguage\":\"sq-AL\"},{\"@type\":\"Organization\",\"@id\":\"https:\\\/\\\/fjala.info\\\/2009-2015\\\/#organization\",\"name\":\"FjALA e LIR\u00cb - Arkivi\",\"url\":\"https:\\\/\\\/fjala.info\\\/2009-2015\\\/\",\"logo\":{\"@type\":\"ImageObject\",\"inLanguage\":\"sq-AL\",\"@id\":\"https:\\\/\\\/fjala.info\\\/2009-2015\\\/#\\\/schema\\\/logo\\\/image\\\/\",\"url\":\"\",\"contentUrl\":\"\",\"caption\":\"FjALA e LIR\u00cb - Arkivi\"},\"image\":{\"@id\":\"https:\\\/\\\/fjala.info\\\/2009-2015\\\/#\\\/schema\\\/logo\\\/image\\\/\"}},{\"@type\":\"Person\",\"@id\":\"https:\\\/\\\/fjala.info\\\/2009-2015\\\/#\\\/schema\\\/person\\\/3aa1163ef05469c496fc94e77611ada2\",\"name\":\"admin\",\"image\":{\"@type\":\"ImageObject\",\"inLanguage\":\"sq-AL\",\"@id\":\"https:\\\/\\\/fjala.info\\\/2009-2015\\\/wp-content\\\/uploads\\\/2012\\\/02\\\/arben_cokaj-120x150.jpg\",\"url\":\"https:\\\/\\\/fjala.info\\\/2009-2015\\\/wp-content\\\/uploads\\\/2012\\\/02\\\/arben_cokaj-120x150.jpg\",\"contentUrl\":\"https:\\\/\\\/fjala.info\\\/2009-2015\\\/wp-content\\\/uploads\\\/2012\\\/02\\\/arben_cokaj-120x150.jpg\",\"caption\":\"admin\"},\"description\":\"Admin, Fjala e Lir\u00eb\",\"sameAs\":[\"https:\\\/\\\/fjala.info\\\/\"],\"url\":\"https:\\\/\\\/fjala.info\\\/2009-2015\\\/author\\\/admin\\\/\"}]}<\/script>\n<!-- \/ Yoast SEO plugin. -->","yoast_head_json":{"title":"Timonieri i rrangall\u00ebs - FjALA e LIR\u00cb - Arkivi","robots":{"index":"index","follow":"follow","max-snippet":"max-snippet:-1","max-image-preview":"max-image-preview:large","max-video-preview":"max-video-preview:-1"},"canonical":"https:\/\/fjala.info\/2009-2015\/timonieri-i-rrangalles\/","og_locale":"sq_AL","og_type":"article","og_title":"Timonieri i rrangall\u00ebs - FjALA e LIR\u00cb - Arkivi","og_description":"Taulant Balla, 03.06.2010 Duket qart\u00eb tashm\u00eb se timonieri i rrangall\u00ebs s\u00eb k\u00ebsaj mazhorance i \u00ebsht\u00eb rikthyer zanatit t\u00eb vjet\u00ebr: Po b\u00ebn shurdhin p\u00ebrball\u00eb situat\u00ebs s\u00eb r\u00ebnd\u00eb politike ku e ka futur vendin me pap\u00ebrgjegjshm\u00ebrin\u00eb e vet. Po b\u00ebn sikur nuk i sheh e nuk i d\u00ebgjon shqet\u00ebsimet, k\u00ebrkesat e madje ultimatumet e miqve a partner\u00ebve [&hellip;]","og_url":"https:\/\/fjala.info\/2009-2015\/timonieri-i-rrangalles\/","og_site_name":"FjALA e LIR\u00cb - Arkivi","article_published_time":"2010-06-04T09:30:54+00:00","og_image":[{"url":"http:\/\/www.shkoder.net\/images\/fjala\/taulant_balla.jpg","type":"","width":"","height":""}],"author":"admin","twitter_card":"summary_large_image","twitter_misc":{"Written by":"admin","Est. reading time":"5 minutes"},"schema":{"@context":"https:\/\/schema.org","@graph":[{"@type":"Article","@id":"https:\/\/fjala.info\/2009-2015\/timonieri-i-rrangalles\/#article","isPartOf":{"@id":"https:\/\/fjala.info\/2009-2015\/timonieri-i-rrangalles\/"},"author":{"name":"admin","@id":"https:\/\/fjala.info\/2009-2015\/#\/schema\/person\/3aa1163ef05469c496fc94e77611ada2"},"headline":"Timonieri i rrangall\u00ebs","datePublished":"2010-06-04T09:30:54+00:00","mainEntityOfPage":{"@id":"https:\/\/fjala.info\/2009-2015\/timonieri-i-rrangalles\/"},"wordCount":961,"commentCount":0,"publisher":{"@id":"https:\/\/fjala.info\/2009-2015\/#organization"},"image":{"@id":"https:\/\/fjala.info\/2009-2015\/timonieri-i-rrangalles\/#primaryimage"},"thumbnailUrl":"http:\/\/www.shkoder.net\/images\/fjala\/taulant_balla.jpg","articleSection":["Artikuj"],"inLanguage":"sq-AL","potentialAction":[{"@type":"CommentAction","name":"Comment","target":["https:\/\/fjala.info\/2009-2015\/timonieri-i-rrangalles\/#respond"]}]},{"@type":"WebPage","@id":"https:\/\/fjala.info\/2009-2015\/timonieri-i-rrangalles\/","url":"https:\/\/fjala.info\/2009-2015\/timonieri-i-rrangalles\/","name":"Timonieri i rrangall\u00ebs - FjALA e LIR\u00cb - Arkivi","isPartOf":{"@id":"https:\/\/fjala.info\/2009-2015\/#website"},"primaryImageOfPage":{"@id":"https:\/\/fjala.info\/2009-2015\/timonieri-i-rrangalles\/#primaryimage"},"image":{"@id":"https:\/\/fjala.info\/2009-2015\/timonieri-i-rrangalles\/#primaryimage"},"thumbnailUrl":"http:\/\/www.shkoder.net\/images\/fjala\/taulant_balla.jpg","datePublished":"2010-06-04T09:30:54+00:00","breadcrumb":{"@id":"https:\/\/fjala.info\/2009-2015\/timonieri-i-rrangalles\/#breadcrumb"},"inLanguage":"sq-AL","potentialAction":[{"@type":"ReadAction","target":["https:\/\/fjala.info\/2009-2015\/timonieri-i-rrangalles\/"]}]},{"@type":"ImageObject","inLanguage":"sq-AL","@id":"https:\/\/fjala.info\/2009-2015\/timonieri-i-rrangalles\/#primaryimage","url":"http:\/\/www.shkoder.net\/images\/fjala\/taulant_balla.jpg","contentUrl":"http:\/\/www.shkoder.net\/images\/fjala\/taulant_balla.jpg"},{"@type":"BreadcrumbList","@id":"https:\/\/fjala.info\/2009-2015\/timonieri-i-rrangalles\/#breadcrumb","itemListElement":[{"@type":"ListItem","position":1,"name":"Home","item":"https:\/\/fjala.info\/2009-2015\/"},{"@type":"ListItem","position":2,"name":"Timonieri i rrangall\u00ebs"}]},{"@type":"WebSite","@id":"https:\/\/fjala.info\/2009-2015\/#website","url":"https:\/\/fjala.info\/2009-2015\/","name":"FjALA e LIR\u00cb - Arkivi","description":"Arkivi 2009-2015","publisher":{"@id":"https:\/\/fjala.info\/2009-2015\/#organization"},"potentialAction":[{"@type":"SearchAction","target":{"@type":"EntryPoint","urlTemplate":"https:\/\/fjala.info\/2009-2015\/?s={search_term_string}"},"query-input":{"@type":"PropertyValueSpecification","valueRequired":true,"valueName":"search_term_string"}}],"inLanguage":"sq-AL"},{"@type":"Organization","@id":"https:\/\/fjala.info\/2009-2015\/#organization","name":"FjALA e LIR\u00cb - Arkivi","url":"https:\/\/fjala.info\/2009-2015\/","logo":{"@type":"ImageObject","inLanguage":"sq-AL","@id":"https:\/\/fjala.info\/2009-2015\/#\/schema\/logo\/image\/","url":"","contentUrl":"","caption":"FjALA e LIR\u00cb - Arkivi"},"image":{"@id":"https:\/\/fjala.info\/2009-2015\/#\/schema\/logo\/image\/"}},{"@type":"Person","@id":"https:\/\/fjala.info\/2009-2015\/#\/schema\/person\/3aa1163ef05469c496fc94e77611ada2","name":"admin","image":{"@type":"ImageObject","inLanguage":"sq-AL","@id":"https:\/\/fjala.info\/2009-2015\/wp-content\/uploads\/2012\/02\/arben_cokaj-120x150.jpg","url":"https:\/\/fjala.info\/2009-2015\/wp-content\/uploads\/2012\/02\/arben_cokaj-120x150.jpg","contentUrl":"https:\/\/fjala.info\/2009-2015\/wp-content\/uploads\/2012\/02\/arben_cokaj-120x150.jpg","caption":"admin"},"description":"Admin, Fjala e Lir\u00eb","sameAs":["https:\/\/fjala.info\/"],"url":"https:\/\/fjala.info\/2009-2015\/author\/admin\/"}]}},"_links":{"self":[{"href":"https:\/\/fjala.info\/2009-2015\/wp-json\/wp\/v2\/posts\/2925","targetHints":{"allow":["GET"]}}],"collection":[{"href":"https:\/\/fjala.info\/2009-2015\/wp-json\/wp\/v2\/posts"}],"about":[{"href":"https:\/\/fjala.info\/2009-2015\/wp-json\/wp\/v2\/types\/post"}],"author":[{"embeddable":true,"href":"https:\/\/fjala.info\/2009-2015\/wp-json\/wp\/v2\/users\/1"}],"replies":[{"embeddable":true,"href":"https:\/\/fjala.info\/2009-2015\/wp-json\/wp\/v2\/comments?post=2925"}],"version-history":[{"count":0,"href":"https:\/\/fjala.info\/2009-2015\/wp-json\/wp\/v2\/posts\/2925\/revisions"}],"wp:attachment":[{"href":"https:\/\/fjala.info\/2009-2015\/wp-json\/wp\/v2\/media?parent=2925"}],"wp:term":[{"taxonomy":"category","embeddable":true,"href":"https:\/\/fjala.info\/2009-2015\/wp-json\/wp\/v2\/categories?post=2925"},{"taxonomy":"post_tag","embeddable":true,"href":"https:\/\/fjala.info\/2009-2015\/wp-json\/wp\/v2\/tags?post=2925"}],"curies":[{"name":"wp","href":"https:\/\/api.w.org\/{rel}","templated":true}]}}