{"id":2919,"date":"2012-05-22T22:10:58","date_gmt":"2012-05-22T21:10:58","guid":{"rendered":"http:\/\/www.fjala.info\/?p=2919"},"modified":"2012-05-22T22:10:58","modified_gmt":"2012-05-22T21:10:58","slug":"shenim-shteti-dhe-tragjedite-tona-kombetare","status":"publish","type":"post","link":"https:\/\/fjala.info\/2009-2015\/shenim-shteti-dhe-tragjedite-tona-kombetare\/","title":{"rendered":"SHENIM\/ Shteti dhe tragjedit\u00eb tona komb\u00ebtare"},"content":{"rendered":"<p><img decoding=\"async\" class=\"alignright size-thumbnail wp-image-7236\" title=\"Urgjenca\" src=\"http:\/\/www.fjala.info\/2012\/urgjenca.jpg\" alt=\"\" width=\"300\" \/> <strong>Vizion Plus<\/strong>, <em>22 Maj 2012 <\/em><\/p>\n<p>Tragjedia e s\u00eb h\u00ebn\u00ebs n\u00eb Himar\u00eb vuri edhe nj\u00eb her\u00eb n\u00eb prov\u00eb shtetin q\u00eb kemi, n\u00eb terezin\u00eb e funksionimit te tij. Ngjarja me bilanc t\u00eb friksh\u00ebm, jo vet\u00ebm nuk u parandalua, por edhe pasoja e saj nuk u mir\u00ebmenaxhua. U desh\u00ebn t\u00eb pakt\u00ebn 13 jet\u00eb t\u00eb reja dhe mbi 20 plagosje, q\u00eb t\u00eb ringrem\u00eb dilemat mbi pasigurit\u00eb q\u00eb na bashk\u00ebshoq\u00ebrojn\u00eb, q\u00eb nga cil\u00ebsia e diskutueshme e rrug\u00ebve pa panele mbrojt\u00ebse dhe pa sinjalistik\u00eb e deri tek m\u00ebnyra sesi universiteti organizoi udh\u00ebtimin drejt ferrit.<\/p>\n<p>Nj\u00eb dit\u00eb pas fatkeq\u00ebsis\u00eb askush nuk di t\u00eb thot\u00eb se pse ndodhi. Mund t\u00eb mendojm\u00eb q\u00eb rruga buz\u00eb humnere p\u00ebrpiu t\u00eb rinjt\u00eb nj\u00eblloj si\u00e7 mund t\u00eb akuzojm\u00eb p\u00ebr k\u00ebt\u00eb cil\u00ebsin\u00eb teknike t\u00eb automjeteve q\u00eb p\u00ebrdorim, apo profesionalizmin e drejtuesve t\u00eb tyre. Menaxhimi i emergjenc\u00ebs ishte s\u00ebrish nj\u00eb pik\u00eb tjet\u00ebr e dob\u00ebt.<\/p>\n<p>Edhe pse zelli dukej i padiskutuesh\u00ebm, \u00e7do gj\u00eb tjet\u00ebr nuk ishte e till\u00eb, qe nga mungesa e gjakut n\u00eb spitale, l\u00ebvizja e ambulancave dhe helikopter\u00ebve, p\u00ebr t\u00eb mos folur p\u00ebr informacionin q\u00eb tejkaloi \u00e7do logjik\u00eb njer\u00ebzore. P\u00ebrgjat\u00eb gjith\u00eb dit\u00ebs s\u00eb h\u00ebn\u00eb dhe paraditen e s\u00eb mart\u00ebs, pati vet\u00ebm nj\u00eb komunikat\u00eb nga policia e shtetit, nd\u00ebrsa t\u00eb gjitha institucionet n\u00eb p\u00ebrpjekje p\u00ebr t\u00eb treguar se po b\u00ebnin t\u00eb pamundur\u00ebn ne k\u00ebt\u00eb situate, u turr\u00ebn t\u00eb japin t\u00eb dh\u00ebna t\u00eb m\u00ebvet\u00ebsishme, q\u00eb m\u00eb s\u00eb shumti shtuan kaosin.<\/p>\n<p>Madje n\u00eb k\u00ebt\u00eb gar\u00eb t\u00eb ashtuquajtur informative u rreshtuan edhe mediat me manin\u00eb p\u00ebr t\u00eb dh\u00ebn\u00eb gjith\u00e7ka pa asnj\u00eb filt\u00ebr, gj\u00eb q\u00eb kulmoi deri me leximin e 200 emrave t\u00eb kursit t\u00eb student\u00ebve t\u00eb Elbasanit, mes t\u00eb cil\u00ebve duhet t\u00eb ishin edhe viktimat, duke krijuar nj\u00eb panik t\u00eb panevojsh\u00ebm mes familjeve te tyre dhe gjith\u00eb shoq\u00ebris\u00eb q\u00eb mbante frym\u00ebn n\u00eb respekt t\u00eb tragjedis\u00eb. Ngjarja e djeshme p\u00ebr fat te keq testoi shtetin dhe t\u00eb gjith\u00ebve ne. Dhe k\u00ebt\u00eb test, mesa duket nuk e kaluam fort mir\u00eb.<\/p>\n","protected":false},"excerpt":{"rendered":"<p>Vizion Plus, 22 Maj 2012 Tragjedia e s\u00eb h\u00ebn\u00ebs n\u00eb Himar\u00eb vuri edhe nj\u00eb her\u00eb n\u00eb prov\u00eb shtetin q\u00eb kemi, n\u00eb terezin\u00eb e funksionimit te tij. Ngjarja me bilanc t\u00eb friksh\u00ebm, jo vet\u00ebm nuk u parandalua, por edhe pasoja e saj nuk u mir\u00ebmenaxhua. U desh\u00ebn t\u00eb pakt\u00ebn 13 jet\u00eb t\u00eb reja dhe mbi 20 [&hellip;]<\/p>\n","protected":false},"author":1,"featured_media":0,"comment_status":"open","ping_status":"closed","sticky":false,"template":"","format":"standard","meta":{"footnotes":""},"categories":[2],"tags":[],"class_list":{"0":"post-2919","1":"post","2":"type-post","3":"status-publish","4":"format-standard","6":"category-artikuj"},"yoast_head":"<!-- This site is optimized with the Yoast SEO plugin v27.4 - https:\/\/yoast.com\/product\/yoast-seo-wordpress\/ -->\n<title>SHENIM\/ Shteti dhe tragjedit\u00eb tona komb\u00ebtare - FjALA e LIR\u00cb - Arkivi<\/title>\n<meta name=\"robots\" content=\"index, follow, max-snippet:-1, max-image-preview:large, max-video-preview:-1\" \/>\n<link rel=\"canonical\" href=\"https:\/\/fjala.info\/2009-2015\/shenim-shteti-dhe-tragjedite-tona-kombetare\/\" \/>\n<meta property=\"og:locale\" content=\"sq_AL\" \/>\n<meta property=\"og:type\" content=\"article\" \/>\n<meta property=\"og:title\" content=\"SHENIM\/ Shteti dhe tragjedit\u00eb tona komb\u00ebtare - FjALA e LIR\u00cb - Arkivi\" \/>\n<meta property=\"og:description\" content=\"Vizion Plus, 22 Maj 2012 Tragjedia e s\u00eb h\u00ebn\u00ebs n\u00eb Himar\u00eb vuri edhe nj\u00eb her\u00eb n\u00eb prov\u00eb shtetin q\u00eb kemi, n\u00eb terezin\u00eb e funksionimit te tij. Ngjarja me bilanc t\u00eb friksh\u00ebm, jo vet\u00ebm nuk u parandalua, por edhe pasoja e saj nuk u mir\u00ebmenaxhua. U desh\u00ebn t\u00eb pakt\u00ebn 13 jet\u00eb t\u00eb reja dhe mbi 20 [&hellip;]\" \/>\n<meta property=\"og:url\" content=\"https:\/\/fjala.info\/2009-2015\/shenim-shteti-dhe-tragjedite-tona-kombetare\/\" \/>\n<meta property=\"og:site_name\" content=\"FjALA e LIR\u00cb - Arkivi\" \/>\n<meta property=\"article:published_time\" content=\"2012-05-22T21:10:58+00:00\" \/>\n<meta property=\"og:image\" content=\"http:\/\/www.fjala.info\/2012\/urgjenca.jpg\" \/>\n<meta name=\"author\" content=\"admin\" \/>\n<meta name=\"twitter:card\" content=\"summary_large_image\" \/>\n<meta name=\"twitter:label1\" content=\"Written by\" \/>\n\t<meta name=\"twitter:data1\" content=\"admin\" \/>\n\t<meta name=\"twitter:label2\" content=\"Est. reading time\" \/>\n\t<meta name=\"twitter:data2\" content=\"2 minutes\" \/>\n<script type=\"application\/ld+json\" class=\"yoast-schema-graph\">{\"@context\":\"https:\\\/\\\/schema.org\",\"@graph\":[{\"@type\":\"Article\",\"@id\":\"https:\\\/\\\/fjala.info\\\/2009-2015\\\/shenim-shteti-dhe-tragjedite-tona-kombetare\\\/#article\",\"isPartOf\":{\"@id\":\"https:\\\/\\\/fjala.info\\\/2009-2015\\\/shenim-shteti-dhe-tragjedite-tona-kombetare\\\/\"},\"author\":{\"name\":\"admin\",\"@id\":\"https:\\\/\\\/fjala.info\\\/2009-2015\\\/#\\\/schema\\\/person\\\/3aa1163ef05469c496fc94e77611ada2\"},\"headline\":\"SHENIM\\\/ Shteti dhe tragjedit\u00eb tona komb\u00ebtare\",\"datePublished\":\"2012-05-22T21:10:58+00:00\",\"mainEntityOfPage\":{\"@id\":\"https:\\\/\\\/fjala.info\\\/2009-2015\\\/shenim-shteti-dhe-tragjedite-tona-kombetare\\\/\"},\"wordCount\":372,\"commentCount\":0,\"publisher\":{\"@id\":\"https:\\\/\\\/fjala.info\\\/2009-2015\\\/#organization\"},\"image\":{\"@id\":\"https:\\\/\\\/fjala.info\\\/2009-2015\\\/shenim-shteti-dhe-tragjedite-tona-kombetare\\\/#primaryimage\"},\"thumbnailUrl\":\"http:\\\/\\\/www.fjala.info\\\/2012\\\/urgjenca.jpg\",\"articleSection\":[\"Artikuj\"],\"inLanguage\":\"sq-AL\",\"potentialAction\":[{\"@type\":\"CommentAction\",\"name\":\"Comment\",\"target\":[\"https:\\\/\\\/fjala.info\\\/2009-2015\\\/shenim-shteti-dhe-tragjedite-tona-kombetare\\\/#respond\"]}]},{\"@type\":\"WebPage\",\"@id\":\"https:\\\/\\\/fjala.info\\\/2009-2015\\\/shenim-shteti-dhe-tragjedite-tona-kombetare\\\/\",\"url\":\"https:\\\/\\\/fjala.info\\\/2009-2015\\\/shenim-shteti-dhe-tragjedite-tona-kombetare\\\/\",\"name\":\"SHENIM\\\/ Shteti dhe tragjedit\u00eb tona komb\u00ebtare - FjALA e LIR\u00cb - Arkivi\",\"isPartOf\":{\"@id\":\"https:\\\/\\\/fjala.info\\\/2009-2015\\\/#website\"},\"primaryImageOfPage\":{\"@id\":\"https:\\\/\\\/fjala.info\\\/2009-2015\\\/shenim-shteti-dhe-tragjedite-tona-kombetare\\\/#primaryimage\"},\"image\":{\"@id\":\"https:\\\/\\\/fjala.info\\\/2009-2015\\\/shenim-shteti-dhe-tragjedite-tona-kombetare\\\/#primaryimage\"},\"thumbnailUrl\":\"http:\\\/\\\/www.fjala.info\\\/2012\\\/urgjenca.jpg\",\"datePublished\":\"2012-05-22T21:10:58+00:00\",\"breadcrumb\":{\"@id\":\"https:\\\/\\\/fjala.info\\\/2009-2015\\\/shenim-shteti-dhe-tragjedite-tona-kombetare\\\/#breadcrumb\"},\"inLanguage\":\"sq-AL\",\"potentialAction\":[{\"@type\":\"ReadAction\",\"target\":[\"https:\\\/\\\/fjala.info\\\/2009-2015\\\/shenim-shteti-dhe-tragjedite-tona-kombetare\\\/\"]}]},{\"@type\":\"ImageObject\",\"inLanguage\":\"sq-AL\",\"@id\":\"https:\\\/\\\/fjala.info\\\/2009-2015\\\/shenim-shteti-dhe-tragjedite-tona-kombetare\\\/#primaryimage\",\"url\":\"http:\\\/\\\/www.fjala.info\\\/2012\\\/urgjenca.jpg\",\"contentUrl\":\"http:\\\/\\\/www.fjala.info\\\/2012\\\/urgjenca.jpg\"},{\"@type\":\"BreadcrumbList\",\"@id\":\"https:\\\/\\\/fjala.info\\\/2009-2015\\\/shenim-shteti-dhe-tragjedite-tona-kombetare\\\/#breadcrumb\",\"itemListElement\":[{\"@type\":\"ListItem\",\"position\":1,\"name\":\"Home\",\"item\":\"https:\\\/\\\/fjala.info\\\/2009-2015\\\/\"},{\"@type\":\"ListItem\",\"position\":2,\"name\":\"SHENIM\\\/ Shteti dhe tragjedit\u00eb tona komb\u00ebtare\"}]},{\"@type\":\"WebSite\",\"@id\":\"https:\\\/\\\/fjala.info\\\/2009-2015\\\/#website\",\"url\":\"https:\\\/\\\/fjala.info\\\/2009-2015\\\/\",\"name\":\"FjALA e LIR\u00cb - Arkivi\",\"description\":\"Arkivi 2009-2015\",\"publisher\":{\"@id\":\"https:\\\/\\\/fjala.info\\\/2009-2015\\\/#organization\"},\"potentialAction\":[{\"@type\":\"SearchAction\",\"target\":{\"@type\":\"EntryPoint\",\"urlTemplate\":\"https:\\\/\\\/fjala.info\\\/2009-2015\\\/?s={search_term_string}\"},\"query-input\":{\"@type\":\"PropertyValueSpecification\",\"valueRequired\":true,\"valueName\":\"search_term_string\"}}],\"inLanguage\":\"sq-AL\"},{\"@type\":\"Organization\",\"@id\":\"https:\\\/\\\/fjala.info\\\/2009-2015\\\/#organization\",\"name\":\"FjALA e LIR\u00cb - Arkivi\",\"url\":\"https:\\\/\\\/fjala.info\\\/2009-2015\\\/\",\"logo\":{\"@type\":\"ImageObject\",\"inLanguage\":\"sq-AL\",\"@id\":\"https:\\\/\\\/fjala.info\\\/2009-2015\\\/#\\\/schema\\\/logo\\\/image\\\/\",\"url\":\"\",\"contentUrl\":\"\",\"caption\":\"FjALA e LIR\u00cb - Arkivi\"},\"image\":{\"@id\":\"https:\\\/\\\/fjala.info\\\/2009-2015\\\/#\\\/schema\\\/logo\\\/image\\\/\"}},{\"@type\":\"Person\",\"@id\":\"https:\\\/\\\/fjala.info\\\/2009-2015\\\/#\\\/schema\\\/person\\\/3aa1163ef05469c496fc94e77611ada2\",\"name\":\"admin\",\"image\":{\"@type\":\"ImageObject\",\"inLanguage\":\"sq-AL\",\"@id\":\"https:\\\/\\\/fjala.info\\\/2009-2015\\\/wp-content\\\/uploads\\\/2012\\\/02\\\/arben_cokaj-120x150.jpg\",\"url\":\"https:\\\/\\\/fjala.info\\\/2009-2015\\\/wp-content\\\/uploads\\\/2012\\\/02\\\/arben_cokaj-120x150.jpg\",\"contentUrl\":\"https:\\\/\\\/fjala.info\\\/2009-2015\\\/wp-content\\\/uploads\\\/2012\\\/02\\\/arben_cokaj-120x150.jpg\",\"caption\":\"admin\"},\"description\":\"Admin, Fjala e Lir\u00eb\",\"sameAs\":[\"https:\\\/\\\/fjala.info\\\/\"],\"url\":\"https:\\\/\\\/fjala.info\\\/2009-2015\\\/author\\\/admin\\\/\"}]}<\/script>\n<!-- \/ Yoast SEO plugin. -->","yoast_head_json":{"title":"SHENIM\/ Shteti dhe tragjedit\u00eb tona komb\u00ebtare - FjALA e LIR\u00cb - Arkivi","robots":{"index":"index","follow":"follow","max-snippet":"max-snippet:-1","max-image-preview":"max-image-preview:large","max-video-preview":"max-video-preview:-1"},"canonical":"https:\/\/fjala.info\/2009-2015\/shenim-shteti-dhe-tragjedite-tona-kombetare\/","og_locale":"sq_AL","og_type":"article","og_title":"SHENIM\/ Shteti dhe tragjedit\u00eb tona komb\u00ebtare - FjALA e LIR\u00cb - Arkivi","og_description":"Vizion Plus, 22 Maj 2012 Tragjedia e s\u00eb h\u00ebn\u00ebs n\u00eb Himar\u00eb vuri edhe nj\u00eb her\u00eb n\u00eb prov\u00eb shtetin q\u00eb kemi, n\u00eb terezin\u00eb e funksionimit te tij. Ngjarja me bilanc t\u00eb friksh\u00ebm, jo vet\u00ebm nuk u parandalua, por edhe pasoja e saj nuk u mir\u00ebmenaxhua. U desh\u00ebn t\u00eb pakt\u00ebn 13 jet\u00eb t\u00eb reja dhe mbi 20 [&hellip;]","og_url":"https:\/\/fjala.info\/2009-2015\/shenim-shteti-dhe-tragjedite-tona-kombetare\/","og_site_name":"FjALA e LIR\u00cb - Arkivi","article_published_time":"2012-05-22T21:10:58+00:00","og_image":[{"url":"http:\/\/www.fjala.info\/2012\/urgjenca.jpg","type":"","width":"","height":""}],"author":"admin","twitter_card":"summary_large_image","twitter_misc":{"Written by":"admin","Est. reading time":"2 minutes"},"schema":{"@context":"https:\/\/schema.org","@graph":[{"@type":"Article","@id":"https:\/\/fjala.info\/2009-2015\/shenim-shteti-dhe-tragjedite-tona-kombetare\/#article","isPartOf":{"@id":"https:\/\/fjala.info\/2009-2015\/shenim-shteti-dhe-tragjedite-tona-kombetare\/"},"author":{"name":"admin","@id":"https:\/\/fjala.info\/2009-2015\/#\/schema\/person\/3aa1163ef05469c496fc94e77611ada2"},"headline":"SHENIM\/ Shteti dhe tragjedit\u00eb tona komb\u00ebtare","datePublished":"2012-05-22T21:10:58+00:00","mainEntityOfPage":{"@id":"https:\/\/fjala.info\/2009-2015\/shenim-shteti-dhe-tragjedite-tona-kombetare\/"},"wordCount":372,"commentCount":0,"publisher":{"@id":"https:\/\/fjala.info\/2009-2015\/#organization"},"image":{"@id":"https:\/\/fjala.info\/2009-2015\/shenim-shteti-dhe-tragjedite-tona-kombetare\/#primaryimage"},"thumbnailUrl":"http:\/\/www.fjala.info\/2012\/urgjenca.jpg","articleSection":["Artikuj"],"inLanguage":"sq-AL","potentialAction":[{"@type":"CommentAction","name":"Comment","target":["https:\/\/fjala.info\/2009-2015\/shenim-shteti-dhe-tragjedite-tona-kombetare\/#respond"]}]},{"@type":"WebPage","@id":"https:\/\/fjala.info\/2009-2015\/shenim-shteti-dhe-tragjedite-tona-kombetare\/","url":"https:\/\/fjala.info\/2009-2015\/shenim-shteti-dhe-tragjedite-tona-kombetare\/","name":"SHENIM\/ Shteti dhe tragjedit\u00eb tona komb\u00ebtare - FjALA e LIR\u00cb - Arkivi","isPartOf":{"@id":"https:\/\/fjala.info\/2009-2015\/#website"},"primaryImageOfPage":{"@id":"https:\/\/fjala.info\/2009-2015\/shenim-shteti-dhe-tragjedite-tona-kombetare\/#primaryimage"},"image":{"@id":"https:\/\/fjala.info\/2009-2015\/shenim-shteti-dhe-tragjedite-tona-kombetare\/#primaryimage"},"thumbnailUrl":"http:\/\/www.fjala.info\/2012\/urgjenca.jpg","datePublished":"2012-05-22T21:10:58+00:00","breadcrumb":{"@id":"https:\/\/fjala.info\/2009-2015\/shenim-shteti-dhe-tragjedite-tona-kombetare\/#breadcrumb"},"inLanguage":"sq-AL","potentialAction":[{"@type":"ReadAction","target":["https:\/\/fjala.info\/2009-2015\/shenim-shteti-dhe-tragjedite-tona-kombetare\/"]}]},{"@type":"ImageObject","inLanguage":"sq-AL","@id":"https:\/\/fjala.info\/2009-2015\/shenim-shteti-dhe-tragjedite-tona-kombetare\/#primaryimage","url":"http:\/\/www.fjala.info\/2012\/urgjenca.jpg","contentUrl":"http:\/\/www.fjala.info\/2012\/urgjenca.jpg"},{"@type":"BreadcrumbList","@id":"https:\/\/fjala.info\/2009-2015\/shenim-shteti-dhe-tragjedite-tona-kombetare\/#breadcrumb","itemListElement":[{"@type":"ListItem","position":1,"name":"Home","item":"https:\/\/fjala.info\/2009-2015\/"},{"@type":"ListItem","position":2,"name":"SHENIM\/ Shteti dhe tragjedit\u00eb tona komb\u00ebtare"}]},{"@type":"WebSite","@id":"https:\/\/fjala.info\/2009-2015\/#website","url":"https:\/\/fjala.info\/2009-2015\/","name":"FjALA e LIR\u00cb - Arkivi","description":"Arkivi 2009-2015","publisher":{"@id":"https:\/\/fjala.info\/2009-2015\/#organization"},"potentialAction":[{"@type":"SearchAction","target":{"@type":"EntryPoint","urlTemplate":"https:\/\/fjala.info\/2009-2015\/?s={search_term_string}"},"query-input":{"@type":"PropertyValueSpecification","valueRequired":true,"valueName":"search_term_string"}}],"inLanguage":"sq-AL"},{"@type":"Organization","@id":"https:\/\/fjala.info\/2009-2015\/#organization","name":"FjALA e LIR\u00cb - Arkivi","url":"https:\/\/fjala.info\/2009-2015\/","logo":{"@type":"ImageObject","inLanguage":"sq-AL","@id":"https:\/\/fjala.info\/2009-2015\/#\/schema\/logo\/image\/","url":"","contentUrl":"","caption":"FjALA e LIR\u00cb - Arkivi"},"image":{"@id":"https:\/\/fjala.info\/2009-2015\/#\/schema\/logo\/image\/"}},{"@type":"Person","@id":"https:\/\/fjala.info\/2009-2015\/#\/schema\/person\/3aa1163ef05469c496fc94e77611ada2","name":"admin","image":{"@type":"ImageObject","inLanguage":"sq-AL","@id":"https:\/\/fjala.info\/2009-2015\/wp-content\/uploads\/2012\/02\/arben_cokaj-120x150.jpg","url":"https:\/\/fjala.info\/2009-2015\/wp-content\/uploads\/2012\/02\/arben_cokaj-120x150.jpg","contentUrl":"https:\/\/fjala.info\/2009-2015\/wp-content\/uploads\/2012\/02\/arben_cokaj-120x150.jpg","caption":"admin"},"description":"Admin, Fjala e Lir\u00eb","sameAs":["https:\/\/fjala.info\/"],"url":"https:\/\/fjala.info\/2009-2015\/author\/admin\/"}]}},"_links":{"self":[{"href":"https:\/\/fjala.info\/2009-2015\/wp-json\/wp\/v2\/posts\/2919","targetHints":{"allow":["GET"]}}],"collection":[{"href":"https:\/\/fjala.info\/2009-2015\/wp-json\/wp\/v2\/posts"}],"about":[{"href":"https:\/\/fjala.info\/2009-2015\/wp-json\/wp\/v2\/types\/post"}],"author":[{"embeddable":true,"href":"https:\/\/fjala.info\/2009-2015\/wp-json\/wp\/v2\/users\/1"}],"replies":[{"embeddable":true,"href":"https:\/\/fjala.info\/2009-2015\/wp-json\/wp\/v2\/comments?post=2919"}],"version-history":[{"count":0,"href":"https:\/\/fjala.info\/2009-2015\/wp-json\/wp\/v2\/posts\/2919\/revisions"}],"wp:attachment":[{"href":"https:\/\/fjala.info\/2009-2015\/wp-json\/wp\/v2\/media?parent=2919"}],"wp:term":[{"taxonomy":"category","embeddable":true,"href":"https:\/\/fjala.info\/2009-2015\/wp-json\/wp\/v2\/categories?post=2919"},{"taxonomy":"post_tag","embeddable":true,"href":"https:\/\/fjala.info\/2009-2015\/wp-json\/wp\/v2\/tags?post=2919"}],"curies":[{"name":"wp","href":"https:\/\/api.w.org\/{rel}","templated":true}]}}