{"id":2917,"date":"2012-05-22T21:50:11","date_gmt":"2012-05-22T20:50:11","guid":{"rendered":"http:\/\/www.fjala.info\/?p=2917"},"modified":"2012-05-22T21:50:11","modified_gmt":"2012-05-22T20:50:11","slug":"thuajini-rudina-xhunges-se-ky-vend-vazhdon-te-na-vrase","status":"publish","type":"post","link":"https:\/\/fjala.info\/2009-2015\/thuajini-rudina-xhunges-se-ky-vend-vazhdon-te-na-vrase\/","title":{"rendered":"Thuajini Rudina Xhung\u00ebs se ky vend vazhdon t\u00eb na vras\u00eb"},"content":{"rendered":"<p><img decoding=\"async\" class=\"alignright size-thumbnail wp-image-7236\" title=\"Bledi Mane\" src=\"http:\/\/www.shkoder.net\/2012\/bledi_mane.jpg\" alt=\"\" width=\"150\" \/> Nga <strong>Bledi Mane<\/strong>&#8211; <em>Public Enemy<\/em>, <em>22 Maj 2012 <\/em><br \/>\n<a href=\"http:\/\/www.facebook.com\/bledi.mane\">www.facebook.com\/bledi.mane<\/a><\/p>\n<p>Manushaqe Margjeka nga Bujani i Tropoj\u00ebs nuk mundi t\u00eb jetonte m\u00eb gjat\u00eb. I dha fund jet\u00ebs vet\u00ebm tre dit\u00eb pas vet\u00ebvrasjes s\u00eb t\u00eb dashurit t\u00eb saj Abdulla Cenga. Ishin t\u00eb dy student\u00eb n\u00eb Durr\u00ebs dhe nuk mund\u00ebn dot t\u00eb kap\u00ebrdinin refuzimin e pragfejes\u00ebs prej familjar\u00ebve t\u00eb tyre. I dhan\u00eb lamtumir\u00ebn k\u00ebsaj bote n\u00eb kulmin e mosh\u00ebs dhe energjis\u00eb. Ai iku i pari dhe Manushaqja porsi engj\u00eblli besnik nuk mundej t\u00eb vazhdonte t\u00eb linte t\u00eb vetme gjysm\u00ebn e zemr\u00ebs s\u00eb saj. Porsi puhiza e bjeshk\u00ebs q\u00eb p\u00ebrk\u00ebdhel e futet mes barit t\u00eb l\u00ebndinave t\u00eb majit, tamam ashtu iu bashkua njeriut t\u00eb dashur t\u00eb saj n\u00eb at\u00eb bot\u00eb. Ishin n\u00eb t\u00eb 20-tat t\u00eb dy, dhe ik\u00ebn pa pishmanll\u00ebk prej bot\u00ebs son\u00eb t\u00eb f\u00eblliqur.<\/p>\n<p>Pak dit\u00eb m\u00eb pas, tamam vet\u00ebm pak dit\u00eb m\u00eb pas kur maji tallej me ne duke na lagur me shiun e nj\u00eb pranvere kapri\u00e7oze, 12 student\u00eb e studente n\u00eb mosh\u00ebn e Manushaqes dhe Abdullait i ik\u00ebn k\u00ebsaj bote mes tmerrit dhe llahtaris\u00eb. Jepnin shpirt posht\u00eb nj\u00eb humnere e nd\u00ebrsa zemrat u rrihnin p\u00ebr her\u00eb t\u00eb fundit, p\u00ebrcillnin n\u00eb grahmat finale kujtimet e nj\u00eb jete modestisht t\u00eb kompletuar. Vdiq\u00ebn t\u00eb p\u00ebrqafuar me nj\u00ebri-tjetrin p\u00ebr t\u00eb na treguar t\u00eb gjith\u00ebve se vdekja paska edhe \u00ebmb\u00eblsin\u00eb e t\u00eb t\u00eb marrit s\u00eb bashku. Bashk\u00eb ishin n\u00ebp\u00ebr leksione, seminare, facebook, konvikte, kafene, \u00ebndrra, party\u2026bashk\u00eb ishin edhe n\u00eb udh\u00ebtimin kur vdekja i mori sepse i duheshin.<\/p>\n<p>Ndoshta na gjen t\u00eb pap\u00ebrgatitur ose ndoshta na e ka ven\u00eb syrin mortja dhe sa her\u00eb i hapet oreksi i vjen v\u00ebrdall\u00eb k\u00ebtij vendi dhe pa kurrfar\u00eb respekti dhe kodi thjesht p\u00ebrlan ajk\u00ebn. Merr me vete vajza e djem t\u00eb rinj, t\u00eb cil\u00ebt i duhen atdheut m\u00eb tep\u00ebr dhe nuk e len\u00eb t\u00eb plaket. Diku shfaqet n\u00eb nj\u00eb kthes\u00eb rruge, diku n\u00eb nj\u00eb tyt\u00eb pistolete, diku n\u00eb nj\u00eb fshat t\u00eb n\u00ebmur, diku n\u00eb nj\u00eb universitet, diku n\u00eb nj\u00eb tregti t\u00eb f\u00eblliqur droge, diku n\u00eb nj\u00eb dallg\u00eb deti, diku n\u00eb nj\u00eb tavolin\u00eb kafeneje, diku n\u00eb nj\u00eb rrug\u00eb prostitutash. E nuk merr t\u00eb rast\u00ebsishmit, i piketon, i zgjedh dhe i zhduk nga kjo bot\u00eb q\u00ebllimisht.<\/p>\n<p>Vdekja sa hyjnore aq edhe aksidentale nuk duket aq naive sa t\u2019i bashkohet rutin\u00ebs. Vdekja ka shekuj q\u00eb e lodhur nga ky vend nuk mund ta ler\u00eb nektarin t\u00eb pjalmos\u00eb nj\u00eb hale t\u00eb qelbur. Ia di kimetin jet\u00ebs vet\u00eb vdekja dhe pasi shikon se ky vend thjesht i dembelos, i p\u00ebrtacon, i posht\u00ebron, i \u00e7energjizon, i \u00e7arsimon, i hallakat, i drogon, i p\u00ebrdhunon vajza e djem t\u00eb rinj thjesht i bie shkurt dhe e le pa rini k\u00ebt\u00eb cop\u00eb tok\u00eb mesdhetare. Vdekja e ka par\u00eb historikisht si romak\u00eb dhe helen\u00eb e p\u00ebrlanin ajk\u00ebn e rinis\u00eb s\u00eb k\u00ebtushme n\u00ebp\u00ebr aventurat e tyre. Osman\u00ebt i degdisnin nizam\u00eb n\u00ebp\u00ebr Qabe e Jemen, nacionalist\u00ebt dhe komunist\u00ebt i nxor\u00ebn maleve p\u00ebr tu \u201cvrar\u00eb\u201d p\u00ebr lirin\u00eb e vatanit, bolshevik\u00ebt ua trodh\u00ebn lezetin e mosh\u00ebs me aksione, zbore e internime, tranzicioni i tjet\u00ebrsoi me forume bajate rinore politike si dhe n\u00eb servila e kopuk\u00eb materialist\u00eb.<\/p>\n<p>Ndaj vdekja ia di kimetin jet\u00ebs e teksa shikon se gjeneratave t\u00eb reja nuk u vjen kurr\u00eb radha as p\u00ebr shkollime, karrier\u00eb, qeverisje, profilizim stature i merr me vete dhe e boshatis k\u00ebt\u00eb vend. Vdekja thjesht e than dhe e plak k\u00ebt\u00eb tok\u00eb si shkret\u00ebtir\u00eb e zhuritur sepse k\u00ebtu nuk ka as respekt, as radh\u00eb, as rotacion gjeneratash.<\/p>\n<p>M\u00eb kot lodhet Rudina Xhunga tek klith e tmerruar dhe lutet :<\/p>\n<p>\u201c\u2026 jan\u00eb n\u00eb jet\u00ebn time dhe ton\u00ebn si d\u00ebshp\u00ebrim, si frik\u00eb, si ankth, si besim, si mallkim, si urim, si premtim:<\/p>\n<p>Mos e l\u00ebn\u00e7im k\u00ebt\u00eb vend t\u00eb na vras\u00eb!\u201d<\/p>\n<p>Sonte n\u00eb dark\u00eb do t\u00eb d\u00ebgjoni nj\u00eb tjet\u00ebr klithm\u00eb t\u00eb atdheut tuaj, atdheut tim. Rona Nishliu prej Azerbajxhanit do t\u2019ua hap\u00eb s\u00ebrish barkun dhe plag\u00ebt e fresk\u00ebta. Nora v\u00eb kuj\u00ebn sonte n\u00eb dark\u00eb tek p\u00ebrfaq\u00ebson Shqip\u00ebrin\u00eb n\u00eb Eurovizon: \u201cM\u00eb l\u00ebrni t\u00eb qaj se k\u00ebt\u00eb gj\u00eb m\u00eb s\u00eb miri di ta b\u00ebj tani\u201d.<\/p>\n<p>Rona \u00ebsht\u00eb shqiptare e Kosov\u00ebs e ndoshta i ka mbetur ndonj\u00eb pik\u00eb loti prej luft\u00ebs. K\u00ebtej nga ne nuk qan kush. Sy t\u00eb thar\u00eb, mendje t\u00eb thar\u00eb, shpirtra t\u00eb thar\u00eb. Vend q\u00eb vyshket \u00e7do dit\u00eb.<\/p>\n","protected":false},"excerpt":{"rendered":"<p>Nga Bledi Mane&#8211; Public Enemy, 22 Maj 2012 www.facebook.com\/bledi.mane Manushaqe Margjeka nga Bujani i Tropoj\u00ebs nuk mundi t\u00eb jetonte m\u00eb gjat\u00eb. I dha fund jet\u00ebs vet\u00ebm tre dit\u00eb pas vet\u00ebvrasjes s\u00eb t\u00eb dashurit t\u00eb saj Abdulla Cenga. Ishin t\u00eb dy student\u00eb n\u00eb Durr\u00ebs dhe nuk mund\u00ebn dot t\u00eb kap\u00ebrdinin refuzimin e pragfejes\u00ebs prej familjar\u00ebve t\u00eb [&hellip;]<\/p>\n","protected":false},"author":1,"featured_media":0,"comment_status":"open","ping_status":"closed","sticky":false,"template":"","format":"standard","meta":{"footnotes":""},"categories":[2],"tags":[],"class_list":{"0":"post-2917","1":"post","2":"type-post","3":"status-publish","4":"format-standard","6":"category-artikuj"},"yoast_head":"<!-- This site is optimized with the Yoast SEO plugin v27.4 - https:\/\/yoast.com\/product\/yoast-seo-wordpress\/ -->\n<title>Thuajini Rudina Xhung\u00ebs se ky vend vazhdon t\u00eb na vras\u00eb - FjALA e LIR\u00cb - Arkivi<\/title>\n<meta name=\"robots\" content=\"index, follow, max-snippet:-1, max-image-preview:large, max-video-preview:-1\" \/>\n<link rel=\"canonical\" href=\"https:\/\/fjala.info\/2009-2015\/thuajini-rudina-xhunges-se-ky-vend-vazhdon-te-na-vrase\/\" \/>\n<meta property=\"og:locale\" content=\"sq_AL\" \/>\n<meta property=\"og:type\" content=\"article\" \/>\n<meta property=\"og:title\" content=\"Thuajini Rudina Xhung\u00ebs se ky vend vazhdon t\u00eb na vras\u00eb - FjALA e LIR\u00cb - Arkivi\" \/>\n<meta property=\"og:description\" content=\"Nga Bledi Mane&#8211; Public Enemy, 22 Maj 2012 www.facebook.com\/bledi.mane Manushaqe Margjeka nga Bujani i Tropoj\u00ebs nuk mundi t\u00eb jetonte m\u00eb gjat\u00eb. I dha fund jet\u00ebs vet\u00ebm tre dit\u00eb pas vet\u00ebvrasjes s\u00eb t\u00eb dashurit t\u00eb saj Abdulla Cenga. Ishin t\u00eb dy student\u00eb n\u00eb Durr\u00ebs dhe nuk mund\u00ebn dot t\u00eb kap\u00ebrdinin refuzimin e pragfejes\u00ebs prej familjar\u00ebve t\u00eb [&hellip;]\" \/>\n<meta property=\"og:url\" content=\"https:\/\/fjala.info\/2009-2015\/thuajini-rudina-xhunges-se-ky-vend-vazhdon-te-na-vrase\/\" \/>\n<meta property=\"og:site_name\" content=\"FjALA e LIR\u00cb - Arkivi\" \/>\n<meta property=\"article:published_time\" content=\"2012-05-22T20:50:11+00:00\" \/>\n<meta property=\"og:image\" content=\"http:\/\/www.shkoder.net\/2012\/bledi_mane.jpg\" \/>\n<meta name=\"author\" content=\"admin\" \/>\n<meta name=\"twitter:card\" content=\"summary_large_image\" \/>\n<meta name=\"twitter:label1\" content=\"Written by\" \/>\n\t<meta name=\"twitter:data1\" content=\"admin\" \/>\n\t<meta name=\"twitter:label2\" content=\"Est. reading time\" \/>\n\t<meta name=\"twitter:data2\" content=\"4 minutes\" \/>\n<script type=\"application\/ld+json\" class=\"yoast-schema-graph\">{\"@context\":\"https:\\\/\\\/schema.org\",\"@graph\":[{\"@type\":\"Article\",\"@id\":\"https:\\\/\\\/fjala.info\\\/2009-2015\\\/thuajini-rudina-xhunges-se-ky-vend-vazhdon-te-na-vrase\\\/#article\",\"isPartOf\":{\"@id\":\"https:\\\/\\\/fjala.info\\\/2009-2015\\\/thuajini-rudina-xhunges-se-ky-vend-vazhdon-te-na-vrase\\\/\"},\"author\":{\"name\":\"admin\",\"@id\":\"https:\\\/\\\/fjala.info\\\/2009-2015\\\/#\\\/schema\\\/person\\\/3aa1163ef05469c496fc94e77611ada2\"},\"headline\":\"Thuajini Rudina Xhung\u00ebs se ky vend vazhdon t\u00eb na vras\u00eb\",\"datePublished\":\"2012-05-22T20:50:11+00:00\",\"mainEntityOfPage\":{\"@id\":\"https:\\\/\\\/fjala.info\\\/2009-2015\\\/thuajini-rudina-xhunges-se-ky-vend-vazhdon-te-na-vrase\\\/\"},\"wordCount\":802,\"commentCount\":0,\"publisher\":{\"@id\":\"https:\\\/\\\/fjala.info\\\/2009-2015\\\/#organization\"},\"image\":{\"@id\":\"https:\\\/\\\/fjala.info\\\/2009-2015\\\/thuajini-rudina-xhunges-se-ky-vend-vazhdon-te-na-vrase\\\/#primaryimage\"},\"thumbnailUrl\":\"http:\\\/\\\/www.shkoder.net\\\/2012\\\/bledi_mane.jpg\",\"articleSection\":[\"Artikuj\"],\"inLanguage\":\"sq-AL\",\"potentialAction\":[{\"@type\":\"CommentAction\",\"name\":\"Comment\",\"target\":[\"https:\\\/\\\/fjala.info\\\/2009-2015\\\/thuajini-rudina-xhunges-se-ky-vend-vazhdon-te-na-vrase\\\/#respond\"]}]},{\"@type\":\"WebPage\",\"@id\":\"https:\\\/\\\/fjala.info\\\/2009-2015\\\/thuajini-rudina-xhunges-se-ky-vend-vazhdon-te-na-vrase\\\/\",\"url\":\"https:\\\/\\\/fjala.info\\\/2009-2015\\\/thuajini-rudina-xhunges-se-ky-vend-vazhdon-te-na-vrase\\\/\",\"name\":\"Thuajini Rudina Xhung\u00ebs se ky vend vazhdon t\u00eb na vras\u00eb - FjALA e LIR\u00cb - Arkivi\",\"isPartOf\":{\"@id\":\"https:\\\/\\\/fjala.info\\\/2009-2015\\\/#website\"},\"primaryImageOfPage\":{\"@id\":\"https:\\\/\\\/fjala.info\\\/2009-2015\\\/thuajini-rudina-xhunges-se-ky-vend-vazhdon-te-na-vrase\\\/#primaryimage\"},\"image\":{\"@id\":\"https:\\\/\\\/fjala.info\\\/2009-2015\\\/thuajini-rudina-xhunges-se-ky-vend-vazhdon-te-na-vrase\\\/#primaryimage\"},\"thumbnailUrl\":\"http:\\\/\\\/www.shkoder.net\\\/2012\\\/bledi_mane.jpg\",\"datePublished\":\"2012-05-22T20:50:11+00:00\",\"breadcrumb\":{\"@id\":\"https:\\\/\\\/fjala.info\\\/2009-2015\\\/thuajini-rudina-xhunges-se-ky-vend-vazhdon-te-na-vrase\\\/#breadcrumb\"},\"inLanguage\":\"sq-AL\",\"potentialAction\":[{\"@type\":\"ReadAction\",\"target\":[\"https:\\\/\\\/fjala.info\\\/2009-2015\\\/thuajini-rudina-xhunges-se-ky-vend-vazhdon-te-na-vrase\\\/\"]}]},{\"@type\":\"ImageObject\",\"inLanguage\":\"sq-AL\",\"@id\":\"https:\\\/\\\/fjala.info\\\/2009-2015\\\/thuajini-rudina-xhunges-se-ky-vend-vazhdon-te-na-vrase\\\/#primaryimage\",\"url\":\"http:\\\/\\\/www.shkoder.net\\\/2012\\\/bledi_mane.jpg\",\"contentUrl\":\"http:\\\/\\\/www.shkoder.net\\\/2012\\\/bledi_mane.jpg\"},{\"@type\":\"BreadcrumbList\",\"@id\":\"https:\\\/\\\/fjala.info\\\/2009-2015\\\/thuajini-rudina-xhunges-se-ky-vend-vazhdon-te-na-vrase\\\/#breadcrumb\",\"itemListElement\":[{\"@type\":\"ListItem\",\"position\":1,\"name\":\"Home\",\"item\":\"https:\\\/\\\/fjala.info\\\/2009-2015\\\/\"},{\"@type\":\"ListItem\",\"position\":2,\"name\":\"Thuajini Rudina Xhung\u00ebs se ky vend vazhdon t\u00eb na vras\u00eb\"}]},{\"@type\":\"WebSite\",\"@id\":\"https:\\\/\\\/fjala.info\\\/2009-2015\\\/#website\",\"url\":\"https:\\\/\\\/fjala.info\\\/2009-2015\\\/\",\"name\":\"FjALA e LIR\u00cb - Arkivi\",\"description\":\"Arkivi 2009-2015\",\"publisher\":{\"@id\":\"https:\\\/\\\/fjala.info\\\/2009-2015\\\/#organization\"},\"potentialAction\":[{\"@type\":\"SearchAction\",\"target\":{\"@type\":\"EntryPoint\",\"urlTemplate\":\"https:\\\/\\\/fjala.info\\\/2009-2015\\\/?s={search_term_string}\"},\"query-input\":{\"@type\":\"PropertyValueSpecification\",\"valueRequired\":true,\"valueName\":\"search_term_string\"}}],\"inLanguage\":\"sq-AL\"},{\"@type\":\"Organization\",\"@id\":\"https:\\\/\\\/fjala.info\\\/2009-2015\\\/#organization\",\"name\":\"FjALA e LIR\u00cb - Arkivi\",\"url\":\"https:\\\/\\\/fjala.info\\\/2009-2015\\\/\",\"logo\":{\"@type\":\"ImageObject\",\"inLanguage\":\"sq-AL\",\"@id\":\"https:\\\/\\\/fjala.info\\\/2009-2015\\\/#\\\/schema\\\/logo\\\/image\\\/\",\"url\":\"\",\"contentUrl\":\"\",\"caption\":\"FjALA e LIR\u00cb - Arkivi\"},\"image\":{\"@id\":\"https:\\\/\\\/fjala.info\\\/2009-2015\\\/#\\\/schema\\\/logo\\\/image\\\/\"}},{\"@type\":\"Person\",\"@id\":\"https:\\\/\\\/fjala.info\\\/2009-2015\\\/#\\\/schema\\\/person\\\/3aa1163ef05469c496fc94e77611ada2\",\"name\":\"admin\",\"image\":{\"@type\":\"ImageObject\",\"inLanguage\":\"sq-AL\",\"@id\":\"https:\\\/\\\/fjala.info\\\/2009-2015\\\/wp-content\\\/uploads\\\/2012\\\/02\\\/arben_cokaj-120x150.jpg\",\"url\":\"https:\\\/\\\/fjala.info\\\/2009-2015\\\/wp-content\\\/uploads\\\/2012\\\/02\\\/arben_cokaj-120x150.jpg\",\"contentUrl\":\"https:\\\/\\\/fjala.info\\\/2009-2015\\\/wp-content\\\/uploads\\\/2012\\\/02\\\/arben_cokaj-120x150.jpg\",\"caption\":\"admin\"},\"description\":\"Admin, Fjala e Lir\u00eb\",\"sameAs\":[\"https:\\\/\\\/fjala.info\\\/\"],\"url\":\"https:\\\/\\\/fjala.info\\\/2009-2015\\\/author\\\/admin\\\/\"}]}<\/script>\n<!-- \/ Yoast SEO plugin. -->","yoast_head_json":{"title":"Thuajini Rudina Xhung\u00ebs se ky vend vazhdon t\u00eb na vras\u00eb - FjALA e LIR\u00cb - Arkivi","robots":{"index":"index","follow":"follow","max-snippet":"max-snippet:-1","max-image-preview":"max-image-preview:large","max-video-preview":"max-video-preview:-1"},"canonical":"https:\/\/fjala.info\/2009-2015\/thuajini-rudina-xhunges-se-ky-vend-vazhdon-te-na-vrase\/","og_locale":"sq_AL","og_type":"article","og_title":"Thuajini Rudina Xhung\u00ebs se ky vend vazhdon t\u00eb na vras\u00eb - FjALA e LIR\u00cb - Arkivi","og_description":"Nga Bledi Mane&#8211; Public Enemy, 22 Maj 2012 www.facebook.com\/bledi.mane Manushaqe Margjeka nga Bujani i Tropoj\u00ebs nuk mundi t\u00eb jetonte m\u00eb gjat\u00eb. I dha fund jet\u00ebs vet\u00ebm tre dit\u00eb pas vet\u00ebvrasjes s\u00eb t\u00eb dashurit t\u00eb saj Abdulla Cenga. Ishin t\u00eb dy student\u00eb n\u00eb Durr\u00ebs dhe nuk mund\u00ebn dot t\u00eb kap\u00ebrdinin refuzimin e pragfejes\u00ebs prej familjar\u00ebve t\u00eb [&hellip;]","og_url":"https:\/\/fjala.info\/2009-2015\/thuajini-rudina-xhunges-se-ky-vend-vazhdon-te-na-vrase\/","og_site_name":"FjALA e LIR\u00cb - Arkivi","article_published_time":"2012-05-22T20:50:11+00:00","og_image":[{"url":"http:\/\/www.shkoder.net\/2012\/bledi_mane.jpg","type":"","width":"","height":""}],"author":"admin","twitter_card":"summary_large_image","twitter_misc":{"Written by":"admin","Est. reading time":"4 minutes"},"schema":{"@context":"https:\/\/schema.org","@graph":[{"@type":"Article","@id":"https:\/\/fjala.info\/2009-2015\/thuajini-rudina-xhunges-se-ky-vend-vazhdon-te-na-vrase\/#article","isPartOf":{"@id":"https:\/\/fjala.info\/2009-2015\/thuajini-rudina-xhunges-se-ky-vend-vazhdon-te-na-vrase\/"},"author":{"name":"admin","@id":"https:\/\/fjala.info\/2009-2015\/#\/schema\/person\/3aa1163ef05469c496fc94e77611ada2"},"headline":"Thuajini Rudina Xhung\u00ebs se ky vend vazhdon t\u00eb na vras\u00eb","datePublished":"2012-05-22T20:50:11+00:00","mainEntityOfPage":{"@id":"https:\/\/fjala.info\/2009-2015\/thuajini-rudina-xhunges-se-ky-vend-vazhdon-te-na-vrase\/"},"wordCount":802,"commentCount":0,"publisher":{"@id":"https:\/\/fjala.info\/2009-2015\/#organization"},"image":{"@id":"https:\/\/fjala.info\/2009-2015\/thuajini-rudina-xhunges-se-ky-vend-vazhdon-te-na-vrase\/#primaryimage"},"thumbnailUrl":"http:\/\/www.shkoder.net\/2012\/bledi_mane.jpg","articleSection":["Artikuj"],"inLanguage":"sq-AL","potentialAction":[{"@type":"CommentAction","name":"Comment","target":["https:\/\/fjala.info\/2009-2015\/thuajini-rudina-xhunges-se-ky-vend-vazhdon-te-na-vrase\/#respond"]}]},{"@type":"WebPage","@id":"https:\/\/fjala.info\/2009-2015\/thuajini-rudina-xhunges-se-ky-vend-vazhdon-te-na-vrase\/","url":"https:\/\/fjala.info\/2009-2015\/thuajini-rudina-xhunges-se-ky-vend-vazhdon-te-na-vrase\/","name":"Thuajini Rudina Xhung\u00ebs se ky vend vazhdon t\u00eb na vras\u00eb - FjALA e LIR\u00cb - Arkivi","isPartOf":{"@id":"https:\/\/fjala.info\/2009-2015\/#website"},"primaryImageOfPage":{"@id":"https:\/\/fjala.info\/2009-2015\/thuajini-rudina-xhunges-se-ky-vend-vazhdon-te-na-vrase\/#primaryimage"},"image":{"@id":"https:\/\/fjala.info\/2009-2015\/thuajini-rudina-xhunges-se-ky-vend-vazhdon-te-na-vrase\/#primaryimage"},"thumbnailUrl":"http:\/\/www.shkoder.net\/2012\/bledi_mane.jpg","datePublished":"2012-05-22T20:50:11+00:00","breadcrumb":{"@id":"https:\/\/fjala.info\/2009-2015\/thuajini-rudina-xhunges-se-ky-vend-vazhdon-te-na-vrase\/#breadcrumb"},"inLanguage":"sq-AL","potentialAction":[{"@type":"ReadAction","target":["https:\/\/fjala.info\/2009-2015\/thuajini-rudina-xhunges-se-ky-vend-vazhdon-te-na-vrase\/"]}]},{"@type":"ImageObject","inLanguage":"sq-AL","@id":"https:\/\/fjala.info\/2009-2015\/thuajini-rudina-xhunges-se-ky-vend-vazhdon-te-na-vrase\/#primaryimage","url":"http:\/\/www.shkoder.net\/2012\/bledi_mane.jpg","contentUrl":"http:\/\/www.shkoder.net\/2012\/bledi_mane.jpg"},{"@type":"BreadcrumbList","@id":"https:\/\/fjala.info\/2009-2015\/thuajini-rudina-xhunges-se-ky-vend-vazhdon-te-na-vrase\/#breadcrumb","itemListElement":[{"@type":"ListItem","position":1,"name":"Home","item":"https:\/\/fjala.info\/2009-2015\/"},{"@type":"ListItem","position":2,"name":"Thuajini Rudina Xhung\u00ebs se ky vend vazhdon t\u00eb na vras\u00eb"}]},{"@type":"WebSite","@id":"https:\/\/fjala.info\/2009-2015\/#website","url":"https:\/\/fjala.info\/2009-2015\/","name":"FjALA e LIR\u00cb - Arkivi","description":"Arkivi 2009-2015","publisher":{"@id":"https:\/\/fjala.info\/2009-2015\/#organization"},"potentialAction":[{"@type":"SearchAction","target":{"@type":"EntryPoint","urlTemplate":"https:\/\/fjala.info\/2009-2015\/?s={search_term_string}"},"query-input":{"@type":"PropertyValueSpecification","valueRequired":true,"valueName":"search_term_string"}}],"inLanguage":"sq-AL"},{"@type":"Organization","@id":"https:\/\/fjala.info\/2009-2015\/#organization","name":"FjALA e LIR\u00cb - Arkivi","url":"https:\/\/fjala.info\/2009-2015\/","logo":{"@type":"ImageObject","inLanguage":"sq-AL","@id":"https:\/\/fjala.info\/2009-2015\/#\/schema\/logo\/image\/","url":"","contentUrl":"","caption":"FjALA e LIR\u00cb - Arkivi"},"image":{"@id":"https:\/\/fjala.info\/2009-2015\/#\/schema\/logo\/image\/"}},{"@type":"Person","@id":"https:\/\/fjala.info\/2009-2015\/#\/schema\/person\/3aa1163ef05469c496fc94e77611ada2","name":"admin","image":{"@type":"ImageObject","inLanguage":"sq-AL","@id":"https:\/\/fjala.info\/2009-2015\/wp-content\/uploads\/2012\/02\/arben_cokaj-120x150.jpg","url":"https:\/\/fjala.info\/2009-2015\/wp-content\/uploads\/2012\/02\/arben_cokaj-120x150.jpg","contentUrl":"https:\/\/fjala.info\/2009-2015\/wp-content\/uploads\/2012\/02\/arben_cokaj-120x150.jpg","caption":"admin"},"description":"Admin, Fjala e Lir\u00eb","sameAs":["https:\/\/fjala.info\/"],"url":"https:\/\/fjala.info\/2009-2015\/author\/admin\/"}]}},"_links":{"self":[{"href":"https:\/\/fjala.info\/2009-2015\/wp-json\/wp\/v2\/posts\/2917","targetHints":{"allow":["GET"]}}],"collection":[{"href":"https:\/\/fjala.info\/2009-2015\/wp-json\/wp\/v2\/posts"}],"about":[{"href":"https:\/\/fjala.info\/2009-2015\/wp-json\/wp\/v2\/types\/post"}],"author":[{"embeddable":true,"href":"https:\/\/fjala.info\/2009-2015\/wp-json\/wp\/v2\/users\/1"}],"replies":[{"embeddable":true,"href":"https:\/\/fjala.info\/2009-2015\/wp-json\/wp\/v2\/comments?post=2917"}],"version-history":[{"count":0,"href":"https:\/\/fjala.info\/2009-2015\/wp-json\/wp\/v2\/posts\/2917\/revisions"}],"wp:attachment":[{"href":"https:\/\/fjala.info\/2009-2015\/wp-json\/wp\/v2\/media?parent=2917"}],"wp:term":[{"taxonomy":"category","embeddable":true,"href":"https:\/\/fjala.info\/2009-2015\/wp-json\/wp\/v2\/categories?post=2917"},{"taxonomy":"post_tag","embeddable":true,"href":"https:\/\/fjala.info\/2009-2015\/wp-json\/wp\/v2\/tags?post=2917"}],"curies":[{"name":"wp","href":"https:\/\/api.w.org\/{rel}","templated":true}]}}