{"id":2915,"date":"2012-05-22T16:14:24","date_gmt":"2012-05-22T15:14:24","guid":{"rendered":"http:\/\/www.fjala.info\/?p=2915"},"modified":"2012-05-22T16:14:24","modified_gmt":"2012-05-22T15:14:24","slug":"fatkeqe-edhe-ne-fatkeqesi","status":"publish","type":"post","link":"https:\/\/fjala.info\/2009-2015\/fatkeqe-edhe-ne-fatkeqesi\/","title":{"rendered":"Fatkeq\u00eb edhe n\u00eb fatkeq\u00ebsi"},"content":{"rendered":"<p><img decoding=\"async\" class=\"alignright size-thumbnail wp-image-7236\" title=\"Arben Rrozhani\" src=\"http:\/\/www.shkoder.net\/images\/fjala\/arben_rrozhani.jpg\" alt=\"\" width=\"150\" \/> <strong>Arben Rrozhani<\/strong><\/p>\n<p>N\u00eb rrug\u00ebt e Shqip\u00ebris\u00eb u sh\u00ebnua dje pasdite tragjedia e radh\u00ebs. T\u00eb pakt\u00ebn 14 viktima dhe shum\u00eb t\u00eb tjer\u00eb t\u00eb plagosur. Nj\u00eb dhimbje p\u00ebr shum\u00eb familje shqiptare q\u00eb humb\u00ebn t\u00eb dashurit e tyre. Sot \u00ebsht\u00eb dit\u00eb zie dhe qeveria e ka shpallur at\u00eb dhe me kaq do t\u00eb mbyll\u00eb edhe nj\u00eb kapitull tjet\u00ebr tragjik t\u00eb humbjes s\u00eb jet\u00ebve n\u00eb Shqip\u00ebri. Aksidentet ndodhin kudo, madje m\u00eb p\u00ebrmasa edhe m\u00eb tragjike. N\u00eb rrug\u00ebt shqiptare kan\u00eb qen\u00eb t\u00eb shumta dhe jan\u00eb t\u00eb p\u00ebrditshme dhe k\u00ebtu, ka pjes\u00ebn edhe shteti, q\u00eb nuk i ka dh\u00ebn\u00eb shoferit rrug\u00ebn dhe sigurin\u00eb n\u00eb t\u00eb.<\/p>\n<p>Ndodhin edhe n\u00eb vendet e pasura, si\u00e7 ishte aksidenti i dy muajve m\u00eb par\u00eb, n\u00eb nj\u00eb tunnel t\u00eb Zvicr\u00ebs, ku humb\u00ebn jet\u00ebn t\u00eb pakt\u00ebn 22 f\u00ebmij\u00eb belg\u00eb, nd\u00ebrsa ktheheshin n\u00eb atdhe. Por ne jemi t\u00eb varf\u00ebr dhe fatkeq\u00eb edhe n\u00eb fatkeq\u00ebsi. Nj\u00eb familje nga Progradeci k\u00ebrkonte mbr\u00ebm\u00eb d\u00ebshp\u00ebrimisht vajz\u00ebn. Ajo nuk \u00ebsht\u00eb as n\u00eb list\u00ebn e t\u00eb vdekurve, as t\u00eb plagosurve dhe as t\u00eb paidentifikuarve. Vet\u00eb Ministria e Brend\u00ebshme, vet\u00ebm gjasht\u00eb or\u00eb pas aksidentit, postoi n\u00eb redaksit\u00eb e mediave nj\u00eb list\u00eb paraprake, ku mungonin disa prej student\u00ebve.<\/p>\n<p>T\u00eb pakt\u00ebn tre ishin pa identitet, nd\u00ebrsa ende publiku dhe mediat nuk kan\u00eb nj\u00eb list\u00eb t\u00eb plot\u00eb t\u00eb atyre fatkeq\u00ebve q\u00eb nd\u00ebrruan jet\u00eb n\u00eb gremin\u00eb apo n\u00eb spitalin ushtarak. \u00cbsht\u00eb e nj\u00ebjta paaft\u00ebsi shtet\u00ebrore, q\u00eb nuk ka lidhje me kushtet atmosferike, por me \u00e7organizimin e organizuar t\u00eb strukturave shtet\u00ebrore nga ato t\u00eb specializura p\u00ebr fatkeq\u00ebsit\u00eb natyrore apo aksidentet. Nj\u00eb sjellje t\u00eb till\u00eb joprofesionale u d\u00ebshmua rreth 5 muaj m\u00eb par\u00eb, kur vendi u bllokua nga d\u00ebbora dhe ngricat. Qeveria nga qendra deri n\u00eb baz\u00eb nuk kishte nj\u00eb hart\u00eb t\u00eb sakt\u00eb zonave t\u00eb izoluara, banor\u00ebve q\u00eb k\u00ebrc\u00ebnoheshin nga uria dhe mungesa e kujdesit sh\u00ebndet\u00ebsor. Ajo u mjaftua me k\u00ebshilla p\u00ebr pastrimin e rrug\u00ebve dhe t\u00eb \u00e7ative nga d\u00ebbora, \u00e7oi edhe disa dhjetra ekspedita ajrore dhe me kaq e kaloi gjendjen e jasht\u00ebzakonshme, q\u00eb vet\u00ebm e till\u00eb nuk kalohet, pa kosto t\u00eb jet\u00ebve njer\u00ebzore dhe d\u00ebmeve materiale.<\/p>\n<p>Ishte tragjike q\u00eb t\u00eb shikoje dje se si kufomat e t\u00eb rinjve t\u00eb vdekur ishin hedhur n\u00eb karrocerit\u00eb e kamion\u00e7inave t\u00eb hapura, sepse mungojn\u00eb autoambulancat, se si n\u00eb Himar\u00ebn e bukur q\u00eb pret me mij\u00ebra turist\u00eb n\u00eb ver\u00eb nuk ka nj\u00eb spital, por vet\u00ebm nj\u00eb qend\u00ebr sh\u00ebndet\u00ebsore, apo ku t\u00eb vdekurit lihen n\u00eb dysheme sepse nuk ka nj\u00eb morg. N\u00eb shum\u00eb vende, nj\u00eb reagim kaq posht\u00ebrues p\u00ebr jet\u00ebt dhe t\u00eb vdekurit do t\u00eb quhej sakrilegj dhe p\u00ebrgjegj\u00ebsit do t\u00eb merrnin nd\u00ebshkimin<\/p>\n","protected":false},"excerpt":{"rendered":"<p>Arben Rrozhani N\u00eb rrug\u00ebt e Shqip\u00ebris\u00eb u sh\u00ebnua dje pasdite tragjedia e radh\u00ebs. T\u00eb pakt\u00ebn 14 viktima dhe shum\u00eb t\u00eb tjer\u00eb t\u00eb plagosur. Nj\u00eb dhimbje p\u00ebr shum\u00eb familje shqiptare q\u00eb humb\u00ebn t\u00eb dashurit e tyre. Sot \u00ebsht\u00eb dit\u00eb zie dhe qeveria e ka shpallur at\u00eb dhe me kaq do t\u00eb mbyll\u00eb edhe nj\u00eb kapitull tjet\u00ebr [&hellip;]<\/p>\n","protected":false},"author":1,"featured_media":0,"comment_status":"open","ping_status":"closed","sticky":false,"template":"","format":"standard","meta":{"footnotes":""},"categories":[2],"tags":[],"class_list":{"0":"post-2915","1":"post","2":"type-post","3":"status-publish","4":"format-standard","6":"category-artikuj"},"yoast_head":"<!-- This site is optimized with the Yoast SEO plugin v27.4 - https:\/\/yoast.com\/product\/yoast-seo-wordpress\/ -->\n<title>Fatkeq\u00eb edhe n\u00eb fatkeq\u00ebsi - FjALA e LIR\u00cb - Arkivi<\/title>\n<meta name=\"robots\" content=\"index, follow, max-snippet:-1, max-image-preview:large, max-video-preview:-1\" \/>\n<link rel=\"canonical\" href=\"https:\/\/fjala.info\/2009-2015\/fatkeqe-edhe-ne-fatkeqesi\/\" \/>\n<meta property=\"og:locale\" content=\"sq_AL\" \/>\n<meta property=\"og:type\" content=\"article\" \/>\n<meta property=\"og:title\" content=\"Fatkeq\u00eb edhe n\u00eb fatkeq\u00ebsi - FjALA e LIR\u00cb - Arkivi\" \/>\n<meta property=\"og:description\" content=\"Arben Rrozhani N\u00eb rrug\u00ebt e Shqip\u00ebris\u00eb u sh\u00ebnua dje pasdite tragjedia e radh\u00ebs. T\u00eb pakt\u00ebn 14 viktima dhe shum\u00eb t\u00eb tjer\u00eb t\u00eb plagosur. Nj\u00eb dhimbje p\u00ebr shum\u00eb familje shqiptare q\u00eb humb\u00ebn t\u00eb dashurit e tyre. Sot \u00ebsht\u00eb dit\u00eb zie dhe qeveria e ka shpallur at\u00eb dhe me kaq do t\u00eb mbyll\u00eb edhe nj\u00eb kapitull tjet\u00ebr [&hellip;]\" \/>\n<meta property=\"og:url\" content=\"https:\/\/fjala.info\/2009-2015\/fatkeqe-edhe-ne-fatkeqesi\/\" \/>\n<meta property=\"og:site_name\" content=\"FjALA e LIR\u00cb - Arkivi\" \/>\n<meta property=\"article:published_time\" content=\"2012-05-22T15:14:24+00:00\" \/>\n<meta property=\"og:image\" content=\"http:\/\/www.shkoder.net\/images\/fjala\/arben_rrozhani.jpg\" \/>\n<meta name=\"author\" content=\"admin\" \/>\n<meta name=\"twitter:card\" content=\"summary_large_image\" \/>\n<meta name=\"twitter:label1\" content=\"Written by\" \/>\n\t<meta name=\"twitter:data1\" content=\"admin\" \/>\n\t<meta name=\"twitter:label2\" content=\"Est. reading time\" \/>\n\t<meta name=\"twitter:data2\" content=\"2 minutes\" \/>\n<script type=\"application\/ld+json\" class=\"yoast-schema-graph\">{\"@context\":\"https:\\\/\\\/schema.org\",\"@graph\":[{\"@type\":\"Article\",\"@id\":\"https:\\\/\\\/fjala.info\\\/2009-2015\\\/fatkeqe-edhe-ne-fatkeqesi\\\/#article\",\"isPartOf\":{\"@id\":\"https:\\\/\\\/fjala.info\\\/2009-2015\\\/fatkeqe-edhe-ne-fatkeqesi\\\/\"},\"author\":{\"name\":\"admin\",\"@id\":\"https:\\\/\\\/fjala.info\\\/2009-2015\\\/#\\\/schema\\\/person\\\/3aa1163ef05469c496fc94e77611ada2\"},\"headline\":\"Fatkeq\u00eb edhe n\u00eb fatkeq\u00ebsi\",\"datePublished\":\"2012-05-22T15:14:24+00:00\",\"mainEntityOfPage\":{\"@id\":\"https:\\\/\\\/fjala.info\\\/2009-2015\\\/fatkeqe-edhe-ne-fatkeqesi\\\/\"},\"wordCount\":487,\"commentCount\":0,\"publisher\":{\"@id\":\"https:\\\/\\\/fjala.info\\\/2009-2015\\\/#organization\"},\"image\":{\"@id\":\"https:\\\/\\\/fjala.info\\\/2009-2015\\\/fatkeqe-edhe-ne-fatkeqesi\\\/#primaryimage\"},\"thumbnailUrl\":\"http:\\\/\\\/www.shkoder.net\\\/images\\\/fjala\\\/arben_rrozhani.jpg\",\"articleSection\":[\"Artikuj\"],\"inLanguage\":\"sq-AL\",\"potentialAction\":[{\"@type\":\"CommentAction\",\"name\":\"Comment\",\"target\":[\"https:\\\/\\\/fjala.info\\\/2009-2015\\\/fatkeqe-edhe-ne-fatkeqesi\\\/#respond\"]}]},{\"@type\":\"WebPage\",\"@id\":\"https:\\\/\\\/fjala.info\\\/2009-2015\\\/fatkeqe-edhe-ne-fatkeqesi\\\/\",\"url\":\"https:\\\/\\\/fjala.info\\\/2009-2015\\\/fatkeqe-edhe-ne-fatkeqesi\\\/\",\"name\":\"Fatkeq\u00eb edhe n\u00eb fatkeq\u00ebsi - FjALA e LIR\u00cb - Arkivi\",\"isPartOf\":{\"@id\":\"https:\\\/\\\/fjala.info\\\/2009-2015\\\/#website\"},\"primaryImageOfPage\":{\"@id\":\"https:\\\/\\\/fjala.info\\\/2009-2015\\\/fatkeqe-edhe-ne-fatkeqesi\\\/#primaryimage\"},\"image\":{\"@id\":\"https:\\\/\\\/fjala.info\\\/2009-2015\\\/fatkeqe-edhe-ne-fatkeqesi\\\/#primaryimage\"},\"thumbnailUrl\":\"http:\\\/\\\/www.shkoder.net\\\/images\\\/fjala\\\/arben_rrozhani.jpg\",\"datePublished\":\"2012-05-22T15:14:24+00:00\",\"breadcrumb\":{\"@id\":\"https:\\\/\\\/fjala.info\\\/2009-2015\\\/fatkeqe-edhe-ne-fatkeqesi\\\/#breadcrumb\"},\"inLanguage\":\"sq-AL\",\"potentialAction\":[{\"@type\":\"ReadAction\",\"target\":[\"https:\\\/\\\/fjala.info\\\/2009-2015\\\/fatkeqe-edhe-ne-fatkeqesi\\\/\"]}]},{\"@type\":\"ImageObject\",\"inLanguage\":\"sq-AL\",\"@id\":\"https:\\\/\\\/fjala.info\\\/2009-2015\\\/fatkeqe-edhe-ne-fatkeqesi\\\/#primaryimage\",\"url\":\"http:\\\/\\\/www.shkoder.net\\\/images\\\/fjala\\\/arben_rrozhani.jpg\",\"contentUrl\":\"http:\\\/\\\/www.shkoder.net\\\/images\\\/fjala\\\/arben_rrozhani.jpg\"},{\"@type\":\"BreadcrumbList\",\"@id\":\"https:\\\/\\\/fjala.info\\\/2009-2015\\\/fatkeqe-edhe-ne-fatkeqesi\\\/#breadcrumb\",\"itemListElement\":[{\"@type\":\"ListItem\",\"position\":1,\"name\":\"Home\",\"item\":\"https:\\\/\\\/fjala.info\\\/2009-2015\\\/\"},{\"@type\":\"ListItem\",\"position\":2,\"name\":\"Fatkeq\u00eb edhe n\u00eb fatkeq\u00ebsi\"}]},{\"@type\":\"WebSite\",\"@id\":\"https:\\\/\\\/fjala.info\\\/2009-2015\\\/#website\",\"url\":\"https:\\\/\\\/fjala.info\\\/2009-2015\\\/\",\"name\":\"FjALA e LIR\u00cb - Arkivi\",\"description\":\"Arkivi 2009-2015\",\"publisher\":{\"@id\":\"https:\\\/\\\/fjala.info\\\/2009-2015\\\/#organization\"},\"potentialAction\":[{\"@type\":\"SearchAction\",\"target\":{\"@type\":\"EntryPoint\",\"urlTemplate\":\"https:\\\/\\\/fjala.info\\\/2009-2015\\\/?s={search_term_string}\"},\"query-input\":{\"@type\":\"PropertyValueSpecification\",\"valueRequired\":true,\"valueName\":\"search_term_string\"}}],\"inLanguage\":\"sq-AL\"},{\"@type\":\"Organization\",\"@id\":\"https:\\\/\\\/fjala.info\\\/2009-2015\\\/#organization\",\"name\":\"FjALA e LIR\u00cb - Arkivi\",\"url\":\"https:\\\/\\\/fjala.info\\\/2009-2015\\\/\",\"logo\":{\"@type\":\"ImageObject\",\"inLanguage\":\"sq-AL\",\"@id\":\"https:\\\/\\\/fjala.info\\\/2009-2015\\\/#\\\/schema\\\/logo\\\/image\\\/\",\"url\":\"\",\"contentUrl\":\"\",\"caption\":\"FjALA e LIR\u00cb - Arkivi\"},\"image\":{\"@id\":\"https:\\\/\\\/fjala.info\\\/2009-2015\\\/#\\\/schema\\\/logo\\\/image\\\/\"}},{\"@type\":\"Person\",\"@id\":\"https:\\\/\\\/fjala.info\\\/2009-2015\\\/#\\\/schema\\\/person\\\/3aa1163ef05469c496fc94e77611ada2\",\"name\":\"admin\",\"image\":{\"@type\":\"ImageObject\",\"inLanguage\":\"sq-AL\",\"@id\":\"https:\\\/\\\/fjala.info\\\/2009-2015\\\/wp-content\\\/uploads\\\/2012\\\/02\\\/arben_cokaj-120x150.jpg\",\"url\":\"https:\\\/\\\/fjala.info\\\/2009-2015\\\/wp-content\\\/uploads\\\/2012\\\/02\\\/arben_cokaj-120x150.jpg\",\"contentUrl\":\"https:\\\/\\\/fjala.info\\\/2009-2015\\\/wp-content\\\/uploads\\\/2012\\\/02\\\/arben_cokaj-120x150.jpg\",\"caption\":\"admin\"},\"description\":\"Admin, Fjala e Lir\u00eb\",\"sameAs\":[\"https:\\\/\\\/fjala.info\\\/\"],\"url\":\"https:\\\/\\\/fjala.info\\\/2009-2015\\\/author\\\/admin\\\/\"}]}<\/script>\n<!-- \/ Yoast SEO plugin. -->","yoast_head_json":{"title":"Fatkeq\u00eb edhe n\u00eb fatkeq\u00ebsi - FjALA e LIR\u00cb - Arkivi","robots":{"index":"index","follow":"follow","max-snippet":"max-snippet:-1","max-image-preview":"max-image-preview:large","max-video-preview":"max-video-preview:-1"},"canonical":"https:\/\/fjala.info\/2009-2015\/fatkeqe-edhe-ne-fatkeqesi\/","og_locale":"sq_AL","og_type":"article","og_title":"Fatkeq\u00eb edhe n\u00eb fatkeq\u00ebsi - FjALA e LIR\u00cb - Arkivi","og_description":"Arben Rrozhani N\u00eb rrug\u00ebt e Shqip\u00ebris\u00eb u sh\u00ebnua dje pasdite tragjedia e radh\u00ebs. T\u00eb pakt\u00ebn 14 viktima dhe shum\u00eb t\u00eb tjer\u00eb t\u00eb plagosur. Nj\u00eb dhimbje p\u00ebr shum\u00eb familje shqiptare q\u00eb humb\u00ebn t\u00eb dashurit e tyre. Sot \u00ebsht\u00eb dit\u00eb zie dhe qeveria e ka shpallur at\u00eb dhe me kaq do t\u00eb mbyll\u00eb edhe nj\u00eb kapitull tjet\u00ebr [&hellip;]","og_url":"https:\/\/fjala.info\/2009-2015\/fatkeqe-edhe-ne-fatkeqesi\/","og_site_name":"FjALA e LIR\u00cb - Arkivi","article_published_time":"2012-05-22T15:14:24+00:00","og_image":[{"url":"http:\/\/www.shkoder.net\/images\/fjala\/arben_rrozhani.jpg","type":"","width":"","height":""}],"author":"admin","twitter_card":"summary_large_image","twitter_misc":{"Written by":"admin","Est. reading time":"2 minutes"},"schema":{"@context":"https:\/\/schema.org","@graph":[{"@type":"Article","@id":"https:\/\/fjala.info\/2009-2015\/fatkeqe-edhe-ne-fatkeqesi\/#article","isPartOf":{"@id":"https:\/\/fjala.info\/2009-2015\/fatkeqe-edhe-ne-fatkeqesi\/"},"author":{"name":"admin","@id":"https:\/\/fjala.info\/2009-2015\/#\/schema\/person\/3aa1163ef05469c496fc94e77611ada2"},"headline":"Fatkeq\u00eb edhe n\u00eb fatkeq\u00ebsi","datePublished":"2012-05-22T15:14:24+00:00","mainEntityOfPage":{"@id":"https:\/\/fjala.info\/2009-2015\/fatkeqe-edhe-ne-fatkeqesi\/"},"wordCount":487,"commentCount":0,"publisher":{"@id":"https:\/\/fjala.info\/2009-2015\/#organization"},"image":{"@id":"https:\/\/fjala.info\/2009-2015\/fatkeqe-edhe-ne-fatkeqesi\/#primaryimage"},"thumbnailUrl":"http:\/\/www.shkoder.net\/images\/fjala\/arben_rrozhani.jpg","articleSection":["Artikuj"],"inLanguage":"sq-AL","potentialAction":[{"@type":"CommentAction","name":"Comment","target":["https:\/\/fjala.info\/2009-2015\/fatkeqe-edhe-ne-fatkeqesi\/#respond"]}]},{"@type":"WebPage","@id":"https:\/\/fjala.info\/2009-2015\/fatkeqe-edhe-ne-fatkeqesi\/","url":"https:\/\/fjala.info\/2009-2015\/fatkeqe-edhe-ne-fatkeqesi\/","name":"Fatkeq\u00eb edhe n\u00eb fatkeq\u00ebsi - FjALA e LIR\u00cb - Arkivi","isPartOf":{"@id":"https:\/\/fjala.info\/2009-2015\/#website"},"primaryImageOfPage":{"@id":"https:\/\/fjala.info\/2009-2015\/fatkeqe-edhe-ne-fatkeqesi\/#primaryimage"},"image":{"@id":"https:\/\/fjala.info\/2009-2015\/fatkeqe-edhe-ne-fatkeqesi\/#primaryimage"},"thumbnailUrl":"http:\/\/www.shkoder.net\/images\/fjala\/arben_rrozhani.jpg","datePublished":"2012-05-22T15:14:24+00:00","breadcrumb":{"@id":"https:\/\/fjala.info\/2009-2015\/fatkeqe-edhe-ne-fatkeqesi\/#breadcrumb"},"inLanguage":"sq-AL","potentialAction":[{"@type":"ReadAction","target":["https:\/\/fjala.info\/2009-2015\/fatkeqe-edhe-ne-fatkeqesi\/"]}]},{"@type":"ImageObject","inLanguage":"sq-AL","@id":"https:\/\/fjala.info\/2009-2015\/fatkeqe-edhe-ne-fatkeqesi\/#primaryimage","url":"http:\/\/www.shkoder.net\/images\/fjala\/arben_rrozhani.jpg","contentUrl":"http:\/\/www.shkoder.net\/images\/fjala\/arben_rrozhani.jpg"},{"@type":"BreadcrumbList","@id":"https:\/\/fjala.info\/2009-2015\/fatkeqe-edhe-ne-fatkeqesi\/#breadcrumb","itemListElement":[{"@type":"ListItem","position":1,"name":"Home","item":"https:\/\/fjala.info\/2009-2015\/"},{"@type":"ListItem","position":2,"name":"Fatkeq\u00eb edhe n\u00eb fatkeq\u00ebsi"}]},{"@type":"WebSite","@id":"https:\/\/fjala.info\/2009-2015\/#website","url":"https:\/\/fjala.info\/2009-2015\/","name":"FjALA e LIR\u00cb - Arkivi","description":"Arkivi 2009-2015","publisher":{"@id":"https:\/\/fjala.info\/2009-2015\/#organization"},"potentialAction":[{"@type":"SearchAction","target":{"@type":"EntryPoint","urlTemplate":"https:\/\/fjala.info\/2009-2015\/?s={search_term_string}"},"query-input":{"@type":"PropertyValueSpecification","valueRequired":true,"valueName":"search_term_string"}}],"inLanguage":"sq-AL"},{"@type":"Organization","@id":"https:\/\/fjala.info\/2009-2015\/#organization","name":"FjALA e LIR\u00cb - Arkivi","url":"https:\/\/fjala.info\/2009-2015\/","logo":{"@type":"ImageObject","inLanguage":"sq-AL","@id":"https:\/\/fjala.info\/2009-2015\/#\/schema\/logo\/image\/","url":"","contentUrl":"","caption":"FjALA e LIR\u00cb - Arkivi"},"image":{"@id":"https:\/\/fjala.info\/2009-2015\/#\/schema\/logo\/image\/"}},{"@type":"Person","@id":"https:\/\/fjala.info\/2009-2015\/#\/schema\/person\/3aa1163ef05469c496fc94e77611ada2","name":"admin","image":{"@type":"ImageObject","inLanguage":"sq-AL","@id":"https:\/\/fjala.info\/2009-2015\/wp-content\/uploads\/2012\/02\/arben_cokaj-120x150.jpg","url":"https:\/\/fjala.info\/2009-2015\/wp-content\/uploads\/2012\/02\/arben_cokaj-120x150.jpg","contentUrl":"https:\/\/fjala.info\/2009-2015\/wp-content\/uploads\/2012\/02\/arben_cokaj-120x150.jpg","caption":"admin"},"description":"Admin, Fjala e Lir\u00eb","sameAs":["https:\/\/fjala.info\/"],"url":"https:\/\/fjala.info\/2009-2015\/author\/admin\/"}]}},"_links":{"self":[{"href":"https:\/\/fjala.info\/2009-2015\/wp-json\/wp\/v2\/posts\/2915","targetHints":{"allow":["GET"]}}],"collection":[{"href":"https:\/\/fjala.info\/2009-2015\/wp-json\/wp\/v2\/posts"}],"about":[{"href":"https:\/\/fjala.info\/2009-2015\/wp-json\/wp\/v2\/types\/post"}],"author":[{"embeddable":true,"href":"https:\/\/fjala.info\/2009-2015\/wp-json\/wp\/v2\/users\/1"}],"replies":[{"embeddable":true,"href":"https:\/\/fjala.info\/2009-2015\/wp-json\/wp\/v2\/comments?post=2915"}],"version-history":[{"count":0,"href":"https:\/\/fjala.info\/2009-2015\/wp-json\/wp\/v2\/posts\/2915\/revisions"}],"wp:attachment":[{"href":"https:\/\/fjala.info\/2009-2015\/wp-json\/wp\/v2\/media?parent=2915"}],"wp:term":[{"taxonomy":"category","embeddable":true,"href":"https:\/\/fjala.info\/2009-2015\/wp-json\/wp\/v2\/categories?post=2915"},{"taxonomy":"post_tag","embeddable":true,"href":"https:\/\/fjala.info\/2009-2015\/wp-json\/wp\/v2\/tags?post=2915"}],"curies":[{"name":"wp","href":"https:\/\/api.w.org\/{rel}","templated":true}]}}