{"id":2913,"date":"2012-05-22T16:27:19","date_gmt":"2012-05-22T15:27:19","guid":{"rendered":"http:\/\/www.fjala.info\/?p=2913"},"modified":"2012-05-22T16:27:19","modified_gmt":"2012-05-22T15:27:19","slug":"studentet-e-mia","status":"publish","type":"post","link":"https:\/\/fjala.info\/2009-2015\/studentet-e-mia\/","title":{"rendered":"Studentet e mia"},"content":{"rendered":"<p><img decoding=\"async\" class=\"alignleft size-thumbnail wp-image-7236\" title=\"Flamuri gjys\u00ebm-shtiz\u00eb\" src=\"http:\/\/www.fjala.info\/2012\/flamuri_gjysemshtize.jpg\" alt=\"\" width=\"300\" \/> Nga <strong>Ilir Yzeiri<\/strong>, <em>22 Maj 2012<\/em><\/p>\n<p>Vdekja tragjike e studenteve t\u00eb deg\u00ebs gjuh\u00eb-let\u00ebrsi t\u00eb Universitetit \u201cA.Xhuvani\u201d m\u00eb ka goditur r\u00ebnd\u00eb. Ato ishin studentet e mia. P\u00ebr nj\u00eb vit rresht kam zhvilluar me at\u00eb kurs l\u00ebnd\u00ebn e let\u00ebrsis\u00eb shqipe. \u00c7do t\u00eb h\u00ebn\u00eb nisesha nga Tirana me d\u00ebshir\u00ebn m\u00eb t\u00eb madhe q\u00eb t\u00eb arrija n\u00eb or\u00ebn tet\u00eb n\u00eb sall\u00ebn e katit t\u00eb par\u00eb p\u00ebr t\u00eb zhvilluar m\u00ebsim me k\u00ebt\u00eb kurs. Kur vdekja vjen me gjith\u00eb pamjen e saj makabre, kur ajo shfaqet me t\u00eb gjitha ngjyrat e zeza, kur ajo mbulon gjith\u00eb vendin me ren\u00eb e saj t\u00eb hirt\u00eb si k\u00ebt\u00eb her\u00eb, asnj\u00eb fjal\u00eb nuk \u00ebsht\u00eb e aft\u00eb, q\u00eb t\u00eb ngush\u00eblloj\u00eb, apo t\u00eb qet\u00ebsoj\u00eb sidomos shpirtin e familjar\u00ebve t\u00eb studenteve t\u00eb mia.<\/p>\n<p>Por edhe un\u00eb, ashtu si shok\u00ebt e shoqet e tyre, ashtu si koleg\u00ebt e mi, ashtu si mij\u00ebra shqiptar\u00eb t\u00eb p\u00ebrlotur anek\u00ebnd vendit tim, e kam t\u00eb v\u00ebshtir\u00eb t\u00eb gjej nj\u00eb fjal\u00eb p\u00ebr t\u2019u qet\u00ebsuar. Studentet e mia kan\u00eb vdekur. Jeta e tyre u k\u00ebput n\u00eb mes at\u00ebher\u00eb kur ato sapo kishin kaluar t\u00eb nj\u00ebzetat. Mor\u00ebn me vete ankthe, \u00ebndrra, imazhin e nj\u00eb bote t\u00eb ngarkuar me stres, por edhe me \u00ebndrra. Tani q\u00eb po shkruaj k\u00ebto radh\u00eb i sjell n\u00eb mend portretet e tyre dhe fjala e par\u00eb q\u00eb m\u00eb vjen nd\u00ebr mend \u00ebsht\u00eb p\u00ebrunj\u00ebsia.<\/p>\n<p>Studentet e mia ishin t\u00eb urta, t\u00eb p\u00ebrunjura, t\u00eb p\u00ebrkushtuara, t\u00eb bukura. Ato e dinin q\u00eb do t\u00eb zinin nj\u00eb vend normal n\u00eb jet\u00eb dhe n\u00eb k\u00ebt\u00eb pik\u00eb m\u00eb vjen nd\u00ebrmend ai dyvarg\u00ebshi i Kadares\u00eb p\u00ebr m\u00ebsueset e fshatit \u201ct\u00eb urta gjer n\u00eb dhimbje\/t\u00eb thjeshta gjer n\u00eb madh\u00ebshti\u201d. K\u00ebshtu ishin studentet e mia. Tani q\u00eb ato nuk jan\u00eb m\u00eb, tani q\u00eb dheu i ftoht\u00eb do t\u00eb mbuloj\u00eb v\u00ebshtrimet e tyre gjith\u00eb drit\u00eb, un\u00eb rri e mendoj p\u00ebrs\u00ebri p\u00ebr vdekjen dhe me k\u00ebt\u00eb rast dua t\u00eb them se vdekja e tyre, vdekja e studenteve t\u00eb mia \u00ebsht\u00eb aq tragjike sa ajo nuk p\u00ebrmban asnj\u00eb ndotje sociale.<\/p>\n<p>Dje un\u00eb pash\u00eb me t\u00eb v\u00ebrtet\u00eb nj\u00eb popull t\u00eb pik\u00eblluar. Pas \u00e7do vdekjeje, p\u00ebrve\u00e7 dhimbjes, q\u00ebndron zakonisht e fshehur diku n\u00eb skut\u00ebn e err\u00ebt t\u00eb n\u00ebnvet\u00ebdijes son\u00eb t\u00eb mbrapsht\u00eb edhe zilia p\u00ebr t\u00eb p\u00ebrfituar prej saj, q\u00eb shfaqet n\u00eb form\u00ebn e projektimit t\u00eb fajit mbi nj\u00eb kund\u00ebrshtar t\u00eb caktuar. Vdekja tragjike e studenteve t\u00eb mia \u00ebsht\u00eb pa asnj\u00eb ndotje t\u00eb till\u00eb sociale. Ajo \u00ebsht\u00eb vet\u00ebm tragjike, sepse k\u00ebputi n\u00eb m\u00ebnyr\u00eb makabre jet\u00ebn e studenteve q\u00eb prisnin t\u00eb diplomoheshin e t\u00eb rifillonin jet\u00ebn.<\/p>\n<p>T\u00eb dashura studentet e mia, Denisa, Ermira, Aurora, Lindita, Joana, Elsa, Juliana, Fabiola, Eriola, Eranda, Dorina! Ne nuk do t\u00eb takohemi m\u00eb. Ju e nd\u00ebrpret\u00eb rrug\u00ebn dhe Zoti ju mori at\u00ebher\u00eb kur ju do t\u00eb duhej t\u00eb nisnit jet\u00ebn. Humbja juaj \u00ebsht\u00eb e paz\u00ebvend\u00ebsueshme p\u00ebr t\u00eb dashurit familjar\u00ebt tuaj dhe p\u00ebr ne gjithashtu. Vdekja juaj na kujtoi edhe nj\u00ebher\u00eb se jeta duhet jetuar me p\u00ebrunj\u00ebsi, se vdekja dhe jeta jan\u00eb aq pran\u00eb sa askush nuk e beson. Ju me vdekjen tuaj tragjike na b\u00ebt\u00eb m\u00eb njer\u00ebzor\u00eb sot, por ju e mbush\u00ebt me shum\u00eb trishtim k\u00ebt\u00eb vend. \u00cbsht\u00eb e paimagjinueshme se si mund t\u00eb vdesin n\u00eb nj\u00eb dit\u00eb kaq shum\u00eb vajza. Mir\u00ebpo ky \u00ebsht\u00eb fataliteti i jet\u00ebs.<\/p>\n<p>Dhe un\u00eb q\u00eb kam jetuar me ju p\u00ebr nj\u00eb vit t\u00eb t\u00ebr\u00eb nuk e kisha menduar kurr\u00eb se ato v\u00ebshtrimet tuaja, portretet tuaja, do t\u00eb shuheshin nj\u00eb dit\u00eb dhe do t\u00eb largoheshin. Un\u00eb ua mbaj mend v\u00ebshtrimin dhe t\u00eb qeshur\u00ebn tuaj. K\u00ebshtu ju kujtojn\u00eb t\u00eb gjith\u00eb. Edhe tani q\u00eb ju do t\u00eb ngjiteni n\u00eb qiell, un\u00eb, por edhe ne t\u00eb gjith\u00eb do t\u2019ju sjellim nd\u00ebrmend si engj\u00ebj. Do t\u2019ju kujtojm\u00eb gjithmon\u00eb, por sidomos do t\u2019ju sjellim nd\u00ebrmend sa her\u00eb q\u00eb do t\u00eb kujtohemi se jeta dhe vdekja jan\u00eb aq pran\u00eb sa askush nuk mund ta imagjinoj\u00eb. As ju t\u00eb dashurat studentet e mia.<\/p>\n<p>Lamtumir\u00eb!<\/p>\n","protected":false},"excerpt":{"rendered":"<p>Nga Ilir Yzeiri, 22 Maj 2012 Vdekja tragjike e studenteve t\u00eb deg\u00ebs gjuh\u00eb-let\u00ebrsi t\u00eb Universitetit \u201cA.Xhuvani\u201d m\u00eb ka goditur r\u00ebnd\u00eb. Ato ishin studentet e mia. P\u00ebr nj\u00eb vit rresht kam zhvilluar me at\u00eb kurs l\u00ebnd\u00ebn e let\u00ebrsis\u00eb shqipe. \u00c7do t\u00eb h\u00ebn\u00eb nisesha nga Tirana me d\u00ebshir\u00ebn m\u00eb t\u00eb madhe q\u00eb t\u00eb arrija n\u00eb or\u00ebn tet\u00eb [&hellip;]<\/p>\n","protected":false},"author":1,"featured_media":0,"comment_status":"open","ping_status":"closed","sticky":false,"template":"","format":"standard","meta":{"footnotes":""},"categories":[2],"tags":[],"class_list":{"0":"post-2913","1":"post","2":"type-post","3":"status-publish","4":"format-standard","6":"category-artikuj"},"yoast_head":"<!-- This site is optimized with the Yoast SEO plugin v27.4 - https:\/\/yoast.com\/product\/yoast-seo-wordpress\/ -->\n<title>Studentet e mia - FjALA e LIR\u00cb - Arkivi<\/title>\n<meta name=\"robots\" content=\"index, follow, max-snippet:-1, max-image-preview:large, max-video-preview:-1\" \/>\n<link rel=\"canonical\" href=\"https:\/\/fjala.info\/2009-2015\/studentet-e-mia\/\" \/>\n<meta property=\"og:locale\" content=\"sq_AL\" \/>\n<meta property=\"og:type\" content=\"article\" \/>\n<meta property=\"og:title\" content=\"Studentet e mia - FjALA e LIR\u00cb - Arkivi\" \/>\n<meta property=\"og:description\" content=\"Nga Ilir Yzeiri, 22 Maj 2012 Vdekja tragjike e studenteve t\u00eb deg\u00ebs gjuh\u00eb-let\u00ebrsi t\u00eb Universitetit \u201cA.Xhuvani\u201d m\u00eb ka goditur r\u00ebnd\u00eb. Ato ishin studentet e mia. P\u00ebr nj\u00eb vit rresht kam zhvilluar me at\u00eb kurs l\u00ebnd\u00ebn e let\u00ebrsis\u00eb shqipe. \u00c7do t\u00eb h\u00ebn\u00eb nisesha nga Tirana me d\u00ebshir\u00ebn m\u00eb t\u00eb madhe q\u00eb t\u00eb arrija n\u00eb or\u00ebn tet\u00eb [&hellip;]\" \/>\n<meta property=\"og:url\" content=\"https:\/\/fjala.info\/2009-2015\/studentet-e-mia\/\" \/>\n<meta property=\"og:site_name\" content=\"FjALA e LIR\u00cb - Arkivi\" \/>\n<meta property=\"article:published_time\" content=\"2012-05-22T15:27:19+00:00\" \/>\n<meta property=\"og:image\" content=\"http:\/\/www.fjala.info\/2012\/flamuri_gjysemshtize.jpg\" \/>\n<meta name=\"author\" content=\"admin\" \/>\n<meta name=\"twitter:card\" content=\"summary_large_image\" \/>\n<meta name=\"twitter:label1\" content=\"Written by\" \/>\n\t<meta name=\"twitter:data1\" content=\"admin\" \/>\n\t<meta name=\"twitter:label2\" content=\"Est. reading time\" \/>\n\t<meta name=\"twitter:data2\" content=\"4 minutes\" \/>\n<script type=\"application\/ld+json\" class=\"yoast-schema-graph\">{\"@context\":\"https:\\\/\\\/schema.org\",\"@graph\":[{\"@type\":\"Article\",\"@id\":\"https:\\\/\\\/fjala.info\\\/2009-2015\\\/studentet-e-mia\\\/#article\",\"isPartOf\":{\"@id\":\"https:\\\/\\\/fjala.info\\\/2009-2015\\\/studentet-e-mia\\\/\"},\"author\":{\"name\":\"admin\",\"@id\":\"https:\\\/\\\/fjala.info\\\/2009-2015\\\/#\\\/schema\\\/person\\\/3aa1163ef05469c496fc94e77611ada2\"},\"headline\":\"Studentet e mia\",\"datePublished\":\"2012-05-22T15:27:19+00:00\",\"mainEntityOfPage\":{\"@id\":\"https:\\\/\\\/fjala.info\\\/2009-2015\\\/studentet-e-mia\\\/\"},\"wordCount\":725,\"commentCount\":0,\"publisher\":{\"@id\":\"https:\\\/\\\/fjala.info\\\/2009-2015\\\/#organization\"},\"image\":{\"@id\":\"https:\\\/\\\/fjala.info\\\/2009-2015\\\/studentet-e-mia\\\/#primaryimage\"},\"thumbnailUrl\":\"http:\\\/\\\/www.fjala.info\\\/2012\\\/flamuri_gjysemshtize.jpg\",\"articleSection\":[\"Artikuj\"],\"inLanguage\":\"sq-AL\",\"potentialAction\":[{\"@type\":\"CommentAction\",\"name\":\"Comment\",\"target\":[\"https:\\\/\\\/fjala.info\\\/2009-2015\\\/studentet-e-mia\\\/#respond\"]}]},{\"@type\":\"WebPage\",\"@id\":\"https:\\\/\\\/fjala.info\\\/2009-2015\\\/studentet-e-mia\\\/\",\"url\":\"https:\\\/\\\/fjala.info\\\/2009-2015\\\/studentet-e-mia\\\/\",\"name\":\"Studentet e mia - FjALA e LIR\u00cb - Arkivi\",\"isPartOf\":{\"@id\":\"https:\\\/\\\/fjala.info\\\/2009-2015\\\/#website\"},\"primaryImageOfPage\":{\"@id\":\"https:\\\/\\\/fjala.info\\\/2009-2015\\\/studentet-e-mia\\\/#primaryimage\"},\"image\":{\"@id\":\"https:\\\/\\\/fjala.info\\\/2009-2015\\\/studentet-e-mia\\\/#primaryimage\"},\"thumbnailUrl\":\"http:\\\/\\\/www.fjala.info\\\/2012\\\/flamuri_gjysemshtize.jpg\",\"datePublished\":\"2012-05-22T15:27:19+00:00\",\"breadcrumb\":{\"@id\":\"https:\\\/\\\/fjala.info\\\/2009-2015\\\/studentet-e-mia\\\/#breadcrumb\"},\"inLanguage\":\"sq-AL\",\"potentialAction\":[{\"@type\":\"ReadAction\",\"target\":[\"https:\\\/\\\/fjala.info\\\/2009-2015\\\/studentet-e-mia\\\/\"]}]},{\"@type\":\"ImageObject\",\"inLanguage\":\"sq-AL\",\"@id\":\"https:\\\/\\\/fjala.info\\\/2009-2015\\\/studentet-e-mia\\\/#primaryimage\",\"url\":\"http:\\\/\\\/www.fjala.info\\\/2012\\\/flamuri_gjysemshtize.jpg\",\"contentUrl\":\"http:\\\/\\\/www.fjala.info\\\/2012\\\/flamuri_gjysemshtize.jpg\"},{\"@type\":\"BreadcrumbList\",\"@id\":\"https:\\\/\\\/fjala.info\\\/2009-2015\\\/studentet-e-mia\\\/#breadcrumb\",\"itemListElement\":[{\"@type\":\"ListItem\",\"position\":1,\"name\":\"Home\",\"item\":\"https:\\\/\\\/fjala.info\\\/2009-2015\\\/\"},{\"@type\":\"ListItem\",\"position\":2,\"name\":\"Studentet e mia\"}]},{\"@type\":\"WebSite\",\"@id\":\"https:\\\/\\\/fjala.info\\\/2009-2015\\\/#website\",\"url\":\"https:\\\/\\\/fjala.info\\\/2009-2015\\\/\",\"name\":\"FjALA e LIR\u00cb - Arkivi\",\"description\":\"Arkivi 2009-2015\",\"publisher\":{\"@id\":\"https:\\\/\\\/fjala.info\\\/2009-2015\\\/#organization\"},\"potentialAction\":[{\"@type\":\"SearchAction\",\"target\":{\"@type\":\"EntryPoint\",\"urlTemplate\":\"https:\\\/\\\/fjala.info\\\/2009-2015\\\/?s={search_term_string}\"},\"query-input\":{\"@type\":\"PropertyValueSpecification\",\"valueRequired\":true,\"valueName\":\"search_term_string\"}}],\"inLanguage\":\"sq-AL\"},{\"@type\":\"Organization\",\"@id\":\"https:\\\/\\\/fjala.info\\\/2009-2015\\\/#organization\",\"name\":\"FjALA e LIR\u00cb - Arkivi\",\"url\":\"https:\\\/\\\/fjala.info\\\/2009-2015\\\/\",\"logo\":{\"@type\":\"ImageObject\",\"inLanguage\":\"sq-AL\",\"@id\":\"https:\\\/\\\/fjala.info\\\/2009-2015\\\/#\\\/schema\\\/logo\\\/image\\\/\",\"url\":\"\",\"contentUrl\":\"\",\"caption\":\"FjALA e LIR\u00cb - Arkivi\"},\"image\":{\"@id\":\"https:\\\/\\\/fjala.info\\\/2009-2015\\\/#\\\/schema\\\/logo\\\/image\\\/\"}},{\"@type\":\"Person\",\"@id\":\"https:\\\/\\\/fjala.info\\\/2009-2015\\\/#\\\/schema\\\/person\\\/3aa1163ef05469c496fc94e77611ada2\",\"name\":\"admin\",\"image\":{\"@type\":\"ImageObject\",\"inLanguage\":\"sq-AL\",\"@id\":\"https:\\\/\\\/fjala.info\\\/2009-2015\\\/wp-content\\\/uploads\\\/2012\\\/02\\\/arben_cokaj-120x150.jpg\",\"url\":\"https:\\\/\\\/fjala.info\\\/2009-2015\\\/wp-content\\\/uploads\\\/2012\\\/02\\\/arben_cokaj-120x150.jpg\",\"contentUrl\":\"https:\\\/\\\/fjala.info\\\/2009-2015\\\/wp-content\\\/uploads\\\/2012\\\/02\\\/arben_cokaj-120x150.jpg\",\"caption\":\"admin\"},\"description\":\"Admin, Fjala e Lir\u00eb\",\"sameAs\":[\"https:\\\/\\\/fjala.info\\\/\"],\"url\":\"https:\\\/\\\/fjala.info\\\/2009-2015\\\/author\\\/admin\\\/\"}]}<\/script>\n<!-- \/ Yoast SEO plugin. -->","yoast_head_json":{"title":"Studentet e mia - FjALA e LIR\u00cb - Arkivi","robots":{"index":"index","follow":"follow","max-snippet":"max-snippet:-1","max-image-preview":"max-image-preview:large","max-video-preview":"max-video-preview:-1"},"canonical":"https:\/\/fjala.info\/2009-2015\/studentet-e-mia\/","og_locale":"sq_AL","og_type":"article","og_title":"Studentet e mia - FjALA e LIR\u00cb - Arkivi","og_description":"Nga Ilir Yzeiri, 22 Maj 2012 Vdekja tragjike e studenteve t\u00eb deg\u00ebs gjuh\u00eb-let\u00ebrsi t\u00eb Universitetit \u201cA.Xhuvani\u201d m\u00eb ka goditur r\u00ebnd\u00eb. Ato ishin studentet e mia. P\u00ebr nj\u00eb vit rresht kam zhvilluar me at\u00eb kurs l\u00ebnd\u00ebn e let\u00ebrsis\u00eb shqipe. \u00c7do t\u00eb h\u00ebn\u00eb nisesha nga Tirana me d\u00ebshir\u00ebn m\u00eb t\u00eb madhe q\u00eb t\u00eb arrija n\u00eb or\u00ebn tet\u00eb [&hellip;]","og_url":"https:\/\/fjala.info\/2009-2015\/studentet-e-mia\/","og_site_name":"FjALA e LIR\u00cb - Arkivi","article_published_time":"2012-05-22T15:27:19+00:00","og_image":[{"url":"http:\/\/www.fjala.info\/2012\/flamuri_gjysemshtize.jpg","type":"","width":"","height":""}],"author":"admin","twitter_card":"summary_large_image","twitter_misc":{"Written by":"admin","Est. reading time":"4 minutes"},"schema":{"@context":"https:\/\/schema.org","@graph":[{"@type":"Article","@id":"https:\/\/fjala.info\/2009-2015\/studentet-e-mia\/#article","isPartOf":{"@id":"https:\/\/fjala.info\/2009-2015\/studentet-e-mia\/"},"author":{"name":"admin","@id":"https:\/\/fjala.info\/2009-2015\/#\/schema\/person\/3aa1163ef05469c496fc94e77611ada2"},"headline":"Studentet e mia","datePublished":"2012-05-22T15:27:19+00:00","mainEntityOfPage":{"@id":"https:\/\/fjala.info\/2009-2015\/studentet-e-mia\/"},"wordCount":725,"commentCount":0,"publisher":{"@id":"https:\/\/fjala.info\/2009-2015\/#organization"},"image":{"@id":"https:\/\/fjala.info\/2009-2015\/studentet-e-mia\/#primaryimage"},"thumbnailUrl":"http:\/\/www.fjala.info\/2012\/flamuri_gjysemshtize.jpg","articleSection":["Artikuj"],"inLanguage":"sq-AL","potentialAction":[{"@type":"CommentAction","name":"Comment","target":["https:\/\/fjala.info\/2009-2015\/studentet-e-mia\/#respond"]}]},{"@type":"WebPage","@id":"https:\/\/fjala.info\/2009-2015\/studentet-e-mia\/","url":"https:\/\/fjala.info\/2009-2015\/studentet-e-mia\/","name":"Studentet e mia - FjALA e LIR\u00cb - Arkivi","isPartOf":{"@id":"https:\/\/fjala.info\/2009-2015\/#website"},"primaryImageOfPage":{"@id":"https:\/\/fjala.info\/2009-2015\/studentet-e-mia\/#primaryimage"},"image":{"@id":"https:\/\/fjala.info\/2009-2015\/studentet-e-mia\/#primaryimage"},"thumbnailUrl":"http:\/\/www.fjala.info\/2012\/flamuri_gjysemshtize.jpg","datePublished":"2012-05-22T15:27:19+00:00","breadcrumb":{"@id":"https:\/\/fjala.info\/2009-2015\/studentet-e-mia\/#breadcrumb"},"inLanguage":"sq-AL","potentialAction":[{"@type":"ReadAction","target":["https:\/\/fjala.info\/2009-2015\/studentet-e-mia\/"]}]},{"@type":"ImageObject","inLanguage":"sq-AL","@id":"https:\/\/fjala.info\/2009-2015\/studentet-e-mia\/#primaryimage","url":"http:\/\/www.fjala.info\/2012\/flamuri_gjysemshtize.jpg","contentUrl":"http:\/\/www.fjala.info\/2012\/flamuri_gjysemshtize.jpg"},{"@type":"BreadcrumbList","@id":"https:\/\/fjala.info\/2009-2015\/studentet-e-mia\/#breadcrumb","itemListElement":[{"@type":"ListItem","position":1,"name":"Home","item":"https:\/\/fjala.info\/2009-2015\/"},{"@type":"ListItem","position":2,"name":"Studentet e mia"}]},{"@type":"WebSite","@id":"https:\/\/fjala.info\/2009-2015\/#website","url":"https:\/\/fjala.info\/2009-2015\/","name":"FjALA e LIR\u00cb - Arkivi","description":"Arkivi 2009-2015","publisher":{"@id":"https:\/\/fjala.info\/2009-2015\/#organization"},"potentialAction":[{"@type":"SearchAction","target":{"@type":"EntryPoint","urlTemplate":"https:\/\/fjala.info\/2009-2015\/?s={search_term_string}"},"query-input":{"@type":"PropertyValueSpecification","valueRequired":true,"valueName":"search_term_string"}}],"inLanguage":"sq-AL"},{"@type":"Organization","@id":"https:\/\/fjala.info\/2009-2015\/#organization","name":"FjALA e LIR\u00cb - Arkivi","url":"https:\/\/fjala.info\/2009-2015\/","logo":{"@type":"ImageObject","inLanguage":"sq-AL","@id":"https:\/\/fjala.info\/2009-2015\/#\/schema\/logo\/image\/","url":"","contentUrl":"","caption":"FjALA e LIR\u00cb - Arkivi"},"image":{"@id":"https:\/\/fjala.info\/2009-2015\/#\/schema\/logo\/image\/"}},{"@type":"Person","@id":"https:\/\/fjala.info\/2009-2015\/#\/schema\/person\/3aa1163ef05469c496fc94e77611ada2","name":"admin","image":{"@type":"ImageObject","inLanguage":"sq-AL","@id":"https:\/\/fjala.info\/2009-2015\/wp-content\/uploads\/2012\/02\/arben_cokaj-120x150.jpg","url":"https:\/\/fjala.info\/2009-2015\/wp-content\/uploads\/2012\/02\/arben_cokaj-120x150.jpg","contentUrl":"https:\/\/fjala.info\/2009-2015\/wp-content\/uploads\/2012\/02\/arben_cokaj-120x150.jpg","caption":"admin"},"description":"Admin, Fjala e Lir\u00eb","sameAs":["https:\/\/fjala.info\/"],"url":"https:\/\/fjala.info\/2009-2015\/author\/admin\/"}]}},"_links":{"self":[{"href":"https:\/\/fjala.info\/2009-2015\/wp-json\/wp\/v2\/posts\/2913","targetHints":{"allow":["GET"]}}],"collection":[{"href":"https:\/\/fjala.info\/2009-2015\/wp-json\/wp\/v2\/posts"}],"about":[{"href":"https:\/\/fjala.info\/2009-2015\/wp-json\/wp\/v2\/types\/post"}],"author":[{"embeddable":true,"href":"https:\/\/fjala.info\/2009-2015\/wp-json\/wp\/v2\/users\/1"}],"replies":[{"embeddable":true,"href":"https:\/\/fjala.info\/2009-2015\/wp-json\/wp\/v2\/comments?post=2913"}],"version-history":[{"count":0,"href":"https:\/\/fjala.info\/2009-2015\/wp-json\/wp\/v2\/posts\/2913\/revisions"}],"wp:attachment":[{"href":"https:\/\/fjala.info\/2009-2015\/wp-json\/wp\/v2\/media?parent=2913"}],"wp:term":[{"taxonomy":"category","embeddable":true,"href":"https:\/\/fjala.info\/2009-2015\/wp-json\/wp\/v2\/categories?post=2913"},{"taxonomy":"post_tag","embeddable":true,"href":"https:\/\/fjala.info\/2009-2015\/wp-json\/wp\/v2\/tags?post=2913"}],"curies":[{"name":"wp","href":"https:\/\/api.w.org\/{rel}","templated":true}]}}