{"id":2908,"date":"2012-05-22T15:42:04","date_gmt":"2012-05-22T14:42:04","guid":{"rendered":"http:\/\/www.fjala.info\/?p=2908"},"modified":"2012-05-22T15:42:04","modified_gmt":"2012-05-22T14:42:04","slug":"a-dime-te-sillemi-ne-gazetaret-ne-nje-tragjedi","status":"publish","type":"post","link":"https:\/\/fjala.info\/2009-2015\/a-dime-te-sillemi-ne-gazetaret-ne-nje-tragjedi\/","title":{"rendered":"A dim\u00eb t\u00eb sillemi ne gazetar\u00ebt n\u00eb nj\u00eb tragjedi?"},"content":{"rendered":"<p><img decoding=\"async\" class=\"alignright size-thumbnail wp-image-7236\" title=\"Lule n\u00eb kujtim t\u00eb student\u00ebve t\u00eb tragjedis\u00eb...\" src=\"http:\/\/www.fjala.info\/2012\/lule_per_studentet.jpg\" alt=\"\" width=\"300\" \/> Nga <strong>Mustafa Nano<\/strong>, <em>22 maj 2012<\/em><\/p>\n<p>Dje pasdite, n\u00eb or\u00ebn 18.32, publikova n\u00eb respublica.al nj\u00eb sh\u00ebnim me titullin \u201cTragjedia e Himar\u00ebs dhe \u2026 transmetimet televizive live\u201d, dhe aty krahas informacionit mbi ngjarjen tragjike, ku mbet\u00ebn t\u00eb vdekura 12 vajza, studente t\u00eb universitetit \u201cAleksand\u00ebr Xhuvani\u201d t\u00eb Elbasanit, fokusohesha pak\u00ebz dhe n\u00eb transmetimet live q\u00eb televizionet i b\u00ebnin ngjarjes, duke filmuar e komentuar at\u00eb q\u00eb dukej nga tragjedia.<\/p>\n<p>Ishin or\u00ebt e para pas tragjedis\u00eb, dhe po i ndiqja sy e vesh\u00eb ato transmetime. Ishin nj\u00eb num\u00ebr televizionesh q\u00eb e b\u00ebnin k\u00ebt\u00eb gj\u00eb n\u00eb t\u00eb nj\u00ebjt\u00ebn koh\u00eb. E t\u00eb gjitha dalloheshin p\u00ebr nj\u00eb gj\u00eb, q\u00eb i nxirrte nga binar\u00ebt e profesionit: tek informacioni q\u00eb jepej binin n\u00eb sy lajme t\u00eb vazhdueshme me politikan\u00eb, q\u00eb thoshin t\u00eb tyren mbi at\u00eb q\u00eb kishte ndodhur.<\/p>\n<p>Pak m\u00eb pas, n\u00eb or\u00ebn 18.47, Tema online publikoi nj\u00eb sh\u00ebnim t\u00eb vetin me titull \u201cRespektoni viktimat\u201d, ku u b\u00ebhej nj\u00eb apel koleg\u00ebve t\u00eb televizioneve p\u00ebr \u201ct\u00eb ulur pak z\u00ebrin, teksa raportojn\u00eb nga terreni, t\u00eb jen\u00eb m\u00eb solemn\u00eb e m\u00eb t\u00eb p\u00ebrmbajtur, e t\u00eb fokusohen te spitalet\u201d. Po aty citohej nj\u00eb drejtor zjarrfik\u00ebsesh q\u00eb kish folur para kamerave televizive p\u00ebr \u201csasi viktimash\u201d (nuk jemi vet\u00ebm ne gazetar\u00ebt q\u00eb s\u2019dim\u00eb t\u00eb sillemi n\u00eb rrethana t\u00eb tilla; zyrtar\u00ebt e shtetit jan\u00eb m\u00eb keq). Ky i Tem\u00ebs ishte i nj\u00ebjti shqet\u00ebsim, por i par\u00eb nga nj\u00eb optik\u00eb tjet\u00ebr dhe i shprehur n\u00eb nj\u00eb m\u00ebnyr\u00eb tjet\u00ebr.<\/p>\n<p>Ne gazetar\u00ebt shqiptar\u00eb, ndon\u00ebse kemi tanim\u00eb nj\u00eb p\u00ebrvoj\u00eb mbi nj\u00ebzetvje\u00e7are n\u00eb rrethanat e shtypit e fjal\u00ebs s\u00eb lir\u00eb, nuk kemi m\u00ebsuar ende t\u00eb sillemi n\u00eb nj\u00eb tragjedi, e nuk kemi m\u00ebsuar ende ta p\u00ebrcjellim deri te publiku nj\u00eb ngjarje t\u00eb r\u00ebnd\u00eb. Televizionet q\u00eb transmetojn\u00eb live t\u00eb gjitha ngjarjet e zhvillimet e k\u00ebtij vendi nuk din\u00eb t\u00eb b\u00ebjn\u00eb dallimin midis nj\u00eb kongresi partie e nj\u00eb ploje, midis nj\u00eb seance parlamentare e nj\u00eb krimi, midis nj\u00eb tubimi elektoral e nj\u00eb tragjedie. Ata i raportojn\u00eb k\u00ebto ngjarje po nj\u00ebsoj, me z\u00eb t\u00eb lart\u00eb, e me entuziazmin e raportimit t\u00eb nj\u00eb scoop-i. Ky lloj raportimi t\u00eb bezdis, t\u00eb fyen, t\u00eb posht\u00ebron, t\u00eb depreson.<\/p>\n<p>Kjo \u00ebsht\u00eb e para. Gj\u00ebja e dyt\u00eb fyese ka t\u00eb b\u00ebj\u00eb me pjes\u00ebn q\u00eb i jepet politik\u00ebs edhe n\u00eb nj\u00eb ngjarje si ajo e djeshmja. Ti hap televizorin e sinkronizohesh n\u00eb nj\u00eb kanal p\u00ebr t\u2019u informuar, dhe gj\u00ebja e par\u00eb q\u00eb b\u00ebn, z\u00eb e lexon titrat: sheh se jan\u00eb t\u00eb llojit \u201cministri Bujar Nishani niset p\u00ebr n\u00eb Himar\u00eb\u201d, \u201ctok me Nishanin \u00ebsht\u00eb dhe Burgaj\u201d, \u201cnjoftim nga Kryeministria: Berisha \u00ebsht\u00eb informuar n\u00eb Chicago mbi tragjedin\u00eb\u201d, \u201cKryeministri jep porosi n\u00eb telefon, q\u00eb t\u00eb b\u00ebhet e pamundura p\u00ebr t\u2019iu ndodhur pran\u00eb njer\u00ebzve n\u00eb nevoj\u00eb\u201d, \u201cEdi Rama: tragjedi e tmerrshme, \u00ebsht\u00eb ora p\u00ebr solidaritet njer\u00ebzor\u201d, \u201cPDIU: Humbja e student\u00ebve, tragjedi mbar\u00ebkomb\u00ebtare\u201d, \u201cMeta: Ndajm\u00eb dhembjen me t\u00eb af\u00ebrmit\u201d, \u201cTopi: shteti \u00ebsht\u00eb n\u00eb k\u00ebmb\u00eb\u201d, \u201cTopi prap\u00eb: ngush\u00ebllime t\u00eb sinqerta familjar\u00ebve\u201d, \u201ckryebashkiaku Goro: familjar\u00ebt do ken\u00eb ndihm\u00ebn e nevojshme\u201d, \u201cTopalli \u00ebsht\u00eb nisur drejt Himar\u00ebs; me t\u00eb \u00ebsht\u00eb dhe Vasili\u201d etj., etj., etj.<\/p>\n<p>Nuk kan\u00eb t\u00eb sosur lajme t\u00eb tilla, q\u00eb praktikisht nuk jan\u00eb lajme, pasi nuk thon\u00eb asgj\u00eb. Dhe nuk ishin vet\u00ebm n\u00eb form\u00eb titrash. Her\u00eb pas here, fol\u00ebsit\/et nd\u00ebrprisnin informacionin nga terreni, dhe jepnin informacionin mbi reagimet e politikan\u00ebve e t\u00eb dinjitar\u00ebve shtet\u00ebror\u00eb. Jan\u00eb t\u00eb gjitha reagime retorike, fjal\u00eb boshe, dhe ndoshta nuk kan\u00eb faj p\u00ebr k\u00ebt\u00eb (\u00e7far\u00eb reagimesh t\u00eb tjera mund t\u00eb b\u00ebhen nj\u00eb a dy or\u00eb pas nj\u00eb tragjedie?), por \u00ebsht\u00eb e tep\u00ebrt dhe e panevojshme q\u00eb k\u00ebto q\u00ebndrime t\u00eb transmetohen dhjet\u00ebra her\u00eb n\u00eb harkun e pak or\u00ebve, a thua se ato q\u00eb thuhen nuk jan\u00eb dokrra, por revelation-e.<\/p>\n<p>Nj\u00eb njoftim i Kryeministris\u00eb (vini re: nj\u00eb njoftim i zyr\u00ebs s\u00eb Kryeministrit, e jo nj\u00eb deklarat\u00eb e Kryeministrit me pamje e me z\u00eb) ish shp\u00ebrb\u00ebr\u00eb dje pasdite n\u00eb pes\u00eb a gjasht\u00eb titra. Kjo nuk ka kuptim. Nuk ka kuptim n\u00eb t\u00eb gjitha kuptimet. S\u00eb pari, nj\u00eb informacion i till\u00eb t\u00eb shastis, ta heq v\u00ebmendjen nga ajo q\u00eb ka ndodhur e q\u00eb praktikisht ka r\u00ebnd\u00ebsi, e t\u00eb sjell n\u00eb fokus nj\u00eb gj\u00eb q\u00eb s\u2019ka pse t\u00eb jet\u00eb fare pjes\u00eb e raportimit; s\u00eb dyti t\u00eb bezdis sa s\u2019ka ku t\u00eb shkoj\u00eb; edhe sikur ta kesh shum\u00eb xhan Berish\u00ebn, Ram\u00ebn, Met\u00ebn, Topin, \u00ebsht\u00eb bezdis\u00ebse t\u00eb d\u00ebgjosh e t\u00eb lexosh her\u00eb pas here gjat\u00eb dit\u00ebs, apo gjat\u00eb pak or\u00ebve, se \u201cata jan\u00eb shum\u00eb t\u00eb shqet\u00ebsuar, se ata b\u00ebjn\u00eb thirrje p\u00ebr solidaritet, se ata apelojn\u00eb q\u00eb t\u2019u gjendemi pran\u00eb t\u00eb d\u00ebmtuarve, se ata kan\u00eb urdh\u00ebruar marrjen e masave, se ata jan\u00eb nisur p\u00ebr n\u00eb vendin e ngjarjes etj., etj\u201d. S\u00eb treti, n\u00eb k\u00ebt\u00eb rast kemi t\u00eb b\u00ebjm\u00eb me nj\u00eb politizim t\u00eb skajsh\u00ebm t\u00eb informacionit. \u00cbsht\u00eb nj\u00eb sindrom\u00eb e njohur e shtypit shqiptar, q\u00eb fokalizohet te politika e te politikan\u00ebt edhe kur \u00ebsht\u00eb dita e Sh\u00ebn Valentinit, edhe kur \u00ebsht\u00eb dita e Ver\u00ebs, edhe kur jan\u00eb festat fetare (e keni v\u00ebn\u00eb re se si raportohen vizitat q\u00eb b\u00ebjn\u00eb zyrtar\u00ebt e lart\u00eb t\u00eb shtetit e personalitetet politike n\u00eb kisha e xhami?<\/p>\n<p>Vihen n\u00eb qend\u00ebr t\u00eb gjith\u00e7kaje, duke eklipsuar simbolik\u00ebn e dit\u00ebve t\u00eb tilla), edhe kur ndodh nj\u00eb tragjedi, si\u00e7 ishte kjo e djeshmja. S\u00eb kat\u00ebrti, nuk duhet t\u00eb na dal\u00eb nga mendja se me k\u00ebt\u00eb qasje ne nuk b\u00ebjm\u00eb gj\u00eb tjet\u00ebr, ve\u00e7se vihemi n\u00eb funksion t\u00eb protagonizmit t\u00eb politikan\u00ebve tan\u00eb, q\u00eb nuk din\u00eb t\u2019ua l\u00ebn\u00eb kurr\u00eb reflektor\u00ebt t\u00eb tjer\u00ebve, atyre q\u00eb u takojn\u00eb; b\u00ebn vaki q\u00eb nj\u00eb pjes\u00eb syresh, kur \u00ebsht\u00eb puna tek protagonizmi, nuk din\u00eb t\u00eb ndalen as p\u00ebrpara nj\u00eb tragjedie; madje, tragjedit\u00eb jan\u00eb alamet rrethane p\u00ebr pak protagoniz\u00ebm, pasi audienca \u00ebsht\u00eb m\u00eb e plot\u00eb se n\u00eb raste t\u00eb tjera.<\/p>\n<p>Nj\u00eb internaut m\u00eb pyeste dje, se si do ta jepja un\u00eb k\u00ebt\u00eb lajm, n\u00ebse gj\u00ebrat do t\u00eb vareshin nga un\u00eb. \u00cbsht\u00eb shum\u00eb e thjesht\u00eb. Do t\u00eb jepja lajmin, do p\u00ebrpiqesha t\u00eb ndri\u00e7oja t\u00ebr\u00ebsisht at\u00eb q\u00eb kish ndodhur, ku, si, pse, do t\u00eb mbaja n\u00eb qend\u00ebr t\u00eb v\u00ebmendjes viktimat, t\u00eb dh\u00ebna rreth tyre, t\u00eb dh\u00ebna rreth aksidentit, t\u00eb dh\u00ebna mbi t\u00eb plagosurit, t\u00eb dh\u00ebna rreth ndihm\u00ebs s\u00eb par\u00eb, t\u00eb dh\u00ebna lidhur me mobilizimin e strukturave t\u00eb policis\u00eb e t\u00eb spitaleve, do t\u00eb intervistoja d\u00ebshmitar\u00ebt okular\u00eb, e gj\u00ebra t\u00eb k\u00ebsaj natyre. P\u00ebrve\u00e7 k\u00ebsaj, do t\u2019i ndaloja reporter\u00ebt t\u00eb p\u00ebrndizeshin e t\u00eb ngjireshin, a thua se po raportonin nga nj\u00eb koncert i Lady Gagas\u00eb. E n\u00eb fund, n\u00ebse s\u2019do kish gj\u00ebra p\u00ebr t\u00eb th\u00ebn\u00eb, do ndaloja transmetimet live. P\u00ebrndryshe, kur transmeton live pa qen\u00eb nevoja do vij\u00eb se s\u2019b\u00ebn nj\u00eb moment, kur ti s\u2019ke \u00e7\u2019t\u00eb b\u00ebsh tjet\u00ebr, ve\u00e7se t\u00eb kreh\u00ebsh e rikreh\u00ebsh frazat e \u2018t\u00eb m\u00ebdhenjve tan\u00eb\u2019, madje dhe mund t\u00eb shpik\u00ebsh \u2018t\u00eb m\u00ebdhenj\u2019.<\/p>\n<p>E n\u00eb k\u00ebt\u00eb mes, do l\u00ebsh pas dore tragjedin\u00eb. Dhe viktimat.<\/p>\n<p>Burimi: <em>Shqip<\/em><\/p>\n","protected":false},"excerpt":{"rendered":"<p>Nga Mustafa Nano, 22 maj 2012 Dje pasdite, n\u00eb or\u00ebn 18.32, publikova n\u00eb respublica.al nj\u00eb sh\u00ebnim me titullin \u201cTragjedia e Himar\u00ebs dhe \u2026 transmetimet televizive live\u201d, dhe aty krahas informacionit mbi ngjarjen tragjike, ku mbet\u00ebn t\u00eb vdekura 12 vajza, studente t\u00eb universitetit \u201cAleksand\u00ebr Xhuvani\u201d t\u00eb Elbasanit, fokusohesha pak\u00ebz dhe n\u00eb transmetimet live q\u00eb televizionet i [&hellip;]<\/p>\n","protected":false},"author":1,"featured_media":0,"comment_status":"open","ping_status":"closed","sticky":false,"template":"","format":"standard","meta":{"footnotes":""},"categories":[2],"tags":[],"class_list":{"0":"post-2908","1":"post","2":"type-post","3":"status-publish","4":"format-standard","6":"category-artikuj"},"yoast_head":"<!-- This site is optimized with the Yoast SEO plugin v27.4 - https:\/\/yoast.com\/product\/yoast-seo-wordpress\/ -->\n<title>A dim\u00eb t\u00eb sillemi ne gazetar\u00ebt n\u00eb nj\u00eb tragjedi? - FjALA e LIR\u00cb - Arkivi<\/title>\n<meta name=\"robots\" content=\"index, follow, max-snippet:-1, max-image-preview:large, max-video-preview:-1\" \/>\n<link rel=\"canonical\" href=\"https:\/\/fjala.info\/2009-2015\/a-dime-te-sillemi-ne-gazetaret-ne-nje-tragjedi\/\" \/>\n<meta property=\"og:locale\" content=\"sq_AL\" \/>\n<meta property=\"og:type\" content=\"article\" \/>\n<meta property=\"og:title\" content=\"A dim\u00eb t\u00eb sillemi ne gazetar\u00ebt n\u00eb nj\u00eb tragjedi? - FjALA e LIR\u00cb - Arkivi\" \/>\n<meta property=\"og:description\" content=\"Nga Mustafa Nano, 22 maj 2012 Dje pasdite, n\u00eb or\u00ebn 18.32, publikova n\u00eb respublica.al nj\u00eb sh\u00ebnim me titullin \u201cTragjedia e Himar\u00ebs dhe \u2026 transmetimet televizive live\u201d, dhe aty krahas informacionit mbi ngjarjen tragjike, ku mbet\u00ebn t\u00eb vdekura 12 vajza, studente t\u00eb universitetit \u201cAleksand\u00ebr Xhuvani\u201d t\u00eb Elbasanit, fokusohesha pak\u00ebz dhe n\u00eb transmetimet live q\u00eb televizionet i [&hellip;]\" \/>\n<meta property=\"og:url\" content=\"https:\/\/fjala.info\/2009-2015\/a-dime-te-sillemi-ne-gazetaret-ne-nje-tragjedi\/\" \/>\n<meta property=\"og:site_name\" content=\"FjALA e LIR\u00cb - Arkivi\" \/>\n<meta property=\"article:published_time\" content=\"2012-05-22T14:42:04+00:00\" \/>\n<meta property=\"og:image\" content=\"http:\/\/www.fjala.info\/2012\/lule_per_studentet.jpg\" \/>\n<meta name=\"author\" content=\"admin\" \/>\n<meta name=\"twitter:card\" content=\"summary_large_image\" \/>\n<meta name=\"twitter:label1\" content=\"Written by\" \/>\n\t<meta name=\"twitter:data1\" content=\"admin\" \/>\n\t<meta name=\"twitter:label2\" content=\"Est. reading time\" \/>\n\t<meta name=\"twitter:data2\" content=\"6 minutes\" \/>\n<script type=\"application\/ld+json\" class=\"yoast-schema-graph\">{\"@context\":\"https:\\\/\\\/schema.org\",\"@graph\":[{\"@type\":\"Article\",\"@id\":\"https:\\\/\\\/fjala.info\\\/2009-2015\\\/a-dime-te-sillemi-ne-gazetaret-ne-nje-tragjedi\\\/#article\",\"isPartOf\":{\"@id\":\"https:\\\/\\\/fjala.info\\\/2009-2015\\\/a-dime-te-sillemi-ne-gazetaret-ne-nje-tragjedi\\\/\"},\"author\":{\"name\":\"admin\",\"@id\":\"https:\\\/\\\/fjala.info\\\/2009-2015\\\/#\\\/schema\\\/person\\\/3aa1163ef05469c496fc94e77611ada2\"},\"headline\":\"A dim\u00eb t\u00eb sillemi ne gazetar\u00ebt n\u00eb nj\u00eb tragjedi?\",\"datePublished\":\"2012-05-22T14:42:04+00:00\",\"mainEntityOfPage\":{\"@id\":\"https:\\\/\\\/fjala.info\\\/2009-2015\\\/a-dime-te-sillemi-ne-gazetaret-ne-nje-tragjedi\\\/\"},\"wordCount\":1269,\"commentCount\":0,\"publisher\":{\"@id\":\"https:\\\/\\\/fjala.info\\\/2009-2015\\\/#organization\"},\"image\":{\"@id\":\"https:\\\/\\\/fjala.info\\\/2009-2015\\\/a-dime-te-sillemi-ne-gazetaret-ne-nje-tragjedi\\\/#primaryimage\"},\"thumbnailUrl\":\"http:\\\/\\\/www.fjala.info\\\/2012\\\/lule_per_studentet.jpg\",\"articleSection\":[\"Artikuj\"],\"inLanguage\":\"sq-AL\",\"potentialAction\":[{\"@type\":\"CommentAction\",\"name\":\"Comment\",\"target\":[\"https:\\\/\\\/fjala.info\\\/2009-2015\\\/a-dime-te-sillemi-ne-gazetaret-ne-nje-tragjedi\\\/#respond\"]}]},{\"@type\":\"WebPage\",\"@id\":\"https:\\\/\\\/fjala.info\\\/2009-2015\\\/a-dime-te-sillemi-ne-gazetaret-ne-nje-tragjedi\\\/\",\"url\":\"https:\\\/\\\/fjala.info\\\/2009-2015\\\/a-dime-te-sillemi-ne-gazetaret-ne-nje-tragjedi\\\/\",\"name\":\"A dim\u00eb t\u00eb sillemi ne gazetar\u00ebt n\u00eb nj\u00eb tragjedi? - FjALA e LIR\u00cb - Arkivi\",\"isPartOf\":{\"@id\":\"https:\\\/\\\/fjala.info\\\/2009-2015\\\/#website\"},\"primaryImageOfPage\":{\"@id\":\"https:\\\/\\\/fjala.info\\\/2009-2015\\\/a-dime-te-sillemi-ne-gazetaret-ne-nje-tragjedi\\\/#primaryimage\"},\"image\":{\"@id\":\"https:\\\/\\\/fjala.info\\\/2009-2015\\\/a-dime-te-sillemi-ne-gazetaret-ne-nje-tragjedi\\\/#primaryimage\"},\"thumbnailUrl\":\"http:\\\/\\\/www.fjala.info\\\/2012\\\/lule_per_studentet.jpg\",\"datePublished\":\"2012-05-22T14:42:04+00:00\",\"breadcrumb\":{\"@id\":\"https:\\\/\\\/fjala.info\\\/2009-2015\\\/a-dime-te-sillemi-ne-gazetaret-ne-nje-tragjedi\\\/#breadcrumb\"},\"inLanguage\":\"sq-AL\",\"potentialAction\":[{\"@type\":\"ReadAction\",\"target\":[\"https:\\\/\\\/fjala.info\\\/2009-2015\\\/a-dime-te-sillemi-ne-gazetaret-ne-nje-tragjedi\\\/\"]}]},{\"@type\":\"ImageObject\",\"inLanguage\":\"sq-AL\",\"@id\":\"https:\\\/\\\/fjala.info\\\/2009-2015\\\/a-dime-te-sillemi-ne-gazetaret-ne-nje-tragjedi\\\/#primaryimage\",\"url\":\"http:\\\/\\\/www.fjala.info\\\/2012\\\/lule_per_studentet.jpg\",\"contentUrl\":\"http:\\\/\\\/www.fjala.info\\\/2012\\\/lule_per_studentet.jpg\"},{\"@type\":\"BreadcrumbList\",\"@id\":\"https:\\\/\\\/fjala.info\\\/2009-2015\\\/a-dime-te-sillemi-ne-gazetaret-ne-nje-tragjedi\\\/#breadcrumb\",\"itemListElement\":[{\"@type\":\"ListItem\",\"position\":1,\"name\":\"Home\",\"item\":\"https:\\\/\\\/fjala.info\\\/2009-2015\\\/\"},{\"@type\":\"ListItem\",\"position\":2,\"name\":\"A dim\u00eb t\u00eb sillemi ne gazetar\u00ebt n\u00eb nj\u00eb tragjedi?\"}]},{\"@type\":\"WebSite\",\"@id\":\"https:\\\/\\\/fjala.info\\\/2009-2015\\\/#website\",\"url\":\"https:\\\/\\\/fjala.info\\\/2009-2015\\\/\",\"name\":\"FjALA e LIR\u00cb - Arkivi\",\"description\":\"Arkivi 2009-2015\",\"publisher\":{\"@id\":\"https:\\\/\\\/fjala.info\\\/2009-2015\\\/#organization\"},\"potentialAction\":[{\"@type\":\"SearchAction\",\"target\":{\"@type\":\"EntryPoint\",\"urlTemplate\":\"https:\\\/\\\/fjala.info\\\/2009-2015\\\/?s={search_term_string}\"},\"query-input\":{\"@type\":\"PropertyValueSpecification\",\"valueRequired\":true,\"valueName\":\"search_term_string\"}}],\"inLanguage\":\"sq-AL\"},{\"@type\":\"Organization\",\"@id\":\"https:\\\/\\\/fjala.info\\\/2009-2015\\\/#organization\",\"name\":\"FjALA e LIR\u00cb - Arkivi\",\"url\":\"https:\\\/\\\/fjala.info\\\/2009-2015\\\/\",\"logo\":{\"@type\":\"ImageObject\",\"inLanguage\":\"sq-AL\",\"@id\":\"https:\\\/\\\/fjala.info\\\/2009-2015\\\/#\\\/schema\\\/logo\\\/image\\\/\",\"url\":\"\",\"contentUrl\":\"\",\"caption\":\"FjALA e LIR\u00cb - Arkivi\"},\"image\":{\"@id\":\"https:\\\/\\\/fjala.info\\\/2009-2015\\\/#\\\/schema\\\/logo\\\/image\\\/\"}},{\"@type\":\"Person\",\"@id\":\"https:\\\/\\\/fjala.info\\\/2009-2015\\\/#\\\/schema\\\/person\\\/3aa1163ef05469c496fc94e77611ada2\",\"name\":\"admin\",\"image\":{\"@type\":\"ImageObject\",\"inLanguage\":\"sq-AL\",\"@id\":\"https:\\\/\\\/fjala.info\\\/2009-2015\\\/wp-content\\\/uploads\\\/2012\\\/02\\\/arben_cokaj-120x150.jpg\",\"url\":\"https:\\\/\\\/fjala.info\\\/2009-2015\\\/wp-content\\\/uploads\\\/2012\\\/02\\\/arben_cokaj-120x150.jpg\",\"contentUrl\":\"https:\\\/\\\/fjala.info\\\/2009-2015\\\/wp-content\\\/uploads\\\/2012\\\/02\\\/arben_cokaj-120x150.jpg\",\"caption\":\"admin\"},\"description\":\"Admin, Fjala e Lir\u00eb\",\"sameAs\":[\"https:\\\/\\\/fjala.info\\\/\"],\"url\":\"https:\\\/\\\/fjala.info\\\/2009-2015\\\/author\\\/admin\\\/\"}]}<\/script>\n<!-- \/ Yoast SEO plugin. -->","yoast_head_json":{"title":"A dim\u00eb t\u00eb sillemi ne gazetar\u00ebt n\u00eb nj\u00eb tragjedi? - FjALA e LIR\u00cb - Arkivi","robots":{"index":"index","follow":"follow","max-snippet":"max-snippet:-1","max-image-preview":"max-image-preview:large","max-video-preview":"max-video-preview:-1"},"canonical":"https:\/\/fjala.info\/2009-2015\/a-dime-te-sillemi-ne-gazetaret-ne-nje-tragjedi\/","og_locale":"sq_AL","og_type":"article","og_title":"A dim\u00eb t\u00eb sillemi ne gazetar\u00ebt n\u00eb nj\u00eb tragjedi? - FjALA e LIR\u00cb - Arkivi","og_description":"Nga Mustafa Nano, 22 maj 2012 Dje pasdite, n\u00eb or\u00ebn 18.32, publikova n\u00eb respublica.al nj\u00eb sh\u00ebnim me titullin \u201cTragjedia e Himar\u00ebs dhe \u2026 transmetimet televizive live\u201d, dhe aty krahas informacionit mbi ngjarjen tragjike, ku mbet\u00ebn t\u00eb vdekura 12 vajza, studente t\u00eb universitetit \u201cAleksand\u00ebr Xhuvani\u201d t\u00eb Elbasanit, fokusohesha pak\u00ebz dhe n\u00eb transmetimet live q\u00eb televizionet i [&hellip;]","og_url":"https:\/\/fjala.info\/2009-2015\/a-dime-te-sillemi-ne-gazetaret-ne-nje-tragjedi\/","og_site_name":"FjALA e LIR\u00cb - Arkivi","article_published_time":"2012-05-22T14:42:04+00:00","og_image":[{"url":"http:\/\/www.fjala.info\/2012\/lule_per_studentet.jpg","type":"","width":"","height":""}],"author":"admin","twitter_card":"summary_large_image","twitter_misc":{"Written by":"admin","Est. reading time":"6 minutes"},"schema":{"@context":"https:\/\/schema.org","@graph":[{"@type":"Article","@id":"https:\/\/fjala.info\/2009-2015\/a-dime-te-sillemi-ne-gazetaret-ne-nje-tragjedi\/#article","isPartOf":{"@id":"https:\/\/fjala.info\/2009-2015\/a-dime-te-sillemi-ne-gazetaret-ne-nje-tragjedi\/"},"author":{"name":"admin","@id":"https:\/\/fjala.info\/2009-2015\/#\/schema\/person\/3aa1163ef05469c496fc94e77611ada2"},"headline":"A dim\u00eb t\u00eb sillemi ne gazetar\u00ebt n\u00eb nj\u00eb tragjedi?","datePublished":"2012-05-22T14:42:04+00:00","mainEntityOfPage":{"@id":"https:\/\/fjala.info\/2009-2015\/a-dime-te-sillemi-ne-gazetaret-ne-nje-tragjedi\/"},"wordCount":1269,"commentCount":0,"publisher":{"@id":"https:\/\/fjala.info\/2009-2015\/#organization"},"image":{"@id":"https:\/\/fjala.info\/2009-2015\/a-dime-te-sillemi-ne-gazetaret-ne-nje-tragjedi\/#primaryimage"},"thumbnailUrl":"http:\/\/www.fjala.info\/2012\/lule_per_studentet.jpg","articleSection":["Artikuj"],"inLanguage":"sq-AL","potentialAction":[{"@type":"CommentAction","name":"Comment","target":["https:\/\/fjala.info\/2009-2015\/a-dime-te-sillemi-ne-gazetaret-ne-nje-tragjedi\/#respond"]}]},{"@type":"WebPage","@id":"https:\/\/fjala.info\/2009-2015\/a-dime-te-sillemi-ne-gazetaret-ne-nje-tragjedi\/","url":"https:\/\/fjala.info\/2009-2015\/a-dime-te-sillemi-ne-gazetaret-ne-nje-tragjedi\/","name":"A dim\u00eb t\u00eb sillemi ne gazetar\u00ebt n\u00eb nj\u00eb tragjedi? - FjALA e LIR\u00cb - Arkivi","isPartOf":{"@id":"https:\/\/fjala.info\/2009-2015\/#website"},"primaryImageOfPage":{"@id":"https:\/\/fjala.info\/2009-2015\/a-dime-te-sillemi-ne-gazetaret-ne-nje-tragjedi\/#primaryimage"},"image":{"@id":"https:\/\/fjala.info\/2009-2015\/a-dime-te-sillemi-ne-gazetaret-ne-nje-tragjedi\/#primaryimage"},"thumbnailUrl":"http:\/\/www.fjala.info\/2012\/lule_per_studentet.jpg","datePublished":"2012-05-22T14:42:04+00:00","breadcrumb":{"@id":"https:\/\/fjala.info\/2009-2015\/a-dime-te-sillemi-ne-gazetaret-ne-nje-tragjedi\/#breadcrumb"},"inLanguage":"sq-AL","potentialAction":[{"@type":"ReadAction","target":["https:\/\/fjala.info\/2009-2015\/a-dime-te-sillemi-ne-gazetaret-ne-nje-tragjedi\/"]}]},{"@type":"ImageObject","inLanguage":"sq-AL","@id":"https:\/\/fjala.info\/2009-2015\/a-dime-te-sillemi-ne-gazetaret-ne-nje-tragjedi\/#primaryimage","url":"http:\/\/www.fjala.info\/2012\/lule_per_studentet.jpg","contentUrl":"http:\/\/www.fjala.info\/2012\/lule_per_studentet.jpg"},{"@type":"BreadcrumbList","@id":"https:\/\/fjala.info\/2009-2015\/a-dime-te-sillemi-ne-gazetaret-ne-nje-tragjedi\/#breadcrumb","itemListElement":[{"@type":"ListItem","position":1,"name":"Home","item":"https:\/\/fjala.info\/2009-2015\/"},{"@type":"ListItem","position":2,"name":"A dim\u00eb t\u00eb sillemi ne gazetar\u00ebt n\u00eb nj\u00eb tragjedi?"}]},{"@type":"WebSite","@id":"https:\/\/fjala.info\/2009-2015\/#website","url":"https:\/\/fjala.info\/2009-2015\/","name":"FjALA e LIR\u00cb - Arkivi","description":"Arkivi 2009-2015","publisher":{"@id":"https:\/\/fjala.info\/2009-2015\/#organization"},"potentialAction":[{"@type":"SearchAction","target":{"@type":"EntryPoint","urlTemplate":"https:\/\/fjala.info\/2009-2015\/?s={search_term_string}"},"query-input":{"@type":"PropertyValueSpecification","valueRequired":true,"valueName":"search_term_string"}}],"inLanguage":"sq-AL"},{"@type":"Organization","@id":"https:\/\/fjala.info\/2009-2015\/#organization","name":"FjALA e LIR\u00cb - Arkivi","url":"https:\/\/fjala.info\/2009-2015\/","logo":{"@type":"ImageObject","inLanguage":"sq-AL","@id":"https:\/\/fjala.info\/2009-2015\/#\/schema\/logo\/image\/","url":"","contentUrl":"","caption":"FjALA e LIR\u00cb - Arkivi"},"image":{"@id":"https:\/\/fjala.info\/2009-2015\/#\/schema\/logo\/image\/"}},{"@type":"Person","@id":"https:\/\/fjala.info\/2009-2015\/#\/schema\/person\/3aa1163ef05469c496fc94e77611ada2","name":"admin","image":{"@type":"ImageObject","inLanguage":"sq-AL","@id":"https:\/\/fjala.info\/2009-2015\/wp-content\/uploads\/2012\/02\/arben_cokaj-120x150.jpg","url":"https:\/\/fjala.info\/2009-2015\/wp-content\/uploads\/2012\/02\/arben_cokaj-120x150.jpg","contentUrl":"https:\/\/fjala.info\/2009-2015\/wp-content\/uploads\/2012\/02\/arben_cokaj-120x150.jpg","caption":"admin"},"description":"Admin, Fjala e Lir\u00eb","sameAs":["https:\/\/fjala.info\/"],"url":"https:\/\/fjala.info\/2009-2015\/author\/admin\/"}]}},"_links":{"self":[{"href":"https:\/\/fjala.info\/2009-2015\/wp-json\/wp\/v2\/posts\/2908","targetHints":{"allow":["GET"]}}],"collection":[{"href":"https:\/\/fjala.info\/2009-2015\/wp-json\/wp\/v2\/posts"}],"about":[{"href":"https:\/\/fjala.info\/2009-2015\/wp-json\/wp\/v2\/types\/post"}],"author":[{"embeddable":true,"href":"https:\/\/fjala.info\/2009-2015\/wp-json\/wp\/v2\/users\/1"}],"replies":[{"embeddable":true,"href":"https:\/\/fjala.info\/2009-2015\/wp-json\/wp\/v2\/comments?post=2908"}],"version-history":[{"count":0,"href":"https:\/\/fjala.info\/2009-2015\/wp-json\/wp\/v2\/posts\/2908\/revisions"}],"wp:attachment":[{"href":"https:\/\/fjala.info\/2009-2015\/wp-json\/wp\/v2\/media?parent=2908"}],"wp:term":[{"taxonomy":"category","embeddable":true,"href":"https:\/\/fjala.info\/2009-2015\/wp-json\/wp\/v2\/categories?post=2908"},{"taxonomy":"post_tag","embeddable":true,"href":"https:\/\/fjala.info\/2009-2015\/wp-json\/wp\/v2\/tags?post=2908"}],"curies":[{"name":"wp","href":"https:\/\/api.w.org\/{rel}","templated":true}]}}