{"id":2904,"date":"2013-06-08T15:09:57","date_gmt":"2013-06-08T14:09:57","guid":{"rendered":"http:\/\/fjala.info\/?p=2904"},"modified":"2013-06-08T15:09:57","modified_gmt":"2013-06-08T14:09:57","slug":"policia-nis-hetim-per-kanosje-ndaj-alma-lames","status":"publish","type":"post","link":"https:\/\/fjala.info\/2009-2015\/policia-nis-hetim-per-kanosje-ndaj-alma-lames\/","title":{"rendered":"Policia nis hetim p\u00ebr kanosje ndaj Alma Lames"},"content":{"rendered":"<p><img decoding=\"async\" class=\"alignright size-thumbnail wp-image-7236\" title=\"Alma Lama\" alt=\"\" src=\"http:\/\/www.fjala.info\/2013\/alma_lama.jpg\" width=\"300\" \/> <strong>TopLajmi.com<\/strong>, <em>08\/06\/2013<\/em><\/p>\n<p>Policia e Kosov\u00ebs ka nisur hetimi ndaj organizat\u00ebs, Forumi i t\u00eb Rinjve Mysliman\u00eb, t\u00eb cil\u00ebt n\u00ebp\u00ebrmjet nj\u00eb komunikate kan\u00eb fyer deputeten e L\u00ebvizjes \u201cVet\u00ebvendosje\u201d, Alma Lama.<\/p>\n<p>Fillimisht, deputetja Lama ka raportuar n\u00eb Polici q\u00eb p\u00ebrmes nj\u00eb letre e cila \u00ebsht\u00eb d\u00ebrguar n\u00ebp\u00ebr media \u00ebsht\u00eb kanosur dhe fyer nga persona t\u00eb nj\u00eb Organizate.<\/p>\n<p>E, Policia e Kosov\u00ebs, rastin e ka hapur si kanosje. \u201cLidhur me rastin Policia e Kosov\u00ebs ka nd\u00ebrmarr\u00eb t\u00eb gjitha veprimet policore, dhe lidhur me ket\u00eb \u00ebsht\u00eb duke u marr Nj\u00ebsiti i Hetimeve. Ne e kemi hapur rastin si kanosje\u201d, tha z\u00ebdh\u00ebn\u00ebsi i policis\u00eb s\u00eb Kosov\u00ebs, Baki Kelani.<\/p>\n<p>Gjat\u00eb dit\u00ebs s\u00eb djeshme, Forumi i t\u00eb Rinjve Mysliman\u00eb n\u00ebp\u00ebrmjet nj\u00eb letre, duke mbrojtur hoxh\u00ebn Irfan Salihu, kan\u00eb sulmuar deputeten Alma Lama, p\u00ebr fjalimin e cila ka mbajtur n\u00eb Kuvendin e Kosov\u00ebs kund\u00ebr Irfan Salihut.<\/p>\n<p>N\u00eb letr\u00ebn e FRM-s\u00eb, thuhej se \u201cForumi i t\u00eb Rinjve Mysliman\u00eb ka lexuar n\u00eb internet fjalimin q\u00eb fshatarja e Kruj\u00ebs nga Shqip\u00ebria, Alma Lama ka mbajtur n\u00eb parlamentin e Kosov\u00ebs n\u00eb lidhje me videon e hoxh\u00ebs s\u00eb nderuar Irfan Salihu. N\u00eb fjalimin e saj, refugjatja Alma Lama ka sulmuar hoxh\u00ebn patriot Irfan Salihu dhe hytben e tij, n\u00eb t\u00eb cil\u00ebn hoxha yn\u00eb i nderuar, ne popullin e Kosov\u00ebs na m\u00ebson q\u00eb grat\u00eb ti kemi t\u00eb ndershme, ti marrim t\u00eb virgj\u00ebra, besimtare dhe jo kurva, si\u00e7 u b\u00ebn\u00eb shum\u00eb gra n\u00eb Shqip\u00ebri n\u00eb vitet 90 t\u00eb cilat u trafikuan n\u00eb Itali p\u00ebr prostituta.<\/p>\n<p>Ne jemi popull musliman. Ne jemi popull i ndersh\u00ebm. Ne nuk jemi kurva e kurvar\u00eb. N\u00ebse Alma Lam\u00ebs dhe shoqeve t\u00eb saj i p\u00eblqen q\u00eb t\u00eb b\u00ebj seks me burra t\u00eb tjer\u00eb p\u00ebrve\u00e7 burrit t\u00eb saj apo seks paramartesor, ajo \u00ebsht\u00eb e lir\u00eb ta b\u00ebj nj\u00eb gj\u00eb t\u00eb k\u00ebtill\u00eb \u2013 edhe pse ne na dhimbet burri i saj\u201d. Nga ana tjet\u00ebr k\u00ebto fyerje, dje i ka d\u00ebnuar edhe Qeveria e Kosov\u00ebs.<\/p>\n","protected":false},"excerpt":{"rendered":"<p>TopLajmi.com, 08\/06\/2013 Policia e Kosov\u00ebs ka nisur hetimi ndaj organizat\u00ebs, Forumi i t\u00eb Rinjve Mysliman\u00eb, t\u00eb cil\u00ebt n\u00ebp\u00ebrmjet nj\u00eb komunikate kan\u00eb fyer deputeten e L\u00ebvizjes \u201cVet\u00ebvendosje\u201d, Alma Lama. Fillimisht, deputetja Lama ka raportuar n\u00eb Polici q\u00eb p\u00ebrmes nj\u00eb letre e cila \u00ebsht\u00eb d\u00ebrguar n\u00ebp\u00ebr media \u00ebsht\u00eb kanosur dhe fyer nga persona t\u00eb nj\u00eb Organizate. E, [&hellip;]<\/p>\n","protected":false},"author":1,"featured_media":0,"comment_status":"open","ping_status":"closed","sticky":false,"template":"","format":"standard","meta":{"footnotes":""},"categories":[2,5],"tags":[],"class_list":{"0":"post-2904","1":"post","2":"type-post","3":"status-publish","4":"format-standard","6":"category-artikuj","7":"category-lajme"},"yoast_head":"<!-- This site is optimized with the Yoast SEO plugin v27.4 - https:\/\/yoast.com\/product\/yoast-seo-wordpress\/ -->\n<title>Policia nis hetim p\u00ebr kanosje ndaj Alma Lames - FjALA e LIR\u00cb - Arkivi<\/title>\n<meta name=\"robots\" content=\"index, follow, max-snippet:-1, max-image-preview:large, max-video-preview:-1\" \/>\n<link rel=\"canonical\" href=\"https:\/\/fjala.info\/2009-2015\/policia-nis-hetim-per-kanosje-ndaj-alma-lames\/\" \/>\n<meta property=\"og:locale\" content=\"sq_AL\" \/>\n<meta property=\"og:type\" content=\"article\" \/>\n<meta property=\"og:title\" content=\"Policia nis hetim p\u00ebr kanosje ndaj Alma Lames - FjALA e LIR\u00cb - Arkivi\" \/>\n<meta property=\"og:description\" content=\"TopLajmi.com, 08\/06\/2013 Policia e Kosov\u00ebs ka nisur hetimi ndaj organizat\u00ebs, Forumi i t\u00eb Rinjve Mysliman\u00eb, t\u00eb cil\u00ebt n\u00ebp\u00ebrmjet nj\u00eb komunikate kan\u00eb fyer deputeten e L\u00ebvizjes \u201cVet\u00ebvendosje\u201d, Alma Lama. Fillimisht, deputetja Lama ka raportuar n\u00eb Polici q\u00eb p\u00ebrmes nj\u00eb letre e cila \u00ebsht\u00eb d\u00ebrguar n\u00ebp\u00ebr media \u00ebsht\u00eb kanosur dhe fyer nga persona t\u00eb nj\u00eb Organizate. E, [&hellip;]\" \/>\n<meta property=\"og:url\" content=\"https:\/\/fjala.info\/2009-2015\/policia-nis-hetim-per-kanosje-ndaj-alma-lames\/\" \/>\n<meta property=\"og:site_name\" content=\"FjALA e LIR\u00cb - Arkivi\" \/>\n<meta property=\"article:published_time\" content=\"2013-06-08T14:09:57+00:00\" \/>\n<meta property=\"og:image\" content=\"http:\/\/www.fjala.info\/2013\/alma_lama.jpg\" \/>\n<meta name=\"author\" content=\"admin\" \/>\n<meta name=\"twitter:card\" content=\"summary_large_image\" \/>\n<meta name=\"twitter:label1\" content=\"Written by\" \/>\n\t<meta name=\"twitter:data1\" content=\"admin\" \/>\n\t<meta name=\"twitter:label2\" content=\"Est. reading time\" \/>\n\t<meta name=\"twitter:data2\" content=\"2 minutes\" \/>\n<script type=\"application\/ld+json\" class=\"yoast-schema-graph\">{\"@context\":\"https:\\\/\\\/schema.org\",\"@graph\":[{\"@type\":\"Article\",\"@id\":\"https:\\\/\\\/fjala.info\\\/2009-2015\\\/policia-nis-hetim-per-kanosje-ndaj-alma-lames\\\/#article\",\"isPartOf\":{\"@id\":\"https:\\\/\\\/fjala.info\\\/2009-2015\\\/policia-nis-hetim-per-kanosje-ndaj-alma-lames\\\/\"},\"author\":{\"name\":\"admin\",\"@id\":\"https:\\\/\\\/fjala.info\\\/2009-2015\\\/#\\\/schema\\\/person\\\/3aa1163ef05469c496fc94e77611ada2\"},\"headline\":\"Policia nis hetim p\u00ebr kanosje ndaj Alma Lames\",\"datePublished\":\"2013-06-08T14:09:57+00:00\",\"mainEntityOfPage\":{\"@id\":\"https:\\\/\\\/fjala.info\\\/2009-2015\\\/policia-nis-hetim-per-kanosje-ndaj-alma-lames\\\/\"},\"wordCount\":368,\"commentCount\":0,\"publisher\":{\"@id\":\"https:\\\/\\\/fjala.info\\\/2009-2015\\\/#organization\"},\"image\":{\"@id\":\"https:\\\/\\\/fjala.info\\\/2009-2015\\\/policia-nis-hetim-per-kanosje-ndaj-alma-lames\\\/#primaryimage\"},\"thumbnailUrl\":\"http:\\\/\\\/www.fjala.info\\\/2013\\\/alma_lama.jpg\",\"articleSection\":[\"Artikuj\",\"Lajme\"],\"inLanguage\":\"sq-AL\",\"potentialAction\":[{\"@type\":\"CommentAction\",\"name\":\"Comment\",\"target\":[\"https:\\\/\\\/fjala.info\\\/2009-2015\\\/policia-nis-hetim-per-kanosje-ndaj-alma-lames\\\/#respond\"]}]},{\"@type\":\"WebPage\",\"@id\":\"https:\\\/\\\/fjala.info\\\/2009-2015\\\/policia-nis-hetim-per-kanosje-ndaj-alma-lames\\\/\",\"url\":\"https:\\\/\\\/fjala.info\\\/2009-2015\\\/policia-nis-hetim-per-kanosje-ndaj-alma-lames\\\/\",\"name\":\"Policia nis hetim p\u00ebr kanosje ndaj Alma Lames - FjALA e LIR\u00cb - Arkivi\",\"isPartOf\":{\"@id\":\"https:\\\/\\\/fjala.info\\\/2009-2015\\\/#website\"},\"primaryImageOfPage\":{\"@id\":\"https:\\\/\\\/fjala.info\\\/2009-2015\\\/policia-nis-hetim-per-kanosje-ndaj-alma-lames\\\/#primaryimage\"},\"image\":{\"@id\":\"https:\\\/\\\/fjala.info\\\/2009-2015\\\/policia-nis-hetim-per-kanosje-ndaj-alma-lames\\\/#primaryimage\"},\"thumbnailUrl\":\"http:\\\/\\\/www.fjala.info\\\/2013\\\/alma_lama.jpg\",\"datePublished\":\"2013-06-08T14:09:57+00:00\",\"breadcrumb\":{\"@id\":\"https:\\\/\\\/fjala.info\\\/2009-2015\\\/policia-nis-hetim-per-kanosje-ndaj-alma-lames\\\/#breadcrumb\"},\"inLanguage\":\"sq-AL\",\"potentialAction\":[{\"@type\":\"ReadAction\",\"target\":[\"https:\\\/\\\/fjala.info\\\/2009-2015\\\/policia-nis-hetim-per-kanosje-ndaj-alma-lames\\\/\"]}]},{\"@type\":\"ImageObject\",\"inLanguage\":\"sq-AL\",\"@id\":\"https:\\\/\\\/fjala.info\\\/2009-2015\\\/policia-nis-hetim-per-kanosje-ndaj-alma-lames\\\/#primaryimage\",\"url\":\"http:\\\/\\\/www.fjala.info\\\/2013\\\/alma_lama.jpg\",\"contentUrl\":\"http:\\\/\\\/www.fjala.info\\\/2013\\\/alma_lama.jpg\"},{\"@type\":\"BreadcrumbList\",\"@id\":\"https:\\\/\\\/fjala.info\\\/2009-2015\\\/policia-nis-hetim-per-kanosje-ndaj-alma-lames\\\/#breadcrumb\",\"itemListElement\":[{\"@type\":\"ListItem\",\"position\":1,\"name\":\"Home\",\"item\":\"https:\\\/\\\/fjala.info\\\/2009-2015\\\/\"},{\"@type\":\"ListItem\",\"position\":2,\"name\":\"Policia nis hetim p\u00ebr kanosje ndaj Alma Lames\"}]},{\"@type\":\"WebSite\",\"@id\":\"https:\\\/\\\/fjala.info\\\/2009-2015\\\/#website\",\"url\":\"https:\\\/\\\/fjala.info\\\/2009-2015\\\/\",\"name\":\"FjALA e LIR\u00cb - Arkivi\",\"description\":\"Arkivi 2009-2015\",\"publisher\":{\"@id\":\"https:\\\/\\\/fjala.info\\\/2009-2015\\\/#organization\"},\"potentialAction\":[{\"@type\":\"SearchAction\",\"target\":{\"@type\":\"EntryPoint\",\"urlTemplate\":\"https:\\\/\\\/fjala.info\\\/2009-2015\\\/?s={search_term_string}\"},\"query-input\":{\"@type\":\"PropertyValueSpecification\",\"valueRequired\":true,\"valueName\":\"search_term_string\"}}],\"inLanguage\":\"sq-AL\"},{\"@type\":\"Organization\",\"@id\":\"https:\\\/\\\/fjala.info\\\/2009-2015\\\/#organization\",\"name\":\"FjALA e LIR\u00cb - Arkivi\",\"url\":\"https:\\\/\\\/fjala.info\\\/2009-2015\\\/\",\"logo\":{\"@type\":\"ImageObject\",\"inLanguage\":\"sq-AL\",\"@id\":\"https:\\\/\\\/fjala.info\\\/2009-2015\\\/#\\\/schema\\\/logo\\\/image\\\/\",\"url\":\"\",\"contentUrl\":\"\",\"caption\":\"FjALA e LIR\u00cb - Arkivi\"},\"image\":{\"@id\":\"https:\\\/\\\/fjala.info\\\/2009-2015\\\/#\\\/schema\\\/logo\\\/image\\\/\"}},{\"@type\":\"Person\",\"@id\":\"https:\\\/\\\/fjala.info\\\/2009-2015\\\/#\\\/schema\\\/person\\\/3aa1163ef05469c496fc94e77611ada2\",\"name\":\"admin\",\"image\":{\"@type\":\"ImageObject\",\"inLanguage\":\"sq-AL\",\"@id\":\"https:\\\/\\\/fjala.info\\\/2009-2015\\\/wp-content\\\/uploads\\\/2012\\\/02\\\/arben_cokaj-120x150.jpg\",\"url\":\"https:\\\/\\\/fjala.info\\\/2009-2015\\\/wp-content\\\/uploads\\\/2012\\\/02\\\/arben_cokaj-120x150.jpg\",\"contentUrl\":\"https:\\\/\\\/fjala.info\\\/2009-2015\\\/wp-content\\\/uploads\\\/2012\\\/02\\\/arben_cokaj-120x150.jpg\",\"caption\":\"admin\"},\"description\":\"Admin, Fjala e Lir\u00eb\",\"sameAs\":[\"https:\\\/\\\/fjala.info\\\/\"],\"url\":\"https:\\\/\\\/fjala.info\\\/2009-2015\\\/author\\\/admin\\\/\"}]}<\/script>\n<!-- \/ Yoast SEO plugin. -->","yoast_head_json":{"title":"Policia nis hetim p\u00ebr kanosje ndaj Alma Lames - FjALA e LIR\u00cb - Arkivi","robots":{"index":"index","follow":"follow","max-snippet":"max-snippet:-1","max-image-preview":"max-image-preview:large","max-video-preview":"max-video-preview:-1"},"canonical":"https:\/\/fjala.info\/2009-2015\/policia-nis-hetim-per-kanosje-ndaj-alma-lames\/","og_locale":"sq_AL","og_type":"article","og_title":"Policia nis hetim p\u00ebr kanosje ndaj Alma Lames - FjALA e LIR\u00cb - Arkivi","og_description":"TopLajmi.com, 08\/06\/2013 Policia e Kosov\u00ebs ka nisur hetimi ndaj organizat\u00ebs, Forumi i t\u00eb Rinjve Mysliman\u00eb, t\u00eb cil\u00ebt n\u00ebp\u00ebrmjet nj\u00eb komunikate kan\u00eb fyer deputeten e L\u00ebvizjes \u201cVet\u00ebvendosje\u201d, Alma Lama. Fillimisht, deputetja Lama ka raportuar n\u00eb Polici q\u00eb p\u00ebrmes nj\u00eb letre e cila \u00ebsht\u00eb d\u00ebrguar n\u00ebp\u00ebr media \u00ebsht\u00eb kanosur dhe fyer nga persona t\u00eb nj\u00eb Organizate. E, [&hellip;]","og_url":"https:\/\/fjala.info\/2009-2015\/policia-nis-hetim-per-kanosje-ndaj-alma-lames\/","og_site_name":"FjALA e LIR\u00cb - Arkivi","article_published_time":"2013-06-08T14:09:57+00:00","og_image":[{"url":"http:\/\/www.fjala.info\/2013\/alma_lama.jpg","type":"","width":"","height":""}],"author":"admin","twitter_card":"summary_large_image","twitter_misc":{"Written by":"admin","Est. reading time":"2 minutes"},"schema":{"@context":"https:\/\/schema.org","@graph":[{"@type":"Article","@id":"https:\/\/fjala.info\/2009-2015\/policia-nis-hetim-per-kanosje-ndaj-alma-lames\/#article","isPartOf":{"@id":"https:\/\/fjala.info\/2009-2015\/policia-nis-hetim-per-kanosje-ndaj-alma-lames\/"},"author":{"name":"admin","@id":"https:\/\/fjala.info\/2009-2015\/#\/schema\/person\/3aa1163ef05469c496fc94e77611ada2"},"headline":"Policia nis hetim p\u00ebr kanosje ndaj Alma Lames","datePublished":"2013-06-08T14:09:57+00:00","mainEntityOfPage":{"@id":"https:\/\/fjala.info\/2009-2015\/policia-nis-hetim-per-kanosje-ndaj-alma-lames\/"},"wordCount":368,"commentCount":0,"publisher":{"@id":"https:\/\/fjala.info\/2009-2015\/#organization"},"image":{"@id":"https:\/\/fjala.info\/2009-2015\/policia-nis-hetim-per-kanosje-ndaj-alma-lames\/#primaryimage"},"thumbnailUrl":"http:\/\/www.fjala.info\/2013\/alma_lama.jpg","articleSection":["Artikuj","Lajme"],"inLanguage":"sq-AL","potentialAction":[{"@type":"CommentAction","name":"Comment","target":["https:\/\/fjala.info\/2009-2015\/policia-nis-hetim-per-kanosje-ndaj-alma-lames\/#respond"]}]},{"@type":"WebPage","@id":"https:\/\/fjala.info\/2009-2015\/policia-nis-hetim-per-kanosje-ndaj-alma-lames\/","url":"https:\/\/fjala.info\/2009-2015\/policia-nis-hetim-per-kanosje-ndaj-alma-lames\/","name":"Policia nis hetim p\u00ebr kanosje ndaj Alma Lames - FjALA e LIR\u00cb - Arkivi","isPartOf":{"@id":"https:\/\/fjala.info\/2009-2015\/#website"},"primaryImageOfPage":{"@id":"https:\/\/fjala.info\/2009-2015\/policia-nis-hetim-per-kanosje-ndaj-alma-lames\/#primaryimage"},"image":{"@id":"https:\/\/fjala.info\/2009-2015\/policia-nis-hetim-per-kanosje-ndaj-alma-lames\/#primaryimage"},"thumbnailUrl":"http:\/\/www.fjala.info\/2013\/alma_lama.jpg","datePublished":"2013-06-08T14:09:57+00:00","breadcrumb":{"@id":"https:\/\/fjala.info\/2009-2015\/policia-nis-hetim-per-kanosje-ndaj-alma-lames\/#breadcrumb"},"inLanguage":"sq-AL","potentialAction":[{"@type":"ReadAction","target":["https:\/\/fjala.info\/2009-2015\/policia-nis-hetim-per-kanosje-ndaj-alma-lames\/"]}]},{"@type":"ImageObject","inLanguage":"sq-AL","@id":"https:\/\/fjala.info\/2009-2015\/policia-nis-hetim-per-kanosje-ndaj-alma-lames\/#primaryimage","url":"http:\/\/www.fjala.info\/2013\/alma_lama.jpg","contentUrl":"http:\/\/www.fjala.info\/2013\/alma_lama.jpg"},{"@type":"BreadcrumbList","@id":"https:\/\/fjala.info\/2009-2015\/policia-nis-hetim-per-kanosje-ndaj-alma-lames\/#breadcrumb","itemListElement":[{"@type":"ListItem","position":1,"name":"Home","item":"https:\/\/fjala.info\/2009-2015\/"},{"@type":"ListItem","position":2,"name":"Policia nis hetim p\u00ebr kanosje ndaj Alma Lames"}]},{"@type":"WebSite","@id":"https:\/\/fjala.info\/2009-2015\/#website","url":"https:\/\/fjala.info\/2009-2015\/","name":"FjALA e LIR\u00cb - Arkivi","description":"Arkivi 2009-2015","publisher":{"@id":"https:\/\/fjala.info\/2009-2015\/#organization"},"potentialAction":[{"@type":"SearchAction","target":{"@type":"EntryPoint","urlTemplate":"https:\/\/fjala.info\/2009-2015\/?s={search_term_string}"},"query-input":{"@type":"PropertyValueSpecification","valueRequired":true,"valueName":"search_term_string"}}],"inLanguage":"sq-AL"},{"@type":"Organization","@id":"https:\/\/fjala.info\/2009-2015\/#organization","name":"FjALA e LIR\u00cb - Arkivi","url":"https:\/\/fjala.info\/2009-2015\/","logo":{"@type":"ImageObject","inLanguage":"sq-AL","@id":"https:\/\/fjala.info\/2009-2015\/#\/schema\/logo\/image\/","url":"","contentUrl":"","caption":"FjALA e LIR\u00cb - Arkivi"},"image":{"@id":"https:\/\/fjala.info\/2009-2015\/#\/schema\/logo\/image\/"}},{"@type":"Person","@id":"https:\/\/fjala.info\/2009-2015\/#\/schema\/person\/3aa1163ef05469c496fc94e77611ada2","name":"admin","image":{"@type":"ImageObject","inLanguage":"sq-AL","@id":"https:\/\/fjala.info\/2009-2015\/wp-content\/uploads\/2012\/02\/arben_cokaj-120x150.jpg","url":"https:\/\/fjala.info\/2009-2015\/wp-content\/uploads\/2012\/02\/arben_cokaj-120x150.jpg","contentUrl":"https:\/\/fjala.info\/2009-2015\/wp-content\/uploads\/2012\/02\/arben_cokaj-120x150.jpg","caption":"admin"},"description":"Admin, Fjala e Lir\u00eb","sameAs":["https:\/\/fjala.info\/"],"url":"https:\/\/fjala.info\/2009-2015\/author\/admin\/"}]}},"_links":{"self":[{"href":"https:\/\/fjala.info\/2009-2015\/wp-json\/wp\/v2\/posts\/2904","targetHints":{"allow":["GET"]}}],"collection":[{"href":"https:\/\/fjala.info\/2009-2015\/wp-json\/wp\/v2\/posts"}],"about":[{"href":"https:\/\/fjala.info\/2009-2015\/wp-json\/wp\/v2\/types\/post"}],"author":[{"embeddable":true,"href":"https:\/\/fjala.info\/2009-2015\/wp-json\/wp\/v2\/users\/1"}],"replies":[{"embeddable":true,"href":"https:\/\/fjala.info\/2009-2015\/wp-json\/wp\/v2\/comments?post=2904"}],"version-history":[{"count":0,"href":"https:\/\/fjala.info\/2009-2015\/wp-json\/wp\/v2\/posts\/2904\/revisions"}],"wp:attachment":[{"href":"https:\/\/fjala.info\/2009-2015\/wp-json\/wp\/v2\/media?parent=2904"}],"wp:term":[{"taxonomy":"category","embeddable":true,"href":"https:\/\/fjala.info\/2009-2015\/wp-json\/wp\/v2\/categories?post=2904"},{"taxonomy":"post_tag","embeddable":true,"href":"https:\/\/fjala.info\/2009-2015\/wp-json\/wp\/v2\/tags?post=2904"}],"curies":[{"name":"wp","href":"https:\/\/api.w.org\/{rel}","templated":true}]}}