{"id":2886,"date":"2010-06-01T23:12:10","date_gmt":"2010-06-01T22:12:10","guid":{"rendered":"http:\/\/fjala.shkoder.net\/?p=2886"},"modified":"2010-06-01T23:12:10","modified_gmt":"2010-06-01T22:12:10","slug":"kush-jane-humbesit-dhe-fituesit-e-vertete","status":"publish","type":"post","link":"https:\/\/fjala.info\/2009-2015\/kush-jane-humbesit-dhe-fituesit-e-vertete\/","title":{"rendered":"Kush jan\u00eb humb\u00ebsit dhe fituesit e v\u00ebrtet\u00eb!"},"content":{"rendered":"<p><img decoding=\"async\" style=\"margin-left: 10px; margin-right: 10px; border: 0px;\" src=\"http:\/\/www.shkoder.net\/images\/fjala\/mero_baze1.jpg\" border=\"0\" alt=\"Mero Baze\" width=\"100\" align=\"right\" \/><\/p>\n<p>Nga <strong>Mero Baze<\/strong>, &#8220;<em>Faktori Plus<\/em>&#8221;<\/p>\n<p>Ky ndoshta \u00ebsht\u00eb editoriali i fundit i \u201cFaktor Plus\u201d. P\u00ebr dy vite radhazi jemi takuar \u00e7do nat\u00eb p\u00ebr t\u00eb diskutuar mbi at\u00eb \u00e7far\u00eb p\u00ebrpiqet t\u00eb fsheh\u00eb politika dhe pushteti nga syt\u00eb e qytetar\u00ebve. Jemi munduar t\u00eb themi t\u00eb v\u00ebrtetat q\u00eb nuk arrinin dot te publiku. Dhe p\u00ebr k\u00ebt\u00eb kemi paguar nj\u00eb takse jo t\u00eb vog\u00ebl. S\u00eb pari, kam paguar un\u00eb vet. Pas nj\u00eb emisioni ku flisja p\u00ebr lidhjet e familjes n\u00eb pushtet me mafien e tokave n\u00eb bregdet dhe privatizuesit e ARMO-s, makina ime u dogj para syve t\u00eb nj\u00eb shteti q\u00eb nuk donte t\u00eb shikonte dhe t\u00eb kapte zjarrv\u00ebn\u00ebsin. Dy jav\u00eb m\u00eb pas biznesi i gazet\u00ebs sime u rrethua me polic\u00eb dhe u shkat\u00ebrrua. <\/p>\n<p>Nj\u00eb s\u00ebre historish t\u00eb r\u00ebnda t\u00eb pushtetit kund\u00ebr meje dhe familjes time vijuan dhe vijojn\u00eb deri n\u00eb momentin q\u00eb flasim. I vetmi lajm i mir\u00eb \u00ebsht\u00eb se n\u00eb t\u00eb gjith\u00eb k\u00ebt\u00eb fushat\u00eb revanshi, kryeministri Berisha ka pasur guximin t\u00eb ishte gjithmon\u00eb qartazi n\u00eb krye t\u00eb \u00e7do fushate. Dhe kjo m\u00eb ka leht\u00ebsuar. Kan\u00eb p\u00ebsuar dhe ish-koleg\u00ebt e mi n\u00eb televizion. P\u00ebr shkak t\u00eb k\u00ebtij emisioni, Sali Berisha urdh\u00ebroi \u00e7do zyrtar t\u00eb lart\u00eb t\u00eb PD-s\u00eb t\u00eb mos shkelte n\u00eb televizion dhe sidomos n\u00eb k\u00ebt\u00eb emision. <\/p>\n<p>P\u00ebrpjekja e tij p\u00ebr t\u00eb na futur n\u00eb llogore lufte ishte nj\u00eb shqet\u00ebsim i p\u00ebrditsh\u00ebm. Pas dy vitesh ai ka humbur qet\u00ebsin\u00eb dhe nuk e duron dot m\u00eb k\u00ebt\u00eb betej\u00eb, madje as llogoren ku ka hyr\u00eb me d\u00ebshir\u00eb t\u00eb tij. P\u00ebr k\u00ebt\u00eb ka pritur me g\u00ebzim ofert\u00ebn e pronar\u00ebve t\u00eb rinj, q\u00eb u kan\u00eb ofruar n\u00eb tepsi kok\u00ebn e gazetareve plangprish\u00ebs t\u00eb Vizionit me q\u00ebllim q\u00eb t\u00eb ken\u00eb p\u00ebrfitime p\u00ebr biznesin e tyre. <\/p>\n<p>N\u00eb deklarat\u00ebn me shkrim q\u00eb i kthejn\u00eb p\u00ebrgjigje shoqatave t\u00eb gazetar\u00ebve, ata thon\u00eb: Po citoj se, \u201cInteresat tona t\u00eb biznesit jan\u00eb ato q\u00eb p\u00ebrcaktojn\u00eb t\u00eb gjitha politikat, p\u00ebrfshir\u00eb dhe aktivitetin redaksional\u201d. Ky \u00ebsht\u00eb nj\u00eb kumt i r\u00ebnd\u00eb p\u00ebr gazetarin\u00eb shqiptare, pasi p\u00ebr her\u00eb t\u00eb par\u00eb n\u00eb historin\u00eb e saj, pronar\u00ebt e nj\u00eb media deklarojn\u00eb qartazi se po i p\u00ebrdorin mediat p\u00ebr bizneset e tyre. <\/p>\n<p>Ky zhvillim na rikthen dhe nj\u00eb her\u00eb te raportet hipokrite t\u00eb Sali Berish\u00ebs me pronar\u00ebt e mediave n\u00eb k\u00ebt\u00eb vend. E keni d\u00ebgjuar Sali Berish\u00ebn t\u00eb thot\u00eb se gazetar\u00ebt n\u00eb k\u00ebt\u00eb vend nuk jan\u00eb t\u00eb lir\u00eb prej pronar\u00ebve. N\u00ebse e ka seriozisht, e ftoj t\u00eb dal\u00eb n\u00eb an\u00ebn ton\u00eb kund\u00ebr pronar\u00ebve. N\u00eb t\u00eb v\u00ebrtet\u00eb, e vetmja aleanc\u00eb e madhe k\u00ebtu, \u00ebsht\u00eb mes pronar\u00ebve t\u00eb medias dhe pushtetit. <\/p>\n<p>Ata pronar\u00eb q\u00eb rezistuan dhe tentuan t\u00eb tregojn\u00eb integritet, u shkat\u00ebrruan me gjoba dhe presione financiare mbi biznesin duke dh\u00ebn\u00eb shembullin e nd\u00ebshkimit. Dhe tani gjendemi p\u00ebrpara k\u00ebsaj situate, e cila \u00ebsht\u00eb nj\u00eb lajm i keq p\u00ebr \u00e7do gazetar shqiptar. Por taks\u00ebn e k\u00ebtij emisioni po e paguajn\u00eb shtrenjt\u00eb edhe qytetar\u00ebt shqiptar\u00eb. P\u00ebr t\u00eb shkat\u00ebrruar median kritike dhe p\u00ebr t\u2019i mbyllur goj\u00ebn kujtdo q\u00eb flet kund\u00ebr qeveris\u00eb, Sali Berisha ka rikthyer n\u00eb sken\u00eb gjith\u00eb njer\u00ebzit q\u00eb p\u00ebrdori gjat\u00eb gjendjes s\u00eb jasht\u00ebzakonshme n\u00eb vitin 1997. <\/p>\n<p>Operacionin financiar kund\u00ebr gazet\u00ebs sime, por dhe tri, kat\u00ebr mediave t\u00eb tjera kritike me qeverin\u00eb si gazeta Korrieri apo Shekulli, i udh\u00ebhoqi gjeneral Agim Shehu, njeriu q\u00eb drejtoi forcat e policis\u00eb n\u00eb vitin 1997. N\u00eb krye t\u00eb televizionit ton\u00eb \u00ebsht\u00eb em\u00ebruar si bashk\u00ebdrejtor Genond Mesareja, nj\u00eb ish-k\u00ebshilltar i Ministrit t\u00eb Pushtetit Lokal n\u00eb vitin 1997, i cili ishte pjes\u00eb e Shtabit t\u00eb Gjendjes s\u00eb Jasht\u00ebzakonshme n\u00eb Tiran\u00eb, nj\u00eb nga detyrat e t\u00eb cilit ishte dhe t\u00eb kontrollonte ato pak gazeta q\u00eb dilnin n\u00eb at\u00eb koh\u00eb se mos kishin ndonj\u00eb lajm kund\u00ebr qeveris\u00eb. <\/p>\n<p>Un\u00eb q\u00eb kam qen\u00eb dhe at\u00ebher\u00eb gazetar dhe mbaj mend zyr\u00ebn e prefektur\u00ebs s\u00eb Tiran\u00ebs ku duhet t\u00eb \u00e7oje gazet\u00ebn para se t\u00eb botohej, nuk mund ta harroj kurr\u00eb dit\u00ebn e djeshme n\u00eb Vizion Plus, kur i nj\u00ebjti person k\u00ebrkonte t\u00eb shikonte lajmet dhe p\u00ebrmbajtjen e emisionit \u201cFaktor Plus\u201d para se t\u00eb transmetohej. Sali Berisha nuk i mbyll dot goj\u00ebn medias me njer\u00ebzit e vitit 1997 dhe as me komunist\u00ebt e vitit 1967. <\/p>\n<p>Ai ka humbur m\u00eb shum\u00eb se sa ne, duke demonstruar urrejtje t\u00eb verb\u00ebr ndaj fjal\u00ebs s\u00eb lir\u00eb. Ai ka humbur m\u00eb shum\u00eb se sa ne gazetar\u00ebt, q\u00eb nuk e shk\u00ebmbejm\u00eb lirin\u00eb ton\u00eb, as me licenca hidrocentralesh, as me poste ambasador\u00ebsh dhe as me kompromise n\u00eb kurriz t\u00eb shqiptar\u00ebve n\u00eb Maqedoni, vet\u00ebm p\u00ebr t\u2019i mbyllur goj\u00ebn nj\u00eb televizioni. Ai ka humbur m\u00eb shum\u00eb se sa ne gazetar\u00ebt, pasi n\u00eb finale, ai ka bler\u00eb gjith\u00eb median, dhe i ka dh\u00ebn\u00eb fuqin\u00eb e t\u00eb v\u00ebrtet\u00ebs atyre pak z\u00ebrave q\u00eb nuk mposht dot, edhe pse u blen pronar\u00ebt. <\/p>\n<p>N\u00eb nj\u00eb far\u00eb m\u00ebnyre ne i jemi mir\u00ebnjoh\u00ebs Sali Berish\u00ebs q\u00eb na b\u00ebri pal\u00eb n\u00eb betej\u00ebn p\u00ebr t\u00eb v\u00ebrtet\u00ebn, duke u b\u00ebr\u00eb vet\u00eb ku\u00e7edra e fjal\u00ebs s\u00eb lir\u00eb n\u00eb k\u00ebt\u00eb vend. Ne kemi humbur mb\u00ebshtetjen e disa pronar\u00ebve, por jo mb\u00ebshtetjen e publikut, ndaj jemi shum\u00eb m\u00eb t\u00eb qet\u00eb, shum\u00eb m\u00eb t\u00eb qart\u00eb dhe shum\u00eb t\u00eb vendosur se m\u00eb par\u00eb n\u00eb betej\u00ebn ton\u00eb. Mirupafshim dhe ju faleminderit q\u00eb q\u00ebndroni me ne! <\/p>\n","protected":false},"excerpt":{"rendered":"<p>Nga Mero Baze, &#8220;Faktori Plus&#8221; Ky ndoshta \u00ebsht\u00eb editoriali i fundit i \u201cFaktor Plus\u201d. P\u00ebr dy vite radhazi jemi takuar \u00e7do nat\u00eb p\u00ebr t\u00eb diskutuar mbi at\u00eb \u00e7far\u00eb p\u00ebrpiqet t\u00eb fsheh\u00eb politika dhe pushteti nga syt\u00eb e qytetar\u00ebve. Jemi munduar t\u00eb themi t\u00eb v\u00ebrtetat q\u00eb nuk arrinin dot te publiku. Dhe p\u00ebr k\u00ebt\u00eb kemi paguar [&hellip;]<\/p>\n","protected":false},"author":1,"featured_media":0,"comment_status":"open","ping_status":"closed","sticky":false,"template":"","format":"standard","meta":{"footnotes":""},"categories":[2],"tags":[],"class_list":{"0":"post-2886","1":"post","2":"type-post","3":"status-publish","4":"format-standard","6":"category-artikuj"},"yoast_head":"<!-- This site is optimized with the Yoast SEO plugin v27.4 - https:\/\/yoast.com\/product\/yoast-seo-wordpress\/ -->\n<title>Kush jan\u00eb humb\u00ebsit dhe fituesit e v\u00ebrtet\u00eb! - FjALA e LIR\u00cb - Arkivi<\/title>\n<meta name=\"robots\" content=\"index, follow, max-snippet:-1, max-image-preview:large, max-video-preview:-1\" \/>\n<link rel=\"canonical\" href=\"https:\/\/fjala.info\/2009-2015\/kush-jane-humbesit-dhe-fituesit-e-vertete\/\" \/>\n<meta property=\"og:locale\" content=\"sq_AL\" \/>\n<meta property=\"og:type\" content=\"article\" \/>\n<meta property=\"og:title\" content=\"Kush jan\u00eb humb\u00ebsit dhe fituesit e v\u00ebrtet\u00eb! - FjALA e LIR\u00cb - Arkivi\" \/>\n<meta property=\"og:description\" content=\"Nga Mero Baze, &#8220;Faktori Plus&#8221; Ky ndoshta \u00ebsht\u00eb editoriali i fundit i \u201cFaktor Plus\u201d. P\u00ebr dy vite radhazi jemi takuar \u00e7do nat\u00eb p\u00ebr t\u00eb diskutuar mbi at\u00eb \u00e7far\u00eb p\u00ebrpiqet t\u00eb fsheh\u00eb politika dhe pushteti nga syt\u00eb e qytetar\u00ebve. Jemi munduar t\u00eb themi t\u00eb v\u00ebrtetat q\u00eb nuk arrinin dot te publiku. Dhe p\u00ebr k\u00ebt\u00eb kemi paguar [&hellip;]\" \/>\n<meta property=\"og:url\" content=\"https:\/\/fjala.info\/2009-2015\/kush-jane-humbesit-dhe-fituesit-e-vertete\/\" \/>\n<meta property=\"og:site_name\" content=\"FjALA e LIR\u00cb - Arkivi\" \/>\n<meta property=\"article:published_time\" content=\"2010-06-01T22:12:10+00:00\" \/>\n<meta property=\"og:image\" content=\"http:\/\/www.shkoder.net\/images\/fjala\/mero_baze1.jpg\" \/>\n<meta name=\"author\" content=\"admin\" \/>\n<meta name=\"twitter:card\" content=\"summary_large_image\" \/>\n<meta name=\"twitter:label1\" content=\"Written by\" \/>\n\t<meta name=\"twitter:data1\" content=\"admin\" \/>\n\t<meta name=\"twitter:label2\" content=\"Est. reading time\" \/>\n\t<meta name=\"twitter:data2\" content=\"5 minutes\" \/>\n<script type=\"application\/ld+json\" class=\"yoast-schema-graph\">{\"@context\":\"https:\\\/\\\/schema.org\",\"@graph\":[{\"@type\":\"Article\",\"@id\":\"https:\\\/\\\/fjala.info\\\/2009-2015\\\/kush-jane-humbesit-dhe-fituesit-e-vertete\\\/#article\",\"isPartOf\":{\"@id\":\"https:\\\/\\\/fjala.info\\\/2009-2015\\\/kush-jane-humbesit-dhe-fituesit-e-vertete\\\/\"},\"author\":{\"name\":\"admin\",\"@id\":\"https:\\\/\\\/fjala.info\\\/2009-2015\\\/#\\\/schema\\\/person\\\/3aa1163ef05469c496fc94e77611ada2\"},\"headline\":\"Kush jan\u00eb humb\u00ebsit dhe fituesit e v\u00ebrtet\u00eb!\",\"datePublished\":\"2010-06-01T22:12:10+00:00\",\"mainEntityOfPage\":{\"@id\":\"https:\\\/\\\/fjala.info\\\/2009-2015\\\/kush-jane-humbesit-dhe-fituesit-e-vertete\\\/\"},\"wordCount\":967,\"commentCount\":0,\"publisher\":{\"@id\":\"https:\\\/\\\/fjala.info\\\/2009-2015\\\/#organization\"},\"image\":{\"@id\":\"https:\\\/\\\/fjala.info\\\/2009-2015\\\/kush-jane-humbesit-dhe-fituesit-e-vertete\\\/#primaryimage\"},\"thumbnailUrl\":\"http:\\\/\\\/www.shkoder.net\\\/images\\\/fjala\\\/mero_baze1.jpg\",\"articleSection\":[\"Artikuj\"],\"inLanguage\":\"sq-AL\",\"potentialAction\":[{\"@type\":\"CommentAction\",\"name\":\"Comment\",\"target\":[\"https:\\\/\\\/fjala.info\\\/2009-2015\\\/kush-jane-humbesit-dhe-fituesit-e-vertete\\\/#respond\"]}]},{\"@type\":\"WebPage\",\"@id\":\"https:\\\/\\\/fjala.info\\\/2009-2015\\\/kush-jane-humbesit-dhe-fituesit-e-vertete\\\/\",\"url\":\"https:\\\/\\\/fjala.info\\\/2009-2015\\\/kush-jane-humbesit-dhe-fituesit-e-vertete\\\/\",\"name\":\"Kush jan\u00eb humb\u00ebsit dhe fituesit e v\u00ebrtet\u00eb! - FjALA e LIR\u00cb - Arkivi\",\"isPartOf\":{\"@id\":\"https:\\\/\\\/fjala.info\\\/2009-2015\\\/#website\"},\"primaryImageOfPage\":{\"@id\":\"https:\\\/\\\/fjala.info\\\/2009-2015\\\/kush-jane-humbesit-dhe-fituesit-e-vertete\\\/#primaryimage\"},\"image\":{\"@id\":\"https:\\\/\\\/fjala.info\\\/2009-2015\\\/kush-jane-humbesit-dhe-fituesit-e-vertete\\\/#primaryimage\"},\"thumbnailUrl\":\"http:\\\/\\\/www.shkoder.net\\\/images\\\/fjala\\\/mero_baze1.jpg\",\"datePublished\":\"2010-06-01T22:12:10+00:00\",\"breadcrumb\":{\"@id\":\"https:\\\/\\\/fjala.info\\\/2009-2015\\\/kush-jane-humbesit-dhe-fituesit-e-vertete\\\/#breadcrumb\"},\"inLanguage\":\"sq-AL\",\"potentialAction\":[{\"@type\":\"ReadAction\",\"target\":[\"https:\\\/\\\/fjala.info\\\/2009-2015\\\/kush-jane-humbesit-dhe-fituesit-e-vertete\\\/\"]}]},{\"@type\":\"ImageObject\",\"inLanguage\":\"sq-AL\",\"@id\":\"https:\\\/\\\/fjala.info\\\/2009-2015\\\/kush-jane-humbesit-dhe-fituesit-e-vertete\\\/#primaryimage\",\"url\":\"http:\\\/\\\/www.shkoder.net\\\/images\\\/fjala\\\/mero_baze1.jpg\",\"contentUrl\":\"http:\\\/\\\/www.shkoder.net\\\/images\\\/fjala\\\/mero_baze1.jpg\"},{\"@type\":\"BreadcrumbList\",\"@id\":\"https:\\\/\\\/fjala.info\\\/2009-2015\\\/kush-jane-humbesit-dhe-fituesit-e-vertete\\\/#breadcrumb\",\"itemListElement\":[{\"@type\":\"ListItem\",\"position\":1,\"name\":\"Home\",\"item\":\"https:\\\/\\\/fjala.info\\\/2009-2015\\\/\"},{\"@type\":\"ListItem\",\"position\":2,\"name\":\"Kush jan\u00eb humb\u00ebsit dhe fituesit e v\u00ebrtet\u00eb!\"}]},{\"@type\":\"WebSite\",\"@id\":\"https:\\\/\\\/fjala.info\\\/2009-2015\\\/#website\",\"url\":\"https:\\\/\\\/fjala.info\\\/2009-2015\\\/\",\"name\":\"FjALA e LIR\u00cb - Arkivi\",\"description\":\"Arkivi 2009-2015\",\"publisher\":{\"@id\":\"https:\\\/\\\/fjala.info\\\/2009-2015\\\/#organization\"},\"potentialAction\":[{\"@type\":\"SearchAction\",\"target\":{\"@type\":\"EntryPoint\",\"urlTemplate\":\"https:\\\/\\\/fjala.info\\\/2009-2015\\\/?s={search_term_string}\"},\"query-input\":{\"@type\":\"PropertyValueSpecification\",\"valueRequired\":true,\"valueName\":\"search_term_string\"}}],\"inLanguage\":\"sq-AL\"},{\"@type\":\"Organization\",\"@id\":\"https:\\\/\\\/fjala.info\\\/2009-2015\\\/#organization\",\"name\":\"FjALA e LIR\u00cb - Arkivi\",\"url\":\"https:\\\/\\\/fjala.info\\\/2009-2015\\\/\",\"logo\":{\"@type\":\"ImageObject\",\"inLanguage\":\"sq-AL\",\"@id\":\"https:\\\/\\\/fjala.info\\\/2009-2015\\\/#\\\/schema\\\/logo\\\/image\\\/\",\"url\":\"\",\"contentUrl\":\"\",\"caption\":\"FjALA e LIR\u00cb - Arkivi\"},\"image\":{\"@id\":\"https:\\\/\\\/fjala.info\\\/2009-2015\\\/#\\\/schema\\\/logo\\\/image\\\/\"}},{\"@type\":\"Person\",\"@id\":\"https:\\\/\\\/fjala.info\\\/2009-2015\\\/#\\\/schema\\\/person\\\/3aa1163ef05469c496fc94e77611ada2\",\"name\":\"admin\",\"image\":{\"@type\":\"ImageObject\",\"inLanguage\":\"sq-AL\",\"@id\":\"https:\\\/\\\/fjala.info\\\/2009-2015\\\/wp-content\\\/uploads\\\/2012\\\/02\\\/arben_cokaj-120x150.jpg\",\"url\":\"https:\\\/\\\/fjala.info\\\/2009-2015\\\/wp-content\\\/uploads\\\/2012\\\/02\\\/arben_cokaj-120x150.jpg\",\"contentUrl\":\"https:\\\/\\\/fjala.info\\\/2009-2015\\\/wp-content\\\/uploads\\\/2012\\\/02\\\/arben_cokaj-120x150.jpg\",\"caption\":\"admin\"},\"description\":\"Admin, Fjala e Lir\u00eb\",\"sameAs\":[\"https:\\\/\\\/fjala.info\\\/\"],\"url\":\"https:\\\/\\\/fjala.info\\\/2009-2015\\\/author\\\/admin\\\/\"}]}<\/script>\n<!-- \/ Yoast SEO plugin. -->","yoast_head_json":{"title":"Kush jan\u00eb humb\u00ebsit dhe fituesit e v\u00ebrtet\u00eb! - FjALA e LIR\u00cb - Arkivi","robots":{"index":"index","follow":"follow","max-snippet":"max-snippet:-1","max-image-preview":"max-image-preview:large","max-video-preview":"max-video-preview:-1"},"canonical":"https:\/\/fjala.info\/2009-2015\/kush-jane-humbesit-dhe-fituesit-e-vertete\/","og_locale":"sq_AL","og_type":"article","og_title":"Kush jan\u00eb humb\u00ebsit dhe fituesit e v\u00ebrtet\u00eb! - FjALA e LIR\u00cb - Arkivi","og_description":"Nga Mero Baze, &#8220;Faktori Plus&#8221; Ky ndoshta \u00ebsht\u00eb editoriali i fundit i \u201cFaktor Plus\u201d. P\u00ebr dy vite radhazi jemi takuar \u00e7do nat\u00eb p\u00ebr t\u00eb diskutuar mbi at\u00eb \u00e7far\u00eb p\u00ebrpiqet t\u00eb fsheh\u00eb politika dhe pushteti nga syt\u00eb e qytetar\u00ebve. Jemi munduar t\u00eb themi t\u00eb v\u00ebrtetat q\u00eb nuk arrinin dot te publiku. Dhe p\u00ebr k\u00ebt\u00eb kemi paguar [&hellip;]","og_url":"https:\/\/fjala.info\/2009-2015\/kush-jane-humbesit-dhe-fituesit-e-vertete\/","og_site_name":"FjALA e LIR\u00cb - Arkivi","article_published_time":"2010-06-01T22:12:10+00:00","og_image":[{"url":"http:\/\/www.shkoder.net\/images\/fjala\/mero_baze1.jpg","type":"","width":"","height":""}],"author":"admin","twitter_card":"summary_large_image","twitter_misc":{"Written by":"admin","Est. reading time":"5 minutes"},"schema":{"@context":"https:\/\/schema.org","@graph":[{"@type":"Article","@id":"https:\/\/fjala.info\/2009-2015\/kush-jane-humbesit-dhe-fituesit-e-vertete\/#article","isPartOf":{"@id":"https:\/\/fjala.info\/2009-2015\/kush-jane-humbesit-dhe-fituesit-e-vertete\/"},"author":{"name":"admin","@id":"https:\/\/fjala.info\/2009-2015\/#\/schema\/person\/3aa1163ef05469c496fc94e77611ada2"},"headline":"Kush jan\u00eb humb\u00ebsit dhe fituesit e v\u00ebrtet\u00eb!","datePublished":"2010-06-01T22:12:10+00:00","mainEntityOfPage":{"@id":"https:\/\/fjala.info\/2009-2015\/kush-jane-humbesit-dhe-fituesit-e-vertete\/"},"wordCount":967,"commentCount":0,"publisher":{"@id":"https:\/\/fjala.info\/2009-2015\/#organization"},"image":{"@id":"https:\/\/fjala.info\/2009-2015\/kush-jane-humbesit-dhe-fituesit-e-vertete\/#primaryimage"},"thumbnailUrl":"http:\/\/www.shkoder.net\/images\/fjala\/mero_baze1.jpg","articleSection":["Artikuj"],"inLanguage":"sq-AL","potentialAction":[{"@type":"CommentAction","name":"Comment","target":["https:\/\/fjala.info\/2009-2015\/kush-jane-humbesit-dhe-fituesit-e-vertete\/#respond"]}]},{"@type":"WebPage","@id":"https:\/\/fjala.info\/2009-2015\/kush-jane-humbesit-dhe-fituesit-e-vertete\/","url":"https:\/\/fjala.info\/2009-2015\/kush-jane-humbesit-dhe-fituesit-e-vertete\/","name":"Kush jan\u00eb humb\u00ebsit dhe fituesit e v\u00ebrtet\u00eb! - FjALA e LIR\u00cb - Arkivi","isPartOf":{"@id":"https:\/\/fjala.info\/2009-2015\/#website"},"primaryImageOfPage":{"@id":"https:\/\/fjala.info\/2009-2015\/kush-jane-humbesit-dhe-fituesit-e-vertete\/#primaryimage"},"image":{"@id":"https:\/\/fjala.info\/2009-2015\/kush-jane-humbesit-dhe-fituesit-e-vertete\/#primaryimage"},"thumbnailUrl":"http:\/\/www.shkoder.net\/images\/fjala\/mero_baze1.jpg","datePublished":"2010-06-01T22:12:10+00:00","breadcrumb":{"@id":"https:\/\/fjala.info\/2009-2015\/kush-jane-humbesit-dhe-fituesit-e-vertete\/#breadcrumb"},"inLanguage":"sq-AL","potentialAction":[{"@type":"ReadAction","target":["https:\/\/fjala.info\/2009-2015\/kush-jane-humbesit-dhe-fituesit-e-vertete\/"]}]},{"@type":"ImageObject","inLanguage":"sq-AL","@id":"https:\/\/fjala.info\/2009-2015\/kush-jane-humbesit-dhe-fituesit-e-vertete\/#primaryimage","url":"http:\/\/www.shkoder.net\/images\/fjala\/mero_baze1.jpg","contentUrl":"http:\/\/www.shkoder.net\/images\/fjala\/mero_baze1.jpg"},{"@type":"BreadcrumbList","@id":"https:\/\/fjala.info\/2009-2015\/kush-jane-humbesit-dhe-fituesit-e-vertete\/#breadcrumb","itemListElement":[{"@type":"ListItem","position":1,"name":"Home","item":"https:\/\/fjala.info\/2009-2015\/"},{"@type":"ListItem","position":2,"name":"Kush jan\u00eb humb\u00ebsit dhe fituesit e v\u00ebrtet\u00eb!"}]},{"@type":"WebSite","@id":"https:\/\/fjala.info\/2009-2015\/#website","url":"https:\/\/fjala.info\/2009-2015\/","name":"FjALA e LIR\u00cb - Arkivi","description":"Arkivi 2009-2015","publisher":{"@id":"https:\/\/fjala.info\/2009-2015\/#organization"},"potentialAction":[{"@type":"SearchAction","target":{"@type":"EntryPoint","urlTemplate":"https:\/\/fjala.info\/2009-2015\/?s={search_term_string}"},"query-input":{"@type":"PropertyValueSpecification","valueRequired":true,"valueName":"search_term_string"}}],"inLanguage":"sq-AL"},{"@type":"Organization","@id":"https:\/\/fjala.info\/2009-2015\/#organization","name":"FjALA e LIR\u00cb - Arkivi","url":"https:\/\/fjala.info\/2009-2015\/","logo":{"@type":"ImageObject","inLanguage":"sq-AL","@id":"https:\/\/fjala.info\/2009-2015\/#\/schema\/logo\/image\/","url":"","contentUrl":"","caption":"FjALA e LIR\u00cb - Arkivi"},"image":{"@id":"https:\/\/fjala.info\/2009-2015\/#\/schema\/logo\/image\/"}},{"@type":"Person","@id":"https:\/\/fjala.info\/2009-2015\/#\/schema\/person\/3aa1163ef05469c496fc94e77611ada2","name":"admin","image":{"@type":"ImageObject","inLanguage":"sq-AL","@id":"https:\/\/fjala.info\/2009-2015\/wp-content\/uploads\/2012\/02\/arben_cokaj-120x150.jpg","url":"https:\/\/fjala.info\/2009-2015\/wp-content\/uploads\/2012\/02\/arben_cokaj-120x150.jpg","contentUrl":"https:\/\/fjala.info\/2009-2015\/wp-content\/uploads\/2012\/02\/arben_cokaj-120x150.jpg","caption":"admin"},"description":"Admin, Fjala e Lir\u00eb","sameAs":["https:\/\/fjala.info\/"],"url":"https:\/\/fjala.info\/2009-2015\/author\/admin\/"}]}},"_links":{"self":[{"href":"https:\/\/fjala.info\/2009-2015\/wp-json\/wp\/v2\/posts\/2886","targetHints":{"allow":["GET"]}}],"collection":[{"href":"https:\/\/fjala.info\/2009-2015\/wp-json\/wp\/v2\/posts"}],"about":[{"href":"https:\/\/fjala.info\/2009-2015\/wp-json\/wp\/v2\/types\/post"}],"author":[{"embeddable":true,"href":"https:\/\/fjala.info\/2009-2015\/wp-json\/wp\/v2\/users\/1"}],"replies":[{"embeddable":true,"href":"https:\/\/fjala.info\/2009-2015\/wp-json\/wp\/v2\/comments?post=2886"}],"version-history":[{"count":0,"href":"https:\/\/fjala.info\/2009-2015\/wp-json\/wp\/v2\/posts\/2886\/revisions"}],"wp:attachment":[{"href":"https:\/\/fjala.info\/2009-2015\/wp-json\/wp\/v2\/media?parent=2886"}],"wp:term":[{"taxonomy":"category","embeddable":true,"href":"https:\/\/fjala.info\/2009-2015\/wp-json\/wp\/v2\/categories?post=2886"},{"taxonomy":"post_tag","embeddable":true,"href":"https:\/\/fjala.info\/2009-2015\/wp-json\/wp\/v2\/tags?post=2886"}],"curies":[{"name":"wp","href":"https:\/\/api.w.org\/{rel}","templated":true}]}}