{"id":2884,"date":"2010-06-01T23:05:30","date_gmt":"2010-06-01T22:05:30","guid":{"rendered":"http:\/\/fjala.shkoder.net\/?p=2884"},"modified":"2010-06-01T23:05:30","modified_gmt":"2010-06-01T22:05:30","slug":"veshtire-se-ka-zgjidhje-pa-zgjedhje","status":"publish","type":"post","link":"https:\/\/fjala.info\/2009-2015\/veshtire-se-ka-zgjidhje-pa-zgjedhje\/","title":{"rendered":"V\u00cbSHTIR\u00cb SE KA ZGJIDHJE PA ZGJEDHJE"},"content":{"rendered":"<p><img decoding=\"async\" style=\"margin-left: 10px; margin-right: 10px; border: 0px;\" src=\"http:\/\/www.shkoder.net\/images\/fjala\/andrea_stefani.jpg\" border=\"0\" alt=\"Andrea Stefani\" width=\"100\" align=\"left\" \/><\/p>\n<p><strong>Andrea Stefani<\/strong><\/p>\n<p>Po mbushet nj\u00eb vit q\u00eb kur u ndez kriza politike p\u00ebr transparenc\u00ebn e vot\u00ebs dhe as \u201cnd\u00ebrkomb\u00ebtar\u00ebt\u201d dhe askush nuk po mundin t\u00eb gjejn\u00eb zgjidhje p\u00ebr t\u00eb. Dhe, me sa duket, nuk do t\u00eb ket\u00eb nj\u00eb t\u00eb till\u00eb. Sepse tashm\u00eb po b\u00ebhet e qart\u00eb edhe p\u00ebr jo pak nga ata q\u00eb kan\u00eb ushqyer iluzione p\u00ebr natyr\u00ebn e Berish\u00ebs, se Kryeministri \u00ebsht\u00eb nj\u00eb autokrat q\u00eb e ka nd\u00ebrtuar karrier\u00ebn e tij jo mbi t\u00eb drejt\u00ebn po mbi manipulimin, jo mbi vot\u00ebn e lir\u00eb, por mbi vot\u00ebn e vjedhur, jo mbi merit\u00ebn, por mbi forc\u00ebn.<\/p>\n<p>Arsyeja nuk ka b\u00ebr\u00eb dhe nuk b\u00ebn pun\u00eb me Berish\u00ebn. Ai drejtohet nga \u201carsyeja\u201d e forc\u00ebs. K\u00ebshtu, m\u00eb 26 maj 1996 dhe po k\u00ebshtu n\u00eb 28 qershor 2009. Dhe n\u00eb vazhdim. At\u00ebher\u00eb si i b\u00ebhet q\u00eb Shqip\u00ebria rrezikon shum\u00eb e mbetur edhe p\u00ebr m\u00eb shum\u00eb n\u00eb mo\u00e7alin e nj\u00eb krize, q\u00eb ambasadori amerikan, Withers i cil\u00ebsoi, qeveris\u00ebse? T\u00eb shpresosh se Sali Berisha do ndryshoj\u00eb q\u00ebndrim duke i b\u00ebr\u00eb opozit\u00ebs dhe \u201cnd\u00ebrkomb\u00ebtar\u00ebve\u201d l\u00ebshime p\u00ebr nj\u00eb transparenc\u00eb q\u00eb e diskrediton duke ofruar prova t\u00eb manipulimit dhe vjedhjes s\u00eb vot\u00ebs, do t\u00eb thot\u00eb t\u00eb mos kesh m\u00ebsuar asgj\u00eb jo nga nj\u00eb vit kriz\u00eb, por as nga 20 vjet rropatje n\u00eb gropat e krizave t\u00eb tranzicionit q\u00eb hap Sali Berisha.<\/p>\n<p>Fati i tij politik duhet ndar\u00eb nga fati i Shqip\u00ebris\u00eb, fati i pushtetit berishist duhet ndar\u00eb nga ai i shtetit. Sepse vet\u00ebm n\u00eb shoq\u00ebrit\u00eb totalitare fati i vendit p\u00ebrcaktohet nga fati i liderit n\u00eb pushtet. Vet\u00ebm n\u00ebn diktatura t\u00eb tipit eneverian lideri i partis\u00eb n\u00eb pushtet e t\u00ebrheq zvarr\u00eb fatin e vendit pas disa interesave t\u00eb pushtetit q\u00eb nuk p\u00ebrputhen me ato t\u00eb shtetit. Prandaj zgjidhja duhet k\u00ebrkuar n\u00eb p\u00ebrvoj\u00ebn e demokracive per\u00ebndimore. N\u00eb demokraci kriza t\u00eb tilla qeveris\u00ebse zgjidhen duke nd\u00ebrruar kabineteve qeveris\u00ebse me an\u00eb t\u00eb zgjedhjeve t\u00eb parakohshme.<\/p>\n<p>Demokracia i zgjidh krizat e r\u00ebnda ose me konsensus ose, aty ku mungon ai, me demokraci. Dhe thelbi i demokracis\u00eb jan\u00eb zgjedhjet e lira e t\u00eb ndershme. Prandaj \u201cnd\u00ebrkomb\u00ebtar\u00ebt\u201d n\u00eb vend q\u00eb t\u00eb humbasin koh\u00ebn me shpresa t\u00eb kota me \u201ckrokodil\u00eb\u201d duke diskredituar edhe vetveten, do t\u00eb b\u00ebnin mir\u00eb t\u00eb \u201csugjeronin\u201d sa nuk \u00ebsht\u00eb von\u00eb, kalimin e vendit n\u00eb zgjedhje t\u00eb parakohshme.<br \/>\n<strong>\u00a0<\/strong><\/p>\n<p style=\"text-align: center;\"><strong>* * *<\/strong><\/p>\n<p>T\u00eb enjten q\u00eb vjen mbaron afati dyjavor i ofruar nga \u201cnd\u00ebrkomb\u00ebtar\u00ebt\u201d p\u00ebr gjetjen e nj\u00eb konsensusi mes PD dhe PS. Por konsensusi nuk po duket n\u00eb horizont. Sikund\u00ebr pritej, pika a papajtueshme jan\u00eb flet\u00ebt e votimit. Berisha thot\u00eb q\u00eb duhet t\u00eb digjen nd\u00ebrsa Rama k\u00ebrkon t\u00eb kund\u00ebrt\u00ebn. Duket se \u00e7\u00ebshtja \u00ebsht\u00eb b\u00ebr\u00eb hamletiane edhe p\u00ebr \u201cnd\u00ebrkomb\u00ebtar\u00ebt\u201d. Nj\u00eb grup ekspert\u00ebsh q\u00eb sapo vizitoi Tiran\u00ebn nuk dihet se \u00e7\u2019po gatuan n\u00eb prapasken\u00ebn e politik\u00ebs, por koha q\u00eb edhe europian\u00ebt t\u00eb flasin qart\u00eb po afron.<\/p>\n<p>Po vjen momenti q\u00eb edhe ata, pasi jan\u00eb ballafaquar edhe me ligjet shqiptare dhe jo vet\u00ebm me at\u00eb q\u00eb thon\u00eb pal\u00ebt e politik\u00ebs, duhet t\u00eb prononcohen si \u00ebsht\u00eb e drejta e pavarur nga politika. N\u00eb fakt, ajo q\u00eb u shpall si ultimatum p\u00ebr politik\u00ebn shqiptare dhe akoma m\u00eb shum\u00eb p\u00ebr Berish\u00ebn, po rezulton se \u00ebsht\u00eb edhe vet\u00eb nj\u00eb ultimatum p\u00ebr europian\u00ebt. Pas dit\u00ebs s\u00eb etje, q\u00eb po afron, ata nuk mund ta shtyjn\u00eb m\u00eb me fraza tipike p\u00ebr ca magjistrica makbethiane. Po vjen momenti q\u00eb Europa t\u00eb flas\u00eb tro\u00e7 se kush e ka fajin p\u00ebr p\u00ebrzgjatjen e kriz\u00ebs dhe se si mund t\u00eb dilet nga ajo. Faji nuk mund t\u00eb jet\u00eb m\u00eb nj\u00eb qyrk q\u00eb e veshin nj\u00ebherazi edhe pozita edhe opozita.<\/p>\n<p style=\"text-align: center;\"><strong>* * *<\/strong><\/p>\n<p>\u00cbsht\u00eb e v\u00ebshtir\u00eb t\u00eb flas\u00ebsh tro\u00e7 kur nuk ekziston nj\u00eb zgjidhje e mesme q\u00eb k\u00ebnaq t\u00eb dy pal\u00ebt. \u00cbsht\u00eb e v\u00ebshtir\u00eb t\u00eb flas\u00ebsh tro\u00e7 kur duhet t\u00eb dal\u00ebsh kund\u00ebr nj\u00ebr\u00ebs pal\u00eb. Por vjen nj\u00eb moment kur e v\u00ebrteta dhe e drejta duhet t\u00eb prevaloj\u00eb mbi pal\u00ebt, simpatit\u00eb apo antipatit\u00eb p\u00ebr to. Dhe \u00e7\u2019mund t\u00eb thuhet tro\u00e7, p\u00ebrcaktohet nga vet\u00eb dinamika e zhvillimeve q\u00eb na kan\u00eb sjell\u00eb deri k\u00ebtu. P\u00ebr hir t\u00eb s\u00eb v\u00ebrtet\u00ebs duhet th\u00ebn\u00eb se q\u00eb nga momentet kur nisi protest\u00ebn p\u00ebr vot\u00ebn e lir\u00eb, opozita ka b\u00ebr\u00eb nj\u00eb s\u00ebr\u00eb l\u00ebshimesh. D\u00ebgjoi k\u00ebshill\u00ebn e \u201cnd\u00ebrkomb\u00ebtar\u00ebve\u201d se vendi p\u00ebr zgjidhjen e kriz\u00ebs \u00ebsht\u00eb Kuvendi dhe prandaj nd\u00ebrpreu bojkotin dhe u paraqit n\u00eb Kuvend.<\/p>\n<p>N\u00eb t\u00eb kund\u00ebrt, pozita n\u00eb vend q\u00eb t\u00eb shfryt\u00ebzonte at\u00eb moment n\u00eb favor t\u00eb zgjidhjes s\u00eb kriz\u00ebs, i imponoi tiranikisht opozit\u00ebs, me dhun\u00ebn e karton\u00ebve, nj\u00eb komision hetimor q\u00eb mund t\u00eb hetonte gjith\u00e7ka, por jo se \u00e7far\u00eb fshihet brenda kutive t\u00eb votimit. Praktikisht, kjo do t\u00eb thot\u00eb t\u00eb hetosh asgj\u00eb. M\u00eb pas opozita propozoi edhe hapjen e kutive t\u00eb votimit n\u00eb disa zona q\u00eb nuk kan\u00eb qen\u00eb objekt i shqyrtimit nga Kolegji Zgjedhor duke hequr dor\u00eb nga hapja e kutive n\u00eb Shkod\u00ebr, Berat dhe Tiran\u00eb. Edhe pse, p\u00ebr hir t\u00eb s\u00eb v\u00ebrtet\u00ebs, vendimi ndalues i Kolegjit Zgjedhor nuk kishte t\u00eb b\u00ebnte me t\u00eb gjith\u00eb kutit\u00eb e k\u00ebtyre zonave, por vet\u00ebm me kutit\u00eb e disa nj\u00ebsive n\u00eb k\u00ebto zona.<\/p>\n<p>Qe nj\u00eb propozim q\u00eb shmangte t\u00eb ashtuquajturin \u201ccenim t\u00eb vendimit t\u00eb gjykatave\u201d q\u00eb mbetet kryealibia e Berish\u00ebs dhe berishist\u00ebve kund\u00ebr transparenc\u00ebs. Por pozita nuk e pranoi as k\u00ebt\u00eb zgjidhje, n\u00eb fakt t\u00eb mesme, duke spekuluar n\u00eb m\u00ebnyr\u00ebn m\u00eb absurde sikur vendimi i Kolegjit Zgjedhor nuk lejon hapjen e kutive jo vet\u00ebm n\u00eb disa nj\u00ebsi zgjedhore tri zonat e shqyrtuara prej tij, por n\u00eb t\u00eb gjitha zonat zgjedhore t\u00eb Shqip\u00ebris\u00eb! Praktikisht, ata thon\u00eb se ligji dhe Kushtetuta nuk lejojn\u00eb transparenc\u00ebn. Kok\u00ebfort\u00ebsia e pushtetit p\u00ebr t\u00eb mos b\u00ebr\u00eb asnj\u00eb l\u00ebshim q\u00eb do t\u2019i hapte rrug\u00ebn transparenc\u00ebs, e detyroi opozit\u00ebn t\u00eb nd\u00ebrmarr\u00eb nj\u00eb grev\u00eb urie, e cila rrezikoi t\u00eb tejkalonte limitet fizike t\u00eb pjes\u00ebmarr\u00ebsve duke rezultuar n\u00eb tragjedi, pik\u00ebrisht p\u00ebr shkak t\u00eb kok\u00ebfort\u00ebsis\u00eb s\u00eb Berish\u00ebs p\u00ebr t\u00eb mos i hapur rrug\u00eb transparenc\u00ebs.<\/p>\n<p>Dhe opozita p\u00ebrs\u00ebri d\u00ebgjoi k\u00ebshill\u00ebn e \u201cnd\u00ebrkomb\u00ebtar\u00ebve\u201d, doli nga greva e uris\u00eb p\u00ebr t\u2019i hapur p\u00ebrs\u00ebri shtegun nj\u00eb marr\u00ebveshjeje. E paralajm\u00ebruar fillimisht nga nj\u00eb deklarat\u00eb e Bosch, shefit t\u00eb zyr\u00ebs s\u00eb OSBE n\u00eb Tiran\u00eb, por e detajuar m\u00eb von\u00eb n\u00eb media dhe deklarimet politike t\u00eb opozit\u00ebs, nj\u00eb marr\u00ebveshje e till\u00eb parashikon hapjen e materialeve zgjedhore dhe p\u00ebr sa u takon flet\u00ebve t\u00eb votimit, gjykimi i lihet Komisionit t\u00eb Venecias. \u00cbsht\u00eb nj\u00eb marr\u00ebveshje q\u00eb b\u00ebn t\u00eb vet\u00ebn edhe nj\u00eb tez\u00eb t\u00eb shumic\u00ebs p\u00ebr futjen n\u00eb loj\u00eb t\u00eb Komisionit t\u00eb Venecias, gj\u00eb q\u00eb e vesh at\u00eb me element\u00eb konsensual\u00eb. Por Berisha duket se nuk do t\u00eb l\u00ebshoj\u00eb edhe n\u00eb k\u00ebt\u00eb pik\u00eb.<\/p>\n<p>Ai dhe njer\u00ebzit e tij, hoq\u00ebn dor\u00eb nga edhe Komisioni i Venecias dhe po k\u00ebmb\u00ebngulin tani n\u00eb djegien e flet\u00ebve t\u00eb votimit duke tentuar n\u00eb fakt, t\u00eb djegin t\u00eb gjith\u00eb shansin e marr\u00ebveshjes s\u00eb listuar prapa menys\u00eb s\u00eb restorantit \u201cKrokodil\u201d. Po v\u00ebrtetohet ajo q\u00eb \u00ebsht\u00eb th\u00ebn\u00eb me koh\u00eb se Berisha ka hyr\u00eb n\u00eb konflikt antagonist me transparenc\u00ebn. Kjo e fundit i rrezikon pushtetin e arritur me vota t\u00eb vjedhura prandaj edhe duhet penguar me \u00e7do kusht, edhe n\u00eb kurriz t\u00eb integrimit t\u00eb Shqip\u00ebris\u00eb. K\u00ebshtu, ky \u201chero\u201d i demokracis\u00eb dhe integrimit, del sot n\u00eb pozit\u00ebn e antiheroit q\u00eb \u00ebsht\u00eb i gatsh\u00ebm t\u00eb sakrifikoj\u00eb demokracin\u00eb dhe integrimin e Shqip\u00ebris\u00eb n\u00eb altarin e pushtetit t\u00eb tij personal. Dhe \u00e7do t\u00eb b\u00ebjn\u00eb \u201cnd\u00ebrkomb\u00ebtar\u00ebt\u201d n\u00eb k\u00ebt\u00eb rast?<\/p>\n<p>Do pezullojn\u00eb procesin e integrimit, sikund\u00ebr edhe kan\u00eb paralajm\u00ebruar, p\u00ebr shkak se pal\u00ebt nuk arrijn\u00eb dot nj\u00eb zgjidhje, sepse zgjidhja sabotohet nga Kryeministri? Por duke vepruar k\u00ebshtu \u201cnd\u00ebrkomb\u00ebtar\u00ebt\u201d nuk do b\u00ebjn\u00eb gj\u00eb tjet\u00ebr ve\u00e7se do plot\u00ebsojn\u00eb nj\u00eb epsh t\u00eb fsheht\u00eb t\u00eb autokratit Berisha n\u00eb kurriz t\u00eb aspiratave europiane t\u00eb shumic\u00ebs s\u00eb shqiptar\u00ebve. Prandaj do t\u00eb ishte m\u00eb e udh\u00ebs q\u00eb ata t\u00eb shpreheshin qart\u00eb p\u00ebr nj\u00eb zgjidhje t\u00eb llojit q\u00eb respekton ofertat hedhura nga t\u00eb dy pal\u00ebt. S\u2019ka r\u00ebnd\u00ebsi se dikush mund t\u2019i ket\u00eb b\u00ebr\u00eb oferta t\u00eb tilla sa p\u00ebr bllof politik.<\/p>\n<p>Nj\u00eb e till\u00eb \u00ebsht\u00eb ajo q\u00eb sugjeron hapjen e materialeve zgjedhore, tashm\u00eb e pranuar nga t\u00eb dy pal\u00ebt, dhe p\u00ebr sa u takon flet\u00ebve t\u00eb votimit, t\u00eb vendos\u00eb nj\u00eb i tret\u00eb, Komisioni i Venecias. E n\u00ebse nj\u00eb ofert\u00eb e till\u00eb kund\u00ebrshtohet nga Kryeministri Berisha n\u00eb \u201crespekt t\u00eb ligjit dhe Kushtetut\u00ebs\u201d, dhe me shum\u00eb gjasa k\u00ebshtu do t\u00eb ndodh\u00eb, at\u00ebher\u00eb p\u00ebr t\u00eb shmangur tensione politike me potencial destabilizues n\u00eb rritje, i vetmi shp\u00ebtim do t\u00eb ishin zgjedhje t\u00eb parakohshme. Por k\u00ebt\u00eb her\u00eb me transparenc\u00eb t\u00eb garantuar dhe t\u00eb papenguar nga \u201cligji\u201d apo \u201cKushtetuta\u201d.<\/p>\n","protected":false},"excerpt":{"rendered":"<p>Andrea Stefani Po mbushet nj\u00eb vit q\u00eb kur u ndez kriza politike p\u00ebr transparenc\u00ebn e vot\u00ebs dhe as \u201cnd\u00ebrkomb\u00ebtar\u00ebt\u201d dhe askush nuk po mundin t\u00eb gjejn\u00eb zgjidhje p\u00ebr t\u00eb. Dhe, me sa duket, nuk do t\u00eb ket\u00eb nj\u00eb t\u00eb till\u00eb. Sepse tashm\u00eb po b\u00ebhet e qart\u00eb edhe p\u00ebr jo pak nga ata q\u00eb kan\u00eb ushqyer [&hellip;]<\/p>\n","protected":false},"author":1,"featured_media":0,"comment_status":"open","ping_status":"closed","sticky":false,"template":"","format":"standard","meta":{"footnotes":""},"categories":[2],"tags":[],"class_list":{"0":"post-2884","1":"post","2":"type-post","3":"status-publish","4":"format-standard","6":"category-artikuj"},"yoast_head":"<!-- This site is optimized with the Yoast SEO plugin v27.4 - https:\/\/yoast.com\/product\/yoast-seo-wordpress\/ -->\n<title>V\u00cbSHTIR\u00cb SE KA ZGJIDHJE PA ZGJEDHJE - FjALA e LIR\u00cb - Arkivi<\/title>\n<meta name=\"robots\" content=\"index, follow, max-snippet:-1, max-image-preview:large, max-video-preview:-1\" \/>\n<link rel=\"canonical\" href=\"https:\/\/fjala.info\/2009-2015\/veshtire-se-ka-zgjidhje-pa-zgjedhje\/\" \/>\n<meta property=\"og:locale\" content=\"sq_AL\" \/>\n<meta property=\"og:type\" content=\"article\" \/>\n<meta property=\"og:title\" content=\"V\u00cbSHTIR\u00cb SE KA ZGJIDHJE PA ZGJEDHJE - FjALA e LIR\u00cb - Arkivi\" \/>\n<meta property=\"og:description\" content=\"Andrea Stefani Po mbushet nj\u00eb vit q\u00eb kur u ndez kriza politike p\u00ebr transparenc\u00ebn e vot\u00ebs dhe as \u201cnd\u00ebrkomb\u00ebtar\u00ebt\u201d dhe askush nuk po mundin t\u00eb gjejn\u00eb zgjidhje p\u00ebr t\u00eb. Dhe, me sa duket, nuk do t\u00eb ket\u00eb nj\u00eb t\u00eb till\u00eb. Sepse tashm\u00eb po b\u00ebhet e qart\u00eb edhe p\u00ebr jo pak nga ata q\u00eb kan\u00eb ushqyer [&hellip;]\" \/>\n<meta property=\"og:url\" content=\"https:\/\/fjala.info\/2009-2015\/veshtire-se-ka-zgjidhje-pa-zgjedhje\/\" \/>\n<meta property=\"og:site_name\" content=\"FjALA e LIR\u00cb - Arkivi\" \/>\n<meta property=\"article:published_time\" content=\"2010-06-01T22:05:30+00:00\" \/>\n<meta property=\"og:image\" content=\"http:\/\/www.shkoder.net\/images\/fjala\/andrea_stefani.jpg\" \/>\n<meta name=\"author\" content=\"admin\" \/>\n<meta name=\"twitter:card\" content=\"summary_large_image\" \/>\n<meta name=\"twitter:label1\" content=\"Written by\" \/>\n\t<meta name=\"twitter:data1\" content=\"admin\" \/>\n\t<meta name=\"twitter:label2\" content=\"Est. reading time\" \/>\n\t<meta name=\"twitter:data2\" content=\"8 minutes\" \/>\n<script type=\"application\/ld+json\" class=\"yoast-schema-graph\">{\"@context\":\"https:\\\/\\\/schema.org\",\"@graph\":[{\"@type\":\"Article\",\"@id\":\"https:\\\/\\\/fjala.info\\\/2009-2015\\\/veshtire-se-ka-zgjidhje-pa-zgjedhje\\\/#article\",\"isPartOf\":{\"@id\":\"https:\\\/\\\/fjala.info\\\/2009-2015\\\/veshtire-se-ka-zgjidhje-pa-zgjedhje\\\/\"},\"author\":{\"name\":\"admin\",\"@id\":\"https:\\\/\\\/fjala.info\\\/2009-2015\\\/#\\\/schema\\\/person\\\/3aa1163ef05469c496fc94e77611ada2\"},\"headline\":\"V\u00cbSHTIR\u00cb SE KA ZGJIDHJE PA ZGJEDHJE\",\"datePublished\":\"2010-06-01T22:05:30+00:00\",\"mainEntityOfPage\":{\"@id\":\"https:\\\/\\\/fjala.info\\\/2009-2015\\\/veshtire-se-ka-zgjidhje-pa-zgjedhje\\\/\"},\"wordCount\":1601,\"commentCount\":0,\"publisher\":{\"@id\":\"https:\\\/\\\/fjala.info\\\/2009-2015\\\/#organization\"},\"image\":{\"@id\":\"https:\\\/\\\/fjala.info\\\/2009-2015\\\/veshtire-se-ka-zgjidhje-pa-zgjedhje\\\/#primaryimage\"},\"thumbnailUrl\":\"http:\\\/\\\/www.shkoder.net\\\/images\\\/fjala\\\/andrea_stefani.jpg\",\"articleSection\":[\"Artikuj\"],\"inLanguage\":\"sq-AL\",\"potentialAction\":[{\"@type\":\"CommentAction\",\"name\":\"Comment\",\"target\":[\"https:\\\/\\\/fjala.info\\\/2009-2015\\\/veshtire-se-ka-zgjidhje-pa-zgjedhje\\\/#respond\"]}]},{\"@type\":\"WebPage\",\"@id\":\"https:\\\/\\\/fjala.info\\\/2009-2015\\\/veshtire-se-ka-zgjidhje-pa-zgjedhje\\\/\",\"url\":\"https:\\\/\\\/fjala.info\\\/2009-2015\\\/veshtire-se-ka-zgjidhje-pa-zgjedhje\\\/\",\"name\":\"V\u00cbSHTIR\u00cb SE KA ZGJIDHJE PA ZGJEDHJE - FjALA e LIR\u00cb - Arkivi\",\"isPartOf\":{\"@id\":\"https:\\\/\\\/fjala.info\\\/2009-2015\\\/#website\"},\"primaryImageOfPage\":{\"@id\":\"https:\\\/\\\/fjala.info\\\/2009-2015\\\/veshtire-se-ka-zgjidhje-pa-zgjedhje\\\/#primaryimage\"},\"image\":{\"@id\":\"https:\\\/\\\/fjala.info\\\/2009-2015\\\/veshtire-se-ka-zgjidhje-pa-zgjedhje\\\/#primaryimage\"},\"thumbnailUrl\":\"http:\\\/\\\/www.shkoder.net\\\/images\\\/fjala\\\/andrea_stefani.jpg\",\"datePublished\":\"2010-06-01T22:05:30+00:00\",\"breadcrumb\":{\"@id\":\"https:\\\/\\\/fjala.info\\\/2009-2015\\\/veshtire-se-ka-zgjidhje-pa-zgjedhje\\\/#breadcrumb\"},\"inLanguage\":\"sq-AL\",\"potentialAction\":[{\"@type\":\"ReadAction\",\"target\":[\"https:\\\/\\\/fjala.info\\\/2009-2015\\\/veshtire-se-ka-zgjidhje-pa-zgjedhje\\\/\"]}]},{\"@type\":\"ImageObject\",\"inLanguage\":\"sq-AL\",\"@id\":\"https:\\\/\\\/fjala.info\\\/2009-2015\\\/veshtire-se-ka-zgjidhje-pa-zgjedhje\\\/#primaryimage\",\"url\":\"http:\\\/\\\/www.shkoder.net\\\/images\\\/fjala\\\/andrea_stefani.jpg\",\"contentUrl\":\"http:\\\/\\\/www.shkoder.net\\\/images\\\/fjala\\\/andrea_stefani.jpg\"},{\"@type\":\"BreadcrumbList\",\"@id\":\"https:\\\/\\\/fjala.info\\\/2009-2015\\\/veshtire-se-ka-zgjidhje-pa-zgjedhje\\\/#breadcrumb\",\"itemListElement\":[{\"@type\":\"ListItem\",\"position\":1,\"name\":\"Home\",\"item\":\"https:\\\/\\\/fjala.info\\\/2009-2015\\\/\"},{\"@type\":\"ListItem\",\"position\":2,\"name\":\"V\u00cbSHTIR\u00cb SE KA ZGJIDHJE PA ZGJEDHJE\"}]},{\"@type\":\"WebSite\",\"@id\":\"https:\\\/\\\/fjala.info\\\/2009-2015\\\/#website\",\"url\":\"https:\\\/\\\/fjala.info\\\/2009-2015\\\/\",\"name\":\"FjALA e LIR\u00cb - Arkivi\",\"description\":\"Arkivi 2009-2015\",\"publisher\":{\"@id\":\"https:\\\/\\\/fjala.info\\\/2009-2015\\\/#organization\"},\"potentialAction\":[{\"@type\":\"SearchAction\",\"target\":{\"@type\":\"EntryPoint\",\"urlTemplate\":\"https:\\\/\\\/fjala.info\\\/2009-2015\\\/?s={search_term_string}\"},\"query-input\":{\"@type\":\"PropertyValueSpecification\",\"valueRequired\":true,\"valueName\":\"search_term_string\"}}],\"inLanguage\":\"sq-AL\"},{\"@type\":\"Organization\",\"@id\":\"https:\\\/\\\/fjala.info\\\/2009-2015\\\/#organization\",\"name\":\"FjALA e LIR\u00cb - Arkivi\",\"url\":\"https:\\\/\\\/fjala.info\\\/2009-2015\\\/\",\"logo\":{\"@type\":\"ImageObject\",\"inLanguage\":\"sq-AL\",\"@id\":\"https:\\\/\\\/fjala.info\\\/2009-2015\\\/#\\\/schema\\\/logo\\\/image\\\/\",\"url\":\"\",\"contentUrl\":\"\",\"caption\":\"FjALA e LIR\u00cb - Arkivi\"},\"image\":{\"@id\":\"https:\\\/\\\/fjala.info\\\/2009-2015\\\/#\\\/schema\\\/logo\\\/image\\\/\"}},{\"@type\":\"Person\",\"@id\":\"https:\\\/\\\/fjala.info\\\/2009-2015\\\/#\\\/schema\\\/person\\\/3aa1163ef05469c496fc94e77611ada2\",\"name\":\"admin\",\"image\":{\"@type\":\"ImageObject\",\"inLanguage\":\"sq-AL\",\"@id\":\"https:\\\/\\\/fjala.info\\\/2009-2015\\\/wp-content\\\/uploads\\\/2012\\\/02\\\/arben_cokaj-120x150.jpg\",\"url\":\"https:\\\/\\\/fjala.info\\\/2009-2015\\\/wp-content\\\/uploads\\\/2012\\\/02\\\/arben_cokaj-120x150.jpg\",\"contentUrl\":\"https:\\\/\\\/fjala.info\\\/2009-2015\\\/wp-content\\\/uploads\\\/2012\\\/02\\\/arben_cokaj-120x150.jpg\",\"caption\":\"admin\"},\"description\":\"Admin, Fjala e Lir\u00eb\",\"sameAs\":[\"https:\\\/\\\/fjala.info\\\/\"],\"url\":\"https:\\\/\\\/fjala.info\\\/2009-2015\\\/author\\\/admin\\\/\"}]}<\/script>\n<!-- \/ Yoast SEO plugin. -->","yoast_head_json":{"title":"V\u00cbSHTIR\u00cb SE KA ZGJIDHJE PA ZGJEDHJE - FjALA e LIR\u00cb - Arkivi","robots":{"index":"index","follow":"follow","max-snippet":"max-snippet:-1","max-image-preview":"max-image-preview:large","max-video-preview":"max-video-preview:-1"},"canonical":"https:\/\/fjala.info\/2009-2015\/veshtire-se-ka-zgjidhje-pa-zgjedhje\/","og_locale":"sq_AL","og_type":"article","og_title":"V\u00cbSHTIR\u00cb SE KA ZGJIDHJE PA ZGJEDHJE - FjALA e LIR\u00cb - Arkivi","og_description":"Andrea Stefani Po mbushet nj\u00eb vit q\u00eb kur u ndez kriza politike p\u00ebr transparenc\u00ebn e vot\u00ebs dhe as \u201cnd\u00ebrkomb\u00ebtar\u00ebt\u201d dhe askush nuk po mundin t\u00eb gjejn\u00eb zgjidhje p\u00ebr t\u00eb. Dhe, me sa duket, nuk do t\u00eb ket\u00eb nj\u00eb t\u00eb till\u00eb. Sepse tashm\u00eb po b\u00ebhet e qart\u00eb edhe p\u00ebr jo pak nga ata q\u00eb kan\u00eb ushqyer [&hellip;]","og_url":"https:\/\/fjala.info\/2009-2015\/veshtire-se-ka-zgjidhje-pa-zgjedhje\/","og_site_name":"FjALA e LIR\u00cb - Arkivi","article_published_time":"2010-06-01T22:05:30+00:00","og_image":[{"url":"http:\/\/www.shkoder.net\/images\/fjala\/andrea_stefani.jpg","type":"","width":"","height":""}],"author":"admin","twitter_card":"summary_large_image","twitter_misc":{"Written by":"admin","Est. reading time":"8 minutes"},"schema":{"@context":"https:\/\/schema.org","@graph":[{"@type":"Article","@id":"https:\/\/fjala.info\/2009-2015\/veshtire-se-ka-zgjidhje-pa-zgjedhje\/#article","isPartOf":{"@id":"https:\/\/fjala.info\/2009-2015\/veshtire-se-ka-zgjidhje-pa-zgjedhje\/"},"author":{"name":"admin","@id":"https:\/\/fjala.info\/2009-2015\/#\/schema\/person\/3aa1163ef05469c496fc94e77611ada2"},"headline":"V\u00cbSHTIR\u00cb SE KA ZGJIDHJE PA ZGJEDHJE","datePublished":"2010-06-01T22:05:30+00:00","mainEntityOfPage":{"@id":"https:\/\/fjala.info\/2009-2015\/veshtire-se-ka-zgjidhje-pa-zgjedhje\/"},"wordCount":1601,"commentCount":0,"publisher":{"@id":"https:\/\/fjala.info\/2009-2015\/#organization"},"image":{"@id":"https:\/\/fjala.info\/2009-2015\/veshtire-se-ka-zgjidhje-pa-zgjedhje\/#primaryimage"},"thumbnailUrl":"http:\/\/www.shkoder.net\/images\/fjala\/andrea_stefani.jpg","articleSection":["Artikuj"],"inLanguage":"sq-AL","potentialAction":[{"@type":"CommentAction","name":"Comment","target":["https:\/\/fjala.info\/2009-2015\/veshtire-se-ka-zgjidhje-pa-zgjedhje\/#respond"]}]},{"@type":"WebPage","@id":"https:\/\/fjala.info\/2009-2015\/veshtire-se-ka-zgjidhje-pa-zgjedhje\/","url":"https:\/\/fjala.info\/2009-2015\/veshtire-se-ka-zgjidhje-pa-zgjedhje\/","name":"V\u00cbSHTIR\u00cb SE KA ZGJIDHJE PA ZGJEDHJE - FjALA e LIR\u00cb - Arkivi","isPartOf":{"@id":"https:\/\/fjala.info\/2009-2015\/#website"},"primaryImageOfPage":{"@id":"https:\/\/fjala.info\/2009-2015\/veshtire-se-ka-zgjidhje-pa-zgjedhje\/#primaryimage"},"image":{"@id":"https:\/\/fjala.info\/2009-2015\/veshtire-se-ka-zgjidhje-pa-zgjedhje\/#primaryimage"},"thumbnailUrl":"http:\/\/www.shkoder.net\/images\/fjala\/andrea_stefani.jpg","datePublished":"2010-06-01T22:05:30+00:00","breadcrumb":{"@id":"https:\/\/fjala.info\/2009-2015\/veshtire-se-ka-zgjidhje-pa-zgjedhje\/#breadcrumb"},"inLanguage":"sq-AL","potentialAction":[{"@type":"ReadAction","target":["https:\/\/fjala.info\/2009-2015\/veshtire-se-ka-zgjidhje-pa-zgjedhje\/"]}]},{"@type":"ImageObject","inLanguage":"sq-AL","@id":"https:\/\/fjala.info\/2009-2015\/veshtire-se-ka-zgjidhje-pa-zgjedhje\/#primaryimage","url":"http:\/\/www.shkoder.net\/images\/fjala\/andrea_stefani.jpg","contentUrl":"http:\/\/www.shkoder.net\/images\/fjala\/andrea_stefani.jpg"},{"@type":"BreadcrumbList","@id":"https:\/\/fjala.info\/2009-2015\/veshtire-se-ka-zgjidhje-pa-zgjedhje\/#breadcrumb","itemListElement":[{"@type":"ListItem","position":1,"name":"Home","item":"https:\/\/fjala.info\/2009-2015\/"},{"@type":"ListItem","position":2,"name":"V\u00cbSHTIR\u00cb SE KA ZGJIDHJE PA ZGJEDHJE"}]},{"@type":"WebSite","@id":"https:\/\/fjala.info\/2009-2015\/#website","url":"https:\/\/fjala.info\/2009-2015\/","name":"FjALA e LIR\u00cb - Arkivi","description":"Arkivi 2009-2015","publisher":{"@id":"https:\/\/fjala.info\/2009-2015\/#organization"},"potentialAction":[{"@type":"SearchAction","target":{"@type":"EntryPoint","urlTemplate":"https:\/\/fjala.info\/2009-2015\/?s={search_term_string}"},"query-input":{"@type":"PropertyValueSpecification","valueRequired":true,"valueName":"search_term_string"}}],"inLanguage":"sq-AL"},{"@type":"Organization","@id":"https:\/\/fjala.info\/2009-2015\/#organization","name":"FjALA e LIR\u00cb - Arkivi","url":"https:\/\/fjala.info\/2009-2015\/","logo":{"@type":"ImageObject","inLanguage":"sq-AL","@id":"https:\/\/fjala.info\/2009-2015\/#\/schema\/logo\/image\/","url":"","contentUrl":"","caption":"FjALA e LIR\u00cb - Arkivi"},"image":{"@id":"https:\/\/fjala.info\/2009-2015\/#\/schema\/logo\/image\/"}},{"@type":"Person","@id":"https:\/\/fjala.info\/2009-2015\/#\/schema\/person\/3aa1163ef05469c496fc94e77611ada2","name":"admin","image":{"@type":"ImageObject","inLanguage":"sq-AL","@id":"https:\/\/fjala.info\/2009-2015\/wp-content\/uploads\/2012\/02\/arben_cokaj-120x150.jpg","url":"https:\/\/fjala.info\/2009-2015\/wp-content\/uploads\/2012\/02\/arben_cokaj-120x150.jpg","contentUrl":"https:\/\/fjala.info\/2009-2015\/wp-content\/uploads\/2012\/02\/arben_cokaj-120x150.jpg","caption":"admin"},"description":"Admin, Fjala e Lir\u00eb","sameAs":["https:\/\/fjala.info\/"],"url":"https:\/\/fjala.info\/2009-2015\/author\/admin\/"}]}},"_links":{"self":[{"href":"https:\/\/fjala.info\/2009-2015\/wp-json\/wp\/v2\/posts\/2884","targetHints":{"allow":["GET"]}}],"collection":[{"href":"https:\/\/fjala.info\/2009-2015\/wp-json\/wp\/v2\/posts"}],"about":[{"href":"https:\/\/fjala.info\/2009-2015\/wp-json\/wp\/v2\/types\/post"}],"author":[{"embeddable":true,"href":"https:\/\/fjala.info\/2009-2015\/wp-json\/wp\/v2\/users\/1"}],"replies":[{"embeddable":true,"href":"https:\/\/fjala.info\/2009-2015\/wp-json\/wp\/v2\/comments?post=2884"}],"version-history":[{"count":0,"href":"https:\/\/fjala.info\/2009-2015\/wp-json\/wp\/v2\/posts\/2884\/revisions"}],"wp:attachment":[{"href":"https:\/\/fjala.info\/2009-2015\/wp-json\/wp\/v2\/media?parent=2884"}],"wp:term":[{"taxonomy":"category","embeddable":true,"href":"https:\/\/fjala.info\/2009-2015\/wp-json\/wp\/v2\/categories?post=2884"},{"taxonomy":"post_tag","embeddable":true,"href":"https:\/\/fjala.info\/2009-2015\/wp-json\/wp\/v2\/tags?post=2884"}],"curies":[{"name":"wp","href":"https:\/\/api.w.org\/{rel}","templated":true}]}}