{"id":2880,"date":"2010-06-01T09:18:46","date_gmt":"2010-06-01T08:18:46","guid":{"rendered":"http:\/\/fjala.shkoder.net\/?p=2880"},"modified":"2010-06-01T09:18:46","modified_gmt":"2010-06-01T08:18:46","slug":"te-gjitha-rruget-te-cojne-ne-zgjedhje","status":"publish","type":"post","link":"https:\/\/fjala.info\/2009-2015\/te-gjitha-rruget-te-cojne-ne-zgjedhje\/","title":{"rendered":"T\u00eb gjitha rrug\u00ebt t\u00eb \u00e7ojn\u00eb n\u00eb zgjedhje"},"content":{"rendered":"<p><img decoding=\"async\" style=\"margin-left: 10px; margin-right: 10px; border: 0px;\" src=\"http:\/\/www.shkoder.net\/images\/fjala\/lorenc_vangjeli.jpg\" border=\"0\" alt=\"Lorenc Vangjeli\" width=\"100\" align=\"right\" \/><\/p>\n<p>Shkruan : <strong>Lorenc Vangjeli<\/strong>, <em>31 Maj 2010<\/em><\/p>\n<p>Dikur thuhej se t\u00eb gjitha rrug\u00ebt t\u00eb \u00e7ojn\u00eb n\u00eb Rom\u00eb. Tani, t\u00eb gjitha rrug\u00ebt q\u00eb mund t\u00eb ndjek\u00eb Shqip\u00ebria, t\u00eb \u00e7ojn\u00eb n\u00eb Bruksel. Pavar\u00ebsisht t\u00eb gjithave, n\u00eb mos sot, nes\u00ebr, nj\u00eb gj\u00eb e till\u00eb, do t\u00eb ndodh\u00eb. Edhe me liberalizimin e vizave, edhe me emancipimin e m\u00ebtejsh\u00ebm t\u00eb shoq\u00ebris\u00eb shqiptare apo dhe t\u00eb politik\u00ebs s\u00eb dit\u00ebs, edhe me plot\u00ebsim standartesh evropiane. M\u00eb her\u00ebt u an\u00ebtar\u00ebsuam n\u00eb NATO. Nj\u00eb dit\u00eb, kjo gj\u00eb do t\u00eb ndodh\u00eb dhe me Brukselin. Vite e vite m\u00eb pas, fakti i hidhur, pyetja normale q\u00eb mund t\u00eb b\u00ebhet: \u201cPse kaq von\u00eb, pse me kaq dhembje\u201d?, do t\u00eb ket\u00eb vler\u00eb vet\u00ebm p\u00ebr kurioz\u00ebt.<\/p>\n<p>Do t\u00eb ket\u00eb vler\u00eb p\u00ebr historian\u00ebt q\u00eb do t\u00eb gjykojn\u00eb p\u00ebr fajet e qeverive q\u00eb kan\u00eb drejtuar zakonisht keq dhe shum\u00eb keq k\u00ebt\u00eb vend, por do t\u00eb ket\u00eb nj\u00eb vler\u00eb t\u00eb padiskutueshme edhe p\u00ebr politikan\u00ebt e t\u00eb nes\u00ebrmes. T\u00eb cil\u00ebt, n\u00eb shumic\u00ebn d\u00ebrmuese t\u00eb paraardh\u00ebsve t\u00eb tyre, do t\u00eb gjejn\u00eb nj\u00eb shembull jasht\u00ebzakonisht t\u00eb r\u00ebnd\u00ebsish\u00ebm, shembullin dhe modelin m\u00eb t\u00eb keq t\u00eb mundsh\u00ebm p\u00ebr t\u00eb mos e ndjekur. Por dhe kjo \u00ebsht\u00eb nj\u00eb histori tjet\u00ebr. Historia aktuale ka t\u00eb b\u00ebj\u00eb me nj\u00eb tjet\u00ebr udh\u00ebkryq rrugor n\u00eb t\u00eb cilin ndodhet Shqip\u00ebria.<\/p>\n<p>Plot 11 muaj mbas p\u00ebrfundimit t\u00eb zgjedhjeve t\u00eb qershorit t\u00eb vitit t\u00eb kaluar, vendi ka kaluar nga nj\u00eb shkall\u00eb n\u00eb tjetr\u00ebn n\u00eb p\u00ebrshkall\u00ebzimin e paqart\u00ebsive q\u00eb kan\u00eb t\u00eb b\u00ebjn\u00eb pik\u00ebrisht me zgjedhjet. Nga dyshimet e para, tek provat, nga provat e para, tek prova e nj\u00eb kryene\u00e7\u00ebsie t\u00eb pandryshuar p\u00ebr t\u00eb lejuar kontrollin n\u00eb provat reale t\u00eb asaj \u00e7far\u00eb ka ndodhur n\u00eb 28 qershor.<\/p>\n<p>Duke u ngjitur nga nj\u00eb shkall\u00eb n\u00eb tjetr\u00ebn, Shqip\u00ebria ka kaluar nga kriza politike, n\u00eb nj\u00eb kriz\u00eb shum\u00ebdimensionale q\u00eb i ka brenda t\u00eb gjitha; deri dhe kriz\u00ebn morale t\u00eb nj\u00eb shoq\u00ebrie e cila nuk di m\u00eb k\u00eb t\u00eb besoj\u00eb: nj\u00ebr\u00ebn pal\u00eb q\u00eb tregon me gisht pal\u00ebn tjet\u00ebr si hajdut votash, apo t\u00eb kund\u00ebrt\u00ebn, nj\u00ebr\u00ebn pal\u00eb q\u00eb p\u00ebrdor t\u00eb nj\u00ebjtin gisht p\u00ebr t\u00eb fshehur fytyr\u00ebn dhe rr\u00ebnj\u00ebt e pushtetit.<\/p>\n<p>Prej plot 11 muajsh, nj\u00ebra pal\u00eb \u00ebsht\u00eb derdhur rrug\u00ebve t\u00eb protest\u00ebs dhe konsumoi n\u00eb m\u00ebnyr\u00ebn m\u00eb sublime t\u00eb mundshme edhe nj\u00eb grev\u00eb t\u00ebr\u00ebsisht t\u00eb pazakont\u00eb urie n\u00eb mes t\u00eb kryeqytetit, kurse pala tjet\u00ebr, vazhdon t\u00eb pretendoj\u00eb ndershm\u00ebrin\u00eb e t\u00eb akuzuarit si hajdut, por me xhepat plot me kuti votimi.<\/p>\n<p>Fal\u00eb k\u00ebtij kolapsi, fal\u00eb k\u00ebsaj paqart\u00ebsie n\u00eb kufinj ekstrem\u00eb, fal\u00eb nj\u00eb angazhimi t\u00eb fort\u00eb t\u00eb faktorit nd\u00ebrkomb\u00ebtar q\u00eb k\u00ebrkon zgjidhjen sa m\u00eb t\u00eb shpejt\u00eb t\u00eb kriz\u00ebs, ka megjithat\u00eb nj\u00eb pamje t\u00eb thjesht\u00eb t\u00eb skakier\u00ebs politike n\u00eb vend. Nj\u00eb ekuacion, q\u00eb i reduktuar n\u00eb minimumin e fjalive t\u00eb mundshme, mund t\u00eb p\u00ebrkthehet: t\u00eb gjith\u00eb po rendin drejt zgjedhjeve t\u00eb parakohshme.<\/p>\n<p>Berisha i pari me mendjen e tij e ka zgjedhur k\u00ebt\u00eb rrug\u00eb, edhe pse nuk ja ka treguar as Aldos dhe as Bum\u00e7it. Berisha, mbasi pa se PS ka mundur t\u00eb siguroj\u00eb me shum\u00eb diferenc\u00eb forc\u00ebn e numrave n\u00eb rrug\u00eb, e num\u00ebron nj\u00eb gj\u00eb t\u00eb till\u00eb si nj\u00eb plag\u00eb t\u00eb v\u00ebrtet\u00eb jo vet\u00ebm morale p\u00ebr pushtetin e tij. Protestat e PS-s\u00eb dhe antimitingjet e tij festive kan\u00eb t\u00eb nj\u00ebjtin kurs k\u00ebmbimi q\u00eb aktualisht ka euroja me lekun.<\/p>\n<p>Kryeministri di m\u00eb mir\u00eb se kushdo tjet\u00ebr se \u00e7far\u00eb fshihet n\u00eb kutit\u00eb e votimit. Di at\u00eb mekaniz\u00ebm, i cili, q\u00eb nga huri i vitit 1996 u p\u00ebrkrye n\u00eb kompiuterat e vitit 2009; di q\u00eb nj\u00eb hapje kutish do t\u00eb prodhoj\u00eb n\u00eb t\u00eb gjitha zonat e votimit, n\u00eb 140 mandatet e deputet\u00ebve, probleme t\u00eb cilat do t\u00b4i b\u00ebnin qesharake zgjedhjet e shkuara.<\/p>\n<p>Dhe n\u00ebse nuk l\u00ebshon kutit\u00eb dhe dinjitetin, n\u00ebse llogarit dhe nj\u00eb pafund\u00ebsi element\u00ebsh t\u00eb tjer\u00eb q\u00eb fundojn\u00eb n\u00eb pik\u00ebn: sa m\u00eb von\u00eb zgjedhjet, aq m\u00eb pak vota marr n\u00eb nj\u00eb opozit\u00eb eventuale, mjeshtri i shkoll\u00ebs s\u00eb vjet\u00ebr t\u00eb politik\u00ebs, duket se do t\u00eb shkoj\u00eb vet\u00eb i pari tek kutit\u00eb e votimit. P\u00ebr t\u00eb rivotuar. Pret vet\u00ebm kart\u00ebn e tij t\u00eb re t\u00eb \u201cidentitetit\u201d, liberalizimin e vizave. Nga ana tjet\u00ebr, i dyti Rama, pret q\u00eb forca q\u00eb ka marr\u00eb si kurr\u00eb m\u00eb par\u00eb nga rruga, do t\u00b4i jap\u00eb mund\u00ebsin\u00eb e rrall\u00eb t\u00eb gurit tek q\u00eb vret dy zogj: zgjedhjet e parakohshme n\u00eb pranver\u00ebn e vitit t\u00eb ardhsh\u00ebm.<\/p>\n<p>Kjo \u00ebsht\u00eb nj\u00eb histori shum\u00eb e thjesht\u00eb, q\u00eb pes\u00eb shekuj m\u00eb par\u00eb, Kolombi e zgjidhi n\u00eb nj\u00eb m\u00ebnyr\u00eb t\u00eb ve\u00e7ant\u00eb: lundroi drejt per\u00ebndimit p\u00ebr t\u00eb mb\u00ebrritur n\u00eb lindje. Dhe zbuloi Amerik\u00ebn. Sot do t\u00eb ndodh\u00eb e nj\u00ebjta gj\u00eb: p\u00ebr t\u00eb vajtur n\u00eb Amerik\u00eb apo n\u00eb Bruksel, m\u00eb shum\u00eb se transparenca e zgjedhjeve t\u00eb shkuara, rrug\u00ebn e shkurtojn\u00eb zgjedhjet e reja t\u00eb parakohshme. Nj\u00eb rrug\u00eb q\u00eb Lindja e ka zgjedhur pa hezitim disa her\u00eb duke mb\u00ebrritur n\u00eb Per\u00ebndim p\u00ebrpara Shqip\u00ebris\u00eb.<\/p>\n","protected":false},"excerpt":{"rendered":"<p>Shkruan : Lorenc Vangjeli, 31 Maj 2010 Dikur thuhej se t\u00eb gjitha rrug\u00ebt t\u00eb \u00e7ojn\u00eb n\u00eb Rom\u00eb. Tani, t\u00eb gjitha rrug\u00ebt q\u00eb mund t\u00eb ndjek\u00eb Shqip\u00ebria, t\u00eb \u00e7ojn\u00eb n\u00eb Bruksel. Pavar\u00ebsisht t\u00eb gjithave, n\u00eb mos sot, nes\u00ebr, nj\u00eb gj\u00eb e till\u00eb, do t\u00eb ndodh\u00eb. Edhe me liberalizimin e vizave, edhe me emancipimin e m\u00ebtejsh\u00ebm t\u00eb [&hellip;]<\/p>\n","protected":false},"author":1,"featured_media":0,"comment_status":"open","ping_status":"closed","sticky":false,"template":"","format":"standard","meta":{"footnotes":""},"categories":[2],"tags":[],"class_list":{"0":"post-2880","1":"post","2":"type-post","3":"status-publish","4":"format-standard","6":"category-artikuj"},"yoast_head":"<!-- This site is optimized with the Yoast SEO plugin v27.4 - https:\/\/yoast.com\/product\/yoast-seo-wordpress\/ -->\n<title>T\u00eb gjitha rrug\u00ebt t\u00eb \u00e7ojn\u00eb n\u00eb zgjedhje - FjALA e LIR\u00cb - Arkivi<\/title>\n<meta name=\"robots\" content=\"index, follow, max-snippet:-1, max-image-preview:large, max-video-preview:-1\" \/>\n<link rel=\"canonical\" href=\"https:\/\/fjala.info\/2009-2015\/te-gjitha-rruget-te-cojne-ne-zgjedhje\/\" \/>\n<meta property=\"og:locale\" content=\"sq_AL\" \/>\n<meta property=\"og:type\" content=\"article\" \/>\n<meta property=\"og:title\" content=\"T\u00eb gjitha rrug\u00ebt t\u00eb \u00e7ojn\u00eb n\u00eb zgjedhje - FjALA e LIR\u00cb - Arkivi\" \/>\n<meta property=\"og:description\" content=\"Shkruan : Lorenc Vangjeli, 31 Maj 2010 Dikur thuhej se t\u00eb gjitha rrug\u00ebt t\u00eb \u00e7ojn\u00eb n\u00eb Rom\u00eb. Tani, t\u00eb gjitha rrug\u00ebt q\u00eb mund t\u00eb ndjek\u00eb Shqip\u00ebria, t\u00eb \u00e7ojn\u00eb n\u00eb Bruksel. Pavar\u00ebsisht t\u00eb gjithave, n\u00eb mos sot, nes\u00ebr, nj\u00eb gj\u00eb e till\u00eb, do t\u00eb ndodh\u00eb. Edhe me liberalizimin e vizave, edhe me emancipimin e m\u00ebtejsh\u00ebm t\u00eb [&hellip;]\" \/>\n<meta property=\"og:url\" content=\"https:\/\/fjala.info\/2009-2015\/te-gjitha-rruget-te-cojne-ne-zgjedhje\/\" \/>\n<meta property=\"og:site_name\" content=\"FjALA e LIR\u00cb - Arkivi\" \/>\n<meta property=\"article:published_time\" content=\"2010-06-01T08:18:46+00:00\" \/>\n<meta property=\"og:image\" content=\"http:\/\/www.shkoder.net\/images\/fjala\/lorenc_vangjeli.jpg\" \/>\n<meta name=\"author\" content=\"admin\" \/>\n<meta name=\"twitter:card\" content=\"summary_large_image\" \/>\n<meta name=\"twitter:label1\" content=\"Written by\" \/>\n\t<meta name=\"twitter:data1\" content=\"admin\" \/>\n\t<meta name=\"twitter:label2\" content=\"Est. reading time\" \/>\n\t<meta name=\"twitter:data2\" content=\"4 minutes\" \/>\n<script type=\"application\/ld+json\" class=\"yoast-schema-graph\">{\"@context\":\"https:\\\/\\\/schema.org\",\"@graph\":[{\"@type\":\"Article\",\"@id\":\"https:\\\/\\\/fjala.info\\\/2009-2015\\\/te-gjitha-rruget-te-cojne-ne-zgjedhje\\\/#article\",\"isPartOf\":{\"@id\":\"https:\\\/\\\/fjala.info\\\/2009-2015\\\/te-gjitha-rruget-te-cojne-ne-zgjedhje\\\/\"},\"author\":{\"name\":\"admin\",\"@id\":\"https:\\\/\\\/fjala.info\\\/2009-2015\\\/#\\\/schema\\\/person\\\/3aa1163ef05469c496fc94e77611ada2\"},\"headline\":\"T\u00eb gjitha rrug\u00ebt t\u00eb \u00e7ojn\u00eb n\u00eb zgjedhje\",\"datePublished\":\"2010-06-01T08:18:46+00:00\",\"mainEntityOfPage\":{\"@id\":\"https:\\\/\\\/fjala.info\\\/2009-2015\\\/te-gjitha-rruget-te-cojne-ne-zgjedhje\\\/\"},\"wordCount\":895,\"commentCount\":0,\"publisher\":{\"@id\":\"https:\\\/\\\/fjala.info\\\/2009-2015\\\/#organization\"},\"image\":{\"@id\":\"https:\\\/\\\/fjala.info\\\/2009-2015\\\/te-gjitha-rruget-te-cojne-ne-zgjedhje\\\/#primaryimage\"},\"thumbnailUrl\":\"http:\\\/\\\/www.shkoder.net\\\/images\\\/fjala\\\/lorenc_vangjeli.jpg\",\"articleSection\":[\"Artikuj\"],\"inLanguage\":\"sq-AL\",\"potentialAction\":[{\"@type\":\"CommentAction\",\"name\":\"Comment\",\"target\":[\"https:\\\/\\\/fjala.info\\\/2009-2015\\\/te-gjitha-rruget-te-cojne-ne-zgjedhje\\\/#respond\"]}]},{\"@type\":\"WebPage\",\"@id\":\"https:\\\/\\\/fjala.info\\\/2009-2015\\\/te-gjitha-rruget-te-cojne-ne-zgjedhje\\\/\",\"url\":\"https:\\\/\\\/fjala.info\\\/2009-2015\\\/te-gjitha-rruget-te-cojne-ne-zgjedhje\\\/\",\"name\":\"T\u00eb gjitha rrug\u00ebt t\u00eb \u00e7ojn\u00eb n\u00eb zgjedhje - FjALA e LIR\u00cb - Arkivi\",\"isPartOf\":{\"@id\":\"https:\\\/\\\/fjala.info\\\/2009-2015\\\/#website\"},\"primaryImageOfPage\":{\"@id\":\"https:\\\/\\\/fjala.info\\\/2009-2015\\\/te-gjitha-rruget-te-cojne-ne-zgjedhje\\\/#primaryimage\"},\"image\":{\"@id\":\"https:\\\/\\\/fjala.info\\\/2009-2015\\\/te-gjitha-rruget-te-cojne-ne-zgjedhje\\\/#primaryimage\"},\"thumbnailUrl\":\"http:\\\/\\\/www.shkoder.net\\\/images\\\/fjala\\\/lorenc_vangjeli.jpg\",\"datePublished\":\"2010-06-01T08:18:46+00:00\",\"breadcrumb\":{\"@id\":\"https:\\\/\\\/fjala.info\\\/2009-2015\\\/te-gjitha-rruget-te-cojne-ne-zgjedhje\\\/#breadcrumb\"},\"inLanguage\":\"sq-AL\",\"potentialAction\":[{\"@type\":\"ReadAction\",\"target\":[\"https:\\\/\\\/fjala.info\\\/2009-2015\\\/te-gjitha-rruget-te-cojne-ne-zgjedhje\\\/\"]}]},{\"@type\":\"ImageObject\",\"inLanguage\":\"sq-AL\",\"@id\":\"https:\\\/\\\/fjala.info\\\/2009-2015\\\/te-gjitha-rruget-te-cojne-ne-zgjedhje\\\/#primaryimage\",\"url\":\"http:\\\/\\\/www.shkoder.net\\\/images\\\/fjala\\\/lorenc_vangjeli.jpg\",\"contentUrl\":\"http:\\\/\\\/www.shkoder.net\\\/images\\\/fjala\\\/lorenc_vangjeli.jpg\"},{\"@type\":\"BreadcrumbList\",\"@id\":\"https:\\\/\\\/fjala.info\\\/2009-2015\\\/te-gjitha-rruget-te-cojne-ne-zgjedhje\\\/#breadcrumb\",\"itemListElement\":[{\"@type\":\"ListItem\",\"position\":1,\"name\":\"Home\",\"item\":\"https:\\\/\\\/fjala.info\\\/2009-2015\\\/\"},{\"@type\":\"ListItem\",\"position\":2,\"name\":\"T\u00eb gjitha rrug\u00ebt t\u00eb \u00e7ojn\u00eb n\u00eb zgjedhje\"}]},{\"@type\":\"WebSite\",\"@id\":\"https:\\\/\\\/fjala.info\\\/2009-2015\\\/#website\",\"url\":\"https:\\\/\\\/fjala.info\\\/2009-2015\\\/\",\"name\":\"FjALA e LIR\u00cb - Arkivi\",\"description\":\"Arkivi 2009-2015\",\"publisher\":{\"@id\":\"https:\\\/\\\/fjala.info\\\/2009-2015\\\/#organization\"},\"potentialAction\":[{\"@type\":\"SearchAction\",\"target\":{\"@type\":\"EntryPoint\",\"urlTemplate\":\"https:\\\/\\\/fjala.info\\\/2009-2015\\\/?s={search_term_string}\"},\"query-input\":{\"@type\":\"PropertyValueSpecification\",\"valueRequired\":true,\"valueName\":\"search_term_string\"}}],\"inLanguage\":\"sq-AL\"},{\"@type\":\"Organization\",\"@id\":\"https:\\\/\\\/fjala.info\\\/2009-2015\\\/#organization\",\"name\":\"FjALA e LIR\u00cb - Arkivi\",\"url\":\"https:\\\/\\\/fjala.info\\\/2009-2015\\\/\",\"logo\":{\"@type\":\"ImageObject\",\"inLanguage\":\"sq-AL\",\"@id\":\"https:\\\/\\\/fjala.info\\\/2009-2015\\\/#\\\/schema\\\/logo\\\/image\\\/\",\"url\":\"\",\"contentUrl\":\"\",\"caption\":\"FjALA e LIR\u00cb - Arkivi\"},\"image\":{\"@id\":\"https:\\\/\\\/fjala.info\\\/2009-2015\\\/#\\\/schema\\\/logo\\\/image\\\/\"}},{\"@type\":\"Person\",\"@id\":\"https:\\\/\\\/fjala.info\\\/2009-2015\\\/#\\\/schema\\\/person\\\/3aa1163ef05469c496fc94e77611ada2\",\"name\":\"admin\",\"image\":{\"@type\":\"ImageObject\",\"inLanguage\":\"sq-AL\",\"@id\":\"https:\\\/\\\/fjala.info\\\/2009-2015\\\/wp-content\\\/uploads\\\/2012\\\/02\\\/arben_cokaj-120x150.jpg\",\"url\":\"https:\\\/\\\/fjala.info\\\/2009-2015\\\/wp-content\\\/uploads\\\/2012\\\/02\\\/arben_cokaj-120x150.jpg\",\"contentUrl\":\"https:\\\/\\\/fjala.info\\\/2009-2015\\\/wp-content\\\/uploads\\\/2012\\\/02\\\/arben_cokaj-120x150.jpg\",\"caption\":\"admin\"},\"description\":\"Admin, Fjala e Lir\u00eb\",\"sameAs\":[\"https:\\\/\\\/fjala.info\\\/\"],\"url\":\"https:\\\/\\\/fjala.info\\\/2009-2015\\\/author\\\/admin\\\/\"}]}<\/script>\n<!-- \/ Yoast SEO plugin. -->","yoast_head_json":{"title":"T\u00eb gjitha rrug\u00ebt t\u00eb \u00e7ojn\u00eb n\u00eb zgjedhje - FjALA e LIR\u00cb - Arkivi","robots":{"index":"index","follow":"follow","max-snippet":"max-snippet:-1","max-image-preview":"max-image-preview:large","max-video-preview":"max-video-preview:-1"},"canonical":"https:\/\/fjala.info\/2009-2015\/te-gjitha-rruget-te-cojne-ne-zgjedhje\/","og_locale":"sq_AL","og_type":"article","og_title":"T\u00eb gjitha rrug\u00ebt t\u00eb \u00e7ojn\u00eb n\u00eb zgjedhje - FjALA e LIR\u00cb - Arkivi","og_description":"Shkruan : Lorenc Vangjeli, 31 Maj 2010 Dikur thuhej se t\u00eb gjitha rrug\u00ebt t\u00eb \u00e7ojn\u00eb n\u00eb Rom\u00eb. Tani, t\u00eb gjitha rrug\u00ebt q\u00eb mund t\u00eb ndjek\u00eb Shqip\u00ebria, t\u00eb \u00e7ojn\u00eb n\u00eb Bruksel. Pavar\u00ebsisht t\u00eb gjithave, n\u00eb mos sot, nes\u00ebr, nj\u00eb gj\u00eb e till\u00eb, do t\u00eb ndodh\u00eb. Edhe me liberalizimin e vizave, edhe me emancipimin e m\u00ebtejsh\u00ebm t\u00eb [&hellip;]","og_url":"https:\/\/fjala.info\/2009-2015\/te-gjitha-rruget-te-cojne-ne-zgjedhje\/","og_site_name":"FjALA e LIR\u00cb - Arkivi","article_published_time":"2010-06-01T08:18:46+00:00","og_image":[{"url":"http:\/\/www.shkoder.net\/images\/fjala\/lorenc_vangjeli.jpg","type":"","width":"","height":""}],"author":"admin","twitter_card":"summary_large_image","twitter_misc":{"Written by":"admin","Est. reading time":"4 minutes"},"schema":{"@context":"https:\/\/schema.org","@graph":[{"@type":"Article","@id":"https:\/\/fjala.info\/2009-2015\/te-gjitha-rruget-te-cojne-ne-zgjedhje\/#article","isPartOf":{"@id":"https:\/\/fjala.info\/2009-2015\/te-gjitha-rruget-te-cojne-ne-zgjedhje\/"},"author":{"name":"admin","@id":"https:\/\/fjala.info\/2009-2015\/#\/schema\/person\/3aa1163ef05469c496fc94e77611ada2"},"headline":"T\u00eb gjitha rrug\u00ebt t\u00eb \u00e7ojn\u00eb n\u00eb zgjedhje","datePublished":"2010-06-01T08:18:46+00:00","mainEntityOfPage":{"@id":"https:\/\/fjala.info\/2009-2015\/te-gjitha-rruget-te-cojne-ne-zgjedhje\/"},"wordCount":895,"commentCount":0,"publisher":{"@id":"https:\/\/fjala.info\/2009-2015\/#organization"},"image":{"@id":"https:\/\/fjala.info\/2009-2015\/te-gjitha-rruget-te-cojne-ne-zgjedhje\/#primaryimage"},"thumbnailUrl":"http:\/\/www.shkoder.net\/images\/fjala\/lorenc_vangjeli.jpg","articleSection":["Artikuj"],"inLanguage":"sq-AL","potentialAction":[{"@type":"CommentAction","name":"Comment","target":["https:\/\/fjala.info\/2009-2015\/te-gjitha-rruget-te-cojne-ne-zgjedhje\/#respond"]}]},{"@type":"WebPage","@id":"https:\/\/fjala.info\/2009-2015\/te-gjitha-rruget-te-cojne-ne-zgjedhje\/","url":"https:\/\/fjala.info\/2009-2015\/te-gjitha-rruget-te-cojne-ne-zgjedhje\/","name":"T\u00eb gjitha rrug\u00ebt t\u00eb \u00e7ojn\u00eb n\u00eb zgjedhje - FjALA e LIR\u00cb - Arkivi","isPartOf":{"@id":"https:\/\/fjala.info\/2009-2015\/#website"},"primaryImageOfPage":{"@id":"https:\/\/fjala.info\/2009-2015\/te-gjitha-rruget-te-cojne-ne-zgjedhje\/#primaryimage"},"image":{"@id":"https:\/\/fjala.info\/2009-2015\/te-gjitha-rruget-te-cojne-ne-zgjedhje\/#primaryimage"},"thumbnailUrl":"http:\/\/www.shkoder.net\/images\/fjala\/lorenc_vangjeli.jpg","datePublished":"2010-06-01T08:18:46+00:00","breadcrumb":{"@id":"https:\/\/fjala.info\/2009-2015\/te-gjitha-rruget-te-cojne-ne-zgjedhje\/#breadcrumb"},"inLanguage":"sq-AL","potentialAction":[{"@type":"ReadAction","target":["https:\/\/fjala.info\/2009-2015\/te-gjitha-rruget-te-cojne-ne-zgjedhje\/"]}]},{"@type":"ImageObject","inLanguage":"sq-AL","@id":"https:\/\/fjala.info\/2009-2015\/te-gjitha-rruget-te-cojne-ne-zgjedhje\/#primaryimage","url":"http:\/\/www.shkoder.net\/images\/fjala\/lorenc_vangjeli.jpg","contentUrl":"http:\/\/www.shkoder.net\/images\/fjala\/lorenc_vangjeli.jpg"},{"@type":"BreadcrumbList","@id":"https:\/\/fjala.info\/2009-2015\/te-gjitha-rruget-te-cojne-ne-zgjedhje\/#breadcrumb","itemListElement":[{"@type":"ListItem","position":1,"name":"Home","item":"https:\/\/fjala.info\/2009-2015\/"},{"@type":"ListItem","position":2,"name":"T\u00eb gjitha rrug\u00ebt t\u00eb \u00e7ojn\u00eb n\u00eb zgjedhje"}]},{"@type":"WebSite","@id":"https:\/\/fjala.info\/2009-2015\/#website","url":"https:\/\/fjala.info\/2009-2015\/","name":"FjALA e LIR\u00cb - Arkivi","description":"Arkivi 2009-2015","publisher":{"@id":"https:\/\/fjala.info\/2009-2015\/#organization"},"potentialAction":[{"@type":"SearchAction","target":{"@type":"EntryPoint","urlTemplate":"https:\/\/fjala.info\/2009-2015\/?s={search_term_string}"},"query-input":{"@type":"PropertyValueSpecification","valueRequired":true,"valueName":"search_term_string"}}],"inLanguage":"sq-AL"},{"@type":"Organization","@id":"https:\/\/fjala.info\/2009-2015\/#organization","name":"FjALA e LIR\u00cb - Arkivi","url":"https:\/\/fjala.info\/2009-2015\/","logo":{"@type":"ImageObject","inLanguage":"sq-AL","@id":"https:\/\/fjala.info\/2009-2015\/#\/schema\/logo\/image\/","url":"","contentUrl":"","caption":"FjALA e LIR\u00cb - Arkivi"},"image":{"@id":"https:\/\/fjala.info\/2009-2015\/#\/schema\/logo\/image\/"}},{"@type":"Person","@id":"https:\/\/fjala.info\/2009-2015\/#\/schema\/person\/3aa1163ef05469c496fc94e77611ada2","name":"admin","image":{"@type":"ImageObject","inLanguage":"sq-AL","@id":"https:\/\/fjala.info\/2009-2015\/wp-content\/uploads\/2012\/02\/arben_cokaj-120x150.jpg","url":"https:\/\/fjala.info\/2009-2015\/wp-content\/uploads\/2012\/02\/arben_cokaj-120x150.jpg","contentUrl":"https:\/\/fjala.info\/2009-2015\/wp-content\/uploads\/2012\/02\/arben_cokaj-120x150.jpg","caption":"admin"},"description":"Admin, Fjala e Lir\u00eb","sameAs":["https:\/\/fjala.info\/"],"url":"https:\/\/fjala.info\/2009-2015\/author\/admin\/"}]}},"_links":{"self":[{"href":"https:\/\/fjala.info\/2009-2015\/wp-json\/wp\/v2\/posts\/2880","targetHints":{"allow":["GET"]}}],"collection":[{"href":"https:\/\/fjala.info\/2009-2015\/wp-json\/wp\/v2\/posts"}],"about":[{"href":"https:\/\/fjala.info\/2009-2015\/wp-json\/wp\/v2\/types\/post"}],"author":[{"embeddable":true,"href":"https:\/\/fjala.info\/2009-2015\/wp-json\/wp\/v2\/users\/1"}],"replies":[{"embeddable":true,"href":"https:\/\/fjala.info\/2009-2015\/wp-json\/wp\/v2\/comments?post=2880"}],"version-history":[{"count":0,"href":"https:\/\/fjala.info\/2009-2015\/wp-json\/wp\/v2\/posts\/2880\/revisions"}],"wp:attachment":[{"href":"https:\/\/fjala.info\/2009-2015\/wp-json\/wp\/v2\/media?parent=2880"}],"wp:term":[{"taxonomy":"category","embeddable":true,"href":"https:\/\/fjala.info\/2009-2015\/wp-json\/wp\/v2\/categories?post=2880"},{"taxonomy":"post_tag","embeddable":true,"href":"https:\/\/fjala.info\/2009-2015\/wp-json\/wp\/v2\/tags?post=2880"}],"curies":[{"name":"wp","href":"https:\/\/api.w.org\/{rel}","templated":true}]}}