{"id":2878,"date":"2010-06-01T09:03:59","date_gmt":"2010-06-01T08:03:59","guid":{"rendered":"http:\/\/fjala.shkoder.net\/?p=2878"},"modified":"2010-06-01T09:03:59","modified_gmt":"2010-06-01T08:03:59","slug":"popujt-e-ballkanit-meritojne-transparence","status":"publish","type":"post","link":"https:\/\/fjala.info\/2009-2015\/popujt-e-ballkanit-meritojne-transparence\/","title":{"rendered":"Popujt e Ballkanit meritojn\u00eb transparenc\u00eb"},"content":{"rendered":"<p><img decoding=\"async\" style=\"margin-left: 10px; margin-right: 10px; border: 0px;\" src=\"http:\/\/www.shkoder.net\/images\/fjala\/2010\/hillary_clinton.jpg\" border=\"0\" alt=\"Hillari Klinton\" width=\"150\" align=\"right\" \/><\/p>\n<p><strong>Hillari Klinton<\/strong>, <em>01.06.2010<\/em><\/p>\n<p>Pothuajse nj\u00eb shekull m\u00eb par\u00eb, nj\u00eb luft\u00eb q\u00eb ndryshoi historin\u00eb e Europ\u00ebs, nisi n\u00eb Sarajev\u00eb. Gati 20 vjet m\u00eb par\u00eb, ky qytet ishte qend\u00ebr e nj\u00eb konflikti tjet\u00ebr t\u00eb dhunsh\u00ebm, q\u00eb mori fund vet\u00ebm me Marr\u00ebveshjen e Dejtonit, n\u00eb vitin 1995.<\/p>\n<p>Dhjet\u00eb vjet m\u00eb par\u00eb, me kujtimin ende t\u00eb fresk\u00ebt rreth luft\u00ebrave n\u00eb Jugosllavi, Bashkimi Europian afirmoi rolin vendimtar t\u00eb institucioneve shum\u00ebpal\u00ebshe euroatlantike n\u00eb sigurin\u00eb dhe stabilitetin e Ballkanit.<\/p>\n<p>Sot, Sarajeva \u00ebsht\u00eb n\u00eb paqe, nj\u00eb simbol i rilindjes dhe pajtimit, q\u00eb p\u00ebrfaq\u00ebson t\u00eb gjitha mund\u00ebsit\u00eb dhe sfidat e integrimeve evropiane dhe euro-atlantike.<\/p>\n<p>T\u00eb m\u00ebrkur\u00ebn, presidenca spanjolle e Bashkimit Europian do t\u00eb mbaj\u00eb nj\u00eb takim ministror n\u00eb Sarajev\u00eb, ku do t\u00eb marrin pjes\u00eb lider\u00eb t\u00eb lart\u00eb nga vendet an\u00ebtare t\u00eb BE-s\u00eb, nga Ballkani Per\u00ebndimor, Shtetet e Bashkuara, Rusia dhe Turqia, p\u00ebr t\u00eb rikonfirmuar angazhimin e p\u00ebrbashk\u00ebt p\u00ebr sigurin\u00eb e Ballkanit, n\u00eb integrimin e tij n\u00eb institucionet evropiane dhe euroatlantike.<\/p>\n<p>Integrimi i Ballkanit Per\u00ebndimor mbetet nj\u00eb nga sfidat e fundit p\u00ebr nd\u00ebrtimin e nj\u00eb Europe demokratike dhe t\u00eb bashkuar.<\/p>\n<p>N\u00eb Sarajev\u00eb, ministrat e Bashkimit Europian do t\u00eb theksojn\u00eb angazhimin e tyre p\u00ebr t\u00eb vendosur Ballkanin n\u00eb Europ\u00eb. Ministrat nga rajoni do t\u00eb rikonfirmojn\u00eb angazhimin e tyre p\u00ebr t&#8217;i zbatuar reformat e nevojshme, p\u00ebr t&#8217;i p\u00ebrmbushur aspiratat e popullit t\u00eb tyre dhe p\u00ebr t&#8217;i vendosur vendet e tyre n\u00eb rrug\u00ebn e komunitetit euroatlantik.<\/p>\n<p>Si\u00e7 \u00ebsht\u00eb par\u00eb n\u00eb dy dekadat e fundit, perspektiva e integrimit n\u00eb BE dhe n\u00eb NATO \u00ebsht\u00eb nj\u00eb drejtuese e fuqishme e reformave, e prosperitetit ekonomik dhe e sundimit t\u00eb ligjit. Kjo do t\u00eb thot\u00eb nj\u00eb vend n\u00eb tryez\u00ebn e vendimeve europiane, l\u00ebvizje e lir\u00eb e mallrave dhe e njer\u00ebzve, si dhe garanci p\u00ebr siguri.<\/p>\n<p>Njer\u00ebzit e rajonit duan dhe meritojn\u00eb transparenc\u00eb e llogaridh\u00ebnie t\u00eb qeverive t\u00eb tyre. Kjo \u00ebsht\u00eb nj\u00eb mund\u00ebsi p\u00ebr t&#8217;i rritur f\u00ebmij\u00ebt n\u00eb paqe dhe siguri. Ritmi i ndryshimeve globale \u00ebsht\u00eb i till\u00eb q\u00eb askush prej nesh nuk mund t&#8217;i p\u00ebrballoj\u00eb q\u00ebndrimet n\u00eb vendnum\u00ebro. Zotimet e t\u00eb dyja pal\u00ebve duhet t\u00eb jen\u00eb reale, e jo retorike.<\/p>\n<p>Arsyeja p\u00ebr k\u00ebt\u00eb rrug\u00eb t\u00eb re \u00ebsht\u00eb e qart\u00eb: t\u00eb z\u00ebvend\u00ebsohet dinamika e vjet\u00ebr e shp\u00ebrb\u00ebrjes me dinamik\u00ebn e re t\u00eb integrimit evropian. Traktati i Lisbon\u00ebs shpreh ambiciet e BE-s\u00eb p\u00ebr t&#8217;u b\u00ebr\u00eb nj\u00eb aktor m\u00eb efektiv global dhe Ballkani paraqet nj\u00eb prov\u00eb t\u00eb r\u00ebnd\u00ebsishme p\u00ebr suksesin e k\u00ebsaj ambicieje.<\/p>\n<p>Krer\u00ebt e Ballkanit do ta ken\u00eb mb\u00ebshtetjen e plot\u00eb, derisa ata ballafaqohen me sfidat e reformave. N\u00eb p\u00ebrputhje me kriteret politike dhe ekonomike t\u00eb Kopenhag\u00ebs, ata duhet t\u00eb angazhohen p\u00ebr pajtimin n\u00eb mes t\u00eb komuniteteve etnike dhe fetare, si dhe t\u00eb grupeve politike, p\u00ebr t\u00eb nd\u00ebrtuar nj\u00eb konsensus t\u00eb ri komb\u00ebtar.<\/p>\n<p>Bashkimi Europian dhe Shtetet e Bashkuara nuk kan\u00eb kursyer asnj\u00eb p\u00ebrpjekje gjat\u00eb k\u00ebtyre muajve, p\u00ebr t\u00eb trajtuar shum\u00eb fronte n\u00eb procesin e stabilizimit dhe t\u00eb &#8220;europianizimit&#8221; t\u00eb Ballkanit. Administrata Obama \u00ebsht\u00eb e p\u00ebrkushtuar q\u00eb t\u00eb mbetet e angazhuar n\u00eb rajon, n\u00ebp\u00ebrmjet p\u00ebrmbushjes s\u00eb vizionit t\u00eb p\u00ebrbashk\u00ebt.<\/p>\n<p>Pak m\u00eb shum\u00eb se nj\u00eb vit m\u00eb par\u00eb, Xho Bajden, n\u00ebnpresident i Shteteve t\u00eb Bashkuara, dhe Havier Solana, ish-p\u00ebrfaq\u00ebsues i lart\u00eb i Bashkimit Europian, vizituan Sarajev\u00ebn, me nj\u00eb mesazh shprese: dyert e institucioneve euro-atlantike mbeten t\u00eb hapura p\u00ebr t\u00eb gjitha vendet e Ballkanit, posa t&#8217;i p\u00ebrmbushin kushtet p\u00ebr pranim.<\/p>\n<p>Marr\u00ebveshja me rajonin, p\u00ebr t\u00eb cil\u00ebn Bashkimi Europian dhe Shtetet e Bashkuara do t\u00eb rip\u00ebrkushtohen n\u00eb Sarajev\u00eb t\u00eb m\u00ebrkur\u00ebn, mbetet e prer\u00eb: ne jemi t\u00eb gatsh\u00ebm p\u00ebr t&#8217;i ndihmuar qytetar\u00ebt dhe krer\u00ebt e rajonit n\u00eb nd\u00ebrtimin e nj\u00eb t\u00eb ardhmeje m\u00eb t\u00eb mir\u00eb s\u00eb bashku.<\/p>\n<p>* <em>Sekretare amerikane e Shtetit. Bashkautor\u00eb jan\u00eb, Kethrin Eshton, shefe e politik\u00ebs s\u00eb jashtme e Bashkimit Europian, dhe Miguel Angel Moratinos, minist\u00ebr i Pun\u00ebve t\u00eb Jashtme i Spanj\u00ebs. Artikulli \u00ebsht\u00eb botuar n\u00eb gazet\u00ebn &#8220;Guardian&#8221;<\/em><\/p>\n","protected":false},"excerpt":{"rendered":"<p>Hillari Klinton, 01.06.2010 Pothuajse nj\u00eb shekull m\u00eb par\u00eb, nj\u00eb luft\u00eb q\u00eb ndryshoi historin\u00eb e Europ\u00ebs, nisi n\u00eb Sarajev\u00eb. Gati 20 vjet m\u00eb par\u00eb, ky qytet ishte qend\u00ebr e nj\u00eb konflikti tjet\u00ebr t\u00eb dhunsh\u00ebm, q\u00eb mori fund vet\u00ebm me Marr\u00ebveshjen e Dejtonit, n\u00eb vitin 1995. Dhjet\u00eb vjet m\u00eb par\u00eb, me kujtimin ende t\u00eb fresk\u00ebt rreth luft\u00ebrave [&hellip;]<\/p>\n","protected":false},"author":1,"featured_media":0,"comment_status":"open","ping_status":"closed","sticky":false,"template":"","format":"standard","meta":{"footnotes":""},"categories":[2],"tags":[],"class_list":{"0":"post-2878","1":"post","2":"type-post","3":"status-publish","4":"format-standard","6":"category-artikuj"},"yoast_head":"<!-- This site is optimized with the Yoast SEO plugin v27.4 - https:\/\/yoast.com\/product\/yoast-seo-wordpress\/ -->\n<title>Popujt e Ballkanit meritojn\u00eb transparenc\u00eb - FjALA e LIR\u00cb - Arkivi<\/title>\n<meta name=\"robots\" content=\"index, follow, max-snippet:-1, max-image-preview:large, max-video-preview:-1\" \/>\n<link rel=\"canonical\" href=\"https:\/\/fjala.info\/2009-2015\/popujt-e-ballkanit-meritojne-transparence\/\" \/>\n<meta property=\"og:locale\" content=\"sq_AL\" \/>\n<meta property=\"og:type\" content=\"article\" \/>\n<meta property=\"og:title\" content=\"Popujt e Ballkanit meritojn\u00eb transparenc\u00eb - FjALA e LIR\u00cb - Arkivi\" \/>\n<meta property=\"og:description\" content=\"Hillari Klinton, 01.06.2010 Pothuajse nj\u00eb shekull m\u00eb par\u00eb, nj\u00eb luft\u00eb q\u00eb ndryshoi historin\u00eb e Europ\u00ebs, nisi n\u00eb Sarajev\u00eb. Gati 20 vjet m\u00eb par\u00eb, ky qytet ishte qend\u00ebr e nj\u00eb konflikti tjet\u00ebr t\u00eb dhunsh\u00ebm, q\u00eb mori fund vet\u00ebm me Marr\u00ebveshjen e Dejtonit, n\u00eb vitin 1995. Dhjet\u00eb vjet m\u00eb par\u00eb, me kujtimin ende t\u00eb fresk\u00ebt rreth luft\u00ebrave [&hellip;]\" \/>\n<meta property=\"og:url\" content=\"https:\/\/fjala.info\/2009-2015\/popujt-e-ballkanit-meritojne-transparence\/\" \/>\n<meta property=\"og:site_name\" content=\"FjALA e LIR\u00cb - Arkivi\" \/>\n<meta property=\"article:published_time\" content=\"2010-06-01T08:03:59+00:00\" \/>\n<meta property=\"og:image\" content=\"http:\/\/www.shkoder.net\/images\/fjala\/2010\/hillary_clinton.jpg\" \/>\n<meta name=\"author\" content=\"admin\" \/>\n<meta name=\"twitter:card\" content=\"summary_large_image\" \/>\n<meta name=\"twitter:label1\" content=\"Written by\" \/>\n\t<meta name=\"twitter:data1\" content=\"admin\" \/>\n\t<meta name=\"twitter:label2\" content=\"Est. reading time\" \/>\n\t<meta name=\"twitter:data2\" content=\"4 minutes\" \/>\n<script type=\"application\/ld+json\" class=\"yoast-schema-graph\">{\"@context\":\"https:\\\/\\\/schema.org\",\"@graph\":[{\"@type\":\"Article\",\"@id\":\"https:\\\/\\\/fjala.info\\\/2009-2015\\\/popujt-e-ballkanit-meritojne-transparence\\\/#article\",\"isPartOf\":{\"@id\":\"https:\\\/\\\/fjala.info\\\/2009-2015\\\/popujt-e-ballkanit-meritojne-transparence\\\/\"},\"author\":{\"name\":\"admin\",\"@id\":\"https:\\\/\\\/fjala.info\\\/2009-2015\\\/#\\\/schema\\\/person\\\/3aa1163ef05469c496fc94e77611ada2\"},\"headline\":\"Popujt e Ballkanit meritojn\u00eb transparenc\u00eb\",\"datePublished\":\"2010-06-01T08:03:59+00:00\",\"mainEntityOfPage\":{\"@id\":\"https:\\\/\\\/fjala.info\\\/2009-2015\\\/popujt-e-ballkanit-meritojne-transparence\\\/\"},\"wordCount\":716,\"commentCount\":0,\"publisher\":{\"@id\":\"https:\\\/\\\/fjala.info\\\/2009-2015\\\/#organization\"},\"image\":{\"@id\":\"https:\\\/\\\/fjala.info\\\/2009-2015\\\/popujt-e-ballkanit-meritojne-transparence\\\/#primaryimage\"},\"thumbnailUrl\":\"http:\\\/\\\/www.shkoder.net\\\/images\\\/fjala\\\/2010\\\/hillary_clinton.jpg\",\"articleSection\":[\"Artikuj\"],\"inLanguage\":\"sq-AL\",\"potentialAction\":[{\"@type\":\"CommentAction\",\"name\":\"Comment\",\"target\":[\"https:\\\/\\\/fjala.info\\\/2009-2015\\\/popujt-e-ballkanit-meritojne-transparence\\\/#respond\"]}]},{\"@type\":\"WebPage\",\"@id\":\"https:\\\/\\\/fjala.info\\\/2009-2015\\\/popujt-e-ballkanit-meritojne-transparence\\\/\",\"url\":\"https:\\\/\\\/fjala.info\\\/2009-2015\\\/popujt-e-ballkanit-meritojne-transparence\\\/\",\"name\":\"Popujt e Ballkanit meritojn\u00eb transparenc\u00eb - FjALA e LIR\u00cb - Arkivi\",\"isPartOf\":{\"@id\":\"https:\\\/\\\/fjala.info\\\/2009-2015\\\/#website\"},\"primaryImageOfPage\":{\"@id\":\"https:\\\/\\\/fjala.info\\\/2009-2015\\\/popujt-e-ballkanit-meritojne-transparence\\\/#primaryimage\"},\"image\":{\"@id\":\"https:\\\/\\\/fjala.info\\\/2009-2015\\\/popujt-e-ballkanit-meritojne-transparence\\\/#primaryimage\"},\"thumbnailUrl\":\"http:\\\/\\\/www.shkoder.net\\\/images\\\/fjala\\\/2010\\\/hillary_clinton.jpg\",\"datePublished\":\"2010-06-01T08:03:59+00:00\",\"breadcrumb\":{\"@id\":\"https:\\\/\\\/fjala.info\\\/2009-2015\\\/popujt-e-ballkanit-meritojne-transparence\\\/#breadcrumb\"},\"inLanguage\":\"sq-AL\",\"potentialAction\":[{\"@type\":\"ReadAction\",\"target\":[\"https:\\\/\\\/fjala.info\\\/2009-2015\\\/popujt-e-ballkanit-meritojne-transparence\\\/\"]}]},{\"@type\":\"ImageObject\",\"inLanguage\":\"sq-AL\",\"@id\":\"https:\\\/\\\/fjala.info\\\/2009-2015\\\/popujt-e-ballkanit-meritojne-transparence\\\/#primaryimage\",\"url\":\"http:\\\/\\\/www.shkoder.net\\\/images\\\/fjala\\\/2010\\\/hillary_clinton.jpg\",\"contentUrl\":\"http:\\\/\\\/www.shkoder.net\\\/images\\\/fjala\\\/2010\\\/hillary_clinton.jpg\"},{\"@type\":\"BreadcrumbList\",\"@id\":\"https:\\\/\\\/fjala.info\\\/2009-2015\\\/popujt-e-ballkanit-meritojne-transparence\\\/#breadcrumb\",\"itemListElement\":[{\"@type\":\"ListItem\",\"position\":1,\"name\":\"Home\",\"item\":\"https:\\\/\\\/fjala.info\\\/2009-2015\\\/\"},{\"@type\":\"ListItem\",\"position\":2,\"name\":\"Popujt e Ballkanit meritojn\u00eb transparenc\u00eb\"}]},{\"@type\":\"WebSite\",\"@id\":\"https:\\\/\\\/fjala.info\\\/2009-2015\\\/#website\",\"url\":\"https:\\\/\\\/fjala.info\\\/2009-2015\\\/\",\"name\":\"FjALA e LIR\u00cb - Arkivi\",\"description\":\"Arkivi 2009-2015\",\"publisher\":{\"@id\":\"https:\\\/\\\/fjala.info\\\/2009-2015\\\/#organization\"},\"potentialAction\":[{\"@type\":\"SearchAction\",\"target\":{\"@type\":\"EntryPoint\",\"urlTemplate\":\"https:\\\/\\\/fjala.info\\\/2009-2015\\\/?s={search_term_string}\"},\"query-input\":{\"@type\":\"PropertyValueSpecification\",\"valueRequired\":true,\"valueName\":\"search_term_string\"}}],\"inLanguage\":\"sq-AL\"},{\"@type\":\"Organization\",\"@id\":\"https:\\\/\\\/fjala.info\\\/2009-2015\\\/#organization\",\"name\":\"FjALA e LIR\u00cb - Arkivi\",\"url\":\"https:\\\/\\\/fjala.info\\\/2009-2015\\\/\",\"logo\":{\"@type\":\"ImageObject\",\"inLanguage\":\"sq-AL\",\"@id\":\"https:\\\/\\\/fjala.info\\\/2009-2015\\\/#\\\/schema\\\/logo\\\/image\\\/\",\"url\":\"\",\"contentUrl\":\"\",\"caption\":\"FjALA e LIR\u00cb - Arkivi\"},\"image\":{\"@id\":\"https:\\\/\\\/fjala.info\\\/2009-2015\\\/#\\\/schema\\\/logo\\\/image\\\/\"}},{\"@type\":\"Person\",\"@id\":\"https:\\\/\\\/fjala.info\\\/2009-2015\\\/#\\\/schema\\\/person\\\/3aa1163ef05469c496fc94e77611ada2\",\"name\":\"admin\",\"image\":{\"@type\":\"ImageObject\",\"inLanguage\":\"sq-AL\",\"@id\":\"https:\\\/\\\/fjala.info\\\/2009-2015\\\/wp-content\\\/uploads\\\/2012\\\/02\\\/arben_cokaj-120x150.jpg\",\"url\":\"https:\\\/\\\/fjala.info\\\/2009-2015\\\/wp-content\\\/uploads\\\/2012\\\/02\\\/arben_cokaj-120x150.jpg\",\"contentUrl\":\"https:\\\/\\\/fjala.info\\\/2009-2015\\\/wp-content\\\/uploads\\\/2012\\\/02\\\/arben_cokaj-120x150.jpg\",\"caption\":\"admin\"},\"description\":\"Admin, Fjala e Lir\u00eb\",\"sameAs\":[\"https:\\\/\\\/fjala.info\\\/\"],\"url\":\"https:\\\/\\\/fjala.info\\\/2009-2015\\\/author\\\/admin\\\/\"}]}<\/script>\n<!-- \/ Yoast SEO plugin. -->","yoast_head_json":{"title":"Popujt e Ballkanit meritojn\u00eb transparenc\u00eb - FjALA e LIR\u00cb - Arkivi","robots":{"index":"index","follow":"follow","max-snippet":"max-snippet:-1","max-image-preview":"max-image-preview:large","max-video-preview":"max-video-preview:-1"},"canonical":"https:\/\/fjala.info\/2009-2015\/popujt-e-ballkanit-meritojne-transparence\/","og_locale":"sq_AL","og_type":"article","og_title":"Popujt e Ballkanit meritojn\u00eb transparenc\u00eb - FjALA e LIR\u00cb - Arkivi","og_description":"Hillari Klinton, 01.06.2010 Pothuajse nj\u00eb shekull m\u00eb par\u00eb, nj\u00eb luft\u00eb q\u00eb ndryshoi historin\u00eb e Europ\u00ebs, nisi n\u00eb Sarajev\u00eb. Gati 20 vjet m\u00eb par\u00eb, ky qytet ishte qend\u00ebr e nj\u00eb konflikti tjet\u00ebr t\u00eb dhunsh\u00ebm, q\u00eb mori fund vet\u00ebm me Marr\u00ebveshjen e Dejtonit, n\u00eb vitin 1995. Dhjet\u00eb vjet m\u00eb par\u00eb, me kujtimin ende t\u00eb fresk\u00ebt rreth luft\u00ebrave [&hellip;]","og_url":"https:\/\/fjala.info\/2009-2015\/popujt-e-ballkanit-meritojne-transparence\/","og_site_name":"FjALA e LIR\u00cb - Arkivi","article_published_time":"2010-06-01T08:03:59+00:00","og_image":[{"url":"http:\/\/www.shkoder.net\/images\/fjala\/2010\/hillary_clinton.jpg","type":"","width":"","height":""}],"author":"admin","twitter_card":"summary_large_image","twitter_misc":{"Written by":"admin","Est. reading time":"4 minutes"},"schema":{"@context":"https:\/\/schema.org","@graph":[{"@type":"Article","@id":"https:\/\/fjala.info\/2009-2015\/popujt-e-ballkanit-meritojne-transparence\/#article","isPartOf":{"@id":"https:\/\/fjala.info\/2009-2015\/popujt-e-ballkanit-meritojne-transparence\/"},"author":{"name":"admin","@id":"https:\/\/fjala.info\/2009-2015\/#\/schema\/person\/3aa1163ef05469c496fc94e77611ada2"},"headline":"Popujt e Ballkanit meritojn\u00eb transparenc\u00eb","datePublished":"2010-06-01T08:03:59+00:00","mainEntityOfPage":{"@id":"https:\/\/fjala.info\/2009-2015\/popujt-e-ballkanit-meritojne-transparence\/"},"wordCount":716,"commentCount":0,"publisher":{"@id":"https:\/\/fjala.info\/2009-2015\/#organization"},"image":{"@id":"https:\/\/fjala.info\/2009-2015\/popujt-e-ballkanit-meritojne-transparence\/#primaryimage"},"thumbnailUrl":"http:\/\/www.shkoder.net\/images\/fjala\/2010\/hillary_clinton.jpg","articleSection":["Artikuj"],"inLanguage":"sq-AL","potentialAction":[{"@type":"CommentAction","name":"Comment","target":["https:\/\/fjala.info\/2009-2015\/popujt-e-ballkanit-meritojne-transparence\/#respond"]}]},{"@type":"WebPage","@id":"https:\/\/fjala.info\/2009-2015\/popujt-e-ballkanit-meritojne-transparence\/","url":"https:\/\/fjala.info\/2009-2015\/popujt-e-ballkanit-meritojne-transparence\/","name":"Popujt e Ballkanit meritojn\u00eb transparenc\u00eb - FjALA e LIR\u00cb - Arkivi","isPartOf":{"@id":"https:\/\/fjala.info\/2009-2015\/#website"},"primaryImageOfPage":{"@id":"https:\/\/fjala.info\/2009-2015\/popujt-e-ballkanit-meritojne-transparence\/#primaryimage"},"image":{"@id":"https:\/\/fjala.info\/2009-2015\/popujt-e-ballkanit-meritojne-transparence\/#primaryimage"},"thumbnailUrl":"http:\/\/www.shkoder.net\/images\/fjala\/2010\/hillary_clinton.jpg","datePublished":"2010-06-01T08:03:59+00:00","breadcrumb":{"@id":"https:\/\/fjala.info\/2009-2015\/popujt-e-ballkanit-meritojne-transparence\/#breadcrumb"},"inLanguage":"sq-AL","potentialAction":[{"@type":"ReadAction","target":["https:\/\/fjala.info\/2009-2015\/popujt-e-ballkanit-meritojne-transparence\/"]}]},{"@type":"ImageObject","inLanguage":"sq-AL","@id":"https:\/\/fjala.info\/2009-2015\/popujt-e-ballkanit-meritojne-transparence\/#primaryimage","url":"http:\/\/www.shkoder.net\/images\/fjala\/2010\/hillary_clinton.jpg","contentUrl":"http:\/\/www.shkoder.net\/images\/fjala\/2010\/hillary_clinton.jpg"},{"@type":"BreadcrumbList","@id":"https:\/\/fjala.info\/2009-2015\/popujt-e-ballkanit-meritojne-transparence\/#breadcrumb","itemListElement":[{"@type":"ListItem","position":1,"name":"Home","item":"https:\/\/fjala.info\/2009-2015\/"},{"@type":"ListItem","position":2,"name":"Popujt e Ballkanit meritojn\u00eb transparenc\u00eb"}]},{"@type":"WebSite","@id":"https:\/\/fjala.info\/2009-2015\/#website","url":"https:\/\/fjala.info\/2009-2015\/","name":"FjALA e LIR\u00cb - Arkivi","description":"Arkivi 2009-2015","publisher":{"@id":"https:\/\/fjala.info\/2009-2015\/#organization"},"potentialAction":[{"@type":"SearchAction","target":{"@type":"EntryPoint","urlTemplate":"https:\/\/fjala.info\/2009-2015\/?s={search_term_string}"},"query-input":{"@type":"PropertyValueSpecification","valueRequired":true,"valueName":"search_term_string"}}],"inLanguage":"sq-AL"},{"@type":"Organization","@id":"https:\/\/fjala.info\/2009-2015\/#organization","name":"FjALA e LIR\u00cb - Arkivi","url":"https:\/\/fjala.info\/2009-2015\/","logo":{"@type":"ImageObject","inLanguage":"sq-AL","@id":"https:\/\/fjala.info\/2009-2015\/#\/schema\/logo\/image\/","url":"","contentUrl":"","caption":"FjALA e LIR\u00cb - Arkivi"},"image":{"@id":"https:\/\/fjala.info\/2009-2015\/#\/schema\/logo\/image\/"}},{"@type":"Person","@id":"https:\/\/fjala.info\/2009-2015\/#\/schema\/person\/3aa1163ef05469c496fc94e77611ada2","name":"admin","image":{"@type":"ImageObject","inLanguage":"sq-AL","@id":"https:\/\/fjala.info\/2009-2015\/wp-content\/uploads\/2012\/02\/arben_cokaj-120x150.jpg","url":"https:\/\/fjala.info\/2009-2015\/wp-content\/uploads\/2012\/02\/arben_cokaj-120x150.jpg","contentUrl":"https:\/\/fjala.info\/2009-2015\/wp-content\/uploads\/2012\/02\/arben_cokaj-120x150.jpg","caption":"admin"},"description":"Admin, Fjala e Lir\u00eb","sameAs":["https:\/\/fjala.info\/"],"url":"https:\/\/fjala.info\/2009-2015\/author\/admin\/"}]}},"_links":{"self":[{"href":"https:\/\/fjala.info\/2009-2015\/wp-json\/wp\/v2\/posts\/2878","targetHints":{"allow":["GET"]}}],"collection":[{"href":"https:\/\/fjala.info\/2009-2015\/wp-json\/wp\/v2\/posts"}],"about":[{"href":"https:\/\/fjala.info\/2009-2015\/wp-json\/wp\/v2\/types\/post"}],"author":[{"embeddable":true,"href":"https:\/\/fjala.info\/2009-2015\/wp-json\/wp\/v2\/users\/1"}],"replies":[{"embeddable":true,"href":"https:\/\/fjala.info\/2009-2015\/wp-json\/wp\/v2\/comments?post=2878"}],"version-history":[{"count":0,"href":"https:\/\/fjala.info\/2009-2015\/wp-json\/wp\/v2\/posts\/2878\/revisions"}],"wp:attachment":[{"href":"https:\/\/fjala.info\/2009-2015\/wp-json\/wp\/v2\/media?parent=2878"}],"wp:term":[{"taxonomy":"category","embeddable":true,"href":"https:\/\/fjala.info\/2009-2015\/wp-json\/wp\/v2\/categories?post=2878"},{"taxonomy":"post_tag","embeddable":true,"href":"https:\/\/fjala.info\/2009-2015\/wp-json\/wp\/v2\/tags?post=2878"}],"curies":[{"name":"wp","href":"https:\/\/api.w.org\/{rel}","templated":true}]}}