{"id":2876,"date":"2010-06-01T09:01:36","date_gmt":"2010-06-01T08:01:36","guid":{"rendered":"http:\/\/fjala.shkoder.net\/?p=2876"},"modified":"2010-06-01T09:01:36","modified_gmt":"2010-06-01T08:01:36","slug":"duke-pritur-presidentin","status":"publish","type":"post","link":"https:\/\/fjala.info\/2009-2015\/duke-pritur-presidentin\/","title":{"rendered":"Duke pritur Presidentin"},"content":{"rendered":"<p><img decoding=\"async\" style=\"margin-left: 10px; margin-right: 10px; border: 0px;\" src=\"http:\/\/www.shkoder.net\/images\/fjala\/arben_rrozhani.jpg\" border=\"0\" alt=\"Arben Rrozhani\" width=\"150\" align=\"right\" \/><\/p>\n<p><strong>Arben Rrozhani<\/strong>, <em>01.06.2010<\/em><\/p>\n<p>Me lot n\u00eb sy dhe me z\u00ebrin q\u00eb i kishte humbur nga emocionet dje presidenti i Gjermanis\u00eb, Horst K\u00f6hler, dha dor\u00ebheqjen nga posti.<\/p>\n<p>N\u00eb deklarat\u00ebn e shkurt\u00ebr para largimit pa kthim, presidenti gjerman hodhi posht\u00eb akuz\u00ebn q\u00eb e kishte shtyr\u00eb t\u00eb jepte dor\u00ebheqjen, se kishte p\u00ebrkrahur angazhime antikushtetuese t\u00eb ushtris\u00eb gjermane p\u00ebr t\u00eb siguruar interesat ekonomike, duke deklaruar se kjo akuz\u00eb ishte t\u00ebr\u00ebsisht e pap\u00ebrligjur.<\/p>\n<p>Largimi i K\u00f6hler \u00ebsht\u00eb i pari n\u00eb historin\u00eb e politik\u00ebs gjermane prej vitit t\u00eb larg\u00ebt 1949. Ai ishte zgjedhur n\u00eb 23 maj 2004, me propozimin e partis\u00eb kristiandemokrate\/kristiansociale (CDU\/CSU) dhe asaj liberale FDP dhe pas mandatit t\u00eb par\u00eb, n\u00eb 23 maj 2009 rikandidoi p\u00ebr tu rizgjedhur.<\/p>\n<p>N\u00eb jet\u00ebshkrimin e shkurt\u00ebr q\u00eb mediat gjermane i b\u00ebn\u00eb presidentit t\u00eb larguar, theksohej se bilanci i mandatit t\u00eb nj\u00eb presidenti n\u00eb Gjermani nuk matet me realizimin e reformave t\u00eb suksesshme, me ligjet e r\u00ebnd\u00ebsishme apo me p\u00ebrballimin e krizave qeveritare, por puna e presidentit vler\u00ebsohet nga prestigji q\u00eb ka fituar ai n\u00eb popull. Dhe populli e donte Horst K\u00f6hler, sepse dy t\u00eb tretat e gjerman\u00ebve donin q\u00eb ai t\u00eb mbetej n\u00eb post.<\/p>\n<p>Fitoi simpati me kritikat ndaj mendjemadh\u00ebsis\u00eb s\u00eb politik\u00ebs s\u00eb Berlinit, u angazhua ve\u00e7an\u00ebrisht p\u00ebr nj\u00eb arsimim m\u00eb t\u00eb mir\u00eb t\u00eb t\u00eb rinjve, duke p\u00ebrfshir\u00eb edhe t\u00eb rinjt\u00eb emigrant\u00eb, nd\u00ebrsa n\u00eb planin nd\u00ebrkomb\u00ebtar tematizoi sfidat e globalizimit, thellimin e hendekut mes t\u00eb varf\u00ebrve dhe t\u00eb pasurve n\u00eb bot\u00eb apo varf\u00ebrin\u00eb n\u00eb Afrik\u00eb.<\/p>\n<p>Ai vuri n\u00eb jet\u00eb deklarimin publik se nuk do t\u00eb ishte nj\u00eb president komod. Dy her\u00eb refuzoi t\u00eb n\u00ebnshkruaj\u00eb ligje t\u00eb koalicionit qeveris\u00ebs me baz\u00eb t\u00eb gjer\u00eb, disa her\u00eb dyshoi n\u00eb kushtetutshm\u00ebrin\u00eb e ligjeve, por vendimin e fundit ia ka l\u00ebn\u00eb Gjykat\u00ebs Kushtetuese.<\/p>\n<p>Ky pra ishte jet\u00ebshkrimi dhe portretizimi q\u00eb mediat gjermane i b\u00ebn\u00eb dje t\u00eb sapolarguarit president, vet\u00ebm pse nuk ishte dakord me akuzat q\u00eb i b\u00ebn\u00eb pas deklarimeve t\u00eb tij p\u00ebr angazhimin e ushtris\u00eb gjermane n\u00eb Afganistan.<\/p>\n<p>Ishte nj\u00eb deklarim i b\u00ebr\u00eb gjat\u00eb nj\u00eb interviste dh\u00ebn\u00eb m\u00eb 22 maj pas kthimit t\u00eb tij nga Afganistani, ku mes t\u00eb tjerave kishte th\u00ebn\u00eb: &#8220;Nj\u00eb vend i madh\u00ebsis\u00eb son\u00eb dhe me k\u00ebt\u00eb orientim t\u00eb tregtis\u00eb s\u00eb jashtme duhet ta dij\u00eb, se ndoshta n\u00eb raste t\u00eb jasht\u00ebzakonshme \u00ebsht\u00eb i nevojsh\u00ebm edhe angazhimi ushtarak p\u00ebr t\u00eb mbrojtur interesat tona, si p\u00ebr shembull rrug\u00ebt e lira tregtare&#8230;&#8221;.<\/p>\n<p>Por deklarata e tij u kritikua ashp\u00ebr nga opozita, e cila \u00ebsht\u00eb kund\u00ebr angazhimit t\u00eb Bundesverit n\u00eb konfliktin e p\u00ebrgjaksh\u00ebm n\u00eb Afganistan, q\u00eb i kushton shum\u00eb Gjermanis\u00eb nga ana financiare, humbja e jet\u00ebve njer\u00ebzore dhe q\u00ebndrimi i Gjermanis\u00eb s\u00eb pas luft\u00ebs s\u00eb Dyt\u00eb Bot\u00ebrore p\u00ebr t\u00eb mos u angazhuar n\u00eb konfliktet bot\u00ebrore.<\/p>\n<p>Kjo parantez\u00eb e gjat\u00eb p\u00ebr nj\u00eb president q\u00eb i duhet nj\u00eb populli n\u00eb dit\u00eb t\u00eb mira dhe t\u00eb k\u00ebqija, e \u00e7on gjuh\u00ebn ku dhemb &#8220;dh\u00ebmbi&#8221;. \u00c7far\u00eb dhe si po e kryen detyr\u00ebn e tij presidenti yn\u00eb?<\/p>\n<p>Shum\u00ebkush do t\u00eb nxitoj\u00eb ta fshij\u00eb k\u00ebt\u00eb paraleliz\u00ebm se ku Gjermania, ku Shqip\u00ebria, ku standardi politik atje e ku te ne, ku figura e Horst K\u00f6hlerit t\u00eb doktoruar n\u00eb ekonomi dhe pa angazhime n\u00eb politik\u00eb, e ku Bamir Topi i Shqip\u00ebris\u00eb, q\u00eb erdhi n\u00eb zyr\u00ebn e kreut t\u00eb shtetit nga posti i n\u00ebnkryetarit t\u00eb PD-s\u00eb. Dhe \u00ebsht\u00eb pik\u00ebrisht angazhimi m\u00eb iI fundit politik, &#8220;vegja&#8221; q\u00eb ka l\u00ebn\u00eb ajo t\u00eb statura e kreut t\u00eb shtetit ajo q\u00eb ka err\u00ebsuar figur\u00ebn e Topit prej koh\u00ebs kur u zgjodh.<\/p>\n<p>Ai erdhi n\u00eb presidenc\u00eb, pas nj\u00eb pazari t\u00eb ul\u00ebt mes &#8220;dinozaur\u00ebve&#8221; t\u00eb politik\u00ebs shqiptare t\u00eb pas vitit &#8217;90-t\u00eb. Pes\u00eb deputet\u00eb t\u00eb PS-s\u00eb, por t\u00eb urdh\u00ebruar nga ish-kryetari i PS-s\u00eb, Nano, bashkuan votat me PD-n\u00eb n\u00eb korrik 2007-t\u00eb. Ai u betua publikisht se do t\u00eb ishte presidenti i t\u00eb gjith\u00eb shqiptar\u00ebve, se do t\u00eb ishte mbi pal\u00ebt dhe se do t\u00eb punonte p\u00ebr t\u00eb mir\u00ebn e popullit dhe prosperimin.<\/p>\n<p>Ashtu si\u00e7 ndodh me t\u00eb gjith\u00eb president\u00ebt q\u00eb zgjidhen prej tij, por nuk b\u00ebjn\u00eb gjith\u00e7ka u thot\u00eb ai, z. Topi u refuzua shum\u00eb shpejt nga kryeministri Berisha dhe klani i tij, sulmet ndaj tij do t\u00eb b\u00ebheshin sipas skem\u00ebs s\u00eb vjet\u00ebr t\u00eb paraardh\u00ebsit Moisiu, q\u00eb ishte zgjedhur si president &#8220;konsensual&#8217; Berish-Nano dhe ishte injoruar dhe sulmuar prej t\u00eb dyve. Z. Topi, pak a shum\u00eb si n\u00eb Gjermani nuk ka pushtet dhe \u00ebsht\u00eb nj\u00eb figur\u00eb unitare.<\/p>\n<p>N\u00eb sondazhet e ndryshme t\u00eb kryera nga agjenci dhe media, presidenti shqiptar \u00ebsht\u00eb renditur si figur\u00eb e past\u00ebr, e besueshme dhe q\u00eb g\u00ebzon popullaritetin m\u00eb t\u00eb madh nd\u00ebr politikan\u00ebt e vendit.<\/p>\n<p>Ai \u00ebsht\u00eb tip sportiv, nuk mungon asnj\u00ebher\u00eb n\u00eb tribunat VIP t\u00eb stadiumeve brenda dhe jasht\u00eb vendit, duke mos l\u00ebn\u00eb ndeshje pa par\u00eb. Nuk mungon as n\u00eb kremtimin e festave fetare dhe shp\u00ebrndarjes s\u00eb mesazheve moralizuese, duke u b\u00ebr\u00eb thirrje politikan\u00ebve q\u00eb t\u00eb punojn\u00eb p\u00ebr popullin dhe p\u00ebr vendin.<\/p>\n<p>Muajt e fundit sidomos, madje si\u00e7 demonstroi edhe dje, ai \u00ebsht\u00eb b\u00ebr\u00eb nj\u00eb shp\u00ebrndar\u00ebs i palodhur dekoratash me shumic\u00eb p\u00ebr figurat e k\u00ebtij vendi dhe n\u00ebse ecet me k\u00ebto ritme, pakkush nuk do ta ket\u00eb marr\u00eb nj\u00eb t\u00eb till\u00eb. Pra, ai \u00ebsht\u00eb nj\u00eb president komoditetin e vet dhe k\u00ebshtu ai mund ta shtyj\u00eb deri n\u00eb fund t\u00eb mandatit 5-vje\u00e7ar.<\/p>\n<p>Por n\u00eb shum\u00eb aspekte ai \u00ebsht\u00eb nj\u00eb president komod edhe p\u00ebr qeverin\u00eb, edhe pse i sulmuar prej saj.<\/p>\n<p>Rrall\u00ebher\u00eb ka refuzuar t\u00eb dekretoj\u00eb ligje t\u00eb qeveris\u00eb Berisha, gjat\u00eb mandatit t\u00eb par\u00eb dhe tani q\u00eb \u00ebsht\u00eb n\u00eb koalicion me nj\u00eb parti t\u00eb majt\u00eb.<\/p>\n<p>N\u00eb maj\u00eb t\u00eb gjuh\u00ebs ka pasur p\u00ebrher\u00eb shprehjen: &#8220;Un\u00eb flas me dekrete&#8221;, por dekretet e firmosura prej tij kan\u00eb qen\u00eb gati memece. Megjith\u00ebse, ai ka pasur shanse t\u00eb &#8220;arta&#8221; p\u00ebr t\u00eb treguar se \u00ebsht\u00eb presidenti i t\u00eb gjith\u00ebve dhe se \u00ebsht\u00eb v\u00ebrtet mbi pal\u00ebt.<\/p>\n<p>Pas tragjedis\u00eb qeveritare t\u00eb G\u00ebrdecit, ai nuk mbajti asnj\u00eb q\u00ebndrim. Sigurisht q\u00eb duhej t\u00eb mbante sepse, ai \u00ebsht\u00eb kryetar i Forcave t\u00eb Armatosura t\u00eb Shqip\u00ebris\u00eb, dhe pik\u00ebs\u00ebpari duhej t\u00eb kishte mbledhur K\u00ebshillin e Siguris\u00eb.<\/p>\n<p>Ai duhej t\u00eb kishte dijeni patjet\u00ebr se \u00e7far\u00eb po gatuhej n\u00eb G\u00ebrdec se si kishte vijuar kronologjia deri te shp\u00ebrthimi i fabrik\u00ebs s\u00eb vdekjes, se si ishte zhytur qeveria dhe njer\u00ebzit e saj n\u00eb k\u00ebt\u00eb afer\u00eb vrastare.<\/p>\n<p>Pak muaj m\u00eb par\u00eb, ai iu shmang nj\u00eb konfrontimi me qeverin\u00eb p\u00ebr paktin skandaloz t\u00eb ndarjes s\u00eb detit mes qeverive t\u00eb Shqip\u00ebris\u00eb dhe t\u00eb Greqis\u00eb. Presidenti, duhej t\u00eb ishte n\u00eb fakt personi i par\u00eb q\u00eb duhej t\u00eb vendoste p\u00ebr marr\u00ebveshje t\u00eb tilla q\u00eb nuk b\u00ebhen kurr\u00eb n\u00eb rang qeverish, por n\u00eb nivel shtetesh dhe qeveria dhe ekipi negaciator i saj kishin vepruar pa plotfuqin\u00eb e tij.<\/p>\n<p>M\u00eb tej, presidenti i Shqip\u00ebris\u00eb ka hedhur firm\u00ebn n\u00eb shumic\u00ebn e atyre ligjeve q\u00eb ka b\u00ebr\u00eb qeveria dhe q\u00eb b\u00ebjn\u00eb pjes\u00eb te duzin\u00eb e ligjeve q\u00eb ka kthyer mbrapsht Gjykata Kushtetuese, e cila ka v\u00ebrejtur shkeljen e par\u00eb t\u00eb madhe, kushtetutshm\u00ebrin\u00eb shto pastaj t\u00eb tjerat.<\/p>\n<p>Ai, n\u00eb rolin si kryetar i KLD-s\u00eb, nuk po arrin t\u00eb p\u00ebrdor\u00eb statur\u00ebn e kreut t\u00eb shtetit p\u00ebr t\u00eb zgjidhur kriz\u00ebn e em\u00ebrimeve dhe plot\u00ebsimeve t\u00eb gjykatave t\u00eb vendit.<\/p>\n<p>I refuzuar n\u00eb shumic\u00ebn prej emrave t\u00eb dekretuar prej tij, presidenti i pret si t\u00eb mos ken\u00eb ndodhur, rr\u00ebzimet n\u00eb kuvend nga ana e PD-s\u00eb e kandidaturave q\u00eb shikohen politikisht, si n\u00eb rastin e ish-kandidatit Vangjel Kosta p\u00ebr Gjykat\u00ebn Kushtetuese.<\/p>\n<p>Dhe, sipas gjasave, k\u00ebshtu do t\u00eb ndodh\u00eb edhe me dy prej tre emrave t\u00eb propozuar po prej tij p\u00ebr Gjykat\u00ebn e Lart\u00eb.<\/p>\n<p>Por roli dhe integriteti i presidentit Topi po duket qart\u00eb n\u00eb k\u00ebto 11 muaj t\u00eb kriz\u00ebs politike q\u00eb ka mb\u00ebrthyer vendin.<\/p>\n<p>Ai nuk ka dashur dhe nuk preferon t\u00eb nd\u00ebrhyj\u00eb, edhe pse i mb\u00ebshtetur nga nd\u00ebrkomb\u00ebtar, p\u00ebr t\u00eb negociuar kriz\u00ebn mes pal\u00ebve.<\/p>\n<p>Ai preferon m\u00eb mir\u00eb t\u00eb jet\u00eb n\u00eb nj\u00eb takim informal me ndonj\u00eb homolog ballkanas sesa n\u00eb krye t\u00eb tryez\u00ebs s\u00eb zgjidhjes s\u00eb kriz\u00ebs.<\/p>\n<p>Ai mendon se e kreu negocimin me pritje-p\u00ebrcjelljen e delegacioneve t\u00eb KE nga turku Davutogllu te d\u00ebrgata e komisionerit p\u00ebr zgjerimin Fyle.<\/p>\n<p>P\u00ebrpiqet t\u00eb duket se ofron zgjidhjen duke b\u00ebr\u00eb thirrje p\u00ebr biseda, pastaj duke th\u00ebn\u00eb se nuk do t\u00eb mb\u00ebshtes\u00eb PS-n\u00eb, sepse vendi i saj \u00ebsht\u00eb n\u00eb Kuvend dhe duke mos folur asnj\u00eb fjal\u00eb p\u00ebr qeverin\u00eb. Dhe k\u00ebto veprime b\u00ebhen nga personi q\u00eb shihet m\u00eb me shpres\u00eb nga publiku shqiptar p\u00ebr afrimin e pal\u00ebve, pas nd\u00ebrkomb\u00ebtar\u00ebve.<\/p>\n<p>Dhe q\u00eb vijon i qet\u00eb axhend\u00ebn e vet, moralizuese dhe sportive. Shum\u00eb, shum\u00eb ndryshe nga Horst K\u00f6hler q\u00eb iku me lot n\u00eb sy vet\u00ebm pse ishte akuzuar padrejt\u00ebsisht, edhe pse mund ta mbyllte mandatin duke pasur mb\u00ebshtetjen popullore dhe duke qen\u00eb nj\u00eb president jo komod p\u00ebr qeveritar\u00ebt e Berlinit.<\/p>\n","protected":false},"excerpt":{"rendered":"<p>Arben Rrozhani, 01.06.2010 Me lot n\u00eb sy dhe me z\u00ebrin q\u00eb i kishte humbur nga emocionet dje presidenti i Gjermanis\u00eb, Horst K\u00f6hler, dha dor\u00ebheqjen nga posti. N\u00eb deklarat\u00ebn e shkurt\u00ebr para largimit pa kthim, presidenti gjerman hodhi posht\u00eb akuz\u00ebn q\u00eb e kishte shtyr\u00eb t\u00eb jepte dor\u00ebheqjen, se kishte p\u00ebrkrahur angazhime antikushtetuese t\u00eb ushtris\u00eb gjermane p\u00ebr [&hellip;]<\/p>\n","protected":false},"author":1,"featured_media":0,"comment_status":"open","ping_status":"closed","sticky":false,"template":"","format":"standard","meta":{"footnotes":""},"categories":[2],"tags":[],"class_list":{"0":"post-2876","1":"post","2":"type-post","3":"status-publish","4":"format-standard","6":"category-artikuj"},"yoast_head":"<!-- This site is optimized with the Yoast SEO plugin v27.4 - https:\/\/yoast.com\/product\/yoast-seo-wordpress\/ -->\n<title>Duke pritur Presidentin - FjALA e LIR\u00cb - Arkivi<\/title>\n<meta name=\"robots\" content=\"index, follow, max-snippet:-1, max-image-preview:large, max-video-preview:-1\" \/>\n<link rel=\"canonical\" href=\"https:\/\/fjala.info\/2009-2015\/duke-pritur-presidentin\/\" \/>\n<meta property=\"og:locale\" content=\"sq_AL\" \/>\n<meta property=\"og:type\" content=\"article\" \/>\n<meta property=\"og:title\" content=\"Duke pritur Presidentin - FjALA e LIR\u00cb - Arkivi\" \/>\n<meta property=\"og:description\" content=\"Arben Rrozhani, 01.06.2010 Me lot n\u00eb sy dhe me z\u00ebrin q\u00eb i kishte humbur nga emocionet dje presidenti i Gjermanis\u00eb, Horst K\u00f6hler, dha dor\u00ebheqjen nga posti. N\u00eb deklarat\u00ebn e shkurt\u00ebr para largimit pa kthim, presidenti gjerman hodhi posht\u00eb akuz\u00ebn q\u00eb e kishte shtyr\u00eb t\u00eb jepte dor\u00ebheqjen, se kishte p\u00ebrkrahur angazhime antikushtetuese t\u00eb ushtris\u00eb gjermane p\u00ebr [&hellip;]\" \/>\n<meta property=\"og:url\" content=\"https:\/\/fjala.info\/2009-2015\/duke-pritur-presidentin\/\" \/>\n<meta property=\"og:site_name\" content=\"FjALA e LIR\u00cb - Arkivi\" \/>\n<meta property=\"article:published_time\" content=\"2010-06-01T08:01:36+00:00\" \/>\n<meta property=\"og:image\" content=\"http:\/\/www.shkoder.net\/images\/fjala\/arben_rrozhani.jpg\" \/>\n<meta name=\"author\" content=\"admin\" \/>\n<meta name=\"twitter:card\" content=\"summary_large_image\" \/>\n<meta name=\"twitter:label1\" content=\"Written by\" \/>\n\t<meta name=\"twitter:data1\" content=\"admin\" \/>\n\t<meta name=\"twitter:label2\" content=\"Est. reading time\" \/>\n\t<meta name=\"twitter:data2\" content=\"8 minutes\" \/>\n<script type=\"application\/ld+json\" class=\"yoast-schema-graph\">{\"@context\":\"https:\\\/\\\/schema.org\",\"@graph\":[{\"@type\":\"Article\",\"@id\":\"https:\\\/\\\/fjala.info\\\/2009-2015\\\/duke-pritur-presidentin\\\/#article\",\"isPartOf\":{\"@id\":\"https:\\\/\\\/fjala.info\\\/2009-2015\\\/duke-pritur-presidentin\\\/\"},\"author\":{\"name\":\"admin\",\"@id\":\"https:\\\/\\\/fjala.info\\\/2009-2015\\\/#\\\/schema\\\/person\\\/3aa1163ef05469c496fc94e77611ada2\"},\"headline\":\"Duke pritur Presidentin\",\"datePublished\":\"2010-06-01T08:01:36+00:00\",\"mainEntityOfPage\":{\"@id\":\"https:\\\/\\\/fjala.info\\\/2009-2015\\\/duke-pritur-presidentin\\\/\"},\"wordCount\":1583,\"commentCount\":0,\"publisher\":{\"@id\":\"https:\\\/\\\/fjala.info\\\/2009-2015\\\/#organization\"},\"image\":{\"@id\":\"https:\\\/\\\/fjala.info\\\/2009-2015\\\/duke-pritur-presidentin\\\/#primaryimage\"},\"thumbnailUrl\":\"http:\\\/\\\/www.shkoder.net\\\/images\\\/fjala\\\/arben_rrozhani.jpg\",\"articleSection\":[\"Artikuj\"],\"inLanguage\":\"sq-AL\",\"potentialAction\":[{\"@type\":\"CommentAction\",\"name\":\"Comment\",\"target\":[\"https:\\\/\\\/fjala.info\\\/2009-2015\\\/duke-pritur-presidentin\\\/#respond\"]}]},{\"@type\":\"WebPage\",\"@id\":\"https:\\\/\\\/fjala.info\\\/2009-2015\\\/duke-pritur-presidentin\\\/\",\"url\":\"https:\\\/\\\/fjala.info\\\/2009-2015\\\/duke-pritur-presidentin\\\/\",\"name\":\"Duke pritur Presidentin - FjALA e LIR\u00cb - Arkivi\",\"isPartOf\":{\"@id\":\"https:\\\/\\\/fjala.info\\\/2009-2015\\\/#website\"},\"primaryImageOfPage\":{\"@id\":\"https:\\\/\\\/fjala.info\\\/2009-2015\\\/duke-pritur-presidentin\\\/#primaryimage\"},\"image\":{\"@id\":\"https:\\\/\\\/fjala.info\\\/2009-2015\\\/duke-pritur-presidentin\\\/#primaryimage\"},\"thumbnailUrl\":\"http:\\\/\\\/www.shkoder.net\\\/images\\\/fjala\\\/arben_rrozhani.jpg\",\"datePublished\":\"2010-06-01T08:01:36+00:00\",\"breadcrumb\":{\"@id\":\"https:\\\/\\\/fjala.info\\\/2009-2015\\\/duke-pritur-presidentin\\\/#breadcrumb\"},\"inLanguage\":\"sq-AL\",\"potentialAction\":[{\"@type\":\"ReadAction\",\"target\":[\"https:\\\/\\\/fjala.info\\\/2009-2015\\\/duke-pritur-presidentin\\\/\"]}]},{\"@type\":\"ImageObject\",\"inLanguage\":\"sq-AL\",\"@id\":\"https:\\\/\\\/fjala.info\\\/2009-2015\\\/duke-pritur-presidentin\\\/#primaryimage\",\"url\":\"http:\\\/\\\/www.shkoder.net\\\/images\\\/fjala\\\/arben_rrozhani.jpg\",\"contentUrl\":\"http:\\\/\\\/www.shkoder.net\\\/images\\\/fjala\\\/arben_rrozhani.jpg\"},{\"@type\":\"BreadcrumbList\",\"@id\":\"https:\\\/\\\/fjala.info\\\/2009-2015\\\/duke-pritur-presidentin\\\/#breadcrumb\",\"itemListElement\":[{\"@type\":\"ListItem\",\"position\":1,\"name\":\"Home\",\"item\":\"https:\\\/\\\/fjala.info\\\/2009-2015\\\/\"},{\"@type\":\"ListItem\",\"position\":2,\"name\":\"Duke pritur Presidentin\"}]},{\"@type\":\"WebSite\",\"@id\":\"https:\\\/\\\/fjala.info\\\/2009-2015\\\/#website\",\"url\":\"https:\\\/\\\/fjala.info\\\/2009-2015\\\/\",\"name\":\"FjALA e LIR\u00cb - Arkivi\",\"description\":\"Arkivi 2009-2015\",\"publisher\":{\"@id\":\"https:\\\/\\\/fjala.info\\\/2009-2015\\\/#organization\"},\"potentialAction\":[{\"@type\":\"SearchAction\",\"target\":{\"@type\":\"EntryPoint\",\"urlTemplate\":\"https:\\\/\\\/fjala.info\\\/2009-2015\\\/?s={search_term_string}\"},\"query-input\":{\"@type\":\"PropertyValueSpecification\",\"valueRequired\":true,\"valueName\":\"search_term_string\"}}],\"inLanguage\":\"sq-AL\"},{\"@type\":\"Organization\",\"@id\":\"https:\\\/\\\/fjala.info\\\/2009-2015\\\/#organization\",\"name\":\"FjALA e LIR\u00cb - Arkivi\",\"url\":\"https:\\\/\\\/fjala.info\\\/2009-2015\\\/\",\"logo\":{\"@type\":\"ImageObject\",\"inLanguage\":\"sq-AL\",\"@id\":\"https:\\\/\\\/fjala.info\\\/2009-2015\\\/#\\\/schema\\\/logo\\\/image\\\/\",\"url\":\"\",\"contentUrl\":\"\",\"caption\":\"FjALA e LIR\u00cb - Arkivi\"},\"image\":{\"@id\":\"https:\\\/\\\/fjala.info\\\/2009-2015\\\/#\\\/schema\\\/logo\\\/image\\\/\"}},{\"@type\":\"Person\",\"@id\":\"https:\\\/\\\/fjala.info\\\/2009-2015\\\/#\\\/schema\\\/person\\\/3aa1163ef05469c496fc94e77611ada2\",\"name\":\"admin\",\"image\":{\"@type\":\"ImageObject\",\"inLanguage\":\"sq-AL\",\"@id\":\"https:\\\/\\\/fjala.info\\\/2009-2015\\\/wp-content\\\/uploads\\\/2012\\\/02\\\/arben_cokaj-120x150.jpg\",\"url\":\"https:\\\/\\\/fjala.info\\\/2009-2015\\\/wp-content\\\/uploads\\\/2012\\\/02\\\/arben_cokaj-120x150.jpg\",\"contentUrl\":\"https:\\\/\\\/fjala.info\\\/2009-2015\\\/wp-content\\\/uploads\\\/2012\\\/02\\\/arben_cokaj-120x150.jpg\",\"caption\":\"admin\"},\"description\":\"Admin, Fjala e Lir\u00eb\",\"sameAs\":[\"https:\\\/\\\/fjala.info\\\/\"],\"url\":\"https:\\\/\\\/fjala.info\\\/2009-2015\\\/author\\\/admin\\\/\"}]}<\/script>\n<!-- \/ Yoast SEO plugin. -->","yoast_head_json":{"title":"Duke pritur Presidentin - FjALA e LIR\u00cb - Arkivi","robots":{"index":"index","follow":"follow","max-snippet":"max-snippet:-1","max-image-preview":"max-image-preview:large","max-video-preview":"max-video-preview:-1"},"canonical":"https:\/\/fjala.info\/2009-2015\/duke-pritur-presidentin\/","og_locale":"sq_AL","og_type":"article","og_title":"Duke pritur Presidentin - FjALA e LIR\u00cb - Arkivi","og_description":"Arben Rrozhani, 01.06.2010 Me lot n\u00eb sy dhe me z\u00ebrin q\u00eb i kishte humbur nga emocionet dje presidenti i Gjermanis\u00eb, Horst K\u00f6hler, dha dor\u00ebheqjen nga posti. N\u00eb deklarat\u00ebn e shkurt\u00ebr para largimit pa kthim, presidenti gjerman hodhi posht\u00eb akuz\u00ebn q\u00eb e kishte shtyr\u00eb t\u00eb jepte dor\u00ebheqjen, se kishte p\u00ebrkrahur angazhime antikushtetuese t\u00eb ushtris\u00eb gjermane p\u00ebr [&hellip;]","og_url":"https:\/\/fjala.info\/2009-2015\/duke-pritur-presidentin\/","og_site_name":"FjALA e LIR\u00cb - Arkivi","article_published_time":"2010-06-01T08:01:36+00:00","og_image":[{"url":"http:\/\/www.shkoder.net\/images\/fjala\/arben_rrozhani.jpg","type":"","width":"","height":""}],"author":"admin","twitter_card":"summary_large_image","twitter_misc":{"Written by":"admin","Est. reading time":"8 minutes"},"schema":{"@context":"https:\/\/schema.org","@graph":[{"@type":"Article","@id":"https:\/\/fjala.info\/2009-2015\/duke-pritur-presidentin\/#article","isPartOf":{"@id":"https:\/\/fjala.info\/2009-2015\/duke-pritur-presidentin\/"},"author":{"name":"admin","@id":"https:\/\/fjala.info\/2009-2015\/#\/schema\/person\/3aa1163ef05469c496fc94e77611ada2"},"headline":"Duke pritur Presidentin","datePublished":"2010-06-01T08:01:36+00:00","mainEntityOfPage":{"@id":"https:\/\/fjala.info\/2009-2015\/duke-pritur-presidentin\/"},"wordCount":1583,"commentCount":0,"publisher":{"@id":"https:\/\/fjala.info\/2009-2015\/#organization"},"image":{"@id":"https:\/\/fjala.info\/2009-2015\/duke-pritur-presidentin\/#primaryimage"},"thumbnailUrl":"http:\/\/www.shkoder.net\/images\/fjala\/arben_rrozhani.jpg","articleSection":["Artikuj"],"inLanguage":"sq-AL","potentialAction":[{"@type":"CommentAction","name":"Comment","target":["https:\/\/fjala.info\/2009-2015\/duke-pritur-presidentin\/#respond"]}]},{"@type":"WebPage","@id":"https:\/\/fjala.info\/2009-2015\/duke-pritur-presidentin\/","url":"https:\/\/fjala.info\/2009-2015\/duke-pritur-presidentin\/","name":"Duke pritur Presidentin - FjALA e LIR\u00cb - Arkivi","isPartOf":{"@id":"https:\/\/fjala.info\/2009-2015\/#website"},"primaryImageOfPage":{"@id":"https:\/\/fjala.info\/2009-2015\/duke-pritur-presidentin\/#primaryimage"},"image":{"@id":"https:\/\/fjala.info\/2009-2015\/duke-pritur-presidentin\/#primaryimage"},"thumbnailUrl":"http:\/\/www.shkoder.net\/images\/fjala\/arben_rrozhani.jpg","datePublished":"2010-06-01T08:01:36+00:00","breadcrumb":{"@id":"https:\/\/fjala.info\/2009-2015\/duke-pritur-presidentin\/#breadcrumb"},"inLanguage":"sq-AL","potentialAction":[{"@type":"ReadAction","target":["https:\/\/fjala.info\/2009-2015\/duke-pritur-presidentin\/"]}]},{"@type":"ImageObject","inLanguage":"sq-AL","@id":"https:\/\/fjala.info\/2009-2015\/duke-pritur-presidentin\/#primaryimage","url":"http:\/\/www.shkoder.net\/images\/fjala\/arben_rrozhani.jpg","contentUrl":"http:\/\/www.shkoder.net\/images\/fjala\/arben_rrozhani.jpg"},{"@type":"BreadcrumbList","@id":"https:\/\/fjala.info\/2009-2015\/duke-pritur-presidentin\/#breadcrumb","itemListElement":[{"@type":"ListItem","position":1,"name":"Home","item":"https:\/\/fjala.info\/2009-2015\/"},{"@type":"ListItem","position":2,"name":"Duke pritur Presidentin"}]},{"@type":"WebSite","@id":"https:\/\/fjala.info\/2009-2015\/#website","url":"https:\/\/fjala.info\/2009-2015\/","name":"FjALA e LIR\u00cb - Arkivi","description":"Arkivi 2009-2015","publisher":{"@id":"https:\/\/fjala.info\/2009-2015\/#organization"},"potentialAction":[{"@type":"SearchAction","target":{"@type":"EntryPoint","urlTemplate":"https:\/\/fjala.info\/2009-2015\/?s={search_term_string}"},"query-input":{"@type":"PropertyValueSpecification","valueRequired":true,"valueName":"search_term_string"}}],"inLanguage":"sq-AL"},{"@type":"Organization","@id":"https:\/\/fjala.info\/2009-2015\/#organization","name":"FjALA e LIR\u00cb - Arkivi","url":"https:\/\/fjala.info\/2009-2015\/","logo":{"@type":"ImageObject","inLanguage":"sq-AL","@id":"https:\/\/fjala.info\/2009-2015\/#\/schema\/logo\/image\/","url":"","contentUrl":"","caption":"FjALA e LIR\u00cb - Arkivi"},"image":{"@id":"https:\/\/fjala.info\/2009-2015\/#\/schema\/logo\/image\/"}},{"@type":"Person","@id":"https:\/\/fjala.info\/2009-2015\/#\/schema\/person\/3aa1163ef05469c496fc94e77611ada2","name":"admin","image":{"@type":"ImageObject","inLanguage":"sq-AL","@id":"https:\/\/fjala.info\/2009-2015\/wp-content\/uploads\/2012\/02\/arben_cokaj-120x150.jpg","url":"https:\/\/fjala.info\/2009-2015\/wp-content\/uploads\/2012\/02\/arben_cokaj-120x150.jpg","contentUrl":"https:\/\/fjala.info\/2009-2015\/wp-content\/uploads\/2012\/02\/arben_cokaj-120x150.jpg","caption":"admin"},"description":"Admin, Fjala e Lir\u00eb","sameAs":["https:\/\/fjala.info\/"],"url":"https:\/\/fjala.info\/2009-2015\/author\/admin\/"}]}},"_links":{"self":[{"href":"https:\/\/fjala.info\/2009-2015\/wp-json\/wp\/v2\/posts\/2876","targetHints":{"allow":["GET"]}}],"collection":[{"href":"https:\/\/fjala.info\/2009-2015\/wp-json\/wp\/v2\/posts"}],"about":[{"href":"https:\/\/fjala.info\/2009-2015\/wp-json\/wp\/v2\/types\/post"}],"author":[{"embeddable":true,"href":"https:\/\/fjala.info\/2009-2015\/wp-json\/wp\/v2\/users\/1"}],"replies":[{"embeddable":true,"href":"https:\/\/fjala.info\/2009-2015\/wp-json\/wp\/v2\/comments?post=2876"}],"version-history":[{"count":0,"href":"https:\/\/fjala.info\/2009-2015\/wp-json\/wp\/v2\/posts\/2876\/revisions"}],"wp:attachment":[{"href":"https:\/\/fjala.info\/2009-2015\/wp-json\/wp\/v2\/media?parent=2876"}],"wp:term":[{"taxonomy":"category","embeddable":true,"href":"https:\/\/fjala.info\/2009-2015\/wp-json\/wp\/v2\/categories?post=2876"},{"taxonomy":"post_tag","embeddable":true,"href":"https:\/\/fjala.info\/2009-2015\/wp-json\/wp\/v2\/tags?post=2876"}],"curies":[{"name":"wp","href":"https:\/\/api.w.org\/{rel}","templated":true}]}}