{"id":2871,"date":"2012-05-20T22:40:26","date_gmt":"2012-05-20T21:40:26","guid":{"rendered":"http:\/\/www.fjala.info\/?p=2871"},"modified":"2012-05-20T22:40:26","modified_gmt":"2012-05-20T21:40:26","slug":"miliardat-serbeve-abetaren-hashimit","status":"publish","type":"post","link":"https:\/\/fjala.info\/2009-2015\/miliardat-serbeve-abetaren-hashimit\/","title":{"rendered":"Miliardat serb\u00ebve, abetaren Hashimit!"},"content":{"rendered":"<p><img decoding=\"async\" class=\"alignright size-thumbnail wp-image-7236\" title=\"Mero Baze\" src=\"http:\/\/www.shkoder.net\/images\/fjala\/mero_baze1.jpg\" alt=\"\" width=\"150\" \/> Nga <strong>Mero Baze<\/strong>, <em>19 Maj 2012 <\/em><\/p>\n<p>N\u00eb nj\u00eb njoftim zyrtar t\u00eb Kontrollit t\u00eb Lart\u00eb t\u00eb Shtetit konfirmohet nj\u00eb raport i hersh\u00ebm i gazet\u00ebs Tema mbi p\u00ebrfshirjen e dy kompanive serbe n\u00eb informatizimin e shkollave n\u00eb Shqip\u00ebri. Pazaret n\u00eb at\u00eb koh\u00eb nis\u00ebn nga Genc Pollo dhe u p\u00ebrfunduan nga pasardh\u00ebs t\u00eb tij. P\u00ebrve\u00e7 tentimit p\u00ebr t\u00eb futur kontraband\u00eb pjes\u00ebt kineze t\u00eb kompjuter\u00ebve, kompanit\u00eb serbe rezulton zyrtarisht t\u00eb ken\u00eb g\u00ebnjyer p\u00ebr cil\u00ebsin\u00eb e produkteve dhe t\u2019i ken\u00eb marr\u00eb shtetit shqiptar m\u00eb shum\u00eb pare, edhe pse cil\u00ebsia ka qen\u00eb shum\u00eb e ul\u00ebt se sa \u00ebsht\u00eb k\u00ebrkuar.<\/p>\n<p>Nderi, edhe sipas medies s\u00eb rajonit, i \u00ebsht\u00eb b\u00ebr\u00eb n\u00eb fakt Damir Fazlli\u00e7it, sekserit t\u00eb familjes, i cili q\u00ebndron si gjithmon\u00eb si lobist n\u00eb Familje pas \u00e7do biznesi serb apo boshnjak n\u00eb Shqip\u00ebri. N\u00ebn t\u00eb nj\u00ebjtin model n\u00eb Shqip\u00ebri filluan t\u00eb fitojn\u00eb thuajse gjith\u00eb tender\u00ebt p\u00ebr eksport- import t\u00eb energjis\u00eb elektrike ku luhen qindra miliona euro, po kompani serbe, t\u00eb fitojn\u00eb tender\u00eb p\u00ebr nd\u00ebrtim rrug\u00ebsh kompani serbe, t\u00eb marrin koncesione dhe dalje n\u00eb bregdet p\u00ebr depozita nafte kompani serbe e k\u00ebshtu me radh\u00eb. Ne nuk duhet t\u00eb kemi frik\u00eb nga investimet serbe n\u00eb Shqip\u00ebri, por kurrsesi nuk mund t\u00eb pranojm\u00eb q\u00eb ato t\u00eb vijn\u00eb n\u00eb Shqip\u00ebri si preferenc\u00eb e Familjes n\u00eb pushtet.<\/p>\n<p>\u00c7do serb \u00ebsht\u00eb i lir\u00eb t\u00eb vij\u00eb t\u00eb investoj\u00eb n\u00eb Shqip\u00ebri n\u00eb kushte t\u00eb barabarta me shqiptar\u00ebt e Shqip\u00ebris\u00eb, Kosov\u00ebs dhe k\u00ebdo investitor tjet\u00ebr. Problemi q\u00eb ne kemi me Familjen n\u00eb pushtet \u00ebsht\u00eb se serb\u00ebt dhe bizneset e tyre jan\u00eb \u201cqytetar\u00eb\u201d t\u00eb dor\u00ebs s\u00eb par\u00eb, t\u00eb preferuar prej Familjes. Ata kan\u00eb fituar leht\u00ebsisht tender\u00eb me paret publike t\u00eb shqiptar\u00ebve, dhe si\u00e7 po rezulton dhe na kan\u00eb vjedhur pare. P\u00ebrmes partneritetit me biznesmen\u00ebt e Familjes, ata hyn\u00eb n\u00eb tregun e supermarketeve, n\u00eb naft\u00eb, n\u00eb energji elektrike, n\u00eb rrug\u00eb, n\u00eb kompjutera, n\u00eb skrap, n\u00eb miniera etj. N\u00eb raport me biznesmen\u00ebt nga Kosova, biznesi serb n\u00eb Shqip\u00ebri, n\u00eb koh\u00ebn e \u201cpatriotit\u201d Sali Berisha, \u00ebsht\u00eb ndoshta 100 her\u00eb m\u00eb i madh.<\/p>\n<p>Dhe n\u00ebse e llogarit si biznes q\u00eb ka p\u00ebrfituar nga paret publike, ndoshta z\u00eb vend t\u00eb par\u00eb dhe n\u00eb raport me biznesmen\u00ebt e Shqip\u00ebris\u00eb. Edhe disa kompani t\u00eb huaja q\u00eb kan\u00eb emra per\u00ebndimor\u00eb, jan\u00eb kompani serbe. P\u00ebr shembull kompania q\u00eb nd\u00ebrtoi mbikalimin n\u00eb Tiran\u00eb apo rrug\u00ebn skandaloze Levan- Vlor\u00eb dhe q\u00eb d\u00ebshtoi n\u00eb segmentin Levan- Fratar p\u00ebr Tepelen\u00eb, ishte n\u00eb t\u00eb v\u00ebrtet\u00eb nj\u00eb kompani serbe si filial i nj\u00eb kompanie austriake, e cila n\u00eb Shqip\u00ebri drejtohet nga nj\u00eb serb me emrin Sllobodan dhe kunata e Fahri Balliut. T\u00eb nj\u00ebjta jan\u00eb makinacionet me kompanit\u00eb q\u00eb fitojn\u00eb tender\u00ebt e kompjuter\u00ebve apo kompanit\u00eb e energjetik\u00ebs s\u00eb Damir Fazlli\u00e7it.<\/p>\n<p>Ky ekspansion serb n\u00eb paret publike t\u00eb Shqip\u00ebris\u00eb \u00ebsht\u00eb nj\u00eb statistik\u00eb q\u00eb i ka munguar p\u00ebrjet\u00ebsisht shtetit shqiptar. As kur Ahmet Zogu erdhi me ndihm\u00ebn e ushtar\u00ebve serb n\u00eb pushtet pas vitit 1924, nuk ua diti serb\u00ebve p\u00ebr nder, por u lidh me Italin\u00eb. As Enver Hoxha q\u00eb erdhi n\u00eb pushtet n\u00eb krye t\u00eb komunist\u00ebve shqiptar\u00eb me dy t\u00eb d\u00ebrguar jugosllav\u00eb nuk ua diti p\u00ebr nder, por u ktheu krah\u00ebt. I vetmi udh\u00ebheq\u00ebs shqiptar, q\u00eb po i trajton serb\u00ebt si qytetar\u00eb t\u00eb dor\u00ebs s\u00eb par\u00eb n\u00eb Shqip\u00ebri dhe me prioritet mbi biznesin shqiptar, \u00ebsht\u00eb Sali Berisha, n\u00ebn pesh\u00ebn e pushtetit t\u00eb Familjes s\u00eb tij.<\/p>\n<p>Dhe sikur t\u00eb mos mjaftonin gjith\u00eb k\u00ebto ndere p\u00ebr serb\u00ebt, dhe gjith\u00eb k\u00ebto padrejt\u00ebsi p\u00ebr biznesin shqiptar, Sali Berisha disa dit\u00eb m\u00eb par\u00eb u nis drejt Prizrenit p\u00ebr t\u00eb shpallur si historike nj\u00eb abetare t\u00eb p\u00ebrbashk\u00ebt Shqip\u00ebri- Kosov\u00eb, nj\u00eb tekst gati esperanto p\u00ebr hap\u00ebsir\u00ebn shqiptare, pa asnj\u00eb vler\u00eb t\u00eb mir\u00ebfillt\u00eb shkencore ose funksionale, p\u00ebrve\u00e7 nj\u00eb tubimi folklorik patriotik. Dhe p\u00ebrs\u00ebri k\u00ebtu u sh\u00ebrbeu serb\u00ebve. P\u00ebr t\u00eb kompensuar publikisht ndihm\u00ebn reale q\u00eb u ka dh\u00ebn\u00eb serb\u00ebve n\u00eb pushtetin tij n\u00eb Tiran\u00eb, p\u00eblliste nga Prizreni ndaj fqinj\u00ebve, p\u00ebr t\u2019i dh\u00ebn\u00eb shkas dhe nj\u00eb her\u00eb serb\u00ebve ta shpallin at\u00eb ideator t\u00eb Shqip\u00ebris\u00eb s\u00eb Madhe.<\/p>\n<p>Nj\u00eb nder q\u00eb ia kan\u00eb borxh njeriut q\u00eb i ka ulur k\u00ebmb\u00ebkryq n\u00eb Tiran\u00eb, q\u00eb u ka dh\u00ebn\u00eb prej vitit 2005 mbi 1 miliard euro nga paret e qytetar\u00ebve shqiptar\u00eb, q\u00eb ka ricikluar ish- mafien e koh\u00ebs s\u00eb Miloshevi\u00e7it n\u00eb mes t\u00eb Tiran\u00ebs dhe q\u00eb mbi t\u00eb gjitha \u00ebsht\u00eb i vendosur t\u00eb ruaj\u00eb interesat e tyre n\u00eb nj\u00eb plan afatgjat\u00eb n\u00eb Shqip\u00ebri. \u00cbsht\u00eb njeriu q\u00eb u ka dh\u00ebn\u00eb serb\u00ebve miliarda dhe Hashim Tha\u00e7it nj\u00eb abetare. \u00cbsht\u00eb nj\u00eb simbolik\u00eb q\u00eb tregon realisht se n\u00eb Kosov\u00eb duhet t\u00eb fillojn\u00eb t\u00eb m\u00ebsojn\u00eb nga germa A se kush \u00ebsht\u00eb Sali Berisha dhe qeveria e Tiran\u00ebs dhe sa mendon ajo p\u00ebr Kosov\u00ebn.<\/p>\n","protected":false},"excerpt":{"rendered":"<p>Nga Mero Baze, 19 Maj 2012 N\u00eb nj\u00eb njoftim zyrtar t\u00eb Kontrollit t\u00eb Lart\u00eb t\u00eb Shtetit konfirmohet nj\u00eb raport i hersh\u00ebm i gazet\u00ebs Tema mbi p\u00ebrfshirjen e dy kompanive serbe n\u00eb informatizimin e shkollave n\u00eb Shqip\u00ebri. Pazaret n\u00eb at\u00eb koh\u00eb nis\u00ebn nga Genc Pollo dhe u p\u00ebrfunduan nga pasardh\u00ebs t\u00eb tij. P\u00ebrve\u00e7 tentimit p\u00ebr t\u00eb [&hellip;]<\/p>\n","protected":false},"author":1,"featured_media":0,"comment_status":"open","ping_status":"closed","sticky":false,"template":"","format":"standard","meta":{"footnotes":""},"categories":[2],"tags":[],"class_list":{"0":"post-2871","1":"post","2":"type-post","3":"status-publish","4":"format-standard","6":"category-artikuj"},"yoast_head":"<!-- This site is optimized with the Yoast SEO plugin v27.4 - https:\/\/yoast.com\/product\/yoast-seo-wordpress\/ -->\n<title>Miliardat serb\u00ebve, abetaren Hashimit! - FjALA e LIR\u00cb - Arkivi<\/title>\n<meta name=\"robots\" content=\"index, follow, max-snippet:-1, max-image-preview:large, max-video-preview:-1\" \/>\n<link rel=\"canonical\" href=\"https:\/\/fjala.info\/2009-2015\/miliardat-serbeve-abetaren-hashimit\/\" \/>\n<meta property=\"og:locale\" content=\"sq_AL\" \/>\n<meta property=\"og:type\" content=\"article\" \/>\n<meta property=\"og:title\" content=\"Miliardat serb\u00ebve, abetaren Hashimit! - FjALA e LIR\u00cb - Arkivi\" \/>\n<meta property=\"og:description\" content=\"Nga Mero Baze, 19 Maj 2012 N\u00eb nj\u00eb njoftim zyrtar t\u00eb Kontrollit t\u00eb Lart\u00eb t\u00eb Shtetit konfirmohet nj\u00eb raport i hersh\u00ebm i gazet\u00ebs Tema mbi p\u00ebrfshirjen e dy kompanive serbe n\u00eb informatizimin e shkollave n\u00eb Shqip\u00ebri. Pazaret n\u00eb at\u00eb koh\u00eb nis\u00ebn nga Genc Pollo dhe u p\u00ebrfunduan nga pasardh\u00ebs t\u00eb tij. P\u00ebrve\u00e7 tentimit p\u00ebr t\u00eb [&hellip;]\" \/>\n<meta property=\"og:url\" content=\"https:\/\/fjala.info\/2009-2015\/miliardat-serbeve-abetaren-hashimit\/\" \/>\n<meta property=\"og:site_name\" content=\"FjALA e LIR\u00cb - Arkivi\" \/>\n<meta property=\"article:published_time\" content=\"2012-05-20T21:40:26+00:00\" \/>\n<meta property=\"og:image\" content=\"http:\/\/www.shkoder.net\/images\/fjala\/mero_baze1.jpg\" \/>\n<meta name=\"author\" content=\"admin\" \/>\n<meta name=\"twitter:card\" content=\"summary_large_image\" \/>\n<meta name=\"twitter:label1\" content=\"Written by\" \/>\n\t<meta name=\"twitter:data1\" content=\"admin\" \/>\n\t<meta name=\"twitter:label2\" content=\"Est. reading time\" \/>\n\t<meta name=\"twitter:data2\" content=\"4 minutes\" \/>\n<script type=\"application\/ld+json\" class=\"yoast-schema-graph\">{\"@context\":\"https:\\\/\\\/schema.org\",\"@graph\":[{\"@type\":\"Article\",\"@id\":\"https:\\\/\\\/fjala.info\\\/2009-2015\\\/miliardat-serbeve-abetaren-hashimit\\\/#article\",\"isPartOf\":{\"@id\":\"https:\\\/\\\/fjala.info\\\/2009-2015\\\/miliardat-serbeve-abetaren-hashimit\\\/\"},\"author\":{\"name\":\"admin\",\"@id\":\"https:\\\/\\\/fjala.info\\\/2009-2015\\\/#\\\/schema\\\/person\\\/3aa1163ef05469c496fc94e77611ada2\"},\"headline\":\"Miliardat serb\u00ebve, abetaren Hashimit!\",\"datePublished\":\"2012-05-20T21:40:26+00:00\",\"mainEntityOfPage\":{\"@id\":\"https:\\\/\\\/fjala.info\\\/2009-2015\\\/miliardat-serbeve-abetaren-hashimit\\\/\"},\"wordCount\":868,\"commentCount\":0,\"publisher\":{\"@id\":\"https:\\\/\\\/fjala.info\\\/2009-2015\\\/#organization\"},\"image\":{\"@id\":\"https:\\\/\\\/fjala.info\\\/2009-2015\\\/miliardat-serbeve-abetaren-hashimit\\\/#primaryimage\"},\"thumbnailUrl\":\"http:\\\/\\\/www.shkoder.net\\\/images\\\/fjala\\\/mero_baze1.jpg\",\"articleSection\":[\"Artikuj\"],\"inLanguage\":\"sq-AL\",\"potentialAction\":[{\"@type\":\"CommentAction\",\"name\":\"Comment\",\"target\":[\"https:\\\/\\\/fjala.info\\\/2009-2015\\\/miliardat-serbeve-abetaren-hashimit\\\/#respond\"]}]},{\"@type\":\"WebPage\",\"@id\":\"https:\\\/\\\/fjala.info\\\/2009-2015\\\/miliardat-serbeve-abetaren-hashimit\\\/\",\"url\":\"https:\\\/\\\/fjala.info\\\/2009-2015\\\/miliardat-serbeve-abetaren-hashimit\\\/\",\"name\":\"Miliardat serb\u00ebve, abetaren Hashimit! - FjALA e LIR\u00cb - Arkivi\",\"isPartOf\":{\"@id\":\"https:\\\/\\\/fjala.info\\\/2009-2015\\\/#website\"},\"primaryImageOfPage\":{\"@id\":\"https:\\\/\\\/fjala.info\\\/2009-2015\\\/miliardat-serbeve-abetaren-hashimit\\\/#primaryimage\"},\"image\":{\"@id\":\"https:\\\/\\\/fjala.info\\\/2009-2015\\\/miliardat-serbeve-abetaren-hashimit\\\/#primaryimage\"},\"thumbnailUrl\":\"http:\\\/\\\/www.shkoder.net\\\/images\\\/fjala\\\/mero_baze1.jpg\",\"datePublished\":\"2012-05-20T21:40:26+00:00\",\"breadcrumb\":{\"@id\":\"https:\\\/\\\/fjala.info\\\/2009-2015\\\/miliardat-serbeve-abetaren-hashimit\\\/#breadcrumb\"},\"inLanguage\":\"sq-AL\",\"potentialAction\":[{\"@type\":\"ReadAction\",\"target\":[\"https:\\\/\\\/fjala.info\\\/2009-2015\\\/miliardat-serbeve-abetaren-hashimit\\\/\"]}]},{\"@type\":\"ImageObject\",\"inLanguage\":\"sq-AL\",\"@id\":\"https:\\\/\\\/fjala.info\\\/2009-2015\\\/miliardat-serbeve-abetaren-hashimit\\\/#primaryimage\",\"url\":\"http:\\\/\\\/www.shkoder.net\\\/images\\\/fjala\\\/mero_baze1.jpg\",\"contentUrl\":\"http:\\\/\\\/www.shkoder.net\\\/images\\\/fjala\\\/mero_baze1.jpg\"},{\"@type\":\"BreadcrumbList\",\"@id\":\"https:\\\/\\\/fjala.info\\\/2009-2015\\\/miliardat-serbeve-abetaren-hashimit\\\/#breadcrumb\",\"itemListElement\":[{\"@type\":\"ListItem\",\"position\":1,\"name\":\"Home\",\"item\":\"https:\\\/\\\/fjala.info\\\/2009-2015\\\/\"},{\"@type\":\"ListItem\",\"position\":2,\"name\":\"Miliardat serb\u00ebve, abetaren Hashimit!\"}]},{\"@type\":\"WebSite\",\"@id\":\"https:\\\/\\\/fjala.info\\\/2009-2015\\\/#website\",\"url\":\"https:\\\/\\\/fjala.info\\\/2009-2015\\\/\",\"name\":\"FjALA e LIR\u00cb - Arkivi\",\"description\":\"Arkivi 2009-2015\",\"publisher\":{\"@id\":\"https:\\\/\\\/fjala.info\\\/2009-2015\\\/#organization\"},\"potentialAction\":[{\"@type\":\"SearchAction\",\"target\":{\"@type\":\"EntryPoint\",\"urlTemplate\":\"https:\\\/\\\/fjala.info\\\/2009-2015\\\/?s={search_term_string}\"},\"query-input\":{\"@type\":\"PropertyValueSpecification\",\"valueRequired\":true,\"valueName\":\"search_term_string\"}}],\"inLanguage\":\"sq-AL\"},{\"@type\":\"Organization\",\"@id\":\"https:\\\/\\\/fjala.info\\\/2009-2015\\\/#organization\",\"name\":\"FjALA e LIR\u00cb - Arkivi\",\"url\":\"https:\\\/\\\/fjala.info\\\/2009-2015\\\/\",\"logo\":{\"@type\":\"ImageObject\",\"inLanguage\":\"sq-AL\",\"@id\":\"https:\\\/\\\/fjala.info\\\/2009-2015\\\/#\\\/schema\\\/logo\\\/image\\\/\",\"url\":\"\",\"contentUrl\":\"\",\"caption\":\"FjALA e LIR\u00cb - Arkivi\"},\"image\":{\"@id\":\"https:\\\/\\\/fjala.info\\\/2009-2015\\\/#\\\/schema\\\/logo\\\/image\\\/\"}},{\"@type\":\"Person\",\"@id\":\"https:\\\/\\\/fjala.info\\\/2009-2015\\\/#\\\/schema\\\/person\\\/3aa1163ef05469c496fc94e77611ada2\",\"name\":\"admin\",\"image\":{\"@type\":\"ImageObject\",\"inLanguage\":\"sq-AL\",\"@id\":\"https:\\\/\\\/fjala.info\\\/2009-2015\\\/wp-content\\\/uploads\\\/2012\\\/02\\\/arben_cokaj-120x150.jpg\",\"url\":\"https:\\\/\\\/fjala.info\\\/2009-2015\\\/wp-content\\\/uploads\\\/2012\\\/02\\\/arben_cokaj-120x150.jpg\",\"contentUrl\":\"https:\\\/\\\/fjala.info\\\/2009-2015\\\/wp-content\\\/uploads\\\/2012\\\/02\\\/arben_cokaj-120x150.jpg\",\"caption\":\"admin\"},\"description\":\"Admin, Fjala e Lir\u00eb\",\"sameAs\":[\"https:\\\/\\\/fjala.info\\\/\"],\"url\":\"https:\\\/\\\/fjala.info\\\/2009-2015\\\/author\\\/admin\\\/\"}]}<\/script>\n<!-- \/ Yoast SEO plugin. -->","yoast_head_json":{"title":"Miliardat serb\u00ebve, abetaren Hashimit! - FjALA e LIR\u00cb - Arkivi","robots":{"index":"index","follow":"follow","max-snippet":"max-snippet:-1","max-image-preview":"max-image-preview:large","max-video-preview":"max-video-preview:-1"},"canonical":"https:\/\/fjala.info\/2009-2015\/miliardat-serbeve-abetaren-hashimit\/","og_locale":"sq_AL","og_type":"article","og_title":"Miliardat serb\u00ebve, abetaren Hashimit! - FjALA e LIR\u00cb - Arkivi","og_description":"Nga Mero Baze, 19 Maj 2012 N\u00eb nj\u00eb njoftim zyrtar t\u00eb Kontrollit t\u00eb Lart\u00eb t\u00eb Shtetit konfirmohet nj\u00eb raport i hersh\u00ebm i gazet\u00ebs Tema mbi p\u00ebrfshirjen e dy kompanive serbe n\u00eb informatizimin e shkollave n\u00eb Shqip\u00ebri. Pazaret n\u00eb at\u00eb koh\u00eb nis\u00ebn nga Genc Pollo dhe u p\u00ebrfunduan nga pasardh\u00ebs t\u00eb tij. P\u00ebrve\u00e7 tentimit p\u00ebr t\u00eb [&hellip;]","og_url":"https:\/\/fjala.info\/2009-2015\/miliardat-serbeve-abetaren-hashimit\/","og_site_name":"FjALA e LIR\u00cb - Arkivi","article_published_time":"2012-05-20T21:40:26+00:00","og_image":[{"url":"http:\/\/www.shkoder.net\/images\/fjala\/mero_baze1.jpg","type":"","width":"","height":""}],"author":"admin","twitter_card":"summary_large_image","twitter_misc":{"Written by":"admin","Est. reading time":"4 minutes"},"schema":{"@context":"https:\/\/schema.org","@graph":[{"@type":"Article","@id":"https:\/\/fjala.info\/2009-2015\/miliardat-serbeve-abetaren-hashimit\/#article","isPartOf":{"@id":"https:\/\/fjala.info\/2009-2015\/miliardat-serbeve-abetaren-hashimit\/"},"author":{"name":"admin","@id":"https:\/\/fjala.info\/2009-2015\/#\/schema\/person\/3aa1163ef05469c496fc94e77611ada2"},"headline":"Miliardat serb\u00ebve, abetaren Hashimit!","datePublished":"2012-05-20T21:40:26+00:00","mainEntityOfPage":{"@id":"https:\/\/fjala.info\/2009-2015\/miliardat-serbeve-abetaren-hashimit\/"},"wordCount":868,"commentCount":0,"publisher":{"@id":"https:\/\/fjala.info\/2009-2015\/#organization"},"image":{"@id":"https:\/\/fjala.info\/2009-2015\/miliardat-serbeve-abetaren-hashimit\/#primaryimage"},"thumbnailUrl":"http:\/\/www.shkoder.net\/images\/fjala\/mero_baze1.jpg","articleSection":["Artikuj"],"inLanguage":"sq-AL","potentialAction":[{"@type":"CommentAction","name":"Comment","target":["https:\/\/fjala.info\/2009-2015\/miliardat-serbeve-abetaren-hashimit\/#respond"]}]},{"@type":"WebPage","@id":"https:\/\/fjala.info\/2009-2015\/miliardat-serbeve-abetaren-hashimit\/","url":"https:\/\/fjala.info\/2009-2015\/miliardat-serbeve-abetaren-hashimit\/","name":"Miliardat serb\u00ebve, abetaren Hashimit! - FjALA e LIR\u00cb - Arkivi","isPartOf":{"@id":"https:\/\/fjala.info\/2009-2015\/#website"},"primaryImageOfPage":{"@id":"https:\/\/fjala.info\/2009-2015\/miliardat-serbeve-abetaren-hashimit\/#primaryimage"},"image":{"@id":"https:\/\/fjala.info\/2009-2015\/miliardat-serbeve-abetaren-hashimit\/#primaryimage"},"thumbnailUrl":"http:\/\/www.shkoder.net\/images\/fjala\/mero_baze1.jpg","datePublished":"2012-05-20T21:40:26+00:00","breadcrumb":{"@id":"https:\/\/fjala.info\/2009-2015\/miliardat-serbeve-abetaren-hashimit\/#breadcrumb"},"inLanguage":"sq-AL","potentialAction":[{"@type":"ReadAction","target":["https:\/\/fjala.info\/2009-2015\/miliardat-serbeve-abetaren-hashimit\/"]}]},{"@type":"ImageObject","inLanguage":"sq-AL","@id":"https:\/\/fjala.info\/2009-2015\/miliardat-serbeve-abetaren-hashimit\/#primaryimage","url":"http:\/\/www.shkoder.net\/images\/fjala\/mero_baze1.jpg","contentUrl":"http:\/\/www.shkoder.net\/images\/fjala\/mero_baze1.jpg"},{"@type":"BreadcrumbList","@id":"https:\/\/fjala.info\/2009-2015\/miliardat-serbeve-abetaren-hashimit\/#breadcrumb","itemListElement":[{"@type":"ListItem","position":1,"name":"Home","item":"https:\/\/fjala.info\/2009-2015\/"},{"@type":"ListItem","position":2,"name":"Miliardat serb\u00ebve, abetaren Hashimit!"}]},{"@type":"WebSite","@id":"https:\/\/fjala.info\/2009-2015\/#website","url":"https:\/\/fjala.info\/2009-2015\/","name":"FjALA e LIR\u00cb - Arkivi","description":"Arkivi 2009-2015","publisher":{"@id":"https:\/\/fjala.info\/2009-2015\/#organization"},"potentialAction":[{"@type":"SearchAction","target":{"@type":"EntryPoint","urlTemplate":"https:\/\/fjala.info\/2009-2015\/?s={search_term_string}"},"query-input":{"@type":"PropertyValueSpecification","valueRequired":true,"valueName":"search_term_string"}}],"inLanguage":"sq-AL"},{"@type":"Organization","@id":"https:\/\/fjala.info\/2009-2015\/#organization","name":"FjALA e LIR\u00cb - Arkivi","url":"https:\/\/fjala.info\/2009-2015\/","logo":{"@type":"ImageObject","inLanguage":"sq-AL","@id":"https:\/\/fjala.info\/2009-2015\/#\/schema\/logo\/image\/","url":"","contentUrl":"","caption":"FjALA e LIR\u00cb - Arkivi"},"image":{"@id":"https:\/\/fjala.info\/2009-2015\/#\/schema\/logo\/image\/"}},{"@type":"Person","@id":"https:\/\/fjala.info\/2009-2015\/#\/schema\/person\/3aa1163ef05469c496fc94e77611ada2","name":"admin","image":{"@type":"ImageObject","inLanguage":"sq-AL","@id":"https:\/\/fjala.info\/2009-2015\/wp-content\/uploads\/2012\/02\/arben_cokaj-120x150.jpg","url":"https:\/\/fjala.info\/2009-2015\/wp-content\/uploads\/2012\/02\/arben_cokaj-120x150.jpg","contentUrl":"https:\/\/fjala.info\/2009-2015\/wp-content\/uploads\/2012\/02\/arben_cokaj-120x150.jpg","caption":"admin"},"description":"Admin, Fjala e Lir\u00eb","sameAs":["https:\/\/fjala.info\/"],"url":"https:\/\/fjala.info\/2009-2015\/author\/admin\/"}]}},"_links":{"self":[{"href":"https:\/\/fjala.info\/2009-2015\/wp-json\/wp\/v2\/posts\/2871","targetHints":{"allow":["GET"]}}],"collection":[{"href":"https:\/\/fjala.info\/2009-2015\/wp-json\/wp\/v2\/posts"}],"about":[{"href":"https:\/\/fjala.info\/2009-2015\/wp-json\/wp\/v2\/types\/post"}],"author":[{"embeddable":true,"href":"https:\/\/fjala.info\/2009-2015\/wp-json\/wp\/v2\/users\/1"}],"replies":[{"embeddable":true,"href":"https:\/\/fjala.info\/2009-2015\/wp-json\/wp\/v2\/comments?post=2871"}],"version-history":[{"count":0,"href":"https:\/\/fjala.info\/2009-2015\/wp-json\/wp\/v2\/posts\/2871\/revisions"}],"wp:attachment":[{"href":"https:\/\/fjala.info\/2009-2015\/wp-json\/wp\/v2\/media?parent=2871"}],"wp:term":[{"taxonomy":"category","embeddable":true,"href":"https:\/\/fjala.info\/2009-2015\/wp-json\/wp\/v2\/categories?post=2871"},{"taxonomy":"post_tag","embeddable":true,"href":"https:\/\/fjala.info\/2009-2015\/wp-json\/wp\/v2\/tags?post=2871"}],"curies":[{"name":"wp","href":"https:\/\/api.w.org\/{rel}","templated":true}]}}