{"id":287,"date":"2014-01-31T17:27:10","date_gmt":"2014-01-31T16:27:10","guid":{"rendered":"http:\/\/www.fjala.info\/?p=287"},"modified":"2014-01-31T17:27:10","modified_gmt":"2014-01-31T16:27:10","slug":"ministri-i-brendshem-apelon-per-qytetaret-njoftoni-per-cdo-problem-qe-mendoni-se-duhet-adresuar-ne-polici","status":"publish","type":"post","link":"https:\/\/fjala.info\/2009-2015\/ministri-i-brendshem-apelon-per-qytetaret-njoftoni-per-cdo-problem-qe-mendoni-se-duhet-adresuar-ne-polici\/","title":{"rendered":"Ministri i Brendsh\u00ebm apelon p\u00ebr qytetar\u00ebt: \u201cNjoftoni p\u00ebr \u00e7do problem q\u00eb mendoni se duhet adresuar n\u00eb polici\u201d"},"content":{"rendered":"<p><img decoding=\"async\" class=\"alignright size-thumbnail wp-image-7236\" title=\"Saimir Tahiri\" alt=\"\" src=\"http:\/\/www.fjala.info\/2014\/saimir_tahiri1.jpg\" width=\"200\" \/> <strong>ResPublica.al<\/strong> | <em>31 janar 2014<\/em><\/p>\n<p>Ministri i Brendsh\u00ebm Saimir Tahiri ka folur sot n\u00eb emisionin \u201cOpinion\u201d p\u00ebr \u00e7\u00ebshtjen e rendit dhe t\u00eb grupit kriminal t\u00eb arrestuar dje. Ai \u00ebsht\u00eb pyetur direkt nga moderatori Blendi Fevziu: \u201cA do t\u00eb ket\u00eb m\u00eb shp\u00ebrthime t\u00eb tilla\u201d, pyetje t\u00eb cil\u00ebs Tahiri i \u00ebsht\u00eb p\u00ebrgjigjur: \u201cUn\u00eb nuk mund t\u00eb b\u00ebj fallxhorin, apo t\u00eb b\u00ebj parashikime t\u00eb tilla. Ajo q\u00eb un\u00eb k\u00ebrkoj \u00ebsht\u00eb nj\u00eb mb\u00ebshtetje nga t\u00eb gjith\u00eb qytetar\u00ebt p\u00ebr t\u00eb njoftuar policin\u00eb p\u00ebr \u00e7do problem apo situat\u00eb q\u00eb ata mendojn\u00eb se duhet adresuar n\u00eb polici\u201d.<\/p>\n<p><em>s.z<\/em><\/p>\n","protected":false},"excerpt":{"rendered":"<p>ResPublica.al | 31 janar 2014 Ministri i Brendsh\u00ebm Saimir Tahiri ka folur sot n\u00eb emisionin \u201cOpinion\u201d p\u00ebr \u00e7\u00ebshtjen e rendit dhe t\u00eb grupit kriminal t\u00eb arrestuar dje. Ai \u00ebsht\u00eb pyetur direkt nga moderatori Blendi Fevziu: \u201cA do t\u00eb ket\u00eb m\u00eb shp\u00ebrthime t\u00eb tilla\u201d, pyetje t\u00eb cil\u00ebs Tahiri i \u00ebsht\u00eb p\u00ebrgjigjur: \u201cUn\u00eb nuk mund t\u00eb b\u00ebj [&hellip;]<\/p>\n","protected":false},"author":1,"featured_media":0,"comment_status":"open","ping_status":"closed","sticky":false,"template":"","format":"standard","meta":{"footnotes":""},"categories":[2,5],"tags":[],"class_list":{"0":"post-287","1":"post","2":"type-post","3":"status-publish","4":"format-standard","6":"category-artikuj","7":"category-lajme"},"yoast_head":"<!-- This site is optimized with the Yoast SEO plugin v27.4 - https:\/\/yoast.com\/product\/yoast-seo-wordpress\/ -->\n<title>Ministri i Brendsh\u00ebm apelon p\u00ebr qytetar\u00ebt: \u201cNjoftoni p\u00ebr \u00e7do problem q\u00eb mendoni se duhet adresuar n\u00eb polici\u201d - FjALA e LIR\u00cb - Arkivi<\/title>\n<meta name=\"robots\" content=\"index, follow, max-snippet:-1, max-image-preview:large, max-video-preview:-1\" \/>\n<link rel=\"canonical\" href=\"https:\/\/fjala.info\/2009-2015\/ministri-i-brendshem-apelon-per-qytetaret-njoftoni-per-cdo-problem-qe-mendoni-se-duhet-adresuar-ne-polici\/\" \/>\n<meta property=\"og:locale\" content=\"sq_AL\" \/>\n<meta property=\"og:type\" content=\"article\" \/>\n<meta property=\"og:title\" content=\"Ministri i Brendsh\u00ebm apelon p\u00ebr qytetar\u00ebt: \u201cNjoftoni p\u00ebr \u00e7do problem q\u00eb mendoni se duhet adresuar n\u00eb polici\u201d - FjALA e LIR\u00cb - Arkivi\" \/>\n<meta property=\"og:description\" content=\"ResPublica.al | 31 janar 2014 Ministri i Brendsh\u00ebm Saimir Tahiri ka folur sot n\u00eb emisionin \u201cOpinion\u201d p\u00ebr \u00e7\u00ebshtjen e rendit dhe t\u00eb grupit kriminal t\u00eb arrestuar dje. Ai \u00ebsht\u00eb pyetur direkt nga moderatori Blendi Fevziu: \u201cA do t\u00eb ket\u00eb m\u00eb shp\u00ebrthime t\u00eb tilla\u201d, pyetje t\u00eb cil\u00ebs Tahiri i \u00ebsht\u00eb p\u00ebrgjigjur: \u201cUn\u00eb nuk mund t\u00eb b\u00ebj [&hellip;]\" \/>\n<meta property=\"og:url\" content=\"https:\/\/fjala.info\/2009-2015\/ministri-i-brendshem-apelon-per-qytetaret-njoftoni-per-cdo-problem-qe-mendoni-se-duhet-adresuar-ne-polici\/\" \/>\n<meta property=\"og:site_name\" content=\"FjALA e LIR\u00cb - Arkivi\" \/>\n<meta property=\"article:published_time\" content=\"2014-01-31T16:27:10+00:00\" \/>\n<meta property=\"og:image\" content=\"http:\/\/www.fjala.info\/2014\/saimir_tahiri1.jpg\" \/>\n<meta name=\"author\" content=\"admin\" \/>\n<meta name=\"twitter:card\" content=\"summary_large_image\" \/>\n<meta name=\"twitter:label1\" content=\"Written by\" \/>\n\t<meta name=\"twitter:data1\" content=\"admin\" \/>\n\t<meta name=\"twitter:label2\" content=\"Est. reading time\" \/>\n\t<meta name=\"twitter:data2\" content=\"1 minute\" \/>\n<script type=\"application\/ld+json\" class=\"yoast-schema-graph\">{\"@context\":\"https:\\\/\\\/schema.org\",\"@graph\":[{\"@type\":\"Article\",\"@id\":\"https:\\\/\\\/fjala.info\\\/2009-2015\\\/ministri-i-brendshem-apelon-per-qytetaret-njoftoni-per-cdo-problem-qe-mendoni-se-duhet-adresuar-ne-polici\\\/#article\",\"isPartOf\":{\"@id\":\"https:\\\/\\\/fjala.info\\\/2009-2015\\\/ministri-i-brendshem-apelon-per-qytetaret-njoftoni-per-cdo-problem-qe-mendoni-se-duhet-adresuar-ne-polici\\\/\"},\"author\":{\"name\":\"admin\",\"@id\":\"https:\\\/\\\/fjala.info\\\/2009-2015\\\/#\\\/schema\\\/person\\\/3aa1163ef05469c496fc94e77611ada2\"},\"headline\":\"Ministri i Brendsh\u00ebm apelon p\u00ebr qytetar\u00ebt: \u201cNjoftoni p\u00ebr \u00e7do problem q\u00eb mendoni se duhet adresuar n\u00eb polici\u201d\",\"datePublished\":\"2014-01-31T16:27:10+00:00\",\"mainEntityOfPage\":{\"@id\":\"https:\\\/\\\/fjala.info\\\/2009-2015\\\/ministri-i-brendshem-apelon-per-qytetaret-njoftoni-per-cdo-problem-qe-mendoni-se-duhet-adresuar-ne-polici\\\/\"},\"wordCount\":123,\"commentCount\":0,\"publisher\":{\"@id\":\"https:\\\/\\\/fjala.info\\\/2009-2015\\\/#organization\"},\"image\":{\"@id\":\"https:\\\/\\\/fjala.info\\\/2009-2015\\\/ministri-i-brendshem-apelon-per-qytetaret-njoftoni-per-cdo-problem-qe-mendoni-se-duhet-adresuar-ne-polici\\\/#primaryimage\"},\"thumbnailUrl\":\"http:\\\/\\\/www.fjala.info\\\/2014\\\/saimir_tahiri1.jpg\",\"articleSection\":[\"Artikuj\",\"Lajme\"],\"inLanguage\":\"sq-AL\",\"potentialAction\":[{\"@type\":\"CommentAction\",\"name\":\"Comment\",\"target\":[\"https:\\\/\\\/fjala.info\\\/2009-2015\\\/ministri-i-brendshem-apelon-per-qytetaret-njoftoni-per-cdo-problem-qe-mendoni-se-duhet-adresuar-ne-polici\\\/#respond\"]}]},{\"@type\":\"WebPage\",\"@id\":\"https:\\\/\\\/fjala.info\\\/2009-2015\\\/ministri-i-brendshem-apelon-per-qytetaret-njoftoni-per-cdo-problem-qe-mendoni-se-duhet-adresuar-ne-polici\\\/\",\"url\":\"https:\\\/\\\/fjala.info\\\/2009-2015\\\/ministri-i-brendshem-apelon-per-qytetaret-njoftoni-per-cdo-problem-qe-mendoni-se-duhet-adresuar-ne-polici\\\/\",\"name\":\"Ministri i Brendsh\u00ebm apelon p\u00ebr qytetar\u00ebt: \u201cNjoftoni p\u00ebr \u00e7do problem q\u00eb mendoni se duhet adresuar n\u00eb polici\u201d - FjALA e LIR\u00cb - Arkivi\",\"isPartOf\":{\"@id\":\"https:\\\/\\\/fjala.info\\\/2009-2015\\\/#website\"},\"primaryImageOfPage\":{\"@id\":\"https:\\\/\\\/fjala.info\\\/2009-2015\\\/ministri-i-brendshem-apelon-per-qytetaret-njoftoni-per-cdo-problem-qe-mendoni-se-duhet-adresuar-ne-polici\\\/#primaryimage\"},\"image\":{\"@id\":\"https:\\\/\\\/fjala.info\\\/2009-2015\\\/ministri-i-brendshem-apelon-per-qytetaret-njoftoni-per-cdo-problem-qe-mendoni-se-duhet-adresuar-ne-polici\\\/#primaryimage\"},\"thumbnailUrl\":\"http:\\\/\\\/www.fjala.info\\\/2014\\\/saimir_tahiri1.jpg\",\"datePublished\":\"2014-01-31T16:27:10+00:00\",\"breadcrumb\":{\"@id\":\"https:\\\/\\\/fjala.info\\\/2009-2015\\\/ministri-i-brendshem-apelon-per-qytetaret-njoftoni-per-cdo-problem-qe-mendoni-se-duhet-adresuar-ne-polici\\\/#breadcrumb\"},\"inLanguage\":\"sq-AL\",\"potentialAction\":[{\"@type\":\"ReadAction\",\"target\":[\"https:\\\/\\\/fjala.info\\\/2009-2015\\\/ministri-i-brendshem-apelon-per-qytetaret-njoftoni-per-cdo-problem-qe-mendoni-se-duhet-adresuar-ne-polici\\\/\"]}]},{\"@type\":\"ImageObject\",\"inLanguage\":\"sq-AL\",\"@id\":\"https:\\\/\\\/fjala.info\\\/2009-2015\\\/ministri-i-brendshem-apelon-per-qytetaret-njoftoni-per-cdo-problem-qe-mendoni-se-duhet-adresuar-ne-polici\\\/#primaryimage\",\"url\":\"http:\\\/\\\/www.fjala.info\\\/2014\\\/saimir_tahiri1.jpg\",\"contentUrl\":\"http:\\\/\\\/www.fjala.info\\\/2014\\\/saimir_tahiri1.jpg\"},{\"@type\":\"BreadcrumbList\",\"@id\":\"https:\\\/\\\/fjala.info\\\/2009-2015\\\/ministri-i-brendshem-apelon-per-qytetaret-njoftoni-per-cdo-problem-qe-mendoni-se-duhet-adresuar-ne-polici\\\/#breadcrumb\",\"itemListElement\":[{\"@type\":\"ListItem\",\"position\":1,\"name\":\"Home\",\"item\":\"https:\\\/\\\/fjala.info\\\/2009-2015\\\/\"},{\"@type\":\"ListItem\",\"position\":2,\"name\":\"Ministri i Brendsh\u00ebm apelon p\u00ebr qytetar\u00ebt: \u201cNjoftoni p\u00ebr \u00e7do problem q\u00eb mendoni se duhet adresuar n\u00eb polici\u201d\"}]},{\"@type\":\"WebSite\",\"@id\":\"https:\\\/\\\/fjala.info\\\/2009-2015\\\/#website\",\"url\":\"https:\\\/\\\/fjala.info\\\/2009-2015\\\/\",\"name\":\"FjALA e LIR\u00cb - Arkivi\",\"description\":\"Arkivi 2009-2015\",\"publisher\":{\"@id\":\"https:\\\/\\\/fjala.info\\\/2009-2015\\\/#organization\"},\"potentialAction\":[{\"@type\":\"SearchAction\",\"target\":{\"@type\":\"EntryPoint\",\"urlTemplate\":\"https:\\\/\\\/fjala.info\\\/2009-2015\\\/?s={search_term_string}\"},\"query-input\":{\"@type\":\"PropertyValueSpecification\",\"valueRequired\":true,\"valueName\":\"search_term_string\"}}],\"inLanguage\":\"sq-AL\"},{\"@type\":\"Organization\",\"@id\":\"https:\\\/\\\/fjala.info\\\/2009-2015\\\/#organization\",\"name\":\"FjALA e LIR\u00cb - Arkivi\",\"url\":\"https:\\\/\\\/fjala.info\\\/2009-2015\\\/\",\"logo\":{\"@type\":\"ImageObject\",\"inLanguage\":\"sq-AL\",\"@id\":\"https:\\\/\\\/fjala.info\\\/2009-2015\\\/#\\\/schema\\\/logo\\\/image\\\/\",\"url\":\"\",\"contentUrl\":\"\",\"caption\":\"FjALA e LIR\u00cb - Arkivi\"},\"image\":{\"@id\":\"https:\\\/\\\/fjala.info\\\/2009-2015\\\/#\\\/schema\\\/logo\\\/image\\\/\"}},{\"@type\":\"Person\",\"@id\":\"https:\\\/\\\/fjala.info\\\/2009-2015\\\/#\\\/schema\\\/person\\\/3aa1163ef05469c496fc94e77611ada2\",\"name\":\"admin\",\"image\":{\"@type\":\"ImageObject\",\"inLanguage\":\"sq-AL\",\"@id\":\"https:\\\/\\\/fjala.info\\\/2009-2015\\\/wp-content\\\/uploads\\\/2012\\\/02\\\/arben_cokaj-120x150.jpg\",\"url\":\"https:\\\/\\\/fjala.info\\\/2009-2015\\\/wp-content\\\/uploads\\\/2012\\\/02\\\/arben_cokaj-120x150.jpg\",\"contentUrl\":\"https:\\\/\\\/fjala.info\\\/2009-2015\\\/wp-content\\\/uploads\\\/2012\\\/02\\\/arben_cokaj-120x150.jpg\",\"caption\":\"admin\"},\"description\":\"Admin, Fjala e Lir\u00eb\",\"sameAs\":[\"https:\\\/\\\/fjala.info\\\/\"],\"url\":\"https:\\\/\\\/fjala.info\\\/2009-2015\\\/author\\\/admin\\\/\"}]}<\/script>\n<!-- \/ Yoast SEO plugin. -->","yoast_head_json":{"title":"Ministri i Brendsh\u00ebm apelon p\u00ebr qytetar\u00ebt: \u201cNjoftoni p\u00ebr \u00e7do problem q\u00eb mendoni se duhet adresuar n\u00eb polici\u201d - FjALA e LIR\u00cb - Arkivi","robots":{"index":"index","follow":"follow","max-snippet":"max-snippet:-1","max-image-preview":"max-image-preview:large","max-video-preview":"max-video-preview:-1"},"canonical":"https:\/\/fjala.info\/2009-2015\/ministri-i-brendshem-apelon-per-qytetaret-njoftoni-per-cdo-problem-qe-mendoni-se-duhet-adresuar-ne-polici\/","og_locale":"sq_AL","og_type":"article","og_title":"Ministri i Brendsh\u00ebm apelon p\u00ebr qytetar\u00ebt: \u201cNjoftoni p\u00ebr \u00e7do problem q\u00eb mendoni se duhet adresuar n\u00eb polici\u201d - FjALA e LIR\u00cb - Arkivi","og_description":"ResPublica.al | 31 janar 2014 Ministri i Brendsh\u00ebm Saimir Tahiri ka folur sot n\u00eb emisionin \u201cOpinion\u201d p\u00ebr \u00e7\u00ebshtjen e rendit dhe t\u00eb grupit kriminal t\u00eb arrestuar dje. Ai \u00ebsht\u00eb pyetur direkt nga moderatori Blendi Fevziu: \u201cA do t\u00eb ket\u00eb m\u00eb shp\u00ebrthime t\u00eb tilla\u201d, pyetje t\u00eb cil\u00ebs Tahiri i \u00ebsht\u00eb p\u00ebrgjigjur: \u201cUn\u00eb nuk mund t\u00eb b\u00ebj [&hellip;]","og_url":"https:\/\/fjala.info\/2009-2015\/ministri-i-brendshem-apelon-per-qytetaret-njoftoni-per-cdo-problem-qe-mendoni-se-duhet-adresuar-ne-polici\/","og_site_name":"FjALA e LIR\u00cb - Arkivi","article_published_time":"2014-01-31T16:27:10+00:00","og_image":[{"url":"http:\/\/www.fjala.info\/2014\/saimir_tahiri1.jpg","type":"","width":"","height":""}],"author":"admin","twitter_card":"summary_large_image","twitter_misc":{"Written by":"admin","Est. reading time":"1 minute"},"schema":{"@context":"https:\/\/schema.org","@graph":[{"@type":"Article","@id":"https:\/\/fjala.info\/2009-2015\/ministri-i-brendshem-apelon-per-qytetaret-njoftoni-per-cdo-problem-qe-mendoni-se-duhet-adresuar-ne-polici\/#article","isPartOf":{"@id":"https:\/\/fjala.info\/2009-2015\/ministri-i-brendshem-apelon-per-qytetaret-njoftoni-per-cdo-problem-qe-mendoni-se-duhet-adresuar-ne-polici\/"},"author":{"name":"admin","@id":"https:\/\/fjala.info\/2009-2015\/#\/schema\/person\/3aa1163ef05469c496fc94e77611ada2"},"headline":"Ministri i Brendsh\u00ebm apelon p\u00ebr qytetar\u00ebt: \u201cNjoftoni p\u00ebr \u00e7do problem q\u00eb mendoni se duhet adresuar n\u00eb polici\u201d","datePublished":"2014-01-31T16:27:10+00:00","mainEntityOfPage":{"@id":"https:\/\/fjala.info\/2009-2015\/ministri-i-brendshem-apelon-per-qytetaret-njoftoni-per-cdo-problem-qe-mendoni-se-duhet-adresuar-ne-polici\/"},"wordCount":123,"commentCount":0,"publisher":{"@id":"https:\/\/fjala.info\/2009-2015\/#organization"},"image":{"@id":"https:\/\/fjala.info\/2009-2015\/ministri-i-brendshem-apelon-per-qytetaret-njoftoni-per-cdo-problem-qe-mendoni-se-duhet-adresuar-ne-polici\/#primaryimage"},"thumbnailUrl":"http:\/\/www.fjala.info\/2014\/saimir_tahiri1.jpg","articleSection":["Artikuj","Lajme"],"inLanguage":"sq-AL","potentialAction":[{"@type":"CommentAction","name":"Comment","target":["https:\/\/fjala.info\/2009-2015\/ministri-i-brendshem-apelon-per-qytetaret-njoftoni-per-cdo-problem-qe-mendoni-se-duhet-adresuar-ne-polici\/#respond"]}]},{"@type":"WebPage","@id":"https:\/\/fjala.info\/2009-2015\/ministri-i-brendshem-apelon-per-qytetaret-njoftoni-per-cdo-problem-qe-mendoni-se-duhet-adresuar-ne-polici\/","url":"https:\/\/fjala.info\/2009-2015\/ministri-i-brendshem-apelon-per-qytetaret-njoftoni-per-cdo-problem-qe-mendoni-se-duhet-adresuar-ne-polici\/","name":"Ministri i Brendsh\u00ebm apelon p\u00ebr qytetar\u00ebt: \u201cNjoftoni p\u00ebr \u00e7do problem q\u00eb mendoni se duhet adresuar n\u00eb polici\u201d - FjALA e LIR\u00cb - Arkivi","isPartOf":{"@id":"https:\/\/fjala.info\/2009-2015\/#website"},"primaryImageOfPage":{"@id":"https:\/\/fjala.info\/2009-2015\/ministri-i-brendshem-apelon-per-qytetaret-njoftoni-per-cdo-problem-qe-mendoni-se-duhet-adresuar-ne-polici\/#primaryimage"},"image":{"@id":"https:\/\/fjala.info\/2009-2015\/ministri-i-brendshem-apelon-per-qytetaret-njoftoni-per-cdo-problem-qe-mendoni-se-duhet-adresuar-ne-polici\/#primaryimage"},"thumbnailUrl":"http:\/\/www.fjala.info\/2014\/saimir_tahiri1.jpg","datePublished":"2014-01-31T16:27:10+00:00","breadcrumb":{"@id":"https:\/\/fjala.info\/2009-2015\/ministri-i-brendshem-apelon-per-qytetaret-njoftoni-per-cdo-problem-qe-mendoni-se-duhet-adresuar-ne-polici\/#breadcrumb"},"inLanguage":"sq-AL","potentialAction":[{"@type":"ReadAction","target":["https:\/\/fjala.info\/2009-2015\/ministri-i-brendshem-apelon-per-qytetaret-njoftoni-per-cdo-problem-qe-mendoni-se-duhet-adresuar-ne-polici\/"]}]},{"@type":"ImageObject","inLanguage":"sq-AL","@id":"https:\/\/fjala.info\/2009-2015\/ministri-i-brendshem-apelon-per-qytetaret-njoftoni-per-cdo-problem-qe-mendoni-se-duhet-adresuar-ne-polici\/#primaryimage","url":"http:\/\/www.fjala.info\/2014\/saimir_tahiri1.jpg","contentUrl":"http:\/\/www.fjala.info\/2014\/saimir_tahiri1.jpg"},{"@type":"BreadcrumbList","@id":"https:\/\/fjala.info\/2009-2015\/ministri-i-brendshem-apelon-per-qytetaret-njoftoni-per-cdo-problem-qe-mendoni-se-duhet-adresuar-ne-polici\/#breadcrumb","itemListElement":[{"@type":"ListItem","position":1,"name":"Home","item":"https:\/\/fjala.info\/2009-2015\/"},{"@type":"ListItem","position":2,"name":"Ministri i Brendsh\u00ebm apelon p\u00ebr qytetar\u00ebt: \u201cNjoftoni p\u00ebr \u00e7do problem q\u00eb mendoni se duhet adresuar n\u00eb polici\u201d"}]},{"@type":"WebSite","@id":"https:\/\/fjala.info\/2009-2015\/#website","url":"https:\/\/fjala.info\/2009-2015\/","name":"FjALA e LIR\u00cb - Arkivi","description":"Arkivi 2009-2015","publisher":{"@id":"https:\/\/fjala.info\/2009-2015\/#organization"},"potentialAction":[{"@type":"SearchAction","target":{"@type":"EntryPoint","urlTemplate":"https:\/\/fjala.info\/2009-2015\/?s={search_term_string}"},"query-input":{"@type":"PropertyValueSpecification","valueRequired":true,"valueName":"search_term_string"}}],"inLanguage":"sq-AL"},{"@type":"Organization","@id":"https:\/\/fjala.info\/2009-2015\/#organization","name":"FjALA e LIR\u00cb - Arkivi","url":"https:\/\/fjala.info\/2009-2015\/","logo":{"@type":"ImageObject","inLanguage":"sq-AL","@id":"https:\/\/fjala.info\/2009-2015\/#\/schema\/logo\/image\/","url":"","contentUrl":"","caption":"FjALA e LIR\u00cb - Arkivi"},"image":{"@id":"https:\/\/fjala.info\/2009-2015\/#\/schema\/logo\/image\/"}},{"@type":"Person","@id":"https:\/\/fjala.info\/2009-2015\/#\/schema\/person\/3aa1163ef05469c496fc94e77611ada2","name":"admin","image":{"@type":"ImageObject","inLanguage":"sq-AL","@id":"https:\/\/fjala.info\/2009-2015\/wp-content\/uploads\/2012\/02\/arben_cokaj-120x150.jpg","url":"https:\/\/fjala.info\/2009-2015\/wp-content\/uploads\/2012\/02\/arben_cokaj-120x150.jpg","contentUrl":"https:\/\/fjala.info\/2009-2015\/wp-content\/uploads\/2012\/02\/arben_cokaj-120x150.jpg","caption":"admin"},"description":"Admin, Fjala e Lir\u00eb","sameAs":["https:\/\/fjala.info\/"],"url":"https:\/\/fjala.info\/2009-2015\/author\/admin\/"}]}},"_links":{"self":[{"href":"https:\/\/fjala.info\/2009-2015\/wp-json\/wp\/v2\/posts\/287","targetHints":{"allow":["GET"]}}],"collection":[{"href":"https:\/\/fjala.info\/2009-2015\/wp-json\/wp\/v2\/posts"}],"about":[{"href":"https:\/\/fjala.info\/2009-2015\/wp-json\/wp\/v2\/types\/post"}],"author":[{"embeddable":true,"href":"https:\/\/fjala.info\/2009-2015\/wp-json\/wp\/v2\/users\/1"}],"replies":[{"embeddable":true,"href":"https:\/\/fjala.info\/2009-2015\/wp-json\/wp\/v2\/comments?post=287"}],"version-history":[{"count":0,"href":"https:\/\/fjala.info\/2009-2015\/wp-json\/wp\/v2\/posts\/287\/revisions"}],"wp:attachment":[{"href":"https:\/\/fjala.info\/2009-2015\/wp-json\/wp\/v2\/media?parent=287"}],"wp:term":[{"taxonomy":"category","embeddable":true,"href":"https:\/\/fjala.info\/2009-2015\/wp-json\/wp\/v2\/categories?post=287"},{"taxonomy":"post_tag","embeddable":true,"href":"https:\/\/fjala.info\/2009-2015\/wp-json\/wp\/v2\/tags?post=287"}],"curies":[{"name":"wp","href":"https:\/\/api.w.org\/{rel}","templated":true}]}}