{"id":2850,"date":"2012-05-20T22:03:10","date_gmt":"2012-05-20T21:03:10","guid":{"rendered":"http:\/\/www.fjala.info\/?p=2850"},"modified":"2012-05-20T22:03:10","modified_gmt":"2012-05-20T21:03:10","slug":"gjithe-veprat-patriotike-te-berishes-lidhen-me-sherbime-ndaj-greqise-e-serbise","status":"publish","type":"post","link":"https:\/\/fjala.info\/2009-2015\/gjithe-veprat-patriotike-te-berishes-lidhen-me-sherbime-ndaj-greqise-e-serbise\/","title":{"rendered":"Gjith\u00eb \u201cveprat patriotike\u201d t\u00eb Berish\u00ebs, lidhen me sh\u00ebrbime ndaj Greqis\u00eb e Serbis\u00eb!"},"content":{"rendered":"<p><img decoding=\"async\" class=\"alignright size-thumbnail wp-image-7236\" title=\"Sali Berisha\" src=\"http:\/\/www.fjala.info\/2012\/berisha_cader.jpg\" alt=\"\" width=\"300\" \/> Nga <strong>P\u00ebrparim Halili<\/strong>, <em>19 Maj 2012<\/em><\/p>\n<p>Q\u00eb prej dit\u00ebs kur vet\u00ebshpalli \u201cVitin parap\u00ebrgatitor t\u00eb 100 vjetorit t\u00eb Pavar\u00ebsis\u00eb\u201d, Sali Berisha po b\u00ebn t\u00eb gjitha p\u00ebrpjekjet private e zyrtare deri me pazare e lobime t\u00eb fuqishme financiare, p\u00ebr t\u00eb rifituar \u201ctitullin\u201d e humbur si qytetar, shtetar e politikan \u201catdhetar patriot\u201d. Shqiptar\u00ebt e kan\u00eb etiketuar p\u00ebrfundimisht Sali Berish\u00ebn si \u201canti-shqiptar\u201d, p\u00ebr shkak se n\u00eb k\u00ebto 20 vite veprimtari politike e qeveri\u00ebse, ai ka projektuar, ka iniciuar, realizuar e \u201cvulosur\u201d nj\u00eb seri politikash e veprimesh anti-komb\u00ebtare, madje deri me akte cop\u00ebtimesh territoriale t\u00eb vendit. Duket qart\u00eb, q\u00eb Sali Berisha po p\u00ebrpiqet t\u00eb shfryt\u00ebzoj\u00eb 100-vjetorin e krijimit t\u00eb shtetit Shqiptar, si mund\u00ebsin\u00eb e tij t\u00eb fundit p\u00ebr heqjen e damk\u00ebs \u201cAnti-shqiptar\u201d. \u00c7do p\u00ebrkujtim figurash t\u00eb kombit, \u00e7do p\u00ebrurim, koncert, ekspozit\u00eb, vizit\u00eb n\u00eb diaspor\u00eb e projekt p\u00ebrkujtimor, madje dhe koncerte f\u00ebmij\u00ebsh me k\u00ebng\u00eb patriotike, ai i \u201cstampon\u201d me logon e tij publike: \u201cN\u00ebn p\u00ebrkujdesjen e kryeministrit Sali Berisha\u201d. Nj\u00eb nga k\u00ebto p\u00ebrpjekje artificiale me pamje komike, ishte \u201cgatimi\u201d dhe prezantimi i \u201cdefter\u201d Abetares Mbar\u00ebshqiptare, t\u00eb cil\u00ebn e \u00e7oi p\u00ebr \u201cbekim\u201d deri n\u00eb Kosov\u00eb, atje ku Berisha ka l\u00ebn\u00eb shum\u00eb \u201cgjurm\u00eb\u201d aktesh anti-komb\u00ebtare.<\/p>\n<p>Nd\u00ebrsa me qylaf \u201cpatriotik\u201d n\u00eb kok\u00eb e me Abetare n\u00eb dor\u00eb, foli p\u00ebr \u201catdhetarizmin shqiptar\u201d duke paralajm\u00ebruar serb\u00ebt \u201ct\u00eb mos guxojn\u00eb t\u00eb prekin Kosov\u00ebn\u201d, vet\u00ebm 24 or\u00eb m\u00eb pas, iu zbulua nj\u00eb \u201cgjurm\u00eb\u201d sh\u00ebrbimi pro-serb brenda ministris\u00eb s\u00eb Arsimit, t\u00eb qeveris\u00eb q\u00eb drejton d.v. Sali Berisha. Sipas KLSH rezulton, se ashtu si rrug\u00ebt, energjin\u00eb, TEC-et e turizmin dhe \u201cdixhitalizmin e famsh\u00ebm\u201d t\u00eb shkollave shqiptare, \u201cpatrioti\u201d Sali Berisha ia paska besuar firmave serbe \u201cMpSoft Group\u201d e \u201cCT Computers\u201d. Nuk po flasim p\u00ebr korrupsionin dhe falsitetin e punimeve t\u00eb k\u00ebtij investimi gjigand, q\u00eb \u00ebsht\u00eb toleruar, miratuar e paguar si \u201cfr\u00ebngu pul\u00ebn\u201d prej taksave t\u00eb shqiptar\u00ebve n\u00eb favor t\u00eb \u201cdamir fazlli\u00e7\u00ebve\u201d serb\u00eb. Nuk po themi, as se p\u00ebrse Berisha nuk e \u00e7oi \u201cAbetaren Mbarkomb\u00ebtare Shqiptare\u201d dhe trojet shqiptare n\u00eb Mal t\u00eb Zi, n\u00eb Maqedoni e Greqi, sepse e dim\u00eb qart\u00eb \u201cPSE\u201d-n\u00eb e k\u00ebsaj \u201cpengese\u201d t\u00eb \u201cpatriotit\u201d Sali Berisha. Por po citojm\u00eb vet\u00ebm at\u00eb q\u00eb tha Berisha n\u00eb Kosov\u00eb: \u201cAbetarja \u00ebsht\u00eb \u201cvepra m\u00eb e madhe patriotike e qeveris\u00eb q\u00eb drejtoj un\u00eb\u201d! P\u00ebrher\u00eb k\u00ebshtu ka th\u00ebn\u00eb e thot\u00eb Sali Berisha, kur i duhet t\u00eb paraqitet \u201cpatriot dhe atdhetar i shquar\u201d. Por nuk jep asnj\u00eb shpjegim, se p\u00ebrse t\u00eb gjith\u00eb \u201cveprat e tij patriotike\u201d lidhen me sh\u00ebrbime t\u00eb pista e anti-komb\u00ebtare, n\u00eb favor t\u00eb interesave komb\u00ebtare t\u00eb Greqis\u00eb e Serbis\u00eb! Dhe nuk jan\u00eb pak. Po kujtojm\u00eb disa fakte e \u201cvepra e akte patriotizmi\u201d fals dhe anti-shqiptarizmi real, t\u00eb cilat kan\u00eb nism\u00ebn, p\u00ebrpjekjet, realizmin dhe \u201cvul\u00ebn\u201d e Sali Berish\u00ebs.<\/p>\n<p>&#8211; \u201cVEPRA E PAR\u00cb PATRIOTIKE\u201d: N\u00eb vitin 1992, me fuqin\u00eb e pushtetit absolut si president i Republik\u00ebs, Sali Berisha duke zbatuar n\u00eb m\u00ebnyr\u00eb anti-Kushtetuese ligjin komunist 7501, u dha n\u00eb pron\u00ebsi minoritar\u00ebve grek\u00eb truallin shqiptar n\u00eb Jug t\u00eb Shqip\u00ebris\u00eb, n\u00ebn em\u00ebrtimin \u201cNdarje dhe pron\u00ebsim toke bujq\u00ebsore\u201d e cila tashm\u00eb zyrtarisht quhet \u201ctok\u00eb greke\u201d.<\/p>\n<p>&#8211; \u201cVEPRA E DYT\u00cb PATRIOTIKE\u201d: N\u00eb vitin 1992, me fuqin\u00eb e pushtetit absolut si president i Republik\u00ebs. Sali Berisha pas pazareve anti-shqiptare me Greqin\u00eb solli, pranoi dhe ligj\u00ebroi vendosjen e klerikut shovinist grek, anti-shqiptarin Janullatos n\u00eb krye t\u00eb Kish\u00ebs Autoqefale Shqiptare.<\/p>\n<p>&#8211; \u201cVEPRA E TRET\u00cb PATRIOTIKE\u201d: N\u00eb 15 shtator t\u00eb vitit 1993, me pushtetin e plotfuqish\u00ebm si president Republike, Sali Berisha n\u00ebnshkroi marr\u00ebveshjen kriminale me Miloshevi\u00e7in, p\u00ebr furnizimin e Serbis\u00eb me karburante e arm\u00eb, nd\u00ebrkoh\u00eb q\u00eb Serbia kishte nisur dhe po vazhdonte p\u00ebrgjaksh\u00ebm gjenocidin spastrues etnik t\u00eb shqiptar\u00ebve n\u00eb Kosov\u00eb, duke shkelur embargon e vendosur nga SHBA dhe nd\u00ebrkomb\u00ebtar\u00ebt.<\/p>\n<p>&#8211; \u201cVEPRA E KAT\u00cbRT PATRIOTIKE\u201d: Me pushtetin e plotfuqish\u00ebm si president Republike, Sali Berisha zbatoi urdhrin e Miloshevi\u00e7it p\u00ebr t\u00eb zbuluar, kapur e asgj\u00ebsuar drejtuesit e U\u00c7K q\u00eb kryenin veprimtari nga Shqip\u00ebria, duke e realizuar k\u00ebt\u00eb \u201cakt patriotik\u201d n\u00ebp\u00ebrmjet SHIK-ut.<\/p>\n<p>&#8211; \u201cVEPRA E PEST\u00cb PATRIOTIKE\u201d: Sali Berisha pranoi dhe realizoi takimin me kryemafiozin kryeterrorist serb anti-shqiptarin Arkan dhe presidentin serb Slobodan Miloshevi\u00e7, p\u00ebr t\u00eb nd\u00ebrtuar politika e veprimtari t\u00eb p\u00ebrbashk\u00ebta unike, kund\u00ebr pavar\u00ebsis\u00eb s\u00eb Kosov\u00ebs dhe sabotimin e luft\u00ebs \u00e7lirimtare t\u00eb U\u00c7K.<\/p>\n<p>&#8211; \u201cVEPRA E GJASHT\u00cb PATRIOTIKE\u201d: I vetshpalluri \u201cpatriot\u201d Sali Berisha, doli hapur publikisht kund\u00ebr marr\u00ebveshjes s\u00eb \u201cRambujes\u00eb\u201d duke b\u00ebr\u00eb deklarata n\u00eb favor t\u00eb genocidit, interesave e politikave anti-shqiptare serbe, nd\u00ebrkoh\u00eb q\u00eb Kosov\u00ebn e mb\u00ebshtet\u00ebn gjith\u00eb aleat\u00ebt nd\u00ebrkomb\u00ebtar\u00eb.<\/p>\n<p>&#8211; \u201cVEPRA E SHTAT\u00cb PATRIOTIKE\u201d: Kryeministri Sali Berisha, n\u00eb em\u00ebr t\u00eb \u201cpatriotizmit\u201d e \u201catdhetarizmit\u201d, ia ka dh\u00ebn\u00eb firmave serbe gjith\u00eb tenderat e blerjes, shitjes dhe transmetimit t\u00eb energjis\u00eb elektrike.<\/p>\n<p>&#8211; \u201cVEPRA E TET\u00cb PATRIOTIKE\u201d: Kryeministri \u201cpatriot\u201d e \u201catdhetar\u201d Sali Berisha, ka marr\u00eb vendim q\u00eb gjith\u00eb sistemin e nd\u00ebrtimit t\u00eb TEC-ve, t\u2019ia jap serbit anti-shqiptar Damir Fazlli\u00e7, duke nxjerr jasht\u00eb loje kompanit\u00eb investuese e nd\u00ebrtuese shqiptare.<\/p>\n<p>&#8211; \u201cVEPRA E N\u00cbNT\u00cb PATRIOTIKE\u201d: Me pushtetin e tij absolut si kryeminist\u00ebr, \u201cpatrioti\u201d e \u201catdhetari\u201d Sali Berisha em\u00ebroi serbin anti-shqiptar Damir Fazlli\u00e7, si an\u00ebtar t\u00eb K\u00ebshillit t\u00eb Siguris\u00eb Komb\u00ebtare Shqiptare, me t\u00eb drejt\u00eb t\u00eb plot\u00eb p\u00ebr t\u00eb marr\u00eb e kontrolluar \u00e7do informacion mbi zhvillimet apo sekretet q\u00eb lidhen me sigurin\u00eb komb\u00ebtare t\u00eb Shqip\u00ebris\u00eb.<\/p>\n<p>&#8211; \u201cVEPRA E DHJET\u00cb PATRIOTIKE\u201d: Ende pa u kthyer n\u00eb pushtet n\u00eb vitin 2005, Sali Berisha me porosin\u00eb e sh\u00ebrbimeve sekrete serbe, futi n\u00eb PD, n\u00eb politik\u00ebn shqiptare dhe n\u00eb kupol\u00ebn e qeveris\u00eb, eksponentin pro-serb Lul\u00ebzim Basha, i cili n\u00eb bashk\u00ebveprim me sh\u00ebrbimet sekrete serbe, ka p\u00ebrgatitur sipas platform\u00ebs serbe dosjet hetimore p\u00ebr arrestimin, burgosjen dhe vrasjen e 30 drejtuesve e luft\u00ebtar\u00ebve t\u00eb U\u00c7K.<\/p>\n<p>&#8211; \u201cVEPRA E NJ\u00cbMB\u00cbDHJET\u00cb PATRIOTIKE\u201d: M\u00eb fuqin\u00eb e pushtetit absolut si kryeminist\u00ebr, \u201cpatrioti\u201d dhe \u201catdhetari\u201d Sali Berisha, ka 7 vjet q\u00eb pengon futjen e prodhimeve kosovare n\u00eb Shqip\u00ebri e ato shqiptare n\u00eb Kosov\u00eb, nd\u00ebrkoh\u00eb q\u00eb ka l\u00ebn\u00eb t\u00eb lir\u00eb tregun shqiptar p\u00ebr prodhimet serbe.<\/p>\n<p>&#8211; \u201cVEPRA E DYMB\u00cbDHJET\u00cb PATRIOTIKE\u201d: Kryeministri \u201cpatriot\u201d e \u201catdhetar\u201d Sali Berisha urdh\u00ebroi n\u00eb 26 n\u00ebntor 2011, firmosjen e marr\u00ebveshjes me Rusin\u00eb, sipas t\u00eb cil\u00ebs Shqip\u00ebria p\u00ebrfshihet n\u00eb \u201cgrupin\u201d ruso-ballkanik t\u00eb drejtuar nga Serbia, me objeksion kontrollin e zhvillimeve pavar\u00ebsore n\u00eb Kosov\u00eb, maskuar ky kontroll bllokues mbi Kosov\u00ebn, n\u00ebn dekorin fals t\u00eb gjoja \u201dluft\u00ebs rajonale kund\u00ebr drog\u00ebs\u201d.<\/p>\n<p>&#8211; \u201cVEPRA E PES\u00cbMB\u00cbDHJET\u00cb PATRIOTIKE\u201d: Me misionin p\u00ebr t\u2019i sh\u00ebrbyer Greqis\u00eb, kryeministri \u201cpatriot\u201d e \u201catdhetar\u201d Sali Berisha inskenoi fshehtas shqiptar\u00ebve dhe b\u00ebri ligj paktin anti-komb\u00ebtar, p\u00ebr t\u2019u falur grek\u00ebve uj\u00ebrat territoriale detare shqiptare.<\/p>\n<p>&#8211; \u201cVEPRA E GJASHT\u00cbDHJET\u00cb PATRIOTIKE\u201d: Me misionin anti-shqiptar p\u00ebr t\u00eb \u00e7\u2019komb\u00ebtarizuar shqiptar\u00ebt, kryeministri \u201cpatriot\u201d e \u201catdhetar\u201d Sali Berisha inskenoi fshehtas shqiptar\u00ebve dhe b\u00ebri ligj regjistrimin e popullsis\u00eb shqiptare sipas komb\u00ebsis\u00eb e fes\u00eb, p\u00ebr t\u00eb legalizuar bot\u00ebrisht e kushtetueshm\u00ebrisht shtimin fiktiv t\u00eb popullsive t\u00eb minoritetit grek, serb, maqedonas, rumun\u00eb, bullgar\u00eb, malazez\u00eb etj, etj, n\u00eb Shqip\u00ebri, me objeksion kthimin e Shqip\u00ebris\u00eb n\u00eb shtet multi-etnik.<\/p>\n<p>&#8211; \u201cVEPRA E SHTAT\u00cbMB\u00cbDHJET\u00cb PATRIOTIKE\u201d: Me misionin anti-shqiptar p\u00ebr t\u00eb shkat\u00ebrruar vendin, kryeministri \u201cpatriot\u201d e \u201catdhetar\u201d Sali Berisha, n\u00eb bashk\u00ebveprim me mafien italo-serbe, inskenoi dhe miratoi ligjin p\u00ebr kthimin e Shqip\u00ebris\u00eb n\u00eb depozit\u00eb dhe superfabrik\u00eb p\u00ebrpunuese t\u00eb plehrave t\u00eb bot\u00ebs, duke bashk\u00ebpunar me gruet mafioze rajonale \u201cCAMORRA\u201d dhe NDRAGHETA\u201d .<\/p>\n<p>&#8211; \u201cVEPRA E TET\u00cbMB\u00cbDHJET\u00cb PATRIOTIKE\u201d: Kryeministri Sali Berisha, n\u00eb em\u00ebr t\u00eb \u201catdhetarizmit\u201d e \u201cpatriotizmit\u201d ndaj Shqip\u00ebris\u00eb e Kosov\u00ebs, bllokoi projektin p\u00ebr nd\u00ebrtimin e linj\u00ebs 400-kilovolt\u00ebshe t\u00eb interkonjeksionit energjitik Kosov\u00eb-Shqip\u00ebri, duke i dh\u00ebn\u00eb Serbis\u00eb monopolin e tregut t\u00eb energjis\u00eb n\u00eb Kosov\u00eb e n\u00eb rajon.<\/p>\n<p>&#8211; \u201cVEPRA E N\u00cbNT\u00cbMB\u00cbDHJET\u00cb PATRIOTIKE\u201d: Kryeministri Sali Berisha, n\u00eb em\u00ebr t\u00eb \u201catdhetarizmit e \u201cpatriotizmit\u201d si shqiptar, u shiti ortak\u00ebve, miqve t\u00eb tij q\u00eb e mbajn\u00eb n\u00eb pushtet dhe grupeve t\u00eb huaja mafioze pasurit\u00eb komb\u00ebtare, n\u00ebn politik\u00ebn pla\u00e7kit\u00ebse \u201cShqip\u00ebria 1 euro\u201d, duke i dh\u00ebn\u00eb k\u00ebto n\u00eb form\u00eb koncensionesh e privatizimesh kriminale.<\/p>\n<p>&#8211; \u201cVEPRA E NJ\u00cbZET\u00cb PATRIOTIKE\u201d: Politikani e krye-qeveritari \u201cpatriot\u201d e \u201catdhetar\u201d shqiptar Sali Berisha, po vazhdon t\u00eb zbatoj platform\u00eb qeveris\u00ebse dhe politika ekstra regresive, duke bllokuar dy her\u00eb Statusin e Shqip\u00ebris\u00eb si vend kandidat n\u00eb BE, nd\u00ebrkoh\u00eb q\u00eb shprehu k\u00ebnaq\u00ebsi t\u00eb madhe dhe p\u00ebrsh\u00ebndeti marrjen e k\u00ebtij statusi prej Serbis\u00eb.<\/p>\n","protected":false},"excerpt":{"rendered":"<p>Nga P\u00ebrparim Halili, 19 Maj 2012 Q\u00eb prej dit\u00ebs kur vet\u00ebshpalli \u201cVitin parap\u00ebrgatitor t\u00eb 100 vjetorit t\u00eb Pavar\u00ebsis\u00eb\u201d, Sali Berisha po b\u00ebn t\u00eb gjitha p\u00ebrpjekjet private e zyrtare deri me pazare e lobime t\u00eb fuqishme financiare, p\u00ebr t\u00eb rifituar \u201ctitullin\u201d e humbur si qytetar, shtetar e politikan \u201catdhetar patriot\u201d. Shqiptar\u00ebt e kan\u00eb etiketuar p\u00ebrfundimisht Sali [&hellip;]<\/p>\n","protected":false},"author":1,"featured_media":0,"comment_status":"open","ping_status":"closed","sticky":false,"template":"","format":"standard","meta":{"footnotes":""},"categories":[2],"tags":[],"class_list":{"0":"post-2850","1":"post","2":"type-post","3":"status-publish","4":"format-standard","6":"category-artikuj"},"yoast_head":"<!-- This site is optimized with the Yoast SEO plugin v27.4 - https:\/\/yoast.com\/product\/yoast-seo-wordpress\/ -->\n<title>Gjith\u00eb \u201cveprat patriotike\u201d t\u00eb Berish\u00ebs, lidhen me sh\u00ebrbime ndaj Greqis\u00eb e Serbis\u00eb! - FjALA e LIR\u00cb - Arkivi<\/title>\n<meta name=\"robots\" content=\"index, follow, max-snippet:-1, max-image-preview:large, max-video-preview:-1\" \/>\n<link rel=\"canonical\" href=\"https:\/\/fjala.info\/2009-2015\/gjithe-veprat-patriotike-te-berishes-lidhen-me-sherbime-ndaj-greqise-e-serbise\/\" \/>\n<meta property=\"og:locale\" content=\"sq_AL\" \/>\n<meta property=\"og:type\" content=\"article\" \/>\n<meta property=\"og:title\" content=\"Gjith\u00eb \u201cveprat patriotike\u201d t\u00eb Berish\u00ebs, lidhen me sh\u00ebrbime ndaj Greqis\u00eb e Serbis\u00eb! - FjALA e LIR\u00cb - Arkivi\" \/>\n<meta property=\"og:description\" content=\"Nga P\u00ebrparim Halili, 19 Maj 2012 Q\u00eb prej dit\u00ebs kur vet\u00ebshpalli \u201cVitin parap\u00ebrgatitor t\u00eb 100 vjetorit t\u00eb Pavar\u00ebsis\u00eb\u201d, Sali Berisha po b\u00ebn t\u00eb gjitha p\u00ebrpjekjet private e zyrtare deri me pazare e lobime t\u00eb fuqishme financiare, p\u00ebr t\u00eb rifituar \u201ctitullin\u201d e humbur si qytetar, shtetar e politikan \u201catdhetar patriot\u201d. Shqiptar\u00ebt e kan\u00eb etiketuar p\u00ebrfundimisht Sali [&hellip;]\" \/>\n<meta property=\"og:url\" content=\"https:\/\/fjala.info\/2009-2015\/gjithe-veprat-patriotike-te-berishes-lidhen-me-sherbime-ndaj-greqise-e-serbise\/\" \/>\n<meta property=\"og:site_name\" content=\"FjALA e LIR\u00cb - Arkivi\" \/>\n<meta property=\"article:published_time\" content=\"2012-05-20T21:03:10+00:00\" \/>\n<meta property=\"og:image\" content=\"http:\/\/www.fjala.info\/2012\/berisha_cader.jpg\" \/>\n<meta name=\"author\" content=\"admin\" \/>\n<meta name=\"twitter:card\" content=\"summary_large_image\" \/>\n<meta name=\"twitter:label1\" content=\"Written by\" \/>\n\t<meta name=\"twitter:data1\" content=\"admin\" \/>\n\t<meta name=\"twitter:label2\" content=\"Est. reading time\" \/>\n\t<meta name=\"twitter:data2\" content=\"7 minutes\" \/>\n<script type=\"application\/ld+json\" class=\"yoast-schema-graph\">{\"@context\":\"https:\\\/\\\/schema.org\",\"@graph\":[{\"@type\":\"Article\",\"@id\":\"https:\\\/\\\/fjala.info\\\/2009-2015\\\/gjithe-veprat-patriotike-te-berishes-lidhen-me-sherbime-ndaj-greqise-e-serbise\\\/#article\",\"isPartOf\":{\"@id\":\"https:\\\/\\\/fjala.info\\\/2009-2015\\\/gjithe-veprat-patriotike-te-berishes-lidhen-me-sherbime-ndaj-greqise-e-serbise\\\/\"},\"author\":{\"name\":\"admin\",\"@id\":\"https:\\\/\\\/fjala.info\\\/2009-2015\\\/#\\\/schema\\\/person\\\/3aa1163ef05469c496fc94e77611ada2\"},\"headline\":\"Gjith\u00eb \u201cveprat patriotike\u201d t\u00eb Berish\u00ebs, lidhen me sh\u00ebrbime ndaj Greqis\u00eb e Serbis\u00eb!\",\"datePublished\":\"2012-05-20T21:03:10+00:00\",\"mainEntityOfPage\":{\"@id\":\"https:\\\/\\\/fjala.info\\\/2009-2015\\\/gjithe-veprat-patriotike-te-berishes-lidhen-me-sherbime-ndaj-greqise-e-serbise\\\/\"},\"wordCount\":1502,\"commentCount\":0,\"publisher\":{\"@id\":\"https:\\\/\\\/fjala.info\\\/2009-2015\\\/#organization\"},\"image\":{\"@id\":\"https:\\\/\\\/fjala.info\\\/2009-2015\\\/gjithe-veprat-patriotike-te-berishes-lidhen-me-sherbime-ndaj-greqise-e-serbise\\\/#primaryimage\"},\"thumbnailUrl\":\"http:\\\/\\\/www.fjala.info\\\/2012\\\/berisha_cader.jpg\",\"articleSection\":[\"Artikuj\"],\"inLanguage\":\"sq-AL\",\"potentialAction\":[{\"@type\":\"CommentAction\",\"name\":\"Comment\",\"target\":[\"https:\\\/\\\/fjala.info\\\/2009-2015\\\/gjithe-veprat-patriotike-te-berishes-lidhen-me-sherbime-ndaj-greqise-e-serbise\\\/#respond\"]}]},{\"@type\":\"WebPage\",\"@id\":\"https:\\\/\\\/fjala.info\\\/2009-2015\\\/gjithe-veprat-patriotike-te-berishes-lidhen-me-sherbime-ndaj-greqise-e-serbise\\\/\",\"url\":\"https:\\\/\\\/fjala.info\\\/2009-2015\\\/gjithe-veprat-patriotike-te-berishes-lidhen-me-sherbime-ndaj-greqise-e-serbise\\\/\",\"name\":\"Gjith\u00eb \u201cveprat patriotike\u201d t\u00eb Berish\u00ebs, lidhen me sh\u00ebrbime ndaj Greqis\u00eb e Serbis\u00eb! - FjALA e LIR\u00cb - Arkivi\",\"isPartOf\":{\"@id\":\"https:\\\/\\\/fjala.info\\\/2009-2015\\\/#website\"},\"primaryImageOfPage\":{\"@id\":\"https:\\\/\\\/fjala.info\\\/2009-2015\\\/gjithe-veprat-patriotike-te-berishes-lidhen-me-sherbime-ndaj-greqise-e-serbise\\\/#primaryimage\"},\"image\":{\"@id\":\"https:\\\/\\\/fjala.info\\\/2009-2015\\\/gjithe-veprat-patriotike-te-berishes-lidhen-me-sherbime-ndaj-greqise-e-serbise\\\/#primaryimage\"},\"thumbnailUrl\":\"http:\\\/\\\/www.fjala.info\\\/2012\\\/berisha_cader.jpg\",\"datePublished\":\"2012-05-20T21:03:10+00:00\",\"breadcrumb\":{\"@id\":\"https:\\\/\\\/fjala.info\\\/2009-2015\\\/gjithe-veprat-patriotike-te-berishes-lidhen-me-sherbime-ndaj-greqise-e-serbise\\\/#breadcrumb\"},\"inLanguage\":\"sq-AL\",\"potentialAction\":[{\"@type\":\"ReadAction\",\"target\":[\"https:\\\/\\\/fjala.info\\\/2009-2015\\\/gjithe-veprat-patriotike-te-berishes-lidhen-me-sherbime-ndaj-greqise-e-serbise\\\/\"]}]},{\"@type\":\"ImageObject\",\"inLanguage\":\"sq-AL\",\"@id\":\"https:\\\/\\\/fjala.info\\\/2009-2015\\\/gjithe-veprat-patriotike-te-berishes-lidhen-me-sherbime-ndaj-greqise-e-serbise\\\/#primaryimage\",\"url\":\"http:\\\/\\\/www.fjala.info\\\/2012\\\/berisha_cader.jpg\",\"contentUrl\":\"http:\\\/\\\/www.fjala.info\\\/2012\\\/berisha_cader.jpg\"},{\"@type\":\"BreadcrumbList\",\"@id\":\"https:\\\/\\\/fjala.info\\\/2009-2015\\\/gjithe-veprat-patriotike-te-berishes-lidhen-me-sherbime-ndaj-greqise-e-serbise\\\/#breadcrumb\",\"itemListElement\":[{\"@type\":\"ListItem\",\"position\":1,\"name\":\"Home\",\"item\":\"https:\\\/\\\/fjala.info\\\/2009-2015\\\/\"},{\"@type\":\"ListItem\",\"position\":2,\"name\":\"Gjith\u00eb \u201cveprat patriotike\u201d t\u00eb Berish\u00ebs, lidhen me sh\u00ebrbime ndaj Greqis\u00eb e Serbis\u00eb!\"}]},{\"@type\":\"WebSite\",\"@id\":\"https:\\\/\\\/fjala.info\\\/2009-2015\\\/#website\",\"url\":\"https:\\\/\\\/fjala.info\\\/2009-2015\\\/\",\"name\":\"FjALA e LIR\u00cb - Arkivi\",\"description\":\"Arkivi 2009-2015\",\"publisher\":{\"@id\":\"https:\\\/\\\/fjala.info\\\/2009-2015\\\/#organization\"},\"potentialAction\":[{\"@type\":\"SearchAction\",\"target\":{\"@type\":\"EntryPoint\",\"urlTemplate\":\"https:\\\/\\\/fjala.info\\\/2009-2015\\\/?s={search_term_string}\"},\"query-input\":{\"@type\":\"PropertyValueSpecification\",\"valueRequired\":true,\"valueName\":\"search_term_string\"}}],\"inLanguage\":\"sq-AL\"},{\"@type\":\"Organization\",\"@id\":\"https:\\\/\\\/fjala.info\\\/2009-2015\\\/#organization\",\"name\":\"FjALA e LIR\u00cb - Arkivi\",\"url\":\"https:\\\/\\\/fjala.info\\\/2009-2015\\\/\",\"logo\":{\"@type\":\"ImageObject\",\"inLanguage\":\"sq-AL\",\"@id\":\"https:\\\/\\\/fjala.info\\\/2009-2015\\\/#\\\/schema\\\/logo\\\/image\\\/\",\"url\":\"\",\"contentUrl\":\"\",\"caption\":\"FjALA e LIR\u00cb - Arkivi\"},\"image\":{\"@id\":\"https:\\\/\\\/fjala.info\\\/2009-2015\\\/#\\\/schema\\\/logo\\\/image\\\/\"}},{\"@type\":\"Person\",\"@id\":\"https:\\\/\\\/fjala.info\\\/2009-2015\\\/#\\\/schema\\\/person\\\/3aa1163ef05469c496fc94e77611ada2\",\"name\":\"admin\",\"image\":{\"@type\":\"ImageObject\",\"inLanguage\":\"sq-AL\",\"@id\":\"https:\\\/\\\/fjala.info\\\/2009-2015\\\/wp-content\\\/uploads\\\/2012\\\/02\\\/arben_cokaj-120x150.jpg\",\"url\":\"https:\\\/\\\/fjala.info\\\/2009-2015\\\/wp-content\\\/uploads\\\/2012\\\/02\\\/arben_cokaj-120x150.jpg\",\"contentUrl\":\"https:\\\/\\\/fjala.info\\\/2009-2015\\\/wp-content\\\/uploads\\\/2012\\\/02\\\/arben_cokaj-120x150.jpg\",\"caption\":\"admin\"},\"description\":\"Admin, Fjala e Lir\u00eb\",\"sameAs\":[\"https:\\\/\\\/fjala.info\\\/\"],\"url\":\"https:\\\/\\\/fjala.info\\\/2009-2015\\\/author\\\/admin\\\/\"}]}<\/script>\n<!-- \/ Yoast SEO plugin. -->","yoast_head_json":{"title":"Gjith\u00eb \u201cveprat patriotike\u201d t\u00eb Berish\u00ebs, lidhen me sh\u00ebrbime ndaj Greqis\u00eb e Serbis\u00eb! - FjALA e LIR\u00cb - Arkivi","robots":{"index":"index","follow":"follow","max-snippet":"max-snippet:-1","max-image-preview":"max-image-preview:large","max-video-preview":"max-video-preview:-1"},"canonical":"https:\/\/fjala.info\/2009-2015\/gjithe-veprat-patriotike-te-berishes-lidhen-me-sherbime-ndaj-greqise-e-serbise\/","og_locale":"sq_AL","og_type":"article","og_title":"Gjith\u00eb \u201cveprat patriotike\u201d t\u00eb Berish\u00ebs, lidhen me sh\u00ebrbime ndaj Greqis\u00eb e Serbis\u00eb! - FjALA e LIR\u00cb - Arkivi","og_description":"Nga P\u00ebrparim Halili, 19 Maj 2012 Q\u00eb prej dit\u00ebs kur vet\u00ebshpalli \u201cVitin parap\u00ebrgatitor t\u00eb 100 vjetorit t\u00eb Pavar\u00ebsis\u00eb\u201d, Sali Berisha po b\u00ebn t\u00eb gjitha p\u00ebrpjekjet private e zyrtare deri me pazare e lobime t\u00eb fuqishme financiare, p\u00ebr t\u00eb rifituar \u201ctitullin\u201d e humbur si qytetar, shtetar e politikan \u201catdhetar patriot\u201d. Shqiptar\u00ebt e kan\u00eb etiketuar p\u00ebrfundimisht Sali [&hellip;]","og_url":"https:\/\/fjala.info\/2009-2015\/gjithe-veprat-patriotike-te-berishes-lidhen-me-sherbime-ndaj-greqise-e-serbise\/","og_site_name":"FjALA e LIR\u00cb - Arkivi","article_published_time":"2012-05-20T21:03:10+00:00","og_image":[{"url":"http:\/\/www.fjala.info\/2012\/berisha_cader.jpg","type":"","width":"","height":""}],"author":"admin","twitter_card":"summary_large_image","twitter_misc":{"Written by":"admin","Est. reading time":"7 minutes"},"schema":{"@context":"https:\/\/schema.org","@graph":[{"@type":"Article","@id":"https:\/\/fjala.info\/2009-2015\/gjithe-veprat-patriotike-te-berishes-lidhen-me-sherbime-ndaj-greqise-e-serbise\/#article","isPartOf":{"@id":"https:\/\/fjala.info\/2009-2015\/gjithe-veprat-patriotike-te-berishes-lidhen-me-sherbime-ndaj-greqise-e-serbise\/"},"author":{"name":"admin","@id":"https:\/\/fjala.info\/2009-2015\/#\/schema\/person\/3aa1163ef05469c496fc94e77611ada2"},"headline":"Gjith\u00eb \u201cveprat patriotike\u201d t\u00eb Berish\u00ebs, lidhen me sh\u00ebrbime ndaj Greqis\u00eb e Serbis\u00eb!","datePublished":"2012-05-20T21:03:10+00:00","mainEntityOfPage":{"@id":"https:\/\/fjala.info\/2009-2015\/gjithe-veprat-patriotike-te-berishes-lidhen-me-sherbime-ndaj-greqise-e-serbise\/"},"wordCount":1502,"commentCount":0,"publisher":{"@id":"https:\/\/fjala.info\/2009-2015\/#organization"},"image":{"@id":"https:\/\/fjala.info\/2009-2015\/gjithe-veprat-patriotike-te-berishes-lidhen-me-sherbime-ndaj-greqise-e-serbise\/#primaryimage"},"thumbnailUrl":"http:\/\/www.fjala.info\/2012\/berisha_cader.jpg","articleSection":["Artikuj"],"inLanguage":"sq-AL","potentialAction":[{"@type":"CommentAction","name":"Comment","target":["https:\/\/fjala.info\/2009-2015\/gjithe-veprat-patriotike-te-berishes-lidhen-me-sherbime-ndaj-greqise-e-serbise\/#respond"]}]},{"@type":"WebPage","@id":"https:\/\/fjala.info\/2009-2015\/gjithe-veprat-patriotike-te-berishes-lidhen-me-sherbime-ndaj-greqise-e-serbise\/","url":"https:\/\/fjala.info\/2009-2015\/gjithe-veprat-patriotike-te-berishes-lidhen-me-sherbime-ndaj-greqise-e-serbise\/","name":"Gjith\u00eb \u201cveprat patriotike\u201d t\u00eb Berish\u00ebs, lidhen me sh\u00ebrbime ndaj Greqis\u00eb e Serbis\u00eb! - FjALA e LIR\u00cb - Arkivi","isPartOf":{"@id":"https:\/\/fjala.info\/2009-2015\/#website"},"primaryImageOfPage":{"@id":"https:\/\/fjala.info\/2009-2015\/gjithe-veprat-patriotike-te-berishes-lidhen-me-sherbime-ndaj-greqise-e-serbise\/#primaryimage"},"image":{"@id":"https:\/\/fjala.info\/2009-2015\/gjithe-veprat-patriotike-te-berishes-lidhen-me-sherbime-ndaj-greqise-e-serbise\/#primaryimage"},"thumbnailUrl":"http:\/\/www.fjala.info\/2012\/berisha_cader.jpg","datePublished":"2012-05-20T21:03:10+00:00","breadcrumb":{"@id":"https:\/\/fjala.info\/2009-2015\/gjithe-veprat-patriotike-te-berishes-lidhen-me-sherbime-ndaj-greqise-e-serbise\/#breadcrumb"},"inLanguage":"sq-AL","potentialAction":[{"@type":"ReadAction","target":["https:\/\/fjala.info\/2009-2015\/gjithe-veprat-patriotike-te-berishes-lidhen-me-sherbime-ndaj-greqise-e-serbise\/"]}]},{"@type":"ImageObject","inLanguage":"sq-AL","@id":"https:\/\/fjala.info\/2009-2015\/gjithe-veprat-patriotike-te-berishes-lidhen-me-sherbime-ndaj-greqise-e-serbise\/#primaryimage","url":"http:\/\/www.fjala.info\/2012\/berisha_cader.jpg","contentUrl":"http:\/\/www.fjala.info\/2012\/berisha_cader.jpg"},{"@type":"BreadcrumbList","@id":"https:\/\/fjala.info\/2009-2015\/gjithe-veprat-patriotike-te-berishes-lidhen-me-sherbime-ndaj-greqise-e-serbise\/#breadcrumb","itemListElement":[{"@type":"ListItem","position":1,"name":"Home","item":"https:\/\/fjala.info\/2009-2015\/"},{"@type":"ListItem","position":2,"name":"Gjith\u00eb \u201cveprat patriotike\u201d t\u00eb Berish\u00ebs, lidhen me sh\u00ebrbime ndaj Greqis\u00eb e Serbis\u00eb!"}]},{"@type":"WebSite","@id":"https:\/\/fjala.info\/2009-2015\/#website","url":"https:\/\/fjala.info\/2009-2015\/","name":"FjALA e LIR\u00cb - Arkivi","description":"Arkivi 2009-2015","publisher":{"@id":"https:\/\/fjala.info\/2009-2015\/#organization"},"potentialAction":[{"@type":"SearchAction","target":{"@type":"EntryPoint","urlTemplate":"https:\/\/fjala.info\/2009-2015\/?s={search_term_string}"},"query-input":{"@type":"PropertyValueSpecification","valueRequired":true,"valueName":"search_term_string"}}],"inLanguage":"sq-AL"},{"@type":"Organization","@id":"https:\/\/fjala.info\/2009-2015\/#organization","name":"FjALA e LIR\u00cb - Arkivi","url":"https:\/\/fjala.info\/2009-2015\/","logo":{"@type":"ImageObject","inLanguage":"sq-AL","@id":"https:\/\/fjala.info\/2009-2015\/#\/schema\/logo\/image\/","url":"","contentUrl":"","caption":"FjALA e LIR\u00cb - Arkivi"},"image":{"@id":"https:\/\/fjala.info\/2009-2015\/#\/schema\/logo\/image\/"}},{"@type":"Person","@id":"https:\/\/fjala.info\/2009-2015\/#\/schema\/person\/3aa1163ef05469c496fc94e77611ada2","name":"admin","image":{"@type":"ImageObject","inLanguage":"sq-AL","@id":"https:\/\/fjala.info\/2009-2015\/wp-content\/uploads\/2012\/02\/arben_cokaj-120x150.jpg","url":"https:\/\/fjala.info\/2009-2015\/wp-content\/uploads\/2012\/02\/arben_cokaj-120x150.jpg","contentUrl":"https:\/\/fjala.info\/2009-2015\/wp-content\/uploads\/2012\/02\/arben_cokaj-120x150.jpg","caption":"admin"},"description":"Admin, Fjala e Lir\u00eb","sameAs":["https:\/\/fjala.info\/"],"url":"https:\/\/fjala.info\/2009-2015\/author\/admin\/"}]}},"_links":{"self":[{"href":"https:\/\/fjala.info\/2009-2015\/wp-json\/wp\/v2\/posts\/2850","targetHints":{"allow":["GET"]}}],"collection":[{"href":"https:\/\/fjala.info\/2009-2015\/wp-json\/wp\/v2\/posts"}],"about":[{"href":"https:\/\/fjala.info\/2009-2015\/wp-json\/wp\/v2\/types\/post"}],"author":[{"embeddable":true,"href":"https:\/\/fjala.info\/2009-2015\/wp-json\/wp\/v2\/users\/1"}],"replies":[{"embeddable":true,"href":"https:\/\/fjala.info\/2009-2015\/wp-json\/wp\/v2\/comments?post=2850"}],"version-history":[{"count":0,"href":"https:\/\/fjala.info\/2009-2015\/wp-json\/wp\/v2\/posts\/2850\/revisions"}],"wp:attachment":[{"href":"https:\/\/fjala.info\/2009-2015\/wp-json\/wp\/v2\/media?parent=2850"}],"wp:term":[{"taxonomy":"category","embeddable":true,"href":"https:\/\/fjala.info\/2009-2015\/wp-json\/wp\/v2\/categories?post=2850"},{"taxonomy":"post_tag","embeddable":true,"href":"https:\/\/fjala.info\/2009-2015\/wp-json\/wp\/v2\/tags?post=2850"}],"curies":[{"name":"wp","href":"https:\/\/api.w.org\/{rel}","templated":true}]}}