{"id":2848,"date":"2012-05-20T21:58:10","date_gmt":"2012-05-20T20:58:10","guid":{"rendered":"http:\/\/www.fjala.info\/?p=2848"},"modified":"2012-05-20T21:58:10","modified_gmt":"2012-05-20T20:58:10","slug":"edi-rama-ky-i-keqkuptuar-i-madh","status":"publish","type":"post","link":"https:\/\/fjala.info\/2009-2015\/edi-rama-ky-i-keqkuptuar-i-madh\/","title":{"rendered":"Edi Rama, ky i keqkuptuar i madh"},"content":{"rendered":"<p><img decoding=\"async\" class=\"alignright size-thumbnail wp-image-7236\" title=\"Adriatik Kelmendi\" src=\"http:\/\/www.fjala.info\/2012\/adriatik_kelmendi1.jpg\" alt=\"\" width=\"150\" \/> <strong><em>Si po p\u00ebrgatitet Edi Rama q\u00eb t\u00eb marr\u00eb pushtetin n\u00eb Shqip\u00ebri, \u00e7ka ka kuptuar ai p\u00ebr Kosov\u00ebn dhe \u00e7ka e lidh at\u00eb me Hashim Tha\u00e7in?<\/em><\/strong><\/p>\n<p>Nga <strong>Adriatik Kelmendi<\/strong>, <em>19 Maj 2012<\/em><\/p>\n<p>EDI RAMA DHE HASHIM THA\u00c7I jan\u00eb shum\u00eb t\u00eb ndrysh\u00ebm si personalitete. Por kan\u00eb edhe shum\u00eb pika t\u00eb p\u00ebrbashk\u00ebta. P\u00ebr shembull, q\u00eb t\u00eb dy jan\u00eb nd\u00ebr politikan\u00ebt m\u00eb t\u00eb gjat\u00eb nd\u00ebr shqiptar\u00eb. T\u00eb dy veshin rroba t\u00eb qepura me porosi, t\u00eb cil\u00ebve u kushtojn\u00eb kujdes t\u00eb ve\u00e7ant\u00eb. Dhe\u2026 dhe s\u2019po di \u00e7far\u00eb t\u2019u gjej tjet\u00ebr t\u00eb p\u00ebrbashk\u00ebt. Mir\u00ebpo, ajo q\u00eb m\u00eb shtyri t\u2019i krahasoj \u00ebsht\u00eb qasja koh\u00ebve t\u00eb fundit e Edi Ram\u00ebs, e cila m\u2019i ngjan bukur shum\u00eb Hashim Tha\u00e7it, para ardhjes s\u00eb k\u00ebtij t\u00eb fundit n\u00eb pushtet.<\/p>\n<p>At\u00ebbot\u00eb, n\u00eb periudh\u00ebn e viteve \u201906-\u201907, opozitari i v\u00ebshtir\u00eb Tha\u00e7i kishte vendosur ta ndryshonte thuaja krejt\u00ebsisht pllak\u00ebn, t\u00eb b\u00ebnte gj\u00ebrat ndoshta fare t\u00eb paparamenduara p\u00ebr t\u00eb m\u00eb her\u00ebt, n\u00eb m\u00ebnyr\u00eb q\u00eb t\u00eb krijonte momentumin q\u00eb do t\u2019ia mund\u00ebsonte p\u00ebrfundimisht uljen n\u00eb karrigen e kryeministrit.<\/p>\n<p>L\u00ebvizje t\u00eb ngjashme mund t\u00eb v\u00ebrehen k\u00ebto dit\u00eb te kryetari i Partis\u00eb Socialiste. I mposhtur nga Partia Demokratike si n\u00eb gar\u00ebn p\u00ebr t\u00eb udh\u00ebhequr Qeverin\u00eb ashtu edhe Tiran\u00ebn, Rama s\u2019ka m\u00eb \u00e7far\u00eb t\u00eb humb\u00eb. Dhe ka vendosur t\u00eb b\u00ebj\u00eb \u00e7do gj\u00eb, q\u00eb t\u00eb fitoj\u00eb. Tha\u00e7it i kishte shkuar p\u00ebr dore q\u00eb p\u00ebrfundimisht ta mundte LDK-n\u00eb. Fare leht\u00eb mund t\u2019i shkoj\u00eb p\u00ebr dore edhe Ram\u00ebs.<\/p>\n<p>EDI RAMA, NDON\u00cbSE nj\u00eb nga intelektual\u00ebt m\u00eb t\u00eb m\u00ebdhenj nd\u00ebr shqiptar\u00ebt p\u00ebrgjith\u00ebsisht, \u00e7udit\u00ebrisht shum\u00eb von\u00eb e kishte kuptuar edhe nj\u00eb gj\u00eb me r\u00ebnd\u00ebsi, q\u00eb s\u2019ia kishte v\u00ebn\u00eb veshin m\u00eb her\u00ebt. \u00cbsht\u00eb Kosova. Ai e filloi mir\u00eb nd\u00ebrrimin e p\u00ebrshtypjes s\u00eb qytetar\u00ebve t\u00eb shtetit t\u00eb ri me vizit\u00ebn q\u00eb b\u00ebri n\u00eb fund t\u00eb vitit t\u00eb kaluar dhe me promovimin e librit t\u00eb tij autobiografik.<\/p>\n<p>Thjesht, nuk besoj t\u00eb ket\u00eb edhe ndonj\u00eb politikan tjet\u00ebr m\u00eb t\u00eb keqkuptuar dhe m\u00eb t\u00eb paragjykuar nga kosovar\u00ebt se\u00e7 ka qen\u00eb Rama. P\u00ebrgjith\u00ebsisht, t\u00eb prir\u00eb nga analiza sip\u00ebrfaq\u00ebsore dhe emocionale mbi sken\u00ebn politike n\u00eb Shqip\u00ebri, kosovar\u00ebt kishin nd\u00ebrtuar perceptimin e gabuar dhe stereotipik mbi Ram\u00ebn n\u00eb m\u00ebnyr\u00ebn q\u00eb t\u00eb fitohet nj\u00eb p\u00ebrshtypje p\u00ebr dik\u00eb vet\u00ebm duke shikuar imazhe t\u00eb shfaqura n\u00ebp\u00ebr fotografi.<\/p>\n<p>K\u00ebshtu, n\u00eb fotografit\u00eb e kosovar\u00ebve Rama shihet n\u00eb nj\u00eb plazh nudo; n\u00eb nj\u00eb tjet\u00ebr \u2013 i veshur me ngjyra fluroscente, si jotipike nga arketipi p\u00ebr politikan\u00ebt tradicional\u00eb hijer\u00ebnd\u00eb shqiptar\u00eb; n\u00eb tjetr\u00ebn duke b\u00ebrtitur me nj\u00eb altoparlant dhe n\u00eb \u201cm\u00eb t\u00eb r\u00ebnd\u00ebn\u201d \u2013 duke ia dh\u00ebn\u00eb \u00e7el\u00ebsin e qytetit t\u00eb Tiran\u00ebs nj\u00eb k\u00ebng\u00ebtari serb, Goran Bregoviq. Kaq kishte mjaftuar, q\u00eb bashk\u00eb me propagand\u00ebn armiq\u00ebsore t\u00eb kund\u00ebrshtar\u00ebve, Rama t\u00eb ngulitej n\u00eb mendjen e nj\u00eb pjese bukur t\u00eb madhe t\u00eb kosovar\u00ebve si nj\u00eb sharlatan joserioz.<\/p>\n<p>Fatkeq\u00ebsisht, kujtesa e kosovar\u00ebve p\u00ebr politik\u00ebn n\u00eb Shqip\u00ebri \u00ebsht\u00eb tmerr\u00ebsisht afatshkurt\u00ebr. K\u00ebshtu, n\u00eb Kosov\u00eb masa sigurisht ka harruar se ka qen\u00eb pik\u00ebrisht Qeveria ku Edi Rama ka qen\u00eb minist\u00ebr i Kultur\u00ebs ajo q\u00eb i ka pritur ata si refugjat\u00eb gjat\u00eb koh\u00ebs s\u00eb luft\u00ebs. E po ashtu, kan\u00eb harruar se ka qen\u00eb pik\u00ebrisht ky Edi Rama ai q\u00eb kishte ndryshuar rr\u00ebnj\u00ebsisht pamjen e \u00e7oroditur t\u00eb Tiran\u00ebs s\u00eb atyre viteve, me rr\u00ebnimin e nd\u00ebrtimeve pa leje, gj\u00eb q\u00eb i solli atij \u00e7mime e mir\u00ebnjohje nga Kofi Annan dhe revista prestigjioze \u201cTime\u201d. Paradoksalisht, m\u00eb shum\u00eb \u00e7ojn\u00eb pesh\u00eb fotografit\u00eb nudo dhe ato me Bregoviqin.<\/p>\n<p>Mir\u00ebpo, \u00e7\u2019t\u00eb thuhet m\u00eb tep\u00ebr p\u00ebr k\u00ebt\u00eb, kur t\u00eb nj\u00ebjtit k\u00ebta kosovar\u00eb kishin harruar shpejt edhe ndoshta m\u00ebkatin m\u00eb t\u00eb madh q\u00eb ka b\u00ebr\u00eb ndaj Kosov\u00ebs Shqip\u00ebria paskomuniste, por q\u00eb ishte b\u00ebr\u00eb n\u00eb pjes\u00ebn e par\u00eb t\u00eb viteve \u201990, kur n\u00eb pushtet ishin demokrat\u00ebt e Sali Berish\u00ebs. N\u00eb k\u00ebt\u00eb koh\u00eb Shqip\u00ebria ishte vendi i vet\u00ebm i rajonit q\u00eb thyente embargon e OKB-s\u00eb ndaj Serbis\u00eb, p\u00ebr shkak t\u00eb luft\u00ebrave n\u00eb Kroaci dhe Bosnj\u00eb, dhe e furnizonte me derivate t\u00eb naft\u00ebs. Me t\u00eb nj\u00ebjt\u00ebn naft\u00eb q\u00eb Beogradi e p\u00ebrdorte edhe p\u00ebr t\u00eb mbajtur pushtetin policor p\u00ebr t\u00eb shtypur shqiptar\u00ebt n\u00eb Kosov\u00eb.<\/p>\n<p>K\u00ebta shembuj t\u00eb shpejt\u00eb gjithsesi flasin shum\u00eb p\u00ebr faktin se sa i \u00e7uditsh\u00ebm dhe i pakuptuesh\u00ebm \u00ebsht\u00eb vler\u00ebsimi i kosovar\u00ebve p\u00ebr politik\u00ebn n\u00eb Shqip\u00ebri.<\/p>\n<p>PO THEM, RAMA e ka vendosur q\u00eb t\u00eb fitoj\u00eb zgjedhjet e ardhshme. Dhe po b\u00ebn gjith\u00e7ka q\u00eb t\u00eb krijoj\u00eb mend\u00ebsin\u00eb e fituesit t\u00eb pashmangsh\u00ebm. Ka filluar t\u2019u kushtoj\u00eb v\u00ebmendje t\u00eb ve\u00e7ant\u00eb Kosov\u00ebs, Lugin\u00ebs s\u00eb Preshev\u00ebs dhe Maqedonis\u00eb, q\u00eb s\u00eb paku mos t\u00eb shihet si nj\u00eb \u2013 i huaj, i panjohur, ose i \u00e7uditsh\u00ebm, shum\u00eb ndryshe. Ka filluar t\u00eb b\u00ebj\u00eb paqe me ish-miqt\u00eb q\u00eb koh\u00ebve t\u00eb fundit i ka shp\u00ebrfillur, n\u00ebn\u00e7muar ose fyer. Ka vendosur t\u00eb g\u00eblltis\u00eb edhe ato q\u00eb ka p\u00ebshtyr\u00eb, si n\u00eb rastin e takimit me Ilir Met\u00ebn.<\/p>\n<p>Ka riafruar nj\u00eb nd\u00ebr mendjet m\u00eb reformatore n\u00eb PS, si\u00e7 \u00ebsht\u00eb rasti me Ben Blushin. Ka filluar t\u2019u jap\u00eb fund armiq\u00ebsive edhe me televizionet e para si armike. E t\u00eb gjitha k\u00ebto, si l\u00ebvizje an\u00ebsore teksa p\u00ebrpilon plane e strategji p\u00ebr reforma t\u00eb p\u00ebrgjithshme n\u00eb sektor\u00eb t\u00eb ndrysh\u00ebm shoq\u00ebror\u00eb, politik\u00eb e ekonomik\u00eb n\u00eb Shqip\u00ebri. Si dhe \u2013 ashtu si\u00e7 kishte b\u00ebr\u00eb Tha\u00e7i n\u00eb Kosov\u00eb \u2013 t\u00eb mos ua prish\u00eb qejfin ambasadave t\u00eb shteteve t\u00eb fuqishme.<\/p>\n<p>N\u00eb Kosov\u00eb kjo qasje kishte dh\u00ebn\u00eb rezultatet e veta dhe Tha\u00e7i ia kishte dal\u00eb ta mundte LDK-n\u00eb n\u00eb zgjedhje, pas 16 vjet\u00ebsh t\u00eb k\u00ebsaj n\u00eb pushtet.<\/p>\n<p>A do t\u2019ia dal\u00eb edhe Edi Rama? Fundi i fundit, s\u2019ka \u00e7far\u00eb t\u00eb humb\u00eb. P\u00ebrve\u00e7se ndoshta postit t\u00eb kryetarit t\u00eb PS-s\u00eb.<\/p>\n","protected":false},"excerpt":{"rendered":"<p>Si po p\u00ebrgatitet Edi Rama q\u00eb t\u00eb marr\u00eb pushtetin n\u00eb Shqip\u00ebri, \u00e7ka ka kuptuar ai p\u00ebr Kosov\u00ebn dhe \u00e7ka e lidh at\u00eb me Hashim Tha\u00e7in? Nga Adriatik Kelmendi, 19 Maj 2012 EDI RAMA DHE HASHIM THA\u00c7I jan\u00eb shum\u00eb t\u00eb ndrysh\u00ebm si personalitete. Por kan\u00eb edhe shum\u00eb pika t\u00eb p\u00ebrbashk\u00ebta. P\u00ebr shembull, q\u00eb t\u00eb dy jan\u00eb [&hellip;]<\/p>\n","protected":false},"author":1,"featured_media":0,"comment_status":"open","ping_status":"closed","sticky":false,"template":"","format":"standard","meta":{"footnotes":""},"categories":[2],"tags":[],"class_list":{"0":"post-2848","1":"post","2":"type-post","3":"status-publish","4":"format-standard","6":"category-artikuj"},"yoast_head":"<!-- This site is optimized with the Yoast SEO plugin v27.4 - https:\/\/yoast.com\/product\/yoast-seo-wordpress\/ -->\n<title>Edi Rama, ky i keqkuptuar i madh - FjALA e LIR\u00cb - Arkivi<\/title>\n<meta name=\"robots\" content=\"index, follow, max-snippet:-1, max-image-preview:large, max-video-preview:-1\" \/>\n<link rel=\"canonical\" href=\"https:\/\/fjala.info\/2009-2015\/edi-rama-ky-i-keqkuptuar-i-madh\/\" \/>\n<meta property=\"og:locale\" content=\"sq_AL\" \/>\n<meta property=\"og:type\" content=\"article\" \/>\n<meta property=\"og:title\" content=\"Edi Rama, ky i keqkuptuar i madh - FjALA e LIR\u00cb - Arkivi\" \/>\n<meta property=\"og:description\" content=\"Si po p\u00ebrgatitet Edi Rama q\u00eb t\u00eb marr\u00eb pushtetin n\u00eb Shqip\u00ebri, \u00e7ka ka kuptuar ai p\u00ebr Kosov\u00ebn dhe \u00e7ka e lidh at\u00eb me Hashim Tha\u00e7in? Nga Adriatik Kelmendi, 19 Maj 2012 EDI RAMA DHE HASHIM THA\u00c7I jan\u00eb shum\u00eb t\u00eb ndrysh\u00ebm si personalitete. Por kan\u00eb edhe shum\u00eb pika t\u00eb p\u00ebrbashk\u00ebta. P\u00ebr shembull, q\u00eb t\u00eb dy jan\u00eb [&hellip;]\" \/>\n<meta property=\"og:url\" content=\"https:\/\/fjala.info\/2009-2015\/edi-rama-ky-i-keqkuptuar-i-madh\/\" \/>\n<meta property=\"og:site_name\" content=\"FjALA e LIR\u00cb - Arkivi\" \/>\n<meta property=\"article:published_time\" content=\"2012-05-20T20:58:10+00:00\" \/>\n<meta property=\"og:image\" content=\"http:\/\/www.fjala.info\/2012\/adriatik_kelmendi1.jpg\" \/>\n<meta name=\"author\" content=\"admin\" \/>\n<meta name=\"twitter:card\" content=\"summary_large_image\" \/>\n<meta name=\"twitter:label1\" content=\"Written by\" \/>\n\t<meta name=\"twitter:data1\" content=\"admin\" \/>\n\t<meta name=\"twitter:label2\" content=\"Est. reading time\" \/>\n\t<meta name=\"twitter:data2\" content=\"5 minutes\" \/>\n<script type=\"application\/ld+json\" class=\"yoast-schema-graph\">{\"@context\":\"https:\\\/\\\/schema.org\",\"@graph\":[{\"@type\":\"Article\",\"@id\":\"https:\\\/\\\/fjala.info\\\/2009-2015\\\/edi-rama-ky-i-keqkuptuar-i-madh\\\/#article\",\"isPartOf\":{\"@id\":\"https:\\\/\\\/fjala.info\\\/2009-2015\\\/edi-rama-ky-i-keqkuptuar-i-madh\\\/\"},\"author\":{\"name\":\"admin\",\"@id\":\"https:\\\/\\\/fjala.info\\\/2009-2015\\\/#\\\/schema\\\/person\\\/3aa1163ef05469c496fc94e77611ada2\"},\"headline\":\"Edi Rama, ky i keqkuptuar i madh\",\"datePublished\":\"2012-05-20T20:58:10+00:00\",\"mainEntityOfPage\":{\"@id\":\"https:\\\/\\\/fjala.info\\\/2009-2015\\\/edi-rama-ky-i-keqkuptuar-i-madh\\\/\"},\"wordCount\":1073,\"commentCount\":0,\"publisher\":{\"@id\":\"https:\\\/\\\/fjala.info\\\/2009-2015\\\/#organization\"},\"image\":{\"@id\":\"https:\\\/\\\/fjala.info\\\/2009-2015\\\/edi-rama-ky-i-keqkuptuar-i-madh\\\/#primaryimage\"},\"thumbnailUrl\":\"http:\\\/\\\/www.fjala.info\\\/2012\\\/adriatik_kelmendi1.jpg\",\"articleSection\":[\"Artikuj\"],\"inLanguage\":\"sq-AL\",\"potentialAction\":[{\"@type\":\"CommentAction\",\"name\":\"Comment\",\"target\":[\"https:\\\/\\\/fjala.info\\\/2009-2015\\\/edi-rama-ky-i-keqkuptuar-i-madh\\\/#respond\"]}]},{\"@type\":\"WebPage\",\"@id\":\"https:\\\/\\\/fjala.info\\\/2009-2015\\\/edi-rama-ky-i-keqkuptuar-i-madh\\\/\",\"url\":\"https:\\\/\\\/fjala.info\\\/2009-2015\\\/edi-rama-ky-i-keqkuptuar-i-madh\\\/\",\"name\":\"Edi Rama, ky i keqkuptuar i madh - FjALA e LIR\u00cb - Arkivi\",\"isPartOf\":{\"@id\":\"https:\\\/\\\/fjala.info\\\/2009-2015\\\/#website\"},\"primaryImageOfPage\":{\"@id\":\"https:\\\/\\\/fjala.info\\\/2009-2015\\\/edi-rama-ky-i-keqkuptuar-i-madh\\\/#primaryimage\"},\"image\":{\"@id\":\"https:\\\/\\\/fjala.info\\\/2009-2015\\\/edi-rama-ky-i-keqkuptuar-i-madh\\\/#primaryimage\"},\"thumbnailUrl\":\"http:\\\/\\\/www.fjala.info\\\/2012\\\/adriatik_kelmendi1.jpg\",\"datePublished\":\"2012-05-20T20:58:10+00:00\",\"breadcrumb\":{\"@id\":\"https:\\\/\\\/fjala.info\\\/2009-2015\\\/edi-rama-ky-i-keqkuptuar-i-madh\\\/#breadcrumb\"},\"inLanguage\":\"sq-AL\",\"potentialAction\":[{\"@type\":\"ReadAction\",\"target\":[\"https:\\\/\\\/fjala.info\\\/2009-2015\\\/edi-rama-ky-i-keqkuptuar-i-madh\\\/\"]}]},{\"@type\":\"ImageObject\",\"inLanguage\":\"sq-AL\",\"@id\":\"https:\\\/\\\/fjala.info\\\/2009-2015\\\/edi-rama-ky-i-keqkuptuar-i-madh\\\/#primaryimage\",\"url\":\"http:\\\/\\\/www.fjala.info\\\/2012\\\/adriatik_kelmendi1.jpg\",\"contentUrl\":\"http:\\\/\\\/www.fjala.info\\\/2012\\\/adriatik_kelmendi1.jpg\"},{\"@type\":\"BreadcrumbList\",\"@id\":\"https:\\\/\\\/fjala.info\\\/2009-2015\\\/edi-rama-ky-i-keqkuptuar-i-madh\\\/#breadcrumb\",\"itemListElement\":[{\"@type\":\"ListItem\",\"position\":1,\"name\":\"Home\",\"item\":\"https:\\\/\\\/fjala.info\\\/2009-2015\\\/\"},{\"@type\":\"ListItem\",\"position\":2,\"name\":\"Edi Rama, ky i keqkuptuar i madh\"}]},{\"@type\":\"WebSite\",\"@id\":\"https:\\\/\\\/fjala.info\\\/2009-2015\\\/#website\",\"url\":\"https:\\\/\\\/fjala.info\\\/2009-2015\\\/\",\"name\":\"FjALA e LIR\u00cb - Arkivi\",\"description\":\"Arkivi 2009-2015\",\"publisher\":{\"@id\":\"https:\\\/\\\/fjala.info\\\/2009-2015\\\/#organization\"},\"potentialAction\":[{\"@type\":\"SearchAction\",\"target\":{\"@type\":\"EntryPoint\",\"urlTemplate\":\"https:\\\/\\\/fjala.info\\\/2009-2015\\\/?s={search_term_string}\"},\"query-input\":{\"@type\":\"PropertyValueSpecification\",\"valueRequired\":true,\"valueName\":\"search_term_string\"}}],\"inLanguage\":\"sq-AL\"},{\"@type\":\"Organization\",\"@id\":\"https:\\\/\\\/fjala.info\\\/2009-2015\\\/#organization\",\"name\":\"FjALA e LIR\u00cb - Arkivi\",\"url\":\"https:\\\/\\\/fjala.info\\\/2009-2015\\\/\",\"logo\":{\"@type\":\"ImageObject\",\"inLanguage\":\"sq-AL\",\"@id\":\"https:\\\/\\\/fjala.info\\\/2009-2015\\\/#\\\/schema\\\/logo\\\/image\\\/\",\"url\":\"\",\"contentUrl\":\"\",\"caption\":\"FjALA e LIR\u00cb - Arkivi\"},\"image\":{\"@id\":\"https:\\\/\\\/fjala.info\\\/2009-2015\\\/#\\\/schema\\\/logo\\\/image\\\/\"}},{\"@type\":\"Person\",\"@id\":\"https:\\\/\\\/fjala.info\\\/2009-2015\\\/#\\\/schema\\\/person\\\/3aa1163ef05469c496fc94e77611ada2\",\"name\":\"admin\",\"image\":{\"@type\":\"ImageObject\",\"inLanguage\":\"sq-AL\",\"@id\":\"https:\\\/\\\/fjala.info\\\/2009-2015\\\/wp-content\\\/uploads\\\/2012\\\/02\\\/arben_cokaj-120x150.jpg\",\"url\":\"https:\\\/\\\/fjala.info\\\/2009-2015\\\/wp-content\\\/uploads\\\/2012\\\/02\\\/arben_cokaj-120x150.jpg\",\"contentUrl\":\"https:\\\/\\\/fjala.info\\\/2009-2015\\\/wp-content\\\/uploads\\\/2012\\\/02\\\/arben_cokaj-120x150.jpg\",\"caption\":\"admin\"},\"description\":\"Admin, Fjala e Lir\u00eb\",\"sameAs\":[\"https:\\\/\\\/fjala.info\\\/\"],\"url\":\"https:\\\/\\\/fjala.info\\\/2009-2015\\\/author\\\/admin\\\/\"}]}<\/script>\n<!-- \/ Yoast SEO plugin. -->","yoast_head_json":{"title":"Edi Rama, ky i keqkuptuar i madh - FjALA e LIR\u00cb - Arkivi","robots":{"index":"index","follow":"follow","max-snippet":"max-snippet:-1","max-image-preview":"max-image-preview:large","max-video-preview":"max-video-preview:-1"},"canonical":"https:\/\/fjala.info\/2009-2015\/edi-rama-ky-i-keqkuptuar-i-madh\/","og_locale":"sq_AL","og_type":"article","og_title":"Edi Rama, ky i keqkuptuar i madh - FjALA e LIR\u00cb - Arkivi","og_description":"Si po p\u00ebrgatitet Edi Rama q\u00eb t\u00eb marr\u00eb pushtetin n\u00eb Shqip\u00ebri, \u00e7ka ka kuptuar ai p\u00ebr Kosov\u00ebn dhe \u00e7ka e lidh at\u00eb me Hashim Tha\u00e7in? Nga Adriatik Kelmendi, 19 Maj 2012 EDI RAMA DHE HASHIM THA\u00c7I jan\u00eb shum\u00eb t\u00eb ndrysh\u00ebm si personalitete. Por kan\u00eb edhe shum\u00eb pika t\u00eb p\u00ebrbashk\u00ebta. P\u00ebr shembull, q\u00eb t\u00eb dy jan\u00eb [&hellip;]","og_url":"https:\/\/fjala.info\/2009-2015\/edi-rama-ky-i-keqkuptuar-i-madh\/","og_site_name":"FjALA e LIR\u00cb - Arkivi","article_published_time":"2012-05-20T20:58:10+00:00","og_image":[{"url":"http:\/\/www.fjala.info\/2012\/adriatik_kelmendi1.jpg","type":"","width":"","height":""}],"author":"admin","twitter_card":"summary_large_image","twitter_misc":{"Written by":"admin","Est. reading time":"5 minutes"},"schema":{"@context":"https:\/\/schema.org","@graph":[{"@type":"Article","@id":"https:\/\/fjala.info\/2009-2015\/edi-rama-ky-i-keqkuptuar-i-madh\/#article","isPartOf":{"@id":"https:\/\/fjala.info\/2009-2015\/edi-rama-ky-i-keqkuptuar-i-madh\/"},"author":{"name":"admin","@id":"https:\/\/fjala.info\/2009-2015\/#\/schema\/person\/3aa1163ef05469c496fc94e77611ada2"},"headline":"Edi Rama, ky i keqkuptuar i madh","datePublished":"2012-05-20T20:58:10+00:00","mainEntityOfPage":{"@id":"https:\/\/fjala.info\/2009-2015\/edi-rama-ky-i-keqkuptuar-i-madh\/"},"wordCount":1073,"commentCount":0,"publisher":{"@id":"https:\/\/fjala.info\/2009-2015\/#organization"},"image":{"@id":"https:\/\/fjala.info\/2009-2015\/edi-rama-ky-i-keqkuptuar-i-madh\/#primaryimage"},"thumbnailUrl":"http:\/\/www.fjala.info\/2012\/adriatik_kelmendi1.jpg","articleSection":["Artikuj"],"inLanguage":"sq-AL","potentialAction":[{"@type":"CommentAction","name":"Comment","target":["https:\/\/fjala.info\/2009-2015\/edi-rama-ky-i-keqkuptuar-i-madh\/#respond"]}]},{"@type":"WebPage","@id":"https:\/\/fjala.info\/2009-2015\/edi-rama-ky-i-keqkuptuar-i-madh\/","url":"https:\/\/fjala.info\/2009-2015\/edi-rama-ky-i-keqkuptuar-i-madh\/","name":"Edi Rama, ky i keqkuptuar i madh - FjALA e LIR\u00cb - Arkivi","isPartOf":{"@id":"https:\/\/fjala.info\/2009-2015\/#website"},"primaryImageOfPage":{"@id":"https:\/\/fjala.info\/2009-2015\/edi-rama-ky-i-keqkuptuar-i-madh\/#primaryimage"},"image":{"@id":"https:\/\/fjala.info\/2009-2015\/edi-rama-ky-i-keqkuptuar-i-madh\/#primaryimage"},"thumbnailUrl":"http:\/\/www.fjala.info\/2012\/adriatik_kelmendi1.jpg","datePublished":"2012-05-20T20:58:10+00:00","breadcrumb":{"@id":"https:\/\/fjala.info\/2009-2015\/edi-rama-ky-i-keqkuptuar-i-madh\/#breadcrumb"},"inLanguage":"sq-AL","potentialAction":[{"@type":"ReadAction","target":["https:\/\/fjala.info\/2009-2015\/edi-rama-ky-i-keqkuptuar-i-madh\/"]}]},{"@type":"ImageObject","inLanguage":"sq-AL","@id":"https:\/\/fjala.info\/2009-2015\/edi-rama-ky-i-keqkuptuar-i-madh\/#primaryimage","url":"http:\/\/www.fjala.info\/2012\/adriatik_kelmendi1.jpg","contentUrl":"http:\/\/www.fjala.info\/2012\/adriatik_kelmendi1.jpg"},{"@type":"BreadcrumbList","@id":"https:\/\/fjala.info\/2009-2015\/edi-rama-ky-i-keqkuptuar-i-madh\/#breadcrumb","itemListElement":[{"@type":"ListItem","position":1,"name":"Home","item":"https:\/\/fjala.info\/2009-2015\/"},{"@type":"ListItem","position":2,"name":"Edi Rama, ky i keqkuptuar i madh"}]},{"@type":"WebSite","@id":"https:\/\/fjala.info\/2009-2015\/#website","url":"https:\/\/fjala.info\/2009-2015\/","name":"FjALA e LIR\u00cb - Arkivi","description":"Arkivi 2009-2015","publisher":{"@id":"https:\/\/fjala.info\/2009-2015\/#organization"},"potentialAction":[{"@type":"SearchAction","target":{"@type":"EntryPoint","urlTemplate":"https:\/\/fjala.info\/2009-2015\/?s={search_term_string}"},"query-input":{"@type":"PropertyValueSpecification","valueRequired":true,"valueName":"search_term_string"}}],"inLanguage":"sq-AL"},{"@type":"Organization","@id":"https:\/\/fjala.info\/2009-2015\/#organization","name":"FjALA e LIR\u00cb - Arkivi","url":"https:\/\/fjala.info\/2009-2015\/","logo":{"@type":"ImageObject","inLanguage":"sq-AL","@id":"https:\/\/fjala.info\/2009-2015\/#\/schema\/logo\/image\/","url":"","contentUrl":"","caption":"FjALA e LIR\u00cb - Arkivi"},"image":{"@id":"https:\/\/fjala.info\/2009-2015\/#\/schema\/logo\/image\/"}},{"@type":"Person","@id":"https:\/\/fjala.info\/2009-2015\/#\/schema\/person\/3aa1163ef05469c496fc94e77611ada2","name":"admin","image":{"@type":"ImageObject","inLanguage":"sq-AL","@id":"https:\/\/fjala.info\/2009-2015\/wp-content\/uploads\/2012\/02\/arben_cokaj-120x150.jpg","url":"https:\/\/fjala.info\/2009-2015\/wp-content\/uploads\/2012\/02\/arben_cokaj-120x150.jpg","contentUrl":"https:\/\/fjala.info\/2009-2015\/wp-content\/uploads\/2012\/02\/arben_cokaj-120x150.jpg","caption":"admin"},"description":"Admin, Fjala e Lir\u00eb","sameAs":["https:\/\/fjala.info\/"],"url":"https:\/\/fjala.info\/2009-2015\/author\/admin\/"}]}},"_links":{"self":[{"href":"https:\/\/fjala.info\/2009-2015\/wp-json\/wp\/v2\/posts\/2848","targetHints":{"allow":["GET"]}}],"collection":[{"href":"https:\/\/fjala.info\/2009-2015\/wp-json\/wp\/v2\/posts"}],"about":[{"href":"https:\/\/fjala.info\/2009-2015\/wp-json\/wp\/v2\/types\/post"}],"author":[{"embeddable":true,"href":"https:\/\/fjala.info\/2009-2015\/wp-json\/wp\/v2\/users\/1"}],"replies":[{"embeddable":true,"href":"https:\/\/fjala.info\/2009-2015\/wp-json\/wp\/v2\/comments?post=2848"}],"version-history":[{"count":0,"href":"https:\/\/fjala.info\/2009-2015\/wp-json\/wp\/v2\/posts\/2848\/revisions"}],"wp:attachment":[{"href":"https:\/\/fjala.info\/2009-2015\/wp-json\/wp\/v2\/media?parent=2848"}],"wp:term":[{"taxonomy":"category","embeddable":true,"href":"https:\/\/fjala.info\/2009-2015\/wp-json\/wp\/v2\/categories?post=2848"},{"taxonomy":"post_tag","embeddable":true,"href":"https:\/\/fjala.info\/2009-2015\/wp-json\/wp\/v2\/tags?post=2848"}],"curies":[{"name":"wp","href":"https:\/\/api.w.org\/{rel}","templated":true}]}}