{"id":2847,"date":"2010-05-28T09:18:23","date_gmt":"2010-05-28T08:18:23","guid":{"rendered":"http:\/\/fjala.shkoder.net\/?p=2847"},"modified":"2010-05-28T09:18:23","modified_gmt":"2010-05-28T08:18:23","slug":"nje-keshille-per-te-plotesuar-kushtet-per-vizat-brenda-dites","status":"publish","type":"post","link":"https:\/\/fjala.info\/2009-2015\/nje-keshille-per-te-plotesuar-kushtet-per-vizat-brenda-dites\/","title":{"rendered":"Nj\u00eb k\u00ebshill\u00eb p\u00ebr t\u00eb plot\u00ebsuar kushtet p\u00ebr vizat brenda dit\u00ebs"},"content":{"rendered":"<p><img decoding=\"async\" style=\"margin-left: 10px; margin-right: 10px; border: 0px;\" src=\"http:\/\/www.shkoder.net\/images\/fjala\/mero_baze1.jpg\" border=\"0\" alt=\"Mero Baze\" width=\"100\" align=\"right\" \/><\/p>\n<p>Nga <strong>Mero Baze<\/strong>, &#8220;<em>Faktori Plus<\/em>&#8221;<\/p>\n<p>Komisioni Evropian ka miratuar sot p\u00ebrfundimisht rekomandimet p\u00ebr liberalizimin e vizave p\u00ebr Bosnj\u00ebn dhe Shqip\u00ebrin\u00eb, duke e kusht\u00ebzuar ato me tri kushte nga kat\u00ebr blloqe gjithsej q\u00eb Shqip\u00ebria ende nuk i ka plot\u00ebsuar. Ato jan\u00eb strategjia p\u00ebr t\u00eb riatdhesuarit, lufta kund\u00ebr krimit t\u00eb organizuar dhe korrupsionit dhe zbatimi me efikasitet i ligjit antimafia. Pavar\u00ebsisht fishekzjarr\u00ebve q\u00eb u ndez\u00ebn n\u00eb Tiran\u00eb nga qeveria dhe opozita, n\u00eb t\u00eb v\u00ebrtet\u00eb, t\u00eb tria kushtet edhe pse n\u00eb dukej teknike kan\u00eb nj\u00eb lidhje t\u00eb fort\u00eb me vullnetin politik t\u00eb qeveris\u00eb Shqip\u00ebrin\u00eb.<\/p>\n<p>K\u00ebto nuk jan\u00eb kushte, t\u00eb cilat Shqip\u00ebria nuk i ka plot\u00ebsuar ende se nuk ka mund\u00ebsi financiare apo se ka mang\u00ebsi ligjore. K\u00ebto jan\u00eb tri kushte q\u00eb kan\u00eb t\u00eb b\u00ebjn\u00eb pik\u00ebrisht me vullnetin politik t\u00eb qeveris\u00eb, i cili dikton mosplot\u00ebsimin e tyre. K\u00ebto tri kushte ne duhet t\u2019i kishim plot\u00ebsuar nj\u00eb vit m\u00eb par\u00eb, q\u00eb n\u00eb janarin e kaluar, t\u00eb kishim filluar t\u00eb l\u00ebviznim pa viza, ashtu si serb\u00ebt, malazez\u00ebt dhe maqedonasit. Nuk i plot\u00ebsuam. Mund t\u2019i kishim plot\u00ebsuar deri n\u00eb 27 maj, pra deri m\u00eb sot, dhe sot t\u00eb shpallej vendimi. Nuk i b\u00ebm\u00eb p\u00ebrs\u00ebri.<\/p>\n<p>Tashm\u00eb na e kan\u00eb l\u00ebn\u00eb t\u2019i plot\u00ebsojm\u00eb deri n\u00eb vjesht\u00eb, me q\u00ebllim q\u00eb n\u00eb nj\u00eb nga tri mbledhjet e Ministrave t\u00eb Jasht\u00ebm t\u00eb BE, n\u00eb tetor, n\u00ebntor apo dhjetor t\u00eb merret vendimi. D\u00ebgjova kryeministrin Berisha q\u00eb filloi t\u00eb riangazhohet p\u00ebr t\u00eb qind\u00ebn her\u00eb p\u00ebr k\u00ebto pika. N\u00eb t\u00eb v\u00ebrtet\u00eb, sa her\u00eb angazhohet, aq her\u00eb na kujton se \u00ebsht\u00eb fajtor p\u00ebr izolimin e shqiptar\u00ebve. Ka nj\u00eb k\u00ebshill\u00eb t\u00eb vetme q\u00eb k\u00ebto tri kushte t\u00eb plot\u00ebsohen brenda dit\u00ebs e jo brenda 6 muajve.<\/p>\n<p>Strategjia p\u00ebr t\u00eb riatdhesuarit, \u00ebsht\u00eb nj\u00eb kusht teknik q\u00eb ka t\u00eb b\u00ebj\u00eb me pap\u00ebrgjegj\u00ebsin\u00eb p\u00ebr t\u00eb shkruar nj\u00eb projekt, i cili b\u00ebhet edhe brenda dit\u00ebs, ndaj nuk duhet t\u00eb diskutojm\u00eb fare p\u00ebr t\u00eb. Pika m\u00eb e nxeht\u00eb, q\u00eb po na mban ende t\u00eb izoluar, \u00ebsht\u00eb lufta kund\u00ebr krimit t\u00eb organizuar dhe korrupsionit. Komisioni Evropian ka theksuar n\u00eb progresraportin e tij se n\u00eb Shqip\u00ebri po krijohet kultura e mosnd\u00ebshkueshm\u00ebris\u00eb s\u00eb zyrtar\u00ebve t\u00eb lart\u00eb apo njer\u00ebzve t\u00eb lidhur me pushtetin.<\/p>\n<p>Prokurorja e P\u00ebrgjithshme, Ina Rama, ka th\u00ebn\u00eb dy dit\u00eb m\u00eb par\u00eb se krimi i organizuar ka mb\u00ebshtetje politike. N\u00ebse Sali Berisha e ka seriozisht se do t\u00eb ndihmoj shqiptar\u00ebt q\u00eb t\u2019u liberalizohen vizat, mjafton t\u00eb b\u00ebj\u00eb disa gjeste simbolike dhe ne brenda dit\u00ebs e kemi plot\u00ebsuar k\u00ebt\u00eb kusht. Mjafton q\u00eb nj\u00eb m\u00ebngjes kur del nga sht\u00ebpia, ai t\u00eb marr\u00eb me vete djalin dhe vajz\u00ebn dhe t\u2019i dor\u00ebzoj\u00eb para prokurores s\u00eb p\u00ebrgjithshme.<\/p>\n<p>Djali t\u00eb d\u00ebshmoj\u00eb para drejt\u00ebsis\u00eb, se \u00e7\u2019lidhje ka me fabrik\u00ebn e G\u00ebrdecit, \u00e7\u2019lidhje ka me Rrahman Selmanllarin n\u00eb k\u00ebt\u00eb histori, cilat jan\u00eb bizneset e p\u00ebrbashk\u00ebta t\u00eb tij me Selmanllarin dhe Delijorgjin, si ka lobuar ai n\u00eb em\u00ebr t\u00eb pushtetit t\u00eb babait p\u00ebr kontrat\u00ebn vdekjeprur\u00ebse dhe pastaj t\u00eb shkoj\u00eb para gjykat\u00ebs p\u00ebr t\u00eb marr\u00eb verdiktin e drejt\u00ebsis\u00eb.<\/p>\n<p>Vajza t\u00eb shkoj\u00eb para zonj\u00ebs Ina Rama t\u2019i thot\u00eb ta rihap\u00eb dosjen e mbyllur me dhun\u00eb p\u00ebr hetimin e sekserit t\u00eb familjes Damir Fazlli\u00e7, t\u00eb d\u00ebshmoj\u00eb si ka marr\u00eb p\u00ebrfaq\u00ebsin\u00eb e tij ligjore, si ka ndihmuar at\u00eb duke p\u00ebrdorur pushtetin e babait t\u00eb blej\u00eb toka t\u00eb lira n\u00eb Portoromano me q\u00ebllim nd\u00ebrtimin e nj\u00eb TEC-i m\u00eb von\u00eb, si ka tentuar t\u00eb fitoj\u00eb 3 p\u00ebr qind t\u00eb k\u00ebtij investimi duke garantuar investitorin p\u00ebr firm\u00ebn e babait t\u00eb saj si kryeminist\u00ebr, si ka ndihmuar me lidhjet e saj q\u00eb Fazlli\u00e7 t\u00eb fitoj\u00eb shumic\u00ebn e tenderave t\u00eb energjis\u00eb elektrike n\u00eb koh\u00ebn q\u00eb KESH drejtohej nga Gjergj Bojaxhiu dhe pastaj t\u00eb kaloj\u00eb para drejt\u00ebsis\u00eb. Pasi t\u00eb mbarojn\u00eb f\u00ebmij\u00ebt, t\u00eb q\u00ebndroj\u00eb dhe vet\u00eb dy or\u00eb para zonj\u00ebs Rama, ti k\u00ebrkoj\u00eb ta rihap\u00eb dosjen e rrug\u00ebs Rr\u00ebshen-Kalimash, t\u2019i k\u00ebrkoj\u00eb t\u00eb jap\u00eb d\u00ebshmin\u00eb e tij p\u00ebr at\u00eb vendim fatal, i cili po varros financat publike n\u00eb Shqip\u00ebri, t\u00eb tregoj\u00eb lidhjet e tij me Tarek Sraah, t\u00eb cilit i ka dh\u00ebn\u00eb mbi 1 miliard euro p\u00ebr nj\u00eb rrug\u00eb 60 km, dhe pastaj t\u00eb shkoj\u00eb para drejt\u00ebsis\u00eb pa imunitet.<\/p>\n<p>Kur t\u00eb shkoj n\u00eb Gjykat\u00eb t\u00eb Lart\u00eb e presin dhe disa padi penale p\u00ebr shpifje, t\u00eb cilat po i mbyll duke k\u00ebrc\u00ebnuar her\u00eb gruan e Fullanit dhe her\u00eb gjyqtar\u00eb t\u00eb tjer\u00eb t\u00eb kapur prej tij. Le t\u00eb ballafaqohet dhe me ato akuza dhe pastaj t\u00eb rikthehet n\u00eb sht\u00ebpi. Le ta garantojm\u00eb nj\u00eb moment n\u00eb em\u00ebr t\u00eb drejt\u00ebsis\u00eb se do ta l\u00ebm\u00eb n\u00eb gjendje t\u00eb lir\u00eb dhe nuk do ta arrestojn\u00eb pa u shpallur vendimi i gjyqit, si\u00e7 ka arrestuar ai dikur Fatos Nanon. Pasi t\u00eb mbaroj\u00eb pun\u00eb me f\u00ebmij\u00ebt, t\u00eb nxjerr\u00eb pak llogarit e fondacioneve bamir\u00ebse t\u00eb Liri Berish\u00ebs, t\u00eb b\u00ebj\u00eb transparenc\u00ebn e vras\u00ebsve dhe kriminel\u00ebve q\u00eb derdhin aty para p\u00ebr t\u00eb bler\u00eb lirin\u00eb e tyre dhe bizneset e paligjshme, t\u2019i b\u00ebj ato publike dhe t\u00eb shikojm\u00eb se \u00e7far\u00eb kan\u00eb p\u00ebrfituar ata q\u00eb shkojn\u00eb n\u00eb mbr\u00ebmjet e bamir\u00ebsis\u00eb dhe derdhin mij\u00ebra euro q\u00eb nuk deklarohen askund.<\/p>\n<p>Kur t\u00eb ket\u00eb mbaruar gjith\u00eb k\u00ebt\u00eb proces transparence, le t\u2019i b\u00ebj\u00eb nga nj\u00eb telefon Lulzim Bash\u00ebs dhe Fatmir Mediut t\u00eb shkojn\u00eb dhe ata si dhe familja e tij para drejt\u00ebsis\u00eb. N\u00ebse e gjith\u00eb kjo q\u00eb them, do t\u00eb ndodh\u00eb nes\u00ebr n\u00eb m\u00ebngjes, ju siguroj se pasnes\u00ebr Brukseli do t\u00eb na i quaj\u00eb t\u00eb plot\u00ebsuar edhe kushtin e luft\u00ebs kund\u00ebr krimit t\u00eb organizuar dhe korrupsionit edhe kushtin e zbatimit me efikasitet t\u00eb ligjit antimafia. Dhe pasnes\u00ebr mund t\u00eb kemi pa asnj\u00eb dilem\u00eb vendimin p\u00ebr liberalizimin e vizave pa asnj\u00eb kusht.<\/p>\n<p>Gjith\u00eb skenar\u00ebt e tjer\u00eb, q\u00eb Berisha t\u2019i mbush\u00eb mendjen per\u00ebndimit se po lufton mafian dhe krimin e organizuar, duke marr\u00eb kontrollin mbi gjyq\u00ebsorin dhe duke futur n\u00ebn terror Gjykat\u00ebn e Lart\u00eb dhe p\u00ebr nj\u00eb padi penale flagrante ndaj tij p\u00ebr shpifje, do t\u00eb jet\u00eb mundim i kot\u00eb. Sali Berisha nuk \u00ebsht\u00eb aq i lir\u00eb sa t\u00eb luftoj\u00eb krimin e organizuar, korrupsionin dhe t\u00eb hetoj\u00eb pastrimin e parave. Ai duhet t\u00eb arrestoj\u00eb djalin, vajz\u00ebn, gruan dhe pjes\u00ebtar\u00eb t\u00eb tjer\u00eb t\u00eb familjes s\u00eb tij politike. Na i jepni q\u00eb sot k\u00ebto viza, n\u00ebse doni t\u00eb ndihmoni shqiptar\u00ebt. Mos na lini n\u00eb dor\u00eb t\u00eb atyre q\u00eb i kan\u00eb edhe vizat edhe parat\u00eb edhe pushtetin edhe vullnetin politik p\u00ebr t\u00eb mos i plot\u00ebsuar kurr\u00eb ato kushte.<\/p>\n","protected":false},"excerpt":{"rendered":"<p>Nga Mero Baze, &#8220;Faktori Plus&#8221; Komisioni Evropian ka miratuar sot p\u00ebrfundimisht rekomandimet p\u00ebr liberalizimin e vizave p\u00ebr Bosnj\u00ebn dhe Shqip\u00ebrin\u00eb, duke e kusht\u00ebzuar ato me tri kushte nga kat\u00ebr blloqe gjithsej q\u00eb Shqip\u00ebria ende nuk i ka plot\u00ebsuar. Ato jan\u00eb strategjia p\u00ebr t\u00eb riatdhesuarit, lufta kund\u00ebr krimit t\u00eb organizuar dhe korrupsionit dhe zbatimi me efikasitet [&hellip;]<\/p>\n","protected":false},"author":1,"featured_media":0,"comment_status":"open","ping_status":"closed","sticky":false,"template":"","format":"standard","meta":{"footnotes":""},"categories":[2],"tags":[],"class_list":{"0":"post-2847","1":"post","2":"type-post","3":"status-publish","4":"format-standard","6":"category-artikuj"},"yoast_head":"<!-- This site is optimized with the Yoast SEO plugin v27.4 - https:\/\/yoast.com\/product\/yoast-seo-wordpress\/ -->\n<title>Nj\u00eb k\u00ebshill\u00eb p\u00ebr t\u00eb plot\u00ebsuar kushtet p\u00ebr vizat brenda dit\u00ebs - FjALA e LIR\u00cb - Arkivi<\/title>\n<meta name=\"robots\" content=\"index, follow, max-snippet:-1, max-image-preview:large, max-video-preview:-1\" \/>\n<link rel=\"canonical\" href=\"https:\/\/fjala.info\/2009-2015\/nje-keshille-per-te-plotesuar-kushtet-per-vizat-brenda-dites\/\" \/>\n<meta property=\"og:locale\" content=\"sq_AL\" \/>\n<meta property=\"og:type\" content=\"article\" \/>\n<meta property=\"og:title\" content=\"Nj\u00eb k\u00ebshill\u00eb p\u00ebr t\u00eb plot\u00ebsuar kushtet p\u00ebr vizat brenda dit\u00ebs - FjALA e LIR\u00cb - Arkivi\" \/>\n<meta property=\"og:description\" content=\"Nga Mero Baze, &#8220;Faktori Plus&#8221; Komisioni Evropian ka miratuar sot p\u00ebrfundimisht rekomandimet p\u00ebr liberalizimin e vizave p\u00ebr Bosnj\u00ebn dhe Shqip\u00ebrin\u00eb, duke e kusht\u00ebzuar ato me tri kushte nga kat\u00ebr blloqe gjithsej q\u00eb Shqip\u00ebria ende nuk i ka plot\u00ebsuar. Ato jan\u00eb strategjia p\u00ebr t\u00eb riatdhesuarit, lufta kund\u00ebr krimit t\u00eb organizuar dhe korrupsionit dhe zbatimi me efikasitet [&hellip;]\" \/>\n<meta property=\"og:url\" content=\"https:\/\/fjala.info\/2009-2015\/nje-keshille-per-te-plotesuar-kushtet-per-vizat-brenda-dites\/\" \/>\n<meta property=\"og:site_name\" content=\"FjALA e LIR\u00cb - Arkivi\" \/>\n<meta property=\"article:published_time\" content=\"2010-05-28T08:18:23+00:00\" \/>\n<meta property=\"og:image\" content=\"http:\/\/www.shkoder.net\/images\/fjala\/mero_baze1.jpg\" \/>\n<meta name=\"author\" content=\"admin\" \/>\n<meta name=\"twitter:card\" content=\"summary_large_image\" \/>\n<meta name=\"twitter:label1\" content=\"Written by\" \/>\n\t<meta name=\"twitter:data1\" content=\"admin\" \/>\n\t<meta name=\"twitter:label2\" content=\"Est. reading time\" \/>\n\t<meta name=\"twitter:data2\" content=\"6 minutes\" \/>\n<script type=\"application\/ld+json\" class=\"yoast-schema-graph\">{\"@context\":\"https:\\\/\\\/schema.org\",\"@graph\":[{\"@type\":\"Article\",\"@id\":\"https:\\\/\\\/fjala.info\\\/2009-2015\\\/nje-keshille-per-te-plotesuar-kushtet-per-vizat-brenda-dites\\\/#article\",\"isPartOf\":{\"@id\":\"https:\\\/\\\/fjala.info\\\/2009-2015\\\/nje-keshille-per-te-plotesuar-kushtet-per-vizat-brenda-dites\\\/\"},\"author\":{\"name\":\"admin\",\"@id\":\"https:\\\/\\\/fjala.info\\\/2009-2015\\\/#\\\/schema\\\/person\\\/3aa1163ef05469c496fc94e77611ada2\"},\"headline\":\"Nj\u00eb k\u00ebshill\u00eb p\u00ebr t\u00eb plot\u00ebsuar kushtet p\u00ebr vizat brenda dit\u00ebs\",\"datePublished\":\"2010-05-28T08:18:23+00:00\",\"mainEntityOfPage\":{\"@id\":\"https:\\\/\\\/fjala.info\\\/2009-2015\\\/nje-keshille-per-te-plotesuar-kushtet-per-vizat-brenda-dites\\\/\"},\"wordCount\":1202,\"commentCount\":0,\"publisher\":{\"@id\":\"https:\\\/\\\/fjala.info\\\/2009-2015\\\/#organization\"},\"image\":{\"@id\":\"https:\\\/\\\/fjala.info\\\/2009-2015\\\/nje-keshille-per-te-plotesuar-kushtet-per-vizat-brenda-dites\\\/#primaryimage\"},\"thumbnailUrl\":\"http:\\\/\\\/www.shkoder.net\\\/images\\\/fjala\\\/mero_baze1.jpg\",\"articleSection\":[\"Artikuj\"],\"inLanguage\":\"sq-AL\",\"potentialAction\":[{\"@type\":\"CommentAction\",\"name\":\"Comment\",\"target\":[\"https:\\\/\\\/fjala.info\\\/2009-2015\\\/nje-keshille-per-te-plotesuar-kushtet-per-vizat-brenda-dites\\\/#respond\"]}]},{\"@type\":\"WebPage\",\"@id\":\"https:\\\/\\\/fjala.info\\\/2009-2015\\\/nje-keshille-per-te-plotesuar-kushtet-per-vizat-brenda-dites\\\/\",\"url\":\"https:\\\/\\\/fjala.info\\\/2009-2015\\\/nje-keshille-per-te-plotesuar-kushtet-per-vizat-brenda-dites\\\/\",\"name\":\"Nj\u00eb k\u00ebshill\u00eb p\u00ebr t\u00eb plot\u00ebsuar kushtet p\u00ebr vizat brenda dit\u00ebs - FjALA e LIR\u00cb - Arkivi\",\"isPartOf\":{\"@id\":\"https:\\\/\\\/fjala.info\\\/2009-2015\\\/#website\"},\"primaryImageOfPage\":{\"@id\":\"https:\\\/\\\/fjala.info\\\/2009-2015\\\/nje-keshille-per-te-plotesuar-kushtet-per-vizat-brenda-dites\\\/#primaryimage\"},\"image\":{\"@id\":\"https:\\\/\\\/fjala.info\\\/2009-2015\\\/nje-keshille-per-te-plotesuar-kushtet-per-vizat-brenda-dites\\\/#primaryimage\"},\"thumbnailUrl\":\"http:\\\/\\\/www.shkoder.net\\\/images\\\/fjala\\\/mero_baze1.jpg\",\"datePublished\":\"2010-05-28T08:18:23+00:00\",\"breadcrumb\":{\"@id\":\"https:\\\/\\\/fjala.info\\\/2009-2015\\\/nje-keshille-per-te-plotesuar-kushtet-per-vizat-brenda-dites\\\/#breadcrumb\"},\"inLanguage\":\"sq-AL\",\"potentialAction\":[{\"@type\":\"ReadAction\",\"target\":[\"https:\\\/\\\/fjala.info\\\/2009-2015\\\/nje-keshille-per-te-plotesuar-kushtet-per-vizat-brenda-dites\\\/\"]}]},{\"@type\":\"ImageObject\",\"inLanguage\":\"sq-AL\",\"@id\":\"https:\\\/\\\/fjala.info\\\/2009-2015\\\/nje-keshille-per-te-plotesuar-kushtet-per-vizat-brenda-dites\\\/#primaryimage\",\"url\":\"http:\\\/\\\/www.shkoder.net\\\/images\\\/fjala\\\/mero_baze1.jpg\",\"contentUrl\":\"http:\\\/\\\/www.shkoder.net\\\/images\\\/fjala\\\/mero_baze1.jpg\"},{\"@type\":\"BreadcrumbList\",\"@id\":\"https:\\\/\\\/fjala.info\\\/2009-2015\\\/nje-keshille-per-te-plotesuar-kushtet-per-vizat-brenda-dites\\\/#breadcrumb\",\"itemListElement\":[{\"@type\":\"ListItem\",\"position\":1,\"name\":\"Home\",\"item\":\"https:\\\/\\\/fjala.info\\\/2009-2015\\\/\"},{\"@type\":\"ListItem\",\"position\":2,\"name\":\"Nj\u00eb k\u00ebshill\u00eb p\u00ebr t\u00eb plot\u00ebsuar kushtet p\u00ebr vizat brenda dit\u00ebs\"}]},{\"@type\":\"WebSite\",\"@id\":\"https:\\\/\\\/fjala.info\\\/2009-2015\\\/#website\",\"url\":\"https:\\\/\\\/fjala.info\\\/2009-2015\\\/\",\"name\":\"FjALA e LIR\u00cb - Arkivi\",\"description\":\"Arkivi 2009-2015\",\"publisher\":{\"@id\":\"https:\\\/\\\/fjala.info\\\/2009-2015\\\/#organization\"},\"potentialAction\":[{\"@type\":\"SearchAction\",\"target\":{\"@type\":\"EntryPoint\",\"urlTemplate\":\"https:\\\/\\\/fjala.info\\\/2009-2015\\\/?s={search_term_string}\"},\"query-input\":{\"@type\":\"PropertyValueSpecification\",\"valueRequired\":true,\"valueName\":\"search_term_string\"}}],\"inLanguage\":\"sq-AL\"},{\"@type\":\"Organization\",\"@id\":\"https:\\\/\\\/fjala.info\\\/2009-2015\\\/#organization\",\"name\":\"FjALA e LIR\u00cb - Arkivi\",\"url\":\"https:\\\/\\\/fjala.info\\\/2009-2015\\\/\",\"logo\":{\"@type\":\"ImageObject\",\"inLanguage\":\"sq-AL\",\"@id\":\"https:\\\/\\\/fjala.info\\\/2009-2015\\\/#\\\/schema\\\/logo\\\/image\\\/\",\"url\":\"\",\"contentUrl\":\"\",\"caption\":\"FjALA e LIR\u00cb - Arkivi\"},\"image\":{\"@id\":\"https:\\\/\\\/fjala.info\\\/2009-2015\\\/#\\\/schema\\\/logo\\\/image\\\/\"}},{\"@type\":\"Person\",\"@id\":\"https:\\\/\\\/fjala.info\\\/2009-2015\\\/#\\\/schema\\\/person\\\/3aa1163ef05469c496fc94e77611ada2\",\"name\":\"admin\",\"image\":{\"@type\":\"ImageObject\",\"inLanguage\":\"sq-AL\",\"@id\":\"https:\\\/\\\/fjala.info\\\/2009-2015\\\/wp-content\\\/uploads\\\/2012\\\/02\\\/arben_cokaj-120x150.jpg\",\"url\":\"https:\\\/\\\/fjala.info\\\/2009-2015\\\/wp-content\\\/uploads\\\/2012\\\/02\\\/arben_cokaj-120x150.jpg\",\"contentUrl\":\"https:\\\/\\\/fjala.info\\\/2009-2015\\\/wp-content\\\/uploads\\\/2012\\\/02\\\/arben_cokaj-120x150.jpg\",\"caption\":\"admin\"},\"description\":\"Admin, Fjala e Lir\u00eb\",\"sameAs\":[\"https:\\\/\\\/fjala.info\\\/\"],\"url\":\"https:\\\/\\\/fjala.info\\\/2009-2015\\\/author\\\/admin\\\/\"}]}<\/script>\n<!-- \/ Yoast SEO plugin. -->","yoast_head_json":{"title":"Nj\u00eb k\u00ebshill\u00eb p\u00ebr t\u00eb plot\u00ebsuar kushtet p\u00ebr vizat brenda dit\u00ebs - FjALA e LIR\u00cb - Arkivi","robots":{"index":"index","follow":"follow","max-snippet":"max-snippet:-1","max-image-preview":"max-image-preview:large","max-video-preview":"max-video-preview:-1"},"canonical":"https:\/\/fjala.info\/2009-2015\/nje-keshille-per-te-plotesuar-kushtet-per-vizat-brenda-dites\/","og_locale":"sq_AL","og_type":"article","og_title":"Nj\u00eb k\u00ebshill\u00eb p\u00ebr t\u00eb plot\u00ebsuar kushtet p\u00ebr vizat brenda dit\u00ebs - FjALA e LIR\u00cb - Arkivi","og_description":"Nga Mero Baze, &#8220;Faktori Plus&#8221; Komisioni Evropian ka miratuar sot p\u00ebrfundimisht rekomandimet p\u00ebr liberalizimin e vizave p\u00ebr Bosnj\u00ebn dhe Shqip\u00ebrin\u00eb, duke e kusht\u00ebzuar ato me tri kushte nga kat\u00ebr blloqe gjithsej q\u00eb Shqip\u00ebria ende nuk i ka plot\u00ebsuar. Ato jan\u00eb strategjia p\u00ebr t\u00eb riatdhesuarit, lufta kund\u00ebr krimit t\u00eb organizuar dhe korrupsionit dhe zbatimi me efikasitet [&hellip;]","og_url":"https:\/\/fjala.info\/2009-2015\/nje-keshille-per-te-plotesuar-kushtet-per-vizat-brenda-dites\/","og_site_name":"FjALA e LIR\u00cb - Arkivi","article_published_time":"2010-05-28T08:18:23+00:00","og_image":[{"url":"http:\/\/www.shkoder.net\/images\/fjala\/mero_baze1.jpg","type":"","width":"","height":""}],"author":"admin","twitter_card":"summary_large_image","twitter_misc":{"Written by":"admin","Est. reading time":"6 minutes"},"schema":{"@context":"https:\/\/schema.org","@graph":[{"@type":"Article","@id":"https:\/\/fjala.info\/2009-2015\/nje-keshille-per-te-plotesuar-kushtet-per-vizat-brenda-dites\/#article","isPartOf":{"@id":"https:\/\/fjala.info\/2009-2015\/nje-keshille-per-te-plotesuar-kushtet-per-vizat-brenda-dites\/"},"author":{"name":"admin","@id":"https:\/\/fjala.info\/2009-2015\/#\/schema\/person\/3aa1163ef05469c496fc94e77611ada2"},"headline":"Nj\u00eb k\u00ebshill\u00eb p\u00ebr t\u00eb plot\u00ebsuar kushtet p\u00ebr vizat brenda dit\u00ebs","datePublished":"2010-05-28T08:18:23+00:00","mainEntityOfPage":{"@id":"https:\/\/fjala.info\/2009-2015\/nje-keshille-per-te-plotesuar-kushtet-per-vizat-brenda-dites\/"},"wordCount":1202,"commentCount":0,"publisher":{"@id":"https:\/\/fjala.info\/2009-2015\/#organization"},"image":{"@id":"https:\/\/fjala.info\/2009-2015\/nje-keshille-per-te-plotesuar-kushtet-per-vizat-brenda-dites\/#primaryimage"},"thumbnailUrl":"http:\/\/www.shkoder.net\/images\/fjala\/mero_baze1.jpg","articleSection":["Artikuj"],"inLanguage":"sq-AL","potentialAction":[{"@type":"CommentAction","name":"Comment","target":["https:\/\/fjala.info\/2009-2015\/nje-keshille-per-te-plotesuar-kushtet-per-vizat-brenda-dites\/#respond"]}]},{"@type":"WebPage","@id":"https:\/\/fjala.info\/2009-2015\/nje-keshille-per-te-plotesuar-kushtet-per-vizat-brenda-dites\/","url":"https:\/\/fjala.info\/2009-2015\/nje-keshille-per-te-plotesuar-kushtet-per-vizat-brenda-dites\/","name":"Nj\u00eb k\u00ebshill\u00eb p\u00ebr t\u00eb plot\u00ebsuar kushtet p\u00ebr vizat brenda dit\u00ebs - FjALA e LIR\u00cb - Arkivi","isPartOf":{"@id":"https:\/\/fjala.info\/2009-2015\/#website"},"primaryImageOfPage":{"@id":"https:\/\/fjala.info\/2009-2015\/nje-keshille-per-te-plotesuar-kushtet-per-vizat-brenda-dites\/#primaryimage"},"image":{"@id":"https:\/\/fjala.info\/2009-2015\/nje-keshille-per-te-plotesuar-kushtet-per-vizat-brenda-dites\/#primaryimage"},"thumbnailUrl":"http:\/\/www.shkoder.net\/images\/fjala\/mero_baze1.jpg","datePublished":"2010-05-28T08:18:23+00:00","breadcrumb":{"@id":"https:\/\/fjala.info\/2009-2015\/nje-keshille-per-te-plotesuar-kushtet-per-vizat-brenda-dites\/#breadcrumb"},"inLanguage":"sq-AL","potentialAction":[{"@type":"ReadAction","target":["https:\/\/fjala.info\/2009-2015\/nje-keshille-per-te-plotesuar-kushtet-per-vizat-brenda-dites\/"]}]},{"@type":"ImageObject","inLanguage":"sq-AL","@id":"https:\/\/fjala.info\/2009-2015\/nje-keshille-per-te-plotesuar-kushtet-per-vizat-brenda-dites\/#primaryimage","url":"http:\/\/www.shkoder.net\/images\/fjala\/mero_baze1.jpg","contentUrl":"http:\/\/www.shkoder.net\/images\/fjala\/mero_baze1.jpg"},{"@type":"BreadcrumbList","@id":"https:\/\/fjala.info\/2009-2015\/nje-keshille-per-te-plotesuar-kushtet-per-vizat-brenda-dites\/#breadcrumb","itemListElement":[{"@type":"ListItem","position":1,"name":"Home","item":"https:\/\/fjala.info\/2009-2015\/"},{"@type":"ListItem","position":2,"name":"Nj\u00eb k\u00ebshill\u00eb p\u00ebr t\u00eb plot\u00ebsuar kushtet p\u00ebr vizat brenda dit\u00ebs"}]},{"@type":"WebSite","@id":"https:\/\/fjala.info\/2009-2015\/#website","url":"https:\/\/fjala.info\/2009-2015\/","name":"FjALA e LIR\u00cb - Arkivi","description":"Arkivi 2009-2015","publisher":{"@id":"https:\/\/fjala.info\/2009-2015\/#organization"},"potentialAction":[{"@type":"SearchAction","target":{"@type":"EntryPoint","urlTemplate":"https:\/\/fjala.info\/2009-2015\/?s={search_term_string}"},"query-input":{"@type":"PropertyValueSpecification","valueRequired":true,"valueName":"search_term_string"}}],"inLanguage":"sq-AL"},{"@type":"Organization","@id":"https:\/\/fjala.info\/2009-2015\/#organization","name":"FjALA e LIR\u00cb - Arkivi","url":"https:\/\/fjala.info\/2009-2015\/","logo":{"@type":"ImageObject","inLanguage":"sq-AL","@id":"https:\/\/fjala.info\/2009-2015\/#\/schema\/logo\/image\/","url":"","contentUrl":"","caption":"FjALA e LIR\u00cb - Arkivi"},"image":{"@id":"https:\/\/fjala.info\/2009-2015\/#\/schema\/logo\/image\/"}},{"@type":"Person","@id":"https:\/\/fjala.info\/2009-2015\/#\/schema\/person\/3aa1163ef05469c496fc94e77611ada2","name":"admin","image":{"@type":"ImageObject","inLanguage":"sq-AL","@id":"https:\/\/fjala.info\/2009-2015\/wp-content\/uploads\/2012\/02\/arben_cokaj-120x150.jpg","url":"https:\/\/fjala.info\/2009-2015\/wp-content\/uploads\/2012\/02\/arben_cokaj-120x150.jpg","contentUrl":"https:\/\/fjala.info\/2009-2015\/wp-content\/uploads\/2012\/02\/arben_cokaj-120x150.jpg","caption":"admin"},"description":"Admin, Fjala e Lir\u00eb","sameAs":["https:\/\/fjala.info\/"],"url":"https:\/\/fjala.info\/2009-2015\/author\/admin\/"}]}},"_links":{"self":[{"href":"https:\/\/fjala.info\/2009-2015\/wp-json\/wp\/v2\/posts\/2847","targetHints":{"allow":["GET"]}}],"collection":[{"href":"https:\/\/fjala.info\/2009-2015\/wp-json\/wp\/v2\/posts"}],"about":[{"href":"https:\/\/fjala.info\/2009-2015\/wp-json\/wp\/v2\/types\/post"}],"author":[{"embeddable":true,"href":"https:\/\/fjala.info\/2009-2015\/wp-json\/wp\/v2\/users\/1"}],"replies":[{"embeddable":true,"href":"https:\/\/fjala.info\/2009-2015\/wp-json\/wp\/v2\/comments?post=2847"}],"version-history":[{"count":0,"href":"https:\/\/fjala.info\/2009-2015\/wp-json\/wp\/v2\/posts\/2847\/revisions"}],"wp:attachment":[{"href":"https:\/\/fjala.info\/2009-2015\/wp-json\/wp\/v2\/media?parent=2847"}],"wp:term":[{"taxonomy":"category","embeddable":true,"href":"https:\/\/fjala.info\/2009-2015\/wp-json\/wp\/v2\/categories?post=2847"},{"taxonomy":"post_tag","embeddable":true,"href":"https:\/\/fjala.info\/2009-2015\/wp-json\/wp\/v2\/tags?post=2847"}],"curies":[{"name":"wp","href":"https:\/\/api.w.org\/{rel}","templated":true}]}}