{"id":2846,"date":"2012-05-20T21:53:29","date_gmt":"2012-05-20T20:53:29","guid":{"rendered":"http:\/\/www.fjala.info\/?p=2846"},"modified":"2012-05-20T21:53:29","modified_gmt":"2012-05-20T20:53:29","slug":"cim-peka-ju-tregoj-servilet-e-berishes","status":"publish","type":"post","link":"https:\/\/fjala.info\/2009-2015\/cim-peka-ju-tregoj-servilet-e-berishes\/","title":{"rendered":"\u00c7IM PEKA: Ju tregoj servil\u00ebt e Berish\u00ebs"},"content":{"rendered":"<p><img decoding=\"async\" class=\"alignright size-thumbnail wp-image-7236\" title=\"\u00c7im Peka\" src=\"http:\/\/www.fjala.info\/2012\/cim_peka.jpg\" alt=\"\" width=\"150\" \/> <em>Intervist\u00eb nga<\/em> <strong>Mira Kazhani<\/strong><\/p>\n<p><em>Ai \u00ebsht\u00eb rritur n\u00eb nj\u00eb kull\u00eb n\u00eb Has t\u00eb Kuk\u00ebsit. T\u00eb konsideruar n\u00eb at\u00eb koh\u00eb me termin &#8220;kulak&#8221;, ata nuk kishin zgjidhje tjet\u00ebr sipas xhaxhait t\u00eb madh Xhem\u00ebs (Xhem\u00eb Peka), ve\u00e7se t\u00eb rrinin q\u00eb t\u00eb gjith\u00eb n\u00eb nj\u00eb sht\u00ebpi. Kulla ku jetonte fisi Peka p\u00ebrb\u00ebhej nga 45 persona dhe ashtu t\u00eb bashkuar sipas xhaxhait, regjimi e kisht\u00eb t\u00eb v\u00ebshtir\u00eb t&#8217;i internonte. Pas vdekjes s\u00eb Enver Hoxh\u00ebs n\u00eb 1985 axha Xhem\u00eb mblodhi fisin dhe ju tha:- Jeni t\u00eb lir\u00eb t\u00eb jetoni ku t\u00eb doni. Askush nuk mund t\u00eb jet\u00eb m\u00eb i keq se ai (Enver Hoxha e kish fjal\u00ebn)<\/em><\/p>\n<p><em>Sot kam vendosur t\u00eb takoj \u00c7im Pek\u00ebn, t\u00eb cilin kur e telefonava mu p\u00ebrgjigj se nuk besonte se kishte ndonj\u00eb vler\u00eb t\u00eb caktuar p\u00ebr t\u00eb q\u00ebn\u00eb n\u00eb rubrik\u00eb. \u00c7imi m\u00eb ka kuriozuar jo pak madje dikur i kam shoq\u00ebruar me nj\u00eb buzq\u00ebqeshje intervistat e tij. N\u00eb ato fillime m\u00eb dukej se i p\u00eblqente t\u00eb imitonte Fevzon, sidomos nga m\u00ebnyra si q\u00ebndronte n\u00eb k\u00ebmb\u00eb dhe sesi l\u00ebvizte duart, tipike e moderatorit t\u00eb Opinion. Nuk e merrja edhe aq seriozisht por ajo \u00e7&#8217;ka m\u00eb befasonte koh\u00eb pas koh\u00eb ishte fakti q\u00eb n\u00eb studion e tij shkonin gjithnj\u00eb e m\u00eb shum\u00eb figura t\u00eb r\u00ebnd\u00ebsishme. Madje kryeministri Berisha intervist\u00ebn m\u00eb t\u00eb mir\u00eb n\u00eb k\u00ebto vitet e fundit e kish tek \u00c7im Peka, ju p\u00eblqen apo jo t\u00eb tjer\u00ebve.<\/em><\/p>\n<p><strong>Nuk t\u00eb erdhi n\u00eb studio Berisha ve\u00e7se? <\/strong><br \/>\nE pyes un\u00eb at\u00eb nd\u00ebrsa ai ka porositur ver\u00ebn m\u00eb t\u00eb mir\u00eb q\u00eb ka lokali me nj\u00eb sens bujarie.<br \/>\n&#8211; Nuk erdhi n\u00eb studio dhe s&#8217;m\u00eb erdhi mir\u00eb aspak. Fillimisht lajm\u00ebrova Erl\u00ebn q\u00eb t&#8217;a anullonim fare intervist\u00ebn n\u00ebse ajo s&#8217;do t\u00eb zhvillohej n\u00eb studion time. Erla m\u00eb pati p\u00ebrcjell\u00eb reagimin e Berish\u00ebs q\u00eb fjal\u00eb p\u00ebr fjal\u00eb nuk e artikuloj dot por kuptimi ishte: &#8211; H\u00eb se do i kaloj\u00eb dhe do ndryshoj\u00eb mendje, e do t\u00eb vij\u00eb vet\u00eb n\u00eb kryeministri p\u00ebr intervist\u00ebn.<\/p>\n<p>Ai rr\u00ebfen se nuk pranoi n\u00eb asnj\u00eb m\u00ebnyr\u00eb por pas 4-t\u00ebr dit\u00ebsh rrethanat e soll\u00ebn q\u00eb ai t\u00eb ndryshonte mendje. Ishte pik\u00ebrisht koha kur ekspertiza e FBI nxori plumbat e p\u00ebrdorur nga Garda e Republik\u00ebs n\u00eb 21 Janar dhe pas nj\u00eb telefonate nga i v\u00ebllai Aveniri q\u00eb e th\u00ebrret shkurt Avja, ai telefon Erl\u00ebn z\u00ebdh\u00ebn\u00ebsen dhe i thot\u00eb shprehimisht k\u00ebshtu: &#8211; Erla, n\u00ebse atij (Berish\u00ebs) si ka ngelur hatri i thuaj q\u00eb jam gati t\u00eb vij n\u00eb kryeministri p\u00ebr intervist\u00ebn.<\/p>\n<p>Intervista u b\u00eb dhe ai tregon se at\u00eb dit\u00eb ka q\u00ebn\u00eb m\u00eb 40 temperatur\u00eb por fati ishte se u ndodh n\u00eb koh\u00ebn e duhur me njeriun e duhur, ndoshta jo n\u00eb vendin e duhur por r\u00ebnd\u00ebsi ka \u00e7&#8217;thuhet e \u00e7&#8217;pyetet. Sa p\u00ebr k\u00ebto &#8220;pordh\u00ebt&#8221; e konkurenc\u00ebs q\u00eb mua m\u00eb vjen n\u00eb studio e ty t\u00eb flet n\u00eb lulishte, shpesh nj\u00eb gazetar nuk duhet t\u00eb infektohet.<\/p>\n<p>N\u00eb p\u00ebrgjith\u00ebsi tek \u00c7imi si\u00e7 j&#8217;ua thash\u00eb dhe m\u00eb lart flasin t\u00eb gjith\u00eb. Kam bashk\u00ebpunuar p\u00ebr vite me emisione televiziv dhe e njoh shijen e makthit p\u00ebr t\u00eb gjetur t\u00eb ftuarit e duhur. \u00cbsht\u00eb nj\u00eb katastrof\u00eb telefonike e psikologjike deri n\u00eb minut\u00ebn kur jepet sigla hyr\u00ebse.<\/p>\n<p><strong>Pyetja ime \u00ebsht\u00eb e thjesht\u00eb. Pse shkojn\u00eb t\u00eb gjith\u00eb tek Peka? <\/strong><br \/>\nPeka ka nj\u00eb sens deliri i p\u00ebrzier me njeriun e mir\u00eb brenda tij por q\u00eb e b\u00ebn t\u00ebrheq\u00ebs. Nd\u00ebrkoh\u00eb q\u00eb ai flet un\u00eb e di q\u00eb n\u00eb redaksi askush nuk do shkul flok\u00ebt kur t\u00eb m\u00ebsoj\u00eb se kam sjell\u00eb nj\u00eb personazh, i cili nuk ka b\u00ebr\u00eb asgj\u00eb t\u00eb madhe e asgj\u00eb t\u00eb \u00e7uditshme. I kam besuar shqis\u00ebs time dhe do t&#8217;a \u00e7oj n\u00eb fund sepse nj\u00eb \u00e7udi n\u00eb gjith\u00eb k\u00ebt\u00eb histori ka!<\/p>\n<p>Q\u00eb prej vitit -92 Peka ka q\u00ebn\u00eb shum\u00eb af\u00ebr figurave t\u00eb PD. I njeh t\u00eb gjith\u00eb ata q\u00eb nga mb\u00ebshtet\u00ebsit fanatik n\u00eb gazetari si Fahri Balliu e deri para disa vitesh Mero Baze. Meq\u00eb ra fjala tek k\u00ebta t\u00eb dy flasim pak edhe p\u00ebr ta. Fundja nj\u00eb dark\u00eb gazetar\u00ebsh nuk ka kuptim pa thashetheme.<\/p>\n<p><strong>Cili ishte m\u00eb i fort\u00eb tek Berisha n\u00eb t\u00eb v\u00ebrtet\u00eb? Mero apo Fahriu?<\/strong><br \/>\n&#8211; Fahriu kujdesej nga m\u00ebngjesi deri n\u00eb dark\u00eb q\u00eb gazeta ti p\u00eblqent\u00eb Berish\u00ebs. Sigurisht kishte nj\u00eb gar\u00eb mes tyre. Mero ishte i preferuari i Berish\u00ebs p\u00ebr \u00e7\u00ebshtje t\u00eb holla, delikata e t\u00eb mprehta. Fahriu zgjidhej p\u00ebr luft\u00ebn ballore. Si\u00e7 edhe e kupton m\u00eb i forti ka q\u00ebn\u00eb Mero. Por dua t\u00eb t\u00eb them Mira dhe jam i bindur p\u00ebr k\u00ebt\u00eb se kush ka bashk\u00ebpunuar me Sali Berish\u00ebn nuk e shantazhon dot at\u00eb.<\/p>\n<p><strong>Po servil\u00ebt i p\u00eblqen ai?<\/strong><br \/>\n&#8211; Jo nuk besoj se i p\u00eblqen servil\u00ebt.<br \/>\n<em>N\u00eb k\u00ebt\u00eb moment e nd\u00ebrpres dhe i tregoj nj\u00eb perceptim personal gjat\u00eb koh\u00ebs kur un\u00eb si gazetare mbuloja mbledhjet e qeveris\u00eb. Dua ta ndaj edhe me ju lexues t\u00eb lunch.com. <\/em><br \/>\n<em>&#8211; P\u00ebrve\u00e7 Sokol Olldashit dhe Ridvan Bodes n\u00eb momentin q\u00eb kryetari shfaqej n\u00eb der\u00eb dhe hynte jo gjithmon\u00eb me t\u00eb nj\u00ebjt\u00ebn \u00e7ehre ata sikur zhvisheshin nga personaliteti. Braktisnin t\u00eb qeshurat dhe batutat ndonj\u00ebher\u00eb edhe disi t\u00eb shfrenuara. Buz\u00ebt mblidheshin, blloqet dhe stilolapsat vendoseshin pa zhurm\u00eb p\u00ebrpara. Shumica e shikonin n\u00eb sy n\u00ebse ai j&#8217;ua k\u00ebrkonte dhe pjesa tjet\u00ebr nuk e shikonin fare dhe vet\u00ebm mbanin sh\u00ebnime, (n\u00ebse ishte kjo q\u00eb k\u00ebrkonte ai). \u00cbsht\u00eb nj\u00eb kod v\u00ebshtrimi q\u00eb pas nj\u00ebfar\u00eb kohe nisje dhe e kuptoje si funksiononte.<\/em><\/p>\n<p>&#8211; Ke t\u00eb drejt\u00eb deri diku Mira. Ata q\u00eb kan\u00eb b\u00ebr\u00eb opozit\u00eb m\u00eb doktorin sigurisht q\u00eb nuk jan\u00eb servil\u00eb. Sot jan\u00eb detyrimisht t\u00eb till\u00eb ata q\u00eb erdh\u00ebn me t\u00eb direkt n\u00eb pushtet. Por edhe ata q\u00eb kan\u00eb b\u00ebr\u00eb opozit\u00eb me t\u00eb kan\u00eb kaluar pro\u00e7esin e servilizmit. N\u00eb fillesat e tyre kishte gar\u00eb kush t\u00eb kalonte n\u00eb koridor dhe t\u00eb p\u00ebrsh\u00ebndetej me doktorin. P\u00ebr t\u00eb p\u00ebrcjell\u00eb a pritur doktorin n\u00eb Rinas mbaheshin rradh\u00eb t\u00eb gjata. Mundet t\u00eb t\u00eb duket qesharake ty (sepse un\u00eb nd\u00ebrkoh\u00eb po qesh) por p\u00ebr ata ishte pjes\u00eb e pun\u00ebs. Kujtoj vet\u00ebm dy persona q\u00eb nuk kan\u00eb mbajtur radh\u00eb. Fatos Beja q\u00eb po t&#8217;ja k\u00ebrkonin t\u00eb shkonte n\u00eb Rinas do ta b\u00ebnte por vet\u00eb ai s&#8217;k\u00ebrkonte kurr\u00eb. Burr\u00eb i urt\u00eb shum\u00eb. Ridvan Bode p\u00ebr shkak t\u00eb nj\u00eb ftoht\u00ebsie q\u00eb e karakterizon.<\/p>\n<p>Sa p\u00ebr k\u00ebta t\u00eb tjer\u00ebt q\u00eb sot nuk b\u00ebjn\u00eb servil\u00ebt nuk e b\u00ebjn\u00eb p\u00ebr integritet a dinjitet. Ata thjesht njohin kodet e kryetarit t\u00eb tyre. Ja njohin pikat e dob\u00ebta dhe din\u00eb kur t\u00eb flasin e t\u00eb heshtin.<\/p>\n<p><strong>Por kjo nuk ndodh kurr\u00eb n\u00eb PS kolegu im i dashur, i them Pek\u00ebs p\u00ebr t&#8217;i nxjerr\u00eb ndonj\u00eb gj\u00eb m\u00eb shum\u00eb. Ai \u00ebsht\u00eb shpirt\u00ebrisht i djatht\u00eb dhe e di q\u00eb mund t\u00eb na rezervoj\u00eb ndonj\u00eb habi. <\/strong><br \/>\n&#8211; PS \u00ebsht\u00eb parti e trash\u00ebguar nd\u00ebrsa PD \u00ebsht\u00eb parti frym\u00eb, e krijuar nga Berisha.<\/p>\n<p><strong>Jo k\u00ebt\u00eb s&#8217;e pranoj, i them un\u00eb. Nuk e krijoj Berisha. Mesa di un\u00eb ai mori drejtimin. <\/strong><br \/>\n&#8211; Po n\u00eb SHBA shkuan Berisha, Azem Hajdari dhe Gramoz Pashko. Kryetar u kthye vet\u00ebm Berisha &#8211; thot\u00eb ai.<\/p>\n<p><strong>Gjat\u00eb bised\u00ebs gjuha shkon edhe tek afrimi Rama-Meta. <\/strong><br \/>\n&#8211; Rama \u00ebsht\u00eb gjithmon\u00eb nj\u00eb hap me vones\u00eb n\u00eb koh\u00eb. Nuk u b\u00eb me Met\u00ebn kur ai ishte i past\u00ebr dhe b\u00ebhet tani q\u00eb thot\u00eb se \u00ebsht\u00eb pis.<\/p>\n<p><strong>N\u00eb fakt ju si mendoni?<\/strong><br \/>\nE kam mik Met\u00ebn por mendoj q\u00eb ky negocim e nxjerr at\u00eb jasht\u00eb loje.<\/p>\n<p>Nd\u00ebrsa pim\u00eb ver\u00eb flasim dhe p\u00ebr pasionet e tij. Dikur Peka ka luajtur futboll profesionist dhe p\u00ebr her\u00eb t\u00eb par\u00eb d\u00ebgjoj se edhe ka pikturuar. N\u00eb vitet e shkoll\u00ebs s\u00eb mesme n\u00eb Kuk\u00ebs riprodhonte Xhokond\u00ebn dhe j&#8217;ua shiste p\u00ebr 30 dollar, disa gjerman\u00ebve q\u00eb ishin me mision n\u00eb qytetin verior. Por m\u00eb shum\u00eb se gjithcka Peka flet p\u00ebr v\u00ebllain binjak q\u00eb \u00ebsht\u00eb Zv. Minist\u00ebr i Brendsh\u00ebm.<\/p>\n<p>&#8211; Avja, ndryshe nga un\u00eb ka lexuar shum\u00eb por nuk ka shkatht\u00ebsin\u00eb time. Un\u00eb kam vjedhur nga ai ngahera. Ai lexon, un\u00eb shfryt\u00ebzoj. Pa xhelozira sepse t\u00eb ndenjurit bashk\u00eb 9 muaj n\u00eb nj\u00eb bark ndodh t\u00eb t\u00eb b\u00ebj t\u00eb ndihesh nj\u00eb njeri n\u00eb dy trupa.<\/p>\n<p><strong>Je dhe pak hajdut, e ngacmoj un\u00eb.<\/strong><br \/>\n&#8211; Aty ku \u00ebsht\u00eb informacioni vjedhja \u00ebsht\u00eb profesion. &#8211; M\u00eb thot\u00eb ai duke b\u00ebr\u00eb at\u00eb mimik\u00ebn e tij gati f\u00ebminore.<\/p>\n<p>Teksa ndahem me t\u00eb n\u00eb nj\u00eb nga rrug\u00ebt shum\u00eb pran\u00eb bulevardit m\u00eb vjen nj\u00eb mendim t\u00eb cilin e ruajta p\u00ebr ta shkruar n\u00eb fund t\u00eb k\u00ebtij lunch.com.<\/p>\n<p>Ndonj\u00ebher\u00eb gar\u00ebn e fiton edhe pa u futur n\u00eb t\u00eb.<\/p>\n","protected":false},"excerpt":{"rendered":"<p>Intervist\u00eb nga Mira Kazhani Ai \u00ebsht\u00eb rritur n\u00eb nj\u00eb kull\u00eb n\u00eb Has t\u00eb Kuk\u00ebsit. T\u00eb konsideruar n\u00eb at\u00eb koh\u00eb me termin &#8220;kulak&#8221;, ata nuk kishin zgjidhje tjet\u00ebr sipas xhaxhait t\u00eb madh Xhem\u00ebs (Xhem\u00eb Peka), ve\u00e7se t\u00eb rrinin q\u00eb t\u00eb gjith\u00eb n\u00eb nj\u00eb sht\u00ebpi. Kulla ku jetonte fisi Peka p\u00ebrb\u00ebhej nga 45 persona dhe ashtu t\u00eb [&hellip;]<\/p>\n","protected":false},"author":1,"featured_media":0,"comment_status":"open","ping_status":"closed","sticky":false,"template":"","format":"standard","meta":{"footnotes":""},"categories":[4],"tags":[],"class_list":{"0":"post-2846","1":"post","2":"type-post","3":"status-publish","4":"format-standard","6":"category-intervista"},"yoast_head":"<!-- This site is optimized with the Yoast SEO plugin v27.4 - https:\/\/yoast.com\/product\/yoast-seo-wordpress\/ -->\n<title>\u00c7IM PEKA: Ju tregoj servil\u00ebt e Berish\u00ebs - FjALA e LIR\u00cb - Arkivi<\/title>\n<meta name=\"robots\" content=\"index, follow, max-snippet:-1, max-image-preview:large, max-video-preview:-1\" \/>\n<link rel=\"canonical\" href=\"https:\/\/fjala.info\/2009-2015\/cim-peka-ju-tregoj-servilet-e-berishes\/\" \/>\n<meta property=\"og:locale\" content=\"sq_AL\" \/>\n<meta property=\"og:type\" content=\"article\" \/>\n<meta property=\"og:title\" content=\"\u00c7IM PEKA: Ju tregoj servil\u00ebt e Berish\u00ebs - FjALA e LIR\u00cb - Arkivi\" \/>\n<meta property=\"og:description\" content=\"Intervist\u00eb nga Mira Kazhani Ai \u00ebsht\u00eb rritur n\u00eb nj\u00eb kull\u00eb n\u00eb Has t\u00eb Kuk\u00ebsit. T\u00eb konsideruar n\u00eb at\u00eb koh\u00eb me termin &#8220;kulak&#8221;, ata nuk kishin zgjidhje tjet\u00ebr sipas xhaxhait t\u00eb madh Xhem\u00ebs (Xhem\u00eb Peka), ve\u00e7se t\u00eb rrinin q\u00eb t\u00eb gjith\u00eb n\u00eb nj\u00eb sht\u00ebpi. Kulla ku jetonte fisi Peka p\u00ebrb\u00ebhej nga 45 persona dhe ashtu t\u00eb [&hellip;]\" \/>\n<meta property=\"og:url\" content=\"https:\/\/fjala.info\/2009-2015\/cim-peka-ju-tregoj-servilet-e-berishes\/\" \/>\n<meta property=\"og:site_name\" content=\"FjALA e LIR\u00cb - Arkivi\" \/>\n<meta property=\"article:published_time\" content=\"2012-05-20T20:53:29+00:00\" \/>\n<meta property=\"og:image\" content=\"http:\/\/www.fjala.info\/2012\/cim_peka.jpg\" \/>\n<meta name=\"author\" content=\"admin\" \/>\n<meta name=\"twitter:card\" content=\"summary_large_image\" \/>\n<meta name=\"twitter:label1\" content=\"Written by\" \/>\n\t<meta name=\"twitter:data1\" content=\"admin\" \/>\n\t<meta name=\"twitter:label2\" content=\"Est. reading time\" \/>\n\t<meta name=\"twitter:data2\" content=\"8 minutes\" \/>\n<script type=\"application\/ld+json\" class=\"yoast-schema-graph\">{\"@context\":\"https:\\\/\\\/schema.org\",\"@graph\":[{\"@type\":\"Article\",\"@id\":\"https:\\\/\\\/fjala.info\\\/2009-2015\\\/cim-peka-ju-tregoj-servilet-e-berishes\\\/#article\",\"isPartOf\":{\"@id\":\"https:\\\/\\\/fjala.info\\\/2009-2015\\\/cim-peka-ju-tregoj-servilet-e-berishes\\\/\"},\"author\":{\"name\":\"admin\",\"@id\":\"https:\\\/\\\/fjala.info\\\/2009-2015\\\/#\\\/schema\\\/person\\\/3aa1163ef05469c496fc94e77611ada2\"},\"headline\":\"\u00c7IM PEKA: Ju tregoj servil\u00ebt e Berish\u00ebs\",\"datePublished\":\"2012-05-20T20:53:29+00:00\",\"mainEntityOfPage\":{\"@id\":\"https:\\\/\\\/fjala.info\\\/2009-2015\\\/cim-peka-ju-tregoj-servilet-e-berishes\\\/\"},\"wordCount\":1549,\"commentCount\":1,\"publisher\":{\"@id\":\"https:\\\/\\\/fjala.info\\\/2009-2015\\\/#organization\"},\"image\":{\"@id\":\"https:\\\/\\\/fjala.info\\\/2009-2015\\\/cim-peka-ju-tregoj-servilet-e-berishes\\\/#primaryimage\"},\"thumbnailUrl\":\"http:\\\/\\\/www.fjala.info\\\/2012\\\/cim_peka.jpg\",\"articleSection\":[\"Intervista\"],\"inLanguage\":\"sq-AL\",\"potentialAction\":[{\"@type\":\"CommentAction\",\"name\":\"Comment\",\"target\":[\"https:\\\/\\\/fjala.info\\\/2009-2015\\\/cim-peka-ju-tregoj-servilet-e-berishes\\\/#respond\"]}]},{\"@type\":\"WebPage\",\"@id\":\"https:\\\/\\\/fjala.info\\\/2009-2015\\\/cim-peka-ju-tregoj-servilet-e-berishes\\\/\",\"url\":\"https:\\\/\\\/fjala.info\\\/2009-2015\\\/cim-peka-ju-tregoj-servilet-e-berishes\\\/\",\"name\":\"\u00c7IM PEKA: Ju tregoj servil\u00ebt e Berish\u00ebs - FjALA e LIR\u00cb - Arkivi\",\"isPartOf\":{\"@id\":\"https:\\\/\\\/fjala.info\\\/2009-2015\\\/#website\"},\"primaryImageOfPage\":{\"@id\":\"https:\\\/\\\/fjala.info\\\/2009-2015\\\/cim-peka-ju-tregoj-servilet-e-berishes\\\/#primaryimage\"},\"image\":{\"@id\":\"https:\\\/\\\/fjala.info\\\/2009-2015\\\/cim-peka-ju-tregoj-servilet-e-berishes\\\/#primaryimage\"},\"thumbnailUrl\":\"http:\\\/\\\/www.fjala.info\\\/2012\\\/cim_peka.jpg\",\"datePublished\":\"2012-05-20T20:53:29+00:00\",\"breadcrumb\":{\"@id\":\"https:\\\/\\\/fjala.info\\\/2009-2015\\\/cim-peka-ju-tregoj-servilet-e-berishes\\\/#breadcrumb\"},\"inLanguage\":\"sq-AL\",\"potentialAction\":[{\"@type\":\"ReadAction\",\"target\":[\"https:\\\/\\\/fjala.info\\\/2009-2015\\\/cim-peka-ju-tregoj-servilet-e-berishes\\\/\"]}]},{\"@type\":\"ImageObject\",\"inLanguage\":\"sq-AL\",\"@id\":\"https:\\\/\\\/fjala.info\\\/2009-2015\\\/cim-peka-ju-tregoj-servilet-e-berishes\\\/#primaryimage\",\"url\":\"http:\\\/\\\/www.fjala.info\\\/2012\\\/cim_peka.jpg\",\"contentUrl\":\"http:\\\/\\\/www.fjala.info\\\/2012\\\/cim_peka.jpg\"},{\"@type\":\"BreadcrumbList\",\"@id\":\"https:\\\/\\\/fjala.info\\\/2009-2015\\\/cim-peka-ju-tregoj-servilet-e-berishes\\\/#breadcrumb\",\"itemListElement\":[{\"@type\":\"ListItem\",\"position\":1,\"name\":\"Home\",\"item\":\"https:\\\/\\\/fjala.info\\\/2009-2015\\\/\"},{\"@type\":\"ListItem\",\"position\":2,\"name\":\"\u00c7IM PEKA: Ju tregoj servil\u00ebt e Berish\u00ebs\"}]},{\"@type\":\"WebSite\",\"@id\":\"https:\\\/\\\/fjala.info\\\/2009-2015\\\/#website\",\"url\":\"https:\\\/\\\/fjala.info\\\/2009-2015\\\/\",\"name\":\"FjALA e LIR\u00cb - Arkivi\",\"description\":\"Arkivi 2009-2015\",\"publisher\":{\"@id\":\"https:\\\/\\\/fjala.info\\\/2009-2015\\\/#organization\"},\"potentialAction\":[{\"@type\":\"SearchAction\",\"target\":{\"@type\":\"EntryPoint\",\"urlTemplate\":\"https:\\\/\\\/fjala.info\\\/2009-2015\\\/?s={search_term_string}\"},\"query-input\":{\"@type\":\"PropertyValueSpecification\",\"valueRequired\":true,\"valueName\":\"search_term_string\"}}],\"inLanguage\":\"sq-AL\"},{\"@type\":\"Organization\",\"@id\":\"https:\\\/\\\/fjala.info\\\/2009-2015\\\/#organization\",\"name\":\"FjALA e LIR\u00cb - Arkivi\",\"url\":\"https:\\\/\\\/fjala.info\\\/2009-2015\\\/\",\"logo\":{\"@type\":\"ImageObject\",\"inLanguage\":\"sq-AL\",\"@id\":\"https:\\\/\\\/fjala.info\\\/2009-2015\\\/#\\\/schema\\\/logo\\\/image\\\/\",\"url\":\"\",\"contentUrl\":\"\",\"caption\":\"FjALA e LIR\u00cb - Arkivi\"},\"image\":{\"@id\":\"https:\\\/\\\/fjala.info\\\/2009-2015\\\/#\\\/schema\\\/logo\\\/image\\\/\"}},{\"@type\":\"Person\",\"@id\":\"https:\\\/\\\/fjala.info\\\/2009-2015\\\/#\\\/schema\\\/person\\\/3aa1163ef05469c496fc94e77611ada2\",\"name\":\"admin\",\"image\":{\"@type\":\"ImageObject\",\"inLanguage\":\"sq-AL\",\"@id\":\"https:\\\/\\\/fjala.info\\\/2009-2015\\\/wp-content\\\/uploads\\\/2012\\\/02\\\/arben_cokaj-120x150.jpg\",\"url\":\"https:\\\/\\\/fjala.info\\\/2009-2015\\\/wp-content\\\/uploads\\\/2012\\\/02\\\/arben_cokaj-120x150.jpg\",\"contentUrl\":\"https:\\\/\\\/fjala.info\\\/2009-2015\\\/wp-content\\\/uploads\\\/2012\\\/02\\\/arben_cokaj-120x150.jpg\",\"caption\":\"admin\"},\"description\":\"Admin, Fjala e Lir\u00eb\",\"sameAs\":[\"https:\\\/\\\/fjala.info\\\/\"],\"url\":\"https:\\\/\\\/fjala.info\\\/2009-2015\\\/author\\\/admin\\\/\"}]}<\/script>\n<!-- \/ Yoast SEO plugin. -->","yoast_head_json":{"title":"\u00c7IM PEKA: Ju tregoj servil\u00ebt e Berish\u00ebs - FjALA e LIR\u00cb - Arkivi","robots":{"index":"index","follow":"follow","max-snippet":"max-snippet:-1","max-image-preview":"max-image-preview:large","max-video-preview":"max-video-preview:-1"},"canonical":"https:\/\/fjala.info\/2009-2015\/cim-peka-ju-tregoj-servilet-e-berishes\/","og_locale":"sq_AL","og_type":"article","og_title":"\u00c7IM PEKA: Ju tregoj servil\u00ebt e Berish\u00ebs - FjALA e LIR\u00cb - Arkivi","og_description":"Intervist\u00eb nga Mira Kazhani Ai \u00ebsht\u00eb rritur n\u00eb nj\u00eb kull\u00eb n\u00eb Has t\u00eb Kuk\u00ebsit. T\u00eb konsideruar n\u00eb at\u00eb koh\u00eb me termin &#8220;kulak&#8221;, ata nuk kishin zgjidhje tjet\u00ebr sipas xhaxhait t\u00eb madh Xhem\u00ebs (Xhem\u00eb Peka), ve\u00e7se t\u00eb rrinin q\u00eb t\u00eb gjith\u00eb n\u00eb nj\u00eb sht\u00ebpi. Kulla ku jetonte fisi Peka p\u00ebrb\u00ebhej nga 45 persona dhe ashtu t\u00eb [&hellip;]","og_url":"https:\/\/fjala.info\/2009-2015\/cim-peka-ju-tregoj-servilet-e-berishes\/","og_site_name":"FjALA e LIR\u00cb - Arkivi","article_published_time":"2012-05-20T20:53:29+00:00","og_image":[{"url":"http:\/\/www.fjala.info\/2012\/cim_peka.jpg","type":"","width":"","height":""}],"author":"admin","twitter_card":"summary_large_image","twitter_misc":{"Written by":"admin","Est. reading time":"8 minutes"},"schema":{"@context":"https:\/\/schema.org","@graph":[{"@type":"Article","@id":"https:\/\/fjala.info\/2009-2015\/cim-peka-ju-tregoj-servilet-e-berishes\/#article","isPartOf":{"@id":"https:\/\/fjala.info\/2009-2015\/cim-peka-ju-tregoj-servilet-e-berishes\/"},"author":{"name":"admin","@id":"https:\/\/fjala.info\/2009-2015\/#\/schema\/person\/3aa1163ef05469c496fc94e77611ada2"},"headline":"\u00c7IM PEKA: Ju tregoj servil\u00ebt e Berish\u00ebs","datePublished":"2012-05-20T20:53:29+00:00","mainEntityOfPage":{"@id":"https:\/\/fjala.info\/2009-2015\/cim-peka-ju-tregoj-servilet-e-berishes\/"},"wordCount":1549,"commentCount":1,"publisher":{"@id":"https:\/\/fjala.info\/2009-2015\/#organization"},"image":{"@id":"https:\/\/fjala.info\/2009-2015\/cim-peka-ju-tregoj-servilet-e-berishes\/#primaryimage"},"thumbnailUrl":"http:\/\/www.fjala.info\/2012\/cim_peka.jpg","articleSection":["Intervista"],"inLanguage":"sq-AL","potentialAction":[{"@type":"CommentAction","name":"Comment","target":["https:\/\/fjala.info\/2009-2015\/cim-peka-ju-tregoj-servilet-e-berishes\/#respond"]}]},{"@type":"WebPage","@id":"https:\/\/fjala.info\/2009-2015\/cim-peka-ju-tregoj-servilet-e-berishes\/","url":"https:\/\/fjala.info\/2009-2015\/cim-peka-ju-tregoj-servilet-e-berishes\/","name":"\u00c7IM PEKA: Ju tregoj servil\u00ebt e Berish\u00ebs - FjALA e LIR\u00cb - Arkivi","isPartOf":{"@id":"https:\/\/fjala.info\/2009-2015\/#website"},"primaryImageOfPage":{"@id":"https:\/\/fjala.info\/2009-2015\/cim-peka-ju-tregoj-servilet-e-berishes\/#primaryimage"},"image":{"@id":"https:\/\/fjala.info\/2009-2015\/cim-peka-ju-tregoj-servilet-e-berishes\/#primaryimage"},"thumbnailUrl":"http:\/\/www.fjala.info\/2012\/cim_peka.jpg","datePublished":"2012-05-20T20:53:29+00:00","breadcrumb":{"@id":"https:\/\/fjala.info\/2009-2015\/cim-peka-ju-tregoj-servilet-e-berishes\/#breadcrumb"},"inLanguage":"sq-AL","potentialAction":[{"@type":"ReadAction","target":["https:\/\/fjala.info\/2009-2015\/cim-peka-ju-tregoj-servilet-e-berishes\/"]}]},{"@type":"ImageObject","inLanguage":"sq-AL","@id":"https:\/\/fjala.info\/2009-2015\/cim-peka-ju-tregoj-servilet-e-berishes\/#primaryimage","url":"http:\/\/www.fjala.info\/2012\/cim_peka.jpg","contentUrl":"http:\/\/www.fjala.info\/2012\/cim_peka.jpg"},{"@type":"BreadcrumbList","@id":"https:\/\/fjala.info\/2009-2015\/cim-peka-ju-tregoj-servilet-e-berishes\/#breadcrumb","itemListElement":[{"@type":"ListItem","position":1,"name":"Home","item":"https:\/\/fjala.info\/2009-2015\/"},{"@type":"ListItem","position":2,"name":"\u00c7IM PEKA: Ju tregoj servil\u00ebt e Berish\u00ebs"}]},{"@type":"WebSite","@id":"https:\/\/fjala.info\/2009-2015\/#website","url":"https:\/\/fjala.info\/2009-2015\/","name":"FjALA e LIR\u00cb - Arkivi","description":"Arkivi 2009-2015","publisher":{"@id":"https:\/\/fjala.info\/2009-2015\/#organization"},"potentialAction":[{"@type":"SearchAction","target":{"@type":"EntryPoint","urlTemplate":"https:\/\/fjala.info\/2009-2015\/?s={search_term_string}"},"query-input":{"@type":"PropertyValueSpecification","valueRequired":true,"valueName":"search_term_string"}}],"inLanguage":"sq-AL"},{"@type":"Organization","@id":"https:\/\/fjala.info\/2009-2015\/#organization","name":"FjALA e LIR\u00cb - Arkivi","url":"https:\/\/fjala.info\/2009-2015\/","logo":{"@type":"ImageObject","inLanguage":"sq-AL","@id":"https:\/\/fjala.info\/2009-2015\/#\/schema\/logo\/image\/","url":"","contentUrl":"","caption":"FjALA e LIR\u00cb - Arkivi"},"image":{"@id":"https:\/\/fjala.info\/2009-2015\/#\/schema\/logo\/image\/"}},{"@type":"Person","@id":"https:\/\/fjala.info\/2009-2015\/#\/schema\/person\/3aa1163ef05469c496fc94e77611ada2","name":"admin","image":{"@type":"ImageObject","inLanguage":"sq-AL","@id":"https:\/\/fjala.info\/2009-2015\/wp-content\/uploads\/2012\/02\/arben_cokaj-120x150.jpg","url":"https:\/\/fjala.info\/2009-2015\/wp-content\/uploads\/2012\/02\/arben_cokaj-120x150.jpg","contentUrl":"https:\/\/fjala.info\/2009-2015\/wp-content\/uploads\/2012\/02\/arben_cokaj-120x150.jpg","caption":"admin"},"description":"Admin, Fjala e Lir\u00eb","sameAs":["https:\/\/fjala.info\/"],"url":"https:\/\/fjala.info\/2009-2015\/author\/admin\/"}]}},"_links":{"self":[{"href":"https:\/\/fjala.info\/2009-2015\/wp-json\/wp\/v2\/posts\/2846","targetHints":{"allow":["GET"]}}],"collection":[{"href":"https:\/\/fjala.info\/2009-2015\/wp-json\/wp\/v2\/posts"}],"about":[{"href":"https:\/\/fjala.info\/2009-2015\/wp-json\/wp\/v2\/types\/post"}],"author":[{"embeddable":true,"href":"https:\/\/fjala.info\/2009-2015\/wp-json\/wp\/v2\/users\/1"}],"replies":[{"embeddable":true,"href":"https:\/\/fjala.info\/2009-2015\/wp-json\/wp\/v2\/comments?post=2846"}],"version-history":[{"count":0,"href":"https:\/\/fjala.info\/2009-2015\/wp-json\/wp\/v2\/posts\/2846\/revisions"}],"wp:attachment":[{"href":"https:\/\/fjala.info\/2009-2015\/wp-json\/wp\/v2\/media?parent=2846"}],"wp:term":[{"taxonomy":"category","embeddable":true,"href":"https:\/\/fjala.info\/2009-2015\/wp-json\/wp\/v2\/categories?post=2846"},{"taxonomy":"post_tag","embeddable":true,"href":"https:\/\/fjala.info\/2009-2015\/wp-json\/wp\/v2\/tags?post=2846"}],"curies":[{"name":"wp","href":"https:\/\/api.w.org\/{rel}","templated":true}]}}