{"id":2845,"date":"2010-05-27T09:38:29","date_gmt":"2010-05-27T08:38:29","guid":{"rendered":"http:\/\/fjala.shkoder.net\/?p=2845"},"modified":"2010-05-27T09:38:29","modified_gmt":"2010-05-27T08:38:29","slug":"partneri-i-pabesueshem","status":"publish","type":"post","link":"https:\/\/fjala.info\/2009-2015\/partneri-i-pabesueshem\/","title":{"rendered":"Partneri i pabesuesh\u00ebm"},"content":{"rendered":"<p><img decoding=\"async\" style=\"margin-left: 10px; margin-right: 10px; border: 0px;\" src=\"http:\/\/www.shkoder.net\/images\/fjala\/arben_rrozhani.jpg\" border=\"0\" alt=\"Arben Rrozhani\" width=\"150\" align=\"right\" \/><\/p>\n<p><strong>Arben Rrozhani<\/strong>, <em>27.05.2010<\/em><\/p>\n<p>Nd\u00ebrsa Shqip\u00ebria \u00ebsht\u00eb ende pa zgjidhje t\u00eb ng\u00ebr\u00e7it politik, nisur gati 11 muaj m\u00eb par\u00eb, opozita shqiptare ka k\u00ebmb\u00ebngulur vazhdimisht se k\u00ebrkon vet\u00ebm konfirmimin zyrtar t\u00eb mashtrimit zgjedhor n\u00eb zgjedhjet parlamentare t\u00eb 28 qershorit 2009, pra nuk k\u00ebrkon ndryshimin e rezultatit t\u00eb zgjedhjeve, q\u00eb e lan\u00eb at\u00eb s\u00ebrish n\u00eb opozit\u00eb, megjith\u00ebse mori s\u00ebrish vot\u00ebn popullore. Nj\u00eb bujari e till\u00eb p\u00ebrball\u00eb qeveris\u00eb s\u00eb kryeministrit Berisha, q\u00eb gjat\u00eb k\u00ebtyre muajve ka b\u00ebr\u00eb vet\u00ebm shantazhe, diversione dhe presione p\u00ebr t\u00eb b\u00ebr\u00eb opozit\u00ebn nj\u00eb veg\u00ebl qorre t\u00eb pozit\u00ebs, ngjan shum\u00eb n\u00ebnshtruese p\u00ebrball\u00eb pritshm\u00ebrive q\u00eb priten t\u00eb konfirmohen, se qeverisja aktuale \u00ebsht\u00eb n\u00eb pushtet fal\u00eb mashtrimit zgjedhor, deformimit t\u00eb vot\u00ebs dhe v\u00ebnies n\u00eb funksion t\u00eb mbajtjes s\u00eb pushtetit t\u00eb makin\u00ebs shtet\u00ebrore.<\/p>\n<p>T\u00eb detyruar prej p\u00ebrshkall\u00ebzimit t\u00eb q\u00ebndres\u00ebs s\u00eb opozit\u00ebs, q\u00eb kulmoi me grev\u00ebn 19 ditore t\u00eb uris\u00eb t\u00eb nisur n\u00eb 30 prill 2010, autoritetet europiane vendos\u00ebn t\u00eb nd\u00ebrhyjn\u00eb s\u00ebrish pas misionit t\u00eb d\u00ebshtuar n\u00eb Tiran\u00eb t\u00eb nj\u00eb grupi parlamentar\u00ebsh europian\u00eb. Rezultati ishte darka dhe bisedimet n\u00eb Strasburg t\u00eb enjten e kaluar, n\u00eb restorantin &#8220;Krokodil&#8221;, ku udh\u00ebheq\u00ebsit e PD-s\u00eb dhe PS-s\u00eb ran\u00eb dakord p\u00ebr modalitetet e zgjidhjes s\u00eb kriz\u00ebs rreth hetimit t\u00eb zgjedhjeve t\u00eb 28 qershorit.<\/p>\n<p>Aty u vendos\u00ebn kushte dhe afate, si\u00e7 deklaronte edhe nj\u00ebri prej europarlamentar\u00ebve t\u00eb pranish\u00ebm, qiprioti Ioannis Kasoulides, n\u00ebnkryetar i Grupit Parlamentar Kristiandemokrat n\u00eb Parlamentin Europian. N\u00ebse nuk do t\u00eb kishte premtime dhe afate, Kasoulides nuk do t\u00eb shprehej: &#8220;Jan\u00eb diskutuar t\u00eb gjitha \u00e7\u00ebshtjet q\u00eb lidhen me k\u00ebt\u00eb gjendje. Pas nj\u00eb shqyrtimi t\u00eb plot\u00eb mund t\u00eb them se \u00ebsht\u00eb b\u00ebr\u00eb p\u00ebrparim, gj\u00eb q\u00eb na b\u00ebn ne t\u00eb jemi optimist\u00eb se kur udh\u00ebheq\u00ebsit t\u00eb takohen p\u00ebrs\u00ebri, si\u00e7 u vendos, brenda dy ose tre jav\u00ebsh, ne shpresojm\u00eb se do t\u00eb kemi nj\u00eb marr\u00ebveshje&#8221;.<\/p>\n<p>Edhe kryetari i PD-s\u00eb, Berisha do t\u00eb shprehej po ashtu m\u00eb 22 maj, duke komentuar dark\u00ebn dhe bisedimet n\u00eb Strasburg: &#8220;Ka vullnet p\u00ebr t\u00eb gjetur zgjidhje brenda dy jav\u00ebve, por k\u00ebrkoj t\u00eb respektohet me \u00e7do kusht Kushtetuta p\u00ebr zgjidhjen&#8230; \u00cbsht\u00eb e caktuar q\u00eb cilido q\u00eb t\u00eb p\u00ebrfitoj\u00eb nga hap\u00ebsirat e m\u00ebdha q\u00eb lejon Kushtetuta e vendit, ligjet e vendit. Un\u00eb kam besim se kjo do ndodh\u00eb, un\u00eb vler\u00ebsoj \u00e7do p\u00ebrpjekje t\u00eb cilitdo q\u00eb t\u00eb p\u00ebrfitoj\u00eb nga ajo q\u00eb garantojn\u00eb ligjet, shqyrtimin e materialeve zgjedhore sipas rregullave n\u00eb arkiv, \u00e7do t\u00eb drejt\u00eb tjet\u00ebr q\u00eb lejon ligji&#8221;.<\/p>\n<p>Dje, kat\u00ebr dit\u00eb m\u00eb von\u00eb, po i nj\u00ebjti kryeminist\u00ebr, partner n\u00eb bisedimet e Strasburgut me tagrin e shefit t\u00eb qeveris\u00eb shqiptare dhe t\u00eb partis\u00eb qeveris\u00ebse, &#8220;harronte&#8221; \u00e7far\u00eb kishin deklaruar europarlamentar\u00ebt dhe ai vet\u00eb, duke u p\u00ebrpjekur t\u00eb krijoj\u00eb nj\u00eb spirale t\u00eb re krize mbi kriz\u00ebn q\u00eb ka vendi prej 11 muajsh: &#8220;Nj\u00eb gj\u00eb dua t&#8217;ju garantoj se nuk ka pasur n\u00eb m\u00ebnyr\u00eb kategorike asnj\u00eb ultimatum p\u00ebr t\u00eb zgjidhjen e kriz\u00ebs&#8221;.<\/p>\n<p>K\u00ebto fjal\u00eb, bashk\u00eb me shum\u00eb t\u00eb tjera ku opozita cil\u00ebsohej primitive etj., etj., Berisha i artikuloi n\u00eb sall\u00ebn e mbledhjes s\u00eb qeveris\u00eb pak or\u00eb para se n\u00eb Tiran\u00eb t\u00eb mb\u00ebrrinte grupi i t\u00eb d\u00ebrguarve te Bashkimit Europian, i ngarkuar me vler\u00ebsimin n\u00eb terren p\u00ebr hapat q\u00eb ka hedhur prej dark\u00ebs s\u00eb &#8220;Krokodilit&#8221;, kryeministri dhe kryetari i partis\u00eb qeveris\u00ebse.<\/p>\n<p>Q\u00eb z. Berisha do t\u00eb dredhoj\u00eb edhe p\u00ebr disa koh\u00eb p\u00ebr t\u00eb ofruar zgjidhjen e propozuar nga faktori nd\u00ebrkomb\u00ebtar, e konfirmoi p\u00ebrs\u00ebritja neverit\u00ebse e togfjal\u00ebshit: &#8220;Ne jemi qeveri e dal\u00eb nga zgjedhjet m\u00eb t\u00eb lira dhe t\u00eb ndershme t\u00eb b\u00ebra ndonj\u00ebher\u00eb n\u00eb k\u00ebt\u00eb vend, zgjedhje q\u00eb u certifikuan nga OSBE-ODHIR&#8221;, kur dihet bot\u00ebrisht se strumbullari i kriz\u00ebs q\u00eb ka pllakosur vendin \u00ebsht\u00eb fakti se qeveria aktuale \u00ebsht\u00eb nj\u00eb &#8220;nd\u00ebrtim pa leje&#8221;, e ngritur mbi votat e deformuara t\u00eb elektoratit shqiptar, se ajo shumic\u00eb \u00ebsht\u00eb krijuar si rezultat i dhun\u00ebs shtet\u00ebrore p\u00ebr t\u00eb rimarr\u00eb pushtetin e pamerituar, se k\u00ebto zgjedhje ishin nj\u00eb zhg\u00ebnjim p\u00ebr qeverit\u00eb dhe mb\u00ebshtet\u00ebsit e popullit shqiptar n\u00eb rrug\u00ebn drejt BE-s\u00eb, se v\u00ebrtet OSBE\/ODIHR tha se ishin nj\u00eb p\u00ebrparim me zgjedhjet e shluara, por&#8230; nj\u00eb e treta e votave ishin num\u00ebruar keq apo shum\u00eb keq, \u00e7ka i jep opozit\u00ebs t\u00eb drejt\u00ebn p\u00ebr t\u00eb ngulmuar edhe m\u00eb tep\u00ebr se si u trafikua vota q\u00eb nuk iu dha partis\u00eb s\u00eb z. Berisha, plus pretendimeve p\u00ebr shkelje t\u00eb tjera flagrante, q\u00eb n\u00eb esenc\u00eb jan\u00eb pasqyruar n\u00eb procesin skandaloz t\u00eb votimeve n\u00eb qendr\u00ebn num\u00ebr 3052 n\u00eb komun\u00ebn Ruzhdie t\u00eb Fierit, t\u00eb shnd\u00ebrruar n\u00eb simbolin antidemokratik se si qeveria e z. Berisha i zhvilloi zgjedhjet n\u00eb Shqip\u00ebri.<\/p>\n<p>Ajo \u00e7ka pritet t\u00eb dal\u00eb sot \u00ebsht\u00eb me siguri nj\u00eb list\u00eb rekomandimesh t\u00eb b\u00ebr\u00eb nga ekspert\u00ebt e KE-s\u00eb dhe BE-s\u00eb, ekskluzivisht p\u00ebr modalitetet e hapjes s\u00eb kutive t\u00eb votimit me materiale zgjedhore dhe flet\u00eb votimi, si dhe mund\u00ebsit\u00eb q\u00eb ofron legjislacioni shqiptar p\u00ebr hapjen e tyre. Ashtu si\u00e7 ka b\u00ebr\u00eb n\u00eb t\u00eb shkuar\u00ebn dhe jo m\u00eb larg se dje, z. Berisha do t\u00eb shprehet se \u00ebsht\u00eb i hapur, se \u00ebsht\u00eb njeri i dialogut, i ligjit etj., etj., por duke e vonuar zgjidhjen e ng\u00ebr\u00e7it rreth hetimit t\u00eb zgjedhjeve.<\/p>\n<p>Por, nd\u00ebrsa partneri i tyre n\u00eb Shqip\u00ebri, mundohet ta vonoj\u00eb sa m\u00eb shum\u00eb zgjidhjen, autoritetet e Brukselit nxitojn\u00eb dhe nuk duan t&#8217;i nd\u00ebshkojn\u00eb shqiptar\u00ebt duke i l\u00ebn\u00eb si vendi i vet\u00ebm i paintegruar n\u00eb Ballkan. K\u00ebt\u00eb e p\u00ebrforcon edhe vendimi i djesh\u00ebm i Kolegjit t\u00eb Komisioner\u00ebve p\u00ebr t\u00eb miratuar rekomandimin p\u00ebr liberalizimin e vizave me Shqip\u00ebrin\u00eb, duke mos harruar kushtet &#8220;teknike&#8221; t\u00eb zbatimit t\u00eb ligjit, p\u00ebr luft\u00ebn ndaj korrupsionit dhe krimit t\u00eb organizuar dhe konfiskimit t\u00eb aseteve t\u00eb krimit. <\/p>\n<p>Dhe nd\u00ebrsa p\u00ebr pun\u00eb dit\u00ebsh Bashkimi Europian pritet t\u00eb p\u00ebrgatis\u00eb opinionin lidhur me heqjen e vizave p\u00ebr Shqip\u00ebrin\u00eb, p\u00ebr ta kumtuar at\u00eb n\u00eb samitin e Sarajev\u00ebs n\u00eb 2 qershor, partneri i tyre n\u00eb Shqip\u00ebri, ka nj\u00eb axhend\u00eb tjet\u00ebr, t\u00eb lidhur jo me liberalizimin e vizave p\u00ebr shqiptar\u00ebt dhe as me integrimin e m\u00ebtejsh\u00ebm t\u00eb vendit me BE-n\u00eb, por me mbrojtjen e mashtrimit zgjedhor, mbi t\u00eb cilin \u00ebsht\u00eb ngritur qeveria e tij.<\/p>\n","protected":false},"excerpt":{"rendered":"<p>Arben Rrozhani, 27.05.2010 Nd\u00ebrsa Shqip\u00ebria \u00ebsht\u00eb ende pa zgjidhje t\u00eb ng\u00ebr\u00e7it politik, nisur gati 11 muaj m\u00eb par\u00eb, opozita shqiptare ka k\u00ebmb\u00ebngulur vazhdimisht se k\u00ebrkon vet\u00ebm konfirmimin zyrtar t\u00eb mashtrimit zgjedhor n\u00eb zgjedhjet parlamentare t\u00eb 28 qershorit 2009, pra nuk k\u00ebrkon ndryshimin e rezultatit t\u00eb zgjedhjeve, q\u00eb e lan\u00eb at\u00eb s\u00ebrish n\u00eb opozit\u00eb, megjith\u00ebse mori [&hellip;]<\/p>\n","protected":false},"author":1,"featured_media":0,"comment_status":"open","ping_status":"closed","sticky":false,"template":"","format":"standard","meta":{"footnotes":""},"categories":[2],"tags":[],"class_list":{"0":"post-2845","1":"post","2":"type-post","3":"status-publish","4":"format-standard","6":"category-artikuj"},"yoast_head":"<!-- This site is optimized with the Yoast SEO plugin v27.4 - https:\/\/yoast.com\/product\/yoast-seo-wordpress\/ -->\n<title>Partneri i pabesuesh\u00ebm - FjALA e LIR\u00cb - Arkivi<\/title>\n<meta name=\"robots\" content=\"index, follow, max-snippet:-1, max-image-preview:large, max-video-preview:-1\" \/>\n<link rel=\"canonical\" href=\"https:\/\/fjala.info\/2009-2015\/partneri-i-pabesueshem\/\" \/>\n<meta property=\"og:locale\" content=\"sq_AL\" \/>\n<meta property=\"og:type\" content=\"article\" \/>\n<meta property=\"og:title\" content=\"Partneri i pabesuesh\u00ebm - FjALA e LIR\u00cb - Arkivi\" \/>\n<meta property=\"og:description\" content=\"Arben Rrozhani, 27.05.2010 Nd\u00ebrsa Shqip\u00ebria \u00ebsht\u00eb ende pa zgjidhje t\u00eb ng\u00ebr\u00e7it politik, nisur gati 11 muaj m\u00eb par\u00eb, opozita shqiptare ka k\u00ebmb\u00ebngulur vazhdimisht se k\u00ebrkon vet\u00ebm konfirmimin zyrtar t\u00eb mashtrimit zgjedhor n\u00eb zgjedhjet parlamentare t\u00eb 28 qershorit 2009, pra nuk k\u00ebrkon ndryshimin e rezultatit t\u00eb zgjedhjeve, q\u00eb e lan\u00eb at\u00eb s\u00ebrish n\u00eb opozit\u00eb, megjith\u00ebse mori [&hellip;]\" \/>\n<meta property=\"og:url\" content=\"https:\/\/fjala.info\/2009-2015\/partneri-i-pabesueshem\/\" \/>\n<meta property=\"og:site_name\" content=\"FjALA e LIR\u00cb - Arkivi\" \/>\n<meta property=\"article:published_time\" content=\"2010-05-27T08:38:29+00:00\" \/>\n<meta property=\"og:image\" content=\"http:\/\/www.shkoder.net\/images\/fjala\/arben_rrozhani.jpg\" \/>\n<meta name=\"author\" content=\"admin\" \/>\n<meta name=\"twitter:card\" content=\"summary_large_image\" \/>\n<meta name=\"twitter:label1\" content=\"Written by\" \/>\n\t<meta name=\"twitter:data1\" content=\"admin\" \/>\n\t<meta name=\"twitter:label2\" content=\"Est. reading time\" \/>\n\t<meta name=\"twitter:data2\" content=\"6 minutes\" \/>\n<script type=\"application\/ld+json\" class=\"yoast-schema-graph\">{\"@context\":\"https:\\\/\\\/schema.org\",\"@graph\":[{\"@type\":\"Article\",\"@id\":\"https:\\\/\\\/fjala.info\\\/2009-2015\\\/partneri-i-pabesueshem\\\/#article\",\"isPartOf\":{\"@id\":\"https:\\\/\\\/fjala.info\\\/2009-2015\\\/partneri-i-pabesueshem\\\/\"},\"author\":{\"name\":\"admin\",\"@id\":\"https:\\\/\\\/fjala.info\\\/2009-2015\\\/#\\\/schema\\\/person\\\/3aa1163ef05469c496fc94e77611ada2\"},\"headline\":\"Partneri i pabesuesh\u00ebm\",\"datePublished\":\"2010-05-27T08:38:29+00:00\",\"mainEntityOfPage\":{\"@id\":\"https:\\\/\\\/fjala.info\\\/2009-2015\\\/partneri-i-pabesueshem\\\/\"},\"wordCount\":1108,\"commentCount\":0,\"publisher\":{\"@id\":\"https:\\\/\\\/fjala.info\\\/2009-2015\\\/#organization\"},\"image\":{\"@id\":\"https:\\\/\\\/fjala.info\\\/2009-2015\\\/partneri-i-pabesueshem\\\/#primaryimage\"},\"thumbnailUrl\":\"http:\\\/\\\/www.shkoder.net\\\/images\\\/fjala\\\/arben_rrozhani.jpg\",\"articleSection\":[\"Artikuj\"],\"inLanguage\":\"sq-AL\",\"potentialAction\":[{\"@type\":\"CommentAction\",\"name\":\"Comment\",\"target\":[\"https:\\\/\\\/fjala.info\\\/2009-2015\\\/partneri-i-pabesueshem\\\/#respond\"]}]},{\"@type\":\"WebPage\",\"@id\":\"https:\\\/\\\/fjala.info\\\/2009-2015\\\/partneri-i-pabesueshem\\\/\",\"url\":\"https:\\\/\\\/fjala.info\\\/2009-2015\\\/partneri-i-pabesueshem\\\/\",\"name\":\"Partneri i pabesuesh\u00ebm - FjALA e LIR\u00cb - Arkivi\",\"isPartOf\":{\"@id\":\"https:\\\/\\\/fjala.info\\\/2009-2015\\\/#website\"},\"primaryImageOfPage\":{\"@id\":\"https:\\\/\\\/fjala.info\\\/2009-2015\\\/partneri-i-pabesueshem\\\/#primaryimage\"},\"image\":{\"@id\":\"https:\\\/\\\/fjala.info\\\/2009-2015\\\/partneri-i-pabesueshem\\\/#primaryimage\"},\"thumbnailUrl\":\"http:\\\/\\\/www.shkoder.net\\\/images\\\/fjala\\\/arben_rrozhani.jpg\",\"datePublished\":\"2010-05-27T08:38:29+00:00\",\"breadcrumb\":{\"@id\":\"https:\\\/\\\/fjala.info\\\/2009-2015\\\/partneri-i-pabesueshem\\\/#breadcrumb\"},\"inLanguage\":\"sq-AL\",\"potentialAction\":[{\"@type\":\"ReadAction\",\"target\":[\"https:\\\/\\\/fjala.info\\\/2009-2015\\\/partneri-i-pabesueshem\\\/\"]}]},{\"@type\":\"ImageObject\",\"inLanguage\":\"sq-AL\",\"@id\":\"https:\\\/\\\/fjala.info\\\/2009-2015\\\/partneri-i-pabesueshem\\\/#primaryimage\",\"url\":\"http:\\\/\\\/www.shkoder.net\\\/images\\\/fjala\\\/arben_rrozhani.jpg\",\"contentUrl\":\"http:\\\/\\\/www.shkoder.net\\\/images\\\/fjala\\\/arben_rrozhani.jpg\"},{\"@type\":\"BreadcrumbList\",\"@id\":\"https:\\\/\\\/fjala.info\\\/2009-2015\\\/partneri-i-pabesueshem\\\/#breadcrumb\",\"itemListElement\":[{\"@type\":\"ListItem\",\"position\":1,\"name\":\"Home\",\"item\":\"https:\\\/\\\/fjala.info\\\/2009-2015\\\/\"},{\"@type\":\"ListItem\",\"position\":2,\"name\":\"Partneri i pabesuesh\u00ebm\"}]},{\"@type\":\"WebSite\",\"@id\":\"https:\\\/\\\/fjala.info\\\/2009-2015\\\/#website\",\"url\":\"https:\\\/\\\/fjala.info\\\/2009-2015\\\/\",\"name\":\"FjALA e LIR\u00cb - Arkivi\",\"description\":\"Arkivi 2009-2015\",\"publisher\":{\"@id\":\"https:\\\/\\\/fjala.info\\\/2009-2015\\\/#organization\"},\"potentialAction\":[{\"@type\":\"SearchAction\",\"target\":{\"@type\":\"EntryPoint\",\"urlTemplate\":\"https:\\\/\\\/fjala.info\\\/2009-2015\\\/?s={search_term_string}\"},\"query-input\":{\"@type\":\"PropertyValueSpecification\",\"valueRequired\":true,\"valueName\":\"search_term_string\"}}],\"inLanguage\":\"sq-AL\"},{\"@type\":\"Organization\",\"@id\":\"https:\\\/\\\/fjala.info\\\/2009-2015\\\/#organization\",\"name\":\"FjALA e LIR\u00cb - Arkivi\",\"url\":\"https:\\\/\\\/fjala.info\\\/2009-2015\\\/\",\"logo\":{\"@type\":\"ImageObject\",\"inLanguage\":\"sq-AL\",\"@id\":\"https:\\\/\\\/fjala.info\\\/2009-2015\\\/#\\\/schema\\\/logo\\\/image\\\/\",\"url\":\"\",\"contentUrl\":\"\",\"caption\":\"FjALA e LIR\u00cb - Arkivi\"},\"image\":{\"@id\":\"https:\\\/\\\/fjala.info\\\/2009-2015\\\/#\\\/schema\\\/logo\\\/image\\\/\"}},{\"@type\":\"Person\",\"@id\":\"https:\\\/\\\/fjala.info\\\/2009-2015\\\/#\\\/schema\\\/person\\\/3aa1163ef05469c496fc94e77611ada2\",\"name\":\"admin\",\"image\":{\"@type\":\"ImageObject\",\"inLanguage\":\"sq-AL\",\"@id\":\"https:\\\/\\\/fjala.info\\\/2009-2015\\\/wp-content\\\/uploads\\\/2012\\\/02\\\/arben_cokaj-120x150.jpg\",\"url\":\"https:\\\/\\\/fjala.info\\\/2009-2015\\\/wp-content\\\/uploads\\\/2012\\\/02\\\/arben_cokaj-120x150.jpg\",\"contentUrl\":\"https:\\\/\\\/fjala.info\\\/2009-2015\\\/wp-content\\\/uploads\\\/2012\\\/02\\\/arben_cokaj-120x150.jpg\",\"caption\":\"admin\"},\"description\":\"Admin, Fjala e Lir\u00eb\",\"sameAs\":[\"https:\\\/\\\/fjala.info\\\/\"],\"url\":\"https:\\\/\\\/fjala.info\\\/2009-2015\\\/author\\\/admin\\\/\"}]}<\/script>\n<!-- \/ Yoast SEO plugin. -->","yoast_head_json":{"title":"Partneri i pabesuesh\u00ebm - FjALA e LIR\u00cb - Arkivi","robots":{"index":"index","follow":"follow","max-snippet":"max-snippet:-1","max-image-preview":"max-image-preview:large","max-video-preview":"max-video-preview:-1"},"canonical":"https:\/\/fjala.info\/2009-2015\/partneri-i-pabesueshem\/","og_locale":"sq_AL","og_type":"article","og_title":"Partneri i pabesuesh\u00ebm - FjALA e LIR\u00cb - Arkivi","og_description":"Arben Rrozhani, 27.05.2010 Nd\u00ebrsa Shqip\u00ebria \u00ebsht\u00eb ende pa zgjidhje t\u00eb ng\u00ebr\u00e7it politik, nisur gati 11 muaj m\u00eb par\u00eb, opozita shqiptare ka k\u00ebmb\u00ebngulur vazhdimisht se k\u00ebrkon vet\u00ebm konfirmimin zyrtar t\u00eb mashtrimit zgjedhor n\u00eb zgjedhjet parlamentare t\u00eb 28 qershorit 2009, pra nuk k\u00ebrkon ndryshimin e rezultatit t\u00eb zgjedhjeve, q\u00eb e lan\u00eb at\u00eb s\u00ebrish n\u00eb opozit\u00eb, megjith\u00ebse mori [&hellip;]","og_url":"https:\/\/fjala.info\/2009-2015\/partneri-i-pabesueshem\/","og_site_name":"FjALA e LIR\u00cb - Arkivi","article_published_time":"2010-05-27T08:38:29+00:00","og_image":[{"url":"http:\/\/www.shkoder.net\/images\/fjala\/arben_rrozhani.jpg","type":"","width":"","height":""}],"author":"admin","twitter_card":"summary_large_image","twitter_misc":{"Written by":"admin","Est. reading time":"6 minutes"},"schema":{"@context":"https:\/\/schema.org","@graph":[{"@type":"Article","@id":"https:\/\/fjala.info\/2009-2015\/partneri-i-pabesueshem\/#article","isPartOf":{"@id":"https:\/\/fjala.info\/2009-2015\/partneri-i-pabesueshem\/"},"author":{"name":"admin","@id":"https:\/\/fjala.info\/2009-2015\/#\/schema\/person\/3aa1163ef05469c496fc94e77611ada2"},"headline":"Partneri i pabesuesh\u00ebm","datePublished":"2010-05-27T08:38:29+00:00","mainEntityOfPage":{"@id":"https:\/\/fjala.info\/2009-2015\/partneri-i-pabesueshem\/"},"wordCount":1108,"commentCount":0,"publisher":{"@id":"https:\/\/fjala.info\/2009-2015\/#organization"},"image":{"@id":"https:\/\/fjala.info\/2009-2015\/partneri-i-pabesueshem\/#primaryimage"},"thumbnailUrl":"http:\/\/www.shkoder.net\/images\/fjala\/arben_rrozhani.jpg","articleSection":["Artikuj"],"inLanguage":"sq-AL","potentialAction":[{"@type":"CommentAction","name":"Comment","target":["https:\/\/fjala.info\/2009-2015\/partneri-i-pabesueshem\/#respond"]}]},{"@type":"WebPage","@id":"https:\/\/fjala.info\/2009-2015\/partneri-i-pabesueshem\/","url":"https:\/\/fjala.info\/2009-2015\/partneri-i-pabesueshem\/","name":"Partneri i pabesuesh\u00ebm - FjALA e LIR\u00cb - Arkivi","isPartOf":{"@id":"https:\/\/fjala.info\/2009-2015\/#website"},"primaryImageOfPage":{"@id":"https:\/\/fjala.info\/2009-2015\/partneri-i-pabesueshem\/#primaryimage"},"image":{"@id":"https:\/\/fjala.info\/2009-2015\/partneri-i-pabesueshem\/#primaryimage"},"thumbnailUrl":"http:\/\/www.shkoder.net\/images\/fjala\/arben_rrozhani.jpg","datePublished":"2010-05-27T08:38:29+00:00","breadcrumb":{"@id":"https:\/\/fjala.info\/2009-2015\/partneri-i-pabesueshem\/#breadcrumb"},"inLanguage":"sq-AL","potentialAction":[{"@type":"ReadAction","target":["https:\/\/fjala.info\/2009-2015\/partneri-i-pabesueshem\/"]}]},{"@type":"ImageObject","inLanguage":"sq-AL","@id":"https:\/\/fjala.info\/2009-2015\/partneri-i-pabesueshem\/#primaryimage","url":"http:\/\/www.shkoder.net\/images\/fjala\/arben_rrozhani.jpg","contentUrl":"http:\/\/www.shkoder.net\/images\/fjala\/arben_rrozhani.jpg"},{"@type":"BreadcrumbList","@id":"https:\/\/fjala.info\/2009-2015\/partneri-i-pabesueshem\/#breadcrumb","itemListElement":[{"@type":"ListItem","position":1,"name":"Home","item":"https:\/\/fjala.info\/2009-2015\/"},{"@type":"ListItem","position":2,"name":"Partneri i pabesuesh\u00ebm"}]},{"@type":"WebSite","@id":"https:\/\/fjala.info\/2009-2015\/#website","url":"https:\/\/fjala.info\/2009-2015\/","name":"FjALA e LIR\u00cb - Arkivi","description":"Arkivi 2009-2015","publisher":{"@id":"https:\/\/fjala.info\/2009-2015\/#organization"},"potentialAction":[{"@type":"SearchAction","target":{"@type":"EntryPoint","urlTemplate":"https:\/\/fjala.info\/2009-2015\/?s={search_term_string}"},"query-input":{"@type":"PropertyValueSpecification","valueRequired":true,"valueName":"search_term_string"}}],"inLanguage":"sq-AL"},{"@type":"Organization","@id":"https:\/\/fjala.info\/2009-2015\/#organization","name":"FjALA e LIR\u00cb - Arkivi","url":"https:\/\/fjala.info\/2009-2015\/","logo":{"@type":"ImageObject","inLanguage":"sq-AL","@id":"https:\/\/fjala.info\/2009-2015\/#\/schema\/logo\/image\/","url":"","contentUrl":"","caption":"FjALA e LIR\u00cb - Arkivi"},"image":{"@id":"https:\/\/fjala.info\/2009-2015\/#\/schema\/logo\/image\/"}},{"@type":"Person","@id":"https:\/\/fjala.info\/2009-2015\/#\/schema\/person\/3aa1163ef05469c496fc94e77611ada2","name":"admin","image":{"@type":"ImageObject","inLanguage":"sq-AL","@id":"https:\/\/fjala.info\/2009-2015\/wp-content\/uploads\/2012\/02\/arben_cokaj-120x150.jpg","url":"https:\/\/fjala.info\/2009-2015\/wp-content\/uploads\/2012\/02\/arben_cokaj-120x150.jpg","contentUrl":"https:\/\/fjala.info\/2009-2015\/wp-content\/uploads\/2012\/02\/arben_cokaj-120x150.jpg","caption":"admin"},"description":"Admin, Fjala e Lir\u00eb","sameAs":["https:\/\/fjala.info\/"],"url":"https:\/\/fjala.info\/2009-2015\/author\/admin\/"}]}},"_links":{"self":[{"href":"https:\/\/fjala.info\/2009-2015\/wp-json\/wp\/v2\/posts\/2845","targetHints":{"allow":["GET"]}}],"collection":[{"href":"https:\/\/fjala.info\/2009-2015\/wp-json\/wp\/v2\/posts"}],"about":[{"href":"https:\/\/fjala.info\/2009-2015\/wp-json\/wp\/v2\/types\/post"}],"author":[{"embeddable":true,"href":"https:\/\/fjala.info\/2009-2015\/wp-json\/wp\/v2\/users\/1"}],"replies":[{"embeddable":true,"href":"https:\/\/fjala.info\/2009-2015\/wp-json\/wp\/v2\/comments?post=2845"}],"version-history":[{"count":0,"href":"https:\/\/fjala.info\/2009-2015\/wp-json\/wp\/v2\/posts\/2845\/revisions"}],"wp:attachment":[{"href":"https:\/\/fjala.info\/2009-2015\/wp-json\/wp\/v2\/media?parent=2845"}],"wp:term":[{"taxonomy":"category","embeddable":true,"href":"https:\/\/fjala.info\/2009-2015\/wp-json\/wp\/v2\/categories?post=2845"},{"taxonomy":"post_tag","embeddable":true,"href":"https:\/\/fjala.info\/2009-2015\/wp-json\/wp\/v2\/tags?post=2845"}],"curies":[{"name":"wp","href":"https:\/\/api.w.org\/{rel}","templated":true}]}}