{"id":2842,"date":"2010-05-27T09:35:33","date_gmt":"2010-05-27T08:35:33","guid":{"rendered":"http:\/\/fjala.shkoder.net\/?p=2842"},"modified":"2010-05-27T09:35:33","modified_gmt":"2010-05-27T08:35:33","slug":"botoi-ne-shekulli-sulmohet-fizikisht-arkitekti-maks-velo","status":"publish","type":"post","link":"https:\/\/fjala.info\/2009-2015\/botoi-ne-shekulli-sulmohet-fizikisht-arkitekti-maks-velo\/","title":{"rendered":"Botoi n\u00eb &#8220;Shekulli&#8221;, sulmohet fizikisht arkitekti Maks Velo"},"content":{"rendered":"<p><img decoding=\"async\" style=\"margin-left: 10px; margin-right: 10px; border: 0px;\" src=\"http:\/\/www.shkoder.net\/images\/fjala\/2010\/maks_velo.jpg\" border=\"0\" alt=\"Maks Velo\" width=\"200\" align=\"left\" \/><\/p>\n<p><strong>Shekulli Online<\/strong>, <em>27.05.2010<\/em><\/p>\n<p><em>TIRANE <\/em>&#8211; Goditet dhe sulmohet fizikisht publicisti, arkitekti dhe piktori i njohur Maks Velo, pas denoncimit t\u00eb nj\u00eb nd\u00ebrtimi n\u00eb qend\u00ebr t\u00eb kryeqytetit, p\u00ebr t\u00eb cilin ai kishte shprehur rezervat e veta se ishte nj\u00eb nd\u00ebrtim q\u00eb prishte pamjen sheshit ku ishte nisur t\u00eb nd\u00ebrtohej. Ngjarja ndodhi dje paradite n\u00eb rrug\u00ebn q\u00eb del nga parku i kodrave t\u00eb artificial, n\u00eb sheshin pran\u00eb stadiumit Komb\u00ebtar &#8220;Qemal Stafa&#8221;. Arkitekti dhe piktori i njohur, Maks Velo, denoncoi dhun\u00ebn e ushtruar ndaj tij, nga nj\u00eb person t\u00eb cilin ai pohoi se e mbante mend mir\u00eb dhe se ka lidhje me shkrimin e botuar prej tij n\u00eb gazet\u00ebn &#8220;Shekulli&#8221;, ku ngre shqet\u00ebsimin p\u00ebr nd\u00ebrtes\u00ebn q\u00eb i sh\u00ebmton pamjen kryeqytetit.<\/p>\n<p>Velo pohoi dje p\u00ebr &#8220;Shekullin&#8217;, se sapo zbriste pas xhiros q\u00eb kishte realizuar pran\u00eb kodrave t\u00eb liqenit artificial, nj\u00eb person e kishte thirrur me em\u00ebr dhe pasi ishte afruar e kishte goditur me grushte dhe duke e \u00e7jerr\u00eb n\u00eb fyt. &#8220;Maksi?,- m\u00eb thirri ai nga pas n\u00eb nj\u00eb m\u00ebnyr\u00eb q\u00eb dukej se m\u00eb njihte. Po urdh\u00ebro i thash\u00eb. Sapo m&#8217;u afrua nisi t\u00eb m\u00eb k\u00ebrc\u00ebnonte dhe t\u00eb m\u00eb shante. P\u00ebrse m\u00eb ke p\u00ebrmendur emrin n\u00eb gazet\u00eb,- m\u00eb tha. Sipas publicistit t\u00eb njohur, agresori goditi n\u00eb drejtim t\u00eb tij disa her\u00eb me grushte dhe duke derdhur t\u00eb gjith\u00eb fuqin\u00eb q\u00eb kishte dhe e kishte shtr\u00ebnguar duke i futur thonjt\u00eb n\u00eb fyt. Arkitekti dhe piktori, nuk nguroi t\u00eb akuzoj\u00eb autorin e krimit, q\u00eb sipas tij kishte lidhje pik\u00ebrisht me shkrimin e botuar prej tij n\u00eb gazet\u00ebn &#8220;Shekulli&#8221; rreth dy muaj e gjys\u00ebm m\u00eb par\u00eb.<\/p>\n<p>N\u00eb qaf\u00eb dhe n\u00eb gryk\u00eb shenjat e dhun\u00ebs s\u00eb ushtruar ndaj tij jan\u00eb ende t\u00eb fresk\u00ebta, ku duket qart\u00eb l\u00ebkura e g\u00ebrvishur dhe fyti i nxir\u00eb. Nd\u00ebrsa n\u00eb dor\u00eb mban dy foto t\u00eb cilat p\u00ebrcjellin dhun\u00ebn e ushtruar ndaj tij, ku qafa e gjakosur e tij. Agresori sipas piktorit, nuk u mjaftua vet\u00ebm me dhun\u00ebn e ushtruar ndaj tij, por sipas t\u00eb d\u00ebmtuarit ai e k\u00ebrc\u00ebnoi me jet\u00eb. &#8220;Do t\u00eb t\u00eb vras fare,- m\u00eb tha, dhe jo vet\u00ebm kaq, tregon artisti. Ai shton se njer\u00ebz t\u00eb till\u00eb q\u00eb k\u00ebrc\u00ebnojn\u00eb dhe t\u00eb sulmojn\u00eb vet\u00ebm p\u00ebr at\u00eb q\u00eb ke th\u00ebn\u00eb mund t\u00eb b\u00ebjn\u00eb gjith\u00e7ka. &#8220;Un\u00eb kam shkruar n\u00eb gazet\u00eb nj\u00eb gj\u00eb t\u00eb cil\u00ebn e shohin t\u00eb gjith\u00eb. T\u00eb dh\u00ebnat q\u00eb un\u00eb kam\u00eb hedhur n\u00eb shkrim jan\u00eb t\u00eb publikuara n\u00eb tabel\u00ebn p\u00ebrkat\u00ebse&#8221;,- tregon artisti i dhunuar. Ai e p\u00ebrshkroi autorin e krimit, nj\u00eb person rreth 1.70 cm i gjat\u00eb, i veshur me pantallone xhins e kishte goditur, lidhur me shkrimin e botuar n\u00eb gazet\u00ebn &#8220;Shekulli&#8221; me 11 mars t\u00eb k\u00ebtij viti.<\/p>\n<p><strong>Let\u00ebr solidarizimi me Maks Velon<\/strong><\/p>\n<p>Ne miq dhe koleg\u00eb t\u00eb Maks Velos jemi tej mase t\u00eb indinjuar p\u00ebr sulmin q\u00eb i \u00ebsht\u00eb b\u00ebr\u00eb dje k\u00ebtij arkitekti, artisti dhe shkrimtari nga nj\u00eb nd\u00ebrtues biznesmen n\u00eb Tiran\u00eb. Maks Velo \u00ebsht\u00eb nga t\u00eb pakt\u00ebt arkitekt\u00eb, mos i vetmi q\u00eb ngre z\u00ebrin sot p\u00ebr ruajtjen e kujtes\u00ebs historike dhe t\u00eb gjelb\u00ebrimit n\u00eb Tiran\u00eb e gjetiu, kund\u00ebr sh\u00ebmtimit urbanistik dhe kund\u00ebr sulmit t\u00eb antikultur\u00ebs mbi kryeqytetin ton\u00eb. Ai ka botuar disa her\u00eb, me fotografi, shembuj negativ\u00eb e pozitiv\u00eb nga zhvillimi arkitekturor jo vet\u00ebm i Tiran\u00ebs, por edhe i Kor\u00e7\u00ebs dhe vendeve t\u00eb tjera t\u00eb Shqip\u00ebris\u00eb.<\/p>\n<p>Mir\u00ebpo angazhimi i tij qytetar e pruri dje n\u00ebn brutalitetin e nj\u00eb njeriu, i cili i ka ngulur thonjt\u00eb n\u00eb fyt dhe e ka k\u00ebrc\u00ebnuar me vrasje vet\u00ebm pse kujton q\u00eb pasuria e tij dhe lidhje t\u00eb caktuara q\u00eb mund t\u00eb ket\u00eb me politikan\u00eb e sjell n\u00eb pozit\u00eb sunduese n\u00eb shoq\u00ebrin\u00eb ton\u00eb, nga ku mund t\u00eb mbys\u00eb edhe z\u00ebrin publik.Edhe m\u00eb i r\u00ebnd\u00eb dhe fyes b\u00ebhet ky akt, kur mendon q\u00eb \u00ebsht\u00eb ushtruar dhun\u00eb mbi nj\u00eb njeri t\u00eb moshuar q\u00eb p\u00ebr lirin\u00eb e shprehjes ka vuajtur vite t\u00eb t\u00ebra burgu dhe dhune.<\/p>\n<p>Ia drejtojm\u00eb k\u00ebt\u00eb let\u00ebr t\u00eb hapur instancave qendrore t\u00eb shtetit ton\u00eb, q\u00eb t\u00eb marrin masa ndaj personave t\u00eb till\u00eb agresiv\u00eb dhe n\u00eb p\u00ebrgjith\u00ebsi t\u00eb tregojn\u00eb shum\u00eb m\u00eb tep\u00ebr v\u00ebmendje p\u00ebr mbrojtjen e liris\u00eb s\u00eb shprehjes. Ne jemi t\u00eb gjith\u00eb njer\u00ebz q\u00eb shkruajm\u00eb dhe flasim n\u00eb radh\u00eb t\u00eb par\u00eb n\u00eb em\u00ebr t\u00eb nj\u00eb pasurie edhe n\u00eb em\u00ebr t\u00eb nj\u00eb prone publike. Ndihemi t\u00eb pambrojtjur, n\u00eb qoft\u00eb se kushdo q\u00eb ka para, q\u00eb merr leje nd\u00ebrtimi ose hap biznese t\u00eb m\u00ebdha, mund t\u00eb na k\u00ebrc\u00ebnoj\u00eb hapur ashtu sikurse i ndodhi sot Maks Velos.<\/p>\n<p>Shkrimet dhe prononcimet tona nuk jan\u00eb akte ligjore, ato jan\u00eb shprehje mendimesh t\u00eb lira q\u00eb nuk mund t\u00eb pengohen prej askujt (edhe sikur t\u00eb ishin akte ligjore, ato mund t\u00eb kund\u00ebrshtoheshin vet\u00ebm n\u00eb gjykata, por jo me brutalitet n\u00eb rrug\u00eb t\u00eb hapur, n\u00eb nj\u00eb vend publik, sikur i ndodhi dje para hotel Sheratonit Maks Velos). V\u00ebrejm\u00eb me shqet\u00ebsim se njer\u00ebz t\u00eb caktuar q\u00eb jan\u00eb n\u00eb nj\u00eb mas\u00eb t\u00eb madhe p\u00ebrgjegj\u00ebs, bashk\u00eb me politik\u00ebn, p\u00ebr sh\u00ebmtimin e Tiran\u00ebs, t\u00eb rrethinave t\u00eb saj, p\u00ebr ngushtimin e hap\u00ebsirave tona t\u00eb jetes\u00ebs, k\u00ebrkojn\u00eb ta ngushtojn\u00eb edhe lirin\u00eb ton\u00eb t\u00eb botimit.<\/p>\n<p>Bashkis\u00eb s\u00eb Tiran\u00ebs, bashkive dhe komunave t\u00eb tjera u b\u00ebjm\u00eb thirrje q\u00eb t&#8217;i ken\u00eb n\u00eb v\u00ebmendje shkrime t\u00eb angazhuara si t\u00eb Maksit sepse ato shprehin n\u00eb fund t\u00eb fundit opinionin publik dhe nj\u00ebher\u00ebshi at\u00eb t\u00eb profesionistit, kund\u00ebr lakmis\u00eb p\u00ebr fitim dhe betonim q\u00eb shum\u00eb shpesh po ngadhnjen mbi estetik\u00ebn, mbi nj\u00eb zhvillim t\u00eb q\u00ebndruesh\u00ebm e t\u00eb sh\u00ebndetsh\u00ebm t\u00eb qyteteve tona.<\/p>\n<p><em>N\u00ebnshkruesit <\/em><\/p>\n<p><strong>Ardian Klosi, Aleksand\u00ebr \u00c7ipa, Andrea Stefani, Arben Kumbaro, Artan Lame, G\u00ebzim Q\u00ebndro, Kujtim \u00c7ashku, Piro Misha, Mustafa Nano, Xhemal Mato<\/strong><\/p>\n","protected":false},"excerpt":{"rendered":"<p>Shekulli Online, 27.05.2010 TIRANE &#8211; Goditet dhe sulmohet fizikisht publicisti, arkitekti dhe piktori i njohur Maks Velo, pas denoncimit t\u00eb nj\u00eb nd\u00ebrtimi n\u00eb qend\u00ebr t\u00eb kryeqytetit, p\u00ebr t\u00eb cilin ai kishte shprehur rezervat e veta se ishte nj\u00eb nd\u00ebrtim q\u00eb prishte pamjen sheshit ku ishte nisur t\u00eb nd\u00ebrtohej. Ngjarja ndodhi dje paradite n\u00eb rrug\u00ebn q\u00eb [&hellip;]<\/p>\n","protected":false},"author":1,"featured_media":0,"comment_status":"open","ping_status":"closed","sticky":false,"template":"","format":"standard","meta":{"footnotes":""},"categories":[2],"tags":[],"class_list":{"0":"post-2842","1":"post","2":"type-post","3":"status-publish","4":"format-standard","6":"category-artikuj"},"yoast_head":"<!-- This site is optimized with the Yoast SEO plugin v27.4 - https:\/\/yoast.com\/product\/yoast-seo-wordpress\/ -->\n<title>Botoi n\u00eb &quot;Shekulli&quot;, sulmohet fizikisht arkitekti Maks Velo - FjALA e LIR\u00cb - Arkivi<\/title>\n<meta name=\"robots\" content=\"index, follow, max-snippet:-1, max-image-preview:large, max-video-preview:-1\" \/>\n<link rel=\"canonical\" href=\"https:\/\/fjala.info\/2009-2015\/botoi-ne-shekulli-sulmohet-fizikisht-arkitekti-maks-velo\/\" \/>\n<meta property=\"og:locale\" content=\"sq_AL\" \/>\n<meta property=\"og:type\" content=\"article\" \/>\n<meta property=\"og:title\" content=\"Botoi n\u00eb &quot;Shekulli&quot;, sulmohet fizikisht arkitekti Maks Velo - FjALA e LIR\u00cb - Arkivi\" \/>\n<meta property=\"og:description\" content=\"Shekulli Online, 27.05.2010 TIRANE &#8211; Goditet dhe sulmohet fizikisht publicisti, arkitekti dhe piktori i njohur Maks Velo, pas denoncimit t\u00eb nj\u00eb nd\u00ebrtimi n\u00eb qend\u00ebr t\u00eb kryeqytetit, p\u00ebr t\u00eb cilin ai kishte shprehur rezervat e veta se ishte nj\u00eb nd\u00ebrtim q\u00eb prishte pamjen sheshit ku ishte nisur t\u00eb nd\u00ebrtohej. Ngjarja ndodhi dje paradite n\u00eb rrug\u00ebn q\u00eb [&hellip;]\" \/>\n<meta property=\"og:url\" content=\"https:\/\/fjala.info\/2009-2015\/botoi-ne-shekulli-sulmohet-fizikisht-arkitekti-maks-velo\/\" \/>\n<meta property=\"og:site_name\" content=\"FjALA e LIR\u00cb - Arkivi\" \/>\n<meta property=\"article:published_time\" content=\"2010-05-27T08:35:33+00:00\" \/>\n<meta property=\"og:image\" content=\"http:\/\/www.shkoder.net\/images\/fjala\/2010\/maks_velo.jpg\" \/>\n<meta name=\"author\" content=\"admin\" \/>\n<meta name=\"twitter:card\" content=\"summary_large_image\" \/>\n<meta name=\"twitter:label1\" content=\"Written by\" \/>\n\t<meta name=\"twitter:data1\" content=\"admin\" \/>\n\t<meta name=\"twitter:label2\" content=\"Est. reading time\" \/>\n\t<meta name=\"twitter:data2\" content=\"5 minutes\" \/>\n<script type=\"application\/ld+json\" class=\"yoast-schema-graph\">{\"@context\":\"https:\\\/\\\/schema.org\",\"@graph\":[{\"@type\":\"Article\",\"@id\":\"https:\\\/\\\/fjala.info\\\/2009-2015\\\/botoi-ne-shekulli-sulmohet-fizikisht-arkitekti-maks-velo\\\/#article\",\"isPartOf\":{\"@id\":\"https:\\\/\\\/fjala.info\\\/2009-2015\\\/botoi-ne-shekulli-sulmohet-fizikisht-arkitekti-maks-velo\\\/\"},\"author\":{\"name\":\"admin\",\"@id\":\"https:\\\/\\\/fjala.info\\\/2009-2015\\\/#\\\/schema\\\/person\\\/3aa1163ef05469c496fc94e77611ada2\"},\"headline\":\"Botoi n\u00eb &#8220;Shekulli&#8221;, sulmohet fizikisht arkitekti Maks Velo\",\"datePublished\":\"2010-05-27T08:35:33+00:00\",\"mainEntityOfPage\":{\"@id\":\"https:\\\/\\\/fjala.info\\\/2009-2015\\\/botoi-ne-shekulli-sulmohet-fizikisht-arkitekti-maks-velo\\\/\"},\"wordCount\":1028,\"commentCount\":0,\"publisher\":{\"@id\":\"https:\\\/\\\/fjala.info\\\/2009-2015\\\/#organization\"},\"image\":{\"@id\":\"https:\\\/\\\/fjala.info\\\/2009-2015\\\/botoi-ne-shekulli-sulmohet-fizikisht-arkitekti-maks-velo\\\/#primaryimage\"},\"thumbnailUrl\":\"http:\\\/\\\/www.shkoder.net\\\/images\\\/fjala\\\/2010\\\/maks_velo.jpg\",\"articleSection\":[\"Artikuj\"],\"inLanguage\":\"sq-AL\",\"potentialAction\":[{\"@type\":\"CommentAction\",\"name\":\"Comment\",\"target\":[\"https:\\\/\\\/fjala.info\\\/2009-2015\\\/botoi-ne-shekulli-sulmohet-fizikisht-arkitekti-maks-velo\\\/#respond\"]}]},{\"@type\":\"WebPage\",\"@id\":\"https:\\\/\\\/fjala.info\\\/2009-2015\\\/botoi-ne-shekulli-sulmohet-fizikisht-arkitekti-maks-velo\\\/\",\"url\":\"https:\\\/\\\/fjala.info\\\/2009-2015\\\/botoi-ne-shekulli-sulmohet-fizikisht-arkitekti-maks-velo\\\/\",\"name\":\"Botoi n\u00eb \\\"Shekulli\\\", sulmohet fizikisht arkitekti Maks Velo - FjALA e LIR\u00cb - Arkivi\",\"isPartOf\":{\"@id\":\"https:\\\/\\\/fjala.info\\\/2009-2015\\\/#website\"},\"primaryImageOfPage\":{\"@id\":\"https:\\\/\\\/fjala.info\\\/2009-2015\\\/botoi-ne-shekulli-sulmohet-fizikisht-arkitekti-maks-velo\\\/#primaryimage\"},\"image\":{\"@id\":\"https:\\\/\\\/fjala.info\\\/2009-2015\\\/botoi-ne-shekulli-sulmohet-fizikisht-arkitekti-maks-velo\\\/#primaryimage\"},\"thumbnailUrl\":\"http:\\\/\\\/www.shkoder.net\\\/images\\\/fjala\\\/2010\\\/maks_velo.jpg\",\"datePublished\":\"2010-05-27T08:35:33+00:00\",\"breadcrumb\":{\"@id\":\"https:\\\/\\\/fjala.info\\\/2009-2015\\\/botoi-ne-shekulli-sulmohet-fizikisht-arkitekti-maks-velo\\\/#breadcrumb\"},\"inLanguage\":\"sq-AL\",\"potentialAction\":[{\"@type\":\"ReadAction\",\"target\":[\"https:\\\/\\\/fjala.info\\\/2009-2015\\\/botoi-ne-shekulli-sulmohet-fizikisht-arkitekti-maks-velo\\\/\"]}]},{\"@type\":\"ImageObject\",\"inLanguage\":\"sq-AL\",\"@id\":\"https:\\\/\\\/fjala.info\\\/2009-2015\\\/botoi-ne-shekulli-sulmohet-fizikisht-arkitekti-maks-velo\\\/#primaryimage\",\"url\":\"http:\\\/\\\/www.shkoder.net\\\/images\\\/fjala\\\/2010\\\/maks_velo.jpg\",\"contentUrl\":\"http:\\\/\\\/www.shkoder.net\\\/images\\\/fjala\\\/2010\\\/maks_velo.jpg\"},{\"@type\":\"BreadcrumbList\",\"@id\":\"https:\\\/\\\/fjala.info\\\/2009-2015\\\/botoi-ne-shekulli-sulmohet-fizikisht-arkitekti-maks-velo\\\/#breadcrumb\",\"itemListElement\":[{\"@type\":\"ListItem\",\"position\":1,\"name\":\"Home\",\"item\":\"https:\\\/\\\/fjala.info\\\/2009-2015\\\/\"},{\"@type\":\"ListItem\",\"position\":2,\"name\":\"Botoi n\u00eb &#8220;Shekulli&#8221;, sulmohet fizikisht arkitekti Maks Velo\"}]},{\"@type\":\"WebSite\",\"@id\":\"https:\\\/\\\/fjala.info\\\/2009-2015\\\/#website\",\"url\":\"https:\\\/\\\/fjala.info\\\/2009-2015\\\/\",\"name\":\"FjALA e LIR\u00cb - Arkivi\",\"description\":\"Arkivi 2009-2015\",\"publisher\":{\"@id\":\"https:\\\/\\\/fjala.info\\\/2009-2015\\\/#organization\"},\"potentialAction\":[{\"@type\":\"SearchAction\",\"target\":{\"@type\":\"EntryPoint\",\"urlTemplate\":\"https:\\\/\\\/fjala.info\\\/2009-2015\\\/?s={search_term_string}\"},\"query-input\":{\"@type\":\"PropertyValueSpecification\",\"valueRequired\":true,\"valueName\":\"search_term_string\"}}],\"inLanguage\":\"sq-AL\"},{\"@type\":\"Organization\",\"@id\":\"https:\\\/\\\/fjala.info\\\/2009-2015\\\/#organization\",\"name\":\"FjALA e LIR\u00cb - Arkivi\",\"url\":\"https:\\\/\\\/fjala.info\\\/2009-2015\\\/\",\"logo\":{\"@type\":\"ImageObject\",\"inLanguage\":\"sq-AL\",\"@id\":\"https:\\\/\\\/fjala.info\\\/2009-2015\\\/#\\\/schema\\\/logo\\\/image\\\/\",\"url\":\"\",\"contentUrl\":\"\",\"caption\":\"FjALA e LIR\u00cb - Arkivi\"},\"image\":{\"@id\":\"https:\\\/\\\/fjala.info\\\/2009-2015\\\/#\\\/schema\\\/logo\\\/image\\\/\"}},{\"@type\":\"Person\",\"@id\":\"https:\\\/\\\/fjala.info\\\/2009-2015\\\/#\\\/schema\\\/person\\\/3aa1163ef05469c496fc94e77611ada2\",\"name\":\"admin\",\"image\":{\"@type\":\"ImageObject\",\"inLanguage\":\"sq-AL\",\"@id\":\"https:\\\/\\\/fjala.info\\\/2009-2015\\\/wp-content\\\/uploads\\\/2012\\\/02\\\/arben_cokaj-120x150.jpg\",\"url\":\"https:\\\/\\\/fjala.info\\\/2009-2015\\\/wp-content\\\/uploads\\\/2012\\\/02\\\/arben_cokaj-120x150.jpg\",\"contentUrl\":\"https:\\\/\\\/fjala.info\\\/2009-2015\\\/wp-content\\\/uploads\\\/2012\\\/02\\\/arben_cokaj-120x150.jpg\",\"caption\":\"admin\"},\"description\":\"Admin, Fjala e Lir\u00eb\",\"sameAs\":[\"https:\\\/\\\/fjala.info\\\/\"],\"url\":\"https:\\\/\\\/fjala.info\\\/2009-2015\\\/author\\\/admin\\\/\"}]}<\/script>\n<!-- \/ Yoast SEO plugin. -->","yoast_head_json":{"title":"Botoi n\u00eb \"Shekulli\", sulmohet fizikisht arkitekti Maks Velo - FjALA e LIR\u00cb - Arkivi","robots":{"index":"index","follow":"follow","max-snippet":"max-snippet:-1","max-image-preview":"max-image-preview:large","max-video-preview":"max-video-preview:-1"},"canonical":"https:\/\/fjala.info\/2009-2015\/botoi-ne-shekulli-sulmohet-fizikisht-arkitekti-maks-velo\/","og_locale":"sq_AL","og_type":"article","og_title":"Botoi n\u00eb \"Shekulli\", sulmohet fizikisht arkitekti Maks Velo - FjALA e LIR\u00cb - Arkivi","og_description":"Shekulli Online, 27.05.2010 TIRANE &#8211; Goditet dhe sulmohet fizikisht publicisti, arkitekti dhe piktori i njohur Maks Velo, pas denoncimit t\u00eb nj\u00eb nd\u00ebrtimi n\u00eb qend\u00ebr t\u00eb kryeqytetit, p\u00ebr t\u00eb cilin ai kishte shprehur rezervat e veta se ishte nj\u00eb nd\u00ebrtim q\u00eb prishte pamjen sheshit ku ishte nisur t\u00eb nd\u00ebrtohej. Ngjarja ndodhi dje paradite n\u00eb rrug\u00ebn q\u00eb [&hellip;]","og_url":"https:\/\/fjala.info\/2009-2015\/botoi-ne-shekulli-sulmohet-fizikisht-arkitekti-maks-velo\/","og_site_name":"FjALA e LIR\u00cb - Arkivi","article_published_time":"2010-05-27T08:35:33+00:00","og_image":[{"url":"http:\/\/www.shkoder.net\/images\/fjala\/2010\/maks_velo.jpg","type":"","width":"","height":""}],"author":"admin","twitter_card":"summary_large_image","twitter_misc":{"Written by":"admin","Est. reading time":"5 minutes"},"schema":{"@context":"https:\/\/schema.org","@graph":[{"@type":"Article","@id":"https:\/\/fjala.info\/2009-2015\/botoi-ne-shekulli-sulmohet-fizikisht-arkitekti-maks-velo\/#article","isPartOf":{"@id":"https:\/\/fjala.info\/2009-2015\/botoi-ne-shekulli-sulmohet-fizikisht-arkitekti-maks-velo\/"},"author":{"name":"admin","@id":"https:\/\/fjala.info\/2009-2015\/#\/schema\/person\/3aa1163ef05469c496fc94e77611ada2"},"headline":"Botoi n\u00eb &#8220;Shekulli&#8221;, sulmohet fizikisht arkitekti Maks Velo","datePublished":"2010-05-27T08:35:33+00:00","mainEntityOfPage":{"@id":"https:\/\/fjala.info\/2009-2015\/botoi-ne-shekulli-sulmohet-fizikisht-arkitekti-maks-velo\/"},"wordCount":1028,"commentCount":0,"publisher":{"@id":"https:\/\/fjala.info\/2009-2015\/#organization"},"image":{"@id":"https:\/\/fjala.info\/2009-2015\/botoi-ne-shekulli-sulmohet-fizikisht-arkitekti-maks-velo\/#primaryimage"},"thumbnailUrl":"http:\/\/www.shkoder.net\/images\/fjala\/2010\/maks_velo.jpg","articleSection":["Artikuj"],"inLanguage":"sq-AL","potentialAction":[{"@type":"CommentAction","name":"Comment","target":["https:\/\/fjala.info\/2009-2015\/botoi-ne-shekulli-sulmohet-fizikisht-arkitekti-maks-velo\/#respond"]}]},{"@type":"WebPage","@id":"https:\/\/fjala.info\/2009-2015\/botoi-ne-shekulli-sulmohet-fizikisht-arkitekti-maks-velo\/","url":"https:\/\/fjala.info\/2009-2015\/botoi-ne-shekulli-sulmohet-fizikisht-arkitekti-maks-velo\/","name":"Botoi n\u00eb \"Shekulli\", sulmohet fizikisht arkitekti Maks Velo - FjALA e LIR\u00cb - Arkivi","isPartOf":{"@id":"https:\/\/fjala.info\/2009-2015\/#website"},"primaryImageOfPage":{"@id":"https:\/\/fjala.info\/2009-2015\/botoi-ne-shekulli-sulmohet-fizikisht-arkitekti-maks-velo\/#primaryimage"},"image":{"@id":"https:\/\/fjala.info\/2009-2015\/botoi-ne-shekulli-sulmohet-fizikisht-arkitekti-maks-velo\/#primaryimage"},"thumbnailUrl":"http:\/\/www.shkoder.net\/images\/fjala\/2010\/maks_velo.jpg","datePublished":"2010-05-27T08:35:33+00:00","breadcrumb":{"@id":"https:\/\/fjala.info\/2009-2015\/botoi-ne-shekulli-sulmohet-fizikisht-arkitekti-maks-velo\/#breadcrumb"},"inLanguage":"sq-AL","potentialAction":[{"@type":"ReadAction","target":["https:\/\/fjala.info\/2009-2015\/botoi-ne-shekulli-sulmohet-fizikisht-arkitekti-maks-velo\/"]}]},{"@type":"ImageObject","inLanguage":"sq-AL","@id":"https:\/\/fjala.info\/2009-2015\/botoi-ne-shekulli-sulmohet-fizikisht-arkitekti-maks-velo\/#primaryimage","url":"http:\/\/www.shkoder.net\/images\/fjala\/2010\/maks_velo.jpg","contentUrl":"http:\/\/www.shkoder.net\/images\/fjala\/2010\/maks_velo.jpg"},{"@type":"BreadcrumbList","@id":"https:\/\/fjala.info\/2009-2015\/botoi-ne-shekulli-sulmohet-fizikisht-arkitekti-maks-velo\/#breadcrumb","itemListElement":[{"@type":"ListItem","position":1,"name":"Home","item":"https:\/\/fjala.info\/2009-2015\/"},{"@type":"ListItem","position":2,"name":"Botoi n\u00eb &#8220;Shekulli&#8221;, sulmohet fizikisht arkitekti Maks Velo"}]},{"@type":"WebSite","@id":"https:\/\/fjala.info\/2009-2015\/#website","url":"https:\/\/fjala.info\/2009-2015\/","name":"FjALA e LIR\u00cb - Arkivi","description":"Arkivi 2009-2015","publisher":{"@id":"https:\/\/fjala.info\/2009-2015\/#organization"},"potentialAction":[{"@type":"SearchAction","target":{"@type":"EntryPoint","urlTemplate":"https:\/\/fjala.info\/2009-2015\/?s={search_term_string}"},"query-input":{"@type":"PropertyValueSpecification","valueRequired":true,"valueName":"search_term_string"}}],"inLanguage":"sq-AL"},{"@type":"Organization","@id":"https:\/\/fjala.info\/2009-2015\/#organization","name":"FjALA e LIR\u00cb - Arkivi","url":"https:\/\/fjala.info\/2009-2015\/","logo":{"@type":"ImageObject","inLanguage":"sq-AL","@id":"https:\/\/fjala.info\/2009-2015\/#\/schema\/logo\/image\/","url":"","contentUrl":"","caption":"FjALA e LIR\u00cb - Arkivi"},"image":{"@id":"https:\/\/fjala.info\/2009-2015\/#\/schema\/logo\/image\/"}},{"@type":"Person","@id":"https:\/\/fjala.info\/2009-2015\/#\/schema\/person\/3aa1163ef05469c496fc94e77611ada2","name":"admin","image":{"@type":"ImageObject","inLanguage":"sq-AL","@id":"https:\/\/fjala.info\/2009-2015\/wp-content\/uploads\/2012\/02\/arben_cokaj-120x150.jpg","url":"https:\/\/fjala.info\/2009-2015\/wp-content\/uploads\/2012\/02\/arben_cokaj-120x150.jpg","contentUrl":"https:\/\/fjala.info\/2009-2015\/wp-content\/uploads\/2012\/02\/arben_cokaj-120x150.jpg","caption":"admin"},"description":"Admin, Fjala e Lir\u00eb","sameAs":["https:\/\/fjala.info\/"],"url":"https:\/\/fjala.info\/2009-2015\/author\/admin\/"}]}},"_links":{"self":[{"href":"https:\/\/fjala.info\/2009-2015\/wp-json\/wp\/v2\/posts\/2842","targetHints":{"allow":["GET"]}}],"collection":[{"href":"https:\/\/fjala.info\/2009-2015\/wp-json\/wp\/v2\/posts"}],"about":[{"href":"https:\/\/fjala.info\/2009-2015\/wp-json\/wp\/v2\/types\/post"}],"author":[{"embeddable":true,"href":"https:\/\/fjala.info\/2009-2015\/wp-json\/wp\/v2\/users\/1"}],"replies":[{"embeddable":true,"href":"https:\/\/fjala.info\/2009-2015\/wp-json\/wp\/v2\/comments?post=2842"}],"version-history":[{"count":0,"href":"https:\/\/fjala.info\/2009-2015\/wp-json\/wp\/v2\/posts\/2842\/revisions"}],"wp:attachment":[{"href":"https:\/\/fjala.info\/2009-2015\/wp-json\/wp\/v2\/media?parent=2842"}],"wp:term":[{"taxonomy":"category","embeddable":true,"href":"https:\/\/fjala.info\/2009-2015\/wp-json\/wp\/v2\/categories?post=2842"},{"taxonomy":"post_tag","embeddable":true,"href":"https:\/\/fjala.info\/2009-2015\/wp-json\/wp\/v2\/tags?post=2842"}],"curies":[{"name":"wp","href":"https:\/\/api.w.org\/{rel}","templated":true}]}}