{"id":2840,"date":"2012-05-20T17:29:31","date_gmt":"2012-05-20T16:29:31","guid":{"rendered":"http:\/\/www.fjala.info\/?p=2840"},"modified":"2012-05-20T17:29:31","modified_gmt":"2012-05-20T16:29:31","slug":"pas-bleresit-te-kakomese-fshihet-mafiozi-bullgar","status":"publish","type":"post","link":"https:\/\/fjala.info\/2009-2015\/pas-bleresit-te-kakomese-fshihet-mafiozi-bullgar\/","title":{"rendered":"Pas bler\u00ebsit t\u00eb Kakomes\u00eb fshihet mafiozi bullgar"},"content":{"rendered":"<p><img decoding=\"async\" class=\"alignright size-thumbnail wp-image-7236\" title=\"Jeko Petkov Kolev\" src=\"http:\/\/www.fjala.info\/2012\/jeko_petkov_kolev1.jpg\" alt=\"\" width=\"300\" \/> <em>Ne kontrate bler\u00ebsi nj\u00eb 30-vje\u00e7ar bullgar<\/em><\/p>\n<p>TIRANE- Pas bler\u00ebsit zyrtar t\u00eb 290 mij\u00eb hektar\u00ebve tok\u00eb n\u00eb bregdetin e Gjirit t\u00eb Kakomes\u00eb, fshihet nj\u00eb em\u00ebr i p\u00ebrfolur p\u00ebr lidhje me krimin e organizuar. N\u00ebse n\u00eb letrat e kontrat\u00ebs s\u00eb shitjes s\u00eb 23 marsit 2012 t\u00eb 290 mij\u00eb metrave katror\u00eb tok\u00eb n\u00eb Kakome, bler\u00ebsi \u00ebsht\u00eb 30-vje\u00e7ari bullgar Jeko Petkov Kolev, pas tij dhe firm\u00ebs q\u00eb ai p\u00ebrfaq\u00ebson n\u00eb Tiran\u00eb \u00ebsht\u00eb bosi i madh i akuzuar nga amerikan\u00ebt si p\u00ebrfaq\u00ebsues i mafias bullgare q\u00eb ka kapur jo vet\u00ebm ekonomin\u00eb e vendit, por \u00ebsht\u00eb shtrir\u00eb edhe jasht\u00eb n\u00eb rajon, si\u00e7 \u00ebsht\u00eb rasti i Shqip\u00ebris\u00eb.<\/p>\n<p>Kolev \u00ebsht\u00eb n\u00eb Tiran\u00ebs p\u00ebrfaq\u00ebsues i firm\u00ebs &#8220;Balkan Roads&#8221;, deg\u00eb e kompanis\u00eb m\u00ebm\u00eb n\u00eb Sofje t\u00eb Bullgaris\u00eb. Kolev \u00ebsht\u00eb bashk\u00ebthemelues dhe an\u00ebtar i bordit t\u00eb drejtor\u00ebve t\u00eb Dhom\u00ebs s\u00eb Tregtis\u00eb dhe Industris\u00eb Bullgaro-Shqiptare (BAL\u00c7I), por edhe an\u00ebtar i Bordit t\u00eb Drejtor\u00ebve n\u00eb kompanin\u00eb &#8220;Balkan Roads&#8221;, ku \u00ebsht\u00eb bashk\u00ebpronar prej vitit 2008 edhe biznesmeni shqiptar Dritan \u00c7elaj. Kompania ishte regjistruar n\u00eb 5 n\u00ebntor 2008, nd\u00ebrsa kishte bllokuar n\u00eb bank\u00ebn bullgare, dega Tiran\u00eb e First Investment Bank (FIB) shum\u00ebn prej 20 milion\u00eb lek\u00ebsh, si kapital themeltar, p\u00ebr regjistrimin dhe krijimin e shoq\u00ebris\u00eb &#8220;Balkan Roads&#8221; sh.p.k. Kjo \u00ebsht\u00eb dega shqiptare, q\u00eb ka bler\u00eb Kakomen\u00eb. Kurse kompania m\u00ebm\u00eb \u00ebsht\u00eb mjaft e njohur dhe, fatkeq\u00ebsisht, drejtuesi i saj njihet p\u00ebr keq.<\/p>\n<p>N\u00eb raporti vjetor t\u00eb kompanis\u00eb bullgare &#8220;Holding Roads PLC&#8221; p\u00ebr vitin 2008, nd\u00ebrsa jepen t\u00eb dh\u00ebna p\u00ebr aktivitetin 1-vje\u00e7ar t\u00eb saj, nd\u00ebr t\u00eb tjera thuhet se po krijohet dega e re &#8220;Balkan Roads&#8221;, me q\u00ebllim pjes\u00ebmarrjen e saj n\u00eb tender\u00ebt publik\u00eb p\u00ebr nd\u00ebrtime dhe investime n\u00eb infrastruktur\u00eb dhe turiz\u00ebm. &#8220;Holding Roads PLC&#8221; regjistroi nj\u00eb deg\u00eb n\u00eb Republik\u00ebn e Shqip\u00ebris\u00eb, me emrin &#8220;Holding Roads&#8221; (dega Shqip\u00ebri), thuhet n\u00eb faqen 16 t\u00eb dokumentit t\u00eb kompanis\u00eb bullgare t\u00eb vitit 2008. N\u00eb nj\u00eb takim special t\u00eb mbajtur n\u00eb 5 janar 2009, nd\u00ebr vendimet e tjera q\u00eb u mor\u00ebn ishte edhe ai p\u00ebr dh\u00ebnien e nj\u00eb bonusi p\u00ebr antar\u00ebt e Bordit t\u00eb Supervizionit t\u00eb kompanis\u00eb, ose e th\u00ebn\u00eb ndryshe paket\u00ebs s\u00eb aksioner\u00ebve, sipas rezultateve t\u00eb mira t\u00eb arritura n\u00eb vitin financiar 2007.<\/p>\n<p>Mes emrave t\u00eb bordit i pari renditet shtetasi bullgar Vasil Krumov Bozhkov, president i Bordit Supervizues t\u00eb kompanis\u00eb, q\u00eb merr nj\u00eb shp\u00ebrblim prej 3 milion\u00eb e 840 mij\u00eb leva bullgare, ose rreth 1,92 milion\u00eb euro (1 euro \u00ebsht\u00eb af\u00ebrsisht sa dy leva bullgare). Bozhkov, njihet n\u00eb vendin e tij njihet si nj\u00eb nd\u00ebr biznesmen\u00ebt m\u00eb kontravers\u00eb dhe i hetuar n\u00eb vite p\u00ebr lidhje me krimin e organizuar dhe mafien ruse. Profilin e biznesmenit bullgar Bozhkov, e b\u00ebri ish-ambasadori amerika n\u00eb Sofje 7 vite m\u00eb par\u00eb n\u00eb nj\u00eb dokument q\u00eb i p\u00ebrcolli DASH-it dhe q\u00eb u publikua vjet nga Wikileaks. Aty Bozhkov renditet bashk\u00eb me krer\u00ebt e krimit t\u00eb organizuar dhe organizatat m\u00eb influente t\u00eb krimit n\u00eb Bullgari ku Bozhkov mban vendin e par\u00eb n\u00eb list\u00eb dhe konsiderohet si m\u00eb i r\u00ebnd\u00ebsishmi, nd\u00ebrsa n\u00eb kabllogram p\u00ebrmendet dhe nofka e tij &#8220;Kafka&#8221;, si\u00e7 njihet n\u00eb Bullgari.<\/p>\n<p>N\u00eb kabllogram detajohet aktiviteti i tij si njeri shum\u00eb i r\u00ebnd\u00ebsish\u00ebm i n\u00ebntok\u00ebs s\u00eb krimit t\u00eb organizuar q\u00eb prej vitit 1990 nd\u00ebrsa pasuria e tij \u00e7mohet diku te 1.5 miliard\u00eb USD. Bozhkov p\u00ebrshkruhet si nj\u00eb gangster me shum\u00eb lidhje n\u00eb politik\u00eb dhe i interesuar s\u00eb fundmi n\u00eb shtrirjen e investimeve n\u00eb vendet e huaja sidomos n\u00eb nd\u00ebrtim infrastrukture dhe n\u00eb zona turistike. Amerikan\u00ebt n\u00eb kabllogram e p\u00ebrshkruanin at\u00eb n\u00eb vitin 2009 si nj\u00eb gangster t\u00eb fuqish\u00ebm q\u00eb po p\u00ebrpiqet t\u00eb laj\u00eb hesapet me t\u00eb kaluar\u00ebn e tij dhe t\u00eb &#8220;certifikohet&#8221; si nj\u00eb njeri i fush\u00ebs s\u00eb biznesit.<br \/>\n(Shkrimi u botua sot ne gazeten Shqiptarja.com)<\/p>\n<p>(ns\/shqiptarja.com)<\/p>\n","protected":false},"excerpt":{"rendered":"<p>Ne kontrate bler\u00ebsi nj\u00eb 30-vje\u00e7ar bullgar TIRANE- Pas bler\u00ebsit zyrtar t\u00eb 290 mij\u00eb hektar\u00ebve tok\u00eb n\u00eb bregdetin e Gjirit t\u00eb Kakomes\u00eb, fshihet nj\u00eb em\u00ebr i p\u00ebrfolur p\u00ebr lidhje me krimin e organizuar. N\u00ebse n\u00eb letrat e kontrat\u00ebs s\u00eb shitjes s\u00eb 23 marsit 2012 t\u00eb 290 mij\u00eb metrave katror\u00eb tok\u00eb n\u00eb Kakome, bler\u00ebsi \u00ebsht\u00eb 30-vje\u00e7ari bullgar [&hellip;]<\/p>\n","protected":false},"author":1,"featured_media":0,"comment_status":"open","ping_status":"closed","sticky":false,"template":"","format":"standard","meta":{"footnotes":""},"categories":[2],"tags":[],"class_list":{"0":"post-2840","1":"post","2":"type-post","3":"status-publish","4":"format-standard","6":"category-artikuj"},"yoast_head":"<!-- This site is optimized with the Yoast SEO plugin v27.4 - https:\/\/yoast.com\/product\/yoast-seo-wordpress\/ -->\n<title>Pas bler\u00ebsit t\u00eb Kakomes\u00eb fshihet mafiozi bullgar - FjALA e LIR\u00cb - Arkivi<\/title>\n<meta name=\"robots\" content=\"index, follow, max-snippet:-1, max-image-preview:large, max-video-preview:-1\" \/>\n<link rel=\"canonical\" href=\"https:\/\/fjala.info\/2009-2015\/pas-bleresit-te-kakomese-fshihet-mafiozi-bullgar\/\" \/>\n<meta property=\"og:locale\" content=\"sq_AL\" \/>\n<meta property=\"og:type\" content=\"article\" \/>\n<meta property=\"og:title\" content=\"Pas bler\u00ebsit t\u00eb Kakomes\u00eb fshihet mafiozi bullgar - FjALA e LIR\u00cb - Arkivi\" \/>\n<meta property=\"og:description\" content=\"Ne kontrate bler\u00ebsi nj\u00eb 30-vje\u00e7ar bullgar TIRANE- Pas bler\u00ebsit zyrtar t\u00eb 290 mij\u00eb hektar\u00ebve tok\u00eb n\u00eb bregdetin e Gjirit t\u00eb Kakomes\u00eb, fshihet nj\u00eb em\u00ebr i p\u00ebrfolur p\u00ebr lidhje me krimin e organizuar. N\u00ebse n\u00eb letrat e kontrat\u00ebs s\u00eb shitjes s\u00eb 23 marsit 2012 t\u00eb 290 mij\u00eb metrave katror\u00eb tok\u00eb n\u00eb Kakome, bler\u00ebsi \u00ebsht\u00eb 30-vje\u00e7ari bullgar [&hellip;]\" \/>\n<meta property=\"og:url\" content=\"https:\/\/fjala.info\/2009-2015\/pas-bleresit-te-kakomese-fshihet-mafiozi-bullgar\/\" \/>\n<meta property=\"og:site_name\" content=\"FjALA e LIR\u00cb - Arkivi\" \/>\n<meta property=\"article:published_time\" content=\"2012-05-20T16:29:31+00:00\" \/>\n<meta property=\"og:image\" content=\"http:\/\/www.fjala.info\/2012\/jeko_petkov_kolev1.jpg\" \/>\n<meta name=\"author\" content=\"admin\" \/>\n<meta name=\"twitter:card\" content=\"summary_large_image\" \/>\n<meta name=\"twitter:label1\" content=\"Written by\" \/>\n\t<meta name=\"twitter:data1\" content=\"admin\" \/>\n\t<meta name=\"twitter:label2\" content=\"Est. reading time\" \/>\n\t<meta name=\"twitter:data2\" content=\"3 minutes\" \/>\n<script type=\"application\/ld+json\" class=\"yoast-schema-graph\">{\"@context\":\"https:\\\/\\\/schema.org\",\"@graph\":[{\"@type\":\"Article\",\"@id\":\"https:\\\/\\\/fjala.info\\\/2009-2015\\\/pas-bleresit-te-kakomese-fshihet-mafiozi-bullgar\\\/#article\",\"isPartOf\":{\"@id\":\"https:\\\/\\\/fjala.info\\\/2009-2015\\\/pas-bleresit-te-kakomese-fshihet-mafiozi-bullgar\\\/\"},\"author\":{\"name\":\"admin\",\"@id\":\"https:\\\/\\\/fjala.info\\\/2009-2015\\\/#\\\/schema\\\/person\\\/3aa1163ef05469c496fc94e77611ada2\"},\"headline\":\"Pas bler\u00ebsit t\u00eb Kakomes\u00eb fshihet mafiozi bullgar\",\"datePublished\":\"2012-05-20T16:29:31+00:00\",\"mainEntityOfPage\":{\"@id\":\"https:\\\/\\\/fjala.info\\\/2009-2015\\\/pas-bleresit-te-kakomese-fshihet-mafiozi-bullgar\\\/\"},\"wordCount\":675,\"commentCount\":0,\"publisher\":{\"@id\":\"https:\\\/\\\/fjala.info\\\/2009-2015\\\/#organization\"},\"image\":{\"@id\":\"https:\\\/\\\/fjala.info\\\/2009-2015\\\/pas-bleresit-te-kakomese-fshihet-mafiozi-bullgar\\\/#primaryimage\"},\"thumbnailUrl\":\"http:\\\/\\\/www.fjala.info\\\/2012\\\/jeko_petkov_kolev1.jpg\",\"articleSection\":[\"Artikuj\"],\"inLanguage\":\"sq-AL\",\"potentialAction\":[{\"@type\":\"CommentAction\",\"name\":\"Comment\",\"target\":[\"https:\\\/\\\/fjala.info\\\/2009-2015\\\/pas-bleresit-te-kakomese-fshihet-mafiozi-bullgar\\\/#respond\"]}]},{\"@type\":\"WebPage\",\"@id\":\"https:\\\/\\\/fjala.info\\\/2009-2015\\\/pas-bleresit-te-kakomese-fshihet-mafiozi-bullgar\\\/\",\"url\":\"https:\\\/\\\/fjala.info\\\/2009-2015\\\/pas-bleresit-te-kakomese-fshihet-mafiozi-bullgar\\\/\",\"name\":\"Pas bler\u00ebsit t\u00eb Kakomes\u00eb fshihet mafiozi bullgar - FjALA e LIR\u00cb - Arkivi\",\"isPartOf\":{\"@id\":\"https:\\\/\\\/fjala.info\\\/2009-2015\\\/#website\"},\"primaryImageOfPage\":{\"@id\":\"https:\\\/\\\/fjala.info\\\/2009-2015\\\/pas-bleresit-te-kakomese-fshihet-mafiozi-bullgar\\\/#primaryimage\"},\"image\":{\"@id\":\"https:\\\/\\\/fjala.info\\\/2009-2015\\\/pas-bleresit-te-kakomese-fshihet-mafiozi-bullgar\\\/#primaryimage\"},\"thumbnailUrl\":\"http:\\\/\\\/www.fjala.info\\\/2012\\\/jeko_petkov_kolev1.jpg\",\"datePublished\":\"2012-05-20T16:29:31+00:00\",\"breadcrumb\":{\"@id\":\"https:\\\/\\\/fjala.info\\\/2009-2015\\\/pas-bleresit-te-kakomese-fshihet-mafiozi-bullgar\\\/#breadcrumb\"},\"inLanguage\":\"sq-AL\",\"potentialAction\":[{\"@type\":\"ReadAction\",\"target\":[\"https:\\\/\\\/fjala.info\\\/2009-2015\\\/pas-bleresit-te-kakomese-fshihet-mafiozi-bullgar\\\/\"]}]},{\"@type\":\"ImageObject\",\"inLanguage\":\"sq-AL\",\"@id\":\"https:\\\/\\\/fjala.info\\\/2009-2015\\\/pas-bleresit-te-kakomese-fshihet-mafiozi-bullgar\\\/#primaryimage\",\"url\":\"http:\\\/\\\/www.fjala.info\\\/2012\\\/jeko_petkov_kolev1.jpg\",\"contentUrl\":\"http:\\\/\\\/www.fjala.info\\\/2012\\\/jeko_petkov_kolev1.jpg\"},{\"@type\":\"BreadcrumbList\",\"@id\":\"https:\\\/\\\/fjala.info\\\/2009-2015\\\/pas-bleresit-te-kakomese-fshihet-mafiozi-bullgar\\\/#breadcrumb\",\"itemListElement\":[{\"@type\":\"ListItem\",\"position\":1,\"name\":\"Home\",\"item\":\"https:\\\/\\\/fjala.info\\\/2009-2015\\\/\"},{\"@type\":\"ListItem\",\"position\":2,\"name\":\"Pas bler\u00ebsit t\u00eb Kakomes\u00eb fshihet mafiozi bullgar\"}]},{\"@type\":\"WebSite\",\"@id\":\"https:\\\/\\\/fjala.info\\\/2009-2015\\\/#website\",\"url\":\"https:\\\/\\\/fjala.info\\\/2009-2015\\\/\",\"name\":\"FjALA e LIR\u00cb - Arkivi\",\"description\":\"Arkivi 2009-2015\",\"publisher\":{\"@id\":\"https:\\\/\\\/fjala.info\\\/2009-2015\\\/#organization\"},\"potentialAction\":[{\"@type\":\"SearchAction\",\"target\":{\"@type\":\"EntryPoint\",\"urlTemplate\":\"https:\\\/\\\/fjala.info\\\/2009-2015\\\/?s={search_term_string}\"},\"query-input\":{\"@type\":\"PropertyValueSpecification\",\"valueRequired\":true,\"valueName\":\"search_term_string\"}}],\"inLanguage\":\"sq-AL\"},{\"@type\":\"Organization\",\"@id\":\"https:\\\/\\\/fjala.info\\\/2009-2015\\\/#organization\",\"name\":\"FjALA e LIR\u00cb - Arkivi\",\"url\":\"https:\\\/\\\/fjala.info\\\/2009-2015\\\/\",\"logo\":{\"@type\":\"ImageObject\",\"inLanguage\":\"sq-AL\",\"@id\":\"https:\\\/\\\/fjala.info\\\/2009-2015\\\/#\\\/schema\\\/logo\\\/image\\\/\",\"url\":\"\",\"contentUrl\":\"\",\"caption\":\"FjALA e LIR\u00cb - Arkivi\"},\"image\":{\"@id\":\"https:\\\/\\\/fjala.info\\\/2009-2015\\\/#\\\/schema\\\/logo\\\/image\\\/\"}},{\"@type\":\"Person\",\"@id\":\"https:\\\/\\\/fjala.info\\\/2009-2015\\\/#\\\/schema\\\/person\\\/3aa1163ef05469c496fc94e77611ada2\",\"name\":\"admin\",\"image\":{\"@type\":\"ImageObject\",\"inLanguage\":\"sq-AL\",\"@id\":\"https:\\\/\\\/fjala.info\\\/2009-2015\\\/wp-content\\\/uploads\\\/2012\\\/02\\\/arben_cokaj-120x150.jpg\",\"url\":\"https:\\\/\\\/fjala.info\\\/2009-2015\\\/wp-content\\\/uploads\\\/2012\\\/02\\\/arben_cokaj-120x150.jpg\",\"contentUrl\":\"https:\\\/\\\/fjala.info\\\/2009-2015\\\/wp-content\\\/uploads\\\/2012\\\/02\\\/arben_cokaj-120x150.jpg\",\"caption\":\"admin\"},\"description\":\"Admin, Fjala e Lir\u00eb\",\"sameAs\":[\"https:\\\/\\\/fjala.info\\\/\"],\"url\":\"https:\\\/\\\/fjala.info\\\/2009-2015\\\/author\\\/admin\\\/\"}]}<\/script>\n<!-- \/ Yoast SEO plugin. -->","yoast_head_json":{"title":"Pas bler\u00ebsit t\u00eb Kakomes\u00eb fshihet mafiozi bullgar - FjALA e LIR\u00cb - Arkivi","robots":{"index":"index","follow":"follow","max-snippet":"max-snippet:-1","max-image-preview":"max-image-preview:large","max-video-preview":"max-video-preview:-1"},"canonical":"https:\/\/fjala.info\/2009-2015\/pas-bleresit-te-kakomese-fshihet-mafiozi-bullgar\/","og_locale":"sq_AL","og_type":"article","og_title":"Pas bler\u00ebsit t\u00eb Kakomes\u00eb fshihet mafiozi bullgar - FjALA e LIR\u00cb - Arkivi","og_description":"Ne kontrate bler\u00ebsi nj\u00eb 30-vje\u00e7ar bullgar TIRANE- Pas bler\u00ebsit zyrtar t\u00eb 290 mij\u00eb hektar\u00ebve tok\u00eb n\u00eb bregdetin e Gjirit t\u00eb Kakomes\u00eb, fshihet nj\u00eb em\u00ebr i p\u00ebrfolur p\u00ebr lidhje me krimin e organizuar. N\u00ebse n\u00eb letrat e kontrat\u00ebs s\u00eb shitjes s\u00eb 23 marsit 2012 t\u00eb 290 mij\u00eb metrave katror\u00eb tok\u00eb n\u00eb Kakome, bler\u00ebsi \u00ebsht\u00eb 30-vje\u00e7ari bullgar [&hellip;]","og_url":"https:\/\/fjala.info\/2009-2015\/pas-bleresit-te-kakomese-fshihet-mafiozi-bullgar\/","og_site_name":"FjALA e LIR\u00cb - Arkivi","article_published_time":"2012-05-20T16:29:31+00:00","og_image":[{"url":"http:\/\/www.fjala.info\/2012\/jeko_petkov_kolev1.jpg","type":"","width":"","height":""}],"author":"admin","twitter_card":"summary_large_image","twitter_misc":{"Written by":"admin","Est. reading time":"3 minutes"},"schema":{"@context":"https:\/\/schema.org","@graph":[{"@type":"Article","@id":"https:\/\/fjala.info\/2009-2015\/pas-bleresit-te-kakomese-fshihet-mafiozi-bullgar\/#article","isPartOf":{"@id":"https:\/\/fjala.info\/2009-2015\/pas-bleresit-te-kakomese-fshihet-mafiozi-bullgar\/"},"author":{"name":"admin","@id":"https:\/\/fjala.info\/2009-2015\/#\/schema\/person\/3aa1163ef05469c496fc94e77611ada2"},"headline":"Pas bler\u00ebsit t\u00eb Kakomes\u00eb fshihet mafiozi bullgar","datePublished":"2012-05-20T16:29:31+00:00","mainEntityOfPage":{"@id":"https:\/\/fjala.info\/2009-2015\/pas-bleresit-te-kakomese-fshihet-mafiozi-bullgar\/"},"wordCount":675,"commentCount":0,"publisher":{"@id":"https:\/\/fjala.info\/2009-2015\/#organization"},"image":{"@id":"https:\/\/fjala.info\/2009-2015\/pas-bleresit-te-kakomese-fshihet-mafiozi-bullgar\/#primaryimage"},"thumbnailUrl":"http:\/\/www.fjala.info\/2012\/jeko_petkov_kolev1.jpg","articleSection":["Artikuj"],"inLanguage":"sq-AL","potentialAction":[{"@type":"CommentAction","name":"Comment","target":["https:\/\/fjala.info\/2009-2015\/pas-bleresit-te-kakomese-fshihet-mafiozi-bullgar\/#respond"]}]},{"@type":"WebPage","@id":"https:\/\/fjala.info\/2009-2015\/pas-bleresit-te-kakomese-fshihet-mafiozi-bullgar\/","url":"https:\/\/fjala.info\/2009-2015\/pas-bleresit-te-kakomese-fshihet-mafiozi-bullgar\/","name":"Pas bler\u00ebsit t\u00eb Kakomes\u00eb fshihet mafiozi bullgar - FjALA e LIR\u00cb - Arkivi","isPartOf":{"@id":"https:\/\/fjala.info\/2009-2015\/#website"},"primaryImageOfPage":{"@id":"https:\/\/fjala.info\/2009-2015\/pas-bleresit-te-kakomese-fshihet-mafiozi-bullgar\/#primaryimage"},"image":{"@id":"https:\/\/fjala.info\/2009-2015\/pas-bleresit-te-kakomese-fshihet-mafiozi-bullgar\/#primaryimage"},"thumbnailUrl":"http:\/\/www.fjala.info\/2012\/jeko_petkov_kolev1.jpg","datePublished":"2012-05-20T16:29:31+00:00","breadcrumb":{"@id":"https:\/\/fjala.info\/2009-2015\/pas-bleresit-te-kakomese-fshihet-mafiozi-bullgar\/#breadcrumb"},"inLanguage":"sq-AL","potentialAction":[{"@type":"ReadAction","target":["https:\/\/fjala.info\/2009-2015\/pas-bleresit-te-kakomese-fshihet-mafiozi-bullgar\/"]}]},{"@type":"ImageObject","inLanguage":"sq-AL","@id":"https:\/\/fjala.info\/2009-2015\/pas-bleresit-te-kakomese-fshihet-mafiozi-bullgar\/#primaryimage","url":"http:\/\/www.fjala.info\/2012\/jeko_petkov_kolev1.jpg","contentUrl":"http:\/\/www.fjala.info\/2012\/jeko_petkov_kolev1.jpg"},{"@type":"BreadcrumbList","@id":"https:\/\/fjala.info\/2009-2015\/pas-bleresit-te-kakomese-fshihet-mafiozi-bullgar\/#breadcrumb","itemListElement":[{"@type":"ListItem","position":1,"name":"Home","item":"https:\/\/fjala.info\/2009-2015\/"},{"@type":"ListItem","position":2,"name":"Pas bler\u00ebsit t\u00eb Kakomes\u00eb fshihet mafiozi bullgar"}]},{"@type":"WebSite","@id":"https:\/\/fjala.info\/2009-2015\/#website","url":"https:\/\/fjala.info\/2009-2015\/","name":"FjALA e LIR\u00cb - Arkivi","description":"Arkivi 2009-2015","publisher":{"@id":"https:\/\/fjala.info\/2009-2015\/#organization"},"potentialAction":[{"@type":"SearchAction","target":{"@type":"EntryPoint","urlTemplate":"https:\/\/fjala.info\/2009-2015\/?s={search_term_string}"},"query-input":{"@type":"PropertyValueSpecification","valueRequired":true,"valueName":"search_term_string"}}],"inLanguage":"sq-AL"},{"@type":"Organization","@id":"https:\/\/fjala.info\/2009-2015\/#organization","name":"FjALA e LIR\u00cb - Arkivi","url":"https:\/\/fjala.info\/2009-2015\/","logo":{"@type":"ImageObject","inLanguage":"sq-AL","@id":"https:\/\/fjala.info\/2009-2015\/#\/schema\/logo\/image\/","url":"","contentUrl":"","caption":"FjALA e LIR\u00cb - Arkivi"},"image":{"@id":"https:\/\/fjala.info\/2009-2015\/#\/schema\/logo\/image\/"}},{"@type":"Person","@id":"https:\/\/fjala.info\/2009-2015\/#\/schema\/person\/3aa1163ef05469c496fc94e77611ada2","name":"admin","image":{"@type":"ImageObject","inLanguage":"sq-AL","@id":"https:\/\/fjala.info\/2009-2015\/wp-content\/uploads\/2012\/02\/arben_cokaj-120x150.jpg","url":"https:\/\/fjala.info\/2009-2015\/wp-content\/uploads\/2012\/02\/arben_cokaj-120x150.jpg","contentUrl":"https:\/\/fjala.info\/2009-2015\/wp-content\/uploads\/2012\/02\/arben_cokaj-120x150.jpg","caption":"admin"},"description":"Admin, Fjala e Lir\u00eb","sameAs":["https:\/\/fjala.info\/"],"url":"https:\/\/fjala.info\/2009-2015\/author\/admin\/"}]}},"_links":{"self":[{"href":"https:\/\/fjala.info\/2009-2015\/wp-json\/wp\/v2\/posts\/2840","targetHints":{"allow":["GET"]}}],"collection":[{"href":"https:\/\/fjala.info\/2009-2015\/wp-json\/wp\/v2\/posts"}],"about":[{"href":"https:\/\/fjala.info\/2009-2015\/wp-json\/wp\/v2\/types\/post"}],"author":[{"embeddable":true,"href":"https:\/\/fjala.info\/2009-2015\/wp-json\/wp\/v2\/users\/1"}],"replies":[{"embeddable":true,"href":"https:\/\/fjala.info\/2009-2015\/wp-json\/wp\/v2\/comments?post=2840"}],"version-history":[{"count":0,"href":"https:\/\/fjala.info\/2009-2015\/wp-json\/wp\/v2\/posts\/2840\/revisions"}],"wp:attachment":[{"href":"https:\/\/fjala.info\/2009-2015\/wp-json\/wp\/v2\/media?parent=2840"}],"wp:term":[{"taxonomy":"category","embeddable":true,"href":"https:\/\/fjala.info\/2009-2015\/wp-json\/wp\/v2\/categories?post=2840"},{"taxonomy":"post_tag","embeddable":true,"href":"https:\/\/fjala.info\/2009-2015\/wp-json\/wp\/v2\/tags?post=2840"}],"curies":[{"name":"wp","href":"https:\/\/api.w.org\/{rel}","templated":true}]}}