{"id":2828,"date":"2010-05-26T22:20:16","date_gmt":"2010-05-26T21:20:16","guid":{"rendered":"http:\/\/fjala.shkoder.net\/?p=2828"},"modified":"2010-05-26T22:20:16","modified_gmt":"2010-05-26T21:20:16","slug":"nje-leter-dhe-kriza-qe-vjen-pas","status":"publish","type":"post","link":"https:\/\/fjala.info\/2009-2015\/nje-leter-dhe-kriza-qe-vjen-pas\/","title":{"rendered":"Nj\u00eb let\u00ebr dhe kriza q\u00eb vjen pas"},"content":{"rendered":"<p><img decoding=\"async\" style=\"margin-left: 10px; margin-right: 10px; border: 0px;\" src=\"http:\/\/www.shkoder.net\/images\/fjala\/skender_minxhozi.jpg\" border=\"0\" alt=\"Sk\u00ebnder Minxhozi\" width=\"100\" align=\"right\" \/><\/p>\n<p><strong>Sk\u00ebnder Minxhozi<\/strong><\/p>\n<p>Darka e Strasburgut ishte ngjarja q\u00eb mori mbi vete t\u00eb gjith\u00eb v\u00ebmendjen dhe p\u00ebrqendrimin e publikut n\u00eb Shqip\u00ebri. Mediat, komentet dhe diskutimet e opinionit publik i dhan\u00eb k\u00ebtij evenimenti (n\u00eb fakt mjaft i kursyer n\u00eb rezultate), p\u00ebrmasat e nj\u00eb thyerjeje epokale n\u00eb jet\u00ebn ton\u00eb politike. Ashtu si duarshtr\u00ebngimet e dikurshme mes Berish\u00ebs dhe Nanos, edhe ky mes Berish\u00ebs dhe Ram\u00ebs u prit me habi dhe retorik\u00eb n\u00eb ambientin shqiptar. M\u00eb se normale p\u00ebr nj\u00eb vend ku ulja n\u00eb tryez\u00eb p\u00ebrb\u00ebn gjithnj\u00eb lajm, kurse lufta me balt\u00eb p\u00ebrb\u00ebn normalitetin e p\u00ebrditsh\u00ebm.<\/p>\n<p>Megjithat\u00eb, n\u00eb k\u00ebt\u00eb emfaz\u00eb q\u00eb mori darka n\u00eb fjal\u00eb, duket se u la m\u00ebnjan\u00eb nj\u00eb element politik i nj\u00eb r\u00ebnd\u00ebsie t\u00eb ve\u00e7ant\u00eb dhe q\u00eb duket se do t\u00eb p\u00ebrcaktoj\u00eb edhe n\u00eb t\u00eb ardhmen shum\u00eb\u00e7ka n\u00eb procesin e zgjidhjes s\u00eb kriz\u00ebs elektorale n\u00eb Shqip\u00ebri. N\u00eb kap\u00ebrcyellin e 19 majit, kur nga Tirana vijonin lajmet me grevist\u00eb q\u00eb dilnin me barela p\u00ebr n\u00eb spital, dy europarlamentar\u00eb, nj\u00ebri i shumic\u00ebs s\u00eb djatht\u00eb dhe tjetri i pakic\u00ebs s\u00eb majt\u00eb, d\u00ebrgonin n\u00eb adres\u00eb t\u00eb Kryeministrit Berisha dhe lidershipit t\u00eb opozit\u00ebs, nj\u00eb let\u00ebr, e cila duket se p\u00ebrb\u00ebn nj\u00eb precedent nga shum\u00eb an\u00eb historik, n\u00eb marr\u00ebdh\u00ebniet Shqip\u00ebri-BE.<\/p>\n<p>Letra thoshte hapur se n\u00eb kushtet konkrete, diskutimi i axhend\u00ebs europiane t\u00eb vendit b\u00ebhej i pamundur. P\u00ebr pasoj\u00eb, duhej pezulluar \u00e7do tentativ\u00eb p\u00ebr ta avancuar k\u00ebt\u00eb axhend\u00eb, me q\u00ebllim q\u00eb t\u00eb evitoheshin surprizat e pak\u00ebndshme p\u00ebr vendin ton\u00eb. E para her\u00eb q\u00eb di\u00e7ka e till\u00eb thuhej kaq a\u00e7ik nga zyrtar\u00ebt europian\u00eb.<\/p>\n<p>N\u00eb klim\u00ebn e ndezur t\u00eb grev\u00ebs s\u00eb uris\u00eb dhe fill pas saj, t\u00eb takimit t\u00eb Strasburgut mes Berish\u00ebs dhe Ram\u00ebs, letra e m\u00ebsip\u00ebrme u la disi jasht\u00eb v\u00ebmendjes. Skelat e grev\u00ebs q\u00eb mblidheshin me shpejt\u00ebsi n\u00eb bulevard dhe batutat e dark\u00ebs s\u00eb Strasburgut p\u00ebr llojin e ver\u00ebs, t\u00eb m\u00ebl\u00e7is\u00eb s\u00eb pat\u00ebs apo edhe p\u00ebr pages\u00ebn e fatur\u00ebs s\u00eb saj, \u00e7udit\u00ebrisht zun\u00eb m\u00eb tep\u00ebr vend n\u00eb faqet e shtypit, sesa ky paralajm\u00ebrim mjaft serioz dhe i pazakont\u00eb, q\u00eb Shqip\u00ebria mori nga Bashkimi Europian.<\/p>\n<p>Madje, n\u00eb m\u00ebnyr\u00eb disi naive, letra u pa edhe si nj\u00eb marr\u00ebveshje e t\u00ebrthort\u00eb e Berish\u00ebs me partner\u00ebt europian\u00eb, p\u00ebr t\u00eb nxjerr\u00eb nga greva opozit\u00ebn! Nj\u00eb interpretim sa sip\u00ebrfaq\u00ebsor, aq edhe tendencioz i nj\u00eb paralajm\u00ebrimi q\u00eb nuk \u00ebsht\u00eb as teatral dhe as taktik. Me fjal\u00eb t\u00eb tjera, jo nj\u00eb fishek manovre, por nj\u00eb predh\u00eb e mbushur dhe gati p\u00ebr shkrepje.<\/p>\n<p>Prej muajsh, madje prej disa vitesh, Shqip\u00ebria ec\u00ebn pa ia ndar\u00eb syt\u00eb disa objektivave europian\u00eb e atlantik\u00eb. Liberalizimi i vizave, n\u00ebnshkrimi sa m\u00eb i shpejt\u00eb i marr\u00ebveshjeve standarde me Bashkimin Europian, hyrja n\u00eb NATO, kan\u00eb qen\u00eb dhe jan\u00eb procese n\u00eb t\u00eb cilat natyrsh\u00ebm ne kemi pretenduar t\u00eb avancojm\u00eb me hap sa m\u00eb t\u00eb shpejt\u00eb. Edhe debati politik, p\u00ebr pasoj\u00eb, \u00ebsht\u00eb fokusuar k\u00ebto vite te cil\u00ebsia dhe ritmi i k\u00ebtij afrimi me bashk\u00ebsin\u00eb euroatlantike t\u00eb vendeve.<\/p>\n<p>Duke par\u00eb substanc\u00ebn e ngjarjeve q\u00eb kan\u00eb pasuar nj\u00ebra-tjetr\u00ebn n\u00eb k\u00ebto or\u00eb krize, v\u00ebrejm\u00eb pa v\u00ebshtir\u00ebsi se jo darka, ku secili ka ngulmuar n\u00eb vet\u00ebn, por letra e dyshes Doll-Shulz, ka qen\u00eb lajmi i v\u00ebrtet\u00eb, zhvillimi i papritur dhe kthesa q\u00eb solli fundin e grev\u00ebs dhe zbutjen e q\u00ebndrimit t\u00eb pal\u00ebve. Nuk po e b\u00ebjm\u00eb k\u00ebt\u00eb renditje p\u00ebr hir t\u00eb ndonj\u00eb manie p\u00ebr t\u00eb v\u00ebn\u00eb rregull, n\u00eb nj\u00eb zinxhir ngjarjesh, t\u00eb cilat dalin q\u00eb t\u00eb gjitha nga rendi i zakonsh\u00ebm. Por vlen t\u00eb shihet me shum\u00eb kujdes fakti tejet i r\u00ebnd\u00ebsish\u00ebm, i formulimit t\u00eb nj\u00eb q\u00ebndrimi t\u00eb ri europian n\u00eb funksion t\u00eb kriz\u00ebs shqiptare, duke e par\u00eb k\u00ebt\u00eb t\u00eb fundit t\u00eb lidhur me axhend\u00ebn europiane.<\/p>\n<p>\u00cbsht\u00eb hera e par\u00eb q\u00eb kriza lidhet drejtp\u00ebrdrejt me axhend\u00ebn, e kjo e b\u00ebn tejet delikate pozit\u00ebn e vendit ton\u00eb dhe t\u00eb klas\u00ebs s\u00eb tij politike. Europa ka folur p\u00ebr her\u00eb t\u00eb par\u00eb p\u00ebrmes dy grupeve kryesore t\u00eb Parlamentit europian, me gjuh\u00ebn e forc\u00ebs: ose merruni vesh, ose s\u2019ka opinion p\u00ebr statusin e vendit kandidat e ndoshta edhe liberalizim vizash. N\u00eb nj\u00eb ambient ku politesa dhe gjuha diplomatike jan\u00eb i vetmi kod komunikimi, ky p\u00ebrb\u00ebn nj\u00eb precedent unik. T\u00eb pakt\u00ebn p\u00ebr qeverin\u00eb e zotit Berisha, e cila q\u00eb nga viti 2005 nuk ishte paralajm\u00ebruar asnj\u00ebher\u00eb me tone t\u00eb tilla.<\/p>\n<p>T\u00eb dyja pal\u00ebt k\u00ebnduan fitore n\u00eb kthimin nga Strasburgu. P\u00ebrtej faktit q\u00eb ky \u00ebsht\u00eb nj\u00eb truk i tradicionalisht i keqp\u00ebrdorur nga t\u00eb gjitha pal\u00ebt n\u00eb politik\u00ebn shqiptare, t\u00eb dyja pal\u00ebt b\u00ebjn\u00eb sikur harrojn\u00eb se mesazhi Doll-Shulz, por edhe paralajm\u00ebrimet e koh\u00ebpaskohshme t\u00eb zyrtar\u00ebve europian\u00eb e amerikan\u00eb, i tejkalojn\u00eb duksh\u00ebm cic-micet e vogla t\u00eb nj\u00ebr\u00ebs pal\u00eb mbi kurrizin e tjetr\u00ebs. Shqip\u00ebria rrezikon jasht\u00eb mase n\u00eb k\u00ebt\u00eb sherr politik. Dhe kjo s\u2019\u00ebsht\u00eb fitorja e askujt, p\u00ebrkundrazi, kjo \u00ebsht\u00eb humbja e t\u00eb gjith\u00ebve.<\/p>\n<p>Sot ndodhemi n\u00ebn efektin jo edhe aq t\u00eb dark\u00ebs te \u201cKrokodili\u201d, sesa t\u00eb letr\u00ebs s\u00eb parlamentar\u00ebve europian\u00eb, e cila parapriu vet\u00eb dark\u00ebn. Rendi i gj\u00ebrave n\u00eb situata delikate, ka nj\u00eb r\u00ebnd\u00ebsi madhore. T\u00eb gjitha ngjarjet q\u00eb priten t\u00eb ndodhin, madje edhe ato pak piketa q\u00eb hodh\u00ebn n\u00eb dark\u00ebn e m\u00ebsip\u00ebrme p\u00ebr vijimin e bisedimeve, kan\u00eb si pik\u00eb referimi t\u00eb pal\u00ebvizshme letr\u00ebn e zyrtar\u00ebve t\u00eb lart\u00eb t\u00eb Parlamentit Europian, e cila \u00ebsht\u00eb sot Shpata e v\u00ebrtet\u00eb e Damokleut mbi kok\u00ebn e politik\u00ebs shqiptare.<\/p>\n<p>Sidomos t\u00eb qeveris\u00eb, e cila e gjen veten natyrsh\u00ebm si p\u00ebrgjegj\u00ebsen zyrtare t\u00eb procesit t\u00eb integrimit t\u00eb vendit. N\u00eb let\u00ebr nuk thuhet asgj\u00eb formalisht p\u00ebr liberalizimin e vizave, por vet\u00eb afati dyjavor i koh\u00ebs q\u00eb u dha pas dark\u00ebs te \u201cKrokodili\u201d p\u00ebr pal\u00ebt, sh\u00ebnon nj\u00eb vij\u00eb t\u00eb kuqe edhe p\u00ebr vizat, p\u00ebr t\u00eb cilat po thuhet se do t\u00eb jepet nj\u00eb drit\u00eb jeshile e kusht\u00ebzuar n\u00eb Samitin e Sarajev\u00ebs, pas pak dit\u00ebsh.<\/p>\n<p>N\u00ebse p\u00ebr Kryeministrin problemi i statusit t\u00eb vendit kandidat i p\u00ebrket t\u00eb ardhmes s\u00eb af\u00ebrt, ky i vizave \u00ebsht\u00eb nj\u00eb problem jetik q\u00eb ka t\u00eb b\u00ebj\u00eb me t\u00eb ardhmen iminente. Por k\u00ebto llogari, cilado qoft\u00eb optika n\u00eb t\u00eb cil\u00ebn b\u00ebhen, nuk mund ta tejkalojn\u00eb faktin madhor q\u00eb ne kemi nj\u00eb problem t\u00eb madh p\u00ebr t\u00eb zgjidhur n\u00eb sht\u00ebpin\u00eb ton\u00eb dhe q\u00eb mund t\u00eb komprometoj\u00eb r\u00ebnd\u00eb t\u00eb ardhmen ton\u00eb n\u00eb Europ\u00eb. Letra e 19 majit e thot\u00eb qart\u00eb k\u00ebt\u00eb, p\u00ebr t\u00eb gjith\u00eb ata q\u00eb kan\u00eb sy p\u00ebr t\u00eb par\u00eb dhe vesh\u00eb p\u00ebr t\u00eb d\u00ebgjuar.<\/p>\n","protected":false},"excerpt":{"rendered":"<p>Sk\u00ebnder Minxhozi Darka e Strasburgut ishte ngjarja q\u00eb mori mbi vete t\u00eb gjith\u00eb v\u00ebmendjen dhe p\u00ebrqendrimin e publikut n\u00eb Shqip\u00ebri. Mediat, komentet dhe diskutimet e opinionit publik i dhan\u00eb k\u00ebtij evenimenti (n\u00eb fakt mjaft i kursyer n\u00eb rezultate), p\u00ebrmasat e nj\u00eb thyerjeje epokale n\u00eb jet\u00ebn ton\u00eb politike. Ashtu si duarshtr\u00ebngimet e dikurshme mes Berish\u00ebs dhe [&hellip;]<\/p>\n","protected":false},"author":1,"featured_media":0,"comment_status":"open","ping_status":"closed","sticky":false,"template":"","format":"standard","meta":{"footnotes":""},"categories":[2],"tags":[],"class_list":{"0":"post-2828","1":"post","2":"type-post","3":"status-publish","4":"format-standard","6":"category-artikuj"},"yoast_head":"<!-- This site is optimized with the Yoast SEO plugin v27.4 - https:\/\/yoast.com\/product\/yoast-seo-wordpress\/ -->\n<title>Nj\u00eb let\u00ebr dhe kriza q\u00eb vjen pas - FjALA e LIR\u00cb - Arkivi<\/title>\n<meta name=\"robots\" content=\"index, follow, max-snippet:-1, max-image-preview:large, max-video-preview:-1\" \/>\n<link rel=\"canonical\" href=\"https:\/\/fjala.info\/2009-2015\/nje-leter-dhe-kriza-qe-vjen-pas\/\" \/>\n<meta property=\"og:locale\" content=\"sq_AL\" \/>\n<meta property=\"og:type\" content=\"article\" \/>\n<meta property=\"og:title\" content=\"Nj\u00eb let\u00ebr dhe kriza q\u00eb vjen pas - FjALA e LIR\u00cb - Arkivi\" \/>\n<meta property=\"og:description\" content=\"Sk\u00ebnder Minxhozi Darka e Strasburgut ishte ngjarja q\u00eb mori mbi vete t\u00eb gjith\u00eb v\u00ebmendjen dhe p\u00ebrqendrimin e publikut n\u00eb Shqip\u00ebri. Mediat, komentet dhe diskutimet e opinionit publik i dhan\u00eb k\u00ebtij evenimenti (n\u00eb fakt mjaft i kursyer n\u00eb rezultate), p\u00ebrmasat e nj\u00eb thyerjeje epokale n\u00eb jet\u00ebn ton\u00eb politike. Ashtu si duarshtr\u00ebngimet e dikurshme mes Berish\u00ebs dhe [&hellip;]\" \/>\n<meta property=\"og:url\" content=\"https:\/\/fjala.info\/2009-2015\/nje-leter-dhe-kriza-qe-vjen-pas\/\" \/>\n<meta property=\"og:site_name\" content=\"FjALA e LIR\u00cb - Arkivi\" \/>\n<meta property=\"article:published_time\" content=\"2010-05-26T21:20:16+00:00\" \/>\n<meta property=\"og:image\" content=\"http:\/\/www.shkoder.net\/images\/fjala\/skender_minxhozi.jpg\" \/>\n<meta name=\"author\" content=\"admin\" \/>\n<meta name=\"twitter:card\" content=\"summary_large_image\" \/>\n<meta name=\"twitter:label1\" content=\"Written by\" \/>\n\t<meta name=\"twitter:data1\" content=\"admin\" \/>\n\t<meta name=\"twitter:label2\" content=\"Est. reading time\" \/>\n\t<meta name=\"twitter:data2\" content=\"6 minutes\" \/>\n<script type=\"application\/ld+json\" class=\"yoast-schema-graph\">{\"@context\":\"https:\\\/\\\/schema.org\",\"@graph\":[{\"@type\":\"Article\",\"@id\":\"https:\\\/\\\/fjala.info\\\/2009-2015\\\/nje-leter-dhe-kriza-qe-vjen-pas\\\/#article\",\"isPartOf\":{\"@id\":\"https:\\\/\\\/fjala.info\\\/2009-2015\\\/nje-leter-dhe-kriza-qe-vjen-pas\\\/\"},\"author\":{\"name\":\"admin\",\"@id\":\"https:\\\/\\\/fjala.info\\\/2009-2015\\\/#\\\/schema\\\/person\\\/3aa1163ef05469c496fc94e77611ada2\"},\"headline\":\"Nj\u00eb let\u00ebr dhe kriza q\u00eb vjen pas\",\"datePublished\":\"2010-05-26T21:20:16+00:00\",\"mainEntityOfPage\":{\"@id\":\"https:\\\/\\\/fjala.info\\\/2009-2015\\\/nje-leter-dhe-kriza-qe-vjen-pas\\\/\"},\"wordCount\":1213,\"commentCount\":0,\"publisher\":{\"@id\":\"https:\\\/\\\/fjala.info\\\/2009-2015\\\/#organization\"},\"image\":{\"@id\":\"https:\\\/\\\/fjala.info\\\/2009-2015\\\/nje-leter-dhe-kriza-qe-vjen-pas\\\/#primaryimage\"},\"thumbnailUrl\":\"http:\\\/\\\/www.shkoder.net\\\/images\\\/fjala\\\/skender_minxhozi.jpg\",\"articleSection\":[\"Artikuj\"],\"inLanguage\":\"sq-AL\",\"potentialAction\":[{\"@type\":\"CommentAction\",\"name\":\"Comment\",\"target\":[\"https:\\\/\\\/fjala.info\\\/2009-2015\\\/nje-leter-dhe-kriza-qe-vjen-pas\\\/#respond\"]}]},{\"@type\":\"WebPage\",\"@id\":\"https:\\\/\\\/fjala.info\\\/2009-2015\\\/nje-leter-dhe-kriza-qe-vjen-pas\\\/\",\"url\":\"https:\\\/\\\/fjala.info\\\/2009-2015\\\/nje-leter-dhe-kriza-qe-vjen-pas\\\/\",\"name\":\"Nj\u00eb let\u00ebr dhe kriza q\u00eb vjen pas - FjALA e LIR\u00cb - Arkivi\",\"isPartOf\":{\"@id\":\"https:\\\/\\\/fjala.info\\\/2009-2015\\\/#website\"},\"primaryImageOfPage\":{\"@id\":\"https:\\\/\\\/fjala.info\\\/2009-2015\\\/nje-leter-dhe-kriza-qe-vjen-pas\\\/#primaryimage\"},\"image\":{\"@id\":\"https:\\\/\\\/fjala.info\\\/2009-2015\\\/nje-leter-dhe-kriza-qe-vjen-pas\\\/#primaryimage\"},\"thumbnailUrl\":\"http:\\\/\\\/www.shkoder.net\\\/images\\\/fjala\\\/skender_minxhozi.jpg\",\"datePublished\":\"2010-05-26T21:20:16+00:00\",\"breadcrumb\":{\"@id\":\"https:\\\/\\\/fjala.info\\\/2009-2015\\\/nje-leter-dhe-kriza-qe-vjen-pas\\\/#breadcrumb\"},\"inLanguage\":\"sq-AL\",\"potentialAction\":[{\"@type\":\"ReadAction\",\"target\":[\"https:\\\/\\\/fjala.info\\\/2009-2015\\\/nje-leter-dhe-kriza-qe-vjen-pas\\\/\"]}]},{\"@type\":\"ImageObject\",\"inLanguage\":\"sq-AL\",\"@id\":\"https:\\\/\\\/fjala.info\\\/2009-2015\\\/nje-leter-dhe-kriza-qe-vjen-pas\\\/#primaryimage\",\"url\":\"http:\\\/\\\/www.shkoder.net\\\/images\\\/fjala\\\/skender_minxhozi.jpg\",\"contentUrl\":\"http:\\\/\\\/www.shkoder.net\\\/images\\\/fjala\\\/skender_minxhozi.jpg\"},{\"@type\":\"BreadcrumbList\",\"@id\":\"https:\\\/\\\/fjala.info\\\/2009-2015\\\/nje-leter-dhe-kriza-qe-vjen-pas\\\/#breadcrumb\",\"itemListElement\":[{\"@type\":\"ListItem\",\"position\":1,\"name\":\"Home\",\"item\":\"https:\\\/\\\/fjala.info\\\/2009-2015\\\/\"},{\"@type\":\"ListItem\",\"position\":2,\"name\":\"Nj\u00eb let\u00ebr dhe kriza q\u00eb vjen pas\"}]},{\"@type\":\"WebSite\",\"@id\":\"https:\\\/\\\/fjala.info\\\/2009-2015\\\/#website\",\"url\":\"https:\\\/\\\/fjala.info\\\/2009-2015\\\/\",\"name\":\"FjALA e LIR\u00cb - Arkivi\",\"description\":\"Arkivi 2009-2015\",\"publisher\":{\"@id\":\"https:\\\/\\\/fjala.info\\\/2009-2015\\\/#organization\"},\"potentialAction\":[{\"@type\":\"SearchAction\",\"target\":{\"@type\":\"EntryPoint\",\"urlTemplate\":\"https:\\\/\\\/fjala.info\\\/2009-2015\\\/?s={search_term_string}\"},\"query-input\":{\"@type\":\"PropertyValueSpecification\",\"valueRequired\":true,\"valueName\":\"search_term_string\"}}],\"inLanguage\":\"sq-AL\"},{\"@type\":\"Organization\",\"@id\":\"https:\\\/\\\/fjala.info\\\/2009-2015\\\/#organization\",\"name\":\"FjALA e LIR\u00cb - Arkivi\",\"url\":\"https:\\\/\\\/fjala.info\\\/2009-2015\\\/\",\"logo\":{\"@type\":\"ImageObject\",\"inLanguage\":\"sq-AL\",\"@id\":\"https:\\\/\\\/fjala.info\\\/2009-2015\\\/#\\\/schema\\\/logo\\\/image\\\/\",\"url\":\"\",\"contentUrl\":\"\",\"caption\":\"FjALA e LIR\u00cb - Arkivi\"},\"image\":{\"@id\":\"https:\\\/\\\/fjala.info\\\/2009-2015\\\/#\\\/schema\\\/logo\\\/image\\\/\"}},{\"@type\":\"Person\",\"@id\":\"https:\\\/\\\/fjala.info\\\/2009-2015\\\/#\\\/schema\\\/person\\\/3aa1163ef05469c496fc94e77611ada2\",\"name\":\"admin\",\"image\":{\"@type\":\"ImageObject\",\"inLanguage\":\"sq-AL\",\"@id\":\"https:\\\/\\\/fjala.info\\\/2009-2015\\\/wp-content\\\/uploads\\\/2012\\\/02\\\/arben_cokaj-120x150.jpg\",\"url\":\"https:\\\/\\\/fjala.info\\\/2009-2015\\\/wp-content\\\/uploads\\\/2012\\\/02\\\/arben_cokaj-120x150.jpg\",\"contentUrl\":\"https:\\\/\\\/fjala.info\\\/2009-2015\\\/wp-content\\\/uploads\\\/2012\\\/02\\\/arben_cokaj-120x150.jpg\",\"caption\":\"admin\"},\"description\":\"Admin, Fjala e Lir\u00eb\",\"sameAs\":[\"https:\\\/\\\/fjala.info\\\/\"],\"url\":\"https:\\\/\\\/fjala.info\\\/2009-2015\\\/author\\\/admin\\\/\"}]}<\/script>\n<!-- \/ Yoast SEO plugin. -->","yoast_head_json":{"title":"Nj\u00eb let\u00ebr dhe kriza q\u00eb vjen pas - FjALA e LIR\u00cb - Arkivi","robots":{"index":"index","follow":"follow","max-snippet":"max-snippet:-1","max-image-preview":"max-image-preview:large","max-video-preview":"max-video-preview:-1"},"canonical":"https:\/\/fjala.info\/2009-2015\/nje-leter-dhe-kriza-qe-vjen-pas\/","og_locale":"sq_AL","og_type":"article","og_title":"Nj\u00eb let\u00ebr dhe kriza q\u00eb vjen pas - FjALA e LIR\u00cb - Arkivi","og_description":"Sk\u00ebnder Minxhozi Darka e Strasburgut ishte ngjarja q\u00eb mori mbi vete t\u00eb gjith\u00eb v\u00ebmendjen dhe p\u00ebrqendrimin e publikut n\u00eb Shqip\u00ebri. Mediat, komentet dhe diskutimet e opinionit publik i dhan\u00eb k\u00ebtij evenimenti (n\u00eb fakt mjaft i kursyer n\u00eb rezultate), p\u00ebrmasat e nj\u00eb thyerjeje epokale n\u00eb jet\u00ebn ton\u00eb politike. Ashtu si duarshtr\u00ebngimet e dikurshme mes Berish\u00ebs dhe [&hellip;]","og_url":"https:\/\/fjala.info\/2009-2015\/nje-leter-dhe-kriza-qe-vjen-pas\/","og_site_name":"FjALA e LIR\u00cb - Arkivi","article_published_time":"2010-05-26T21:20:16+00:00","og_image":[{"url":"http:\/\/www.shkoder.net\/images\/fjala\/skender_minxhozi.jpg","type":"","width":"","height":""}],"author":"admin","twitter_card":"summary_large_image","twitter_misc":{"Written by":"admin","Est. reading time":"6 minutes"},"schema":{"@context":"https:\/\/schema.org","@graph":[{"@type":"Article","@id":"https:\/\/fjala.info\/2009-2015\/nje-leter-dhe-kriza-qe-vjen-pas\/#article","isPartOf":{"@id":"https:\/\/fjala.info\/2009-2015\/nje-leter-dhe-kriza-qe-vjen-pas\/"},"author":{"name":"admin","@id":"https:\/\/fjala.info\/2009-2015\/#\/schema\/person\/3aa1163ef05469c496fc94e77611ada2"},"headline":"Nj\u00eb let\u00ebr dhe kriza q\u00eb vjen pas","datePublished":"2010-05-26T21:20:16+00:00","mainEntityOfPage":{"@id":"https:\/\/fjala.info\/2009-2015\/nje-leter-dhe-kriza-qe-vjen-pas\/"},"wordCount":1213,"commentCount":0,"publisher":{"@id":"https:\/\/fjala.info\/2009-2015\/#organization"},"image":{"@id":"https:\/\/fjala.info\/2009-2015\/nje-leter-dhe-kriza-qe-vjen-pas\/#primaryimage"},"thumbnailUrl":"http:\/\/www.shkoder.net\/images\/fjala\/skender_minxhozi.jpg","articleSection":["Artikuj"],"inLanguage":"sq-AL","potentialAction":[{"@type":"CommentAction","name":"Comment","target":["https:\/\/fjala.info\/2009-2015\/nje-leter-dhe-kriza-qe-vjen-pas\/#respond"]}]},{"@type":"WebPage","@id":"https:\/\/fjala.info\/2009-2015\/nje-leter-dhe-kriza-qe-vjen-pas\/","url":"https:\/\/fjala.info\/2009-2015\/nje-leter-dhe-kriza-qe-vjen-pas\/","name":"Nj\u00eb let\u00ebr dhe kriza q\u00eb vjen pas - FjALA e LIR\u00cb - Arkivi","isPartOf":{"@id":"https:\/\/fjala.info\/2009-2015\/#website"},"primaryImageOfPage":{"@id":"https:\/\/fjala.info\/2009-2015\/nje-leter-dhe-kriza-qe-vjen-pas\/#primaryimage"},"image":{"@id":"https:\/\/fjala.info\/2009-2015\/nje-leter-dhe-kriza-qe-vjen-pas\/#primaryimage"},"thumbnailUrl":"http:\/\/www.shkoder.net\/images\/fjala\/skender_minxhozi.jpg","datePublished":"2010-05-26T21:20:16+00:00","breadcrumb":{"@id":"https:\/\/fjala.info\/2009-2015\/nje-leter-dhe-kriza-qe-vjen-pas\/#breadcrumb"},"inLanguage":"sq-AL","potentialAction":[{"@type":"ReadAction","target":["https:\/\/fjala.info\/2009-2015\/nje-leter-dhe-kriza-qe-vjen-pas\/"]}]},{"@type":"ImageObject","inLanguage":"sq-AL","@id":"https:\/\/fjala.info\/2009-2015\/nje-leter-dhe-kriza-qe-vjen-pas\/#primaryimage","url":"http:\/\/www.shkoder.net\/images\/fjala\/skender_minxhozi.jpg","contentUrl":"http:\/\/www.shkoder.net\/images\/fjala\/skender_minxhozi.jpg"},{"@type":"BreadcrumbList","@id":"https:\/\/fjala.info\/2009-2015\/nje-leter-dhe-kriza-qe-vjen-pas\/#breadcrumb","itemListElement":[{"@type":"ListItem","position":1,"name":"Home","item":"https:\/\/fjala.info\/2009-2015\/"},{"@type":"ListItem","position":2,"name":"Nj\u00eb let\u00ebr dhe kriza q\u00eb vjen pas"}]},{"@type":"WebSite","@id":"https:\/\/fjala.info\/2009-2015\/#website","url":"https:\/\/fjala.info\/2009-2015\/","name":"FjALA e LIR\u00cb - Arkivi","description":"Arkivi 2009-2015","publisher":{"@id":"https:\/\/fjala.info\/2009-2015\/#organization"},"potentialAction":[{"@type":"SearchAction","target":{"@type":"EntryPoint","urlTemplate":"https:\/\/fjala.info\/2009-2015\/?s={search_term_string}"},"query-input":{"@type":"PropertyValueSpecification","valueRequired":true,"valueName":"search_term_string"}}],"inLanguage":"sq-AL"},{"@type":"Organization","@id":"https:\/\/fjala.info\/2009-2015\/#organization","name":"FjALA e LIR\u00cb - Arkivi","url":"https:\/\/fjala.info\/2009-2015\/","logo":{"@type":"ImageObject","inLanguage":"sq-AL","@id":"https:\/\/fjala.info\/2009-2015\/#\/schema\/logo\/image\/","url":"","contentUrl":"","caption":"FjALA e LIR\u00cb - Arkivi"},"image":{"@id":"https:\/\/fjala.info\/2009-2015\/#\/schema\/logo\/image\/"}},{"@type":"Person","@id":"https:\/\/fjala.info\/2009-2015\/#\/schema\/person\/3aa1163ef05469c496fc94e77611ada2","name":"admin","image":{"@type":"ImageObject","inLanguage":"sq-AL","@id":"https:\/\/fjala.info\/2009-2015\/wp-content\/uploads\/2012\/02\/arben_cokaj-120x150.jpg","url":"https:\/\/fjala.info\/2009-2015\/wp-content\/uploads\/2012\/02\/arben_cokaj-120x150.jpg","contentUrl":"https:\/\/fjala.info\/2009-2015\/wp-content\/uploads\/2012\/02\/arben_cokaj-120x150.jpg","caption":"admin"},"description":"Admin, Fjala e Lir\u00eb","sameAs":["https:\/\/fjala.info\/"],"url":"https:\/\/fjala.info\/2009-2015\/author\/admin\/"}]}},"_links":{"self":[{"href":"https:\/\/fjala.info\/2009-2015\/wp-json\/wp\/v2\/posts\/2828","targetHints":{"allow":["GET"]}}],"collection":[{"href":"https:\/\/fjala.info\/2009-2015\/wp-json\/wp\/v2\/posts"}],"about":[{"href":"https:\/\/fjala.info\/2009-2015\/wp-json\/wp\/v2\/types\/post"}],"author":[{"embeddable":true,"href":"https:\/\/fjala.info\/2009-2015\/wp-json\/wp\/v2\/users\/1"}],"replies":[{"embeddable":true,"href":"https:\/\/fjala.info\/2009-2015\/wp-json\/wp\/v2\/comments?post=2828"}],"version-history":[{"count":0,"href":"https:\/\/fjala.info\/2009-2015\/wp-json\/wp\/v2\/posts\/2828\/revisions"}],"wp:attachment":[{"href":"https:\/\/fjala.info\/2009-2015\/wp-json\/wp\/v2\/media?parent=2828"}],"wp:term":[{"taxonomy":"category","embeddable":true,"href":"https:\/\/fjala.info\/2009-2015\/wp-json\/wp\/v2\/categories?post=2828"},{"taxonomy":"post_tag","embeddable":true,"href":"https:\/\/fjala.info\/2009-2015\/wp-json\/wp\/v2\/tags?post=2828"}],"curies":[{"name":"wp","href":"https:\/\/api.w.org\/{rel}","templated":true}]}}