{"id":2826,"date":"2010-05-26T22:18:14","date_gmt":"2010-05-26T21:18:14","guid":{"rendered":"http:\/\/fjala.shkoder.net\/?p=2826"},"modified":"2010-05-26T22:18:14","modified_gmt":"2010-05-26T21:18:14","slug":"berisha-xx-vjet-kunder-gjyqesorit","status":"publish","type":"post","link":"https:\/\/fjala.info\/2009-2015\/berisha-xx-vjet-kunder-gjyqesorit\/","title":{"rendered":"BERISHA, XX VJET KUND\u00cbR GJYQ\u00cbSORIT"},"content":{"rendered":"<p><img decoding=\"async\" style=\"margin-left: 10px; margin-right: 10px; border: 0px;\" src=\"http:\/\/www.shkoder.net\/images\/fjala\/andrea_stefani.jpg\" border=\"0\" alt=\"Andrea Stefani\" width=\"100\" align=\"left\" \/><\/p>\n<p><strong>Andrea Stefani<\/strong><\/p>\n<p>Pasi Kryeministri Berisha rr\u00ebzoi n\u00eb Kuvend kandidatur\u00ebn p\u00ebr an\u00ebtar t\u00eb Gjykat\u00ebs Kushtetuese t\u00eb juristit Vangjel Kosta \u00ebsht\u00eb edhe ambasadori amerikan, Withers, q\u00eb sapo ka dh\u00ebn\u00eb alarmin p\u00ebr k\u00ebt\u00eb refuzim \u201cbefasues\u201d dhe t\u00eb \u201cpakuptuesh\u00ebm\u201d t\u00eb shumic\u00ebs. Dhe po Withers k\u00ebrkoi edhe ndihm\u00ebn e gazetar\u00ebve p\u00ebr t\u00eb zbuluar n\u00ebse \u201cu bazua ky vendim mbi arsyet apo ishte nj\u00eb tjet\u00ebr shembull i ushtrimit t\u00eb trysnis\u00eb politike mbi procesin e p\u00ebrzgjedhjes p\u00ebr gjyqtar\u00ebt e Gjykat\u00ebs Kushtetuese\u201d?<\/p>\n<p>N\u00eb fakt, p\u00ebr jo pak njer\u00ebz q\u00eb jetojn\u00eb n\u00eb Shqip\u00ebri t\u00eb pakt\u00ebn 20 vjet\u00ebt e fundit, nuk ka asgj\u00eb as t\u00eb pakuptueshme dhe as befasuese n\u00eb k\u00ebt\u00eb ndodhi. Ndaj dhe p\u00ebrgjigjja vjen e drejtp\u00ebrdrejt\u00eb p\u00ebr ambasadorin Withers: kemi t\u00eb b\u00ebjm\u00eb, si p\u00ebrher\u00eb n\u00eb k\u00ebta 20 vjet tranzicion, me rip\u00ebrt\u00ebritjen e presionit politik t\u00eb autoritaristit Sali Berisha p\u00ebr t\u00eb sunduar gjyq\u00ebsorin dhe n\u00eb k\u00ebt\u00eb rast, edhe Gjykat\u00ebn Kushtetuese. Befasuese dhe e pakuptueshme do qe sikur t\u00eb mos ndodhte kjo q\u00eb po ndodh pra, q\u00eb Berisha t\u00eb mos ushtronte trysni politike mbi procesin e p\u00ebrzgjedhjes s\u00eb an\u00ebtar\u00ebve t\u00eb Gjykat\u00ebs Kushtetuese.<\/p>\n<p>Dhe q\u00eb frika e nj\u00eb trysnie t\u00eb till\u00eb politike t\u00eb pritshme provohet nga paralajm\u00ebrimet e b\u00ebra n\u00eb media si edhe organizmi para pak koh\u00ebsh i nj\u00eb tryeze t\u00eb ish-presidentit Moisiu, me disa ambasador\u00eb, jurist\u00eb dhe pjes\u00ebtar\u00eb t\u00eb shoq\u00ebris\u00eb civile, pik\u00ebrisht p\u00ebr t\u2019i dal\u00eb p\u00ebrpara rrezikut q\u00eb po materializohet sot.<\/p>\n<p style=\"text-align: center;\">* * *<\/p>\n<p>Kapja e t\u00eb gjitha hallkave t\u00eb pushtetit gjyq\u00ebsor p\u00ebr ta shnd\u00ebrruar at\u00eb nga nj\u00eb mbrojt\u00ebs n\u00eb nj\u00eb zinxhir t\u00eb skllav\u00ebrimit dhe dhunimit t\u00eb lirive dhe t\u00eb drejtave t\u00eb qytetar\u00ebve, mbetet ylli polar i fiksuar i strategjis\u00eb politike berishiste. Berisha e demonstroi pasionin p\u00ebr kapjen e gjyq\u00ebsorit n\u00eb 6 vitet e para t\u00eb qeverisjes. Dhe 6 vjet m\u00eb par\u00eb, ata po e trukonin q\u00eb t\u00eb vinte n\u00eb pushtet, kishin si refren \u201cndryshimin\u201d e Berish\u00ebs. Autori i k\u00ebtyre radh\u00ebve nuk ka pasur kurr\u00eb iluzione t\u00eb tilla. Ai ka ardhur me koh\u00eb n\u00eb p\u00ebrfundimin se tendenca e fiksuar e Berish\u00ebs p\u00ebr shkat\u00ebrrimin e liris\u00eb s\u00eb pushtetit t\u00eb drejt\u00ebsis\u00eb, \u00ebsht\u00eb shfaqje e karakterit, pra e pakorrektueshme, e asaj q\u00eb, Erich Fromm, e cil\u00ebson si agresion malinj dhe q\u00eb \u00ebsht\u00eb prirja \u201cp\u00ebr t\u00eb shkat\u00ebrruar dhe synuar kontrollin absolut\u201d.<\/p>\n<p>Agresioni i keq dhe shkat\u00ebrrues \u00ebsht\u00eb q\u00eb e b\u00ebn Berish\u00ebn nj\u00eb lider dhe Kryeminist\u00ebr autoritarist shum\u00eb t\u00eb rreziksh\u00ebm p\u00ebr demokracin\u00eb. Edhe n\u00eb rastin e Vangjel Kost\u00ebs, Berisha tregoi se nuk ka lidhje fare me t\u00eb v\u00ebrtet\u00ebn dhe t\u00eb drejt\u00ebn. Praktikisht mbi juristin e njohur, Kosta, shumica berishiste aplikoi nj\u00eb lustracion t\u00eb pabazuar n\u00eb ligj, duke e akuzuar se ka dh\u00ebn\u00eb d\u00ebnime politike gjat\u00eb diktatur\u00ebs komuniste. Po p\u00ebrse e b\u00ebn k\u00ebt\u00eb Berisha? Mos vall\u00eb i udh\u00ebhequr nga q\u00ebllimi i lart\u00eb q\u00eb krimet e diktatur\u00ebs t\u00eb mos p\u00ebrs\u00ebriten m\u00eb? Aspak! \u00cbsht\u00eb krejt e kund\u00ebrta.<\/p>\n<p>Sulmi ndaj Kost\u00ebs b\u00ebhet n\u00eb vazhd\u00ebn e p\u00ebrpjekjeve patologjikisht t\u00eb paepura t\u00eb Berish\u00ebs, p\u00ebr mbushjen e aulave t\u00eb gjyq\u00ebsorit (tamam ashtu si mbushet fshehtazi barku i nj\u00eb Kali Troje me ushtar\u00eb) me jurist\u00eb servil\u00eb dhe t\u00eb bindur ndaj pushtetit berishist. Dhe q\u00eb pastaj Berisha t\u00eb ket\u00eb mund\u00ebsi t\u00eb sillet si t\u00eb doj\u00eb me njer\u00ebzit, me t\u00eb drejtat dhe lirit\u00eb e tyre, t\u2019i n\u00ebp\u00ebrk\u00ebmb\u00eb dhe dhunoj\u00eb thelb\u00ebsisht si dikur n\u00ebn diktatur\u00eb, duke pasur edhe bekimin e \u201cdrejt\u00ebsis\u00eb\u201d dhe t\u00eb gjykatave. Tashm\u00eb ka fakte se nuk \u00ebsht\u00eb puritanizmi demokratik, por autoritarizmi si neokomuniz\u00ebm, ai q\u00eb frym\u00ebzoi edhe hedhjen posht\u00eb t\u00eb kandidatur\u00ebs s\u00eb Kost\u00ebs. Sepse ka pasur raste t\u00eb tjera gjyqtar\u00ebsh q\u00eb edhe pse kan\u00eb dh\u00ebn\u00eb d\u00ebnime me vdekje n\u00eb komuniz\u00ebm, jan\u00eb promovuar nga Berisha n\u00eb majat m\u00eb t\u00eb larta t\u00eb pushtetit gjyq\u00ebsor.<\/p>\n<p>P\u00ebrse? Sepse q\u00eb t\u00eb promovohesh nga Berisha ke si kusht thelb\u00ebsor, sh\u00ebrbimin, servilizmin ndaj tij. T\u00eb tjerat nuk kan\u00eb asnj\u00eb r\u00ebnd\u00ebsi. \u201cNjollat n\u00eb biografi\u201d i p\u00ebrmenden si shantazh, vet\u00ebm atij q\u00eb nuk pranon t\u00eb sh\u00ebrbej\u00eb. Por n\u00ebse pranon t\u00eb sh\u00ebrbej\u00eb, kushdo \u00ebsht\u00eb i mir\u00eb, \u201cdemokrat\u201d, edhe n\u00eb qoft\u00eb v\u00ebrtet kriminel. A nuk po mban Berisha n\u00eb zyrat e tij jo vet\u00ebm individ\u00eb t\u00eb akuzuar p\u00ebr korrupsion, por deri edhe t\u00eb akuzuar p\u00ebr vrasje? Por le t\u2019i kthehemi standardit t\u00eb dyfisht\u00eb q\u00eb Berisha aplikon ndaj gjithkujt q\u00eb akuzohet p\u00ebr krime gjat\u00eb koh\u00ebs s\u00eb komunizmit. Nj\u00eb rasti i till\u00eb \u00ebsht\u00eb ai i juristit Rustem Gjata, i em\u00ebruar vite m\u00eb par\u00eb nga Berisha (s\u2019\u00ebsht\u00eb lapsus kur themi \u201ci em\u00ebruar\u201d) kryetar i Gjykat\u00ebs Kushtetuese. P\u00ebr Berish\u00ebn dhe berishist\u00ebt Gjata, qe i denj\u00eb p\u00ebr k\u00ebt\u00eb post shum\u00eb t\u00eb r\u00ebnd\u00ebsish\u00ebm edhe pse n\u00eb vitin 1973, ai kishte d\u00ebnuar me vdekje priftin katolik, At Gjoni.<\/p>\n<p>T\u00eb pakt\u00ebn k\u00ebshtu thon\u00eb raportet e Helsinki Watch. Dhe ndryshe nga Kosta, q\u00eb duke punuar si gjyqtar n\u00eb koh\u00ebn e diktatur\u00ebs \u00ebsht\u00eb orvatur t\u00eb zbut\u00eb d\u00ebnimet p\u00ebr njer\u00ebz q\u00eb kishin tentuar t\u00eb arratiseshin, Gjata \u00ebsht\u00eb treguar i zellsh\u00ebm ndaj regjimit komunist duke i d\u00ebrguar n\u00eb plumb a litar \u201carmiqt\u00eb e popullit\u201d. Sipas nj\u00eb raporti t\u00eb \u201cHuman Rights Watch\u201d t\u00eb publikuar n\u00eb vitin 1996, gjat\u00eb zhvillimit t\u00eb gjyqit t\u00eb At Gjonit \u201cprokurori i k\u00ebsaj \u00e7\u00ebshtjeje k\u00ebrkoi nj\u00eb d\u00ebnim prej 15 vjet\u00ebsh burg, kurse Gjata e ktheu n\u00eb d\u00ebnim me vdekje\u201d. Q\u00eb Berisha dhe qeverit\u00eb apo bashk\u00ebqeverit\u00eb me t\u00eb nuk kan\u00eb asnj\u00eb lidhje me nd\u00ebshkimin e krimeve t\u00eb komunizmit, provohet edhe nga fakti se edhe kur familja e martirit At Gjoni paraqiti pretendimet e saj n\u00eb prokurori nga fundi i vitit 1995, prokuroria nuk veproi. P\u00ebrse? Sepse e kish kapur ish-Presidenti Berisha dhe ajo nuk mund t\u00eb hetonte m\u00ebkate t\u00eb kryera nga njer\u00ebz q\u00eb i sh\u00ebrbenin pushtetit t\u00eb tij neokomunist me po t\u00eb nj\u00ebjtin zell q\u00eb i kishin sh\u00ebrbyer atij komunist.<\/p>\n<p style=\"text-align: center;\">* * *<\/p>\n<p>Pra pse nuk u pranua kandidatura e Kost\u00ebs nga shumica \u201cdemokrate\u201d? Mos vall\u00eb p\u00ebr krimet q\u00eb paska kryer n\u00ebn diktatur\u00eb? Jo, por p\u00ebr shkak se nuk jep shenja se mund t\u00eb p\u00ebrdoret nga Berisha p\u00ebr maskimin me vendime gjykate t\u00eb padrejt\u00ebsive q\u00eb ai plan\u00ebzon. Ve\u00e7 incidenti me Kost\u00ebn \u00ebsht\u00eb vet\u00ebm nj\u00eb nga hapat q\u00eb pritet se do t\u00eb nd\u00ebrmarr\u00eb Berisha p\u00ebr t\u00eb thelluar kapjen e pushtetit gjyq\u00ebsor. N\u00eb k\u00ebt\u00eb moment, Berisha \u00ebsht\u00eb shum\u00eb pran\u00eb nj\u00eb kapjeje totale t\u00eb pushtetit t\u00eb drejt\u00ebsis\u00eb.<\/p>\n<p>Ky \u00ebsht\u00eb alarmi. Shenjat dhe gjurm\u00ebt e k\u00ebsaj kapjeje t\u00eb frikshme jan\u00eb sheshit. Me an\u00eb t\u00eb infiltrimit t\u00eb jurist\u00ebve t\u00eb tij n\u00eb gjykata, ai ka mundur t\u00eb pezulloj\u00eb, ndal\u00eb dhe zvarris\u00eb gjykimin dhe nd\u00ebshkimin e skandaleve kriminale sikund\u00ebr jan\u00eb ato t\u00eb korrupsionit me parat\u00eb publike t\u00eb rrug\u00ebs Durr\u00ebs-Kuk\u00ebs, \u00e7\u00ebshtjen \u201cFazlli\u00e7\u201d, apo tragjedin\u00eb e G\u00ebrdecit. N\u00eb saj\u00eb t\u00eb k\u00ebsaj kapjeje t\u00eb gjyq\u00ebsorit, ministra dikur n\u00ebn akuz\u00eb p\u00ebr korrupsion e trafiqe arm\u00ebsh, sot jan\u00eb p\u00ebrs\u00ebri ministra. N\u00eb saj\u00eb t\u00eb kapjes s\u00eb gjyq\u00ebsorit q\u00eb e ngre \u201cstek\u00ebn\u201d vet\u00ebm aq sa i thot\u00eb Berisha, drejt\u00ebsia merret vet\u00ebm me \u201czhan van zhan\u00ebt\u201d e krimit, nd\u00ebrkoh\u00eb q\u00eb bos\u00ebt e tij \u201cqeverisin\u201d Shqip\u00ebrin\u00eb. Edhe vendimi i sapomarr\u00eb nga Gjykata e Lart\u00eb p\u00ebr t\u00eb hedhur posht\u00eb akuz\u00ebn p\u00ebr fyerje t\u00eb ngritur nga Aneta Rama kund\u00ebr Kryeministrit, \u00ebsht\u00eb nj\u00eb sinjal q\u00eb denoncon k\u00ebt\u00eb kapje alarmante.<\/p>\n<p>Kjo do t\u00eb thot\u00eb q\u00eb n\u00ebse Berisha arrin t\u00eb ket\u00eb edhe n\u00eb Gjykat\u00ebn Kushtetuese nj\u00eb shumic\u00eb gjyqtar\u00ebsh t\u00eb kall\u00ebpit t\u00eb Gjat\u00ebs, pra t\u00eb zellsh\u00ebm p\u00ebr t\u2019i sh\u00ebrbyer Berish\u00ebs dhe planeve t\u00eb tij autokratike e jo drejt\u00ebsis\u00eb, at\u00ebher\u00eb shteti ligjor do t\u00eb jet\u00eb p\u00ebrfundimisht nj\u00eb utopi n\u00eb Shqip\u00ebri. Pastaj Kryeministri do ta ket\u00eb fare t\u00eb leht\u00eb t\u00eb b\u00ebj\u00eb t\u00eb gjitha prap\u00ebsit\u00eb autoritariste, t\u00eb shes\u00eb detin, tok\u00ebn dhe ajrin e Shqip\u00ebris\u00eb p\u00ebr t\u00eb marr\u00eb me t\u00eb mir\u00eb t\u00eb huajt n\u00eb funksion t\u00eb q\u00ebndrimit sa m\u00eb pafund\u00ebsisht n\u00eb pushtet, dhe askush t\u00eb mos ket\u00eb ku t\u00eb ankohet. Sepse edhe po t\u00eb ankohen n\u00eb Gjykat\u00ebn Kushtetuese se Kryeministri po shet Shqip\u00ebrin\u00eb, kjo e fundit do t\u2019i jap\u00eb t\u00eb drejt\u00eb Berish\u00ebs.<\/p>\n<p>Dhe ky i fundit nd\u00ebrsa b\u00ebn pazare me detin, ajrin dhe tok\u00ebn e Atdheut, do t\u00eb mund t\u2019i mbroj\u00eb veprimet e tij, dhun\u00ebn dhe korrupsionin duke u th\u00ebn\u00eb jo vet\u00ebm kund\u00ebrshtar\u00ebve, por edhe Amerik\u00ebs dhe Europ\u00ebs: \u201cEdhe gjykata \u00ebsht\u00eb dakord\u201d. Dhe a nuk \u00ebsht\u00eb pushtet absolut pik\u00ebrisht ai, vendimet e t\u00eb cilit nuk atakohen dot askund? Do t\u00eb jet\u00eb e nj\u00ebjta skem\u00eb si kjo me Kolegjin Zgjedhor, ku dhunimi i ligjit dhe i transparenc\u00ebs, vjedhja e vot\u00ebs maskohen me vendim gjykate dhe me Kushtetut\u00eb, duke na futur n\u00eb nj\u00eb kriz\u00eb q\u00eb nuk po ka mbarim. Ky \u00ebsht\u00eb plani absolutist i Berish\u00ebs q\u00eb fshihet pas rr\u00ebzimit t\u00eb kandidatur\u00ebs s\u00eb Kost\u00ebs nga marionetat e tij n\u00eb Kuvend. Nj\u00eb plan q\u00eb k\u00ebmb\u00ebngul, p\u00ebr t\u00eb keqen e demokracis\u00eb dhe integrimit t\u00eb Shqip\u00ebris\u00eb n\u00eb Europ\u00eb, tash e 20 vjet.<\/p>\n","protected":false},"excerpt":{"rendered":"<p>Andrea Stefani Pasi Kryeministri Berisha rr\u00ebzoi n\u00eb Kuvend kandidatur\u00ebn p\u00ebr an\u00ebtar t\u00eb Gjykat\u00ebs Kushtetuese t\u00eb juristit Vangjel Kosta \u00ebsht\u00eb edhe ambasadori amerikan, Withers, q\u00eb sapo ka dh\u00ebn\u00eb alarmin p\u00ebr k\u00ebt\u00eb refuzim \u201cbefasues\u201d dhe t\u00eb \u201cpakuptuesh\u00ebm\u201d t\u00eb shumic\u00ebs. Dhe po Withers k\u00ebrkoi edhe ndihm\u00ebn e gazetar\u00ebve p\u00ebr t\u00eb zbuluar n\u00ebse \u201cu bazua ky vendim mbi arsyet [&hellip;]<\/p>\n","protected":false},"author":1,"featured_media":0,"comment_status":"open","ping_status":"closed","sticky":false,"template":"","format":"standard","meta":{"footnotes":""},"categories":[2],"tags":[],"class_list":{"0":"post-2826","1":"post","2":"type-post","3":"status-publish","4":"format-standard","6":"category-artikuj"},"yoast_head":"<!-- This site is optimized with the Yoast SEO plugin v27.4 - https:\/\/yoast.com\/product\/yoast-seo-wordpress\/ -->\n<title>BERISHA, XX VJET KUND\u00cbR GJYQ\u00cbSORIT - FjALA e LIR\u00cb - Arkivi<\/title>\n<meta name=\"robots\" content=\"index, follow, max-snippet:-1, max-image-preview:large, max-video-preview:-1\" \/>\n<link rel=\"canonical\" href=\"https:\/\/fjala.info\/2009-2015\/berisha-xx-vjet-kunder-gjyqesorit\/\" \/>\n<meta property=\"og:locale\" content=\"sq_AL\" \/>\n<meta property=\"og:type\" content=\"article\" \/>\n<meta property=\"og:title\" content=\"BERISHA, XX VJET KUND\u00cbR GJYQ\u00cbSORIT - FjALA e LIR\u00cb - Arkivi\" \/>\n<meta property=\"og:description\" content=\"Andrea Stefani Pasi Kryeministri Berisha rr\u00ebzoi n\u00eb Kuvend kandidatur\u00ebn p\u00ebr an\u00ebtar t\u00eb Gjykat\u00ebs Kushtetuese t\u00eb juristit Vangjel Kosta \u00ebsht\u00eb edhe ambasadori amerikan, Withers, q\u00eb sapo ka dh\u00ebn\u00eb alarmin p\u00ebr k\u00ebt\u00eb refuzim \u201cbefasues\u201d dhe t\u00eb \u201cpakuptuesh\u00ebm\u201d t\u00eb shumic\u00ebs. Dhe po Withers k\u00ebrkoi edhe ndihm\u00ebn e gazetar\u00ebve p\u00ebr t\u00eb zbuluar n\u00ebse \u201cu bazua ky vendim mbi arsyet [&hellip;]\" \/>\n<meta property=\"og:url\" content=\"https:\/\/fjala.info\/2009-2015\/berisha-xx-vjet-kunder-gjyqesorit\/\" \/>\n<meta property=\"og:site_name\" content=\"FjALA e LIR\u00cb - Arkivi\" \/>\n<meta property=\"article:published_time\" content=\"2010-05-26T21:18:14+00:00\" \/>\n<meta property=\"og:image\" content=\"http:\/\/www.shkoder.net\/images\/fjala\/andrea_stefani.jpg\" \/>\n<meta name=\"author\" content=\"admin\" \/>\n<meta name=\"twitter:card\" content=\"summary_large_image\" \/>\n<meta name=\"twitter:label1\" content=\"Written by\" \/>\n\t<meta name=\"twitter:data1\" content=\"admin\" \/>\n\t<meta name=\"twitter:label2\" content=\"Est. reading time\" \/>\n\t<meta name=\"twitter:data2\" content=\"8 minutes\" \/>\n<script type=\"application\/ld+json\" class=\"yoast-schema-graph\">{\"@context\":\"https:\\\/\\\/schema.org\",\"@graph\":[{\"@type\":\"Article\",\"@id\":\"https:\\\/\\\/fjala.info\\\/2009-2015\\\/berisha-xx-vjet-kunder-gjyqesorit\\\/#article\",\"isPartOf\":{\"@id\":\"https:\\\/\\\/fjala.info\\\/2009-2015\\\/berisha-xx-vjet-kunder-gjyqesorit\\\/\"},\"author\":{\"name\":\"admin\",\"@id\":\"https:\\\/\\\/fjala.info\\\/2009-2015\\\/#\\\/schema\\\/person\\\/3aa1163ef05469c496fc94e77611ada2\"},\"headline\":\"BERISHA, XX VJET KUND\u00cbR GJYQ\u00cbSORIT\",\"datePublished\":\"2010-05-26T21:18:14+00:00\",\"mainEntityOfPage\":{\"@id\":\"https:\\\/\\\/fjala.info\\\/2009-2015\\\/berisha-xx-vjet-kunder-gjyqesorit\\\/\"},\"wordCount\":1620,\"commentCount\":0,\"publisher\":{\"@id\":\"https:\\\/\\\/fjala.info\\\/2009-2015\\\/#organization\"},\"image\":{\"@id\":\"https:\\\/\\\/fjala.info\\\/2009-2015\\\/berisha-xx-vjet-kunder-gjyqesorit\\\/#primaryimage\"},\"thumbnailUrl\":\"http:\\\/\\\/www.shkoder.net\\\/images\\\/fjala\\\/andrea_stefani.jpg\",\"articleSection\":[\"Artikuj\"],\"inLanguage\":\"sq-AL\",\"potentialAction\":[{\"@type\":\"CommentAction\",\"name\":\"Comment\",\"target\":[\"https:\\\/\\\/fjala.info\\\/2009-2015\\\/berisha-xx-vjet-kunder-gjyqesorit\\\/#respond\"]}]},{\"@type\":\"WebPage\",\"@id\":\"https:\\\/\\\/fjala.info\\\/2009-2015\\\/berisha-xx-vjet-kunder-gjyqesorit\\\/\",\"url\":\"https:\\\/\\\/fjala.info\\\/2009-2015\\\/berisha-xx-vjet-kunder-gjyqesorit\\\/\",\"name\":\"BERISHA, XX VJET KUND\u00cbR GJYQ\u00cbSORIT - FjALA e LIR\u00cb - Arkivi\",\"isPartOf\":{\"@id\":\"https:\\\/\\\/fjala.info\\\/2009-2015\\\/#website\"},\"primaryImageOfPage\":{\"@id\":\"https:\\\/\\\/fjala.info\\\/2009-2015\\\/berisha-xx-vjet-kunder-gjyqesorit\\\/#primaryimage\"},\"image\":{\"@id\":\"https:\\\/\\\/fjala.info\\\/2009-2015\\\/berisha-xx-vjet-kunder-gjyqesorit\\\/#primaryimage\"},\"thumbnailUrl\":\"http:\\\/\\\/www.shkoder.net\\\/images\\\/fjala\\\/andrea_stefani.jpg\",\"datePublished\":\"2010-05-26T21:18:14+00:00\",\"breadcrumb\":{\"@id\":\"https:\\\/\\\/fjala.info\\\/2009-2015\\\/berisha-xx-vjet-kunder-gjyqesorit\\\/#breadcrumb\"},\"inLanguage\":\"sq-AL\",\"potentialAction\":[{\"@type\":\"ReadAction\",\"target\":[\"https:\\\/\\\/fjala.info\\\/2009-2015\\\/berisha-xx-vjet-kunder-gjyqesorit\\\/\"]}]},{\"@type\":\"ImageObject\",\"inLanguage\":\"sq-AL\",\"@id\":\"https:\\\/\\\/fjala.info\\\/2009-2015\\\/berisha-xx-vjet-kunder-gjyqesorit\\\/#primaryimage\",\"url\":\"http:\\\/\\\/www.shkoder.net\\\/images\\\/fjala\\\/andrea_stefani.jpg\",\"contentUrl\":\"http:\\\/\\\/www.shkoder.net\\\/images\\\/fjala\\\/andrea_stefani.jpg\"},{\"@type\":\"BreadcrumbList\",\"@id\":\"https:\\\/\\\/fjala.info\\\/2009-2015\\\/berisha-xx-vjet-kunder-gjyqesorit\\\/#breadcrumb\",\"itemListElement\":[{\"@type\":\"ListItem\",\"position\":1,\"name\":\"Home\",\"item\":\"https:\\\/\\\/fjala.info\\\/2009-2015\\\/\"},{\"@type\":\"ListItem\",\"position\":2,\"name\":\"BERISHA, XX VJET KUND\u00cbR GJYQ\u00cbSORIT\"}]},{\"@type\":\"WebSite\",\"@id\":\"https:\\\/\\\/fjala.info\\\/2009-2015\\\/#website\",\"url\":\"https:\\\/\\\/fjala.info\\\/2009-2015\\\/\",\"name\":\"FjALA e LIR\u00cb - Arkivi\",\"description\":\"Arkivi 2009-2015\",\"publisher\":{\"@id\":\"https:\\\/\\\/fjala.info\\\/2009-2015\\\/#organization\"},\"potentialAction\":[{\"@type\":\"SearchAction\",\"target\":{\"@type\":\"EntryPoint\",\"urlTemplate\":\"https:\\\/\\\/fjala.info\\\/2009-2015\\\/?s={search_term_string}\"},\"query-input\":{\"@type\":\"PropertyValueSpecification\",\"valueRequired\":true,\"valueName\":\"search_term_string\"}}],\"inLanguage\":\"sq-AL\"},{\"@type\":\"Organization\",\"@id\":\"https:\\\/\\\/fjala.info\\\/2009-2015\\\/#organization\",\"name\":\"FjALA e LIR\u00cb - Arkivi\",\"url\":\"https:\\\/\\\/fjala.info\\\/2009-2015\\\/\",\"logo\":{\"@type\":\"ImageObject\",\"inLanguage\":\"sq-AL\",\"@id\":\"https:\\\/\\\/fjala.info\\\/2009-2015\\\/#\\\/schema\\\/logo\\\/image\\\/\",\"url\":\"\",\"contentUrl\":\"\",\"caption\":\"FjALA e LIR\u00cb - Arkivi\"},\"image\":{\"@id\":\"https:\\\/\\\/fjala.info\\\/2009-2015\\\/#\\\/schema\\\/logo\\\/image\\\/\"}},{\"@type\":\"Person\",\"@id\":\"https:\\\/\\\/fjala.info\\\/2009-2015\\\/#\\\/schema\\\/person\\\/3aa1163ef05469c496fc94e77611ada2\",\"name\":\"admin\",\"image\":{\"@type\":\"ImageObject\",\"inLanguage\":\"sq-AL\",\"@id\":\"https:\\\/\\\/fjala.info\\\/2009-2015\\\/wp-content\\\/uploads\\\/2012\\\/02\\\/arben_cokaj-120x150.jpg\",\"url\":\"https:\\\/\\\/fjala.info\\\/2009-2015\\\/wp-content\\\/uploads\\\/2012\\\/02\\\/arben_cokaj-120x150.jpg\",\"contentUrl\":\"https:\\\/\\\/fjala.info\\\/2009-2015\\\/wp-content\\\/uploads\\\/2012\\\/02\\\/arben_cokaj-120x150.jpg\",\"caption\":\"admin\"},\"description\":\"Admin, Fjala e Lir\u00eb\",\"sameAs\":[\"https:\\\/\\\/fjala.info\\\/\"],\"url\":\"https:\\\/\\\/fjala.info\\\/2009-2015\\\/author\\\/admin\\\/\"}]}<\/script>\n<!-- \/ Yoast SEO plugin. -->","yoast_head_json":{"title":"BERISHA, XX VJET KUND\u00cbR GJYQ\u00cbSORIT - FjALA e LIR\u00cb - Arkivi","robots":{"index":"index","follow":"follow","max-snippet":"max-snippet:-1","max-image-preview":"max-image-preview:large","max-video-preview":"max-video-preview:-1"},"canonical":"https:\/\/fjala.info\/2009-2015\/berisha-xx-vjet-kunder-gjyqesorit\/","og_locale":"sq_AL","og_type":"article","og_title":"BERISHA, XX VJET KUND\u00cbR GJYQ\u00cbSORIT - FjALA e LIR\u00cb - Arkivi","og_description":"Andrea Stefani Pasi Kryeministri Berisha rr\u00ebzoi n\u00eb Kuvend kandidatur\u00ebn p\u00ebr an\u00ebtar t\u00eb Gjykat\u00ebs Kushtetuese t\u00eb juristit Vangjel Kosta \u00ebsht\u00eb edhe ambasadori amerikan, Withers, q\u00eb sapo ka dh\u00ebn\u00eb alarmin p\u00ebr k\u00ebt\u00eb refuzim \u201cbefasues\u201d dhe t\u00eb \u201cpakuptuesh\u00ebm\u201d t\u00eb shumic\u00ebs. Dhe po Withers k\u00ebrkoi edhe ndihm\u00ebn e gazetar\u00ebve p\u00ebr t\u00eb zbuluar n\u00ebse \u201cu bazua ky vendim mbi arsyet [&hellip;]","og_url":"https:\/\/fjala.info\/2009-2015\/berisha-xx-vjet-kunder-gjyqesorit\/","og_site_name":"FjALA e LIR\u00cb - Arkivi","article_published_time":"2010-05-26T21:18:14+00:00","og_image":[{"url":"http:\/\/www.shkoder.net\/images\/fjala\/andrea_stefani.jpg","type":"","width":"","height":""}],"author":"admin","twitter_card":"summary_large_image","twitter_misc":{"Written by":"admin","Est. reading time":"8 minutes"},"schema":{"@context":"https:\/\/schema.org","@graph":[{"@type":"Article","@id":"https:\/\/fjala.info\/2009-2015\/berisha-xx-vjet-kunder-gjyqesorit\/#article","isPartOf":{"@id":"https:\/\/fjala.info\/2009-2015\/berisha-xx-vjet-kunder-gjyqesorit\/"},"author":{"name":"admin","@id":"https:\/\/fjala.info\/2009-2015\/#\/schema\/person\/3aa1163ef05469c496fc94e77611ada2"},"headline":"BERISHA, XX VJET KUND\u00cbR GJYQ\u00cbSORIT","datePublished":"2010-05-26T21:18:14+00:00","mainEntityOfPage":{"@id":"https:\/\/fjala.info\/2009-2015\/berisha-xx-vjet-kunder-gjyqesorit\/"},"wordCount":1620,"commentCount":0,"publisher":{"@id":"https:\/\/fjala.info\/2009-2015\/#organization"},"image":{"@id":"https:\/\/fjala.info\/2009-2015\/berisha-xx-vjet-kunder-gjyqesorit\/#primaryimage"},"thumbnailUrl":"http:\/\/www.shkoder.net\/images\/fjala\/andrea_stefani.jpg","articleSection":["Artikuj"],"inLanguage":"sq-AL","potentialAction":[{"@type":"CommentAction","name":"Comment","target":["https:\/\/fjala.info\/2009-2015\/berisha-xx-vjet-kunder-gjyqesorit\/#respond"]}]},{"@type":"WebPage","@id":"https:\/\/fjala.info\/2009-2015\/berisha-xx-vjet-kunder-gjyqesorit\/","url":"https:\/\/fjala.info\/2009-2015\/berisha-xx-vjet-kunder-gjyqesorit\/","name":"BERISHA, XX VJET KUND\u00cbR GJYQ\u00cbSORIT - FjALA e LIR\u00cb - Arkivi","isPartOf":{"@id":"https:\/\/fjala.info\/2009-2015\/#website"},"primaryImageOfPage":{"@id":"https:\/\/fjala.info\/2009-2015\/berisha-xx-vjet-kunder-gjyqesorit\/#primaryimage"},"image":{"@id":"https:\/\/fjala.info\/2009-2015\/berisha-xx-vjet-kunder-gjyqesorit\/#primaryimage"},"thumbnailUrl":"http:\/\/www.shkoder.net\/images\/fjala\/andrea_stefani.jpg","datePublished":"2010-05-26T21:18:14+00:00","breadcrumb":{"@id":"https:\/\/fjala.info\/2009-2015\/berisha-xx-vjet-kunder-gjyqesorit\/#breadcrumb"},"inLanguage":"sq-AL","potentialAction":[{"@type":"ReadAction","target":["https:\/\/fjala.info\/2009-2015\/berisha-xx-vjet-kunder-gjyqesorit\/"]}]},{"@type":"ImageObject","inLanguage":"sq-AL","@id":"https:\/\/fjala.info\/2009-2015\/berisha-xx-vjet-kunder-gjyqesorit\/#primaryimage","url":"http:\/\/www.shkoder.net\/images\/fjala\/andrea_stefani.jpg","contentUrl":"http:\/\/www.shkoder.net\/images\/fjala\/andrea_stefani.jpg"},{"@type":"BreadcrumbList","@id":"https:\/\/fjala.info\/2009-2015\/berisha-xx-vjet-kunder-gjyqesorit\/#breadcrumb","itemListElement":[{"@type":"ListItem","position":1,"name":"Home","item":"https:\/\/fjala.info\/2009-2015\/"},{"@type":"ListItem","position":2,"name":"BERISHA, XX VJET KUND\u00cbR GJYQ\u00cbSORIT"}]},{"@type":"WebSite","@id":"https:\/\/fjala.info\/2009-2015\/#website","url":"https:\/\/fjala.info\/2009-2015\/","name":"FjALA e LIR\u00cb - Arkivi","description":"Arkivi 2009-2015","publisher":{"@id":"https:\/\/fjala.info\/2009-2015\/#organization"},"potentialAction":[{"@type":"SearchAction","target":{"@type":"EntryPoint","urlTemplate":"https:\/\/fjala.info\/2009-2015\/?s={search_term_string}"},"query-input":{"@type":"PropertyValueSpecification","valueRequired":true,"valueName":"search_term_string"}}],"inLanguage":"sq-AL"},{"@type":"Organization","@id":"https:\/\/fjala.info\/2009-2015\/#organization","name":"FjALA e LIR\u00cb - Arkivi","url":"https:\/\/fjala.info\/2009-2015\/","logo":{"@type":"ImageObject","inLanguage":"sq-AL","@id":"https:\/\/fjala.info\/2009-2015\/#\/schema\/logo\/image\/","url":"","contentUrl":"","caption":"FjALA e LIR\u00cb - Arkivi"},"image":{"@id":"https:\/\/fjala.info\/2009-2015\/#\/schema\/logo\/image\/"}},{"@type":"Person","@id":"https:\/\/fjala.info\/2009-2015\/#\/schema\/person\/3aa1163ef05469c496fc94e77611ada2","name":"admin","image":{"@type":"ImageObject","inLanguage":"sq-AL","@id":"https:\/\/fjala.info\/2009-2015\/wp-content\/uploads\/2012\/02\/arben_cokaj-120x150.jpg","url":"https:\/\/fjala.info\/2009-2015\/wp-content\/uploads\/2012\/02\/arben_cokaj-120x150.jpg","contentUrl":"https:\/\/fjala.info\/2009-2015\/wp-content\/uploads\/2012\/02\/arben_cokaj-120x150.jpg","caption":"admin"},"description":"Admin, Fjala e Lir\u00eb","sameAs":["https:\/\/fjala.info\/"],"url":"https:\/\/fjala.info\/2009-2015\/author\/admin\/"}]}},"_links":{"self":[{"href":"https:\/\/fjala.info\/2009-2015\/wp-json\/wp\/v2\/posts\/2826","targetHints":{"allow":["GET"]}}],"collection":[{"href":"https:\/\/fjala.info\/2009-2015\/wp-json\/wp\/v2\/posts"}],"about":[{"href":"https:\/\/fjala.info\/2009-2015\/wp-json\/wp\/v2\/types\/post"}],"author":[{"embeddable":true,"href":"https:\/\/fjala.info\/2009-2015\/wp-json\/wp\/v2\/users\/1"}],"replies":[{"embeddable":true,"href":"https:\/\/fjala.info\/2009-2015\/wp-json\/wp\/v2\/comments?post=2826"}],"version-history":[{"count":0,"href":"https:\/\/fjala.info\/2009-2015\/wp-json\/wp\/v2\/posts\/2826\/revisions"}],"wp:attachment":[{"href":"https:\/\/fjala.info\/2009-2015\/wp-json\/wp\/v2\/media?parent=2826"}],"wp:term":[{"taxonomy":"category","embeddable":true,"href":"https:\/\/fjala.info\/2009-2015\/wp-json\/wp\/v2\/categories?post=2826"},{"taxonomy":"post_tag","embeddable":true,"href":"https:\/\/fjala.info\/2009-2015\/wp-json\/wp\/v2\/tags?post=2826"}],"curies":[{"name":"wp","href":"https:\/\/api.w.org\/{rel}","templated":true}]}}