{"id":2825,"date":"2012-05-18T22:31:22","date_gmt":"2012-05-18T21:31:22","guid":{"rendered":"http:\/\/fjala.shkoder.net\/?p=2825"},"modified":"2012-05-18T22:31:22","modified_gmt":"2012-05-18T21:31:22","slug":"jozefina-presidente-nonsense","status":"publish","type":"post","link":"https:\/\/fjala.info\/2009-2015\/jozefina-presidente-nonsense\/","title":{"rendered":"Jozefina presidente? Nonsense!"},"content":{"rendered":"<p><img decoding=\"async\" class=\"alignleft size-thumbnail wp-image-7236\" title=\"Arben \u00c7okaj\" src=\"http:\/\/www.shkoder.net\/ac.gif\" alt=\"\" width=\"120\" \/> Nga <strong>Arben \u00c7okaj<\/strong>, <em>18.05.2012<\/em><\/p>\n<p>Po, \u00ebsht\u00eb e mundur. Jozefina Topalli mund t\u00eb b\u00ebhet presidente, edhe pse kjo mund t\u00eb jet\u00eb nj\u00eb zgjidhje fatkeqe p\u00ebr Shqip\u00ebrin\u00eb. Por p\u00ebrderisa presidenti zgjidhet tek ne n\u00eb k\u00ebt\u00eb m\u00ebnyr\u00eb, dhe p\u00ebrderisa politika shqiptare ka r\u00ebn\u00eb n\u00eb k\u00ebto duar q\u00eb \u00ebsht\u00eb tani, at\u00ebher\u00eb logjika t\u00eb shtyn t\u00eb mendosh, se Berisha do e zgjedh\u00eb vet\u00eb presidentin dhe n\u00ebse nuk ka nj\u00eb kombinim t\u00eb arsyesh\u00ebm forcash p\u00ebr ta ndal\u00eb vrullin e tij, ai do t\u00eb zgjedh\u00eb Jozefin\u00ebn si Presidente t\u00eb vendit.<\/p>\n<p>Nj\u00eb ish-drejtues i lart\u00eb i PD-s\u00eb, n\u00eb koh\u00ebn kur mbeti disi n\u00eb hije n\u00eb 2005-n, m\u00eb tha se Berisha donte vet\u00ebm kamikaz\u00eb. N\u00eb at\u00eb koh\u00eb, shum\u00eb eksponent\u00eb t\u00eb PD-s\u00eb, q\u00eb dinin t\u00eb mendonin dhe kishin edhe nj\u00eb reputacion intelektual, po z\u00ebvend\u00ebsoheshin nj\u00eb nga nj\u00eb me p\u00ebrfaq\u00ebsues mendjeleht\u00eb e kamikaz\u00eb. Besoj se t\u00eb gjith\u00ebve na kujtohet, z\u00ebvend\u00ebsimi i Pjet\u00ebr Arbnorit, Vili Minarollit, Ferit Hotit etj. me Jozefina Topallin, Bujar Nishanin, Majlinda Bregun, Sokol Olldashin, Arenca Trashanin, Astrit Patozin, etj&#8230; M\u00eb pas do t\u00eb vinte vetvetiu largimi nga PD i Besnik Mustafajt, Pre\u00e7 Zogajt, etj. Pra, PD-s\u00eb po i rridhte truri me ardhjen n\u00eb pushtet t\u00eb Berish\u00ebs n\u00eb 2005-n dhe m\u00eb pas. Por Berisha vazhdon ta mbaj\u00eb pushtetin megjithat\u00eb, me nj\u00eb stil t\u00eb ri autokratik t\u00eb ushtrimit t\u00eb pushtetit, t\u00eb blerjes e vjedhjes s\u00eb votave dhe nj\u00eb sistemi mafioz t\u00eb shtrir\u00eb n\u00eb vend, q\u00eb p\u00ebrndjek, p\u00ebrgjon, ngacmon e godet \u00e7do kund\u00ebrshtar e kritik.<\/p>\n<p>Tani Berish\u00ebs i jan\u00eb rralluar njer\u00ebzit af\u00ebr tij, q\u00eb din\u00eb t\u00eb mendojn\u00eb, q\u00eb kan\u00eb vet\u00eb-respekt e identitet intelektual. Ata jan\u00eb z\u00ebvend\u00ebsuar me prototipe si Flamur Noka, Eduard Halimi, Viktor Gumi Mesila Doda, etj., (pa harruar k\u00ebtu edhe kreun e Kuvendit, Jozefina Topalli), t\u00eb cil\u00ebt ngjajn\u00eb m\u00eb shum\u00eb me kamikaz\u00eb politik\u00eb, q\u00eb nuk din\u00eb t\u00eb mendojn\u00eb, por vet\u00ebm zbatojn\u00eb lepe-peqe me agresivitet urdh\u00ebrat t\u00eb urdh\u00ebrdh\u00ebn\u00ebsit, pa e ditur \u00e7far\u00eb b\u00ebjn\u00eb e ku po shkojn\u00eb. Dhe Berisha nuk harron t\u2019i shp\u00ebrblej\u00eb kamikaz\u00ebt e tij&#8230;<\/p>\n<p>Berisha ka nd\u00ebrtuar nj\u00eb pushtet dhune e mafioz n\u00eb vetvete dhe i ka larguar ose jan\u00eb larguar vetvetiu, jan\u00eb vet\u00eb-p\u00ebrjashtuar, t\u00eb gjith\u00eb ata politikan\u00eb brenda PD-s\u00eb, q\u00eb kan\u00eb patur nj\u00eb statur\u00eb intelektuale apo identitet publik. Ata q\u00eb kan\u00eb mbetur n\u00eb skakier\u00ebn politike af\u00ebr tij, por jo edhe aq t\u00eb besuesh\u00ebm, jan\u00eb teneqizuar aq shum\u00eb, sa e kan\u00eb kthyer veten e tyre n\u00eb mbijetues t\u00eb politik\u00ebs dhe jo n\u00eb politikan\u00eb q\u00eb mund t\u00eb ofrojn\u00eb nj\u00eb vler\u00eb, q\u00eb i vlen vendit.<\/p>\n<p>Pra, sot t\u00eb gjith\u00eb e shohim, q\u00eb Berisha do ta v\u00ebr\u00eb presidentin, ose presidenten vet\u00eb, n\u00ebse nuk gjendet nj\u00eb m\u00ebnyr\u00eb p\u00ebr ta penguar. Dhe atij i ka mbetur vet\u00ebm nj\u00eb gog\u00ebl n\u00ebr dor\u00eb: Jozefina Topalli, t\u00eb cil\u00ebs \u00e7udit\u00ebrisht i beson, sepse jan\u00eb me koh\u00eb pjes\u00eb e t\u00eb nj\u00ebjt\u00ebs agjentur\u00eb. P\u00ebr t\u00eb rregulluar ekuilibrin e forcave kamikaze n\u00eb PD, Berisha e filloi me em\u00ebrimin e Lul Bash\u00ebs si Kryetar Bashkie n\u00eb Tiran\u00eb, dhe tani p\u00ebr t\u2019i dh\u00ebn\u00eb frym\u00ebmarrje krahut t\u00eb Lulit n\u00eb PD, q\u00eb drejtohet nga e bija, Argita, q\u00eb t\u00eb marr\u00eb PD-n\u00eb n\u00eb dor\u00eb pas disa vjet\u00ebsh, ai synon t\u00eb b\u00ebj\u00eb Jozefin\u00ebn presidente, n\u00eb m\u00ebnyr\u00eb q\u00eb nga nj\u00ebra an\u00eb ta kontrolloj\u00eb mir\u00eb presidenc\u00ebn, e bashk\u00eb me t\u00eb sistemin e drejt\u00ebsis\u00eb, sh\u00ebrbimin sekret, etj. si dhe nj\u00ebkoh\u00ebsisht ta heq\u00eb qafe Jozefin\u00ebn nga pun\u00ebt e partis\u00eb, sepse Jozefina deri tani ka qen\u00eb nj\u00eb shkop n\u00eb rrot\u00eb n\u00eb organizimin e partis\u00eb p\u00ebr krahun e Argit\u00ebs dhe Lulit.<\/p>\n<p>Me krahun radikal t\u00eb saj, me shtrirjen e pushtetit p\u00ebrmes fuksave e p\u00ebrgjimeve, Jozefina vjen e dyta n\u00eb radh\u00eb pas Berish\u00ebs, e cila mund edhe t\u00eb konsiderohet sot si \u201cThe untouchable\u201d (e paprekshmja). Kjo ka koh\u00eb q\u00eb \u00ebsht\u00eb v\u00ebn\u00eb re, sa edhe prokuror\u00ebt n\u00eb Shkod\u00ebr e Lezh\u00eb, kur bie fjala p\u00ebr Jozefin\u00ebn, ata nuk duan ta p\u00ebrmendin as emrin e saj fare. Dhe nj\u00eb burim i besuesh\u00ebm nga Prokuroria e P\u00ebrgjithshme, m\u00eb pati th\u00ebn\u00eb nj\u00eb her\u00eb se kur b\u00ebhet fjal\u00eb p\u00ebr Berish\u00ebn apo Topallin, nuk ka prokuror n\u00eb Republik\u00eb, q\u00eb guxon t\u00eb merret me ta. Kjo \u00ebsht\u00eb e frikshme, shokuese p\u00ebr nj\u00eb sistem drejt\u00ebsie n\u00eb nj\u00eb Republik\u00eb demokratike, aq m\u00eb tep\u00ebr q\u00eb pushteti i \u00e7iftit \u00e7mendurak Berisha \u2013 Topalli po b\u00ebhet absolut, n\u00ebse nuk ka forc\u00eb apo kombinim forcash, q\u00eb t\u2019i ndal\u00eb ata n\u00eb marr\u00ebzin\u00eb e tyre.<\/p>\n<p>Me zgjedhjen e Jozefin\u00ebs si presidente, Berisha synon t\u00eb mbroj\u00eb krimet e tij dhe t\u00eb familjes s\u00eb tij, (jo se nuk e ka b\u00ebr\u00eb k\u00ebt\u00eb deri tani me presidentin Topi), por Berisha parashikon se PD mund edhe t\u00eb humbas\u00eb pushtetin n\u00eb 2013, se nuk i ka t\u00eb gjitha gj\u00ebrat n\u00eb dor\u00eb, ndaj shpreson q\u00eb sido q\u00eb t\u00eb ndodh\u00eb, ai do t\u00eb jet\u00eb i mbrojtur. Nga ana tjet\u00ebr, zgjedhja e Jozefin\u00ebs si presidente, do e \u00e7imentoj\u00eb edhe m\u00eb shum\u00eb pushtetin n\u00eb duart e Berish\u00ebs, dhe nuk ka dyshim, se me simptomat dhe natyr\u00ebn e tij t\u00eb s\u00ebmur\u00eb e determinuese, Berisha synon q\u00eb t\u2019i \u2018fitoj\u00eb\u2019 zgjedhjet edhe n\u00eb 2013, p\u00ebr nj\u00eb mandat t\u00eb tret\u00eb.<\/p>\n<p>E gjitha kjo ka dob\u00ebsin\u00eb e vet. Pushteti i Berish\u00ebs dob\u00ebsohet m\u00eb shum\u00eb, pik\u00ebrisht at\u00ebher\u00eb kur ai mendon se i ka t\u00eb gjitha n\u00eb dor\u00eb. Ngaq\u00eb drejtohet nga nj\u00eb tru i s\u00ebmur\u00eb, bashk\u00ebngjitur me mafien rajonale, ai do e dreqos\u00eb pushtetin n\u00eb m\u00ebnyr\u00eb t\u00eb padurueshme, n\u00ebse e merr edhe postin e presidentit p\u00ebr vete, me em\u00ebrimin aty t\u00eb Jozefin\u00ebs. Them \u2018em\u00ebrim\u2019, sepse n\u00eb t\u00eb v\u00ebrtet\u00eb k\u00ebshtu po ngjan shtrirja e pushtetit politik t\u00eb Berish\u00ebs mbi institucionet e pavarura, apo mbi ato q\u00eb zgjidhen me vot\u00ebn e lir\u00eb. Berisha po i uzurpon t\u00eb gjitha institucionet me njer\u00ebzit e vet\u00eb kamikaz\u00eb, nj\u00eb e nga nj\u00eb.<\/p>\n<p>Me Topallin presidente, Berisha do t\u00eb b\u00ebj\u00eb si t\u00eb doj\u00eb, ndon\u00ebse fundi mund t\u00eb jet\u00eb i hidhur edhe p\u00ebr ata t\u00eb dy. Qarku vicioz q\u00eb kjo kok\u00eb e s\u00ebmur\u00eb ka krijuar n\u00eb politik\u00ebn shqiptare n\u00eb k\u00ebto 22 vjet demokraci t\u00eb supozuar, do t\u00eb vij\u00eb n\u00eb fund duke ngr\u00ebn\u00eb krijuesin e vet. Nuk ka dyshim q\u00eb mund t\u00eb ndodh\u00eb, q\u00eb n\u00eb nj\u00eb moment, ashtu si Berisha ra n\u00eb konflikt me t\u00eb gjith\u00eb president\u00ebt e deri-tanish\u00ebm, p\u00ebrve\u00e7 me veten e vet, q\u00eb me marr\u00ebzi shkatoi edhe \u201997-n, ashtu mund t\u00eb ndodh\u00eb edhe me Jozefin\u00ebn, e cila duke qen\u00eb nj\u00eb servile e tejskajshme dhe e n\u00ebnshtruar deri n\u00eb ekstrem para Berish\u00ebs, ka marr\u00eb edhe tiparet e tij p\u00ebr nga m\u00ebnyra e ushtrimit t\u00eb pushtetit. Ajo do t\u00eb synoj\u00eb ta mbaj\u00eb Berish\u00ebn gjall\u00eb n\u00eb parti dhe t\u00eb mos lejoj\u00eb rotacion derisa t\u00eb vij\u00eb koha q\u00eb ajo, pas p\u00ebrfundimit t\u00eb mandatit t\u00eb saj si presidente, t\u00eb synoj\u00eb kreun e PD-s\u00eb, n\u00ebse nuk ndodh q\u00eb ajo t\u00eb mos bindet dhe t\u2019i kthej\u00eb dor\u00eb Berish\u00ebs, kur t\u00eb b\u00ebhet presidente, po e pa se interesat e saj c\u00ebnohen. K\u00ebshtu si shkojn\u00eb gj\u00ebrat k\u00ebtej, gjith\u00e7ka pritet. Kot nuk thon\u00eb: \u201cB\u00ebm baba, t\u00eb t\u00eb ngjaj!\u201d<\/p>\n<p>\u00cbsht\u00eb me r\u00ebnd\u00ebsi themelore p\u00ebr k\u00ebt\u00eb vend n\u00eb dit\u00ebt e sotme, sado e v\u00ebshtir\u00eb t\u00eb duket, parandalimi i zgjedhjes s\u00eb presidentit nga Berisha. L\u00ebvizjet e fundit t\u00eb Met\u00ebs, n\u00ebse nuk synojn\u00eb rritjen e \u00e7mimit, ndoshta mund ta pengojn\u00eb Berish\u00ebn, q\u00eb ta vendos\u00eb presidentin vet\u00eb. Por a mund t\u2019i besohet Met\u00ebs, pas gjith\u00eb asaj q\u00eb ka b\u00ebr\u00eb deri tani p\u00ebr mbajtjen gjall\u00eb t\u00eb nj\u00eb pushteti mizor dhe t\u00eb \u00e7\u2019ekuilibruar? A mund t\u00eb pritet t\u00eb kemi nj\u00eb grupim forcash, nj\u00eb kombinim t\u00eb tyre, komb\u00ebtare e nd\u00ebrkomb\u00ebtare, q\u00eb ta ndalojn\u00eb k\u00ebt\u00eb njeri t\u00eb s\u00ebmur\u00eb e t\u00eb shitur t\u00eb zgjedh\u00eb presidentin vet\u00eb k\u00ebsaj here? Se po iu la n\u00eb dor\u00eb atij, kjo dihet se k\u00eb do t\u00eb zgjedh\u00eb ai. Dhe pasojat merren me mend, gjithashtu.<\/p>\n","protected":false},"excerpt":{"rendered":"<p>Nga Arben \u00c7okaj, 18.05.2012 Po, \u00ebsht\u00eb e mundur. Jozefina Topalli mund t\u00eb b\u00ebhet presidente, edhe pse kjo mund t\u00eb jet\u00eb nj\u00eb zgjidhje fatkeqe p\u00ebr Shqip\u00ebrin\u00eb. Por p\u00ebrderisa presidenti zgjidhet tek ne n\u00eb k\u00ebt\u00eb m\u00ebnyr\u00eb, dhe p\u00ebrderisa politika shqiptare ka r\u00ebn\u00eb n\u00eb k\u00ebto duar q\u00eb \u00ebsht\u00eb tani, at\u00ebher\u00eb logjika t\u00eb shtyn t\u00eb mendosh, se Berisha do [&hellip;]<\/p>\n","protected":false},"author":1,"featured_media":0,"comment_status":"open","ping_status":"closed","sticky":false,"template":"","format":"standard","meta":{"footnotes":""},"categories":[2],"tags":[],"class_list":{"0":"post-2825","1":"post","2":"type-post","3":"status-publish","4":"format-standard","6":"category-artikuj"},"yoast_head":"<!-- This site is optimized with the Yoast SEO plugin v27.4 - https:\/\/yoast.com\/product\/yoast-seo-wordpress\/ -->\n<title>Jozefina presidente? Nonsense! - FjALA e LIR\u00cb - Arkivi<\/title>\n<meta name=\"robots\" content=\"index, follow, max-snippet:-1, max-image-preview:large, max-video-preview:-1\" \/>\n<link rel=\"canonical\" href=\"https:\/\/fjala.info\/2009-2015\/jozefina-presidente-nonsense\/\" \/>\n<meta property=\"og:locale\" content=\"sq_AL\" \/>\n<meta property=\"og:type\" content=\"article\" \/>\n<meta property=\"og:title\" content=\"Jozefina presidente? Nonsense! - FjALA e LIR\u00cb - Arkivi\" \/>\n<meta property=\"og:description\" content=\"Nga Arben \u00c7okaj, 18.05.2012 Po, \u00ebsht\u00eb e mundur. Jozefina Topalli mund t\u00eb b\u00ebhet presidente, edhe pse kjo mund t\u00eb jet\u00eb nj\u00eb zgjidhje fatkeqe p\u00ebr Shqip\u00ebrin\u00eb. Por p\u00ebrderisa presidenti zgjidhet tek ne n\u00eb k\u00ebt\u00eb m\u00ebnyr\u00eb, dhe p\u00ebrderisa politika shqiptare ka r\u00ebn\u00eb n\u00eb k\u00ebto duar q\u00eb \u00ebsht\u00eb tani, at\u00ebher\u00eb logjika t\u00eb shtyn t\u00eb mendosh, se Berisha do [&hellip;]\" \/>\n<meta property=\"og:url\" content=\"https:\/\/fjala.info\/2009-2015\/jozefina-presidente-nonsense\/\" \/>\n<meta property=\"og:site_name\" content=\"FjALA e LIR\u00cb - Arkivi\" \/>\n<meta property=\"article:published_time\" content=\"2012-05-18T21:31:22+00:00\" \/>\n<meta property=\"og:image\" content=\"http:\/\/www.shkoder.net\/ac.gif\" \/>\n<meta name=\"author\" content=\"admin\" \/>\n<meta name=\"twitter:card\" content=\"summary_large_image\" \/>\n<meta name=\"twitter:label1\" content=\"Written by\" \/>\n\t<meta name=\"twitter:data1\" content=\"admin\" \/>\n\t<meta name=\"twitter:label2\" content=\"Est. reading time\" \/>\n\t<meta name=\"twitter:data2\" content=\"7 minutes\" \/>\n<script type=\"application\/ld+json\" class=\"yoast-schema-graph\">{\"@context\":\"https:\\\/\\\/schema.org\",\"@graph\":[{\"@type\":\"Article\",\"@id\":\"https:\\\/\\\/fjala.info\\\/2009-2015\\\/jozefina-presidente-nonsense\\\/#article\",\"isPartOf\":{\"@id\":\"https:\\\/\\\/fjala.info\\\/2009-2015\\\/jozefina-presidente-nonsense\\\/\"},\"author\":{\"name\":\"admin\",\"@id\":\"https:\\\/\\\/fjala.info\\\/2009-2015\\\/#\\\/schema\\\/person\\\/3aa1163ef05469c496fc94e77611ada2\"},\"headline\":\"Jozefina presidente? Nonsense!\",\"datePublished\":\"2012-05-18T21:31:22+00:00\",\"mainEntityOfPage\":{\"@id\":\"https:\\\/\\\/fjala.info\\\/2009-2015\\\/jozefina-presidente-nonsense\\\/\"},\"wordCount\":1398,\"commentCount\":1,\"publisher\":{\"@id\":\"https:\\\/\\\/fjala.info\\\/2009-2015\\\/#organization\"},\"image\":{\"@id\":\"https:\\\/\\\/fjala.info\\\/2009-2015\\\/jozefina-presidente-nonsense\\\/#primaryimage\"},\"thumbnailUrl\":\"http:\\\/\\\/www.shkoder.net\\\/ac.gif\",\"articleSection\":[\"Artikuj\"],\"inLanguage\":\"sq-AL\",\"potentialAction\":[{\"@type\":\"CommentAction\",\"name\":\"Comment\",\"target\":[\"https:\\\/\\\/fjala.info\\\/2009-2015\\\/jozefina-presidente-nonsense\\\/#respond\"]}]},{\"@type\":\"WebPage\",\"@id\":\"https:\\\/\\\/fjala.info\\\/2009-2015\\\/jozefina-presidente-nonsense\\\/\",\"url\":\"https:\\\/\\\/fjala.info\\\/2009-2015\\\/jozefina-presidente-nonsense\\\/\",\"name\":\"Jozefina presidente? Nonsense! - FjALA e LIR\u00cb - Arkivi\",\"isPartOf\":{\"@id\":\"https:\\\/\\\/fjala.info\\\/2009-2015\\\/#website\"},\"primaryImageOfPage\":{\"@id\":\"https:\\\/\\\/fjala.info\\\/2009-2015\\\/jozefina-presidente-nonsense\\\/#primaryimage\"},\"image\":{\"@id\":\"https:\\\/\\\/fjala.info\\\/2009-2015\\\/jozefina-presidente-nonsense\\\/#primaryimage\"},\"thumbnailUrl\":\"http:\\\/\\\/www.shkoder.net\\\/ac.gif\",\"datePublished\":\"2012-05-18T21:31:22+00:00\",\"breadcrumb\":{\"@id\":\"https:\\\/\\\/fjala.info\\\/2009-2015\\\/jozefina-presidente-nonsense\\\/#breadcrumb\"},\"inLanguage\":\"sq-AL\",\"potentialAction\":[{\"@type\":\"ReadAction\",\"target\":[\"https:\\\/\\\/fjala.info\\\/2009-2015\\\/jozefina-presidente-nonsense\\\/\"]}]},{\"@type\":\"ImageObject\",\"inLanguage\":\"sq-AL\",\"@id\":\"https:\\\/\\\/fjala.info\\\/2009-2015\\\/jozefina-presidente-nonsense\\\/#primaryimage\",\"url\":\"http:\\\/\\\/www.shkoder.net\\\/ac.gif\",\"contentUrl\":\"http:\\\/\\\/www.shkoder.net\\\/ac.gif\"},{\"@type\":\"BreadcrumbList\",\"@id\":\"https:\\\/\\\/fjala.info\\\/2009-2015\\\/jozefina-presidente-nonsense\\\/#breadcrumb\",\"itemListElement\":[{\"@type\":\"ListItem\",\"position\":1,\"name\":\"Home\",\"item\":\"https:\\\/\\\/fjala.info\\\/2009-2015\\\/\"},{\"@type\":\"ListItem\",\"position\":2,\"name\":\"Jozefina presidente? Nonsense!\"}]},{\"@type\":\"WebSite\",\"@id\":\"https:\\\/\\\/fjala.info\\\/2009-2015\\\/#website\",\"url\":\"https:\\\/\\\/fjala.info\\\/2009-2015\\\/\",\"name\":\"FjALA e LIR\u00cb - Arkivi\",\"description\":\"Arkivi 2009-2015\",\"publisher\":{\"@id\":\"https:\\\/\\\/fjala.info\\\/2009-2015\\\/#organization\"},\"potentialAction\":[{\"@type\":\"SearchAction\",\"target\":{\"@type\":\"EntryPoint\",\"urlTemplate\":\"https:\\\/\\\/fjala.info\\\/2009-2015\\\/?s={search_term_string}\"},\"query-input\":{\"@type\":\"PropertyValueSpecification\",\"valueRequired\":true,\"valueName\":\"search_term_string\"}}],\"inLanguage\":\"sq-AL\"},{\"@type\":\"Organization\",\"@id\":\"https:\\\/\\\/fjala.info\\\/2009-2015\\\/#organization\",\"name\":\"FjALA e LIR\u00cb - Arkivi\",\"url\":\"https:\\\/\\\/fjala.info\\\/2009-2015\\\/\",\"logo\":{\"@type\":\"ImageObject\",\"inLanguage\":\"sq-AL\",\"@id\":\"https:\\\/\\\/fjala.info\\\/2009-2015\\\/#\\\/schema\\\/logo\\\/image\\\/\",\"url\":\"\",\"contentUrl\":\"\",\"caption\":\"FjALA e LIR\u00cb - Arkivi\"},\"image\":{\"@id\":\"https:\\\/\\\/fjala.info\\\/2009-2015\\\/#\\\/schema\\\/logo\\\/image\\\/\"}},{\"@type\":\"Person\",\"@id\":\"https:\\\/\\\/fjala.info\\\/2009-2015\\\/#\\\/schema\\\/person\\\/3aa1163ef05469c496fc94e77611ada2\",\"name\":\"admin\",\"image\":{\"@type\":\"ImageObject\",\"inLanguage\":\"sq-AL\",\"@id\":\"https:\\\/\\\/fjala.info\\\/2009-2015\\\/wp-content\\\/uploads\\\/2012\\\/02\\\/arben_cokaj-120x150.jpg\",\"url\":\"https:\\\/\\\/fjala.info\\\/2009-2015\\\/wp-content\\\/uploads\\\/2012\\\/02\\\/arben_cokaj-120x150.jpg\",\"contentUrl\":\"https:\\\/\\\/fjala.info\\\/2009-2015\\\/wp-content\\\/uploads\\\/2012\\\/02\\\/arben_cokaj-120x150.jpg\",\"caption\":\"admin\"},\"description\":\"Admin, Fjala e Lir\u00eb\",\"sameAs\":[\"https:\\\/\\\/fjala.info\\\/\"],\"url\":\"https:\\\/\\\/fjala.info\\\/2009-2015\\\/author\\\/admin\\\/\"}]}<\/script>\n<!-- \/ Yoast SEO plugin. -->","yoast_head_json":{"title":"Jozefina presidente? Nonsense! - FjALA e LIR\u00cb - Arkivi","robots":{"index":"index","follow":"follow","max-snippet":"max-snippet:-1","max-image-preview":"max-image-preview:large","max-video-preview":"max-video-preview:-1"},"canonical":"https:\/\/fjala.info\/2009-2015\/jozefina-presidente-nonsense\/","og_locale":"sq_AL","og_type":"article","og_title":"Jozefina presidente? Nonsense! - FjALA e LIR\u00cb - Arkivi","og_description":"Nga Arben \u00c7okaj, 18.05.2012 Po, \u00ebsht\u00eb e mundur. Jozefina Topalli mund t\u00eb b\u00ebhet presidente, edhe pse kjo mund t\u00eb jet\u00eb nj\u00eb zgjidhje fatkeqe p\u00ebr Shqip\u00ebrin\u00eb. Por p\u00ebrderisa presidenti zgjidhet tek ne n\u00eb k\u00ebt\u00eb m\u00ebnyr\u00eb, dhe p\u00ebrderisa politika shqiptare ka r\u00ebn\u00eb n\u00eb k\u00ebto duar q\u00eb \u00ebsht\u00eb tani, at\u00ebher\u00eb logjika t\u00eb shtyn t\u00eb mendosh, se Berisha do [&hellip;]","og_url":"https:\/\/fjala.info\/2009-2015\/jozefina-presidente-nonsense\/","og_site_name":"FjALA e LIR\u00cb - Arkivi","article_published_time":"2012-05-18T21:31:22+00:00","og_image":[{"url":"http:\/\/www.shkoder.net\/ac.gif","type":"","width":"","height":""}],"author":"admin","twitter_card":"summary_large_image","twitter_misc":{"Written by":"admin","Est. reading time":"7 minutes"},"schema":{"@context":"https:\/\/schema.org","@graph":[{"@type":"Article","@id":"https:\/\/fjala.info\/2009-2015\/jozefina-presidente-nonsense\/#article","isPartOf":{"@id":"https:\/\/fjala.info\/2009-2015\/jozefina-presidente-nonsense\/"},"author":{"name":"admin","@id":"https:\/\/fjala.info\/2009-2015\/#\/schema\/person\/3aa1163ef05469c496fc94e77611ada2"},"headline":"Jozefina presidente? Nonsense!","datePublished":"2012-05-18T21:31:22+00:00","mainEntityOfPage":{"@id":"https:\/\/fjala.info\/2009-2015\/jozefina-presidente-nonsense\/"},"wordCount":1398,"commentCount":1,"publisher":{"@id":"https:\/\/fjala.info\/2009-2015\/#organization"},"image":{"@id":"https:\/\/fjala.info\/2009-2015\/jozefina-presidente-nonsense\/#primaryimage"},"thumbnailUrl":"http:\/\/www.shkoder.net\/ac.gif","articleSection":["Artikuj"],"inLanguage":"sq-AL","potentialAction":[{"@type":"CommentAction","name":"Comment","target":["https:\/\/fjala.info\/2009-2015\/jozefina-presidente-nonsense\/#respond"]}]},{"@type":"WebPage","@id":"https:\/\/fjala.info\/2009-2015\/jozefina-presidente-nonsense\/","url":"https:\/\/fjala.info\/2009-2015\/jozefina-presidente-nonsense\/","name":"Jozefina presidente? Nonsense! - FjALA e LIR\u00cb - Arkivi","isPartOf":{"@id":"https:\/\/fjala.info\/2009-2015\/#website"},"primaryImageOfPage":{"@id":"https:\/\/fjala.info\/2009-2015\/jozefina-presidente-nonsense\/#primaryimage"},"image":{"@id":"https:\/\/fjala.info\/2009-2015\/jozefina-presidente-nonsense\/#primaryimage"},"thumbnailUrl":"http:\/\/www.shkoder.net\/ac.gif","datePublished":"2012-05-18T21:31:22+00:00","breadcrumb":{"@id":"https:\/\/fjala.info\/2009-2015\/jozefina-presidente-nonsense\/#breadcrumb"},"inLanguage":"sq-AL","potentialAction":[{"@type":"ReadAction","target":["https:\/\/fjala.info\/2009-2015\/jozefina-presidente-nonsense\/"]}]},{"@type":"ImageObject","inLanguage":"sq-AL","@id":"https:\/\/fjala.info\/2009-2015\/jozefina-presidente-nonsense\/#primaryimage","url":"http:\/\/www.shkoder.net\/ac.gif","contentUrl":"http:\/\/www.shkoder.net\/ac.gif"},{"@type":"BreadcrumbList","@id":"https:\/\/fjala.info\/2009-2015\/jozefina-presidente-nonsense\/#breadcrumb","itemListElement":[{"@type":"ListItem","position":1,"name":"Home","item":"https:\/\/fjala.info\/2009-2015\/"},{"@type":"ListItem","position":2,"name":"Jozefina presidente? Nonsense!"}]},{"@type":"WebSite","@id":"https:\/\/fjala.info\/2009-2015\/#website","url":"https:\/\/fjala.info\/2009-2015\/","name":"FjALA e LIR\u00cb - Arkivi","description":"Arkivi 2009-2015","publisher":{"@id":"https:\/\/fjala.info\/2009-2015\/#organization"},"potentialAction":[{"@type":"SearchAction","target":{"@type":"EntryPoint","urlTemplate":"https:\/\/fjala.info\/2009-2015\/?s={search_term_string}"},"query-input":{"@type":"PropertyValueSpecification","valueRequired":true,"valueName":"search_term_string"}}],"inLanguage":"sq-AL"},{"@type":"Organization","@id":"https:\/\/fjala.info\/2009-2015\/#organization","name":"FjALA e LIR\u00cb - Arkivi","url":"https:\/\/fjala.info\/2009-2015\/","logo":{"@type":"ImageObject","inLanguage":"sq-AL","@id":"https:\/\/fjala.info\/2009-2015\/#\/schema\/logo\/image\/","url":"","contentUrl":"","caption":"FjALA e LIR\u00cb - Arkivi"},"image":{"@id":"https:\/\/fjala.info\/2009-2015\/#\/schema\/logo\/image\/"}},{"@type":"Person","@id":"https:\/\/fjala.info\/2009-2015\/#\/schema\/person\/3aa1163ef05469c496fc94e77611ada2","name":"admin","image":{"@type":"ImageObject","inLanguage":"sq-AL","@id":"https:\/\/fjala.info\/2009-2015\/wp-content\/uploads\/2012\/02\/arben_cokaj-120x150.jpg","url":"https:\/\/fjala.info\/2009-2015\/wp-content\/uploads\/2012\/02\/arben_cokaj-120x150.jpg","contentUrl":"https:\/\/fjala.info\/2009-2015\/wp-content\/uploads\/2012\/02\/arben_cokaj-120x150.jpg","caption":"admin"},"description":"Admin, Fjala e Lir\u00eb","sameAs":["https:\/\/fjala.info\/"],"url":"https:\/\/fjala.info\/2009-2015\/author\/admin\/"}]}},"_links":{"self":[{"href":"https:\/\/fjala.info\/2009-2015\/wp-json\/wp\/v2\/posts\/2825","targetHints":{"allow":["GET"]}}],"collection":[{"href":"https:\/\/fjala.info\/2009-2015\/wp-json\/wp\/v2\/posts"}],"about":[{"href":"https:\/\/fjala.info\/2009-2015\/wp-json\/wp\/v2\/types\/post"}],"author":[{"embeddable":true,"href":"https:\/\/fjala.info\/2009-2015\/wp-json\/wp\/v2\/users\/1"}],"replies":[{"embeddable":true,"href":"https:\/\/fjala.info\/2009-2015\/wp-json\/wp\/v2\/comments?post=2825"}],"version-history":[{"count":0,"href":"https:\/\/fjala.info\/2009-2015\/wp-json\/wp\/v2\/posts\/2825\/revisions"}],"wp:attachment":[{"href":"https:\/\/fjala.info\/2009-2015\/wp-json\/wp\/v2\/media?parent=2825"}],"wp:term":[{"taxonomy":"category","embeddable":true,"href":"https:\/\/fjala.info\/2009-2015\/wp-json\/wp\/v2\/categories?post=2825"},{"taxonomy":"post_tag","embeddable":true,"href":"https:\/\/fjala.info\/2009-2015\/wp-json\/wp\/v2\/tags?post=2825"}],"curies":[{"name":"wp","href":"https:\/\/api.w.org\/{rel}","templated":true}]}}