{"id":2823,"date":"2012-05-18T22:24:10","date_gmt":"2012-05-18T21:24:10","guid":{"rendered":"http:\/\/fjala.shkoder.net\/?p=2823"},"modified":"2012-05-18T22:24:10","modified_gmt":"2012-05-18T21:24:10","slug":"shqiperia-e-re-dhe-tradicionale","status":"publish","type":"post","link":"https:\/\/fjala.info\/2009-2015\/shqiperia-e-re-dhe-tradicionale\/","title":{"rendered":"Shqip\u00ebria, e re dhe tradicionale"},"content":{"rendered":"<p><img decoding=\"async\" class=\"alignright size-thumbnail wp-image-7236\" title=\"Afrim Krasniqi\" src=\"http:\/\/www.shkoder.net\/images\/fjala\/afrim_krasniqi.jpg\" alt=\"\" width=\"150\" \/> <strong>Afrim Krasniqi<\/strong><\/p>\n<p>Jav\u00ebn e kaluar, kur Komisionieri i BE-s\u00eb p\u00ebr Zgjerimin Stefan Fule mbajti nj\u00eb fjalim n\u00eb parlamentin shqiptar, ai ndeshi nj\u00eb Shqip\u00ebri tjet\u00ebr politike: pal\u00eb q\u00eb d\u00ebgjonin, politikan\u00eb q\u00eb duartrokisnin kritikat, zyrtar\u00eb q\u00eb flisnin p\u00ebr reforma dhe dialog, parlamentar\u00eb q\u00eb konfirmonin klim\u00ebn e re politike dhe lider\u00eb politik\u00eb q\u00eb ngrinin dolli n\u00eb gosti zyrtare duke premtuar nxjerrjen e m\u00ebsimeve nga gabimet e t\u00eb kaluar\u00ebs.<\/p>\n<p>At\u00eb dit\u00eb, media e publiku mor\u00ebn frym\u00eb: Shqip\u00ebria mund t\u00eb ket\u00eb nj\u00eb shans pozitiv p\u00ebr ftes\u00ebn e an\u00ebtar\u00ebsimit. 24 or\u00eb m\u00eb pas, kur Tirana politike \u201cu \u00e7lirua\u201d nga presioni dhe prezenca e Fyles dhe BE-s\u00eb, pam\u00eb nj\u00eb Shqip\u00ebri tjet\u00ebr, at\u00eb tradicionale: pal\u00eb q\u00eb akuzonin nj\u00ebra-tjetr\u00ebn, fjalor fyes midis dy lider\u00ebve kryesor\u00eb politik\u00eb, mbledhje t\u00eb d\u00ebshtuara t\u00eb komisioneve t\u00eb reform\u00ebs zgjedhore e institucionale, ultimatume e sulme denigruese t\u00eb skajshme!<\/p>\n<p>Media e publiku nuk mund t\u00eb kishte m\u00eb dyshim: kjo fytyr\u00eb politike tradicionale e Shqip\u00ebris\u00eb ka qen\u00eb, \u00ebsht\u00eb e do t\u00eb mbetet edhe m\u00eb tej penalizuese p\u00ebr \u00e7do projekt madhor integrues dhe p\u00ebrparues t\u00eb Shqip\u00ebris\u00eb. \u00c7far\u00eb ndodhi brenda 24 or\u00ebve midis Shqip\u00ebris\u00eb tjet\u00ebr dhe Shqip\u00ebris\u00eb tradicionale? N\u00ebse analizon brend\u00ebsin\u00eb e zhvillimeve nuk ndodhi asgj\u00eb e jasht\u00ebzakonshme, thjesht pal\u00ebt iu rikthyen kalkulimeve personale politike.<\/p>\n<p>Duket se pal\u00ebt u ndodh\u00ebn n\u00eb dilem\u00ebn se cila \u00ebsht\u00eb m\u00eb e frytshme: nj\u00eb reform\u00eb zgjedhore q\u00eb krijon besim dhe zgjidh ng\u00ebr\u00e7in nj\u00ebzet vje\u00e7ar apo nj\u00eb KQZ dhe model zgjedhor q\u00eb mban\/jep pushtet pavar\u00ebsisht votave popullore? Nj\u00eb kryetar i ri shteti q\u00eb d\u00ebshmon maturi, integritet dhe sjellje institucionale gjith\u00ebp\u00ebrfshir\u00ebse apo nj\u00eb noter besnik t\u00eb ligjeve n\u00eb godin\u00ebn e ish ambasad\u00ebs sovjetike? Nj\u00ebpakt komb\u00ebtar gjith\u00ebp\u00ebrfshir\u00ebs, transparent, reformator dhe afatgjat\u00eb p\u00ebr integrimin, apo rikthim t\u00eb skenar\u00ebve orientale me darka t\u00eb fshehta gjirizeve t\u00eb detit, studiove t\u00eb nat\u00ebs dhe ankandit p\u00ebr blerje deputet\u00ebsh?<\/p>\n<p>Zgjedhja e tyre ishte dhe mbetet ajo tradicionale, &#8211; konflikt n\u00eb vend t\u00eb dialogut, pushtet personal n\u00eb vend t\u00eb ndarjes s\u00eb pushteteve, lider\u00eb t\u00eb fort\u00eb n\u00eb vend t\u00eb institucioneve t\u00eb forta, pazare ballkanike n\u00eb vend t\u00eb sjelljes institucionale, dhe mbi t\u00eb gjitha, &#8211; monopol personal mbi vot\u00ebn, sovranitetin qytetar dhe institucionet politike vendimmarr\u00ebse.<\/p>\n<p>Kaq mjaftoi q\u00eb Shqip\u00ebria tradicionale t\u00eb shuaj\u00eb \u00e7do shpres\u00eb ndryshimi e reflektimi, t\u00eb mbyll\u00eb \u00e7do shteg integrimi dhe progresi, t\u00eb err\u00ebsoj\u00eb \u00e7do drit\u00eb n\u00eb fundin e tunelit t\u00eb tranzicionit, &#8211; fatkeq\u00ebsisht, duke u fshehur edhe k\u00ebt\u00eb her\u00eb pas alibive mbi integrimin, rregullat, moralin dhe legjitimitetin, &#8211; kat\u00ebr cil\u00ebsi q\u00eb mungojn\u00eb t\u00ebr\u00ebsisht prij\u00ebsve politik\u00eb t\u00eb dy dekadave tranzicion.<\/p>\n<p>Konflikti i mentaliteteve po kthehet n\u00eb konflikt brezash dhe konflikt shoq\u00ebror: nj\u00eb shumic\u00eb q\u00eb k\u00ebrkon stabilitet e demokraci funksional\u00eb dhe nj\u00eb pakic\u00eb q\u00eb sundon n\u00eb em\u00ebr t\u00eb shumic\u00ebs, e cila me veprimet dhe mosveprimet e tyre shkelmon shanset e integrimit! Kemi nj\u00eb shumic\u00eb q\u00eb k\u00ebrkon sjellje qytetare dhe p\u00ebrgjegjshm\u00ebri politike dhe nj\u00eb pakic\u00eb, e cila e trajton publikun dhe interesat e tij si bezdi p\u00ebrpara agjend\u00ebs s\u00eb vet personale p\u00ebr ruajtjen me \u00e7do kusht t\u00eb pushtetit apo marrjen me \u00e7do kusht t\u00eb tij.<\/p>\n<p>Nj\u00eb shoq\u00ebri q\u00eb me reform\u00eb zgjedhore quan ndarjen e posteve PD-PS n\u00eb KQZ apo veton e tyre periodike n\u00eb (keq)num\u00ebrimin e votave, me reform\u00eb institucionale quan ndarjen e minutave t\u00eb sharjeve para ose pas votimit parlamentar dhe q\u00eb nj\u00ebher\u00ebsh, me President dinjitoz n\u00ebnkupton imponimin e emrave, t\u00eb cil\u00ebt me karrier\u00ebn e bilancin e tyre negativ jan\u00eb nj\u00eb fyerje ndaj memorien ton\u00eb kolektive dhe intelektit qytetar, &#8211; \u00ebsht\u00eb dhe do t\u00eb jet\u00eb e d\u00ebnuar t\u00eb mbetet viktim\u00eb e nj\u00eb sistemi politik antivler\u00eb dhe t\u00eb mo\u00e7alosur.<\/p>\n<p>Dhe si\u00e7 thoshte Konica i madh, nga mo\u00e7ali n\u00eb vend t\u00eb buqetave me lule e frutave t\u00eb sh\u00ebndetshme dalin p\u00ebrher\u00eb vet\u00ebm kallama t\u00eb gjat\u00eb, skelete bim\u00ebsh pa fruta ose thith\u00eblopa!<br \/>\nN\u00ebse nuk reflektohet n\u00eb koh\u00eb, nuk ka sens p\u00ebrgjegj\u00ebsie dhe as presion direkt detyrues publik e nd\u00ebrkomb\u00ebtar, at\u00ebher\u00eb rezultati \u00ebsht\u00eb i paevituesh\u00ebm: n\u00eb loj\u00eb nuk jan\u00eb votimi elektronik dhe as kryetari i KQZ, nuk jan\u00eb presidenti i ri dhe as em\u00ebrtesat e tij, nuk jan\u00eb 12 prioritetet e k\u00ebrkuara me ngulm ultimativ nga BE dhe as pes\u00eb k\u00ebrkesat e parashtruara nga H.Klinton muajin e kaluar.<\/p>\n<p>N\u00eb loj\u00eb \u00ebsht\u00eb dhe mbetet aft\u00ebsia e jon\u00eb p\u00ebr t\u00eb pasur nj\u00eb demokraci funksionale, p\u00ebr t\u00eb qen\u00eb serioz dhe t\u00eb p\u00ebrgjegjsh\u00ebm n\u00eb raport me qytetar\u00ebt dhe partner\u00ebt nd\u00ebrkomb\u00ebtar\u00eb, &#8211; nj\u00eb loj\u00eb periodike q\u00eb si p\u00ebrher\u00eb mund t\u00eb ket\u00eb dy &#8211; tre politikan\u00eb t\u00eb fituar, por q\u00eb ka nisur n\u00eb form\u00eb e p\u00ebrmbajtje t\u00eb gabuar, dhe me k\u00ebt\u00eb rit\u00ebm zhg\u00ebnjyes rrezikon t\u00eb shnd\u00ebrrohet n\u00eb penges\u00ebn m\u00eb t\u00eb madhe p\u00ebr progres shoq\u00ebror e shtet\u00ebror n\u00eb Shqip\u00ebri.<\/p>\n<p>(Shkrimi u botua ne gazet\u00ebn Shqiptarja.com)<br \/>\n(sg\/shqiptarja.com)<\/p>\n","protected":false},"excerpt":{"rendered":"<p>Afrim Krasniqi Jav\u00ebn e kaluar, kur Komisionieri i BE-s\u00eb p\u00ebr Zgjerimin Stefan Fule mbajti nj\u00eb fjalim n\u00eb parlamentin shqiptar, ai ndeshi nj\u00eb Shqip\u00ebri tjet\u00ebr politike: pal\u00eb q\u00eb d\u00ebgjonin, politikan\u00eb q\u00eb duartrokisnin kritikat, zyrtar\u00eb q\u00eb flisnin p\u00ebr reforma dhe dialog, parlamentar\u00eb q\u00eb konfirmonin klim\u00ebn e re politike dhe lider\u00eb politik\u00eb q\u00eb ngrinin dolli n\u00eb gosti zyrtare [&hellip;]<\/p>\n","protected":false},"author":1,"featured_media":0,"comment_status":"open","ping_status":"closed","sticky":false,"template":"","format":"standard","meta":{"footnotes":""},"categories":[2],"tags":[],"class_list":{"0":"post-2823","1":"post","2":"type-post","3":"status-publish","4":"format-standard","6":"category-artikuj"},"yoast_head":"<!-- This site is optimized with the Yoast SEO plugin v27.4 - https:\/\/yoast.com\/product\/yoast-seo-wordpress\/ -->\n<title>Shqip\u00ebria, e re dhe tradicionale - FjALA e LIR\u00cb - Arkivi<\/title>\n<meta name=\"robots\" content=\"index, follow, max-snippet:-1, max-image-preview:large, max-video-preview:-1\" \/>\n<link rel=\"canonical\" href=\"https:\/\/fjala.info\/2009-2015\/shqiperia-e-re-dhe-tradicionale\/\" \/>\n<meta property=\"og:locale\" content=\"sq_AL\" \/>\n<meta property=\"og:type\" content=\"article\" \/>\n<meta property=\"og:title\" content=\"Shqip\u00ebria, e re dhe tradicionale - FjALA e LIR\u00cb - Arkivi\" \/>\n<meta property=\"og:description\" content=\"Afrim Krasniqi Jav\u00ebn e kaluar, kur Komisionieri i BE-s\u00eb p\u00ebr Zgjerimin Stefan Fule mbajti nj\u00eb fjalim n\u00eb parlamentin shqiptar, ai ndeshi nj\u00eb Shqip\u00ebri tjet\u00ebr politike: pal\u00eb q\u00eb d\u00ebgjonin, politikan\u00eb q\u00eb duartrokisnin kritikat, zyrtar\u00eb q\u00eb flisnin p\u00ebr reforma dhe dialog, parlamentar\u00eb q\u00eb konfirmonin klim\u00ebn e re politike dhe lider\u00eb politik\u00eb q\u00eb ngrinin dolli n\u00eb gosti zyrtare [&hellip;]\" \/>\n<meta property=\"og:url\" content=\"https:\/\/fjala.info\/2009-2015\/shqiperia-e-re-dhe-tradicionale\/\" \/>\n<meta property=\"og:site_name\" content=\"FjALA e LIR\u00cb - Arkivi\" \/>\n<meta property=\"article:published_time\" content=\"2012-05-18T21:24:10+00:00\" \/>\n<meta property=\"og:image\" content=\"http:\/\/www.shkoder.net\/images\/fjala\/afrim_krasniqi.jpg\" \/>\n<meta name=\"author\" content=\"admin\" \/>\n<meta name=\"twitter:card\" content=\"summary_large_image\" \/>\n<meta name=\"twitter:label1\" content=\"Written by\" \/>\n\t<meta name=\"twitter:data1\" content=\"admin\" \/>\n\t<meta name=\"twitter:label2\" content=\"Est. reading time\" \/>\n\t<meta name=\"twitter:data2\" content=\"4 minutes\" \/>\n<script type=\"application\/ld+json\" class=\"yoast-schema-graph\">{\"@context\":\"https:\\\/\\\/schema.org\",\"@graph\":[{\"@type\":\"Article\",\"@id\":\"https:\\\/\\\/fjala.info\\\/2009-2015\\\/shqiperia-e-re-dhe-tradicionale\\\/#article\",\"isPartOf\":{\"@id\":\"https:\\\/\\\/fjala.info\\\/2009-2015\\\/shqiperia-e-re-dhe-tradicionale\\\/\"},\"author\":{\"name\":\"admin\",\"@id\":\"https:\\\/\\\/fjala.info\\\/2009-2015\\\/#\\\/schema\\\/person\\\/3aa1163ef05469c496fc94e77611ada2\"},\"headline\":\"Shqip\u00ebria, e re dhe tradicionale\",\"datePublished\":\"2012-05-18T21:24:10+00:00\",\"mainEntityOfPage\":{\"@id\":\"https:\\\/\\\/fjala.info\\\/2009-2015\\\/shqiperia-e-re-dhe-tradicionale\\\/\"},\"wordCount\":873,\"commentCount\":0,\"publisher\":{\"@id\":\"https:\\\/\\\/fjala.info\\\/2009-2015\\\/#organization\"},\"image\":{\"@id\":\"https:\\\/\\\/fjala.info\\\/2009-2015\\\/shqiperia-e-re-dhe-tradicionale\\\/#primaryimage\"},\"thumbnailUrl\":\"http:\\\/\\\/www.shkoder.net\\\/images\\\/fjala\\\/afrim_krasniqi.jpg\",\"articleSection\":[\"Artikuj\"],\"inLanguage\":\"sq-AL\",\"potentialAction\":[{\"@type\":\"CommentAction\",\"name\":\"Comment\",\"target\":[\"https:\\\/\\\/fjala.info\\\/2009-2015\\\/shqiperia-e-re-dhe-tradicionale\\\/#respond\"]}]},{\"@type\":\"WebPage\",\"@id\":\"https:\\\/\\\/fjala.info\\\/2009-2015\\\/shqiperia-e-re-dhe-tradicionale\\\/\",\"url\":\"https:\\\/\\\/fjala.info\\\/2009-2015\\\/shqiperia-e-re-dhe-tradicionale\\\/\",\"name\":\"Shqip\u00ebria, e re dhe tradicionale - FjALA e LIR\u00cb - Arkivi\",\"isPartOf\":{\"@id\":\"https:\\\/\\\/fjala.info\\\/2009-2015\\\/#website\"},\"primaryImageOfPage\":{\"@id\":\"https:\\\/\\\/fjala.info\\\/2009-2015\\\/shqiperia-e-re-dhe-tradicionale\\\/#primaryimage\"},\"image\":{\"@id\":\"https:\\\/\\\/fjala.info\\\/2009-2015\\\/shqiperia-e-re-dhe-tradicionale\\\/#primaryimage\"},\"thumbnailUrl\":\"http:\\\/\\\/www.shkoder.net\\\/images\\\/fjala\\\/afrim_krasniqi.jpg\",\"datePublished\":\"2012-05-18T21:24:10+00:00\",\"breadcrumb\":{\"@id\":\"https:\\\/\\\/fjala.info\\\/2009-2015\\\/shqiperia-e-re-dhe-tradicionale\\\/#breadcrumb\"},\"inLanguage\":\"sq-AL\",\"potentialAction\":[{\"@type\":\"ReadAction\",\"target\":[\"https:\\\/\\\/fjala.info\\\/2009-2015\\\/shqiperia-e-re-dhe-tradicionale\\\/\"]}]},{\"@type\":\"ImageObject\",\"inLanguage\":\"sq-AL\",\"@id\":\"https:\\\/\\\/fjala.info\\\/2009-2015\\\/shqiperia-e-re-dhe-tradicionale\\\/#primaryimage\",\"url\":\"http:\\\/\\\/www.shkoder.net\\\/images\\\/fjala\\\/afrim_krasniqi.jpg\",\"contentUrl\":\"http:\\\/\\\/www.shkoder.net\\\/images\\\/fjala\\\/afrim_krasniqi.jpg\"},{\"@type\":\"BreadcrumbList\",\"@id\":\"https:\\\/\\\/fjala.info\\\/2009-2015\\\/shqiperia-e-re-dhe-tradicionale\\\/#breadcrumb\",\"itemListElement\":[{\"@type\":\"ListItem\",\"position\":1,\"name\":\"Home\",\"item\":\"https:\\\/\\\/fjala.info\\\/2009-2015\\\/\"},{\"@type\":\"ListItem\",\"position\":2,\"name\":\"Shqip\u00ebria, e re dhe tradicionale\"}]},{\"@type\":\"WebSite\",\"@id\":\"https:\\\/\\\/fjala.info\\\/2009-2015\\\/#website\",\"url\":\"https:\\\/\\\/fjala.info\\\/2009-2015\\\/\",\"name\":\"FjALA e LIR\u00cb - Arkivi\",\"description\":\"Arkivi 2009-2015\",\"publisher\":{\"@id\":\"https:\\\/\\\/fjala.info\\\/2009-2015\\\/#organization\"},\"potentialAction\":[{\"@type\":\"SearchAction\",\"target\":{\"@type\":\"EntryPoint\",\"urlTemplate\":\"https:\\\/\\\/fjala.info\\\/2009-2015\\\/?s={search_term_string}\"},\"query-input\":{\"@type\":\"PropertyValueSpecification\",\"valueRequired\":true,\"valueName\":\"search_term_string\"}}],\"inLanguage\":\"sq-AL\"},{\"@type\":\"Organization\",\"@id\":\"https:\\\/\\\/fjala.info\\\/2009-2015\\\/#organization\",\"name\":\"FjALA e LIR\u00cb - Arkivi\",\"url\":\"https:\\\/\\\/fjala.info\\\/2009-2015\\\/\",\"logo\":{\"@type\":\"ImageObject\",\"inLanguage\":\"sq-AL\",\"@id\":\"https:\\\/\\\/fjala.info\\\/2009-2015\\\/#\\\/schema\\\/logo\\\/image\\\/\",\"url\":\"\",\"contentUrl\":\"\",\"caption\":\"FjALA e LIR\u00cb - Arkivi\"},\"image\":{\"@id\":\"https:\\\/\\\/fjala.info\\\/2009-2015\\\/#\\\/schema\\\/logo\\\/image\\\/\"}},{\"@type\":\"Person\",\"@id\":\"https:\\\/\\\/fjala.info\\\/2009-2015\\\/#\\\/schema\\\/person\\\/3aa1163ef05469c496fc94e77611ada2\",\"name\":\"admin\",\"image\":{\"@type\":\"ImageObject\",\"inLanguage\":\"sq-AL\",\"@id\":\"https:\\\/\\\/fjala.info\\\/2009-2015\\\/wp-content\\\/uploads\\\/2012\\\/02\\\/arben_cokaj-120x150.jpg\",\"url\":\"https:\\\/\\\/fjala.info\\\/2009-2015\\\/wp-content\\\/uploads\\\/2012\\\/02\\\/arben_cokaj-120x150.jpg\",\"contentUrl\":\"https:\\\/\\\/fjala.info\\\/2009-2015\\\/wp-content\\\/uploads\\\/2012\\\/02\\\/arben_cokaj-120x150.jpg\",\"caption\":\"admin\"},\"description\":\"Admin, Fjala e Lir\u00eb\",\"sameAs\":[\"https:\\\/\\\/fjala.info\\\/\"],\"url\":\"https:\\\/\\\/fjala.info\\\/2009-2015\\\/author\\\/admin\\\/\"}]}<\/script>\n<!-- \/ Yoast SEO plugin. -->","yoast_head_json":{"title":"Shqip\u00ebria, e re dhe tradicionale - FjALA e LIR\u00cb - Arkivi","robots":{"index":"index","follow":"follow","max-snippet":"max-snippet:-1","max-image-preview":"max-image-preview:large","max-video-preview":"max-video-preview:-1"},"canonical":"https:\/\/fjala.info\/2009-2015\/shqiperia-e-re-dhe-tradicionale\/","og_locale":"sq_AL","og_type":"article","og_title":"Shqip\u00ebria, e re dhe tradicionale - FjALA e LIR\u00cb - Arkivi","og_description":"Afrim Krasniqi Jav\u00ebn e kaluar, kur Komisionieri i BE-s\u00eb p\u00ebr Zgjerimin Stefan Fule mbajti nj\u00eb fjalim n\u00eb parlamentin shqiptar, ai ndeshi nj\u00eb Shqip\u00ebri tjet\u00ebr politike: pal\u00eb q\u00eb d\u00ebgjonin, politikan\u00eb q\u00eb duartrokisnin kritikat, zyrtar\u00eb q\u00eb flisnin p\u00ebr reforma dhe dialog, parlamentar\u00eb q\u00eb konfirmonin klim\u00ebn e re politike dhe lider\u00eb politik\u00eb q\u00eb ngrinin dolli n\u00eb gosti zyrtare [&hellip;]","og_url":"https:\/\/fjala.info\/2009-2015\/shqiperia-e-re-dhe-tradicionale\/","og_site_name":"FjALA e LIR\u00cb - Arkivi","article_published_time":"2012-05-18T21:24:10+00:00","og_image":[{"url":"http:\/\/www.shkoder.net\/images\/fjala\/afrim_krasniqi.jpg","type":"","width":"","height":""}],"author":"admin","twitter_card":"summary_large_image","twitter_misc":{"Written by":"admin","Est. reading time":"4 minutes"},"schema":{"@context":"https:\/\/schema.org","@graph":[{"@type":"Article","@id":"https:\/\/fjala.info\/2009-2015\/shqiperia-e-re-dhe-tradicionale\/#article","isPartOf":{"@id":"https:\/\/fjala.info\/2009-2015\/shqiperia-e-re-dhe-tradicionale\/"},"author":{"name":"admin","@id":"https:\/\/fjala.info\/2009-2015\/#\/schema\/person\/3aa1163ef05469c496fc94e77611ada2"},"headline":"Shqip\u00ebria, e re dhe tradicionale","datePublished":"2012-05-18T21:24:10+00:00","mainEntityOfPage":{"@id":"https:\/\/fjala.info\/2009-2015\/shqiperia-e-re-dhe-tradicionale\/"},"wordCount":873,"commentCount":0,"publisher":{"@id":"https:\/\/fjala.info\/2009-2015\/#organization"},"image":{"@id":"https:\/\/fjala.info\/2009-2015\/shqiperia-e-re-dhe-tradicionale\/#primaryimage"},"thumbnailUrl":"http:\/\/www.shkoder.net\/images\/fjala\/afrim_krasniqi.jpg","articleSection":["Artikuj"],"inLanguage":"sq-AL","potentialAction":[{"@type":"CommentAction","name":"Comment","target":["https:\/\/fjala.info\/2009-2015\/shqiperia-e-re-dhe-tradicionale\/#respond"]}]},{"@type":"WebPage","@id":"https:\/\/fjala.info\/2009-2015\/shqiperia-e-re-dhe-tradicionale\/","url":"https:\/\/fjala.info\/2009-2015\/shqiperia-e-re-dhe-tradicionale\/","name":"Shqip\u00ebria, e re dhe tradicionale - FjALA e LIR\u00cb - Arkivi","isPartOf":{"@id":"https:\/\/fjala.info\/2009-2015\/#website"},"primaryImageOfPage":{"@id":"https:\/\/fjala.info\/2009-2015\/shqiperia-e-re-dhe-tradicionale\/#primaryimage"},"image":{"@id":"https:\/\/fjala.info\/2009-2015\/shqiperia-e-re-dhe-tradicionale\/#primaryimage"},"thumbnailUrl":"http:\/\/www.shkoder.net\/images\/fjala\/afrim_krasniqi.jpg","datePublished":"2012-05-18T21:24:10+00:00","breadcrumb":{"@id":"https:\/\/fjala.info\/2009-2015\/shqiperia-e-re-dhe-tradicionale\/#breadcrumb"},"inLanguage":"sq-AL","potentialAction":[{"@type":"ReadAction","target":["https:\/\/fjala.info\/2009-2015\/shqiperia-e-re-dhe-tradicionale\/"]}]},{"@type":"ImageObject","inLanguage":"sq-AL","@id":"https:\/\/fjala.info\/2009-2015\/shqiperia-e-re-dhe-tradicionale\/#primaryimage","url":"http:\/\/www.shkoder.net\/images\/fjala\/afrim_krasniqi.jpg","contentUrl":"http:\/\/www.shkoder.net\/images\/fjala\/afrim_krasniqi.jpg"},{"@type":"BreadcrumbList","@id":"https:\/\/fjala.info\/2009-2015\/shqiperia-e-re-dhe-tradicionale\/#breadcrumb","itemListElement":[{"@type":"ListItem","position":1,"name":"Home","item":"https:\/\/fjala.info\/2009-2015\/"},{"@type":"ListItem","position":2,"name":"Shqip\u00ebria, e re dhe tradicionale"}]},{"@type":"WebSite","@id":"https:\/\/fjala.info\/2009-2015\/#website","url":"https:\/\/fjala.info\/2009-2015\/","name":"FjALA e LIR\u00cb - Arkivi","description":"Arkivi 2009-2015","publisher":{"@id":"https:\/\/fjala.info\/2009-2015\/#organization"},"potentialAction":[{"@type":"SearchAction","target":{"@type":"EntryPoint","urlTemplate":"https:\/\/fjala.info\/2009-2015\/?s={search_term_string}"},"query-input":{"@type":"PropertyValueSpecification","valueRequired":true,"valueName":"search_term_string"}}],"inLanguage":"sq-AL"},{"@type":"Organization","@id":"https:\/\/fjala.info\/2009-2015\/#organization","name":"FjALA e LIR\u00cb - Arkivi","url":"https:\/\/fjala.info\/2009-2015\/","logo":{"@type":"ImageObject","inLanguage":"sq-AL","@id":"https:\/\/fjala.info\/2009-2015\/#\/schema\/logo\/image\/","url":"","contentUrl":"","caption":"FjALA e LIR\u00cb - Arkivi"},"image":{"@id":"https:\/\/fjala.info\/2009-2015\/#\/schema\/logo\/image\/"}},{"@type":"Person","@id":"https:\/\/fjala.info\/2009-2015\/#\/schema\/person\/3aa1163ef05469c496fc94e77611ada2","name":"admin","image":{"@type":"ImageObject","inLanguage":"sq-AL","@id":"https:\/\/fjala.info\/2009-2015\/wp-content\/uploads\/2012\/02\/arben_cokaj-120x150.jpg","url":"https:\/\/fjala.info\/2009-2015\/wp-content\/uploads\/2012\/02\/arben_cokaj-120x150.jpg","contentUrl":"https:\/\/fjala.info\/2009-2015\/wp-content\/uploads\/2012\/02\/arben_cokaj-120x150.jpg","caption":"admin"},"description":"Admin, Fjala e Lir\u00eb","sameAs":["https:\/\/fjala.info\/"],"url":"https:\/\/fjala.info\/2009-2015\/author\/admin\/"}]}},"_links":{"self":[{"href":"https:\/\/fjala.info\/2009-2015\/wp-json\/wp\/v2\/posts\/2823","targetHints":{"allow":["GET"]}}],"collection":[{"href":"https:\/\/fjala.info\/2009-2015\/wp-json\/wp\/v2\/posts"}],"about":[{"href":"https:\/\/fjala.info\/2009-2015\/wp-json\/wp\/v2\/types\/post"}],"author":[{"embeddable":true,"href":"https:\/\/fjala.info\/2009-2015\/wp-json\/wp\/v2\/users\/1"}],"replies":[{"embeddable":true,"href":"https:\/\/fjala.info\/2009-2015\/wp-json\/wp\/v2\/comments?post=2823"}],"version-history":[{"count":0,"href":"https:\/\/fjala.info\/2009-2015\/wp-json\/wp\/v2\/posts\/2823\/revisions"}],"wp:attachment":[{"href":"https:\/\/fjala.info\/2009-2015\/wp-json\/wp\/v2\/media?parent=2823"}],"wp:term":[{"taxonomy":"category","embeddable":true,"href":"https:\/\/fjala.info\/2009-2015\/wp-json\/wp\/v2\/categories?post=2823"},{"taxonomy":"post_tag","embeddable":true,"href":"https:\/\/fjala.info\/2009-2015\/wp-json\/wp\/v2\/tags?post=2823"}],"curies":[{"name":"wp","href":"https:\/\/api.w.org\/{rel}","templated":true}]}}