{"id":2822,"date":"2010-05-25T23:34:15","date_gmt":"2010-05-25T22:34:15","guid":{"rendered":"http:\/\/fjala.shkoder.net\/?p=2822"},"modified":"2010-05-25T23:34:15","modified_gmt":"2010-05-25T22:34:15","slug":"gafe-e-qeverise-shqiperia-republike-popullore-socialiste","status":"publish","type":"post","link":"https:\/\/fjala.info\/2009-2015\/gafe-e-qeverise-shqiperia-republike-popullore-socialiste\/","title":{"rendered":"Gaf\u00eb e qeveris\u00eb: Shqip\u00ebria Republik\u00eb Popullore Socialiste"},"content":{"rendered":"<p>\n<em>TIRANE <\/em>&#8211; Gaf\u00eb n\u00eb faqen zyrtare t\u00eb qeveris\u00eb shqiptare. Kryeministri dhe kryetarja e Kuvendit nuk e njohin vendin si Republik\u00eb e Shqip\u00ebris\u00eb, em\u00ebrtes\u00eb zyrtare q\u00eb mban prej afro 20 vjet\u00ebsh, por Republik\u00eb Popullore Socialiste. Kjo d\u00ebshmohet n\u00eb faqen zyrtare t\u00eb qeveris\u00eb. Vendime p\u00ebr propozime ligjesh apo projekt\/ligje t\u00eb miratuara nga Kuvendi dhe q\u00eb mbajn\u00eb firm\u00ebn e autoriteteve m\u00eb t\u00eb larta t\u00eb vendit, Berish\u00ebs dhe Topallit, zyrtarizojn\u00eb Shqip\u00ebrin\u00eb ende si Republik\u00eb Popullore Socialiste.<\/p>\n<p><img decoding=\"async\" style=\"margin-left: 10px; margin-right: 10px; border: 0px;\" src=\"http:\/\/www.shkoder.net\/images\/fjala\/2010\/rep_soc_shqip_topalli.jpg\" border=\"0\" alt=\"Republika Socialiste e Shqip\u00ebris\u00eb e Berish\u00ebs dhe Topallit\" width=\"500\" \/><\/p>\n<p>N\u00eb vendimin e qeveris\u00eb p\u00ebr propozim t\u00eb ligjit p\u00ebr ratifikimin e marr\u00ebveshjes me Agjensin\u00eb Nd\u00ebrkomb\u00ebtare t\u00eb Energjis\u00eb Atomike shkruhet qart\u00eb se marr\u00ebveshja me k\u00ebt\u00eb agjensi do ratifikohet jo nga em\u00ebrtimi zyrtar Republika e Shqip\u00ebris\u00eb por nga Republika Popullore Socialiste e Shqip\u00ebris\u00eb. <\/p>\n<p>Vendimi mban dat\u00ebn 20 maj t\u00eb k\u00ebtij viti dhe firm\u00ebn e kryeministrit Sali Berisha. E nj\u00ebjta gaf\u00eb \u00ebsht\u00eb p\u00ebrs\u00ebritur dhe m\u00eb tej po n\u00eb faqen zyrtare t\u00eb qeveris\u00eb n\u00eb internet. <\/p>\n<p>Kur tashm\u00eb ligji \u00ebsht\u00eb miratuar nga Kuvendi, mbi t\u00eb ka hedhur firm\u00ebn edhe kryetarja e Kuvendit, Jozefina Topalli. <\/p>\n<p>Gafa \u00ebsht\u00eb p\u00ebrs\u00ebritur jo vet\u00ebm n\u00eb prezantimin baz\u00eb t\u00eb ligjit por dhe n\u00eb nenin nj\u00eb t\u00eb tij, ku ruhet e nj\u00ebjta em\u00ebrtes\u00eb, Republika Popullore Socialiste e Shqip\u00ebris\u00eb. <\/p>\n<p>P\u00ebrmasat e k\u00ebtij skandali b\u00ebhen m\u00eb t\u00eb m\u00ebdha po t\u00eb gjykosh se si vendimi i qeveris\u00eb dhe ligji i miratuar nga Kuvendi , nuk jan\u00eb p\u00ebr qarkullim t\u00eb brendsh\u00ebm n\u00eb Shqip\u00ebri por, p\u00ebr gjith\u00eb bot\u00ebn pasi \u00ebsht\u00eb lidhur marr\u00ebveshje me nj\u00eb agjensi nd\u00ebrkomb\u00ebtare prestigjioze me t\u00eb cil\u00ebn Shqip\u00ebria k\u00ebrkon t\u00eb realizoj\u00eb nj\u00eb nga ambiciet e saj, nd\u00ebrtimin e centraleve nukleare.<\/p>\n<p>(<em>e.n\/News24\/BalkanWeb<\/em>) <\/p>\n","protected":false},"excerpt":{"rendered":"<p>TIRANE &#8211; Gaf\u00eb n\u00eb faqen zyrtare t\u00eb qeveris\u00eb shqiptare. Kryeministri dhe kryetarja e Kuvendit nuk e njohin vendin si Republik\u00eb e Shqip\u00ebris\u00eb, em\u00ebrtes\u00eb zyrtare q\u00eb mban prej afro 20 vjet\u00ebsh, por Republik\u00eb Popullore Socialiste. Kjo d\u00ebshmohet n\u00eb faqen zyrtare t\u00eb qeveris\u00eb. Vendime p\u00ebr propozime ligjesh apo projekt\/ligje t\u00eb miratuara nga Kuvendi dhe q\u00eb mbajn\u00eb firm\u00ebn [&hellip;]<\/p>\n","protected":false},"author":1,"featured_media":0,"comment_status":"open","ping_status":"closed","sticky":false,"template":"","format":"standard","meta":{"footnotes":""},"categories":[2],"tags":[],"class_list":{"0":"post-2822","1":"post","2":"type-post","3":"status-publish","4":"format-standard","6":"category-artikuj"},"yoast_head":"<!-- This site is optimized with the Yoast SEO plugin v27.4 - https:\/\/yoast.com\/product\/yoast-seo-wordpress\/ -->\n<title>Gaf\u00eb e qeveris\u00eb: Shqip\u00ebria Republik\u00eb Popullore Socialiste - FjALA e LIR\u00cb - Arkivi<\/title>\n<meta name=\"robots\" content=\"index, follow, max-snippet:-1, max-image-preview:large, max-video-preview:-1\" \/>\n<link rel=\"canonical\" href=\"https:\/\/fjala.info\/2009-2015\/gafe-e-qeverise-shqiperia-republike-popullore-socialiste\/\" \/>\n<meta property=\"og:locale\" content=\"sq_AL\" \/>\n<meta property=\"og:type\" content=\"article\" \/>\n<meta property=\"og:title\" content=\"Gaf\u00eb e qeveris\u00eb: Shqip\u00ebria Republik\u00eb Popullore Socialiste - FjALA e LIR\u00cb - Arkivi\" \/>\n<meta property=\"og:description\" content=\"TIRANE &#8211; Gaf\u00eb n\u00eb faqen zyrtare t\u00eb qeveris\u00eb shqiptare. Kryeministri dhe kryetarja e Kuvendit nuk e njohin vendin si Republik\u00eb e Shqip\u00ebris\u00eb, em\u00ebrtes\u00eb zyrtare q\u00eb mban prej afro 20 vjet\u00ebsh, por Republik\u00eb Popullore Socialiste. Kjo d\u00ebshmohet n\u00eb faqen zyrtare t\u00eb qeveris\u00eb. Vendime p\u00ebr propozime ligjesh apo projekt\/ligje t\u00eb miratuara nga Kuvendi dhe q\u00eb mbajn\u00eb firm\u00ebn [&hellip;]\" \/>\n<meta property=\"og:url\" content=\"https:\/\/fjala.info\/2009-2015\/gafe-e-qeverise-shqiperia-republike-popullore-socialiste\/\" \/>\n<meta property=\"og:site_name\" content=\"FjALA e LIR\u00cb - Arkivi\" \/>\n<meta property=\"article:published_time\" content=\"2010-05-25T22:34:15+00:00\" \/>\n<meta property=\"og:image\" content=\"http:\/\/www.shkoder.net\/images\/fjala\/2010\/rep_soc_shqip_topalli.jpg\" \/>\n<meta name=\"author\" content=\"admin\" \/>\n<meta name=\"twitter:card\" content=\"summary_large_image\" \/>\n<meta name=\"twitter:label1\" content=\"Written by\" \/>\n\t<meta name=\"twitter:data1\" content=\"admin\" \/>\n\t<meta name=\"twitter:label2\" content=\"Est. reading time\" \/>\n\t<meta name=\"twitter:data2\" content=\"1 minute\" \/>\n<script type=\"application\/ld+json\" class=\"yoast-schema-graph\">{\"@context\":\"https:\\\/\\\/schema.org\",\"@graph\":[{\"@type\":\"Article\",\"@id\":\"https:\\\/\\\/fjala.info\\\/2009-2015\\\/gafe-e-qeverise-shqiperia-republike-popullore-socialiste\\\/#article\",\"isPartOf\":{\"@id\":\"https:\\\/\\\/fjala.info\\\/2009-2015\\\/gafe-e-qeverise-shqiperia-republike-popullore-socialiste\\\/\"},\"author\":{\"name\":\"admin\",\"@id\":\"https:\\\/\\\/fjala.info\\\/2009-2015\\\/#\\\/schema\\\/person\\\/3aa1163ef05469c496fc94e77611ada2\"},\"headline\":\"Gaf\u00eb e qeveris\u00eb: Shqip\u00ebria Republik\u00eb Popullore Socialiste\",\"datePublished\":\"2010-05-25T22:34:15+00:00\",\"mainEntityOfPage\":{\"@id\":\"https:\\\/\\\/fjala.info\\\/2009-2015\\\/gafe-e-qeverise-shqiperia-republike-popullore-socialiste\\\/\"},\"wordCount\":305,\"commentCount\":0,\"publisher\":{\"@id\":\"https:\\\/\\\/fjala.info\\\/2009-2015\\\/#organization\"},\"image\":{\"@id\":\"https:\\\/\\\/fjala.info\\\/2009-2015\\\/gafe-e-qeverise-shqiperia-republike-popullore-socialiste\\\/#primaryimage\"},\"thumbnailUrl\":\"http:\\\/\\\/www.shkoder.net\\\/images\\\/fjala\\\/2010\\\/rep_soc_shqip_topalli.jpg\",\"articleSection\":[\"Artikuj\"],\"inLanguage\":\"sq-AL\",\"potentialAction\":[{\"@type\":\"CommentAction\",\"name\":\"Comment\",\"target\":[\"https:\\\/\\\/fjala.info\\\/2009-2015\\\/gafe-e-qeverise-shqiperia-republike-popullore-socialiste\\\/#respond\"]}]},{\"@type\":\"WebPage\",\"@id\":\"https:\\\/\\\/fjala.info\\\/2009-2015\\\/gafe-e-qeverise-shqiperia-republike-popullore-socialiste\\\/\",\"url\":\"https:\\\/\\\/fjala.info\\\/2009-2015\\\/gafe-e-qeverise-shqiperia-republike-popullore-socialiste\\\/\",\"name\":\"Gaf\u00eb e qeveris\u00eb: Shqip\u00ebria Republik\u00eb Popullore Socialiste - FjALA e LIR\u00cb - Arkivi\",\"isPartOf\":{\"@id\":\"https:\\\/\\\/fjala.info\\\/2009-2015\\\/#website\"},\"primaryImageOfPage\":{\"@id\":\"https:\\\/\\\/fjala.info\\\/2009-2015\\\/gafe-e-qeverise-shqiperia-republike-popullore-socialiste\\\/#primaryimage\"},\"image\":{\"@id\":\"https:\\\/\\\/fjala.info\\\/2009-2015\\\/gafe-e-qeverise-shqiperia-republike-popullore-socialiste\\\/#primaryimage\"},\"thumbnailUrl\":\"http:\\\/\\\/www.shkoder.net\\\/images\\\/fjala\\\/2010\\\/rep_soc_shqip_topalli.jpg\",\"datePublished\":\"2010-05-25T22:34:15+00:00\",\"breadcrumb\":{\"@id\":\"https:\\\/\\\/fjala.info\\\/2009-2015\\\/gafe-e-qeverise-shqiperia-republike-popullore-socialiste\\\/#breadcrumb\"},\"inLanguage\":\"sq-AL\",\"potentialAction\":[{\"@type\":\"ReadAction\",\"target\":[\"https:\\\/\\\/fjala.info\\\/2009-2015\\\/gafe-e-qeverise-shqiperia-republike-popullore-socialiste\\\/\"]}]},{\"@type\":\"ImageObject\",\"inLanguage\":\"sq-AL\",\"@id\":\"https:\\\/\\\/fjala.info\\\/2009-2015\\\/gafe-e-qeverise-shqiperia-republike-popullore-socialiste\\\/#primaryimage\",\"url\":\"http:\\\/\\\/www.shkoder.net\\\/images\\\/fjala\\\/2010\\\/rep_soc_shqip_topalli.jpg\",\"contentUrl\":\"http:\\\/\\\/www.shkoder.net\\\/images\\\/fjala\\\/2010\\\/rep_soc_shqip_topalli.jpg\"},{\"@type\":\"BreadcrumbList\",\"@id\":\"https:\\\/\\\/fjala.info\\\/2009-2015\\\/gafe-e-qeverise-shqiperia-republike-popullore-socialiste\\\/#breadcrumb\",\"itemListElement\":[{\"@type\":\"ListItem\",\"position\":1,\"name\":\"Home\",\"item\":\"https:\\\/\\\/fjala.info\\\/2009-2015\\\/\"},{\"@type\":\"ListItem\",\"position\":2,\"name\":\"Gaf\u00eb e qeveris\u00eb: Shqip\u00ebria Republik\u00eb Popullore Socialiste\"}]},{\"@type\":\"WebSite\",\"@id\":\"https:\\\/\\\/fjala.info\\\/2009-2015\\\/#website\",\"url\":\"https:\\\/\\\/fjala.info\\\/2009-2015\\\/\",\"name\":\"FjALA e LIR\u00cb - Arkivi\",\"description\":\"Arkivi 2009-2015\",\"publisher\":{\"@id\":\"https:\\\/\\\/fjala.info\\\/2009-2015\\\/#organization\"},\"potentialAction\":[{\"@type\":\"SearchAction\",\"target\":{\"@type\":\"EntryPoint\",\"urlTemplate\":\"https:\\\/\\\/fjala.info\\\/2009-2015\\\/?s={search_term_string}\"},\"query-input\":{\"@type\":\"PropertyValueSpecification\",\"valueRequired\":true,\"valueName\":\"search_term_string\"}}],\"inLanguage\":\"sq-AL\"},{\"@type\":\"Organization\",\"@id\":\"https:\\\/\\\/fjala.info\\\/2009-2015\\\/#organization\",\"name\":\"FjALA e LIR\u00cb - Arkivi\",\"url\":\"https:\\\/\\\/fjala.info\\\/2009-2015\\\/\",\"logo\":{\"@type\":\"ImageObject\",\"inLanguage\":\"sq-AL\",\"@id\":\"https:\\\/\\\/fjala.info\\\/2009-2015\\\/#\\\/schema\\\/logo\\\/image\\\/\",\"url\":\"\",\"contentUrl\":\"\",\"caption\":\"FjALA e LIR\u00cb - Arkivi\"},\"image\":{\"@id\":\"https:\\\/\\\/fjala.info\\\/2009-2015\\\/#\\\/schema\\\/logo\\\/image\\\/\"}},{\"@type\":\"Person\",\"@id\":\"https:\\\/\\\/fjala.info\\\/2009-2015\\\/#\\\/schema\\\/person\\\/3aa1163ef05469c496fc94e77611ada2\",\"name\":\"admin\",\"image\":{\"@type\":\"ImageObject\",\"inLanguage\":\"sq-AL\",\"@id\":\"https:\\\/\\\/fjala.info\\\/2009-2015\\\/wp-content\\\/uploads\\\/2012\\\/02\\\/arben_cokaj-120x150.jpg\",\"url\":\"https:\\\/\\\/fjala.info\\\/2009-2015\\\/wp-content\\\/uploads\\\/2012\\\/02\\\/arben_cokaj-120x150.jpg\",\"contentUrl\":\"https:\\\/\\\/fjala.info\\\/2009-2015\\\/wp-content\\\/uploads\\\/2012\\\/02\\\/arben_cokaj-120x150.jpg\",\"caption\":\"admin\"},\"description\":\"Admin, Fjala e Lir\u00eb\",\"sameAs\":[\"https:\\\/\\\/fjala.info\\\/\"],\"url\":\"https:\\\/\\\/fjala.info\\\/2009-2015\\\/author\\\/admin\\\/\"}]}<\/script>\n<!-- \/ Yoast SEO plugin. -->","yoast_head_json":{"title":"Gaf\u00eb e qeveris\u00eb: Shqip\u00ebria Republik\u00eb Popullore Socialiste - FjALA e LIR\u00cb - Arkivi","robots":{"index":"index","follow":"follow","max-snippet":"max-snippet:-1","max-image-preview":"max-image-preview:large","max-video-preview":"max-video-preview:-1"},"canonical":"https:\/\/fjala.info\/2009-2015\/gafe-e-qeverise-shqiperia-republike-popullore-socialiste\/","og_locale":"sq_AL","og_type":"article","og_title":"Gaf\u00eb e qeveris\u00eb: Shqip\u00ebria Republik\u00eb Popullore Socialiste - FjALA e LIR\u00cb - Arkivi","og_description":"TIRANE &#8211; Gaf\u00eb n\u00eb faqen zyrtare t\u00eb qeveris\u00eb shqiptare. Kryeministri dhe kryetarja e Kuvendit nuk e njohin vendin si Republik\u00eb e Shqip\u00ebris\u00eb, em\u00ebrtes\u00eb zyrtare q\u00eb mban prej afro 20 vjet\u00ebsh, por Republik\u00eb Popullore Socialiste. Kjo d\u00ebshmohet n\u00eb faqen zyrtare t\u00eb qeveris\u00eb. Vendime p\u00ebr propozime ligjesh apo projekt\/ligje t\u00eb miratuara nga Kuvendi dhe q\u00eb mbajn\u00eb firm\u00ebn [&hellip;]","og_url":"https:\/\/fjala.info\/2009-2015\/gafe-e-qeverise-shqiperia-republike-popullore-socialiste\/","og_site_name":"FjALA e LIR\u00cb - Arkivi","article_published_time":"2010-05-25T22:34:15+00:00","og_image":[{"url":"http:\/\/www.shkoder.net\/images\/fjala\/2010\/rep_soc_shqip_topalli.jpg","type":"","width":"","height":""}],"author":"admin","twitter_card":"summary_large_image","twitter_misc":{"Written by":"admin","Est. reading time":"1 minute"},"schema":{"@context":"https:\/\/schema.org","@graph":[{"@type":"Article","@id":"https:\/\/fjala.info\/2009-2015\/gafe-e-qeverise-shqiperia-republike-popullore-socialiste\/#article","isPartOf":{"@id":"https:\/\/fjala.info\/2009-2015\/gafe-e-qeverise-shqiperia-republike-popullore-socialiste\/"},"author":{"name":"admin","@id":"https:\/\/fjala.info\/2009-2015\/#\/schema\/person\/3aa1163ef05469c496fc94e77611ada2"},"headline":"Gaf\u00eb e qeveris\u00eb: Shqip\u00ebria Republik\u00eb Popullore Socialiste","datePublished":"2010-05-25T22:34:15+00:00","mainEntityOfPage":{"@id":"https:\/\/fjala.info\/2009-2015\/gafe-e-qeverise-shqiperia-republike-popullore-socialiste\/"},"wordCount":305,"commentCount":0,"publisher":{"@id":"https:\/\/fjala.info\/2009-2015\/#organization"},"image":{"@id":"https:\/\/fjala.info\/2009-2015\/gafe-e-qeverise-shqiperia-republike-popullore-socialiste\/#primaryimage"},"thumbnailUrl":"http:\/\/www.shkoder.net\/images\/fjala\/2010\/rep_soc_shqip_topalli.jpg","articleSection":["Artikuj"],"inLanguage":"sq-AL","potentialAction":[{"@type":"CommentAction","name":"Comment","target":["https:\/\/fjala.info\/2009-2015\/gafe-e-qeverise-shqiperia-republike-popullore-socialiste\/#respond"]}]},{"@type":"WebPage","@id":"https:\/\/fjala.info\/2009-2015\/gafe-e-qeverise-shqiperia-republike-popullore-socialiste\/","url":"https:\/\/fjala.info\/2009-2015\/gafe-e-qeverise-shqiperia-republike-popullore-socialiste\/","name":"Gaf\u00eb e qeveris\u00eb: Shqip\u00ebria Republik\u00eb Popullore Socialiste - FjALA e LIR\u00cb - Arkivi","isPartOf":{"@id":"https:\/\/fjala.info\/2009-2015\/#website"},"primaryImageOfPage":{"@id":"https:\/\/fjala.info\/2009-2015\/gafe-e-qeverise-shqiperia-republike-popullore-socialiste\/#primaryimage"},"image":{"@id":"https:\/\/fjala.info\/2009-2015\/gafe-e-qeverise-shqiperia-republike-popullore-socialiste\/#primaryimage"},"thumbnailUrl":"http:\/\/www.shkoder.net\/images\/fjala\/2010\/rep_soc_shqip_topalli.jpg","datePublished":"2010-05-25T22:34:15+00:00","breadcrumb":{"@id":"https:\/\/fjala.info\/2009-2015\/gafe-e-qeverise-shqiperia-republike-popullore-socialiste\/#breadcrumb"},"inLanguage":"sq-AL","potentialAction":[{"@type":"ReadAction","target":["https:\/\/fjala.info\/2009-2015\/gafe-e-qeverise-shqiperia-republike-popullore-socialiste\/"]}]},{"@type":"ImageObject","inLanguage":"sq-AL","@id":"https:\/\/fjala.info\/2009-2015\/gafe-e-qeverise-shqiperia-republike-popullore-socialiste\/#primaryimage","url":"http:\/\/www.shkoder.net\/images\/fjala\/2010\/rep_soc_shqip_topalli.jpg","contentUrl":"http:\/\/www.shkoder.net\/images\/fjala\/2010\/rep_soc_shqip_topalli.jpg"},{"@type":"BreadcrumbList","@id":"https:\/\/fjala.info\/2009-2015\/gafe-e-qeverise-shqiperia-republike-popullore-socialiste\/#breadcrumb","itemListElement":[{"@type":"ListItem","position":1,"name":"Home","item":"https:\/\/fjala.info\/2009-2015\/"},{"@type":"ListItem","position":2,"name":"Gaf\u00eb e qeveris\u00eb: Shqip\u00ebria Republik\u00eb Popullore Socialiste"}]},{"@type":"WebSite","@id":"https:\/\/fjala.info\/2009-2015\/#website","url":"https:\/\/fjala.info\/2009-2015\/","name":"FjALA e LIR\u00cb - Arkivi","description":"Arkivi 2009-2015","publisher":{"@id":"https:\/\/fjala.info\/2009-2015\/#organization"},"potentialAction":[{"@type":"SearchAction","target":{"@type":"EntryPoint","urlTemplate":"https:\/\/fjala.info\/2009-2015\/?s={search_term_string}"},"query-input":{"@type":"PropertyValueSpecification","valueRequired":true,"valueName":"search_term_string"}}],"inLanguage":"sq-AL"},{"@type":"Organization","@id":"https:\/\/fjala.info\/2009-2015\/#organization","name":"FjALA e LIR\u00cb - Arkivi","url":"https:\/\/fjala.info\/2009-2015\/","logo":{"@type":"ImageObject","inLanguage":"sq-AL","@id":"https:\/\/fjala.info\/2009-2015\/#\/schema\/logo\/image\/","url":"","contentUrl":"","caption":"FjALA e LIR\u00cb - Arkivi"},"image":{"@id":"https:\/\/fjala.info\/2009-2015\/#\/schema\/logo\/image\/"}},{"@type":"Person","@id":"https:\/\/fjala.info\/2009-2015\/#\/schema\/person\/3aa1163ef05469c496fc94e77611ada2","name":"admin","image":{"@type":"ImageObject","inLanguage":"sq-AL","@id":"https:\/\/fjala.info\/2009-2015\/wp-content\/uploads\/2012\/02\/arben_cokaj-120x150.jpg","url":"https:\/\/fjala.info\/2009-2015\/wp-content\/uploads\/2012\/02\/arben_cokaj-120x150.jpg","contentUrl":"https:\/\/fjala.info\/2009-2015\/wp-content\/uploads\/2012\/02\/arben_cokaj-120x150.jpg","caption":"admin"},"description":"Admin, Fjala e Lir\u00eb","sameAs":["https:\/\/fjala.info\/"],"url":"https:\/\/fjala.info\/2009-2015\/author\/admin\/"}]}},"_links":{"self":[{"href":"https:\/\/fjala.info\/2009-2015\/wp-json\/wp\/v2\/posts\/2822","targetHints":{"allow":["GET"]}}],"collection":[{"href":"https:\/\/fjala.info\/2009-2015\/wp-json\/wp\/v2\/posts"}],"about":[{"href":"https:\/\/fjala.info\/2009-2015\/wp-json\/wp\/v2\/types\/post"}],"author":[{"embeddable":true,"href":"https:\/\/fjala.info\/2009-2015\/wp-json\/wp\/v2\/users\/1"}],"replies":[{"embeddable":true,"href":"https:\/\/fjala.info\/2009-2015\/wp-json\/wp\/v2\/comments?post=2822"}],"version-history":[{"count":0,"href":"https:\/\/fjala.info\/2009-2015\/wp-json\/wp\/v2\/posts\/2822\/revisions"}],"wp:attachment":[{"href":"https:\/\/fjala.info\/2009-2015\/wp-json\/wp\/v2\/media?parent=2822"}],"wp:term":[{"taxonomy":"category","embeddable":true,"href":"https:\/\/fjala.info\/2009-2015\/wp-json\/wp\/v2\/categories?post=2822"},{"taxonomy":"post_tag","embeddable":true,"href":"https:\/\/fjala.info\/2009-2015\/wp-json\/wp\/v2\/tags?post=2822"}],"curies":[{"name":"wp","href":"https:\/\/api.w.org\/{rel}","templated":true}]}}