{"id":2821,"date":"2012-05-18T22:19:22","date_gmt":"2012-05-18T21:19:22","guid":{"rendered":"http:\/\/fjala.shkoder.net\/?p=2821"},"modified":"2012-05-18T22:19:22","modified_gmt":"2012-05-18T21:19:22","slug":"cfare-e-ndan-greqine-nga-europa","status":"publish","type":"post","link":"https:\/\/fjala.info\/2009-2015\/cfare-e-ndan-greqine-nga-europa\/","title":{"rendered":"\u00c7far\u00eb e ndan Greqin\u00eb nga Europa"},"content":{"rendered":"<p><img decoding=\"async\" class=\"alignleft size-thumbnail wp-image-7236\" title=\"Greqia - panteon\" src=\"http:\/\/www.shkoder.net\/2012\/greqia_panteon.jpg\" alt=\"\" width=\"300\" \/> Nga <strong>Dietmar Pieper<\/strong>, <em>18 Maj 2012<\/em><br \/>\n<em>Der Spiegel<\/em><\/p>\n<p>Europa u detyrohet p\u00ebr shum\u00eb gj\u00ebra grek\u00ebve, p\u00ebr emrin e saj, filozofin\u00eb, demokracin\u00eb dhe shum\u00eb m\u00eb tep\u00ebr. Kur shtrohet pyetja n\u00ebse Greqia duhet t\u00eb q\u00ebndroj\u00eb n\u00eb eurozon\u00eb, at\u00ebher\u00eb argumenti historik del gjithmon\u00eb n\u00eb pah. N\u00eb nj\u00eb vend q\u00eb ka merit\u00ebn e pa\u00e7mueshme si djep i Europ\u00ebs, p\u00ebrdoren standarde t\u00eb ndryshme p\u00ebrve\u00e7 atyre fiskale.<\/p>\n<p>Por a ka ndjekur Athina e demokrat\u00ebve t\u00eb par\u00eb si Sokrati, Platoni e Aristoteli nj\u00eb rrug\u00eb t\u00eb drejt\u00eb deri m\u00eb sot? Politikan\u00ebt e mir\u00ebkuptuesh\u00ebm, q\u00eb flasin pro q\u00ebndrimit t\u00eb Greqis\u00eb n\u00eb eurozon\u00eb, mendojn\u00eb k\u00ebshtu. Por nuk \u00ebsht\u00eb e v\u00ebrtet\u00eb. Mes vendit t\u00eb shk\u00eblqyer antik dhe shtetit t\u00eb sot\u00ebm q\u00ebndron nj\u00eb grop\u00eb e err\u00ebt. Nga pik\u00ebpamja kulturore e historike, Greqia \u00ebsht\u00eb nj\u00eb vend i Lindjes. Ky fakt \u00ebsht\u00eb p\u00ebr forcat politike e shoq\u00ebrore q\u00eb veprojn\u00eb aty shum\u00eb m\u00eb i r\u00ebnd\u00ebsish\u00ebm se fakti se ku gjendet Greqia sot n\u00eb hart\u00eb.<\/p>\n<p>Nj\u00eb histori e shkurt\u00ebr e Greqis\u00eb tregon se pse te e bukura Greqi gj\u00ebrat ishin shum\u00eb m\u00eb ndryshe se tek fqinj\u00ebt e BE.<\/p>\n<p>Pas periudh\u00ebs s\u00eb heronjve, poet\u00ebve, mendimtar\u00ebve, shtetar\u00ebve dhe pushtuesve grek\u00eb, erdhi sundimi i gjat\u00eb romak. Superfuqia e at\u00ebhershme ushtarake ishte mjaftuesh\u00ebm e zgjuar sa p\u00ebr t\u00eb njohur arritjet superiore kulturore t\u00eb grek\u00ebve. K\u00ebto njohuri dhe ky art u importua nga Athina n\u00eb Rom\u00eb. Kjo ishte faza e par\u00eb e nj\u00eb transferimi t\u00eb madh intelektual drejt Per\u00ebndimit.<\/p>\n<p>Kur perandoria u shp\u00ebrb\u00eb, Greqia mbeti pjes\u00eb e Perandoris\u00eb Romake Lindore. Gjat\u00eb shk\u00eblqimit t\u00eb Konstandinopoj\u00ebs, Athina ishte thjesht nj\u00eb provinc\u00eb. Perandori Justiniani i Par\u00eb, q\u00eb ortodoks\u00ebt e shohin si shenjt, b\u00ebri aty akademin\u00eb platonike duke e zhvendosur tashm\u00eb filozofin\u00eb n\u00eb nj\u00eb vend tjet\u00ebr, e jo aty ku ishte zhvilluar p\u00ebr her\u00eb t\u00eb par\u00eb mendimi i zgjuar.<\/p>\n<p>Pasuan shekuj kaotik\u00eb. Sllav\u00ebt, frank\u00ebt, venezian\u00ebt dhe norman\u00ebt kaluan, grek\u00ebt kishin pak p\u00ebr t\u00eb th\u00ebn\u00eb. Edhe n\u00eb Mesjet\u00eb, gj\u00ebrat ishin t\u00eb v\u00ebshtira p\u00ebr grek\u00ebt, fqinj\u00ebt nga Azia e Vog\u00ebl mor\u00ebn komandon dhe p\u00ebr 400 vjet sunduan osman\u00ebt.<\/p>\n<p>Gjat\u00eb Rilindjes, italian\u00ebt, francez\u00ebt, gjerman\u00ebt dhe anglez\u00ebt kishin zbuluar klasik\u00ebt grek\u00eb, por zemra e tyre nuk rrihte p\u00ebr Greqin\u00eb. Antik\u00ebt e shp\u00ebtuar nga tradita e lasht\u00eb tani kishin emigruar n\u00eb Per\u00ebndim dhe n\u00eb Veri, duke u shk\u00ebputur t\u00ebr\u00ebsisht nga rr\u00ebnj\u00ebt e tyre gjeografike.<\/p>\n<p>N\u00eb fillim t\u00eb shekullit 19, kur nisi koha e nacionalizmave, bota po shihte nga af\u00ebr at\u00eb q\u00eb ndodhi n\u00eb Greqi. Beteja e tyre kund\u00ebr turqve u b\u00eb simbol, dhe shum\u00eb vullnetar\u00eb nga vende t\u00eb tjera u bashkuan me grek\u00ebt. Mbreti i par\u00eb i Greqis\u00eb n\u00eb vitin 1832 ishte Otto i Bavaris\u00eb. Pas largimit t\u00eb tij, erdhi nj\u00eb princ danez n\u00eb vitin 1863. Kandidat\u00ebt nga Greqia nuk kishin asnj\u00eb shans.<\/p>\n<p>Pas shum\u00eb peripecive erdhi edhe furia gjermane n\u00eb Luft\u00ebn e Par\u00eb Bot\u00ebrore. Q\u00eb nga viti 1974, pas nj\u00eb diktature ushtarake shtat\u00ebvje\u00e7are, Greqia \u00ebsht\u00eb nj\u00eb shtet demokratik, i p\u00ebrket NATO-s.<\/p>\n<p>Zinxhiri i shekujve t\u00eb err\u00ebt, kur grek\u00ebt u sunduan nga fuqit\u00eb e huaja, ka l\u00ebn\u00eb gjurm\u00eb t\u00eb thella. Madh\u00ebshtia e Platonit dhe e t\u00eb tjer\u00ebve \u00ebsht\u00eb vet\u00ebm n\u00eb muze.<\/p>\n<p>Politika dhe ekonomia n\u00eb Greqin\u00eb e sotme moderne jan\u00eb oligarki, pushteti funksionon si dinasti, q\u00eb trash\u00ebgohet nga familjet Papandreu ose Karamanlis. Lidhjet personale jan\u00eb shpesh m\u00eb t\u00eb r\u00ebnd\u00ebsishme se rezultati i zgjedhjeve ose rregullat formale. Gjith\u00e7ka \u00ebsht\u00eb shum\u00eb bizantine.<\/p>\n<p>Thell\u00eb n\u00eb Evrop\u00ebn Lindore, grek\u00ebt kan\u00eb edhe nj\u00eb \u00e7\u00ebshtje besimi. Krishterimi ortodoks \u00ebsht\u00eb feja e shtetit. 97 p\u00ebrqind e popullsis\u00eb i p\u00ebrkasin kish\u00ebs ortodokse greke. Pushteti i patriark\u00ebve, mitropolit\u00ebve dhe prift\u00ebrinjve ka l\u00ebn\u00eb gjurm\u00ebn e tyre n\u00eb vend. Shizma e vitit 1054 mes udh\u00ebheq\u00ebsve t\u00eb kish\u00ebs lindore dhe asaj per\u00ebndimore ka l\u00ebn\u00eb nj\u00eb hendek t\u00eb thell\u00eb n\u00eb Europ\u00eb. Dallime t\u00eb tilla nuk zhduken pa l\u00ebn\u00eb gjurm\u00eb.<\/p>\n<p>A ekziston mund\u00ebsia q\u00eb projekti gjigand i nj\u00eb monedhe t\u00eb p\u00ebrbashk\u00ebt t\u00eb funksionoj\u00eb vet\u00ebm n\u00eb ato vende q\u00eb p\u00ebr mij\u00ebra vjet kan\u00eb pasur nj\u00eb histori t\u00eb p\u00ebrbashk\u00ebt? N\u00eb k\u00ebt\u00eb Europ\u00eb, e cila \u00ebsht\u00eb form\u00ebsuar q\u00eb nga mesjeta si nj\u00eb trash\u00ebgimi e bot\u00ebs latine, grek\u00ebt nuk kan\u00eb qen\u00eb aty. N\u00ebse n\u00eb t\u00eb ardhmen ka nj\u00eb debat p\u00ebr euron dhe p\u00ebr shpirtin antik grek, duhet nj\u00eb paralajm\u00ebrim: disa gj\u00ebra jan\u00eb l\u00ebn\u00eb shum\u00eb pas p\u00ebr t\u2019iu rikthyer n\u00eb t\u00eb tashmen.<\/p>\n","protected":false},"excerpt":{"rendered":"<p>Nga Dietmar Pieper, 18 Maj 2012 Der Spiegel Europa u detyrohet p\u00ebr shum\u00eb gj\u00ebra grek\u00ebve, p\u00ebr emrin e saj, filozofin\u00eb, demokracin\u00eb dhe shum\u00eb m\u00eb tep\u00ebr. Kur shtrohet pyetja n\u00ebse Greqia duhet t\u00eb q\u00ebndroj\u00eb n\u00eb eurozon\u00eb, at\u00ebher\u00eb argumenti historik del gjithmon\u00eb n\u00eb pah. N\u00eb nj\u00eb vend q\u00eb ka merit\u00ebn e pa\u00e7mueshme si djep i Europ\u00ebs, p\u00ebrdoren [&hellip;]<\/p>\n","protected":false},"author":1,"featured_media":0,"comment_status":"open","ping_status":"closed","sticky":false,"template":"","format":"standard","meta":{"footnotes":""},"categories":[2],"tags":[],"class_list":{"0":"post-2821","1":"post","2":"type-post","3":"status-publish","4":"format-standard","6":"category-artikuj"},"yoast_head":"<!-- This site is optimized with the Yoast SEO plugin v27.4 - https:\/\/yoast.com\/product\/yoast-seo-wordpress\/ -->\n<title>\u00c7far\u00eb e ndan Greqin\u00eb nga Europa - FjALA e LIR\u00cb - Arkivi<\/title>\n<meta name=\"robots\" content=\"index, follow, max-snippet:-1, max-image-preview:large, max-video-preview:-1\" \/>\n<link rel=\"canonical\" href=\"https:\/\/fjala.info\/2009-2015\/cfare-e-ndan-greqine-nga-europa\/\" \/>\n<meta property=\"og:locale\" content=\"sq_AL\" \/>\n<meta property=\"og:type\" content=\"article\" \/>\n<meta property=\"og:title\" content=\"\u00c7far\u00eb e ndan Greqin\u00eb nga Europa - FjALA e LIR\u00cb - Arkivi\" \/>\n<meta property=\"og:description\" content=\"Nga Dietmar Pieper, 18 Maj 2012 Der Spiegel Europa u detyrohet p\u00ebr shum\u00eb gj\u00ebra grek\u00ebve, p\u00ebr emrin e saj, filozofin\u00eb, demokracin\u00eb dhe shum\u00eb m\u00eb tep\u00ebr. Kur shtrohet pyetja n\u00ebse Greqia duhet t\u00eb q\u00ebndroj\u00eb n\u00eb eurozon\u00eb, at\u00ebher\u00eb argumenti historik del gjithmon\u00eb n\u00eb pah. N\u00eb nj\u00eb vend q\u00eb ka merit\u00ebn e pa\u00e7mueshme si djep i Europ\u00ebs, p\u00ebrdoren [&hellip;]\" \/>\n<meta property=\"og:url\" content=\"https:\/\/fjala.info\/2009-2015\/cfare-e-ndan-greqine-nga-europa\/\" \/>\n<meta property=\"og:site_name\" content=\"FjALA e LIR\u00cb - Arkivi\" \/>\n<meta property=\"article:published_time\" content=\"2012-05-18T21:19:22+00:00\" \/>\n<meta property=\"og:image\" content=\"http:\/\/www.shkoder.net\/2012\/greqia_panteon.jpg\" \/>\n<meta name=\"author\" content=\"admin\" \/>\n<meta name=\"twitter:card\" content=\"summary_large_image\" \/>\n<meta name=\"twitter:label1\" content=\"Written by\" \/>\n\t<meta name=\"twitter:data1\" content=\"admin\" \/>\n\t<meta name=\"twitter:label2\" content=\"Est. reading time\" \/>\n\t<meta name=\"twitter:data2\" content=\"4 minutes\" \/>\n<script type=\"application\/ld+json\" class=\"yoast-schema-graph\">{\"@context\":\"https:\\\/\\\/schema.org\",\"@graph\":[{\"@type\":\"Article\",\"@id\":\"https:\\\/\\\/fjala.info\\\/2009-2015\\\/cfare-e-ndan-greqine-nga-europa\\\/#article\",\"isPartOf\":{\"@id\":\"https:\\\/\\\/fjala.info\\\/2009-2015\\\/cfare-e-ndan-greqine-nga-europa\\\/\"},\"author\":{\"name\":\"admin\",\"@id\":\"https:\\\/\\\/fjala.info\\\/2009-2015\\\/#\\\/schema\\\/person\\\/3aa1163ef05469c496fc94e77611ada2\"},\"headline\":\"\u00c7far\u00eb e ndan Greqin\u00eb nga Europa\",\"datePublished\":\"2012-05-18T21:19:22+00:00\",\"mainEntityOfPage\":{\"@id\":\"https:\\\/\\\/fjala.info\\\/2009-2015\\\/cfare-e-ndan-greqine-nga-europa\\\/\"},\"wordCount\":806,\"commentCount\":0,\"publisher\":{\"@id\":\"https:\\\/\\\/fjala.info\\\/2009-2015\\\/#organization\"},\"image\":{\"@id\":\"https:\\\/\\\/fjala.info\\\/2009-2015\\\/cfare-e-ndan-greqine-nga-europa\\\/#primaryimage\"},\"thumbnailUrl\":\"http:\\\/\\\/www.shkoder.net\\\/2012\\\/greqia_panteon.jpg\",\"articleSection\":[\"Artikuj\"],\"inLanguage\":\"sq-AL\",\"potentialAction\":[{\"@type\":\"CommentAction\",\"name\":\"Comment\",\"target\":[\"https:\\\/\\\/fjala.info\\\/2009-2015\\\/cfare-e-ndan-greqine-nga-europa\\\/#respond\"]}]},{\"@type\":\"WebPage\",\"@id\":\"https:\\\/\\\/fjala.info\\\/2009-2015\\\/cfare-e-ndan-greqine-nga-europa\\\/\",\"url\":\"https:\\\/\\\/fjala.info\\\/2009-2015\\\/cfare-e-ndan-greqine-nga-europa\\\/\",\"name\":\"\u00c7far\u00eb e ndan Greqin\u00eb nga Europa - FjALA e LIR\u00cb - Arkivi\",\"isPartOf\":{\"@id\":\"https:\\\/\\\/fjala.info\\\/2009-2015\\\/#website\"},\"primaryImageOfPage\":{\"@id\":\"https:\\\/\\\/fjala.info\\\/2009-2015\\\/cfare-e-ndan-greqine-nga-europa\\\/#primaryimage\"},\"image\":{\"@id\":\"https:\\\/\\\/fjala.info\\\/2009-2015\\\/cfare-e-ndan-greqine-nga-europa\\\/#primaryimage\"},\"thumbnailUrl\":\"http:\\\/\\\/www.shkoder.net\\\/2012\\\/greqia_panteon.jpg\",\"datePublished\":\"2012-05-18T21:19:22+00:00\",\"breadcrumb\":{\"@id\":\"https:\\\/\\\/fjala.info\\\/2009-2015\\\/cfare-e-ndan-greqine-nga-europa\\\/#breadcrumb\"},\"inLanguage\":\"sq-AL\",\"potentialAction\":[{\"@type\":\"ReadAction\",\"target\":[\"https:\\\/\\\/fjala.info\\\/2009-2015\\\/cfare-e-ndan-greqine-nga-europa\\\/\"]}]},{\"@type\":\"ImageObject\",\"inLanguage\":\"sq-AL\",\"@id\":\"https:\\\/\\\/fjala.info\\\/2009-2015\\\/cfare-e-ndan-greqine-nga-europa\\\/#primaryimage\",\"url\":\"http:\\\/\\\/www.shkoder.net\\\/2012\\\/greqia_panteon.jpg\",\"contentUrl\":\"http:\\\/\\\/www.shkoder.net\\\/2012\\\/greqia_panteon.jpg\"},{\"@type\":\"BreadcrumbList\",\"@id\":\"https:\\\/\\\/fjala.info\\\/2009-2015\\\/cfare-e-ndan-greqine-nga-europa\\\/#breadcrumb\",\"itemListElement\":[{\"@type\":\"ListItem\",\"position\":1,\"name\":\"Home\",\"item\":\"https:\\\/\\\/fjala.info\\\/2009-2015\\\/\"},{\"@type\":\"ListItem\",\"position\":2,\"name\":\"\u00c7far\u00eb e ndan Greqin\u00eb nga Europa\"}]},{\"@type\":\"WebSite\",\"@id\":\"https:\\\/\\\/fjala.info\\\/2009-2015\\\/#website\",\"url\":\"https:\\\/\\\/fjala.info\\\/2009-2015\\\/\",\"name\":\"FjALA e LIR\u00cb - Arkivi\",\"description\":\"Arkivi 2009-2015\",\"publisher\":{\"@id\":\"https:\\\/\\\/fjala.info\\\/2009-2015\\\/#organization\"},\"potentialAction\":[{\"@type\":\"SearchAction\",\"target\":{\"@type\":\"EntryPoint\",\"urlTemplate\":\"https:\\\/\\\/fjala.info\\\/2009-2015\\\/?s={search_term_string}\"},\"query-input\":{\"@type\":\"PropertyValueSpecification\",\"valueRequired\":true,\"valueName\":\"search_term_string\"}}],\"inLanguage\":\"sq-AL\"},{\"@type\":\"Organization\",\"@id\":\"https:\\\/\\\/fjala.info\\\/2009-2015\\\/#organization\",\"name\":\"FjALA e LIR\u00cb - Arkivi\",\"url\":\"https:\\\/\\\/fjala.info\\\/2009-2015\\\/\",\"logo\":{\"@type\":\"ImageObject\",\"inLanguage\":\"sq-AL\",\"@id\":\"https:\\\/\\\/fjala.info\\\/2009-2015\\\/#\\\/schema\\\/logo\\\/image\\\/\",\"url\":\"\",\"contentUrl\":\"\",\"caption\":\"FjALA e LIR\u00cb - Arkivi\"},\"image\":{\"@id\":\"https:\\\/\\\/fjala.info\\\/2009-2015\\\/#\\\/schema\\\/logo\\\/image\\\/\"}},{\"@type\":\"Person\",\"@id\":\"https:\\\/\\\/fjala.info\\\/2009-2015\\\/#\\\/schema\\\/person\\\/3aa1163ef05469c496fc94e77611ada2\",\"name\":\"admin\",\"image\":{\"@type\":\"ImageObject\",\"inLanguage\":\"sq-AL\",\"@id\":\"https:\\\/\\\/fjala.info\\\/2009-2015\\\/wp-content\\\/uploads\\\/2012\\\/02\\\/arben_cokaj-120x150.jpg\",\"url\":\"https:\\\/\\\/fjala.info\\\/2009-2015\\\/wp-content\\\/uploads\\\/2012\\\/02\\\/arben_cokaj-120x150.jpg\",\"contentUrl\":\"https:\\\/\\\/fjala.info\\\/2009-2015\\\/wp-content\\\/uploads\\\/2012\\\/02\\\/arben_cokaj-120x150.jpg\",\"caption\":\"admin\"},\"description\":\"Admin, Fjala e Lir\u00eb\",\"sameAs\":[\"https:\\\/\\\/fjala.info\\\/\"],\"url\":\"https:\\\/\\\/fjala.info\\\/2009-2015\\\/author\\\/admin\\\/\"}]}<\/script>\n<!-- \/ Yoast SEO plugin. -->","yoast_head_json":{"title":"\u00c7far\u00eb e ndan Greqin\u00eb nga Europa - FjALA e LIR\u00cb - Arkivi","robots":{"index":"index","follow":"follow","max-snippet":"max-snippet:-1","max-image-preview":"max-image-preview:large","max-video-preview":"max-video-preview:-1"},"canonical":"https:\/\/fjala.info\/2009-2015\/cfare-e-ndan-greqine-nga-europa\/","og_locale":"sq_AL","og_type":"article","og_title":"\u00c7far\u00eb e ndan Greqin\u00eb nga Europa - FjALA e LIR\u00cb - Arkivi","og_description":"Nga Dietmar Pieper, 18 Maj 2012 Der Spiegel Europa u detyrohet p\u00ebr shum\u00eb gj\u00ebra grek\u00ebve, p\u00ebr emrin e saj, filozofin\u00eb, demokracin\u00eb dhe shum\u00eb m\u00eb tep\u00ebr. Kur shtrohet pyetja n\u00ebse Greqia duhet t\u00eb q\u00ebndroj\u00eb n\u00eb eurozon\u00eb, at\u00ebher\u00eb argumenti historik del gjithmon\u00eb n\u00eb pah. N\u00eb nj\u00eb vend q\u00eb ka merit\u00ebn e pa\u00e7mueshme si djep i Europ\u00ebs, p\u00ebrdoren [&hellip;]","og_url":"https:\/\/fjala.info\/2009-2015\/cfare-e-ndan-greqine-nga-europa\/","og_site_name":"FjALA e LIR\u00cb - Arkivi","article_published_time":"2012-05-18T21:19:22+00:00","og_image":[{"url":"http:\/\/www.shkoder.net\/2012\/greqia_panteon.jpg","type":"","width":"","height":""}],"author":"admin","twitter_card":"summary_large_image","twitter_misc":{"Written by":"admin","Est. reading time":"4 minutes"},"schema":{"@context":"https:\/\/schema.org","@graph":[{"@type":"Article","@id":"https:\/\/fjala.info\/2009-2015\/cfare-e-ndan-greqine-nga-europa\/#article","isPartOf":{"@id":"https:\/\/fjala.info\/2009-2015\/cfare-e-ndan-greqine-nga-europa\/"},"author":{"name":"admin","@id":"https:\/\/fjala.info\/2009-2015\/#\/schema\/person\/3aa1163ef05469c496fc94e77611ada2"},"headline":"\u00c7far\u00eb e ndan Greqin\u00eb nga Europa","datePublished":"2012-05-18T21:19:22+00:00","mainEntityOfPage":{"@id":"https:\/\/fjala.info\/2009-2015\/cfare-e-ndan-greqine-nga-europa\/"},"wordCount":806,"commentCount":0,"publisher":{"@id":"https:\/\/fjala.info\/2009-2015\/#organization"},"image":{"@id":"https:\/\/fjala.info\/2009-2015\/cfare-e-ndan-greqine-nga-europa\/#primaryimage"},"thumbnailUrl":"http:\/\/www.shkoder.net\/2012\/greqia_panteon.jpg","articleSection":["Artikuj"],"inLanguage":"sq-AL","potentialAction":[{"@type":"CommentAction","name":"Comment","target":["https:\/\/fjala.info\/2009-2015\/cfare-e-ndan-greqine-nga-europa\/#respond"]}]},{"@type":"WebPage","@id":"https:\/\/fjala.info\/2009-2015\/cfare-e-ndan-greqine-nga-europa\/","url":"https:\/\/fjala.info\/2009-2015\/cfare-e-ndan-greqine-nga-europa\/","name":"\u00c7far\u00eb e ndan Greqin\u00eb nga Europa - FjALA e LIR\u00cb - Arkivi","isPartOf":{"@id":"https:\/\/fjala.info\/2009-2015\/#website"},"primaryImageOfPage":{"@id":"https:\/\/fjala.info\/2009-2015\/cfare-e-ndan-greqine-nga-europa\/#primaryimage"},"image":{"@id":"https:\/\/fjala.info\/2009-2015\/cfare-e-ndan-greqine-nga-europa\/#primaryimage"},"thumbnailUrl":"http:\/\/www.shkoder.net\/2012\/greqia_panteon.jpg","datePublished":"2012-05-18T21:19:22+00:00","breadcrumb":{"@id":"https:\/\/fjala.info\/2009-2015\/cfare-e-ndan-greqine-nga-europa\/#breadcrumb"},"inLanguage":"sq-AL","potentialAction":[{"@type":"ReadAction","target":["https:\/\/fjala.info\/2009-2015\/cfare-e-ndan-greqine-nga-europa\/"]}]},{"@type":"ImageObject","inLanguage":"sq-AL","@id":"https:\/\/fjala.info\/2009-2015\/cfare-e-ndan-greqine-nga-europa\/#primaryimage","url":"http:\/\/www.shkoder.net\/2012\/greqia_panteon.jpg","contentUrl":"http:\/\/www.shkoder.net\/2012\/greqia_panteon.jpg"},{"@type":"BreadcrumbList","@id":"https:\/\/fjala.info\/2009-2015\/cfare-e-ndan-greqine-nga-europa\/#breadcrumb","itemListElement":[{"@type":"ListItem","position":1,"name":"Home","item":"https:\/\/fjala.info\/2009-2015\/"},{"@type":"ListItem","position":2,"name":"\u00c7far\u00eb e ndan Greqin\u00eb nga Europa"}]},{"@type":"WebSite","@id":"https:\/\/fjala.info\/2009-2015\/#website","url":"https:\/\/fjala.info\/2009-2015\/","name":"FjALA e LIR\u00cb - Arkivi","description":"Arkivi 2009-2015","publisher":{"@id":"https:\/\/fjala.info\/2009-2015\/#organization"},"potentialAction":[{"@type":"SearchAction","target":{"@type":"EntryPoint","urlTemplate":"https:\/\/fjala.info\/2009-2015\/?s={search_term_string}"},"query-input":{"@type":"PropertyValueSpecification","valueRequired":true,"valueName":"search_term_string"}}],"inLanguage":"sq-AL"},{"@type":"Organization","@id":"https:\/\/fjala.info\/2009-2015\/#organization","name":"FjALA e LIR\u00cb - Arkivi","url":"https:\/\/fjala.info\/2009-2015\/","logo":{"@type":"ImageObject","inLanguage":"sq-AL","@id":"https:\/\/fjala.info\/2009-2015\/#\/schema\/logo\/image\/","url":"","contentUrl":"","caption":"FjALA e LIR\u00cb - Arkivi"},"image":{"@id":"https:\/\/fjala.info\/2009-2015\/#\/schema\/logo\/image\/"}},{"@type":"Person","@id":"https:\/\/fjala.info\/2009-2015\/#\/schema\/person\/3aa1163ef05469c496fc94e77611ada2","name":"admin","image":{"@type":"ImageObject","inLanguage":"sq-AL","@id":"https:\/\/fjala.info\/2009-2015\/wp-content\/uploads\/2012\/02\/arben_cokaj-120x150.jpg","url":"https:\/\/fjala.info\/2009-2015\/wp-content\/uploads\/2012\/02\/arben_cokaj-120x150.jpg","contentUrl":"https:\/\/fjala.info\/2009-2015\/wp-content\/uploads\/2012\/02\/arben_cokaj-120x150.jpg","caption":"admin"},"description":"Admin, Fjala e Lir\u00eb","sameAs":["https:\/\/fjala.info\/"],"url":"https:\/\/fjala.info\/2009-2015\/author\/admin\/"}]}},"_links":{"self":[{"href":"https:\/\/fjala.info\/2009-2015\/wp-json\/wp\/v2\/posts\/2821","targetHints":{"allow":["GET"]}}],"collection":[{"href":"https:\/\/fjala.info\/2009-2015\/wp-json\/wp\/v2\/posts"}],"about":[{"href":"https:\/\/fjala.info\/2009-2015\/wp-json\/wp\/v2\/types\/post"}],"author":[{"embeddable":true,"href":"https:\/\/fjala.info\/2009-2015\/wp-json\/wp\/v2\/users\/1"}],"replies":[{"embeddable":true,"href":"https:\/\/fjala.info\/2009-2015\/wp-json\/wp\/v2\/comments?post=2821"}],"version-history":[{"count":0,"href":"https:\/\/fjala.info\/2009-2015\/wp-json\/wp\/v2\/posts\/2821\/revisions"}],"wp:attachment":[{"href":"https:\/\/fjala.info\/2009-2015\/wp-json\/wp\/v2\/media?parent=2821"}],"wp:term":[{"taxonomy":"category","embeddable":true,"href":"https:\/\/fjala.info\/2009-2015\/wp-json\/wp\/v2\/categories?post=2821"},{"taxonomy":"post_tag","embeddable":true,"href":"https:\/\/fjala.info\/2009-2015\/wp-json\/wp\/v2\/tags?post=2821"}],"curies":[{"name":"wp","href":"https:\/\/api.w.org\/{rel}","templated":true}]}}