{"id":2820,"date":"2010-05-25T23:26:05","date_gmt":"2010-05-25T22:26:05","guid":{"rendered":"http:\/\/fjala.shkoder.net\/?p=2820"},"modified":"2010-05-25T23:26:05","modified_gmt":"2010-05-25T22:26:05","slug":"ec-e-mos-pelcit","status":"publish","type":"post","link":"https:\/\/fjala.info\/2009-2015\/ec-e-mos-pelcit\/","title":{"rendered":"Ec e mos p\u00eblcit&#8230;"},"content":{"rendered":"<p><img decoding=\"async\" style=\"margin-left: 10px; margin-right: 10px; border: 0px;\" src=\"http:\/\/www.shkoder.net\/images\/fjala\/naser_aliu.jpg\" border=\"0\" alt=\"Naser Aliu\" width=\"150\" align=\"right\" \/><\/p>\n<p><strong>Naser Aliu<\/strong>, <em>25.05.2010<\/em><\/p>\n<p>Kur stjuardesa pyeti se cilin sendui\u00e7 preferoja, u mendova ca dhe zgjodha nj\u00eb me proshut\u00eb, edhe pse nuk kisha uri. Mund t\u00eb jet\u00eb i fundit, thash me vete. Edhe informatat p\u00ebr p\u00ebrdorimin e xhaket\u00ebs s\u00eb notit n\u00eb rast tok\u00ebsimi n\u00eb det, m\u00eb sakt\u00eb, n\u00eb rast det\u00ebsimi, sigurisht se nuk b\u00ebhen pa arsye. Pyetja shtrohet se n\u00eb cilin det: n\u00eb Detin Jon apo n\u00eb Detin Adriatik. Ndoshta duhet edhe t\u00eb notojm\u00eb, ky \u00ebsht\u00eb mesazhi, po si t\u00eb dilet jasht\u00eb, nga cila plas\u00eb, kjo \u00ebsht\u00eb pyetje e madhe.<\/p>\n<p>Njeriu duhet t\u00b4i besoj\u00eb \u00e7do kablloje dhe \u00e7do buloni, \u00e7do dadoje n\u00eb trupin e fluturueses, ndryshe t\u00eb kaplon ankthi. Madje, duhet t\u00b4i besosh edhe pasagjer\u00ebve se nuk ndezin celularin. Jo si\u00e7 b\u00ebnte nj\u00eb djalosh duke fotografuar ret\u00eb me celular dhe duke e fshehur kur kalonte stjuardesa. Pas qortimit t\u00eb pasagjerit pran\u00eb, e fiku. Nuk dihet kurr\u00eb, ndoshta n\u00eb avion gjendet edhe ndonj\u00eb q\u00eb nuk i gjallohet m\u00eb dhe don\u00eb t\u00b4i marr\u00eb me vete edhe &#8220;krushqit&#8221;&#8230;<\/p>\n<p>N\u00eb aeroportin e Prishtin\u00ebs sjellja ishte korrekte, m\u00eb e mir\u00eb se para tre viteve. Me taksi vazhduam rrug\u00ebn dhe leht\u00eb v\u00ebrehej mungesa e pun\u00ebs s\u00eb administrat\u00ebs n\u00eb lagjet e reja. Prania e shtetit shihet m\u00eb shum\u00eb n\u00eb televizor se n\u00eb vep\u00ebr: sht\u00ebpi t\u00eb nd\u00ebrtuara n\u00eb mes t\u00eb ar\u00ebs apo n\u00eb maje t\u00eb kodr\u00ebs. Rrug\u00eb t\u00eb ngushta, por as ai majtas, as tjetri djathtas, nuk l\u00ebshon nj\u00eb met\u00ebr m\u00eb shum\u00eb p\u00ebr ta zgjeruar rrug\u00ebn. B\u00ebrlloku para dyerve dhe nga buret\u00eb e mbushura del tymi. N\u00eb Gjermani nj\u00eb shqiptar pat paguar shtat\u00ebqind euro pse kishte ndezur nj\u00eb gom\u00eb; ardhja e zjarrfik\u00ebsve pa nevoj\u00eb duhej paguar dhe, e pagoi duke sjell\u00eb kok\u00ebn p\u00ebr munges\u00eb demokracie.<\/p>\n<p>Nd\u00ebrtim kaotik. Trafiku kaotik. Ara t\u00eb shnd\u00ebrruara n\u00eb livadhe dhe me pem\u00ebt e perimet q\u00eb vijn\u00eb nga Serbia e Turqia. Kosova b\u00ebn sefa dhe nuk merret vesh, kush paguan, kush han\u00eb. Dihet, mir\u00ebpo, se n\u00eb Per\u00ebndim shqiptar\u00ebt d\u00ebrgojn\u00eb grat\u00eb e tyre t\u00eb b\u00ebjn\u00eb pun\u00eb t\u00eb r\u00ebnda, q\u00eb nuk i b\u00ebjn\u00eb t\u00eb tjer\u00ebt, p\u00ebr t\u00eb fituar m\u00eb shum\u00eb: duhet d\u00ebrguara para n\u00eb sht\u00ebpi atyre q\u00eb nuk punojn\u00eb tok\u00ebn. F\u00ebmij\u00ebt shesin cigare n\u00ebp\u00ebr rrug\u00eb, lyp\u00ebsit k\u00ebrkojn\u00eb l\u00ebmosh\u00eb&#8230;<\/p>\n<p>P\u00ebrndryshe n\u00eb Kosov\u00eb asgj\u00eb t\u00eb re. Mungojn\u00eb vet\u00ebm 80 milion Euro nga buxheti i shtetit dhe akuzohet ministri Limaj. Ai \u00ebsht\u00eb n\u00eb hetime nga EULEX. Ministri n\u00ebn hetime, por kjo nuk \u00ebsht\u00eb damk\u00eb te ne, edhe kund\u00ebr Sali Berish\u00ebs procedohet. Edhe atij i kushtoi rruga m\u00eb shum\u00eb se n\u00eb Gjermani, por u harrua. Ai p\u00ebr t\u00eb nd\u00ebrtuar dialog m\u00eb t\u00eb mir\u00eb me opzit\u00ebn, ua shau n\u00ebn\u00ebn! Vjedhja n\u00eb Ballkan nuk konsiderohet vjedhje, por marrje. N\u00eb Gjermani d\u00ebbohen nga puna edhe p\u00ebr marrjen e padrejt\u00eb t\u00eb 50 cent\u00ebve. Te ne, kur akuzohet dikush, e p\u00ebrjetojn\u00eb si viktimizim, po ia ngjesin, po e akuzojn\u00eb padrejt\u00ebsisht&#8230;K\u00ebto p\u00ebrshtypje jan\u00eb krijuar n\u00eb koh\u00ebn e Jugosllavis\u00eb dhe, edhe me nd\u00ebrrimin e rendit, p\u00ebrs\u00ebri i besohet k\u00ebtyre bindjeve fikse.<\/p>\n<p>Risi tjet\u00ebr n\u00eb Kosov\u00eb kishte edhe p\u00ebr nj\u00eb tender dhe d\u00ebmtim t\u00eb buxhetit kosovar me tet\u00eb milion euro n\u00eb dobi t\u00eb Serbis\u00eb, ku blihet rryma. Risi tjet\u00ebr n\u00eb Kosov\u00eb ishte se kryetari i Gjykat\u00ebs Kushtetuese ia kishte shar\u00eb&#8221;nan\u00ebn&#8221; nj\u00ebrit me sms duke iu k\u00ebrc\u00ebnuar. K\u00ebrc\u00ebnuesi \u00ebsht\u00eb doktor i shkencave, ish dekan dhe p\u00ebrs\u00ebri mbetet kryetar i Kushtetueses. As taksisti nuk e kuptonte k\u00ebt\u00eb. Sigurisht i takon rrjetit, klanit, struktur\u00ebs tribale dhe nuk mund t\u00eb largohet nga vendi i pun\u00ebs&#8230;<\/p>\n<p>N\u00eb dalje nga Kosova kufiri kalohet pa pengesa t\u00eb m\u00ebdha dhe disa minuta m\u00eb von\u00eb arrihet n\u00eb kufirin e Serbis\u00eb, ku q\u00ebndrojn\u00eb dy shqiptar\u00eb dhe nj\u00eb serb n\u00eb nj\u00eb zyr\u00eb t\u00eb improvizuar me nj\u00eb kompjuter. Pak m\u00eb larg ushtar\u00eb serb. Aty nj\u00eb plake shqiptare i ndalohet hyrja n\u00eb Serbi. Pik\u00ebs\u00ebpari duhet t\u00eb futet n\u00eb Maqedoni, sepse \u00ebsht\u00eb qytetare maqedone, e pastaj mund t\u00eb hyj\u00eb n\u00eb Serbi, n\u00eb Preshev\u00eb, p\u00ebr ta vizituar v\u00ebllan\u00eb, q\u00eb qenka duke vdekur. Plaka qan\u00eb dhe lutet. Po t\u00eb mos ishte serbi k\u00ebtu, i thot\u00eb shqiptari, do t\u00eb kishim lejuar, por tani nuk guxojm\u00eb ta b\u00ebjn\u00eb k\u00ebt\u00eb.<\/p>\n<p>Plaka e kupton. N\u00eb makin\u00ebn ku gjendej ajo ishte edhe nj\u00eb zonj\u00eb me nj\u00eb foshnje. Plaka zbriti nga makina dhe u ul\u00eb mbi nj\u00eb gur\u00eb n\u00eb skaj t\u00eb rrug\u00ebs. Taksisti i premtoi se pas nj\u00eb ore, pasi ta ket\u00eb d\u00ebrguar zonj\u00ebn me foshnj\u00ebn n\u00eb Preshev\u00eb, do t\u00eb kthehet dhe do ta kalojn\u00eb kufirin nga Maqedonia: p\u00ebrs\u00ebri Gjilan, pastaj Ferizaj, pastaj Shkup, pastaj Kumanov\u00eb dhe m\u00eb n\u00eb fund Preshev\u00eb. Nga Kroacia qytetar\u00ebt e Maqedonis\u00eb mund t\u00eb hyjn\u00eb n\u00eb Serbi, por jo nga Kosova. N\u00eb vend t\u00eb p\u00ebraf\u00ebrsisht 15 kilometrave, plaka u detyrua t\u00b4i b\u00ebj\u00eb mbi 100.<\/p>\n<p>Me t\u00eb hyr\u00eb n\u00eb Preshev\u00eb, u ndala n\u00eb komun\u00eb t\u00eb p\u00ebrsh\u00ebndes nj\u00eb mik nga studimet dhe t\u00eb informohesha pse shqiptar\u00ebt nga Maqedonia nuk mund t\u00eb hyjn\u00eb n\u00eb Preshev\u00eb pa shkuar n\u00eb Maqedoni. Pasi m\u00eb ofruan kafe, tri her\u00eb pyetjes nuk iu p\u00ebrgjigj askush, por m\u00eb b\u00ebn\u00eb t\u00eb ditur se Serbia po p\u00ebrpiqet t\u00b4i plot\u00ebsoj\u00eb kushtet p\u00ebr BEE-n dhe se administrata kontrollohet \u00e7do tre muaj. Aty shihej se shqiptar\u00ebt e kishin marr\u00eb detyr\u00ebn seriozisht dhe po respektonin rregulloret m\u00eb shum\u00eb se serbet. Serbet her\u00eb pas here b\u00ebjn\u00eb l\u00ebshime, natyrisht pas 50 eurove.<\/p>\n<p>N\u00eb Preshev\u00eb ekziston nj\u00eb godin\u00eb ku duhej hapur akusheria, mir\u00ebpo pushteti serb nuk lejon, sepse Vranja nuk pajtohet. Natyrisht se nuk pajtohet. N\u00eb Vranj\u00eb shqiptaret paguajn\u00eb. Duhet t\u00eb paguajn\u00eb sepse burrat e tyre as nuk jan\u00eb t\u00eb p\u00ebrkushtuar e as nuk din\u00eb si hapet nj\u00eb akusheri. Kryetari i Preshev\u00ebs ka nd\u00ebrprer\u00eb kontaktin me ambasad\u00ebn amerikane, thot\u00eb nj\u00eb arsimtar. As investitor\u00eb privat, nuk ka. N\u00ebnat shqiptare p\u00ebr lindje u mbetet t\u00eb shkojn\u00eb n\u00eb Gjilan ose n\u00eb Vranj\u00eb, as n\u00eb Bujanoc nuk ka akusheri. Pes\u00ebdhjet\u00eb kilometra larg me dhimbje p\u00ebr t\u00eb arritur deri n\u00eb Vranj\u00eb. Nuk dihet sa gra kan\u00eb lindur n\u00eb makin\u00eb.<\/p>\n<p>Vranja ka nj\u00eb spital si kampet e Hitlerit n\u00eb L2B dhe kudo n\u00eb korridor papast\u00ebrti e madhe dhe n\u00eb nj\u00eb qoshe t\u00eb korridorit mbathje me jasht\u00ebqitje. Muret e ndyta, dyshemet\u00eb e ndyta dhe aty edhe i sh\u00ebndoshi, mund t\u00eb s\u00ebmuret. Kush ka d\u00ebshir\u00eb t\u00eb b\u00ebj\u00eb vet\u00ebvrasje, mund lirisht t\u00eb shtrihet n\u00eb at\u00eb spital t\u00eb ku duhet t\u00eb lindin n\u00ebnat shqiptare apo t\u00eb mjekohen shqiptar\u00ebt. Era e keqe ndjehet para se t\u00eb hyhet n\u00eb spital. N\u00ebnat shqiptare aty paguajn\u00eb edhe pse jan\u00eb t\u00eb siguruara, ndryshe u japin ushqim q\u00eb nuk e han\u00eb as qent\u00eb apo nuk trajtohen si duhet.<\/p>\n<p>Disa dit\u00eb n\u00eb spital dhe qindra euro n\u00eb xhepat e infermiereve dhe mjek\u00ebve serb t\u00eb mund\u00ebsojn\u00eb deri diku trajtimin njer\u00ebzor. Edhe k\u00ebshtu Serbia p\u00ebrgatiten p\u00ebr t\u00eb hyr\u00eb n\u00eb Europ\u00eb, duke getoizuar shqiptar\u00ebt. P\u00ebr s\u00ebmundje m\u00eb t\u00eb r\u00ebnda d\u00ebrgohen n\u00eb Nish. N\u00eb Preshev\u00eb jan\u00eb nd\u00ebrtuar dy xhami t\u00eb reja me tri minare, Serbia e lejon k\u00ebt\u00eb dhe me to krenohet para vendeve myslimane se po b\u00ebn \u00e7do gj\u00eb p\u00ebr t\u00b4i d\u00ebrguar shqiptar\u00ebt n\u00eb parajs\u00eb, n\u00ebp\u00ebrmjet spitalit t\u00eb Vranj\u00ebs, q\u00eb shpejton procedur\u00ebn. P\u00ebr lindjen e n\u00ebnave shqiptare kujdesen mjek\u00ebt serb. Ata q\u00eb kan\u00eb lek\u00eb, ikin n\u00eb Gjilan.<\/p>\n<p>Presheva duket si nj\u00eb paralagje e Kalkut\u00ebs, kishte nj\u00eb kiosk ku mund t\u00eb blihen gazetat shqipe. Duhej t\u00eb punonte nga ora 07:00 &#8211; 15.00, por ishte i mbyllur. Pak m\u00eb posht\u00eb nj\u00eb librari majtas, nj\u00eb djathtas. Majtas libraria kishte dy libra mbi masakrat serbe gjat\u00eb L2B dhe fletore e lapsa. Djathtas asnj\u00eb lib\u00ebr, pos dy a tri librave shkollor\u00eb dhe shum\u00eb lapsave e fletoreve, nuk kishte gj\u00eb tjet\u00ebr. Nuk mund t\u00eb akuzohen pronar\u00ebt e shitoreve, ata jan\u00eb tregtar\u00eb dhe kan\u00eb interes t\u00eb shesin edhe libra, por raftet e zbrazura tregojn\u00eb se diku mbi 30 mij\u00eb banor\u00eb, nuk ndjejn\u00eb nevoj\u00eb t\u00eb lexojn\u00eb ndonj\u00eb lib\u00ebr.<\/p>\n<p>Makinat t\u00eb parkuara majtas e djathtas n\u00eb trotuar flasin p\u00ebr mir\u0336\u00ebqenie, 1.30 Euro nj\u00eb lit\u00ebr benzin\u00eb. Celular\u00ebt m\u00eb t\u00eb ri dhe moda flasin p\u00ebr mir\u00ebqenie, por nuk \u00ebsht\u00eb k\u00ebshtu. Parat\u00eb vijn\u00eb kryesisht nga Per\u00ebndimi dhe Presheva mbetet ashtu si ishte n\u00eb mbarim t\u00eb shekullit XIX. At\u00ebher\u00eb ishte sa Kumanova. Apo Kumanova ishte sa Presheva. Sot nuk mund t\u00eb krahasohen. Serbia nuk ka investuar n\u00eb koh\u00ebn e Jugosllavis\u00eb, nuk investon as tani. Kumanova \u00ebsht\u00eb rritur dhe nd\u00ebrtuar, ka m\u00eb shum\u00eb sllav se n\u00eb Preshev\u00eb. At\u00ebher\u00eb Presheva kishte 30 mij\u00eb banor\u00eb, pas m\u00eb shum\u00eb se 120 viteve ka diku 35 mij\u00eb, por mendohet, nuk dihet dhe nuk i intereson askujt, rreth 15 mij\u00eb punojn\u00eb n\u00eb Per\u00ebndim. Kosov\u00ebs nuk i intereson m\u00eb Presheva, q\u00eb dikur me traktor\u00eb d\u00ebrgonte miell drejt saj&#8230;<\/p>\n<p>Vazhdohet rruga drejt kufirit me Maqedonin\u00eb dhe, edhe aty shqiptar\u00eb n\u00eb kufi dhe disa maqedon n\u00eb zyr\u00eb. Kufiri Gjilan Preshev\u00eb mbrohet nga shqiptar\u00ebt e Kosov\u00ebs dhe nga shqiptar\u00ebt e Preshev\u00ebs me serb pran\u00eb. Kufiri nd\u00ebrmjet Preshev\u00ebs dhe Kumanov\u00ebs kontrollohet nga shqiptar\u00ebt e Preshev\u00ebs me disa serb n\u00eb kompjuter dhe shqiptar\u00ebt e Kumanov\u00ebs me disa maqedon n\u00ebp\u00ebr zyre. N\u00eb Preshev\u00eb, si edhe n\u00eb Kosov\u00eb, bien n\u00eb sy xhamit\u00eb e reja (mbi 600 pas lufte shkruante nj\u00eb gazet\u00eb shqiptare e Kosov\u00ebs) dhe shkollat n\u00eb gjendje t\u00eb mjer\u00eb, minaret q\u00eb i drejtohen qiellit si raketa, thua se me to mbrohen vendi. Serbet zakonisht i tregojn\u00eb bot\u00ebs per\u00ebndimore fotografit\u00eb e xhamive t\u00eb reja dhe kishave t\u00eb rr\u00ebnuara n\u00eb Kosov\u00eb.<\/p>\n<p>N\u00eb Kosov\u00eb pak ndryshime, n\u00eb Preshev\u00eb po ato gropa n\u00ebp\u00ebr rrug\u00eb, po ajo mend\u00ebsi, kishin ndryshuar telenovelat, dikur ishin kryesisht amerikane, tani kishte edhe turke&#8230;<\/p>\n<p>N\u00eb Gjermani shihen kisha t\u00eb vjetra dhe shkolla t\u00eb reja apo t\u00eb furnizuara mir\u00eb, me nga 18 deri 24 nx\u00ebn\u00ebs. Te ne xhamia me dhjet\u00ebra veta t\u00eb premteve, gjasht\u00eb dit\u00eb tjera e zbraz\u00ebt, kurse klasat me mbi 30 nx\u00ebn\u00ebs, ku shkohet pes\u00eb dit\u00eb n\u00eb jav\u00eb, para dite dhe pas dite, n\u00eb dy turne sepse mungojn\u00eb nd\u00ebrtesa shkollore. Kisha rrall\u00eb nd\u00ebrtohen n\u00eb Per\u00ebndim, sepse shum\u00eb njer\u00ebz lexojn\u00eb Bibl\u00ebn n\u00eb sht\u00ebpi dhe nuk kan\u00eb nevoj\u00eb ta d\u00ebgjojn\u00eb priftin duke lexuar&#8230;<\/p>\n<p>Kumanova. Edhe k\u00ebtu xhami t\u00eb reja dhe shkolla t\u00eb mjera. Gjimnazi me klasa t\u00eb st\u00ebrmbushura xhamit\u00eb gjasht\u00eb dit\u00eb t\u00eb zbraz\u00ebta! N\u00eb Kumanov\u00eb ekzistonte nj\u00eb panik nga vjedhja e f\u00ebmij\u00ebve p\u00ebr marrjen e organeve. Nj\u00eb f\u00ebmij\u00eb e kishin gjetur t\u00eb prer\u00eb, pa organe. N\u00eb Shkup p\u00ebrlahen p\u00ebr nd\u00ebrtimin e kishave dhe xhamive dhe nd\u00ebrtimin e p\u00ebrmendoreve; nj\u00eb tension dhe p\u00ebrleshje n\u00eb baza bizantino-osmane. Shum\u00eb shqiptar\u00eb si edhe para lufte nuk kan\u00eb shtet\u00ebsin\u00eb e Maqedonis\u00eb edhe pse n\u00eb koalicion gjenden edhe shqiptar\u00ebt.<\/p>\n<p>Maqedon\u00ebt zvog\u00eblojn\u00eb numrin e shqiptar\u00ebve duke u refuzuar shtet\u00ebsin\u00eb, duke i asgj\u00ebsuar elektoratin shqiptar. Num\u00ebrimin e popullsis\u00eb mund ta b\u00ebjn\u00eb edhe partit\u00eb shqiptare, ato kan\u00eb deg\u00ebt e veta propaganduese n\u00eb \u00e7do skut\u00eb, por nuk e b\u00ebjn\u00eb e as nuk e detyrojn\u00eb Maqedonin\u00eb ta b\u00ebj\u00eb num\u00ebrimin e drejt\u00eb. N\u00eb Shkup asgj\u00eb e re, n\u00ebse nuk mund t\u00eb konsiderohet risi magjistrimi i njer\u00ebzve, pas mosh\u00ebs 50 vje\u00e7are, q\u00eb pat\u00ebn bler\u00eb diploma fakulteti n\u00eb Prishtin\u00eb pas luft\u00ebs.<\/p>\n<p>Taksisit m\u00eb tha se s\u00eb shpejti do t\u00eb plas\u00eb nj\u00eb kryengritje n\u00eb Maqedoni. T\u00eb nes\u00ebrmen policia maqedone vrau kat\u00ebr shqiptar\u00eb. Ministri shqiptar nga Kosova vrapoi t\u00b4i k\u00ebrkoj\u00eb ndjes\u00eb Shkupit p\u00ebr vrasjen e shqiptar\u00ebve nga policia maqedone. Vazhdon drejt Strug\u00ebs dhe Pogradecit dhe edhe k\u00ebtu shqiptar\u00eb k\u00ebndej e shqiptar\u00eb andej, ruajn\u00eb kufirin nd\u00ebrmjet qyteteve shqiptare.<\/p>\n<p>N\u00eb Tiran\u00eb \u00e7adra. Opozita n\u00eb Shqip\u00ebri b\u00ebn grev\u00eb urie, por Saliut nuk i b\u00ebhet von\u00eb n\u00ebse vdesin deputetet e opozit\u00ebs. Edhe n\u00ebse vdesin t\u00eb gjith\u00eb, ai do t\u00eb thot\u00eb: &#8221; Ne jemi vend demokratik, vdekjen nuk mund ta ndalojm\u00eb, as p\u00ebr ne, as p\u00ebr socialist\u00ebt!&#8221; Ai nuk u brengos p\u00ebr bombardimin G\u00ebrdecit dhe ministri, q\u00eb lejoi bombardimin e fshatit dhe rrethit, n\u00eb vend se t\u00eb jepte p\u00ebrgjegj\u00ebsi, qeraset me pozit\u00eb tjet\u00ebr dhe tani \u00ebsht\u00eb minist\u00ebr i mjedisit, sepse ai e din m\u00eb s\u00eb miri si bombardohet ambienti.<\/p>\n<p>N\u00ebse n\u00eb krye t\u00eb Vatikanit vjen nj\u00eb hoxh\u00eb i konvertuar n\u00eb katolik, do t\u00b4i niste kryq\u00ebzatat, sepse ai ndjehet i obliguar t\u00b4i urrej\u00eb specien e vet dhe p\u00ebr t\u00eb treguar se \u00ebsht\u00eb v\u00ebrtet katolik, detyr\u00eb do ta ket\u00eb urrejtjen musliman\u00ebve. N\u00ebse n\u00eb krye musliman\u00ebve vihet nj\u00eb prifti i konvertuar n\u00eb hoxh\u00eb, do ta b\u00ebnte t\u00eb nj\u00ebjt\u00ebn pun\u00eb, t\u00eb nj\u00ebjtin zullum, p\u00ebr t\u00b4u treguar i penduar dhe kompatib\u00ebl me kopen\u00eb e re.<\/p>\n<p>Deri sa n\u00eb krye t\u00eb Partis\u00eb Demokratike t\u00eb kemi nj\u00eb konvertit nga komunisti stalinist n\u00eb demokrat, do ta kemi k\u00ebt\u00eb gjendje t\u00eb nder\u00eb, q\u00eb kemi sot, por nuk mund assesi t\u00eb kuptohet an\u00ebtar\u00ebsia e PD. N\u00eb nj\u00eb parti t\u00eb v\u00ebrtet\u00eb demokratike as Jezu Krishti nuk do t\u00eb kishte fituar aq shum\u00eb vota sa Sali Berisha, gati 100%, as Muhameti, as Buda, as Gandi e as N\u00ebn\u00eb Tereza, por Saliu po! Ky \u00ebsht\u00eb tregues p\u00ebr kllapin\u00eb kolektive n\u00eb PD dhe p\u00ebr struktur\u00ebn stabile fisnore.<\/p>\n<p>Me zbritjen n\u00eb Bari t\u00eb vjen vet vetiu nj\u00eb ofsham\u00eb \u00e7liruese: dole nga kaosi ballkanik.<\/p>\n<p>Para disa jav\u00ebve n\u00eb Greqi grek\u00ebt zem\u00ebroheshin e pezmatoheshin pse nuk mund t\u00b4i marrin nga 14 rroga n\u00eb vit edhe pse shteti grek ishte n\u00eb falimentim e sip\u00ebr dhe desh e ndez\u00ebn Athin\u00ebn. Ata nuk kuptonin pse Europa nuk u fal\u00eb lek\u00eb. Kur Gjermania u godit nga kriza bankare, shumica e qytetar\u00ebve ishin p\u00ebr rritjen e tatimeve p\u00ebr ta shp\u00ebtuar shtetin. Grek\u00ebt b\u00ebnin demonstrata p\u00ebr ta rr\u00ebnuar shtetin! Ballkan hedepsuz! Ballkan teveqel!<\/p>\n<p>Ballkani \u00ebsht\u00eb pazar ku blihet \u00e7do gj\u00eb: edhe identiteti i ri, pasaporta, fakulteti, vendi i pun\u00ebs, doktoratura, nusja, karriera dhe ku nuk d\u00ebnohesh as p\u00ebr vjedhje e as p\u00ebr krim! Ballkan zabit! Vend ku edhe tradhtia konsiderohet patriotiz\u00ebm. Aty kryeministri b\u00ebn tradhti, por mbetet n\u00eb pozit\u00eb!<\/p>\n<p>Gjermani paguan tatim ndershm\u00ebrisht, sepse pa shtet t\u00eb fuqish\u00ebm, nuk ka jet\u00eb t\u00eb denj\u00eb, ballkanasi e vjedh shtetin aty ku mundet dhe nuk brengoset, sepse ballkanasi \u00ebsht\u00eb i bindur se n\u00ebse nuk vjedh vet, vjedhin politikan\u00ebt n\u00eb vend t\u00eb tij&#8230;Ballkan hedepsuz! Ballkan teveqel! Ballkan zabit!<\/p>\n","protected":false},"excerpt":{"rendered":"<p>Naser Aliu, 25.05.2010 Kur stjuardesa pyeti se cilin sendui\u00e7 preferoja, u mendova ca dhe zgjodha nj\u00eb me proshut\u00eb, edhe pse nuk kisha uri. Mund t\u00eb jet\u00eb i fundit, thash me vete. Edhe informatat p\u00ebr p\u00ebrdorimin e xhaket\u00ebs s\u00eb notit n\u00eb rast tok\u00ebsimi n\u00eb det, m\u00eb sakt\u00eb, n\u00eb rast det\u00ebsimi, sigurisht se nuk b\u00ebhen pa arsye. [&hellip;]<\/p>\n","protected":false},"author":1,"featured_media":0,"comment_status":"open","ping_status":"closed","sticky":false,"template":"","format":"standard","meta":{"footnotes":""},"categories":[2],"tags":[],"class_list":{"0":"post-2820","1":"post","2":"type-post","3":"status-publish","4":"format-standard","6":"category-artikuj"},"yoast_head":"<!-- This site is optimized with the Yoast SEO plugin v27.4 - https:\/\/yoast.com\/product\/yoast-seo-wordpress\/ -->\n<title>Ec e mos p\u00eblcit... - FjALA e LIR\u00cb - Arkivi<\/title>\n<meta name=\"robots\" content=\"index, follow, max-snippet:-1, max-image-preview:large, max-video-preview:-1\" \/>\n<link rel=\"canonical\" href=\"https:\/\/fjala.info\/2009-2015\/ec-e-mos-pelcit\/\" \/>\n<meta property=\"og:locale\" content=\"sq_AL\" \/>\n<meta property=\"og:type\" content=\"article\" \/>\n<meta property=\"og:title\" content=\"Ec e mos p\u00eblcit... - FjALA e LIR\u00cb - Arkivi\" \/>\n<meta property=\"og:description\" content=\"Naser Aliu, 25.05.2010 Kur stjuardesa pyeti se cilin sendui\u00e7 preferoja, u mendova ca dhe zgjodha nj\u00eb me proshut\u00eb, edhe pse nuk kisha uri. Mund t\u00eb jet\u00eb i fundit, thash me vete. Edhe informatat p\u00ebr p\u00ebrdorimin e xhaket\u00ebs s\u00eb notit n\u00eb rast tok\u00ebsimi n\u00eb det, m\u00eb sakt\u00eb, n\u00eb rast det\u00ebsimi, sigurisht se nuk b\u00ebhen pa arsye. [&hellip;]\" \/>\n<meta property=\"og:url\" content=\"https:\/\/fjala.info\/2009-2015\/ec-e-mos-pelcit\/\" \/>\n<meta property=\"og:site_name\" content=\"FjALA e LIR\u00cb - Arkivi\" \/>\n<meta property=\"article:published_time\" content=\"2010-05-25T22:26:05+00:00\" \/>\n<meta property=\"og:image\" content=\"http:\/\/www.shkoder.net\/images\/fjala\/naser_aliu.jpg\" \/>\n<meta name=\"author\" content=\"admin\" \/>\n<meta name=\"twitter:card\" content=\"summary_large_image\" \/>\n<meta name=\"twitter:label1\" content=\"Written by\" \/>\n\t<meta name=\"twitter:data1\" content=\"admin\" \/>\n\t<meta name=\"twitter:label2\" content=\"Est. reading time\" \/>\n\t<meta name=\"twitter:data2\" content=\"13 minutes\" \/>\n<script type=\"application\/ld+json\" class=\"yoast-schema-graph\">{\"@context\":\"https:\\\/\\\/schema.org\",\"@graph\":[{\"@type\":\"Article\",\"@id\":\"https:\\\/\\\/fjala.info\\\/2009-2015\\\/ec-e-mos-pelcit\\\/#article\",\"isPartOf\":{\"@id\":\"https:\\\/\\\/fjala.info\\\/2009-2015\\\/ec-e-mos-pelcit\\\/\"},\"author\":{\"name\":\"admin\",\"@id\":\"https:\\\/\\\/fjala.info\\\/2009-2015\\\/#\\\/schema\\\/person\\\/3aa1163ef05469c496fc94e77611ada2\"},\"headline\":\"Ec e mos p\u00eblcit&#8230;\",\"datePublished\":\"2010-05-25T22:26:05+00:00\",\"mainEntityOfPage\":{\"@id\":\"https:\\\/\\\/fjala.info\\\/2009-2015\\\/ec-e-mos-pelcit\\\/\"},\"wordCount\":2524,\"commentCount\":0,\"publisher\":{\"@id\":\"https:\\\/\\\/fjala.info\\\/2009-2015\\\/#organization\"},\"image\":{\"@id\":\"https:\\\/\\\/fjala.info\\\/2009-2015\\\/ec-e-mos-pelcit\\\/#primaryimage\"},\"thumbnailUrl\":\"http:\\\/\\\/www.shkoder.net\\\/images\\\/fjala\\\/naser_aliu.jpg\",\"articleSection\":[\"Artikuj\"],\"inLanguage\":\"sq-AL\",\"potentialAction\":[{\"@type\":\"CommentAction\",\"name\":\"Comment\",\"target\":[\"https:\\\/\\\/fjala.info\\\/2009-2015\\\/ec-e-mos-pelcit\\\/#respond\"]}]},{\"@type\":\"WebPage\",\"@id\":\"https:\\\/\\\/fjala.info\\\/2009-2015\\\/ec-e-mos-pelcit\\\/\",\"url\":\"https:\\\/\\\/fjala.info\\\/2009-2015\\\/ec-e-mos-pelcit\\\/\",\"name\":\"Ec e mos p\u00eblcit... - FjALA e LIR\u00cb - Arkivi\",\"isPartOf\":{\"@id\":\"https:\\\/\\\/fjala.info\\\/2009-2015\\\/#website\"},\"primaryImageOfPage\":{\"@id\":\"https:\\\/\\\/fjala.info\\\/2009-2015\\\/ec-e-mos-pelcit\\\/#primaryimage\"},\"image\":{\"@id\":\"https:\\\/\\\/fjala.info\\\/2009-2015\\\/ec-e-mos-pelcit\\\/#primaryimage\"},\"thumbnailUrl\":\"http:\\\/\\\/www.shkoder.net\\\/images\\\/fjala\\\/naser_aliu.jpg\",\"datePublished\":\"2010-05-25T22:26:05+00:00\",\"breadcrumb\":{\"@id\":\"https:\\\/\\\/fjala.info\\\/2009-2015\\\/ec-e-mos-pelcit\\\/#breadcrumb\"},\"inLanguage\":\"sq-AL\",\"potentialAction\":[{\"@type\":\"ReadAction\",\"target\":[\"https:\\\/\\\/fjala.info\\\/2009-2015\\\/ec-e-mos-pelcit\\\/\"]}]},{\"@type\":\"ImageObject\",\"inLanguage\":\"sq-AL\",\"@id\":\"https:\\\/\\\/fjala.info\\\/2009-2015\\\/ec-e-mos-pelcit\\\/#primaryimage\",\"url\":\"http:\\\/\\\/www.shkoder.net\\\/images\\\/fjala\\\/naser_aliu.jpg\",\"contentUrl\":\"http:\\\/\\\/www.shkoder.net\\\/images\\\/fjala\\\/naser_aliu.jpg\"},{\"@type\":\"BreadcrumbList\",\"@id\":\"https:\\\/\\\/fjala.info\\\/2009-2015\\\/ec-e-mos-pelcit\\\/#breadcrumb\",\"itemListElement\":[{\"@type\":\"ListItem\",\"position\":1,\"name\":\"Home\",\"item\":\"https:\\\/\\\/fjala.info\\\/2009-2015\\\/\"},{\"@type\":\"ListItem\",\"position\":2,\"name\":\"Ec e mos p\u00eblcit&#8230;\"}]},{\"@type\":\"WebSite\",\"@id\":\"https:\\\/\\\/fjala.info\\\/2009-2015\\\/#website\",\"url\":\"https:\\\/\\\/fjala.info\\\/2009-2015\\\/\",\"name\":\"FjALA e LIR\u00cb - Arkivi\",\"description\":\"Arkivi 2009-2015\",\"publisher\":{\"@id\":\"https:\\\/\\\/fjala.info\\\/2009-2015\\\/#organization\"},\"potentialAction\":[{\"@type\":\"SearchAction\",\"target\":{\"@type\":\"EntryPoint\",\"urlTemplate\":\"https:\\\/\\\/fjala.info\\\/2009-2015\\\/?s={search_term_string}\"},\"query-input\":{\"@type\":\"PropertyValueSpecification\",\"valueRequired\":true,\"valueName\":\"search_term_string\"}}],\"inLanguage\":\"sq-AL\"},{\"@type\":\"Organization\",\"@id\":\"https:\\\/\\\/fjala.info\\\/2009-2015\\\/#organization\",\"name\":\"FjALA e LIR\u00cb - Arkivi\",\"url\":\"https:\\\/\\\/fjala.info\\\/2009-2015\\\/\",\"logo\":{\"@type\":\"ImageObject\",\"inLanguage\":\"sq-AL\",\"@id\":\"https:\\\/\\\/fjala.info\\\/2009-2015\\\/#\\\/schema\\\/logo\\\/image\\\/\",\"url\":\"\",\"contentUrl\":\"\",\"caption\":\"FjALA e LIR\u00cb - Arkivi\"},\"image\":{\"@id\":\"https:\\\/\\\/fjala.info\\\/2009-2015\\\/#\\\/schema\\\/logo\\\/image\\\/\"}},{\"@type\":\"Person\",\"@id\":\"https:\\\/\\\/fjala.info\\\/2009-2015\\\/#\\\/schema\\\/person\\\/3aa1163ef05469c496fc94e77611ada2\",\"name\":\"admin\",\"image\":{\"@type\":\"ImageObject\",\"inLanguage\":\"sq-AL\",\"@id\":\"https:\\\/\\\/fjala.info\\\/2009-2015\\\/wp-content\\\/uploads\\\/2012\\\/02\\\/arben_cokaj-120x150.jpg\",\"url\":\"https:\\\/\\\/fjala.info\\\/2009-2015\\\/wp-content\\\/uploads\\\/2012\\\/02\\\/arben_cokaj-120x150.jpg\",\"contentUrl\":\"https:\\\/\\\/fjala.info\\\/2009-2015\\\/wp-content\\\/uploads\\\/2012\\\/02\\\/arben_cokaj-120x150.jpg\",\"caption\":\"admin\"},\"description\":\"Admin, Fjala e Lir\u00eb\",\"sameAs\":[\"https:\\\/\\\/fjala.info\\\/\"],\"url\":\"https:\\\/\\\/fjala.info\\\/2009-2015\\\/author\\\/admin\\\/\"}]}<\/script>\n<!-- \/ Yoast SEO plugin. -->","yoast_head_json":{"title":"Ec e mos p\u00eblcit... - FjALA e LIR\u00cb - Arkivi","robots":{"index":"index","follow":"follow","max-snippet":"max-snippet:-1","max-image-preview":"max-image-preview:large","max-video-preview":"max-video-preview:-1"},"canonical":"https:\/\/fjala.info\/2009-2015\/ec-e-mos-pelcit\/","og_locale":"sq_AL","og_type":"article","og_title":"Ec e mos p\u00eblcit... - FjALA e LIR\u00cb - Arkivi","og_description":"Naser Aliu, 25.05.2010 Kur stjuardesa pyeti se cilin sendui\u00e7 preferoja, u mendova ca dhe zgjodha nj\u00eb me proshut\u00eb, edhe pse nuk kisha uri. Mund t\u00eb jet\u00eb i fundit, thash me vete. Edhe informatat p\u00ebr p\u00ebrdorimin e xhaket\u00ebs s\u00eb notit n\u00eb rast tok\u00ebsimi n\u00eb det, m\u00eb sakt\u00eb, n\u00eb rast det\u00ebsimi, sigurisht se nuk b\u00ebhen pa arsye. [&hellip;]","og_url":"https:\/\/fjala.info\/2009-2015\/ec-e-mos-pelcit\/","og_site_name":"FjALA e LIR\u00cb - Arkivi","article_published_time":"2010-05-25T22:26:05+00:00","og_image":[{"url":"http:\/\/www.shkoder.net\/images\/fjala\/naser_aliu.jpg","type":"","width":"","height":""}],"author":"admin","twitter_card":"summary_large_image","twitter_misc":{"Written by":"admin","Est. reading time":"13 minutes"},"schema":{"@context":"https:\/\/schema.org","@graph":[{"@type":"Article","@id":"https:\/\/fjala.info\/2009-2015\/ec-e-mos-pelcit\/#article","isPartOf":{"@id":"https:\/\/fjala.info\/2009-2015\/ec-e-mos-pelcit\/"},"author":{"name":"admin","@id":"https:\/\/fjala.info\/2009-2015\/#\/schema\/person\/3aa1163ef05469c496fc94e77611ada2"},"headline":"Ec e mos p\u00eblcit&#8230;","datePublished":"2010-05-25T22:26:05+00:00","mainEntityOfPage":{"@id":"https:\/\/fjala.info\/2009-2015\/ec-e-mos-pelcit\/"},"wordCount":2524,"commentCount":0,"publisher":{"@id":"https:\/\/fjala.info\/2009-2015\/#organization"},"image":{"@id":"https:\/\/fjala.info\/2009-2015\/ec-e-mos-pelcit\/#primaryimage"},"thumbnailUrl":"http:\/\/www.shkoder.net\/images\/fjala\/naser_aliu.jpg","articleSection":["Artikuj"],"inLanguage":"sq-AL","potentialAction":[{"@type":"CommentAction","name":"Comment","target":["https:\/\/fjala.info\/2009-2015\/ec-e-mos-pelcit\/#respond"]}]},{"@type":"WebPage","@id":"https:\/\/fjala.info\/2009-2015\/ec-e-mos-pelcit\/","url":"https:\/\/fjala.info\/2009-2015\/ec-e-mos-pelcit\/","name":"Ec e mos p\u00eblcit... - FjALA e LIR\u00cb - Arkivi","isPartOf":{"@id":"https:\/\/fjala.info\/2009-2015\/#website"},"primaryImageOfPage":{"@id":"https:\/\/fjala.info\/2009-2015\/ec-e-mos-pelcit\/#primaryimage"},"image":{"@id":"https:\/\/fjala.info\/2009-2015\/ec-e-mos-pelcit\/#primaryimage"},"thumbnailUrl":"http:\/\/www.shkoder.net\/images\/fjala\/naser_aliu.jpg","datePublished":"2010-05-25T22:26:05+00:00","breadcrumb":{"@id":"https:\/\/fjala.info\/2009-2015\/ec-e-mos-pelcit\/#breadcrumb"},"inLanguage":"sq-AL","potentialAction":[{"@type":"ReadAction","target":["https:\/\/fjala.info\/2009-2015\/ec-e-mos-pelcit\/"]}]},{"@type":"ImageObject","inLanguage":"sq-AL","@id":"https:\/\/fjala.info\/2009-2015\/ec-e-mos-pelcit\/#primaryimage","url":"http:\/\/www.shkoder.net\/images\/fjala\/naser_aliu.jpg","contentUrl":"http:\/\/www.shkoder.net\/images\/fjala\/naser_aliu.jpg"},{"@type":"BreadcrumbList","@id":"https:\/\/fjala.info\/2009-2015\/ec-e-mos-pelcit\/#breadcrumb","itemListElement":[{"@type":"ListItem","position":1,"name":"Home","item":"https:\/\/fjala.info\/2009-2015\/"},{"@type":"ListItem","position":2,"name":"Ec e mos p\u00eblcit&#8230;"}]},{"@type":"WebSite","@id":"https:\/\/fjala.info\/2009-2015\/#website","url":"https:\/\/fjala.info\/2009-2015\/","name":"FjALA e LIR\u00cb - Arkivi","description":"Arkivi 2009-2015","publisher":{"@id":"https:\/\/fjala.info\/2009-2015\/#organization"},"potentialAction":[{"@type":"SearchAction","target":{"@type":"EntryPoint","urlTemplate":"https:\/\/fjala.info\/2009-2015\/?s={search_term_string}"},"query-input":{"@type":"PropertyValueSpecification","valueRequired":true,"valueName":"search_term_string"}}],"inLanguage":"sq-AL"},{"@type":"Organization","@id":"https:\/\/fjala.info\/2009-2015\/#organization","name":"FjALA e LIR\u00cb - Arkivi","url":"https:\/\/fjala.info\/2009-2015\/","logo":{"@type":"ImageObject","inLanguage":"sq-AL","@id":"https:\/\/fjala.info\/2009-2015\/#\/schema\/logo\/image\/","url":"","contentUrl":"","caption":"FjALA e LIR\u00cb - Arkivi"},"image":{"@id":"https:\/\/fjala.info\/2009-2015\/#\/schema\/logo\/image\/"}},{"@type":"Person","@id":"https:\/\/fjala.info\/2009-2015\/#\/schema\/person\/3aa1163ef05469c496fc94e77611ada2","name":"admin","image":{"@type":"ImageObject","inLanguage":"sq-AL","@id":"https:\/\/fjala.info\/2009-2015\/wp-content\/uploads\/2012\/02\/arben_cokaj-120x150.jpg","url":"https:\/\/fjala.info\/2009-2015\/wp-content\/uploads\/2012\/02\/arben_cokaj-120x150.jpg","contentUrl":"https:\/\/fjala.info\/2009-2015\/wp-content\/uploads\/2012\/02\/arben_cokaj-120x150.jpg","caption":"admin"},"description":"Admin, Fjala e Lir\u00eb","sameAs":["https:\/\/fjala.info\/"],"url":"https:\/\/fjala.info\/2009-2015\/author\/admin\/"}]}},"_links":{"self":[{"href":"https:\/\/fjala.info\/2009-2015\/wp-json\/wp\/v2\/posts\/2820","targetHints":{"allow":["GET"]}}],"collection":[{"href":"https:\/\/fjala.info\/2009-2015\/wp-json\/wp\/v2\/posts"}],"about":[{"href":"https:\/\/fjala.info\/2009-2015\/wp-json\/wp\/v2\/types\/post"}],"author":[{"embeddable":true,"href":"https:\/\/fjala.info\/2009-2015\/wp-json\/wp\/v2\/users\/1"}],"replies":[{"embeddable":true,"href":"https:\/\/fjala.info\/2009-2015\/wp-json\/wp\/v2\/comments?post=2820"}],"version-history":[{"count":0,"href":"https:\/\/fjala.info\/2009-2015\/wp-json\/wp\/v2\/posts\/2820\/revisions"}],"wp:attachment":[{"href":"https:\/\/fjala.info\/2009-2015\/wp-json\/wp\/v2\/media?parent=2820"}],"wp:term":[{"taxonomy":"category","embeddable":true,"href":"https:\/\/fjala.info\/2009-2015\/wp-json\/wp\/v2\/categories?post=2820"},{"taxonomy":"post_tag","embeddable":true,"href":"https:\/\/fjala.info\/2009-2015\/wp-json\/wp\/v2\/tags?post=2820"}],"curies":[{"name":"wp","href":"https:\/\/api.w.org\/{rel}","templated":true}]}}