{"id":2819,"date":"2012-05-18T22:17:03","date_gmt":"2012-05-18T21:17:03","guid":{"rendered":"http:\/\/fjala.shkoder.net\/?p=2819"},"modified":"2012-05-18T22:17:03","modified_gmt":"2012-05-18T21:17:03","slug":"rrena-dymiliardeshe","status":"publish","type":"post","link":"https:\/\/fjala.info\/2009-2015\/rrena-dymiliardeshe\/","title":{"rendered":"Rrena dymiliard\u00ebshe"},"content":{"rendered":"<p><img decoding=\"async\" class=\"alignright size-thumbnail wp-image-7236\" title=\"Berisha me SIVA PARTNERS\" src=\"http:\/\/www.shkoder.net\/2012\/berisha_me_sivan.jpg\" alt=\"\" width=\"300\" \/> <em>Berisha me SIVA PARTNERS<\/em><\/p>\n<p><em>Nj\u00eb grupi kinse-investitor\u00ebsh njujorkez\u00eb i ka mjaftuar deponimi 150- dollar\u00ebsh n\u00eb muaj (si taks\u00eb shtet\u00ebrore) p\u00ebr ta themeluar nj\u00eb zyr\u00eb virtuale dhe p\u00ebr t\u00eb zbarkuar n\u00eb Ballkan me bekimin mesianik, p\u00ebrkat\u00ebsisht n\u00eb Tiran\u00eb dhe Prishtin\u00eb dhe p\u00ebr t\u2019i lajthitur lider\u00ebt e dy shteteve, p\u00ebrkat\u00ebsisht t\u00eb Shqip\u00ebris\u00eb dhe t\u00eb Kosov\u00ebs, se korporata n\u00eb fjal\u00eb do t\u00eb investoj\u00eb n\u00eb k\u00ebto dy vende hi\u00e7 m\u00eb pak se nga dy miliard\u00eb euro (p\u00ebr t\u00eb mos u mbetur hatri asnj\u00ebr\u00ebs) n\u00eb energjetik\u00eb, miniera dhe infrastruktur\u00eb. Blofi i afarist\u00ebve n\u00ebn logon SIVA PARTNERS n\u00eb Prishtin\u00eb b\u00ebhet lajm komb\u00ebtar n\u00eb RTK, nd\u00ebrsa n\u00eb Tiran\u00eb \u201cmashtruesit\u201d madje i pret kryeministri Sali Berisha dhe fotografin\u00eb me t\u00eb e p\u00ebrdorin p\u00ebr marketing n\u00eb internet, p\u00ebr t\u2019u d\u00ebshmuar si investitor\u00eb serioz\u00eb t\u00eb p\u00ebrmasave globale<\/em><\/p>\n<p>Nga <strong>Halil Matoshi<\/strong>, <em>18 Maj 2012<\/em><\/p>\n<p>N\u00eb fund t\u00eb p\u00ebrrall\u00ebs, gjithnj\u00eb nj\u00eb gjysh a gjyshe u thot\u00eb f\u00ebmij\u00ebve at\u00eb q\u00eb duhet th\u00ebn\u00eb, p\u00ebr t\u00eb mos i l\u00ebn\u00eb t\u00eb vdesin n\u00eb injoranc\u00eb, p\u00ebrralla me lesh, e mira prej nesh!<\/p>\n<p>N\u00ebse hulumton n\u00eb internet pas korporat\u00ebs SIVA PARTNERS t\u00eb shfaqet nj\u00eb sht\u00ebpi luksi me pishin\u00eb, m\u00eb posht\u00eb nj\u00eb sall\u00eb konferencash pa njeri dhe nj\u00eb adres\u00eb 780 Third Avenue, 9 flor. New York. P\u00ebr krye t\u00eb k\u00ebsaj shfaqjeje shfaqet nj\u00eb em\u00ebr n\u00eb t\u00eb par\u00eb asociativ, Mohammad Ali si bossi i korporat\u00ebs e m\u00eb posht\u00eb \u00ebsht\u00eb e pashmangshme nj\u00eb foto e investitor\u00ebve njujorkez\u00eb me t\u00eb vetmin njeri publik n\u00eb bot\u00eb, kryeministrin shqiptar Sali Berisha.<\/p>\n<p>P\u00ebr t\u00eb krijuar k\u00ebshtu fuqin\u00eb e imazhit.<\/p>\n<p>I nj\u00ebjti grup investitor\u00ebsh virtual\u00eb kishte zbarkuar me pomp\u00eb edhe n\u00eb Prishtin\u00eb, p\u00ebr t\u2019u dh\u00ebn\u00eb shpres\u00eb t\u00eb rreme fukarenjve ballkanik\u00eb.<\/p>\n<p>Mungesa e mekanizmave mbik\u00ebqyr\u00ebs institucional\u00eb dhe etik\u00ebs s\u00eb pushtetit si dhe mungesa e sensit p\u00ebr realitetin financiar u krijon hap\u00ebsir\u00eb ideale korporatave fantome jo vet\u00ebm vendore, por edhe nd\u00ebrkomb\u00ebtare p\u00ebr ngritjen t\u00eb skemave piramidale dhe shp\u00eblarje parash. Pritja e SIVA PARTNERS n\u00eb Prishtin\u00eb nga zyrtar\u00ebt e lart\u00eb qeveritar\u00eb (n\u00eb video shihet z\u00ebvend\u00ebskryeministri Pacolli n\u00eb hotelin e tij \u201cDiamond\u201d) e d\u00ebshmon ose naivitetin e skajsh\u00ebm t\u00eb udh\u00ebheq\u00ebsve politik\u00eb kosovar\u00eb, ose leht\u00ebsin\u00eb e padurueshme p\u00ebr \u201ct\u00eb b\u00ebr\u00eb\u201d para nga nj\u00eb rren\u00eb klluqe!<\/p>\n<p>Por si e h\u00ebngri karremin Qeveria shqiptare dhe kryeministri Berisha duke u b\u00ebr\u00eb personazh i k\u00ebsaj storie \u201cbandit\u00ebsh financiar\u00eb\u201d?<\/p>\n<p>Lutfi Dervishi, drejtor ekzekutiv i TI-Albania (Transparency International) na tregoi k\u00ebt\u00eb \u201cp\u00ebrrall\u00eb\u201d miliard\u00ebshe nga e cila t\u00eb shkon l\u00ebng nga goja.<\/p>\n<p>\u201cS\u2019e vrau mendjen kush, sepse vinin si amerikan\u00eb, ndon\u00ebse shumat fiktive t\u00eb investimeve me t\u00eb cilat operonte ky grup ishin spektakulare, saq\u00eb \u201ckishin turp\u00ebruar\u201d edhe FMN-n\u00eb duke premtuar 10 miliard\u00eb dollar\u00eb investime n\u00eb Ballkan vet\u00ebm p\u00ebr vitin 2012, nga dy miliard\u00eb n\u00eb Shqip\u00ebri dhe Kosov\u00eb!?\u201d<\/p>\n<p>Mjafton t\u00eb kesh informacion se cila \u00ebsht\u00eb qasja dhe shkalla e besueshm\u00ebris\u00eb s\u00eb nj\u00eb populli dhe shteti ndaj SHBA-s\u00eb, pra mjafton t\u00eb jesh amerikan p\u00ebr t\u00eb nd\u00ebrmarr\u00eb mision shp\u00ebtimtar mashtrues, ose p\u00ebr ta ngritur nj\u00eb skem\u00eb piramidale n\u00eb nj\u00eb vend n\u00eb transicion.<\/p>\n<p>Mjafton t\u00eb kesh nj\u00eb zyr\u00eb (nj\u00eb adres\u00eb) dhe t\u2019i deponosh 150 dollar\u00eb amerikan\u00eb p\u00ebr ta themeluar nj\u00eb korporat\u00eb virtuale p\u00ebr t\u2019iu shitur vendeve ballkanike si fuqi investuese marramend\u00ebse, q\u00eb kap shifrat miliard\u00ebshe. N\u00eb k\u00ebt\u00eb rast mashtruesit duhet t\u00eb kujdesen q\u00eb t\u00eb ken\u00eb ndonj\u00eb em\u00ebr bombastik krahas adres\u00ebs, sepse popuj dhe shtete naive nuk hulumtojn\u00eb m\u00eb tutje p\u00ebr identitetin, seriozitetin dhe fuqin\u00eb e korporat\u00ebs q\u00eb u shfaqet n\u00eb der\u00eb p\u00ebr t\u2019ua zgjatur dor\u00ebn e shp\u00ebtimit.<\/p>\n<p>Nj\u00eb gazetar hulumtues, John Holland (redaktor n\u00eb OCCRP- Organizata p\u00ebr raportim t\u00eb krimit t\u00eb organizuar dhe korrupsionit) zbulon se ky grup \u00ebsht\u00eb fantom, virtual dhe se p\u00ebrmes mashtrimit synon t\u00eb ngrej\u00eb skema piramidale n\u00eb vendet e painformuara ose n\u00eb ato vende t\u00eb cilat i ka d\u00ebrrmuar korrupsioni dhe krimi i organizuar, duke shfryt\u00ebzuar ose paaft\u00ebsin\u00eb e shtetar\u00ebve, ose duke i p\u00ebrfshir\u00eb vet\u00eb ata n\u00eb krim t\u00eb organizuar\u2026<\/p>\n<p>SIVA PARTNERS n\u00eb k\u00ebt\u00eb rast \u00ebsht\u00eb kujtuar ta gjej\u00eb edhe nj\u00eb amerikan me origjin\u00eb shqiptare si ekzaminues i tregjeve investuese n\u00eb rajon. Emri i tij \u00ebsht\u00eb plasuar n\u00eb internet si Pjerin Lumaj ose Gurraj, nd\u00ebrkaq q\u00eb n\u00eb pozit\u00ebn e bashk\u00ebkryesuesit dhe drejtorit menaxherial figuron emri Mohammad Ali! Ideja e par\u00eb q\u00eb i krijohet secilit ballkanas t\u00eb shkret\u00eb kur e lexon k\u00ebt\u00eb em\u00ebr \u201cbomb\u00eb\u201d \u00ebsht\u00eb ish-kampioni bot\u00ebror n\u00eb boks Casisus Clay i konvertuar si Mohamed Ali. Mir\u00ebpo gazetari Holland ka hulumtuar identitetin e k\u00ebtij njeriu dhe prapa k\u00ebtij emri nuk i \u00ebsht\u00eb p\u00ebrgjigjur asnj\u00eb person real n\u00eb New York. Fillimisht ai arrin te nj\u00eb e dh\u00ebn\u00eb se ky njeri ishte nj\u00eb specialist i kirurgjis\u00eb plastike n\u00eb Virginia t\u00eb ShBA-s\u00eb, por me t\u00eb arritur atje, del se n\u00eb k\u00ebt\u00eb shtet nuk ka nj\u00eb qytetar amerikan rezident q\u00eb mban k\u00ebt\u00eb em\u00ebr, sepse ai ishte zhdukur para dhjet\u00eb vjet\u00ebsh!<\/p>\n<p>T\u00eb dh\u00ebnat e m\u00ebtutjeshme gazetarin e shpijn\u00eb edhe m\u00eb larg, n\u00eb Pakistan, ku ky njeri e dyshohet se merret me zejen e vjet\u00ebr, krim t\u00eb organizuar, duke ngritur skema piramidale n\u00eb krahinat e humbura t\u00eb k\u00ebtij vendi. Po ashtu dyshohet se p\u00ebrmes mashtrimit, ky njeri ka krijuar nj\u00eb pasuri t\u00eb majme, rreth 2, 5 miliard\u00eb US dollar\u00eb n\u00eb asete.<\/p>\n<p>Nj\u00eb plan i detajuar p\u00ebr k\u00ebso skemash korruptive k\u00ebtij far\u00eb Ali &amp;Co \u201ci dhezi\u201d n\u00eb Tiran\u00eb dhe n\u00eb Prishtin\u00eb. Lajmi u dha n\u00eb televizionet publike t\u00eb te dyja shteteve, duke m\u00ebsyr\u00eb t\u00eb rrisin kredibilitetin e qeverive t\u00eb dy vendeve se si \u201cpo i lul\u00ebzojn\u00eb\u201d ekonomit\u00eb e mjera t\u00eb vendeve t\u00eb tyre !?<\/p>\n<p>Vendi ku kallxohen p\u00ebrralla me mbret\u00ebr dhe qypa me lira (nj\u00eb portal n\u00eb Prishtin\u00eb para do koh\u00ebsh e pati publikuar lajmin se hi\u00e7 m\u00eb pak se Donald Tramp d\u00ebshiron t\u00eb investoj\u00eb miliarda n\u00eb Kosov\u00eb) \u00ebsht\u00eb i shkret\u00eb. Nd\u00ebrsa prij\u00ebsit politik\u00eb jan\u00eb mashtrues popujsh!<\/p>\n<p>P\u00ebr nj\u00eb qytetar t\u00eb edukuar mir\u00eb, lajmi i RTK-s\u00eb p\u00ebr investime sa dyfishi i buxhetit shtet\u00ebror t\u00eb Kosov\u00ebs vet\u00ebm brenda vitit 2012 si\u00e7 pretendonte grupi fantom me seli n\u00eb internet (sic!) ose mund t\u00eb merret si gabim logjik, ose thjesht e kupton se \u00ebsht\u00eb nj\u00eb mashtrim. Por p\u00ebr politikan\u00ebt e paaft\u00eb, ky spektak\u00ebl medial \u00ebsht\u00eb shprehje e synimit p\u00ebr t\u00eb mbajtur pushtetin personal mbi rren\u00ebn ose thjesht \u00ebsht\u00eb \u201cder\u00eb e vog\u00ebl\u201d p\u00ebr t\u2019u p\u00ebrfshir\u00eb n\u00eb bot\u00ebn e krimit t\u00eb organizuar.<\/p>\n<p>Tjet\u00ebr shpjegim kjo nuk ka.<\/p>\n<p>Tashm\u00eb \u00ebsht\u00eb muaj i pest\u00eb i vitit \u201912 dhe asnj\u00eb lajm tutje s\u2019erdhi nga SIVA PARTNERS.<\/p>\n<p>Si duket ia kan\u00eb ndier er\u00ebn se gazetar\u00eb hulumtues u kan\u00eb r\u00ebn\u00eb n\u00eb gjurm\u00eb mashtrimeve t\u00eb tyre dhe, me gjas\u00eb, jan\u00eb fshehur n\u00eb tollovit\u00eb e zhurmshme t\u00eb pjes\u00ebs tribal t\u00eb Pakistanit, n\u00eb Peshavar\u2026<\/p>\n<p>N\u00eb an\u00ebn tjet\u00ebr qeveritar\u00ebt shqiptar\u00eb dhe kosovar\u00eb, ndoshta presin t\u2019u vijn\u00eb partner\u00ebt e tyre nga interneti me thas\u00ebt plot para n\u00eb Tiran\u00eb dhe Prishtin\u00eb, p\u00ebr ta realizuar parajs\u00ebn e tyre n\u00eb tok\u00eb.<\/p>\n<p>Tregim i bukur p\u00ebr infantil\u00eb n\u00eb pushtet!<\/p>\n<p>Fundi i narracioneve t\u00eb tilla p\u00ebr investime miliard\u00ebshe duhet t\u00eb jet\u00eb legjendar, jo dashakeq\u00ebs, por thjesht letrar: \u201cP\u00ebrralla n\u2019shkall\u00eb, dukati n\u2019ball\u00eb!<\/p>\n","protected":false},"excerpt":{"rendered":"<p>Berisha me SIVA PARTNERS Nj\u00eb grupi kinse-investitor\u00ebsh njujorkez\u00eb i ka mjaftuar deponimi 150- dollar\u00ebsh n\u00eb muaj (si taks\u00eb shtet\u00ebrore) p\u00ebr ta themeluar nj\u00eb zyr\u00eb virtuale dhe p\u00ebr t\u00eb zbarkuar n\u00eb Ballkan me bekimin mesianik, p\u00ebrkat\u00ebsisht n\u00eb Tiran\u00eb dhe Prishtin\u00eb dhe p\u00ebr t\u2019i lajthitur lider\u00ebt e dy shteteve, p\u00ebrkat\u00ebsisht t\u00eb Shqip\u00ebris\u00eb dhe t\u00eb Kosov\u00ebs, se korporata [&hellip;]<\/p>\n","protected":false},"author":1,"featured_media":0,"comment_status":"open","ping_status":"closed","sticky":false,"template":"","format":"standard","meta":{"footnotes":""},"categories":[2],"tags":[],"class_list":{"0":"post-2819","1":"post","2":"type-post","3":"status-publish","4":"format-standard","6":"category-artikuj"},"yoast_head":"<!-- This site is optimized with the Yoast SEO plugin v27.4 - https:\/\/yoast.com\/product\/yoast-seo-wordpress\/ -->\n<title>Rrena dymiliard\u00ebshe - FjALA e LIR\u00cb - Arkivi<\/title>\n<meta name=\"robots\" content=\"index, follow, max-snippet:-1, max-image-preview:large, max-video-preview:-1\" \/>\n<link rel=\"canonical\" href=\"https:\/\/fjala.info\/2009-2015\/rrena-dymiliardeshe\/\" \/>\n<meta property=\"og:locale\" content=\"sq_AL\" \/>\n<meta property=\"og:type\" content=\"article\" \/>\n<meta property=\"og:title\" content=\"Rrena dymiliard\u00ebshe - FjALA e LIR\u00cb - Arkivi\" \/>\n<meta property=\"og:description\" content=\"Berisha me SIVA PARTNERS Nj\u00eb grupi kinse-investitor\u00ebsh njujorkez\u00eb i ka mjaftuar deponimi 150- dollar\u00ebsh n\u00eb muaj (si taks\u00eb shtet\u00ebrore) p\u00ebr ta themeluar nj\u00eb zyr\u00eb virtuale dhe p\u00ebr t\u00eb zbarkuar n\u00eb Ballkan me bekimin mesianik, p\u00ebrkat\u00ebsisht n\u00eb Tiran\u00eb dhe Prishtin\u00eb dhe p\u00ebr t\u2019i lajthitur lider\u00ebt e dy shteteve, p\u00ebrkat\u00ebsisht t\u00eb Shqip\u00ebris\u00eb dhe t\u00eb Kosov\u00ebs, se korporata [&hellip;]\" \/>\n<meta property=\"og:url\" content=\"https:\/\/fjala.info\/2009-2015\/rrena-dymiliardeshe\/\" \/>\n<meta property=\"og:site_name\" content=\"FjALA e LIR\u00cb - Arkivi\" \/>\n<meta property=\"article:published_time\" content=\"2012-05-18T21:17:03+00:00\" \/>\n<meta property=\"og:image\" content=\"http:\/\/www.shkoder.net\/2012\/berisha_me_sivan.jpg\" \/>\n<meta name=\"author\" content=\"admin\" \/>\n<meta name=\"twitter:card\" content=\"summary_large_image\" \/>\n<meta name=\"twitter:label1\" content=\"Written by\" \/>\n\t<meta name=\"twitter:data1\" content=\"admin\" \/>\n\t<meta name=\"twitter:label2\" content=\"Est. reading time\" \/>\n\t<meta name=\"twitter:data2\" content=\"6 minutes\" \/>\n<script type=\"application\/ld+json\" class=\"yoast-schema-graph\">{\"@context\":\"https:\\\/\\\/schema.org\",\"@graph\":[{\"@type\":\"Article\",\"@id\":\"https:\\\/\\\/fjala.info\\\/2009-2015\\\/rrena-dymiliardeshe\\\/#article\",\"isPartOf\":{\"@id\":\"https:\\\/\\\/fjala.info\\\/2009-2015\\\/rrena-dymiliardeshe\\\/\"},\"author\":{\"name\":\"admin\",\"@id\":\"https:\\\/\\\/fjala.info\\\/2009-2015\\\/#\\\/schema\\\/person\\\/3aa1163ef05469c496fc94e77611ada2\"},\"headline\":\"Rrena dymiliard\u00ebshe\",\"datePublished\":\"2012-05-18T21:17:03+00:00\",\"mainEntityOfPage\":{\"@id\":\"https:\\\/\\\/fjala.info\\\/2009-2015\\\/rrena-dymiliardeshe\\\/\"},\"wordCount\":1277,\"commentCount\":1,\"publisher\":{\"@id\":\"https:\\\/\\\/fjala.info\\\/2009-2015\\\/#organization\"},\"image\":{\"@id\":\"https:\\\/\\\/fjala.info\\\/2009-2015\\\/rrena-dymiliardeshe\\\/#primaryimage\"},\"thumbnailUrl\":\"http:\\\/\\\/www.shkoder.net\\\/2012\\\/berisha_me_sivan.jpg\",\"articleSection\":[\"Artikuj\"],\"inLanguage\":\"sq-AL\",\"potentialAction\":[{\"@type\":\"CommentAction\",\"name\":\"Comment\",\"target\":[\"https:\\\/\\\/fjala.info\\\/2009-2015\\\/rrena-dymiliardeshe\\\/#respond\"]}]},{\"@type\":\"WebPage\",\"@id\":\"https:\\\/\\\/fjala.info\\\/2009-2015\\\/rrena-dymiliardeshe\\\/\",\"url\":\"https:\\\/\\\/fjala.info\\\/2009-2015\\\/rrena-dymiliardeshe\\\/\",\"name\":\"Rrena dymiliard\u00ebshe - FjALA e LIR\u00cb - Arkivi\",\"isPartOf\":{\"@id\":\"https:\\\/\\\/fjala.info\\\/2009-2015\\\/#website\"},\"primaryImageOfPage\":{\"@id\":\"https:\\\/\\\/fjala.info\\\/2009-2015\\\/rrena-dymiliardeshe\\\/#primaryimage\"},\"image\":{\"@id\":\"https:\\\/\\\/fjala.info\\\/2009-2015\\\/rrena-dymiliardeshe\\\/#primaryimage\"},\"thumbnailUrl\":\"http:\\\/\\\/www.shkoder.net\\\/2012\\\/berisha_me_sivan.jpg\",\"datePublished\":\"2012-05-18T21:17:03+00:00\",\"breadcrumb\":{\"@id\":\"https:\\\/\\\/fjala.info\\\/2009-2015\\\/rrena-dymiliardeshe\\\/#breadcrumb\"},\"inLanguage\":\"sq-AL\",\"potentialAction\":[{\"@type\":\"ReadAction\",\"target\":[\"https:\\\/\\\/fjala.info\\\/2009-2015\\\/rrena-dymiliardeshe\\\/\"]}]},{\"@type\":\"ImageObject\",\"inLanguage\":\"sq-AL\",\"@id\":\"https:\\\/\\\/fjala.info\\\/2009-2015\\\/rrena-dymiliardeshe\\\/#primaryimage\",\"url\":\"http:\\\/\\\/www.shkoder.net\\\/2012\\\/berisha_me_sivan.jpg\",\"contentUrl\":\"http:\\\/\\\/www.shkoder.net\\\/2012\\\/berisha_me_sivan.jpg\"},{\"@type\":\"BreadcrumbList\",\"@id\":\"https:\\\/\\\/fjala.info\\\/2009-2015\\\/rrena-dymiliardeshe\\\/#breadcrumb\",\"itemListElement\":[{\"@type\":\"ListItem\",\"position\":1,\"name\":\"Home\",\"item\":\"https:\\\/\\\/fjala.info\\\/2009-2015\\\/\"},{\"@type\":\"ListItem\",\"position\":2,\"name\":\"Rrena dymiliard\u00ebshe\"}]},{\"@type\":\"WebSite\",\"@id\":\"https:\\\/\\\/fjala.info\\\/2009-2015\\\/#website\",\"url\":\"https:\\\/\\\/fjala.info\\\/2009-2015\\\/\",\"name\":\"FjALA e LIR\u00cb - Arkivi\",\"description\":\"Arkivi 2009-2015\",\"publisher\":{\"@id\":\"https:\\\/\\\/fjala.info\\\/2009-2015\\\/#organization\"},\"potentialAction\":[{\"@type\":\"SearchAction\",\"target\":{\"@type\":\"EntryPoint\",\"urlTemplate\":\"https:\\\/\\\/fjala.info\\\/2009-2015\\\/?s={search_term_string}\"},\"query-input\":{\"@type\":\"PropertyValueSpecification\",\"valueRequired\":true,\"valueName\":\"search_term_string\"}}],\"inLanguage\":\"sq-AL\"},{\"@type\":\"Organization\",\"@id\":\"https:\\\/\\\/fjala.info\\\/2009-2015\\\/#organization\",\"name\":\"FjALA e LIR\u00cb - Arkivi\",\"url\":\"https:\\\/\\\/fjala.info\\\/2009-2015\\\/\",\"logo\":{\"@type\":\"ImageObject\",\"inLanguage\":\"sq-AL\",\"@id\":\"https:\\\/\\\/fjala.info\\\/2009-2015\\\/#\\\/schema\\\/logo\\\/image\\\/\",\"url\":\"\",\"contentUrl\":\"\",\"caption\":\"FjALA e LIR\u00cb - Arkivi\"},\"image\":{\"@id\":\"https:\\\/\\\/fjala.info\\\/2009-2015\\\/#\\\/schema\\\/logo\\\/image\\\/\"}},{\"@type\":\"Person\",\"@id\":\"https:\\\/\\\/fjala.info\\\/2009-2015\\\/#\\\/schema\\\/person\\\/3aa1163ef05469c496fc94e77611ada2\",\"name\":\"admin\",\"image\":{\"@type\":\"ImageObject\",\"inLanguage\":\"sq-AL\",\"@id\":\"https:\\\/\\\/fjala.info\\\/2009-2015\\\/wp-content\\\/uploads\\\/2012\\\/02\\\/arben_cokaj-120x150.jpg\",\"url\":\"https:\\\/\\\/fjala.info\\\/2009-2015\\\/wp-content\\\/uploads\\\/2012\\\/02\\\/arben_cokaj-120x150.jpg\",\"contentUrl\":\"https:\\\/\\\/fjala.info\\\/2009-2015\\\/wp-content\\\/uploads\\\/2012\\\/02\\\/arben_cokaj-120x150.jpg\",\"caption\":\"admin\"},\"description\":\"Admin, Fjala e Lir\u00eb\",\"sameAs\":[\"https:\\\/\\\/fjala.info\\\/\"],\"url\":\"https:\\\/\\\/fjala.info\\\/2009-2015\\\/author\\\/admin\\\/\"}]}<\/script>\n<!-- \/ Yoast SEO plugin. -->","yoast_head_json":{"title":"Rrena dymiliard\u00ebshe - FjALA e LIR\u00cb - Arkivi","robots":{"index":"index","follow":"follow","max-snippet":"max-snippet:-1","max-image-preview":"max-image-preview:large","max-video-preview":"max-video-preview:-1"},"canonical":"https:\/\/fjala.info\/2009-2015\/rrena-dymiliardeshe\/","og_locale":"sq_AL","og_type":"article","og_title":"Rrena dymiliard\u00ebshe - FjALA e LIR\u00cb - Arkivi","og_description":"Berisha me SIVA PARTNERS Nj\u00eb grupi kinse-investitor\u00ebsh njujorkez\u00eb i ka mjaftuar deponimi 150- dollar\u00ebsh n\u00eb muaj (si taks\u00eb shtet\u00ebrore) p\u00ebr ta themeluar nj\u00eb zyr\u00eb virtuale dhe p\u00ebr t\u00eb zbarkuar n\u00eb Ballkan me bekimin mesianik, p\u00ebrkat\u00ebsisht n\u00eb Tiran\u00eb dhe Prishtin\u00eb dhe p\u00ebr t\u2019i lajthitur lider\u00ebt e dy shteteve, p\u00ebrkat\u00ebsisht t\u00eb Shqip\u00ebris\u00eb dhe t\u00eb Kosov\u00ebs, se korporata [&hellip;]","og_url":"https:\/\/fjala.info\/2009-2015\/rrena-dymiliardeshe\/","og_site_name":"FjALA e LIR\u00cb - Arkivi","article_published_time":"2012-05-18T21:17:03+00:00","og_image":[{"url":"http:\/\/www.shkoder.net\/2012\/berisha_me_sivan.jpg","type":"","width":"","height":""}],"author":"admin","twitter_card":"summary_large_image","twitter_misc":{"Written by":"admin","Est. reading time":"6 minutes"},"schema":{"@context":"https:\/\/schema.org","@graph":[{"@type":"Article","@id":"https:\/\/fjala.info\/2009-2015\/rrena-dymiliardeshe\/#article","isPartOf":{"@id":"https:\/\/fjala.info\/2009-2015\/rrena-dymiliardeshe\/"},"author":{"name":"admin","@id":"https:\/\/fjala.info\/2009-2015\/#\/schema\/person\/3aa1163ef05469c496fc94e77611ada2"},"headline":"Rrena dymiliard\u00ebshe","datePublished":"2012-05-18T21:17:03+00:00","mainEntityOfPage":{"@id":"https:\/\/fjala.info\/2009-2015\/rrena-dymiliardeshe\/"},"wordCount":1277,"commentCount":1,"publisher":{"@id":"https:\/\/fjala.info\/2009-2015\/#organization"},"image":{"@id":"https:\/\/fjala.info\/2009-2015\/rrena-dymiliardeshe\/#primaryimage"},"thumbnailUrl":"http:\/\/www.shkoder.net\/2012\/berisha_me_sivan.jpg","articleSection":["Artikuj"],"inLanguage":"sq-AL","potentialAction":[{"@type":"CommentAction","name":"Comment","target":["https:\/\/fjala.info\/2009-2015\/rrena-dymiliardeshe\/#respond"]}]},{"@type":"WebPage","@id":"https:\/\/fjala.info\/2009-2015\/rrena-dymiliardeshe\/","url":"https:\/\/fjala.info\/2009-2015\/rrena-dymiliardeshe\/","name":"Rrena dymiliard\u00ebshe - FjALA e LIR\u00cb - Arkivi","isPartOf":{"@id":"https:\/\/fjala.info\/2009-2015\/#website"},"primaryImageOfPage":{"@id":"https:\/\/fjala.info\/2009-2015\/rrena-dymiliardeshe\/#primaryimage"},"image":{"@id":"https:\/\/fjala.info\/2009-2015\/rrena-dymiliardeshe\/#primaryimage"},"thumbnailUrl":"http:\/\/www.shkoder.net\/2012\/berisha_me_sivan.jpg","datePublished":"2012-05-18T21:17:03+00:00","breadcrumb":{"@id":"https:\/\/fjala.info\/2009-2015\/rrena-dymiliardeshe\/#breadcrumb"},"inLanguage":"sq-AL","potentialAction":[{"@type":"ReadAction","target":["https:\/\/fjala.info\/2009-2015\/rrena-dymiliardeshe\/"]}]},{"@type":"ImageObject","inLanguage":"sq-AL","@id":"https:\/\/fjala.info\/2009-2015\/rrena-dymiliardeshe\/#primaryimage","url":"http:\/\/www.shkoder.net\/2012\/berisha_me_sivan.jpg","contentUrl":"http:\/\/www.shkoder.net\/2012\/berisha_me_sivan.jpg"},{"@type":"BreadcrumbList","@id":"https:\/\/fjala.info\/2009-2015\/rrena-dymiliardeshe\/#breadcrumb","itemListElement":[{"@type":"ListItem","position":1,"name":"Home","item":"https:\/\/fjala.info\/2009-2015\/"},{"@type":"ListItem","position":2,"name":"Rrena dymiliard\u00ebshe"}]},{"@type":"WebSite","@id":"https:\/\/fjala.info\/2009-2015\/#website","url":"https:\/\/fjala.info\/2009-2015\/","name":"FjALA e LIR\u00cb - Arkivi","description":"Arkivi 2009-2015","publisher":{"@id":"https:\/\/fjala.info\/2009-2015\/#organization"},"potentialAction":[{"@type":"SearchAction","target":{"@type":"EntryPoint","urlTemplate":"https:\/\/fjala.info\/2009-2015\/?s={search_term_string}"},"query-input":{"@type":"PropertyValueSpecification","valueRequired":true,"valueName":"search_term_string"}}],"inLanguage":"sq-AL"},{"@type":"Organization","@id":"https:\/\/fjala.info\/2009-2015\/#organization","name":"FjALA e LIR\u00cb - Arkivi","url":"https:\/\/fjala.info\/2009-2015\/","logo":{"@type":"ImageObject","inLanguage":"sq-AL","@id":"https:\/\/fjala.info\/2009-2015\/#\/schema\/logo\/image\/","url":"","contentUrl":"","caption":"FjALA e LIR\u00cb - Arkivi"},"image":{"@id":"https:\/\/fjala.info\/2009-2015\/#\/schema\/logo\/image\/"}},{"@type":"Person","@id":"https:\/\/fjala.info\/2009-2015\/#\/schema\/person\/3aa1163ef05469c496fc94e77611ada2","name":"admin","image":{"@type":"ImageObject","inLanguage":"sq-AL","@id":"https:\/\/fjala.info\/2009-2015\/wp-content\/uploads\/2012\/02\/arben_cokaj-120x150.jpg","url":"https:\/\/fjala.info\/2009-2015\/wp-content\/uploads\/2012\/02\/arben_cokaj-120x150.jpg","contentUrl":"https:\/\/fjala.info\/2009-2015\/wp-content\/uploads\/2012\/02\/arben_cokaj-120x150.jpg","caption":"admin"},"description":"Admin, Fjala e Lir\u00eb","sameAs":["https:\/\/fjala.info\/"],"url":"https:\/\/fjala.info\/2009-2015\/author\/admin\/"}]}},"_links":{"self":[{"href":"https:\/\/fjala.info\/2009-2015\/wp-json\/wp\/v2\/posts\/2819","targetHints":{"allow":["GET"]}}],"collection":[{"href":"https:\/\/fjala.info\/2009-2015\/wp-json\/wp\/v2\/posts"}],"about":[{"href":"https:\/\/fjala.info\/2009-2015\/wp-json\/wp\/v2\/types\/post"}],"author":[{"embeddable":true,"href":"https:\/\/fjala.info\/2009-2015\/wp-json\/wp\/v2\/users\/1"}],"replies":[{"embeddable":true,"href":"https:\/\/fjala.info\/2009-2015\/wp-json\/wp\/v2\/comments?post=2819"}],"version-history":[{"count":0,"href":"https:\/\/fjala.info\/2009-2015\/wp-json\/wp\/v2\/posts\/2819\/revisions"}],"wp:attachment":[{"href":"https:\/\/fjala.info\/2009-2015\/wp-json\/wp\/v2\/media?parent=2819"}],"wp:term":[{"taxonomy":"category","embeddable":true,"href":"https:\/\/fjala.info\/2009-2015\/wp-json\/wp\/v2\/categories?post=2819"},{"taxonomy":"post_tag","embeddable":true,"href":"https:\/\/fjala.info\/2009-2015\/wp-json\/wp\/v2\/tags?post=2819"}],"curies":[{"name":"wp","href":"https:\/\/api.w.org\/{rel}","templated":true}]}}