{"id":2815,"date":"2010-05-25T16:35:27","date_gmt":"2010-05-25T15:35:27","guid":{"rendered":"http:\/\/fjala.shkoder.net\/?p=2815"},"modified":"2010-05-25T16:35:27","modified_gmt":"2010-05-25T15:35:27","slug":"fati-i-pashkruar-i-lsi","status":"publish","type":"post","link":"https:\/\/fjala.info\/2009-2015\/fati-i-pashkruar-i-lsi\/","title":{"rendered":"Fati i (pa)shkruar i LSI"},"content":{"rendered":"<p><img decoding=\"async\" style=\"margin-left: 10px; margin-right: 10px; border: 0px;\" src=\"http:\/\/www.shkoder.net\/images\/fjala\/arben_rrozhani.jpg\" border=\"0\" alt=\"Arben Rrozhani\" width=\"150\" align=\"right\" \/><\/p>\n<p><strong>Arben Rrozhani<\/strong>, <em>25.05.2010<\/em><\/p>\n<p><strong><em>Ose replik\u00eb me shkrimin &#8220;Cili \u00ebsht\u00eb roli dhe fati i Ilir Met\u00ebs?&#8221; t\u00eb Bledar H. Prifti<\/em><\/strong><\/p>\n<p>Bledar i dashur! E lexova me shum\u00eb \u00ebndje shkrimin t\u00ebnd nj\u00eb num\u00ebr m\u00eb par\u00eb n\u00eb gazet\u00ebn &#8220;Shekulli&#8221;. Nuk je ti i vetmi q\u00eb mendon k\u00ebshtu. Si ti mendojn\u00eb edhe shum\u00eb t\u00eb tjer\u00eb, q\u00eb edhe pse nuk shkruaj\u00eb n\u00ebp\u00ebr gazeta si ne, kan\u00eb aft\u00ebsin\u00eb dhe d\u00ebshir\u00ebn p\u00ebr tu marr\u00eb me hallk\u00ebn e r\u00ebnd\u00ebsishme t\u00eb zinxhirit t\u00eb sot\u00ebm pushtetar si\u00e7 \u00ebsht\u00eb LSI.<\/p>\n<p>Se \u00e7far\u00eb do t\u00eb b\u00ebnte kjo parti dhe lideri i saj, pas ngjizjes s\u00eb qeverisjes aktuale, realisht dit\u00ebn e votimeve, n\u00eb 28 qershor 2009, kan\u00eb pyetur shpesh, sidomos, deri pak dit\u00eb m\u00eb par\u00eb, kur kulmoi protesta e opozit\u00ebs me futjen n\u00eb grev\u00eb t\u00eb mbi 200 socialist\u00ebve, deputet\u00eb e aktivist\u00eb t\u00eb saj.<\/p>\n<p>Dhe nd\u00ebrsa t\u00eb sfilitur nga mosngr\u00ebnia ata p\u00ebrfundonin nj\u00ebri pas tjetrit n\u00eb pavijon, populli opozitar pyeste me zem\u00ebrat\u00eb: &#8220;More po ky Ilir Meta \u00e7far\u00eb pret xhan\u00ebm?&#8221;, duke besuar naivisht se ai n\u00eb shenj\u00eb proteste p\u00ebr sakrific\u00ebn pa p\u00ebrgjigje, madje me provokime tall\u00ebse t\u00eb PD-s\u00eb, do ta flakte portofolin e ministrit t\u00eb Jasht\u00ebm, do braktiste edhe mbledhjen e Organizat\u00ebs s\u00eb Konferenc\u00ebs Islamike p\u00ebr tu solidarizuar me grev\u00ebn e uris\u00eb dhe p\u00ebr ta shembur nga brenda pushtetin e kund\u00ebrshtuar q\u00eb prej korrikut 2009.<\/p>\n<p>I nderuar Bledar, duke qen\u00eb af\u00ebr dhe d\u00ebshmitar i disa gj\u00ebrave, nuk jam dakord me ty n\u00eb disa pika. Madje, q\u00eb me rreshtin e par\u00eb, ku thua se z. Meta gjat\u00eb koh\u00ebs s\u00eb kriz\u00ebs ka q\u00ebndruar i fshehur, i pafokusuar, dhe i paanalizuar nga media dhe politika.<\/p>\n<p>Sigurisht, ai nuk mund t\u00eb shkonte te \u00e7adra e grev\u00ebs, por disa her\u00eb \u00ebsht\u00eb prononcuar p\u00ebr formul\u00ebn e zgjidhjes, me an\u00eb t\u00eb dialogut, duke rekomanduar at\u00eb rrug\u00eb q\u00eb mediator\u00ebt e PE dhe BE-s\u00eb u shtruan n\u00eb tavolin\u00ebn e &#8220;Krokodilit&#8221; pak dit\u00eb m\u00eb par\u00eb n\u00eb Strasburg.<\/p>\n<p>Ai e provoi vet\u00eb fiks dy vite m\u00eb par\u00eb, kur bashk\u00eb me disa koleg\u00eb t\u00eb LSI-s\u00eb dhe partive t\u00eb vogla, protestoi, duke uzurpuar sall\u00ebn plenare t\u00eb Kuvendit t\u00eb Shqip\u00ebris\u00eb, n\u00eb nj\u00eb sakrific\u00eb q\u00eb zgjati n\u00ebnt\u00eb dit\u00eb dhe ishte kund\u00ebr ndryshimeve n\u00eb Kodin Zgjedhor, i cili penalizonte partit\u00eb e vogla, apo i vinte n\u00eb t\u00eb nj\u00ebjt\u00ebn pozit\u00eb me t\u00eb m\u00ebdhat\u00eb.<\/p>\n<p>Duke b\u00ebr\u00eb pak humor, do t\u00eb thosha se Met\u00ebs ende nuk i ka ikur ndjesia e grev\u00ebs s\u00eb uris\u00eb si mjet opozitar, ndryshe do t\u00eb nxirrte s\u00ebrish ministrin e Sh\u00ebndet\u00ebsis\u00eb, Petrit Vasili, p\u00ebr t\u00eb paralajm\u00ebruar ndonj\u00eb rrezik tjet\u00ebr epidemie, si\u00e7 b\u00ebri n\u00eb n\u00ebntor 2009, me tubimin opozitar n\u00eb sheshin &#8220;Sk\u00ebnderbej&#8221;, kur u tall me rrezikun e epidemis\u00eb s\u00eb gripit t\u00eb derrit.<\/p>\n<p>P\u00ebr ne q\u00eb kemi punuar deri tre vite m\u00eb par\u00eb me Ilir Met\u00ebn qenia e tij si kryetar partie n\u00eb spektrin politik shqiptar \u00ebsht\u00eb nj\u00eb vler\u00eb m\u00eb shum\u00eb p\u00ebr vendin.<\/p>\n<p>T\u00eb ngresh nj\u00eb parti n\u00eb 2004 dhe ta rendit\u00ebsh t\u00eb tret\u00ebn forc\u00eb politike brenda pak viteve nuk \u00ebsht\u00eb aq e leht\u00eb n\u00eb politik\u00ebn bipolare shqiptare. Por, gjith\u00e7ka fal\u00eb regjimit politik t\u00eb zbatohej n\u00eb seli, duke e konceptuar at\u00eb si nj\u00eb forc\u00eb t\u00eb madhe politike, me deg\u00eb, n\u00ebndeg\u00eb, jo vet\u00ebm brenda, por edhe n\u00eb diaspor\u00eb, me prezantim t\u00eb partis\u00eb n\u00eb simotrat e majta europiane e t\u00eb PSE, apo duke p\u00ebrdorur statur\u00ebn e ish-kryeministrit n\u00eb sjelljen me lider\u00ebt bot\u00ebror\u00eb.<\/p>\n<p>Duke p\u00ebrdorur fjal\u00ebn, por edhe spektaklin. Duke punuar edhe me elektoratin, por edhe duke e pompuar at\u00eb, si me skenat masive t\u00eb takimeve t\u00eb KDK-s\u00eb, apo tubimet elektorale n\u00eb pallatin e Kongreseve apo n\u00eb at\u00eb t\u00eb Sportit, ku gjith\u00e7ka tentonte te spektakli sesa te alternativ\u00eb e politik\u00ebs s\u00eb re.<\/p>\n<p>A u shp\u00ebrblye kjo n\u00eb vota dhe mandate? Po dhe kjo ndodhi kur pati pazare. N\u00eb zgjedhjet vendore t\u00eb 18 shkurtit 2007, LSI fitoi nj\u00eb pushtet vendor q\u00eb nuk e kishte par\u00eb as n\u00eb \u00ebnd\u00ebrr.<\/p>\n<p>Bashki t\u00eb m\u00ebdha, si ajo e Lushnj\u00ebs apo Lezh\u00ebs, disa dhjet\u00ebra komuna, apo qindra k\u00ebshilltar\u00eb u b\u00ebn\u00eb t\u00eb LSI-s\u00eb. P\u00ebr t\u00eb arritur aty nuk ishte e leht\u00eb dhe publikisht kjo fitore nuk e k\u00ebnaqi LSI-n\u00eb, megjith\u00ebse PS-s\u00eb s\u00eb Edi Ram\u00ebs iu desh t\u00eb l\u00ebshonte shum\u00eb pushtet, madje t\u00eb hynte n\u00eb sherr edhe me aleat\u00ebt e tjer\u00eb q\u00eb si r\u00ebndom duan vet\u00ebm t\u00eb t\u00eb ndukin.<\/p>\n<p>Por ishte nj\u00eb trampolin\u00eb e fuqishme p\u00ebr m\u00eb von\u00eb, sfid\u00ebn tjet\u00ebr elektorale t\u00eb zgjedhjeve parlamentare. Sepse duke fituar sa m\u00eb shum\u00eb pushtet, q\u00eb do t\u00eb thot\u00eb fonde dhe vende pune p\u00ebr partin\u00eb dhe njer\u00ebzit e saj, ishe m\u00eb i p\u00ebrgatitur p\u00ebr sfid\u00ebn elektorale q\u00eb k\u00ebrkon, gjithnj\u00eb e m\u00eb shum\u00eb fonde, shpenzime p\u00ebr mitingje dhe pse jo edhe p\u00ebr t\u00eb bler\u00eb mb\u00ebshtetjen.<\/p>\n<p>Imagjino i dashur Bledar se \u00e7far\u00eb kishte ndodhur n\u00eb 28 qershor, kur si thua ti nj\u00eb parti q\u00eb kishte premtuar 35 deputet\u00eb ende nuk kishte nj\u00eb mandat t\u00eb konfirmuar, ndon\u00ebse kishte dal\u00eb n\u00eb fush\u00ebn e betej\u00ebs elektorale si parti e madhe dhe q\u00eb kishte trumbetuar se do t\u00eb kishte ajo n\u00eb dor\u00eb formimin e qeveris\u00eb s\u00eb ardhshme.<\/p>\n<p>Dhe duke &#8220;shkrir\u00eb&#8221; gjith\u00eb pasurin\u00eb p\u00ebr t\u00eb konkurruar denj\u00ebsisht dhe me ambicie t\u00eb pashoqe n\u00eb nj\u00eb fushat\u00eb q\u00eb nuk kish t\u00eb ngopur me premtime, harxhime dhe harxhime.<br \/>\nPara nj\u00eb partie q\u00eb kishte lindur si opozit\u00eb dhe kishte funksionuar si e till\u00eb p\u00ebr 5 vite, do t\u00eb ishin edhe 4 vite t\u00eb tjera, po ashtu.<\/p>\n<p>N\u00eb k\u00ebto kushte u b\u00eb ajo q\u00eb ti Bledar e quan antikushtetuese: konfirmimi i mandatit t\u00eb Ilir Met\u00ebs n\u00eb qarkun e Tiran\u00ebs dhe n\u00eb k\u00ebmbim garantimi i mb\u00ebshtetjes p\u00ebr nj\u00eb qeveri t\u00eb re me kryeminist\u00ebr Sali Berish\u00ebn.<\/p>\n<p>Duke marr\u00eb shkas nga zhvillimet e kriz\u00ebs aktuale politike dhe hapja e mundshme e kutive me materiale zgjedhore dhe ndoshta edhe atyre me flet\u00ebt e votimit, ti i dashur Bledar k\u00ebrkon t\u00eb prek\u00ebsh n\u00eb sed\u00ebr kryetarin e LSI-s\u00eb, duke i kujtuar deklarat\u00ebn e 29 qershorit kund\u00ebr qeveris\u00eb dhe opozit\u00ebs p\u00ebr manipulim t\u00eb zgjedhjeve dhe vjedhje t\u00eb mandateve t\u00eb partis\u00eb s\u00eb tij.<\/p>\n<p>Por, Z. Meta e di m\u00eb mir\u00eb se t\u00eb gjith\u00eb ne se \u00e7far\u00eb partie ka ngritur n\u00eb k\u00ebto gjasht\u00eb vite dhe sa elektorat votues ka. Dhe nuk \u00ebsht\u00eb e rastit q\u00eb ai ishte iniciatori i grev\u00ebs s\u00eb uris\u00eb n\u00eb prill 2008 kund\u00ebr Kodit t\u00eb ri Zgjedhor q\u00eb ua vinte kufirin te thana partive t\u00eb vogla, si\u00e7 dhe e tregoi 28 qershori 2009. Ti thua se Meta \u00ebsht\u00eb i vetmi person p\u00ebrgjegj\u00ebs p\u00ebr krijimin e k\u00ebsaj situate kaotike dhe i vetmi aktor politik q\u00eb mund ta zgjidh\u00eb kriz\u00ebn politike pa shkaktuar kosto t\u00eb larta p\u00ebr vendin.<\/p>\n<p>Gabim, i dashur Bledar, kur konkludon se zgjidhja apo p\u00ebrshkall\u00ebzimi i kriz\u00ebs q\u00ebndron n\u00eb duart e Ilir Met\u00ebs. Sepse, pik\u00ebs\u00ebpari, Sali Berisha \u00ebsht\u00eb b\u00ebr\u00eb aq mjesht\u00ebr saq\u00eb nuk e ka t\u00eb v\u00ebshtir\u00eb t\u00eb blej\u00eb aq deputet\u00eb sa i duhen p\u00ebr t\u00eb pasur shumic\u00ebn e thjesht\u00eb t\u00eb karton\u00ebve n\u00eb Kuvend.<\/p>\n<p>Sepse, i dashur, mos harro se edhe Fatos Nano kur ishte kryeminist\u00ebr p\u00ebr her\u00eb t\u00eb fundit, qeverisi si deshi edhe me z\u00ebvend\u00ebsministra. Dhe sepse, dhe m\u00eb e r\u00ebnd\u00ebsishmja: n\u00eb duart e Ilir Met\u00ebs \u00ebsht\u00eb nj\u00eb cop\u00eb e madhe pushteti q\u00eb nuk mund t\u00eb lihet ashtu si thua ti. &#8220;..<\/p>\n<p>Dhe p\u00ebr k\u00eb? &#8211; do t\u00eb pyesnin n\u00eb LSI-n\u00eb e Met\u00ebs? P\u00ebr t&#8217;u b\u00ebr\u00eb qejfin milioner\u00ebve t\u00eb PS-s\u00eb, si\u00e7 etiketojn\u00eb jo pa smir\u00eb disa prej pasunar\u00ebve q\u00eb Edi Rama vuri n\u00eb list\u00ebn e deputet\u00ebve n\u00eb zgjedhjet e 28 qershorit?..&#8221;.<\/p>\n<p>Madje, ky \u00ebsht\u00eb nj\u00eb shkak m\u00eb shum\u00eb. P\u00ebr t&#8217;i q\u00ebndruar sa m\u00eb af\u00ebr pushtetit q\u00eb ua ka l\u00ebn\u00eb n\u00eb &#8220;p\u00ebrdorim&#8221; Sali Berisha. Por gjithnj\u00eb duke i &#8220;markuar&#8221; nga af\u00ebr, sepse mosbesimi \u00ebsht\u00eb i madh.<\/p>\n<p>Partia e z. Meta tani, i dashur Bledar, ka n\u00eb dor\u00eb sh\u00ebrbime dhe asete t\u00eb pa\u00e7muara. Ndaj, n\u00eb krye jan\u00eb njer\u00ebzit m\u00eb t\u00eb besuar t\u00eb partis\u00eb. Jo se kan\u00eb integritet personal dhe profesional, por sepse jan\u00eb njer\u00ebzit e duhur, n\u00eb vendet e duhura dhe n\u00eb koh\u00ebn e duhur.<\/p>\n<p>Po t\u00eb mos ishte k\u00ebshtu, bie fjala Dritan Prifti, i diplomuar p\u00ebr anglisht dhe q\u00eb ka studiuar n\u00eb Harvard, po aq sa ne q\u00eb kemi qen\u00eb atje fal\u00eb fondacionit &#8220;Kokkalis&#8221;, qoft\u00eb edhe duke pasur parasysh se n\u00eb \u00e7far\u00eb krize e futi vendin 10 vite m\u00eb par\u00eb kur ishte drejtor i KESH-it, nuk do t\u00eb guxonte t\u00eb merrte p\u00ebrsip\u00ebr nj\u00eb detyr\u00eb t\u00eb lidhur me kilovat\u00eb dhe me nj\u00eb akuz\u00eb q\u00eb u tha se p\u00ebrfundoi n\u00eb zyr\u00ebn e ish-prokurorit t\u00eb P\u00ebrgjithsh\u00ebm, Arben Rakipi, 9 vite m\u00eb par\u00eb.<\/p>\n<p>Z. Meta nuk \u00ebsht\u00eb i pari q\u00eb p\u00ebrfiton nga parimi i pashkruar &#8220;qeveria b\u00ebn partin\u00eb&#8221;, madje \u00ebsht\u00eb nd\u00ebr t\u00eb fundit. Gjithkush q\u00eb ka pasur pushtetin e ka b\u00ebr\u00eb k\u00ebt\u00eb dhe m\u00eb s\u00eb miri duke i shnd\u00ebrruar institucionet tona qendrore deri te agjencit\u00eb periferike n\u00eb celula partiake.<\/p>\n<p>Ndaj dhe duke pasur parasysh k\u00ebt\u00eb dhe duke e njohur paksa LSI-n\u00eb, i dashur Bledar, jo pa hidh\u00ebrim t\u00eb them se profecia jote me akrepin q\u00eb vret veten i rrethuar nga zjarri, me t\u00eb cil\u00ebn mbyllje analiz\u00ebn, nuk do t\u00eb b\u00ebhet realitet.<\/p>\n<p>P\u00ebrkundrazi. Z. Meta do t&#8217;i mbesin po aq mb\u00ebshtet\u00ebs sa ka pasur, t\u00eb pun\u00ebsuar dhe familjar\u00eb t\u00eb t\u00eb pun\u00ebsuarve n\u00eb celulat e LSI-s\u00eb n\u00eb shtet. Duke i l\u00ebn\u00eb liderit t\u00eb LSI-s\u00eb pozit\u00ebn e atij q\u00eb para zgjedhjeve t\u00eb shkuara si &#8220;kingmaker&#8221;.<\/p>\n<p>Ndoshta jo si ajo e Nick Clegg, kingmaker-it t\u00eb qeveris\u00eb s\u00eb re britanike, n\u00eb postin e z\u00ebvend\u00ebskryeministrit, p\u00ebr t\u00eb cilin gazeta &#8220;Indipendent&#8221; thot\u00eb: &#8220;b\u00ebn p\u00ebrpjekjen e tij p\u00ebr vend n\u00eb histori&#8221;, por si nj\u00eb &#8220;kingmaker&#8221; shqiptar q\u00eb b\u00ebn historin\u00eb e vet dhe t\u00eb njer\u00ebzve q\u00eb e mb\u00ebshtesin.<\/p>\n","protected":false},"excerpt":{"rendered":"<p>Arben Rrozhani, 25.05.2010 Ose replik\u00eb me shkrimin &#8220;Cili \u00ebsht\u00eb roli dhe fati i Ilir Met\u00ebs?&#8221; t\u00eb Bledar H. Prifti Bledar i dashur! E lexova me shum\u00eb \u00ebndje shkrimin t\u00ebnd nj\u00eb num\u00ebr m\u00eb par\u00eb n\u00eb gazet\u00ebn &#8220;Shekulli&#8221;. Nuk je ti i vetmi q\u00eb mendon k\u00ebshtu. Si ti mendojn\u00eb edhe shum\u00eb t\u00eb tjer\u00eb, q\u00eb edhe pse nuk [&hellip;]<\/p>\n","protected":false},"author":1,"featured_media":0,"comment_status":"open","ping_status":"closed","sticky":false,"template":"","format":"standard","meta":{"footnotes":""},"categories":[2],"tags":[],"class_list":{"0":"post-2815","1":"post","2":"type-post","3":"status-publish","4":"format-standard","6":"category-artikuj"},"yoast_head":"<!-- This site is optimized with the Yoast SEO plugin v27.4 - https:\/\/yoast.com\/product\/yoast-seo-wordpress\/ -->\n<title>Fati i (pa)shkruar i LSI - FjALA e LIR\u00cb - Arkivi<\/title>\n<meta name=\"robots\" content=\"index, follow, max-snippet:-1, max-image-preview:large, max-video-preview:-1\" \/>\n<link rel=\"canonical\" href=\"https:\/\/fjala.info\/2009-2015\/fati-i-pashkruar-i-lsi\/\" \/>\n<meta property=\"og:locale\" content=\"sq_AL\" \/>\n<meta property=\"og:type\" content=\"article\" \/>\n<meta property=\"og:title\" content=\"Fati i (pa)shkruar i LSI - FjALA e LIR\u00cb - Arkivi\" \/>\n<meta property=\"og:description\" content=\"Arben Rrozhani, 25.05.2010 Ose replik\u00eb me shkrimin &#8220;Cili \u00ebsht\u00eb roli dhe fati i Ilir Met\u00ebs?&#8221; t\u00eb Bledar H. Prifti Bledar i dashur! E lexova me shum\u00eb \u00ebndje shkrimin t\u00ebnd nj\u00eb num\u00ebr m\u00eb par\u00eb n\u00eb gazet\u00ebn &#8220;Shekulli&#8221;. Nuk je ti i vetmi q\u00eb mendon k\u00ebshtu. Si ti mendojn\u00eb edhe shum\u00eb t\u00eb tjer\u00eb, q\u00eb edhe pse nuk [&hellip;]\" \/>\n<meta property=\"og:url\" content=\"https:\/\/fjala.info\/2009-2015\/fati-i-pashkruar-i-lsi\/\" \/>\n<meta property=\"og:site_name\" content=\"FjALA e LIR\u00cb - Arkivi\" \/>\n<meta property=\"article:published_time\" content=\"2010-05-25T15:35:27+00:00\" \/>\n<meta property=\"og:image\" content=\"http:\/\/www.shkoder.net\/images\/fjala\/arben_rrozhani.jpg\" \/>\n<meta name=\"author\" content=\"admin\" \/>\n<meta name=\"twitter:card\" content=\"summary_large_image\" \/>\n<meta name=\"twitter:label1\" content=\"Written by\" \/>\n\t<meta name=\"twitter:data1\" content=\"admin\" \/>\n\t<meta name=\"twitter:label2\" content=\"Est. reading time\" \/>\n\t<meta name=\"twitter:data2\" content=\"9 minutes\" \/>\n<script type=\"application\/ld+json\" class=\"yoast-schema-graph\">{\"@context\":\"https:\\\/\\\/schema.org\",\"@graph\":[{\"@type\":\"Article\",\"@id\":\"https:\\\/\\\/fjala.info\\\/2009-2015\\\/fati-i-pashkruar-i-lsi\\\/#article\",\"isPartOf\":{\"@id\":\"https:\\\/\\\/fjala.info\\\/2009-2015\\\/fati-i-pashkruar-i-lsi\\\/\"},\"author\":{\"name\":\"admin\",\"@id\":\"https:\\\/\\\/fjala.info\\\/2009-2015\\\/#\\\/schema\\\/person\\\/3aa1163ef05469c496fc94e77611ada2\"},\"headline\":\"Fati i (pa)shkruar i LSI\",\"datePublished\":\"2010-05-25T15:35:27+00:00\",\"mainEntityOfPage\":{\"@id\":\"https:\\\/\\\/fjala.info\\\/2009-2015\\\/fati-i-pashkruar-i-lsi\\\/\"},\"wordCount\":1728,\"commentCount\":0,\"publisher\":{\"@id\":\"https:\\\/\\\/fjala.info\\\/2009-2015\\\/#organization\"},\"image\":{\"@id\":\"https:\\\/\\\/fjala.info\\\/2009-2015\\\/fati-i-pashkruar-i-lsi\\\/#primaryimage\"},\"thumbnailUrl\":\"http:\\\/\\\/www.shkoder.net\\\/images\\\/fjala\\\/arben_rrozhani.jpg\",\"articleSection\":[\"Artikuj\"],\"inLanguage\":\"sq-AL\",\"potentialAction\":[{\"@type\":\"CommentAction\",\"name\":\"Comment\",\"target\":[\"https:\\\/\\\/fjala.info\\\/2009-2015\\\/fati-i-pashkruar-i-lsi\\\/#respond\"]}]},{\"@type\":\"WebPage\",\"@id\":\"https:\\\/\\\/fjala.info\\\/2009-2015\\\/fati-i-pashkruar-i-lsi\\\/\",\"url\":\"https:\\\/\\\/fjala.info\\\/2009-2015\\\/fati-i-pashkruar-i-lsi\\\/\",\"name\":\"Fati i (pa)shkruar i LSI - FjALA e LIR\u00cb - Arkivi\",\"isPartOf\":{\"@id\":\"https:\\\/\\\/fjala.info\\\/2009-2015\\\/#website\"},\"primaryImageOfPage\":{\"@id\":\"https:\\\/\\\/fjala.info\\\/2009-2015\\\/fati-i-pashkruar-i-lsi\\\/#primaryimage\"},\"image\":{\"@id\":\"https:\\\/\\\/fjala.info\\\/2009-2015\\\/fati-i-pashkruar-i-lsi\\\/#primaryimage\"},\"thumbnailUrl\":\"http:\\\/\\\/www.shkoder.net\\\/images\\\/fjala\\\/arben_rrozhani.jpg\",\"datePublished\":\"2010-05-25T15:35:27+00:00\",\"breadcrumb\":{\"@id\":\"https:\\\/\\\/fjala.info\\\/2009-2015\\\/fati-i-pashkruar-i-lsi\\\/#breadcrumb\"},\"inLanguage\":\"sq-AL\",\"potentialAction\":[{\"@type\":\"ReadAction\",\"target\":[\"https:\\\/\\\/fjala.info\\\/2009-2015\\\/fati-i-pashkruar-i-lsi\\\/\"]}]},{\"@type\":\"ImageObject\",\"inLanguage\":\"sq-AL\",\"@id\":\"https:\\\/\\\/fjala.info\\\/2009-2015\\\/fati-i-pashkruar-i-lsi\\\/#primaryimage\",\"url\":\"http:\\\/\\\/www.shkoder.net\\\/images\\\/fjala\\\/arben_rrozhani.jpg\",\"contentUrl\":\"http:\\\/\\\/www.shkoder.net\\\/images\\\/fjala\\\/arben_rrozhani.jpg\"},{\"@type\":\"BreadcrumbList\",\"@id\":\"https:\\\/\\\/fjala.info\\\/2009-2015\\\/fati-i-pashkruar-i-lsi\\\/#breadcrumb\",\"itemListElement\":[{\"@type\":\"ListItem\",\"position\":1,\"name\":\"Home\",\"item\":\"https:\\\/\\\/fjala.info\\\/2009-2015\\\/\"},{\"@type\":\"ListItem\",\"position\":2,\"name\":\"Fati i (pa)shkruar i LSI\"}]},{\"@type\":\"WebSite\",\"@id\":\"https:\\\/\\\/fjala.info\\\/2009-2015\\\/#website\",\"url\":\"https:\\\/\\\/fjala.info\\\/2009-2015\\\/\",\"name\":\"FjALA e LIR\u00cb - Arkivi\",\"description\":\"Arkivi 2009-2015\",\"publisher\":{\"@id\":\"https:\\\/\\\/fjala.info\\\/2009-2015\\\/#organization\"},\"potentialAction\":[{\"@type\":\"SearchAction\",\"target\":{\"@type\":\"EntryPoint\",\"urlTemplate\":\"https:\\\/\\\/fjala.info\\\/2009-2015\\\/?s={search_term_string}\"},\"query-input\":{\"@type\":\"PropertyValueSpecification\",\"valueRequired\":true,\"valueName\":\"search_term_string\"}}],\"inLanguage\":\"sq-AL\"},{\"@type\":\"Organization\",\"@id\":\"https:\\\/\\\/fjala.info\\\/2009-2015\\\/#organization\",\"name\":\"FjALA e LIR\u00cb - Arkivi\",\"url\":\"https:\\\/\\\/fjala.info\\\/2009-2015\\\/\",\"logo\":{\"@type\":\"ImageObject\",\"inLanguage\":\"sq-AL\",\"@id\":\"https:\\\/\\\/fjala.info\\\/2009-2015\\\/#\\\/schema\\\/logo\\\/image\\\/\",\"url\":\"\",\"contentUrl\":\"\",\"caption\":\"FjALA e LIR\u00cb - Arkivi\"},\"image\":{\"@id\":\"https:\\\/\\\/fjala.info\\\/2009-2015\\\/#\\\/schema\\\/logo\\\/image\\\/\"}},{\"@type\":\"Person\",\"@id\":\"https:\\\/\\\/fjala.info\\\/2009-2015\\\/#\\\/schema\\\/person\\\/3aa1163ef05469c496fc94e77611ada2\",\"name\":\"admin\",\"image\":{\"@type\":\"ImageObject\",\"inLanguage\":\"sq-AL\",\"@id\":\"https:\\\/\\\/fjala.info\\\/2009-2015\\\/wp-content\\\/uploads\\\/2012\\\/02\\\/arben_cokaj-120x150.jpg\",\"url\":\"https:\\\/\\\/fjala.info\\\/2009-2015\\\/wp-content\\\/uploads\\\/2012\\\/02\\\/arben_cokaj-120x150.jpg\",\"contentUrl\":\"https:\\\/\\\/fjala.info\\\/2009-2015\\\/wp-content\\\/uploads\\\/2012\\\/02\\\/arben_cokaj-120x150.jpg\",\"caption\":\"admin\"},\"description\":\"Admin, Fjala e Lir\u00eb\",\"sameAs\":[\"https:\\\/\\\/fjala.info\\\/\"],\"url\":\"https:\\\/\\\/fjala.info\\\/2009-2015\\\/author\\\/admin\\\/\"}]}<\/script>\n<!-- \/ Yoast SEO plugin. -->","yoast_head_json":{"title":"Fati i (pa)shkruar i LSI - FjALA e LIR\u00cb - Arkivi","robots":{"index":"index","follow":"follow","max-snippet":"max-snippet:-1","max-image-preview":"max-image-preview:large","max-video-preview":"max-video-preview:-1"},"canonical":"https:\/\/fjala.info\/2009-2015\/fati-i-pashkruar-i-lsi\/","og_locale":"sq_AL","og_type":"article","og_title":"Fati i (pa)shkruar i LSI - FjALA e LIR\u00cb - Arkivi","og_description":"Arben Rrozhani, 25.05.2010 Ose replik\u00eb me shkrimin &#8220;Cili \u00ebsht\u00eb roli dhe fati i Ilir Met\u00ebs?&#8221; t\u00eb Bledar H. Prifti Bledar i dashur! E lexova me shum\u00eb \u00ebndje shkrimin t\u00ebnd nj\u00eb num\u00ebr m\u00eb par\u00eb n\u00eb gazet\u00ebn &#8220;Shekulli&#8221;. Nuk je ti i vetmi q\u00eb mendon k\u00ebshtu. Si ti mendojn\u00eb edhe shum\u00eb t\u00eb tjer\u00eb, q\u00eb edhe pse nuk [&hellip;]","og_url":"https:\/\/fjala.info\/2009-2015\/fati-i-pashkruar-i-lsi\/","og_site_name":"FjALA e LIR\u00cb - Arkivi","article_published_time":"2010-05-25T15:35:27+00:00","og_image":[{"url":"http:\/\/www.shkoder.net\/images\/fjala\/arben_rrozhani.jpg","type":"","width":"","height":""}],"author":"admin","twitter_card":"summary_large_image","twitter_misc":{"Written by":"admin","Est. reading time":"9 minutes"},"schema":{"@context":"https:\/\/schema.org","@graph":[{"@type":"Article","@id":"https:\/\/fjala.info\/2009-2015\/fati-i-pashkruar-i-lsi\/#article","isPartOf":{"@id":"https:\/\/fjala.info\/2009-2015\/fati-i-pashkruar-i-lsi\/"},"author":{"name":"admin","@id":"https:\/\/fjala.info\/2009-2015\/#\/schema\/person\/3aa1163ef05469c496fc94e77611ada2"},"headline":"Fati i (pa)shkruar i LSI","datePublished":"2010-05-25T15:35:27+00:00","mainEntityOfPage":{"@id":"https:\/\/fjala.info\/2009-2015\/fati-i-pashkruar-i-lsi\/"},"wordCount":1728,"commentCount":0,"publisher":{"@id":"https:\/\/fjala.info\/2009-2015\/#organization"},"image":{"@id":"https:\/\/fjala.info\/2009-2015\/fati-i-pashkruar-i-lsi\/#primaryimage"},"thumbnailUrl":"http:\/\/www.shkoder.net\/images\/fjala\/arben_rrozhani.jpg","articleSection":["Artikuj"],"inLanguage":"sq-AL","potentialAction":[{"@type":"CommentAction","name":"Comment","target":["https:\/\/fjala.info\/2009-2015\/fati-i-pashkruar-i-lsi\/#respond"]}]},{"@type":"WebPage","@id":"https:\/\/fjala.info\/2009-2015\/fati-i-pashkruar-i-lsi\/","url":"https:\/\/fjala.info\/2009-2015\/fati-i-pashkruar-i-lsi\/","name":"Fati i (pa)shkruar i LSI - FjALA e LIR\u00cb - Arkivi","isPartOf":{"@id":"https:\/\/fjala.info\/2009-2015\/#website"},"primaryImageOfPage":{"@id":"https:\/\/fjala.info\/2009-2015\/fati-i-pashkruar-i-lsi\/#primaryimage"},"image":{"@id":"https:\/\/fjala.info\/2009-2015\/fati-i-pashkruar-i-lsi\/#primaryimage"},"thumbnailUrl":"http:\/\/www.shkoder.net\/images\/fjala\/arben_rrozhani.jpg","datePublished":"2010-05-25T15:35:27+00:00","breadcrumb":{"@id":"https:\/\/fjala.info\/2009-2015\/fati-i-pashkruar-i-lsi\/#breadcrumb"},"inLanguage":"sq-AL","potentialAction":[{"@type":"ReadAction","target":["https:\/\/fjala.info\/2009-2015\/fati-i-pashkruar-i-lsi\/"]}]},{"@type":"ImageObject","inLanguage":"sq-AL","@id":"https:\/\/fjala.info\/2009-2015\/fati-i-pashkruar-i-lsi\/#primaryimage","url":"http:\/\/www.shkoder.net\/images\/fjala\/arben_rrozhani.jpg","contentUrl":"http:\/\/www.shkoder.net\/images\/fjala\/arben_rrozhani.jpg"},{"@type":"BreadcrumbList","@id":"https:\/\/fjala.info\/2009-2015\/fati-i-pashkruar-i-lsi\/#breadcrumb","itemListElement":[{"@type":"ListItem","position":1,"name":"Home","item":"https:\/\/fjala.info\/2009-2015\/"},{"@type":"ListItem","position":2,"name":"Fati i (pa)shkruar i LSI"}]},{"@type":"WebSite","@id":"https:\/\/fjala.info\/2009-2015\/#website","url":"https:\/\/fjala.info\/2009-2015\/","name":"FjALA e LIR\u00cb - Arkivi","description":"Arkivi 2009-2015","publisher":{"@id":"https:\/\/fjala.info\/2009-2015\/#organization"},"potentialAction":[{"@type":"SearchAction","target":{"@type":"EntryPoint","urlTemplate":"https:\/\/fjala.info\/2009-2015\/?s={search_term_string}"},"query-input":{"@type":"PropertyValueSpecification","valueRequired":true,"valueName":"search_term_string"}}],"inLanguage":"sq-AL"},{"@type":"Organization","@id":"https:\/\/fjala.info\/2009-2015\/#organization","name":"FjALA e LIR\u00cb - Arkivi","url":"https:\/\/fjala.info\/2009-2015\/","logo":{"@type":"ImageObject","inLanguage":"sq-AL","@id":"https:\/\/fjala.info\/2009-2015\/#\/schema\/logo\/image\/","url":"","contentUrl":"","caption":"FjALA e LIR\u00cb - Arkivi"},"image":{"@id":"https:\/\/fjala.info\/2009-2015\/#\/schema\/logo\/image\/"}},{"@type":"Person","@id":"https:\/\/fjala.info\/2009-2015\/#\/schema\/person\/3aa1163ef05469c496fc94e77611ada2","name":"admin","image":{"@type":"ImageObject","inLanguage":"sq-AL","@id":"https:\/\/fjala.info\/2009-2015\/wp-content\/uploads\/2012\/02\/arben_cokaj-120x150.jpg","url":"https:\/\/fjala.info\/2009-2015\/wp-content\/uploads\/2012\/02\/arben_cokaj-120x150.jpg","contentUrl":"https:\/\/fjala.info\/2009-2015\/wp-content\/uploads\/2012\/02\/arben_cokaj-120x150.jpg","caption":"admin"},"description":"Admin, Fjala e Lir\u00eb","sameAs":["https:\/\/fjala.info\/"],"url":"https:\/\/fjala.info\/2009-2015\/author\/admin\/"}]}},"_links":{"self":[{"href":"https:\/\/fjala.info\/2009-2015\/wp-json\/wp\/v2\/posts\/2815","targetHints":{"allow":["GET"]}}],"collection":[{"href":"https:\/\/fjala.info\/2009-2015\/wp-json\/wp\/v2\/posts"}],"about":[{"href":"https:\/\/fjala.info\/2009-2015\/wp-json\/wp\/v2\/types\/post"}],"author":[{"embeddable":true,"href":"https:\/\/fjala.info\/2009-2015\/wp-json\/wp\/v2\/users\/1"}],"replies":[{"embeddable":true,"href":"https:\/\/fjala.info\/2009-2015\/wp-json\/wp\/v2\/comments?post=2815"}],"version-history":[{"count":0,"href":"https:\/\/fjala.info\/2009-2015\/wp-json\/wp\/v2\/posts\/2815\/revisions"}],"wp:attachment":[{"href":"https:\/\/fjala.info\/2009-2015\/wp-json\/wp\/v2\/media?parent=2815"}],"wp:term":[{"taxonomy":"category","embeddable":true,"href":"https:\/\/fjala.info\/2009-2015\/wp-json\/wp\/v2\/categories?post=2815"},{"taxonomy":"post_tag","embeddable":true,"href":"https:\/\/fjala.info\/2009-2015\/wp-json\/wp\/v2\/tags?post=2815"}],"curies":[{"name":"wp","href":"https:\/\/api.w.org\/{rel}","templated":true}]}}