{"id":2813,"date":"2010-05-25T16:29:02","date_gmt":"2010-05-25T15:29:02","guid":{"rendered":"http:\/\/fjala.shkoder.net\/?p=2813"},"modified":"2010-05-25T16:29:02","modified_gmt":"2010-05-25T15:29:02","slug":"komunikate-per-media-ldd-suedi","status":"publish","type":"post","link":"https:\/\/fjala.info\/2009-2015\/komunikate-per-media-ldd-suedi\/","title":{"rendered":"KOMUNIKAT\u00cb P\u00cbR MEDIA &#8211; LDD, Suedi"},"content":{"rendered":"<p><strong>LDD &#8211; DEGA N\u00cb SUEDI<\/strong><br \/>\n<em>22-05-2010, Suedi\/H\u00f6\u00f6r<\/em><\/p>\n<p><strong>KOMUNIKAT\u00cb P\u00cbR MEDIA<\/strong><\/p>\n<p>Kryesia e Lidhjes Demokratike t\u00eb Dardanis\u00eb \u2013 Dega n\u00eb Suedi, mbajti mbledhjen e saj n\u00eb H\u00f6\u00f6r t\u00eb Suedis\u00eb m\u00eb dat\u00eb 22-05-2010, e cila u kryesua nga z. Hysen Ibrahimi, kryetar. N\u00eb mbledhje prezentuan edhe Prof. Osman Ahmetgjekaj, n\u00ebnkryetar, Rrahman Rrahmani, sekretar, Avdi Rama ark\u00ebtar, Emin Rrustemi, Rexhep Hajdini, Mursel Shkupolli, Adem Ahmeti dhe Avni Jonuzi t\u00eb gjith\u00eb an\u00ebtar\u00eb t\u00eb Kryesis\u00eb.<\/p>\n<p style=\"text-align: center;\"><img decoding=\"async\" style=\"margin-left: 10px; margin-right: 10px; border: 0px;\" src=\"http:\/\/www.shkoder.net\/images\/fjala\/2010\/ldd_suedi.jpg\" border=\"0\" alt=\"Hysen Ibrahimi dhe an\u00ebtar\u00eb t\u00eb LDD n\u00eb Suedi\" width=\"450\" \/><\/p>\n<p>Kryesia, debatoi n\u00eb holl\u00ebsi rreth situat\u00ebs politike n\u00eb Kosov\u00ebs t\u00eb cil\u00ebn e vler\u00ebsoj tejet t\u00eb tendosur, sidomos siguria n\u00eb pjesen veriore t\u00eb Mitrovic\u00ebs, e cila dita dit\u00ebs \u00ebsht\u00eb duke u thelluar n\u00eb kriz\u00ebn e zhvillimeve politike, ekonomike, sh\u00ebndet\u00ebsore dhe sociale. Kjo Qeveri ka humbur tanim\u00eb kredibilitetin e saj dhe sillet si nj\u00eb kufom\u00eb e gjall\u00eb pa ditur se si t\u00eb veproj, e cila urgjentisht duhet t\u00eb jap dor\u00ebheqje qoft edhe morale, duke u bazuar n\u00eb fakte tanim\u00eb t\u00eb publikuara para opinionit t\u00eb mbrendsh\u00ebm dhe jasht\u00ebm, mbi baz\u00ebn faktike t\u00eb dyshimit dhe bastisjeve para pak kohe me rastin Limaj dhe rastin e fundit p\u00ebr bastisjen e t\u00ebr\u00eb kabinetit qeveritar dhe kryeministrit Thaqi n\u00eb aeroportin e Prishtin\u00ebs dhe jan\u00eb n\u00ebn hetimim edhe shum\u00eb ministra t\u00eb k\u00ebsaj Qeverie nga EULEX-i, p\u00ebr dyshimin e tyre n\u00eb korrupcion t\u00eb lart\u00eb.<\/p>\n<p>Kjo Qeveri e d\u00ebshmuar p\u00ebr pa aft\u00ebsin\u00eb e saj p\u00ebr qeverisjen e vendit dhe p\u00ebr t\u00eb vepruar n\u00eb veriun e Kosov\u00eb ku para syve t\u00eb tyre Serbia mban\u00eb zgjedhje t\u00eb lira, p\u00ebr zbardhjen e rasteve t\u00eb t\u00eb zhdukurve, p\u00ebr t\u00eb lobuar p\u00ebr njohjen e pavar\u00ebsis\u00eb s\u00eb Kosov\u00ebs, p\u00ebr plot\u00ebsimin e k\u00ebrkesave t\u00eb minator\u00ebve t\u00eb Kosov\u00ebs, pensionist\u00ebve dhe mbar\u00eb klas\u00ebs pun\u00ebtore t\u00eb Kosov\u00ebs, p\u00ebr gjendjen e v\u00ebshtir\u00eb sociale, p\u00ebr deklarimin qyqar t\u00eb ministrit t\u00eb mbrojtjes s\u00eb Kosov\u00ebs z. Rexhepi n\u00eb Maqedoni p\u00ebr rastin e vrasjes s\u00eb 4 shqiptar\u00ebve n\u00eb kufi n\u00eb mes Kosov\u00ebs dhe Maqedonis\u00eb ku n\u00eb radh\u00eb t\u00eb par\u00eb \u00ebsht\u00eb dashur q\u00eb t\u00eb deklarohet hetuesia e Kosov\u00ebs dhe Maqedonis\u00eb (sepse rasti ka ndodhur n\u00eb kufi) pastaj organet qeveritare t\u00eb prononcohen, dhe shum\u00eb e shum\u00eb paknaq\u00ebsive t\u00eb k\u00ebtij kualicioni PDK-LDK.<\/p>\n<p>Kjo paknaq\u00ebsi v\u00ebrehet tek t\u00eb gjith\u00eb nd\u00ebrkomb\u00ebtar\u00ebt, qytetar\u00ebt e Kosov\u00ebs, m\u00ebrgata shqiptare dhe EULEX-i, ku tani i kan\u00eb shpallur luft\u00eb k\u00ebsaj qeverie t\u00eb korruptuar deri n\u00eb fyt. Imazhi i Kosov\u00ebs me k\u00ebt\u00eb Qeveri para opininit nd\u00ebrkomb\u00ebtar ka ul\u00eb interesimin e tyre p\u00ebr tu marr\u00eb me Kosov\u00ebn dhe p\u00ebr t\u00eb investuar n\u00eb Kosov\u00eb.<\/p>\n<p>Paknaq\u00ebsi u shprehen edhe p\u00ebr privatizimin e nd\u00ebrmarrjeve pa respektuar ligjet n\u00eb fuqi p\u00ebr tenderimin e tyre sidomos autostrada V\u00ebrmic\u00eb-M\u00ebrdar\u00eb dhe tani kur po b\u00ebhen gati p\u00ebr t\u00eb shitur edhe PTK-n\u00eb e Kosov\u00ebs.<br \/>\nP\u00ebr t\u00eb gjitha k\u00ebto Kryesia e Lidhjes Demokratike t\u00eb Dardanis\u00eb \u2013 Dega n\u00eb Suedi, k\u00ebrkon dor\u00ebhqejen e k\u00ebsaj Qeveri menj\u00ebher\u00eb, dhe t\u00eb mbahen zgjedhje t\u00eb parakohshme parlamentare t\u00eb Kosov\u00ebs p\u00ebr normalizimin e gjendjes politike dhe ekonomike.<\/p>\n<p>Kryesia e LDD-s\u00eb p\u00ebr Suedi, p\u00ebrkrah\u00eb Kryesin\u00eb Q\u00ebndrore t\u00eb Lidhjes Demokratike t\u00eb Dardanis\u00eb me n\u00eb krye kryetarin e saj Akademik Nexhat Dacin, n\u00eb frym\u00ebn e filozofis\u00eb politike t\u00eb ish-Presidentit t\u00eb par\u00eb t\u00eb Republik\u00ebs s\u00eb Kosov\u00ebs Dr. Ibrahim Rugova, nj\u00ebherit priti me knaq\u00ebsi zgjedhjen e Mr. Fadil Gecit, n\u00ebnkryetar t\u00eb Lidhjes Demokratike t\u00eb Dardanis\u00eb.<\/p>\n<p>Nd\u00ebrkoh\u00eb Kryesia shpreh\u00eb ngush\u00ebllime m\u00eb t\u00eb sinqerta familjes Idrizaj me rastin e nd\u00ebrrimit jet\u00eb t\u00eb djalit t\u00eb tyre futbollistit profesional t\u00eb ish-komb\u00ebtares t\u00eb Austris\u00eb U-21, t\u00eb Liverpulit dhe m\u00eb von\u00eb t\u00eb Swanseas, i ndjeri Besian Idrizaj.<\/p>\n<p>Komisioni p\u00ebr Informim<br \/>\ni LDD-s\u00eb \u2013 Dega n\u00eb Suedi,<br \/>\n<strong>Rrahman Rrahmani<\/strong>, sekretar.<\/p>\n","protected":false},"excerpt":{"rendered":"<p>LDD &#8211; DEGA N\u00cb SUEDI 22-05-2010, Suedi\/H\u00f6\u00f6r KOMUNIKAT\u00cb P\u00cbR MEDIA Kryesia e Lidhjes Demokratike t\u00eb Dardanis\u00eb \u2013 Dega n\u00eb Suedi, mbajti mbledhjen e saj n\u00eb H\u00f6\u00f6r t\u00eb Suedis\u00eb m\u00eb dat\u00eb 22-05-2010, e cila u kryesua nga z. Hysen Ibrahimi, kryetar. N\u00eb mbledhje prezentuan edhe Prof. Osman Ahmetgjekaj, n\u00ebnkryetar, Rrahman Rrahmani, sekretar, Avdi Rama ark\u00ebtar, Emin [&hellip;]<\/p>\n","protected":false},"author":1,"featured_media":0,"comment_status":"open","ping_status":"closed","sticky":false,"template":"","format":"standard","meta":{"footnotes":""},"categories":[2],"tags":[],"class_list":{"0":"post-2813","1":"post","2":"type-post","3":"status-publish","4":"format-standard","6":"category-artikuj"},"yoast_head":"<!-- This site is optimized with the Yoast SEO plugin v27.4 - https:\/\/yoast.com\/product\/yoast-seo-wordpress\/ -->\n<title>KOMUNIKAT\u00cb P\u00cbR MEDIA - LDD, Suedi - FjALA e LIR\u00cb - Arkivi<\/title>\n<meta name=\"robots\" content=\"index, follow, max-snippet:-1, max-image-preview:large, max-video-preview:-1\" \/>\n<link rel=\"canonical\" href=\"https:\/\/fjala.info\/2009-2015\/komunikate-per-media-ldd-suedi\/\" \/>\n<meta property=\"og:locale\" content=\"sq_AL\" \/>\n<meta property=\"og:type\" content=\"article\" \/>\n<meta property=\"og:title\" content=\"KOMUNIKAT\u00cb P\u00cbR MEDIA - LDD, Suedi - FjALA e LIR\u00cb - Arkivi\" \/>\n<meta property=\"og:description\" content=\"LDD &#8211; DEGA N\u00cb SUEDI 22-05-2010, Suedi\/H\u00f6\u00f6r KOMUNIKAT\u00cb P\u00cbR MEDIA Kryesia e Lidhjes Demokratike t\u00eb Dardanis\u00eb \u2013 Dega n\u00eb Suedi, mbajti mbledhjen e saj n\u00eb H\u00f6\u00f6r t\u00eb Suedis\u00eb m\u00eb dat\u00eb 22-05-2010, e cila u kryesua nga z. Hysen Ibrahimi, kryetar. N\u00eb mbledhje prezentuan edhe Prof. Osman Ahmetgjekaj, n\u00ebnkryetar, Rrahman Rrahmani, sekretar, Avdi Rama ark\u00ebtar, Emin [&hellip;]\" \/>\n<meta property=\"og:url\" content=\"https:\/\/fjala.info\/2009-2015\/komunikate-per-media-ldd-suedi\/\" \/>\n<meta property=\"og:site_name\" content=\"FjALA e LIR\u00cb - Arkivi\" \/>\n<meta property=\"article:published_time\" content=\"2010-05-25T15:29:02+00:00\" \/>\n<meta property=\"og:image\" content=\"http:\/\/www.shkoder.net\/images\/fjala\/2010\/ldd_suedi.jpg\" \/>\n<meta name=\"author\" content=\"admin\" \/>\n<meta name=\"twitter:card\" content=\"summary_large_image\" \/>\n<meta name=\"twitter:label1\" content=\"Written by\" \/>\n\t<meta name=\"twitter:data1\" content=\"admin\" \/>\n\t<meta name=\"twitter:label2\" content=\"Est. reading time\" \/>\n\t<meta name=\"twitter:data2\" content=\"3 minutes\" \/>\n<script type=\"application\/ld+json\" class=\"yoast-schema-graph\">{\"@context\":\"https:\\\/\\\/schema.org\",\"@graph\":[{\"@type\":\"Article\",\"@id\":\"https:\\\/\\\/fjala.info\\\/2009-2015\\\/komunikate-per-media-ldd-suedi\\\/#article\",\"isPartOf\":{\"@id\":\"https:\\\/\\\/fjala.info\\\/2009-2015\\\/komunikate-per-media-ldd-suedi\\\/\"},\"author\":{\"name\":\"admin\",\"@id\":\"https:\\\/\\\/fjala.info\\\/2009-2015\\\/#\\\/schema\\\/person\\\/3aa1163ef05469c496fc94e77611ada2\"},\"headline\":\"KOMUNIKAT\u00cb P\u00cbR MEDIA &#8211; LDD, Suedi\",\"datePublished\":\"2010-05-25T15:29:02+00:00\",\"mainEntityOfPage\":{\"@id\":\"https:\\\/\\\/fjala.info\\\/2009-2015\\\/komunikate-per-media-ldd-suedi\\\/\"},\"wordCount\":665,\"commentCount\":0,\"publisher\":{\"@id\":\"https:\\\/\\\/fjala.info\\\/2009-2015\\\/#organization\"},\"image\":{\"@id\":\"https:\\\/\\\/fjala.info\\\/2009-2015\\\/komunikate-per-media-ldd-suedi\\\/#primaryimage\"},\"thumbnailUrl\":\"http:\\\/\\\/www.shkoder.net\\\/images\\\/fjala\\\/2010\\\/ldd_suedi.jpg\",\"articleSection\":[\"Artikuj\"],\"inLanguage\":\"sq-AL\",\"potentialAction\":[{\"@type\":\"CommentAction\",\"name\":\"Comment\",\"target\":[\"https:\\\/\\\/fjala.info\\\/2009-2015\\\/komunikate-per-media-ldd-suedi\\\/#respond\"]}]},{\"@type\":\"WebPage\",\"@id\":\"https:\\\/\\\/fjala.info\\\/2009-2015\\\/komunikate-per-media-ldd-suedi\\\/\",\"url\":\"https:\\\/\\\/fjala.info\\\/2009-2015\\\/komunikate-per-media-ldd-suedi\\\/\",\"name\":\"KOMUNIKAT\u00cb P\u00cbR MEDIA - LDD, Suedi - FjALA e LIR\u00cb - Arkivi\",\"isPartOf\":{\"@id\":\"https:\\\/\\\/fjala.info\\\/2009-2015\\\/#website\"},\"primaryImageOfPage\":{\"@id\":\"https:\\\/\\\/fjala.info\\\/2009-2015\\\/komunikate-per-media-ldd-suedi\\\/#primaryimage\"},\"image\":{\"@id\":\"https:\\\/\\\/fjala.info\\\/2009-2015\\\/komunikate-per-media-ldd-suedi\\\/#primaryimage\"},\"thumbnailUrl\":\"http:\\\/\\\/www.shkoder.net\\\/images\\\/fjala\\\/2010\\\/ldd_suedi.jpg\",\"datePublished\":\"2010-05-25T15:29:02+00:00\",\"breadcrumb\":{\"@id\":\"https:\\\/\\\/fjala.info\\\/2009-2015\\\/komunikate-per-media-ldd-suedi\\\/#breadcrumb\"},\"inLanguage\":\"sq-AL\",\"potentialAction\":[{\"@type\":\"ReadAction\",\"target\":[\"https:\\\/\\\/fjala.info\\\/2009-2015\\\/komunikate-per-media-ldd-suedi\\\/\"]}]},{\"@type\":\"ImageObject\",\"inLanguage\":\"sq-AL\",\"@id\":\"https:\\\/\\\/fjala.info\\\/2009-2015\\\/komunikate-per-media-ldd-suedi\\\/#primaryimage\",\"url\":\"http:\\\/\\\/www.shkoder.net\\\/images\\\/fjala\\\/2010\\\/ldd_suedi.jpg\",\"contentUrl\":\"http:\\\/\\\/www.shkoder.net\\\/images\\\/fjala\\\/2010\\\/ldd_suedi.jpg\"},{\"@type\":\"BreadcrumbList\",\"@id\":\"https:\\\/\\\/fjala.info\\\/2009-2015\\\/komunikate-per-media-ldd-suedi\\\/#breadcrumb\",\"itemListElement\":[{\"@type\":\"ListItem\",\"position\":1,\"name\":\"Home\",\"item\":\"https:\\\/\\\/fjala.info\\\/2009-2015\\\/\"},{\"@type\":\"ListItem\",\"position\":2,\"name\":\"KOMUNIKAT\u00cb P\u00cbR MEDIA &#8211; LDD, Suedi\"}]},{\"@type\":\"WebSite\",\"@id\":\"https:\\\/\\\/fjala.info\\\/2009-2015\\\/#website\",\"url\":\"https:\\\/\\\/fjala.info\\\/2009-2015\\\/\",\"name\":\"FjALA e LIR\u00cb - Arkivi\",\"description\":\"Arkivi 2009-2015\",\"publisher\":{\"@id\":\"https:\\\/\\\/fjala.info\\\/2009-2015\\\/#organization\"},\"potentialAction\":[{\"@type\":\"SearchAction\",\"target\":{\"@type\":\"EntryPoint\",\"urlTemplate\":\"https:\\\/\\\/fjala.info\\\/2009-2015\\\/?s={search_term_string}\"},\"query-input\":{\"@type\":\"PropertyValueSpecification\",\"valueRequired\":true,\"valueName\":\"search_term_string\"}}],\"inLanguage\":\"sq-AL\"},{\"@type\":\"Organization\",\"@id\":\"https:\\\/\\\/fjala.info\\\/2009-2015\\\/#organization\",\"name\":\"FjALA e LIR\u00cb - Arkivi\",\"url\":\"https:\\\/\\\/fjala.info\\\/2009-2015\\\/\",\"logo\":{\"@type\":\"ImageObject\",\"inLanguage\":\"sq-AL\",\"@id\":\"https:\\\/\\\/fjala.info\\\/2009-2015\\\/#\\\/schema\\\/logo\\\/image\\\/\",\"url\":\"\",\"contentUrl\":\"\",\"caption\":\"FjALA e LIR\u00cb - Arkivi\"},\"image\":{\"@id\":\"https:\\\/\\\/fjala.info\\\/2009-2015\\\/#\\\/schema\\\/logo\\\/image\\\/\"}},{\"@type\":\"Person\",\"@id\":\"https:\\\/\\\/fjala.info\\\/2009-2015\\\/#\\\/schema\\\/person\\\/3aa1163ef05469c496fc94e77611ada2\",\"name\":\"admin\",\"image\":{\"@type\":\"ImageObject\",\"inLanguage\":\"sq-AL\",\"@id\":\"https:\\\/\\\/fjala.info\\\/2009-2015\\\/wp-content\\\/uploads\\\/2012\\\/02\\\/arben_cokaj-120x150.jpg\",\"url\":\"https:\\\/\\\/fjala.info\\\/2009-2015\\\/wp-content\\\/uploads\\\/2012\\\/02\\\/arben_cokaj-120x150.jpg\",\"contentUrl\":\"https:\\\/\\\/fjala.info\\\/2009-2015\\\/wp-content\\\/uploads\\\/2012\\\/02\\\/arben_cokaj-120x150.jpg\",\"caption\":\"admin\"},\"description\":\"Admin, Fjala e Lir\u00eb\",\"sameAs\":[\"https:\\\/\\\/fjala.info\\\/\"],\"url\":\"https:\\\/\\\/fjala.info\\\/2009-2015\\\/author\\\/admin\\\/\"}]}<\/script>\n<!-- \/ Yoast SEO plugin. -->","yoast_head_json":{"title":"KOMUNIKAT\u00cb P\u00cbR MEDIA - LDD, Suedi - FjALA e LIR\u00cb - Arkivi","robots":{"index":"index","follow":"follow","max-snippet":"max-snippet:-1","max-image-preview":"max-image-preview:large","max-video-preview":"max-video-preview:-1"},"canonical":"https:\/\/fjala.info\/2009-2015\/komunikate-per-media-ldd-suedi\/","og_locale":"sq_AL","og_type":"article","og_title":"KOMUNIKAT\u00cb P\u00cbR MEDIA - LDD, Suedi - FjALA e LIR\u00cb - Arkivi","og_description":"LDD &#8211; DEGA N\u00cb SUEDI 22-05-2010, Suedi\/H\u00f6\u00f6r KOMUNIKAT\u00cb P\u00cbR MEDIA Kryesia e Lidhjes Demokratike t\u00eb Dardanis\u00eb \u2013 Dega n\u00eb Suedi, mbajti mbledhjen e saj n\u00eb H\u00f6\u00f6r t\u00eb Suedis\u00eb m\u00eb dat\u00eb 22-05-2010, e cila u kryesua nga z. Hysen Ibrahimi, kryetar. N\u00eb mbledhje prezentuan edhe Prof. Osman Ahmetgjekaj, n\u00ebnkryetar, Rrahman Rrahmani, sekretar, Avdi Rama ark\u00ebtar, Emin [&hellip;]","og_url":"https:\/\/fjala.info\/2009-2015\/komunikate-per-media-ldd-suedi\/","og_site_name":"FjALA e LIR\u00cb - Arkivi","article_published_time":"2010-05-25T15:29:02+00:00","og_image":[{"url":"http:\/\/www.shkoder.net\/images\/fjala\/2010\/ldd_suedi.jpg","type":"","width":"","height":""}],"author":"admin","twitter_card":"summary_large_image","twitter_misc":{"Written by":"admin","Est. reading time":"3 minutes"},"schema":{"@context":"https:\/\/schema.org","@graph":[{"@type":"Article","@id":"https:\/\/fjala.info\/2009-2015\/komunikate-per-media-ldd-suedi\/#article","isPartOf":{"@id":"https:\/\/fjala.info\/2009-2015\/komunikate-per-media-ldd-suedi\/"},"author":{"name":"admin","@id":"https:\/\/fjala.info\/2009-2015\/#\/schema\/person\/3aa1163ef05469c496fc94e77611ada2"},"headline":"KOMUNIKAT\u00cb P\u00cbR MEDIA &#8211; LDD, Suedi","datePublished":"2010-05-25T15:29:02+00:00","mainEntityOfPage":{"@id":"https:\/\/fjala.info\/2009-2015\/komunikate-per-media-ldd-suedi\/"},"wordCount":665,"commentCount":0,"publisher":{"@id":"https:\/\/fjala.info\/2009-2015\/#organization"},"image":{"@id":"https:\/\/fjala.info\/2009-2015\/komunikate-per-media-ldd-suedi\/#primaryimage"},"thumbnailUrl":"http:\/\/www.shkoder.net\/images\/fjala\/2010\/ldd_suedi.jpg","articleSection":["Artikuj"],"inLanguage":"sq-AL","potentialAction":[{"@type":"CommentAction","name":"Comment","target":["https:\/\/fjala.info\/2009-2015\/komunikate-per-media-ldd-suedi\/#respond"]}]},{"@type":"WebPage","@id":"https:\/\/fjala.info\/2009-2015\/komunikate-per-media-ldd-suedi\/","url":"https:\/\/fjala.info\/2009-2015\/komunikate-per-media-ldd-suedi\/","name":"KOMUNIKAT\u00cb P\u00cbR MEDIA - LDD, Suedi - FjALA e LIR\u00cb - Arkivi","isPartOf":{"@id":"https:\/\/fjala.info\/2009-2015\/#website"},"primaryImageOfPage":{"@id":"https:\/\/fjala.info\/2009-2015\/komunikate-per-media-ldd-suedi\/#primaryimage"},"image":{"@id":"https:\/\/fjala.info\/2009-2015\/komunikate-per-media-ldd-suedi\/#primaryimage"},"thumbnailUrl":"http:\/\/www.shkoder.net\/images\/fjala\/2010\/ldd_suedi.jpg","datePublished":"2010-05-25T15:29:02+00:00","breadcrumb":{"@id":"https:\/\/fjala.info\/2009-2015\/komunikate-per-media-ldd-suedi\/#breadcrumb"},"inLanguage":"sq-AL","potentialAction":[{"@type":"ReadAction","target":["https:\/\/fjala.info\/2009-2015\/komunikate-per-media-ldd-suedi\/"]}]},{"@type":"ImageObject","inLanguage":"sq-AL","@id":"https:\/\/fjala.info\/2009-2015\/komunikate-per-media-ldd-suedi\/#primaryimage","url":"http:\/\/www.shkoder.net\/images\/fjala\/2010\/ldd_suedi.jpg","contentUrl":"http:\/\/www.shkoder.net\/images\/fjala\/2010\/ldd_suedi.jpg"},{"@type":"BreadcrumbList","@id":"https:\/\/fjala.info\/2009-2015\/komunikate-per-media-ldd-suedi\/#breadcrumb","itemListElement":[{"@type":"ListItem","position":1,"name":"Home","item":"https:\/\/fjala.info\/2009-2015\/"},{"@type":"ListItem","position":2,"name":"KOMUNIKAT\u00cb P\u00cbR MEDIA &#8211; LDD, Suedi"}]},{"@type":"WebSite","@id":"https:\/\/fjala.info\/2009-2015\/#website","url":"https:\/\/fjala.info\/2009-2015\/","name":"FjALA e LIR\u00cb - Arkivi","description":"Arkivi 2009-2015","publisher":{"@id":"https:\/\/fjala.info\/2009-2015\/#organization"},"potentialAction":[{"@type":"SearchAction","target":{"@type":"EntryPoint","urlTemplate":"https:\/\/fjala.info\/2009-2015\/?s={search_term_string}"},"query-input":{"@type":"PropertyValueSpecification","valueRequired":true,"valueName":"search_term_string"}}],"inLanguage":"sq-AL"},{"@type":"Organization","@id":"https:\/\/fjala.info\/2009-2015\/#organization","name":"FjALA e LIR\u00cb - Arkivi","url":"https:\/\/fjala.info\/2009-2015\/","logo":{"@type":"ImageObject","inLanguage":"sq-AL","@id":"https:\/\/fjala.info\/2009-2015\/#\/schema\/logo\/image\/","url":"","contentUrl":"","caption":"FjALA e LIR\u00cb - Arkivi"},"image":{"@id":"https:\/\/fjala.info\/2009-2015\/#\/schema\/logo\/image\/"}},{"@type":"Person","@id":"https:\/\/fjala.info\/2009-2015\/#\/schema\/person\/3aa1163ef05469c496fc94e77611ada2","name":"admin","image":{"@type":"ImageObject","inLanguage":"sq-AL","@id":"https:\/\/fjala.info\/2009-2015\/wp-content\/uploads\/2012\/02\/arben_cokaj-120x150.jpg","url":"https:\/\/fjala.info\/2009-2015\/wp-content\/uploads\/2012\/02\/arben_cokaj-120x150.jpg","contentUrl":"https:\/\/fjala.info\/2009-2015\/wp-content\/uploads\/2012\/02\/arben_cokaj-120x150.jpg","caption":"admin"},"description":"Admin, Fjala e Lir\u00eb","sameAs":["https:\/\/fjala.info\/"],"url":"https:\/\/fjala.info\/2009-2015\/author\/admin\/"}]}},"_links":{"self":[{"href":"https:\/\/fjala.info\/2009-2015\/wp-json\/wp\/v2\/posts\/2813","targetHints":{"allow":["GET"]}}],"collection":[{"href":"https:\/\/fjala.info\/2009-2015\/wp-json\/wp\/v2\/posts"}],"about":[{"href":"https:\/\/fjala.info\/2009-2015\/wp-json\/wp\/v2\/types\/post"}],"author":[{"embeddable":true,"href":"https:\/\/fjala.info\/2009-2015\/wp-json\/wp\/v2\/users\/1"}],"replies":[{"embeddable":true,"href":"https:\/\/fjala.info\/2009-2015\/wp-json\/wp\/v2\/comments?post=2813"}],"version-history":[{"count":0,"href":"https:\/\/fjala.info\/2009-2015\/wp-json\/wp\/v2\/posts\/2813\/revisions"}],"wp:attachment":[{"href":"https:\/\/fjala.info\/2009-2015\/wp-json\/wp\/v2\/media?parent=2813"}],"wp:term":[{"taxonomy":"category","embeddable":true,"href":"https:\/\/fjala.info\/2009-2015\/wp-json\/wp\/v2\/categories?post=2813"},{"taxonomy":"post_tag","embeddable":true,"href":"https:\/\/fjala.info\/2009-2015\/wp-json\/wp\/v2\/tags?post=2813"}],"curies":[{"name":"wp","href":"https:\/\/api.w.org\/{rel}","templated":true}]}}