{"id":2811,"date":"2010-05-25T16:21:45","date_gmt":"2010-05-25T15:21:45","guid":{"rendered":"http:\/\/fjala.shkoder.net\/?p=2811"},"modified":"2010-05-25T16:21:45","modified_gmt":"2010-05-25T15:21:45","slug":"kur-percaresit-flasin-per-pajtim","status":"publish","type":"post","link":"https:\/\/fjala.info\/2009-2015\/kur-percaresit-flasin-per-pajtim\/","title":{"rendered":"KUR P\u00cbR\u00c7AR\u00cbSIT FLASIN P\u00cbR PAJTIM"},"content":{"rendered":"<p><img decoding=\"async\" style=\"margin-left: 10px; margin-right: 10px; border: 0px;\" src=\"http:\/\/www.shkoder.net\/images\/fjala\/bekim_rexhepi.jpg\" border=\"0\" alt=\"Bekim Rexhepi\" width=\"100\" align=\"right\" \/><\/p>\n<p><em>As ligjet, as liria, as demokracia nuk mund t\u00eb rikuperohen vet\u00ebm mbi vullnetin e nj\u00ebr\u00ebs pal\u00eb, e cila predimensionimin e vet t\u00eb nevoj\u00ebs e karakterizon mbi rrethana t\u00eb nj\u00eb ngjarjeje, e cila ndofta nuk favorizon interesin dhe d\u00ebshir\u00ebn e vet\u00ebm nj\u00ebr\u00ebs pal\u00eb, por kjo assesi nuk mund t\u00eb procedoi mbi marr\u00ebveshjen e shnd\u00ebrruar n\u00eb ligj, p\u00ebr t\u00eb th\u00ebn\u00eb: i dua kur m\u00eb duhen dhe nuk i dua kur s\u2019m\u00eb nevojiten.<\/em><\/p>\n<p>Nga <strong>Bekim Rexhepi<\/strong><\/p>\n<p>\u00cbsht\u00eb b\u00ebr\u00eb e leht\u00eb t\u00eb thuhet qejfi, apo kuptim mbi konditat e liris\u00eb dhe demokracis\u00eb, na v\u00eb n\u00eb sprova t\u00eb jasht\u00ebzakonshme, p\u00ebr tu shprehur pap\u00ebrgjegjsh\u00ebm n\u00eb munges\u00eb t\u00eb p\u00ebrgjegj\u00ebsis\u00eb.<\/p>\n<p>V\u00ebnia e interesave personale, mbi ato t\u00eb p\u00ebrgjithshme ka marr\u00eb takat t\u00eb pa turpsh\u00ebm n\u00eb mjediset tona. Rregullat p\u00ebr t\u00eb cilat kemi pasur m\u00eb par\u00eb pajtim a marr\u00ebveshje, nuk mund t\u00eb na sh\u00ebrbejn\u00eb deri n\u00eb koherenc\u00ebn dhe n\u00eb at\u00eb momentin e mundshme t\u00eb p\u00ebrcaktimit dhe vler\u00ebsimit t\u00eb interesave t\u00eb ngushta, t\u00eb vet\u00ebm nj\u00ebr\u00ebs pal\u00eb. Rregullat mbesin n\u00eb fuqi p\u00ebr aq koh\u00eb sa ato rregulla jan\u00eb ekzistente n\u00eb pajtim a marr\u00ebveshje t\u00eb pal\u00ebve p\u00ebr ti zbatuar ato.<\/p>\n<p>Derisa nuk kemi vullnete t\u00eb tjera, pasuese q\u00eb plot\u00ebsojn\u00eb defektet apo mbushin koherenc\u00ebn e zhvillimeve t\u00eb mundshme nuk na lejohet t\u00eb k\u00ebrkojm\u00eb ti kemi dhe nj\u00ebkoh\u00ebsisht ti shkelim pse i kemi. As ligjet, as liria, as demokracia nuk mund t\u00eb rikuperohen vet\u00ebm mbi vullnetin e nj\u00ebr\u00ebs pal\u00eb, e cila predimensionimin e vet t\u00eb nevoj\u00ebs e karakterizon mbi rrethana t\u00eb nj\u00eb ngjarjeje, e cila ndofta nuk favorizon interesin dhe d\u00ebshir\u00ebn e vet\u00ebm nj\u00ebr\u00ebs pal\u00eb, por kjo assesi nuk mund t\u00eb procedoi mbi marr\u00ebveshjen e shnd\u00ebrruar n\u00eb ligj, p\u00ebr t\u00eb th\u00ebn\u00eb: i dua kur m\u00eb duhen dhe nuk i dua kur s\u2019m\u00eb nevojiten.<\/p>\n<p>Pra, pajtimi dhe marr\u00ebveshjet vihen n\u00eb jet\u00eb \u00e7doher\u00eb dhe sepse kemi nevoj\u00eb paraprake t\u00eb kemi rregulla, q\u00eb n\u00eb nj\u00ebr\u00ebn m\u00ebnyr\u00eb ato rregulla i lart\u00ebsojn\u00eb dhe n\u00eb tjetr\u00ebn i mbrojn\u00eb interesat tona.<\/p>\n<p>Vendimet tona nuk mund t\u00eb shkelen si grosha buke, sepse b\u00ebhemi m\u00ebkatar t\u00eb fatit ton\u00eb. T\u00eb zgjedh\u00ebsh kodi elektoral, t\u00eb pranosh kushtet zgjedhore, t\u00eb hysh n\u00eb zgjedhje vendore, t\u00eb kesh komisionar t\u00eb barabart\u00eb n\u00eb qendrat elektorale t\u00eb votimit, v\u00ebzhgues\/e n\u00eb qendrat e num\u00ebrimit, pastaj p\u00ebr t\u00eb gjitha k\u00ebto t\u00eb mos kesh kontestime mbi mbar\u00ebvajtjen e zgjedhjeve dhe n\u00eb fund fare, ti pranosh ato zgjedhje vendore si t\u00eb lira, \u00ebsht\u00eb m\u00eb shum\u00eb se nj\u00eb vendim qe nuk mund t\u00eb shkelet.<\/p>\n<p>\u00c7far\u00eb ndodhi n\u00eb fakt, jo m\u00eb larg se pas dy jav\u00ebsh e, ca dit\u00eb m\u00eb shum\u00eb, u shkel\u00ebn t\u00eb gjitha vendimet e vet pranuara, pas i n\u00eb pushtet po hynte si t\u00eb ngadh\u00ebnjyer Berisha dhe Meta.<\/p>\n<p>Humb\u00ebsi i s\u00ebrish\u00ebm, p\u00ebrballi kryesocialistin e radh\u00ebs Edvin Rama. Nga ky moment Shqip\u00ebris\u00eb iu ndill e keqja sepse ky zhurmues u \u00e7orientuar, p\u00ebr t\u00eb ardhur n\u00eb pushtet tani do t\u00eb provoj dhun\u00ebn verbale dhe fizike ndaj vet partis\u00eb, elektoratit socialist\u00eb dhe shtetit. Dhuna e nuk mund t\u00eb ushtrohet ndaj institucioneve t\u00eb shtetit, kur ka ligje, liri dhe demokraci.<\/p>\n<p>Rama akoma e quan vetveten dhe partin e tij OPOZIT\u00cb, fakt ky qe tregon se e pranon humbjen politike, por se nuk pranon t\u00eb mos b\u00ebhet zhurmues i d\u00ebmsh\u00ebm i shtetit. T\u00eb mos e pranosh vendimin e sovranit, nuk p\u00ebrb\u00ebn m\u00ebkatin e madh, por t\u00eb g\u00ebnjesh mbi vendimin dhe t\u00eb \u00e7irresh duke b\u00ebrtitur se sovrani jam vet\u00eb, ky mund t\u00eb jet\u00eb ai m\u00ebkati m\u00eb i madh dhe m\u00eb i pafalsh\u00ebm i tij dhe i partis\u00eb q\u00eb drejton.<\/p>\n<p>Zgjedhjet e fundit aq shum\u00eb jan\u00eb ekzagjeruar verbalisht, nd\u00ebrsa nuk jan\u00eb aq t\u00eb parregullta sa p\u00ebrfliten nga paraqitja non-stop e opozit\u00ebs dhe liderit t\u00eb saj humb\u00ebs Edi Rama. Ve\u00e7an\u00ebrisht k\u00ebto zgjedhje nuk do t\u00eb duhej t\u00eb ishin objekt i nj\u00eb \u201ckrize\u201d politike ku opozita vendos t\u00eb bojkoton parlamentin institucionet e shtetit dhe m\u00eb pas edhe t\u00eb futet n\u00eb greva \u201curie\u201d, p\u00ebr ta kthyer humbjen n\u00eb fitore apo dhe p\u00ebr ta zbutur disi qeverisjen e vendit n\u00eb drejtim t\u00eb saj.<\/p>\n<p>K\u00ebto frustrime t\u00eb r\u00ebnda t\u00eb socialist\u00ebve ndaj interesave m\u00eb t\u00eb r\u00ebnd\u00ebsishme t\u00eb vendit si\u00e7 jan\u00eb liberalizimi i vizave dhe integrimi i vendit n\u00eb BE, mund t\u00eb b\u00ebhen shkak i p\u00ebrkeq\u00ebsimit edhe t\u00eb m\u00ebtejm\u00eb t\u00eb imazhit t\u00eb Shqip\u00ebris\u00eb, por t\u00eb konstatojm\u00eb se prek\u00eb edhe shqiptaret jasht\u00eb vendit e sidomos Kosov\u00ebn. Ngadal\u00ebsimi i Shqip\u00ebris\u00eb n\u00eb liberalizimin e vizave dhe n\u00eb integrim n\u00eb BE, automatikisht e ngadal\u00ebson edhe Kosov\u00ebn sepse tashm\u00eb imazhi i paraqitur n\u00eb bot\u00eb se shqiptar\u00ebt nuk jan\u00eb n\u00eb gjendje t\u00eb zgjedhin problemet e tyre pa ndihm\u00ebn e domosdoshme t\u00eb t\u00eb tjer\u00ebve \u00ebsht\u00eb nj\u00eb ndikues i natyrsh\u00ebm dhe zvarrit\u00ebs.<\/p>\n<p>Zgjedhjet dhe kontestimet e vazhdueshme t\u00eb tyre nga opozita nuk mund t\u00eb mos e mbanin n\u00eb limite unitetin politik sa i p\u00ebrket interesave t\u00eb shtetit. Madje uniteti q\u00eb nuk i p\u00ebrjashton dallimet, por nuk i st\u00ebrmadhon ato, q\u00eb t\u00eb mjegullohen edhe interesat m\u00eb thelb\u00ebsore t\u00eb vendit. K\u00ebt\u00eb kondit\u00eb t\u00eb r\u00ebnd\u00ebsishme dhe t\u00eb domosdoshme politike duket se opozita dhe Rama, nuk e marrin fare parasysh, madje qe prej zgjedhjeve fundit t\u00eb 28 qershorit e k\u00ebtej i jan\u00eb p\u00ebrqasur me degradim, pa \u00e7ka se Shqip\u00ebria ngec\u00eb, dhe sikur e r\u00ebnd\u00ebsishme p\u00ebr ta \u00ebsht\u00eb qe t\u00eb mos ngecin vet\u00eb pa pushtet edhe at\u00ebher\u00eb kur humbasin. Mund t\u00eb konstatojm\u00eb se tani nuk ka m\u00ebdyshje se ku ndodhet bastioni p\u00ebr\u00e7ar\u00ebs i interesave t\u00eb kombit dhe shtetit. Nj\u00eb adres\u00eb tashm\u00eb e thjesht\u00eb dhe aq irracionale p\u00ebr t\u00eb gjith\u00eb shqiptaret, kjo adres\u00eb \u00ebsht\u00eb selia e partis\u00eb socialiste dhe drejtuesi i \u00e7orientuar Edi Rama.<\/p>\n<p>Mbetet e dhimbshme dhe madje edhe po kaq mbetet akoma p\u00ebr t\u2019u sqaruar se: shqiptaret kan\u00eb kaq koh\u00eb q\u00eb ishin drejtuar kah Evropa, nd\u00ebrsa sot, pik\u00ebrisht sot del nj\u00eb parti e r\u00ebnd\u00ebsishme, q\u00eb nuk ka arritur t\u00eb fitoj zgjedhjet dhe kthehet n\u00eb nj\u00eb bastion t\u00eb par\u00ebnd\u00ebsish\u00ebm, vet\u00ebm e vet\u00ebm sepse drejtuesi i saj, njeriu m\u00eb i \u00e7orientuar, i cili \u00ebsht\u00eb dhe nj\u00eb d\u00ebshtak i gjithansh\u00ebm, m\u00eb n\u00eb fund po merr vendime t\u00eb atilla ku do qe edhe vendi i tij t\u00eb b\u00ebhet nj\u00eb vend i d\u00ebshtuar p\u00ebrfundimisht kah Evropa. Ti pengosh shqiptar\u00ebt n\u00eb rrug\u00ebtimin e duhur kah Evropa do t\u00eb thot\u00eb t\u00eb vet\u00eb zgjedh\u00ebsh em\u00ebrtimin e njohur t\u00eb p\u00ebr\u00e7ar\u00ebsi dhe t\u00eb antishqiptarit, k\u00ebt\u00eb nuk ka dyshim se tashm\u00eb nuk po e b\u00ebn\u00eb turpsh\u00ebm Edi Rama me shok\u00ebt e tij socialist\u00eb.<\/p>\n<p><em>25.05.2010<\/em><\/p>\n","protected":false},"excerpt":{"rendered":"<p>As ligjet, as liria, as demokracia nuk mund t\u00eb rikuperohen vet\u00ebm mbi vullnetin e nj\u00ebr\u00ebs pal\u00eb, e cila predimensionimin e vet t\u00eb nevoj\u00ebs e karakterizon mbi rrethana t\u00eb nj\u00eb ngjarjeje, e cila ndofta nuk favorizon interesin dhe d\u00ebshir\u00ebn e vet\u00ebm nj\u00ebr\u00ebs pal\u00eb, por kjo assesi nuk mund t\u00eb procedoi mbi marr\u00ebveshjen e shnd\u00ebrruar n\u00eb ligj, [&hellip;]<\/p>\n","protected":false},"author":1,"featured_media":0,"comment_status":"open","ping_status":"closed","sticky":false,"template":"","format":"standard","meta":{"footnotes":""},"categories":[2],"tags":[],"class_list":{"0":"post-2811","1":"post","2":"type-post","3":"status-publish","4":"format-standard","6":"category-artikuj"},"yoast_head":"<!-- This site is optimized with the Yoast SEO plugin v27.4 - https:\/\/yoast.com\/product\/yoast-seo-wordpress\/ -->\n<title>KUR P\u00cbR\u00c7AR\u00cbSIT FLASIN P\u00cbR PAJTIM - FjALA e LIR\u00cb - Arkivi<\/title>\n<meta name=\"robots\" content=\"index, follow, max-snippet:-1, max-image-preview:large, max-video-preview:-1\" \/>\n<link rel=\"canonical\" href=\"https:\/\/fjala.info\/2009-2015\/kur-percaresit-flasin-per-pajtim\/\" \/>\n<meta property=\"og:locale\" content=\"sq_AL\" \/>\n<meta property=\"og:type\" content=\"article\" \/>\n<meta property=\"og:title\" content=\"KUR P\u00cbR\u00c7AR\u00cbSIT FLASIN P\u00cbR PAJTIM - FjALA e LIR\u00cb - Arkivi\" \/>\n<meta property=\"og:description\" content=\"As ligjet, as liria, as demokracia nuk mund t\u00eb rikuperohen vet\u00ebm mbi vullnetin e nj\u00ebr\u00ebs pal\u00eb, e cila predimensionimin e vet t\u00eb nevoj\u00ebs e karakterizon mbi rrethana t\u00eb nj\u00eb ngjarjeje, e cila ndofta nuk favorizon interesin dhe d\u00ebshir\u00ebn e vet\u00ebm nj\u00ebr\u00ebs pal\u00eb, por kjo assesi nuk mund t\u00eb procedoi mbi marr\u00ebveshjen e shnd\u00ebrruar n\u00eb ligj, [&hellip;]\" \/>\n<meta property=\"og:url\" content=\"https:\/\/fjala.info\/2009-2015\/kur-percaresit-flasin-per-pajtim\/\" \/>\n<meta property=\"og:site_name\" content=\"FjALA e LIR\u00cb - Arkivi\" \/>\n<meta property=\"article:published_time\" content=\"2010-05-25T15:21:45+00:00\" \/>\n<meta property=\"og:image\" content=\"http:\/\/www.shkoder.net\/images\/fjala\/bekim_rexhepi.jpg\" \/>\n<meta name=\"author\" content=\"admin\" \/>\n<meta name=\"twitter:card\" content=\"summary_large_image\" \/>\n<meta name=\"twitter:label1\" content=\"Written by\" \/>\n\t<meta name=\"twitter:data1\" content=\"admin\" \/>\n\t<meta name=\"twitter:label2\" content=\"Est. reading time\" \/>\n\t<meta name=\"twitter:data2\" content=\"6 minutes\" \/>\n<script type=\"application\/ld+json\" class=\"yoast-schema-graph\">{\"@context\":\"https:\\\/\\\/schema.org\",\"@graph\":[{\"@type\":\"Article\",\"@id\":\"https:\\\/\\\/fjala.info\\\/2009-2015\\\/kur-percaresit-flasin-per-pajtim\\\/#article\",\"isPartOf\":{\"@id\":\"https:\\\/\\\/fjala.info\\\/2009-2015\\\/kur-percaresit-flasin-per-pajtim\\\/\"},\"author\":{\"name\":\"admin\",\"@id\":\"https:\\\/\\\/fjala.info\\\/2009-2015\\\/#\\\/schema\\\/person\\\/3aa1163ef05469c496fc94e77611ada2\"},\"headline\":\"KUR P\u00cbR\u00c7AR\u00cbSIT FLASIN P\u00cbR PAJTIM\",\"datePublished\":\"2010-05-25T15:21:45+00:00\",\"mainEntityOfPage\":{\"@id\":\"https:\\\/\\\/fjala.info\\\/2009-2015\\\/kur-percaresit-flasin-per-pajtim\\\/\"},\"wordCount\":1188,\"commentCount\":0,\"publisher\":{\"@id\":\"https:\\\/\\\/fjala.info\\\/2009-2015\\\/#organization\"},\"image\":{\"@id\":\"https:\\\/\\\/fjala.info\\\/2009-2015\\\/kur-percaresit-flasin-per-pajtim\\\/#primaryimage\"},\"thumbnailUrl\":\"http:\\\/\\\/www.shkoder.net\\\/images\\\/fjala\\\/bekim_rexhepi.jpg\",\"articleSection\":[\"Artikuj\"],\"inLanguage\":\"sq-AL\",\"potentialAction\":[{\"@type\":\"CommentAction\",\"name\":\"Comment\",\"target\":[\"https:\\\/\\\/fjala.info\\\/2009-2015\\\/kur-percaresit-flasin-per-pajtim\\\/#respond\"]}]},{\"@type\":\"WebPage\",\"@id\":\"https:\\\/\\\/fjala.info\\\/2009-2015\\\/kur-percaresit-flasin-per-pajtim\\\/\",\"url\":\"https:\\\/\\\/fjala.info\\\/2009-2015\\\/kur-percaresit-flasin-per-pajtim\\\/\",\"name\":\"KUR P\u00cbR\u00c7AR\u00cbSIT FLASIN P\u00cbR PAJTIM - FjALA e LIR\u00cb - Arkivi\",\"isPartOf\":{\"@id\":\"https:\\\/\\\/fjala.info\\\/2009-2015\\\/#website\"},\"primaryImageOfPage\":{\"@id\":\"https:\\\/\\\/fjala.info\\\/2009-2015\\\/kur-percaresit-flasin-per-pajtim\\\/#primaryimage\"},\"image\":{\"@id\":\"https:\\\/\\\/fjala.info\\\/2009-2015\\\/kur-percaresit-flasin-per-pajtim\\\/#primaryimage\"},\"thumbnailUrl\":\"http:\\\/\\\/www.shkoder.net\\\/images\\\/fjala\\\/bekim_rexhepi.jpg\",\"datePublished\":\"2010-05-25T15:21:45+00:00\",\"breadcrumb\":{\"@id\":\"https:\\\/\\\/fjala.info\\\/2009-2015\\\/kur-percaresit-flasin-per-pajtim\\\/#breadcrumb\"},\"inLanguage\":\"sq-AL\",\"potentialAction\":[{\"@type\":\"ReadAction\",\"target\":[\"https:\\\/\\\/fjala.info\\\/2009-2015\\\/kur-percaresit-flasin-per-pajtim\\\/\"]}]},{\"@type\":\"ImageObject\",\"inLanguage\":\"sq-AL\",\"@id\":\"https:\\\/\\\/fjala.info\\\/2009-2015\\\/kur-percaresit-flasin-per-pajtim\\\/#primaryimage\",\"url\":\"http:\\\/\\\/www.shkoder.net\\\/images\\\/fjala\\\/bekim_rexhepi.jpg\",\"contentUrl\":\"http:\\\/\\\/www.shkoder.net\\\/images\\\/fjala\\\/bekim_rexhepi.jpg\"},{\"@type\":\"BreadcrumbList\",\"@id\":\"https:\\\/\\\/fjala.info\\\/2009-2015\\\/kur-percaresit-flasin-per-pajtim\\\/#breadcrumb\",\"itemListElement\":[{\"@type\":\"ListItem\",\"position\":1,\"name\":\"Home\",\"item\":\"https:\\\/\\\/fjala.info\\\/2009-2015\\\/\"},{\"@type\":\"ListItem\",\"position\":2,\"name\":\"KUR P\u00cbR\u00c7AR\u00cbSIT FLASIN P\u00cbR PAJTIM\"}]},{\"@type\":\"WebSite\",\"@id\":\"https:\\\/\\\/fjala.info\\\/2009-2015\\\/#website\",\"url\":\"https:\\\/\\\/fjala.info\\\/2009-2015\\\/\",\"name\":\"FjALA e LIR\u00cb - Arkivi\",\"description\":\"Arkivi 2009-2015\",\"publisher\":{\"@id\":\"https:\\\/\\\/fjala.info\\\/2009-2015\\\/#organization\"},\"potentialAction\":[{\"@type\":\"SearchAction\",\"target\":{\"@type\":\"EntryPoint\",\"urlTemplate\":\"https:\\\/\\\/fjala.info\\\/2009-2015\\\/?s={search_term_string}\"},\"query-input\":{\"@type\":\"PropertyValueSpecification\",\"valueRequired\":true,\"valueName\":\"search_term_string\"}}],\"inLanguage\":\"sq-AL\"},{\"@type\":\"Organization\",\"@id\":\"https:\\\/\\\/fjala.info\\\/2009-2015\\\/#organization\",\"name\":\"FjALA e LIR\u00cb - Arkivi\",\"url\":\"https:\\\/\\\/fjala.info\\\/2009-2015\\\/\",\"logo\":{\"@type\":\"ImageObject\",\"inLanguage\":\"sq-AL\",\"@id\":\"https:\\\/\\\/fjala.info\\\/2009-2015\\\/#\\\/schema\\\/logo\\\/image\\\/\",\"url\":\"\",\"contentUrl\":\"\",\"caption\":\"FjALA e LIR\u00cb - Arkivi\"},\"image\":{\"@id\":\"https:\\\/\\\/fjala.info\\\/2009-2015\\\/#\\\/schema\\\/logo\\\/image\\\/\"}},{\"@type\":\"Person\",\"@id\":\"https:\\\/\\\/fjala.info\\\/2009-2015\\\/#\\\/schema\\\/person\\\/3aa1163ef05469c496fc94e77611ada2\",\"name\":\"admin\",\"image\":{\"@type\":\"ImageObject\",\"inLanguage\":\"sq-AL\",\"@id\":\"https:\\\/\\\/fjala.info\\\/2009-2015\\\/wp-content\\\/uploads\\\/2012\\\/02\\\/arben_cokaj-120x150.jpg\",\"url\":\"https:\\\/\\\/fjala.info\\\/2009-2015\\\/wp-content\\\/uploads\\\/2012\\\/02\\\/arben_cokaj-120x150.jpg\",\"contentUrl\":\"https:\\\/\\\/fjala.info\\\/2009-2015\\\/wp-content\\\/uploads\\\/2012\\\/02\\\/arben_cokaj-120x150.jpg\",\"caption\":\"admin\"},\"description\":\"Admin, Fjala e Lir\u00eb\",\"sameAs\":[\"https:\\\/\\\/fjala.info\\\/\"],\"url\":\"https:\\\/\\\/fjala.info\\\/2009-2015\\\/author\\\/admin\\\/\"}]}<\/script>\n<!-- \/ Yoast SEO plugin. -->","yoast_head_json":{"title":"KUR P\u00cbR\u00c7AR\u00cbSIT FLASIN P\u00cbR PAJTIM - FjALA e LIR\u00cb - Arkivi","robots":{"index":"index","follow":"follow","max-snippet":"max-snippet:-1","max-image-preview":"max-image-preview:large","max-video-preview":"max-video-preview:-1"},"canonical":"https:\/\/fjala.info\/2009-2015\/kur-percaresit-flasin-per-pajtim\/","og_locale":"sq_AL","og_type":"article","og_title":"KUR P\u00cbR\u00c7AR\u00cbSIT FLASIN P\u00cbR PAJTIM - FjALA e LIR\u00cb - Arkivi","og_description":"As ligjet, as liria, as demokracia nuk mund t\u00eb rikuperohen vet\u00ebm mbi vullnetin e nj\u00ebr\u00ebs pal\u00eb, e cila predimensionimin e vet t\u00eb nevoj\u00ebs e karakterizon mbi rrethana t\u00eb nj\u00eb ngjarjeje, e cila ndofta nuk favorizon interesin dhe d\u00ebshir\u00ebn e vet\u00ebm nj\u00ebr\u00ebs pal\u00eb, por kjo assesi nuk mund t\u00eb procedoi mbi marr\u00ebveshjen e shnd\u00ebrruar n\u00eb ligj, [&hellip;]","og_url":"https:\/\/fjala.info\/2009-2015\/kur-percaresit-flasin-per-pajtim\/","og_site_name":"FjALA e LIR\u00cb - Arkivi","article_published_time":"2010-05-25T15:21:45+00:00","og_image":[{"url":"http:\/\/www.shkoder.net\/images\/fjala\/bekim_rexhepi.jpg","type":"","width":"","height":""}],"author":"admin","twitter_card":"summary_large_image","twitter_misc":{"Written by":"admin","Est. reading time":"6 minutes"},"schema":{"@context":"https:\/\/schema.org","@graph":[{"@type":"Article","@id":"https:\/\/fjala.info\/2009-2015\/kur-percaresit-flasin-per-pajtim\/#article","isPartOf":{"@id":"https:\/\/fjala.info\/2009-2015\/kur-percaresit-flasin-per-pajtim\/"},"author":{"name":"admin","@id":"https:\/\/fjala.info\/2009-2015\/#\/schema\/person\/3aa1163ef05469c496fc94e77611ada2"},"headline":"KUR P\u00cbR\u00c7AR\u00cbSIT FLASIN P\u00cbR PAJTIM","datePublished":"2010-05-25T15:21:45+00:00","mainEntityOfPage":{"@id":"https:\/\/fjala.info\/2009-2015\/kur-percaresit-flasin-per-pajtim\/"},"wordCount":1188,"commentCount":0,"publisher":{"@id":"https:\/\/fjala.info\/2009-2015\/#organization"},"image":{"@id":"https:\/\/fjala.info\/2009-2015\/kur-percaresit-flasin-per-pajtim\/#primaryimage"},"thumbnailUrl":"http:\/\/www.shkoder.net\/images\/fjala\/bekim_rexhepi.jpg","articleSection":["Artikuj"],"inLanguage":"sq-AL","potentialAction":[{"@type":"CommentAction","name":"Comment","target":["https:\/\/fjala.info\/2009-2015\/kur-percaresit-flasin-per-pajtim\/#respond"]}]},{"@type":"WebPage","@id":"https:\/\/fjala.info\/2009-2015\/kur-percaresit-flasin-per-pajtim\/","url":"https:\/\/fjala.info\/2009-2015\/kur-percaresit-flasin-per-pajtim\/","name":"KUR P\u00cbR\u00c7AR\u00cbSIT FLASIN P\u00cbR PAJTIM - FjALA e LIR\u00cb - Arkivi","isPartOf":{"@id":"https:\/\/fjala.info\/2009-2015\/#website"},"primaryImageOfPage":{"@id":"https:\/\/fjala.info\/2009-2015\/kur-percaresit-flasin-per-pajtim\/#primaryimage"},"image":{"@id":"https:\/\/fjala.info\/2009-2015\/kur-percaresit-flasin-per-pajtim\/#primaryimage"},"thumbnailUrl":"http:\/\/www.shkoder.net\/images\/fjala\/bekim_rexhepi.jpg","datePublished":"2010-05-25T15:21:45+00:00","breadcrumb":{"@id":"https:\/\/fjala.info\/2009-2015\/kur-percaresit-flasin-per-pajtim\/#breadcrumb"},"inLanguage":"sq-AL","potentialAction":[{"@type":"ReadAction","target":["https:\/\/fjala.info\/2009-2015\/kur-percaresit-flasin-per-pajtim\/"]}]},{"@type":"ImageObject","inLanguage":"sq-AL","@id":"https:\/\/fjala.info\/2009-2015\/kur-percaresit-flasin-per-pajtim\/#primaryimage","url":"http:\/\/www.shkoder.net\/images\/fjala\/bekim_rexhepi.jpg","contentUrl":"http:\/\/www.shkoder.net\/images\/fjala\/bekim_rexhepi.jpg"},{"@type":"BreadcrumbList","@id":"https:\/\/fjala.info\/2009-2015\/kur-percaresit-flasin-per-pajtim\/#breadcrumb","itemListElement":[{"@type":"ListItem","position":1,"name":"Home","item":"https:\/\/fjala.info\/2009-2015\/"},{"@type":"ListItem","position":2,"name":"KUR P\u00cbR\u00c7AR\u00cbSIT FLASIN P\u00cbR PAJTIM"}]},{"@type":"WebSite","@id":"https:\/\/fjala.info\/2009-2015\/#website","url":"https:\/\/fjala.info\/2009-2015\/","name":"FjALA e LIR\u00cb - Arkivi","description":"Arkivi 2009-2015","publisher":{"@id":"https:\/\/fjala.info\/2009-2015\/#organization"},"potentialAction":[{"@type":"SearchAction","target":{"@type":"EntryPoint","urlTemplate":"https:\/\/fjala.info\/2009-2015\/?s={search_term_string}"},"query-input":{"@type":"PropertyValueSpecification","valueRequired":true,"valueName":"search_term_string"}}],"inLanguage":"sq-AL"},{"@type":"Organization","@id":"https:\/\/fjala.info\/2009-2015\/#organization","name":"FjALA e LIR\u00cb - Arkivi","url":"https:\/\/fjala.info\/2009-2015\/","logo":{"@type":"ImageObject","inLanguage":"sq-AL","@id":"https:\/\/fjala.info\/2009-2015\/#\/schema\/logo\/image\/","url":"","contentUrl":"","caption":"FjALA e LIR\u00cb - Arkivi"},"image":{"@id":"https:\/\/fjala.info\/2009-2015\/#\/schema\/logo\/image\/"}},{"@type":"Person","@id":"https:\/\/fjala.info\/2009-2015\/#\/schema\/person\/3aa1163ef05469c496fc94e77611ada2","name":"admin","image":{"@type":"ImageObject","inLanguage":"sq-AL","@id":"https:\/\/fjala.info\/2009-2015\/wp-content\/uploads\/2012\/02\/arben_cokaj-120x150.jpg","url":"https:\/\/fjala.info\/2009-2015\/wp-content\/uploads\/2012\/02\/arben_cokaj-120x150.jpg","contentUrl":"https:\/\/fjala.info\/2009-2015\/wp-content\/uploads\/2012\/02\/arben_cokaj-120x150.jpg","caption":"admin"},"description":"Admin, Fjala e Lir\u00eb","sameAs":["https:\/\/fjala.info\/"],"url":"https:\/\/fjala.info\/2009-2015\/author\/admin\/"}]}},"_links":{"self":[{"href":"https:\/\/fjala.info\/2009-2015\/wp-json\/wp\/v2\/posts\/2811","targetHints":{"allow":["GET"]}}],"collection":[{"href":"https:\/\/fjala.info\/2009-2015\/wp-json\/wp\/v2\/posts"}],"about":[{"href":"https:\/\/fjala.info\/2009-2015\/wp-json\/wp\/v2\/types\/post"}],"author":[{"embeddable":true,"href":"https:\/\/fjala.info\/2009-2015\/wp-json\/wp\/v2\/users\/1"}],"replies":[{"embeddable":true,"href":"https:\/\/fjala.info\/2009-2015\/wp-json\/wp\/v2\/comments?post=2811"}],"version-history":[{"count":0,"href":"https:\/\/fjala.info\/2009-2015\/wp-json\/wp\/v2\/posts\/2811\/revisions"}],"wp:attachment":[{"href":"https:\/\/fjala.info\/2009-2015\/wp-json\/wp\/v2\/media?parent=2811"}],"wp:term":[{"taxonomy":"category","embeddable":true,"href":"https:\/\/fjala.info\/2009-2015\/wp-json\/wp\/v2\/categories?post=2811"},{"taxonomy":"post_tag","embeddable":true,"href":"https:\/\/fjala.info\/2009-2015\/wp-json\/wp\/v2\/tags?post=2811"}],"curies":[{"name":"wp","href":"https:\/\/api.w.org\/{rel}","templated":true}]}}