{"id":2808,"date":"2010-05-25T16:18:08","date_gmt":"2010-05-25T15:18:08","guid":{"rendered":"http:\/\/fjala.shkoder.net\/?p=2808"},"modified":"2010-05-25T16:18:08","modified_gmt":"2010-05-25T15:18:08","slug":"2808","status":"publish","type":"post","link":"https:\/\/fjala.info\/2009-2015\/2808\/","title":{"rendered":"ZGJEDHJET I PRISH VULLNETI POLITIK"},"content":{"rendered":"<p><img decoding=\"async\" style=\"margin-left: 10px; margin-right: 10px; border: 0px;\" src=\"http:\/\/www.shkoder.net\/images\/fjala\/mustafa_nano.jpg\" border=\"0\" alt=\"Mustafa Nano\" width=\"100\" align=\"left\" \/><\/p>\n<p><strong>Mustafa Nano<\/strong><\/p>\n<p><em>Zululand<\/em><br \/>\nSa her\u00eb q\u00eb hapet diskutimi, se si mund t\u2019i ikim tradit\u00ebs e praktik\u00ebs s\u00eb manipulimit t\u00eb zgjedhjeve, d\u00ebgjohen mes t\u00eb tjerash dy ide, t\u00eb cilat nuk duket se na \u00e7ojn\u00eb n\u00eb drejtimin e duhur. Nj\u00ebra ide thot\u00eb se prishja e zgjedhjeve \u00ebsht\u00eb b\u00ebr\u00eb e mundur nga kodet, q\u00eb ligjv\u00ebn\u00ebsit tan\u00eb kan\u00eb adoptuar her\u00eb pas here. Dhe me k\u00ebt\u00eb ndezin p\u00ebr her\u00eb t\u00eb n-t\u00eb e kot m\u00eb kot debatin mbi sistemin zgjedhor, duke u rrekur t\u00eb fokusohen te modalitetet e votimit, procedurat e num\u00ebrimit, formulat e ndarjes s\u00eb vendeve n\u00eb Parlament etj., etj. \u00cbsht\u00eb nj\u00eb pes\u00eb me hi\u00e7 dhe k\u00ebt\u00eb e them, jo ngaq\u00eb besoj se lloji i kodit t\u00eb preferuar nuk mund t\u00eb luaj\u00eb asnj\u00eb rol n\u00eb katrahurat tona elektorale, por ngaq\u00eb besoj se ky rol \u00ebsht\u00eb minimal.<\/p>\n<p>Ideja tjet\u00ebr e lidh manipulimin e zgjedhjeve me ethosin e shqiptar\u00ebve, t\u00eb cil\u00ebt jan\u00eb politikisht edhe t\u00eb pap\u00ebrgatitur, edhe pasional\u00eb, edhe t\u00eb p\u00ebrdorsh\u00ebm (si mish p\u00ebr top, le t\u00eb themi). Af\u00ebrmendsh, nuk \u00ebsht\u00eb ndonj\u00eb sekret, q\u00eb ne shqiptar\u00ebt jemi t\u00eb past\u00ebrvitur e t\u00eb pam\u00ebsuar p\u00ebr t\u00eb jetuar n\u00eb demokraci. Madje, ne jemi edhe m\u00eb keq se sa kaq: ne kemi ca vese (ne jemi, fjala vjen, mercenar\u00eb e mujshar\u00eb), t\u00eb cilat na e b\u00ebjn\u00eb t\u00eb v\u00ebshtir\u00eb, jo vet\u00ebm nd\u00ebrtimin e nj\u00eb demokracie liberale funksionale, por edhe pranimin e saj si nj\u00eb sistem qeverisjeje. E n\u00eb k\u00ebto rrethana, merret vesh q\u00eb ne nuk mund t\u00eb mos heqim m\u00eb shum\u00eb se ca t\u00eb tjer\u00eb, kur vjen puna q\u00eb duhet t\u00eb hedhim e t\u00eb num\u00ebrojm\u00eb votat, me ndihm\u00ebn e t\u00eb cilave p\u00ebrcaktohen \u201csundimtar\u00ebt\u201d. Por kjo s\u2019do t\u00eb thot\u00eb am\u00e1, se votimet e k\u00ebqija vijn\u00eb t\u00ebr\u00ebsisht prej faktit, q\u00eb qytetar\u00ebt e shtetasit k\u00ebtejpari jan\u00eb t\u00eb k\u00ebqij.<\/p>\n<p>Ku duhet k\u00ebrkuar e keqja, at\u00ebher\u00eb? N\u00eb sindrom\u00ebn e manipulimit t\u00eb zgjedhjeve ka nj\u00eb element t\u00eb tret\u00eb, q\u00eb provokon s\u00ebmundjen m\u00eb shum\u00eb se \u00e7do gj\u00eb tjet\u00ebr; m\u00eb shum\u00eb edhe se dy elementet e m\u00ebsip\u00ebrme. Ky element e ka emrin vullnet politik. N\u00eb momentin q\u00eb vullneti politik fokusohet i t\u00ebri te gara e past\u00ebr dhe e ndershme, faktor\u00ebt e tjer\u00eb (sidozot, Kodi i Zgjedhjeve q\u00eb mund t\u00eb \u201cinkurajoj\u00eb\u201d vjedhjen e votave dhe kultura politike e shqiptar\u00ebve q\u00eb mund t\u00eb \u201clegjitimoj\u00eb\u201d t\u00eb nj\u00ebjt\u00ebn gj\u00eb) nuk jan\u00eb m\u00eb n\u00eb gjendje t\u2019i prishin zgjedhjet.<\/p>\n<p>Votimet e vitit 1991 e 1992 jan\u00eb nj\u00eb prov\u00eb e qart\u00eb e faktit q\u00eb vullneti i mir\u00eb politik \u00ebsht\u00eb garancia m\u00eb e par\u00eb e zgjedhjeve normale. N\u00eb ato mote, edhe pse kodet elektorale ishin t\u00eb improvizuara n\u00eb rrethana emergjente, edhe pse infrastruktura elektorale ishte si mos m\u00eb keq (nja nj\u00ebmij\u00eb her\u00eb m\u00eb e dob\u00ebt se sa kjo e sotmja), edhe pse monitorimi i procesit elektoral dhe i procedurave t\u00eb votimit ishte krejt i pamundur, edhe pse shqiptar\u00ebt ishin krejt analfabet\u00eb n\u00eb l\u00ebm\u00eb t\u00eb politik\u00ebs e t\u00eb demokracis\u00eb, zgjedhjet ishin, megjithat\u00eb, t\u00eb paqortueshme e t\u00eb pakontestuara. Pse? Sepse, p\u00ebr arsye t\u00eb njohura, nuk ekzistonte asnj\u00eb vullnet politik p\u00ebr t\u2019i manipuluar ato.<\/p>\n","protected":false},"excerpt":{"rendered":"<p>Mustafa Nano Zululand Sa her\u00eb q\u00eb hapet diskutimi, se si mund t\u2019i ikim tradit\u00ebs e praktik\u00ebs s\u00eb manipulimit t\u00eb zgjedhjeve, d\u00ebgjohen mes t\u00eb tjerash dy ide, t\u00eb cilat nuk duket se na \u00e7ojn\u00eb n\u00eb drejtimin e duhur. Nj\u00ebra ide thot\u00eb se prishja e zgjedhjeve \u00ebsht\u00eb b\u00ebr\u00eb e mundur nga kodet, q\u00eb ligjv\u00ebn\u00ebsit tan\u00eb kan\u00eb adoptuar [&hellip;]<\/p>\n","protected":false},"author":1,"featured_media":0,"comment_status":"open","ping_status":"closed","sticky":false,"template":"","format":"standard","meta":{"footnotes":""},"categories":[2],"tags":[],"class_list":{"0":"post-2808","1":"post","2":"type-post","3":"status-publish","4":"format-standard","6":"category-artikuj"},"yoast_head":"<!-- This site is optimized with the Yoast SEO plugin v27.4 - https:\/\/yoast.com\/product\/yoast-seo-wordpress\/ -->\n<title>ZGJEDHJET I PRISH VULLNETI POLITIK - FjALA e LIR\u00cb - Arkivi<\/title>\n<meta name=\"robots\" content=\"index, follow, max-snippet:-1, max-image-preview:large, max-video-preview:-1\" \/>\n<link rel=\"canonical\" href=\"https:\/\/fjala.info\/2009-2015\/2808\/\" \/>\n<meta property=\"og:locale\" content=\"sq_AL\" \/>\n<meta property=\"og:type\" content=\"article\" \/>\n<meta property=\"og:title\" content=\"ZGJEDHJET I PRISH VULLNETI POLITIK - FjALA e LIR\u00cb - Arkivi\" \/>\n<meta property=\"og:description\" content=\"Mustafa Nano Zululand Sa her\u00eb q\u00eb hapet diskutimi, se si mund t\u2019i ikim tradit\u00ebs e praktik\u00ebs s\u00eb manipulimit t\u00eb zgjedhjeve, d\u00ebgjohen mes t\u00eb tjerash dy ide, t\u00eb cilat nuk duket se na \u00e7ojn\u00eb n\u00eb drejtimin e duhur. Nj\u00ebra ide thot\u00eb se prishja e zgjedhjeve \u00ebsht\u00eb b\u00ebr\u00eb e mundur nga kodet, q\u00eb ligjv\u00ebn\u00ebsit tan\u00eb kan\u00eb adoptuar [&hellip;]\" \/>\n<meta property=\"og:url\" content=\"https:\/\/fjala.info\/2009-2015\/2808\/\" \/>\n<meta property=\"og:site_name\" content=\"FjALA e LIR\u00cb - Arkivi\" \/>\n<meta property=\"article:published_time\" content=\"2010-05-25T15:18:08+00:00\" \/>\n<meta property=\"og:image\" content=\"http:\/\/www.shkoder.net\/images\/fjala\/mustafa_nano.jpg\" \/>\n<meta name=\"author\" content=\"admin\" \/>\n<meta name=\"twitter:card\" content=\"summary_large_image\" \/>\n<meta name=\"twitter:label1\" content=\"Written by\" \/>\n\t<meta name=\"twitter:data1\" content=\"admin\" \/>\n\t<meta name=\"twitter:label2\" content=\"Est. reading time\" \/>\n\t<meta name=\"twitter:data2\" content=\"3 minutes\" \/>\n<script type=\"application\/ld+json\" class=\"yoast-schema-graph\">{\"@context\":\"https:\\\/\\\/schema.org\",\"@graph\":[{\"@type\":\"Article\",\"@id\":\"https:\\\/\\\/fjala.info\\\/2009-2015\\\/2808\\\/#article\",\"isPartOf\":{\"@id\":\"https:\\\/\\\/fjala.info\\\/2009-2015\\\/2808\\\/\"},\"author\":{\"name\":\"admin\",\"@id\":\"https:\\\/\\\/fjala.info\\\/2009-2015\\\/#\\\/schema\\\/person\\\/3aa1163ef05469c496fc94e77611ada2\"},\"headline\":\"ZGJEDHJET I PRISH VULLNETI POLITIK\",\"datePublished\":\"2010-05-25T15:18:08+00:00\",\"mainEntityOfPage\":{\"@id\":\"https:\\\/\\\/fjala.info\\\/2009-2015\\\/2808\\\/\"},\"wordCount\":548,\"commentCount\":0,\"publisher\":{\"@id\":\"https:\\\/\\\/fjala.info\\\/2009-2015\\\/#organization\"},\"image\":{\"@id\":\"https:\\\/\\\/fjala.info\\\/2009-2015\\\/2808\\\/#primaryimage\"},\"thumbnailUrl\":\"http:\\\/\\\/www.shkoder.net\\\/images\\\/fjala\\\/mustafa_nano.jpg\",\"articleSection\":[\"Artikuj\"],\"inLanguage\":\"sq-AL\",\"potentialAction\":[{\"@type\":\"CommentAction\",\"name\":\"Comment\",\"target\":[\"https:\\\/\\\/fjala.info\\\/2009-2015\\\/2808\\\/#respond\"]}]},{\"@type\":\"WebPage\",\"@id\":\"https:\\\/\\\/fjala.info\\\/2009-2015\\\/2808\\\/\",\"url\":\"https:\\\/\\\/fjala.info\\\/2009-2015\\\/2808\\\/\",\"name\":\"ZGJEDHJET I PRISH VULLNETI POLITIK - FjALA e LIR\u00cb - Arkivi\",\"isPartOf\":{\"@id\":\"https:\\\/\\\/fjala.info\\\/2009-2015\\\/#website\"},\"primaryImageOfPage\":{\"@id\":\"https:\\\/\\\/fjala.info\\\/2009-2015\\\/2808\\\/#primaryimage\"},\"image\":{\"@id\":\"https:\\\/\\\/fjala.info\\\/2009-2015\\\/2808\\\/#primaryimage\"},\"thumbnailUrl\":\"http:\\\/\\\/www.shkoder.net\\\/images\\\/fjala\\\/mustafa_nano.jpg\",\"datePublished\":\"2010-05-25T15:18:08+00:00\",\"breadcrumb\":{\"@id\":\"https:\\\/\\\/fjala.info\\\/2009-2015\\\/2808\\\/#breadcrumb\"},\"inLanguage\":\"sq-AL\",\"potentialAction\":[{\"@type\":\"ReadAction\",\"target\":[\"https:\\\/\\\/fjala.info\\\/2009-2015\\\/2808\\\/\"]}]},{\"@type\":\"ImageObject\",\"inLanguage\":\"sq-AL\",\"@id\":\"https:\\\/\\\/fjala.info\\\/2009-2015\\\/2808\\\/#primaryimage\",\"url\":\"http:\\\/\\\/www.shkoder.net\\\/images\\\/fjala\\\/mustafa_nano.jpg\",\"contentUrl\":\"http:\\\/\\\/www.shkoder.net\\\/images\\\/fjala\\\/mustafa_nano.jpg\"},{\"@type\":\"BreadcrumbList\",\"@id\":\"https:\\\/\\\/fjala.info\\\/2009-2015\\\/2808\\\/#breadcrumb\",\"itemListElement\":[{\"@type\":\"ListItem\",\"position\":1,\"name\":\"Home\",\"item\":\"https:\\\/\\\/fjala.info\\\/2009-2015\\\/\"},{\"@type\":\"ListItem\",\"position\":2,\"name\":\"ZGJEDHJET I PRISH VULLNETI POLITIK\"}]},{\"@type\":\"WebSite\",\"@id\":\"https:\\\/\\\/fjala.info\\\/2009-2015\\\/#website\",\"url\":\"https:\\\/\\\/fjala.info\\\/2009-2015\\\/\",\"name\":\"FjALA e LIR\u00cb - Arkivi\",\"description\":\"Arkivi 2009-2015\",\"publisher\":{\"@id\":\"https:\\\/\\\/fjala.info\\\/2009-2015\\\/#organization\"},\"potentialAction\":[{\"@type\":\"SearchAction\",\"target\":{\"@type\":\"EntryPoint\",\"urlTemplate\":\"https:\\\/\\\/fjala.info\\\/2009-2015\\\/?s={search_term_string}\"},\"query-input\":{\"@type\":\"PropertyValueSpecification\",\"valueRequired\":true,\"valueName\":\"search_term_string\"}}],\"inLanguage\":\"sq-AL\"},{\"@type\":\"Organization\",\"@id\":\"https:\\\/\\\/fjala.info\\\/2009-2015\\\/#organization\",\"name\":\"FjALA e LIR\u00cb - Arkivi\",\"url\":\"https:\\\/\\\/fjala.info\\\/2009-2015\\\/\",\"logo\":{\"@type\":\"ImageObject\",\"inLanguage\":\"sq-AL\",\"@id\":\"https:\\\/\\\/fjala.info\\\/2009-2015\\\/#\\\/schema\\\/logo\\\/image\\\/\",\"url\":\"\",\"contentUrl\":\"\",\"caption\":\"FjALA e LIR\u00cb - Arkivi\"},\"image\":{\"@id\":\"https:\\\/\\\/fjala.info\\\/2009-2015\\\/#\\\/schema\\\/logo\\\/image\\\/\"}},{\"@type\":\"Person\",\"@id\":\"https:\\\/\\\/fjala.info\\\/2009-2015\\\/#\\\/schema\\\/person\\\/3aa1163ef05469c496fc94e77611ada2\",\"name\":\"admin\",\"image\":{\"@type\":\"ImageObject\",\"inLanguage\":\"sq-AL\",\"@id\":\"https:\\\/\\\/fjala.info\\\/2009-2015\\\/wp-content\\\/uploads\\\/2012\\\/02\\\/arben_cokaj-120x150.jpg\",\"url\":\"https:\\\/\\\/fjala.info\\\/2009-2015\\\/wp-content\\\/uploads\\\/2012\\\/02\\\/arben_cokaj-120x150.jpg\",\"contentUrl\":\"https:\\\/\\\/fjala.info\\\/2009-2015\\\/wp-content\\\/uploads\\\/2012\\\/02\\\/arben_cokaj-120x150.jpg\",\"caption\":\"admin\"},\"description\":\"Admin, Fjala e Lir\u00eb\",\"sameAs\":[\"https:\\\/\\\/fjala.info\\\/\"],\"url\":\"https:\\\/\\\/fjala.info\\\/2009-2015\\\/author\\\/admin\\\/\"}]}<\/script>\n<!-- \/ Yoast SEO plugin. -->","yoast_head_json":{"title":"ZGJEDHJET I PRISH VULLNETI POLITIK - FjALA e LIR\u00cb - Arkivi","robots":{"index":"index","follow":"follow","max-snippet":"max-snippet:-1","max-image-preview":"max-image-preview:large","max-video-preview":"max-video-preview:-1"},"canonical":"https:\/\/fjala.info\/2009-2015\/2808\/","og_locale":"sq_AL","og_type":"article","og_title":"ZGJEDHJET I PRISH VULLNETI POLITIK - FjALA e LIR\u00cb - Arkivi","og_description":"Mustafa Nano Zululand Sa her\u00eb q\u00eb hapet diskutimi, se si mund t\u2019i ikim tradit\u00ebs e praktik\u00ebs s\u00eb manipulimit t\u00eb zgjedhjeve, d\u00ebgjohen mes t\u00eb tjerash dy ide, t\u00eb cilat nuk duket se na \u00e7ojn\u00eb n\u00eb drejtimin e duhur. Nj\u00ebra ide thot\u00eb se prishja e zgjedhjeve \u00ebsht\u00eb b\u00ebr\u00eb e mundur nga kodet, q\u00eb ligjv\u00ebn\u00ebsit tan\u00eb kan\u00eb adoptuar [&hellip;]","og_url":"https:\/\/fjala.info\/2009-2015\/2808\/","og_site_name":"FjALA e LIR\u00cb - Arkivi","article_published_time":"2010-05-25T15:18:08+00:00","og_image":[{"url":"http:\/\/www.shkoder.net\/images\/fjala\/mustafa_nano.jpg","type":"","width":"","height":""}],"author":"admin","twitter_card":"summary_large_image","twitter_misc":{"Written by":"admin","Est. reading time":"3 minutes"},"schema":{"@context":"https:\/\/schema.org","@graph":[{"@type":"Article","@id":"https:\/\/fjala.info\/2009-2015\/2808\/#article","isPartOf":{"@id":"https:\/\/fjala.info\/2009-2015\/2808\/"},"author":{"name":"admin","@id":"https:\/\/fjala.info\/2009-2015\/#\/schema\/person\/3aa1163ef05469c496fc94e77611ada2"},"headline":"ZGJEDHJET I PRISH VULLNETI POLITIK","datePublished":"2010-05-25T15:18:08+00:00","mainEntityOfPage":{"@id":"https:\/\/fjala.info\/2009-2015\/2808\/"},"wordCount":548,"commentCount":0,"publisher":{"@id":"https:\/\/fjala.info\/2009-2015\/#organization"},"image":{"@id":"https:\/\/fjala.info\/2009-2015\/2808\/#primaryimage"},"thumbnailUrl":"http:\/\/www.shkoder.net\/images\/fjala\/mustafa_nano.jpg","articleSection":["Artikuj"],"inLanguage":"sq-AL","potentialAction":[{"@type":"CommentAction","name":"Comment","target":["https:\/\/fjala.info\/2009-2015\/2808\/#respond"]}]},{"@type":"WebPage","@id":"https:\/\/fjala.info\/2009-2015\/2808\/","url":"https:\/\/fjala.info\/2009-2015\/2808\/","name":"ZGJEDHJET I PRISH VULLNETI POLITIK - FjALA e LIR\u00cb - Arkivi","isPartOf":{"@id":"https:\/\/fjala.info\/2009-2015\/#website"},"primaryImageOfPage":{"@id":"https:\/\/fjala.info\/2009-2015\/2808\/#primaryimage"},"image":{"@id":"https:\/\/fjala.info\/2009-2015\/2808\/#primaryimage"},"thumbnailUrl":"http:\/\/www.shkoder.net\/images\/fjala\/mustafa_nano.jpg","datePublished":"2010-05-25T15:18:08+00:00","breadcrumb":{"@id":"https:\/\/fjala.info\/2009-2015\/2808\/#breadcrumb"},"inLanguage":"sq-AL","potentialAction":[{"@type":"ReadAction","target":["https:\/\/fjala.info\/2009-2015\/2808\/"]}]},{"@type":"ImageObject","inLanguage":"sq-AL","@id":"https:\/\/fjala.info\/2009-2015\/2808\/#primaryimage","url":"http:\/\/www.shkoder.net\/images\/fjala\/mustafa_nano.jpg","contentUrl":"http:\/\/www.shkoder.net\/images\/fjala\/mustafa_nano.jpg"},{"@type":"BreadcrumbList","@id":"https:\/\/fjala.info\/2009-2015\/2808\/#breadcrumb","itemListElement":[{"@type":"ListItem","position":1,"name":"Home","item":"https:\/\/fjala.info\/2009-2015\/"},{"@type":"ListItem","position":2,"name":"ZGJEDHJET I PRISH VULLNETI POLITIK"}]},{"@type":"WebSite","@id":"https:\/\/fjala.info\/2009-2015\/#website","url":"https:\/\/fjala.info\/2009-2015\/","name":"FjALA e LIR\u00cb - Arkivi","description":"Arkivi 2009-2015","publisher":{"@id":"https:\/\/fjala.info\/2009-2015\/#organization"},"potentialAction":[{"@type":"SearchAction","target":{"@type":"EntryPoint","urlTemplate":"https:\/\/fjala.info\/2009-2015\/?s={search_term_string}"},"query-input":{"@type":"PropertyValueSpecification","valueRequired":true,"valueName":"search_term_string"}}],"inLanguage":"sq-AL"},{"@type":"Organization","@id":"https:\/\/fjala.info\/2009-2015\/#organization","name":"FjALA e LIR\u00cb - Arkivi","url":"https:\/\/fjala.info\/2009-2015\/","logo":{"@type":"ImageObject","inLanguage":"sq-AL","@id":"https:\/\/fjala.info\/2009-2015\/#\/schema\/logo\/image\/","url":"","contentUrl":"","caption":"FjALA e LIR\u00cb - Arkivi"},"image":{"@id":"https:\/\/fjala.info\/2009-2015\/#\/schema\/logo\/image\/"}},{"@type":"Person","@id":"https:\/\/fjala.info\/2009-2015\/#\/schema\/person\/3aa1163ef05469c496fc94e77611ada2","name":"admin","image":{"@type":"ImageObject","inLanguage":"sq-AL","@id":"https:\/\/fjala.info\/2009-2015\/wp-content\/uploads\/2012\/02\/arben_cokaj-120x150.jpg","url":"https:\/\/fjala.info\/2009-2015\/wp-content\/uploads\/2012\/02\/arben_cokaj-120x150.jpg","contentUrl":"https:\/\/fjala.info\/2009-2015\/wp-content\/uploads\/2012\/02\/arben_cokaj-120x150.jpg","caption":"admin"},"description":"Admin, Fjala e Lir\u00eb","sameAs":["https:\/\/fjala.info\/"],"url":"https:\/\/fjala.info\/2009-2015\/author\/admin\/"}]}},"_links":{"self":[{"href":"https:\/\/fjala.info\/2009-2015\/wp-json\/wp\/v2\/posts\/2808","targetHints":{"allow":["GET"]}}],"collection":[{"href":"https:\/\/fjala.info\/2009-2015\/wp-json\/wp\/v2\/posts"}],"about":[{"href":"https:\/\/fjala.info\/2009-2015\/wp-json\/wp\/v2\/types\/post"}],"author":[{"embeddable":true,"href":"https:\/\/fjala.info\/2009-2015\/wp-json\/wp\/v2\/users\/1"}],"replies":[{"embeddable":true,"href":"https:\/\/fjala.info\/2009-2015\/wp-json\/wp\/v2\/comments?post=2808"}],"version-history":[{"count":0,"href":"https:\/\/fjala.info\/2009-2015\/wp-json\/wp\/v2\/posts\/2808\/revisions"}],"wp:attachment":[{"href":"https:\/\/fjala.info\/2009-2015\/wp-json\/wp\/v2\/media?parent=2808"}],"wp:term":[{"taxonomy":"category","embeddable":true,"href":"https:\/\/fjala.info\/2009-2015\/wp-json\/wp\/v2\/categories?post=2808"},{"taxonomy":"post_tag","embeddable":true,"href":"https:\/\/fjala.info\/2009-2015\/wp-json\/wp\/v2\/tags?post=2808"}],"curies":[{"name":"wp","href":"https:\/\/api.w.org\/{rel}","templated":true}]}}