{"id":2805,"date":"2010-05-25T16:16:12","date_gmt":"2010-05-25T15:16:12","guid":{"rendered":"http:\/\/fjala.shkoder.net\/?p=2805"},"modified":"2010-05-25T16:16:12","modified_gmt":"2010-05-25T15:16:12","slug":"gjyqesori-lakuriq","status":"publish","type":"post","link":"https:\/\/fjala.info\/2009-2015\/gjyqesori-lakuriq\/","title":{"rendered":"Gjyq\u00ebsori lakuriq"},"content":{"rendered":"<p><strong>Mimoza Dervishi<\/strong><\/p>\n<p>T\u00eb thuash sot, q\u00eb sistemi shqiptar i drejt\u00ebsis\u00eb \u00ebsht\u00eb i korruptuar, nuk \u00ebsht\u00eb m\u00eb lajm. Nuk ka raport apo sondazh nd\u00ebrkomb\u00ebtar q\u00eb t\u00eb mos i kushtoj\u00eb pjes\u00ebn m\u00eb t\u00eb madhe pik\u00ebrisht korrupsionit t\u00eb k\u00ebtij sistemi, me shpres\u00ebn se do kuptohet nj\u00eb dit\u00eb, q\u00eb demokracia funksionon, vet\u00ebm n\u00ebse ligjet zbatohen. \u2028N\u00eb fakt, sot do ishte lajm sikur n\u00ebna e kryetarit t\u00eb opozit\u00ebs, t\u00eb kishte fituar gjyqin ndaj Kryeministrit t\u00eb Shqip\u00ebris\u00eb.<\/p>\n<p>Nuk ndodhi, dhe as vet\u00eb Aneta Rama nuk priste q\u00eb gjyqtarja e \u00e7\u00ebshtjes, q\u00eb \u00ebsht\u00eb n\u00ebn ethet e garantimit t\u00eb mandatit t\u00eb tret\u00eb t\u00eb burrit t\u00eb saj si guvernator i Bank\u00ebs s\u00eb Shqip\u00ebris\u00eb, t\u00eb ket\u00eb integritetin e duhur, aq sa t\u00eb gjykoj\u00eb dhe guxoj\u00eb t\u00eb jap\u00eb vendime t\u00eb drejta. \u00c7\u00ebshtja u pushua me arsyetimin qesharak t\u00eb munges\u00ebs s\u00eb provave. Nuk ka dyshim q\u00eb akti i sh\u00ebmtuar i Gjykat\u00ebs s\u00eb Tiran\u00ebs, \u00ebsht\u00eb dhe nj\u00eb nga aktet e fundit t\u00eb Berish\u00ebs p\u00ebr t\u00eb treguar ende dh\u00ebmb\u00ebt.<\/p>\n<p>I frustruar nga darka e hidhur e Strasburgut, ku p\u00ebr or\u00eb t\u00eb t\u00ebra, zyrtar\u00ebt e lart\u00eb t\u00eb Europ\u00ebs i treguan vendin dhe i vun\u00eb para ultimatumit, Kryeministri i Shqip\u00ebris\u00eb, pasi ka humbur betej\u00ebn e tij me opozit\u00ebn, pasi ka pranuar t\u00eb b\u00ebj\u00eb ato q\u00eb p\u00ebr dhjet\u00eb muaj p\u00ebrbetohej q\u00eb s&#8217;do t\u2019i b\u00ebnte kurr\u00eb, k\u00ebrkon t\u00eb p\u00ebrk\u00ebdhel\u00eb veten me &#8220;fitore&#8221; t\u00eb vogla, si\u00e7 mund t\u2019i duket kjo \u00e7\u00ebshtje ndaj n\u00ebn\u00ebs s\u00eb kryetarit t\u00eb opozit\u00ebs. N\u00eb fakt, ve\u00e7se ka sh\u00ebnuar turpin e radh\u00ebs p\u00ebr veten dhe njoll\u00ebn e re t\u00eb turpit p\u00ebr sistemin e drejt\u00ebsis\u00eb t\u00ebr\u00ebsisht n\u00eb thundr\u00ebn e tij, si nj\u00eb leck\u00eb me t\u00eb cil\u00ebn ai sot fshin k\u00ebpuc\u00ebt.<\/p>\n<p>Aneta Rama e ka fituar moralisht betej\u00ebn me Kryeministrin e Shqip\u00ebris\u00eb, qoft\u00eb dhe duke provuar mjerimin dhe rr\u00ebnimin e drejt\u00ebsis\u00eb shqiptare. Ajo \u00ebsht\u00eb e fituar n\u00eb aspektin human dhe qytetar, si n\u00ebna krenare e nj\u00eb njeriu q\u00eb tentoi dhe fitoi betej\u00ebn e qytetaris\u00eb me nj\u00eb njeri q\u00eb kur i \u00ebsht\u00eb dashur t\u00eb l\u00ebr\u00eb pushtetin her\u00ebn e par\u00eb, e ka t\u00ebrhequr zvarr\u00eb Shqip\u00ebrin\u00eb duke veshur me t\u00eb zeza mij\u00ebra n\u00ebna shqiptare.<\/p>\n<p>Opozita shqiptare e dit\u00ebve t\u00eb sotme, q\u00eb udh\u00ebhiqet nga djali q\u00eb rriti dhe edukoi kjo n\u00ebn\u00eb, proteston me qytetarin\u00eb shembullore t\u00eb Europ\u00ebs dhe po provon q\u00eb kontrasti me t\u00eb keqen n\u00eb pushtet, b\u00ebhet m\u00eb mir\u00eb kur je qytetar, sesa shpellar. \u00cbsht\u00eb nj\u00eb betej\u00eb e qytetaris\u00eb. \u2028P\u00ebr k\u00ebt\u00eb nuk ka pik\u00eb dyshimi tashm\u00eb. Jan\u00eb ende t\u00eb fresk\u00ebta 20 dit\u00ebt e grev\u00ebs s\u00eb uris\u00eb dhe ndarja si me thik\u00eb e grave dinjitoze t\u00eb grev\u00ebs dhe deputet\u00ebve t\u00eb Partis\u00eb Demokratike q\u00eb nuk ngurronin t\u00eb flisnin me fjalorin e rrug\u00ebs. \u2028<\/p>\n<p>Por t\u00eb gjith\u00eb e kujtojm\u00eb histerizmin e asaj nate t\u00eb err\u00ebt parlamentare t\u00eb pas 20 n\u00ebntorit, kur nga goja e Kryeministrit dhe m\u00eb pas gjith\u00eb t\u00eb tjer\u00ebve q\u00eb i b\u00ebnin eco, nuk mbeti m\u00eb gj\u00eb pa dal\u00eb, dhe kur nj\u00eb grup i t\u00ebr\u00eb parlamentar u shnd\u00ebrrua si vet\u00ebm Berisha di t\u00eb t\u00eb shnd\u00ebrroj\u00eb, n\u00eb p\u00ebrfaq\u00ebsues dinjitoz t\u00eb ordinerizmit t\u00eb p\u00ebrdal\u00eb. T\u00eb gjith\u00eb gjithashtu kujtojm\u00eb, se kur padit\u00eb u rreshtuan kund\u00ebr Kryeministrit, shqiptar\u00ebt ishin n\u00eb nj\u00eb mendje se k\u00ebto \u00e7\u00ebshtje teknikisht ishin t\u00eb humbura, p\u00ebr sa koh\u00eb gjyq\u00ebsori \u00ebsht\u00eb thjesht nj\u00eb marionet\u00eb n\u00eb duart e Berish\u00ebs.<\/p>\n<p>Por n\u00eb nj\u00eb bot\u00eb t\u00eb qytet\u00ebruar, secili duhet t\u00eb b\u00ebj\u00eb detyr\u00ebn dhe pjes\u00ebn e tij. N\u00eb nj\u00eb bot\u00eb q\u00eb tenton qytet\u00ebrimin, aq m\u00eb shum\u00eb \u00ebsht\u00eb detyr\u00eb e secilit t\u00eb pakt\u00ebn t\u00eb provoj\u00eb t\u00eb b\u00ebj\u00eb detyr\u00ebn e tij. K\u00ebt\u00eb b\u00ebri Aneta Rama, u p\u00ebrpoq t\u00eb jap\u00eb shembullin se respekton shtetin ligjor, pavar\u00ebsisht besimit q\u00eb ka tek ai sot.<br \/>\nNuk ka r\u00ebnd\u00ebsi se cili gjyqtar dha vendimin p\u00ebr t\u00eb pushuar \u00e7\u00ebshtjen n\u00eb fjal\u00eb, dhe as t\u00eb analizojm\u00eb pse gjyqtar\u00ebt e l\u00ebshojn\u00eb kaq shum\u00eb veten dhe b\u00ebhen kaq qesharak\u00eb.<\/p>\n<p>As q\u00eb ia vlen t\u00eb analizosh sentenc\u00ebn, q\u00eb p\u00ebr k\u00ebt\u00eb \u00e7\u00ebshtje nuk ka prova, kur ato jan\u00eb me z\u00eb dhe figur\u00eb dhe kan\u00eb p\u00ebr d\u00ebshmitar\u00eb miliona shqiptar\u00eb. Aq m\u00eb pak do ishte humbje kohe t\u00eb gjykosh se a p\u00ebrb\u00ebn prov\u00eb apo jo, kur dikush e sidomos Kryeministri i nj\u00eb vendi, i &#8220;hyn&#8221; n\u00eb sht\u00ebpi oponentit t\u00eb tij dhe shpik e sajon histori q\u00eb t\u00eb b\u00ebjn\u00eb t\u00eb skuqesh. Por ia vlen t\u00eb ndalesh tek integriteti i munguar i gjyq\u00ebsorit shqiptar, q\u00eb po keqedukon dhe instalon munges\u00ebn e integritetit t\u00eb gjith\u00eb shoq\u00ebris\u00eb.<\/p>\n<p>Pushimi i \u00e7\u00ebshtjes s\u00eb Aneta Ram\u00ebs kund\u00ebr Sali Berish\u00ebs, \u00ebsht\u00eb nj\u00eb goditje e r\u00ebnd\u00eb p\u00ebr \u00e7do qytetar q\u00eb mendon se e drejta dhe privat\u00ebsia e tij nuk mund t\u00eb preken dhe se Kushtetuta e Shqip\u00ebris\u00eb ia garanton k\u00ebt\u00eb t\u00eb drejt\u00eb. Ashtu sikur Berisha i jep zem\u00ebr me fjalorin e tij t\u00eb eg\u00ebr gjith\u00eb atij kontingjenti ordiner q\u00eb ekziston kudo n\u00eb nj\u00eb shoq\u00ebri ende n\u00eb tranzicion, ashtu dhe sot ai po tregon se korrupsioni i pushtetit vendos ligjin dhe jo ligji vendos drejt\u00ebsin\u00eb. Sot pushteti gjyq\u00ebsor u zhvesh n\u00eb syt\u00eb e n\u00ebn\u00ebs s\u00eb kryetarit t\u00eb opozit\u00ebs, duke u treguar shqiptar\u00ebve, se jetojm\u00eb n\u00eb koh\u00ebn e antivlerave dhe lufta \u00ebsht\u00eb m\u00eb eg\u00ebr se kurr\u00eb.<\/p>\n<p>Kur nj\u00eb \u00e7\u00ebshtje kaq publike me d\u00ebshmitar\u00eb gjith\u00eb bot\u00ebn, nuk llogaritet si \u00e7\u00ebshtje, mendoni p\u00ebr nj\u00eb \u00e7ast se \u00e7far\u00eb mesazhi i shkon nj\u00eb qytetari t\u00eb thjesht\u00eb p\u00ebr t\u00eb pretenduar t\u00eb fitoj\u00eb nj\u00eb gjyq me shtetin, apo qoft\u00eb dhe p\u00ebr t\u2019u d\u00ebgjuar t\u00eb pakt\u00ebn diku. \u00cbsht\u00eb fakt sot q\u00eb shum\u00eb qytetar\u00eb e k\u00ebrkojn\u00eb dhe fitojn\u00eb t\u00eb drejt\u00ebn e tyre n\u00eb Strasburg, duke njollosur gjykatat shqiptare q\u00eb nuk dihet pse ekzistojn\u00eb. Sot me \u00e7\u00ebshtjen e pushuar t\u00eb Aneta Ram\u00ebs, thjesht kemi n\u00eb dor\u00eb nj\u00eb prov\u00eb m\u00eb shum\u00eb t\u00eb nj\u00eb sistemi t\u00eb t\u00ebr\u00eb q\u00eb nuk funksionon, t\u00eb nj\u00eb sistemi qeveris\u00ebs n\u00eb kriz\u00eb.<\/p>\n","protected":false},"excerpt":{"rendered":"<p>Mimoza Dervishi T\u00eb thuash sot, q\u00eb sistemi shqiptar i drejt\u00ebsis\u00eb \u00ebsht\u00eb i korruptuar, nuk \u00ebsht\u00eb m\u00eb lajm. Nuk ka raport apo sondazh nd\u00ebrkomb\u00ebtar q\u00eb t\u00eb mos i kushtoj\u00eb pjes\u00ebn m\u00eb t\u00eb madhe pik\u00ebrisht korrupsionit t\u00eb k\u00ebtij sistemi, me shpres\u00ebn se do kuptohet nj\u00eb dit\u00eb, q\u00eb demokracia funksionon, vet\u00ebm n\u00ebse ligjet zbatohen. \u2028N\u00eb fakt, sot do [&hellip;]<\/p>\n","protected":false},"author":1,"featured_media":0,"comment_status":"open","ping_status":"closed","sticky":false,"template":"","format":"standard","meta":{"footnotes":""},"categories":[2],"tags":[],"class_list":{"0":"post-2805","1":"post","2":"type-post","3":"status-publish","4":"format-standard","6":"category-artikuj"},"yoast_head":"<!-- This site is optimized with the Yoast SEO plugin v27.4 - https:\/\/yoast.com\/product\/yoast-seo-wordpress\/ -->\n<title>Gjyq\u00ebsori lakuriq - FjALA e LIR\u00cb - Arkivi<\/title>\n<meta name=\"robots\" content=\"index, follow, max-snippet:-1, max-image-preview:large, max-video-preview:-1\" \/>\n<link rel=\"canonical\" href=\"https:\/\/fjala.info\/2009-2015\/gjyqesori-lakuriq\/\" \/>\n<meta property=\"og:locale\" content=\"sq_AL\" \/>\n<meta property=\"og:type\" content=\"article\" \/>\n<meta property=\"og:title\" content=\"Gjyq\u00ebsori lakuriq - FjALA e LIR\u00cb - Arkivi\" \/>\n<meta property=\"og:description\" content=\"Mimoza Dervishi T\u00eb thuash sot, q\u00eb sistemi shqiptar i drejt\u00ebsis\u00eb \u00ebsht\u00eb i korruptuar, nuk \u00ebsht\u00eb m\u00eb lajm. Nuk ka raport apo sondazh nd\u00ebrkomb\u00ebtar q\u00eb t\u00eb mos i kushtoj\u00eb pjes\u00ebn m\u00eb t\u00eb madhe pik\u00ebrisht korrupsionit t\u00eb k\u00ebtij sistemi, me shpres\u00ebn se do kuptohet nj\u00eb dit\u00eb, q\u00eb demokracia funksionon, vet\u00ebm n\u00ebse ligjet zbatohen. \u2028N\u00eb fakt, sot do [&hellip;]\" \/>\n<meta property=\"og:url\" content=\"https:\/\/fjala.info\/2009-2015\/gjyqesori-lakuriq\/\" \/>\n<meta property=\"og:site_name\" content=\"FjALA e LIR\u00cb - Arkivi\" \/>\n<meta property=\"article:published_time\" content=\"2010-05-25T15:16:12+00:00\" \/>\n<meta name=\"author\" content=\"admin\" \/>\n<meta name=\"twitter:card\" content=\"summary_large_image\" \/>\n<meta name=\"twitter:label1\" content=\"Written by\" \/>\n\t<meta name=\"twitter:data1\" content=\"admin\" \/>\n\t<meta name=\"twitter:label2\" content=\"Est. reading time\" \/>\n\t<meta name=\"twitter:data2\" content=\"5 minutes\" \/>\n<script type=\"application\/ld+json\" class=\"yoast-schema-graph\">{\"@context\":\"https:\\\/\\\/schema.org\",\"@graph\":[{\"@type\":\"Article\",\"@id\":\"https:\\\/\\\/fjala.info\\\/2009-2015\\\/gjyqesori-lakuriq\\\/#article\",\"isPartOf\":{\"@id\":\"https:\\\/\\\/fjala.info\\\/2009-2015\\\/gjyqesori-lakuriq\\\/\"},\"author\":{\"name\":\"admin\",\"@id\":\"https:\\\/\\\/fjala.info\\\/2009-2015\\\/#\\\/schema\\\/person\\\/3aa1163ef05469c496fc94e77611ada2\"},\"headline\":\"Gjyq\u00ebsori lakuriq\",\"datePublished\":\"2010-05-25T15:16:12+00:00\",\"mainEntityOfPage\":{\"@id\":\"https:\\\/\\\/fjala.info\\\/2009-2015\\\/gjyqesori-lakuriq\\\/\"},\"wordCount\":1062,\"commentCount\":0,\"publisher\":{\"@id\":\"https:\\\/\\\/fjala.info\\\/2009-2015\\\/#organization\"},\"articleSection\":[\"Artikuj\"],\"inLanguage\":\"sq-AL\",\"potentialAction\":[{\"@type\":\"CommentAction\",\"name\":\"Comment\",\"target\":[\"https:\\\/\\\/fjala.info\\\/2009-2015\\\/gjyqesori-lakuriq\\\/#respond\"]}]},{\"@type\":\"WebPage\",\"@id\":\"https:\\\/\\\/fjala.info\\\/2009-2015\\\/gjyqesori-lakuriq\\\/\",\"url\":\"https:\\\/\\\/fjala.info\\\/2009-2015\\\/gjyqesori-lakuriq\\\/\",\"name\":\"Gjyq\u00ebsori lakuriq - FjALA e LIR\u00cb - Arkivi\",\"isPartOf\":{\"@id\":\"https:\\\/\\\/fjala.info\\\/2009-2015\\\/#website\"},\"datePublished\":\"2010-05-25T15:16:12+00:00\",\"breadcrumb\":{\"@id\":\"https:\\\/\\\/fjala.info\\\/2009-2015\\\/gjyqesori-lakuriq\\\/#breadcrumb\"},\"inLanguage\":\"sq-AL\",\"potentialAction\":[{\"@type\":\"ReadAction\",\"target\":[\"https:\\\/\\\/fjala.info\\\/2009-2015\\\/gjyqesori-lakuriq\\\/\"]}]},{\"@type\":\"BreadcrumbList\",\"@id\":\"https:\\\/\\\/fjala.info\\\/2009-2015\\\/gjyqesori-lakuriq\\\/#breadcrumb\",\"itemListElement\":[{\"@type\":\"ListItem\",\"position\":1,\"name\":\"Home\",\"item\":\"https:\\\/\\\/fjala.info\\\/2009-2015\\\/\"},{\"@type\":\"ListItem\",\"position\":2,\"name\":\"Gjyq\u00ebsori lakuriq\"}]},{\"@type\":\"WebSite\",\"@id\":\"https:\\\/\\\/fjala.info\\\/2009-2015\\\/#website\",\"url\":\"https:\\\/\\\/fjala.info\\\/2009-2015\\\/\",\"name\":\"FjALA e LIR\u00cb - Arkivi\",\"description\":\"Arkivi 2009-2015\",\"publisher\":{\"@id\":\"https:\\\/\\\/fjala.info\\\/2009-2015\\\/#organization\"},\"potentialAction\":[{\"@type\":\"SearchAction\",\"target\":{\"@type\":\"EntryPoint\",\"urlTemplate\":\"https:\\\/\\\/fjala.info\\\/2009-2015\\\/?s={search_term_string}\"},\"query-input\":{\"@type\":\"PropertyValueSpecification\",\"valueRequired\":true,\"valueName\":\"search_term_string\"}}],\"inLanguage\":\"sq-AL\"},{\"@type\":\"Organization\",\"@id\":\"https:\\\/\\\/fjala.info\\\/2009-2015\\\/#organization\",\"name\":\"FjALA e LIR\u00cb - Arkivi\",\"url\":\"https:\\\/\\\/fjala.info\\\/2009-2015\\\/\",\"logo\":{\"@type\":\"ImageObject\",\"inLanguage\":\"sq-AL\",\"@id\":\"https:\\\/\\\/fjala.info\\\/2009-2015\\\/#\\\/schema\\\/logo\\\/image\\\/\",\"url\":\"\",\"contentUrl\":\"\",\"caption\":\"FjALA e LIR\u00cb - Arkivi\"},\"image\":{\"@id\":\"https:\\\/\\\/fjala.info\\\/2009-2015\\\/#\\\/schema\\\/logo\\\/image\\\/\"}},{\"@type\":\"Person\",\"@id\":\"https:\\\/\\\/fjala.info\\\/2009-2015\\\/#\\\/schema\\\/person\\\/3aa1163ef05469c496fc94e77611ada2\",\"name\":\"admin\",\"image\":{\"@type\":\"ImageObject\",\"inLanguage\":\"sq-AL\",\"@id\":\"https:\\\/\\\/fjala.info\\\/2009-2015\\\/wp-content\\\/uploads\\\/2012\\\/02\\\/arben_cokaj-120x150.jpg\",\"url\":\"https:\\\/\\\/fjala.info\\\/2009-2015\\\/wp-content\\\/uploads\\\/2012\\\/02\\\/arben_cokaj-120x150.jpg\",\"contentUrl\":\"https:\\\/\\\/fjala.info\\\/2009-2015\\\/wp-content\\\/uploads\\\/2012\\\/02\\\/arben_cokaj-120x150.jpg\",\"caption\":\"admin\"},\"description\":\"Admin, Fjala e Lir\u00eb\",\"sameAs\":[\"https:\\\/\\\/fjala.info\\\/\"],\"url\":\"https:\\\/\\\/fjala.info\\\/2009-2015\\\/author\\\/admin\\\/\"}]}<\/script>\n<!-- \/ Yoast SEO plugin. -->","yoast_head_json":{"title":"Gjyq\u00ebsori lakuriq - FjALA e LIR\u00cb - Arkivi","robots":{"index":"index","follow":"follow","max-snippet":"max-snippet:-1","max-image-preview":"max-image-preview:large","max-video-preview":"max-video-preview:-1"},"canonical":"https:\/\/fjala.info\/2009-2015\/gjyqesori-lakuriq\/","og_locale":"sq_AL","og_type":"article","og_title":"Gjyq\u00ebsori lakuriq - FjALA e LIR\u00cb - Arkivi","og_description":"Mimoza Dervishi T\u00eb thuash sot, q\u00eb sistemi shqiptar i drejt\u00ebsis\u00eb \u00ebsht\u00eb i korruptuar, nuk \u00ebsht\u00eb m\u00eb lajm. Nuk ka raport apo sondazh nd\u00ebrkomb\u00ebtar q\u00eb t\u00eb mos i kushtoj\u00eb pjes\u00ebn m\u00eb t\u00eb madhe pik\u00ebrisht korrupsionit t\u00eb k\u00ebtij sistemi, me shpres\u00ebn se do kuptohet nj\u00eb dit\u00eb, q\u00eb demokracia funksionon, vet\u00ebm n\u00ebse ligjet zbatohen. \u2028N\u00eb fakt, sot do [&hellip;]","og_url":"https:\/\/fjala.info\/2009-2015\/gjyqesori-lakuriq\/","og_site_name":"FjALA e LIR\u00cb - Arkivi","article_published_time":"2010-05-25T15:16:12+00:00","author":"admin","twitter_card":"summary_large_image","twitter_misc":{"Written by":"admin","Est. reading time":"5 minutes"},"schema":{"@context":"https:\/\/schema.org","@graph":[{"@type":"Article","@id":"https:\/\/fjala.info\/2009-2015\/gjyqesori-lakuriq\/#article","isPartOf":{"@id":"https:\/\/fjala.info\/2009-2015\/gjyqesori-lakuriq\/"},"author":{"name":"admin","@id":"https:\/\/fjala.info\/2009-2015\/#\/schema\/person\/3aa1163ef05469c496fc94e77611ada2"},"headline":"Gjyq\u00ebsori lakuriq","datePublished":"2010-05-25T15:16:12+00:00","mainEntityOfPage":{"@id":"https:\/\/fjala.info\/2009-2015\/gjyqesori-lakuriq\/"},"wordCount":1062,"commentCount":0,"publisher":{"@id":"https:\/\/fjala.info\/2009-2015\/#organization"},"articleSection":["Artikuj"],"inLanguage":"sq-AL","potentialAction":[{"@type":"CommentAction","name":"Comment","target":["https:\/\/fjala.info\/2009-2015\/gjyqesori-lakuriq\/#respond"]}]},{"@type":"WebPage","@id":"https:\/\/fjala.info\/2009-2015\/gjyqesori-lakuriq\/","url":"https:\/\/fjala.info\/2009-2015\/gjyqesori-lakuriq\/","name":"Gjyq\u00ebsori lakuriq - FjALA e LIR\u00cb - Arkivi","isPartOf":{"@id":"https:\/\/fjala.info\/2009-2015\/#website"},"datePublished":"2010-05-25T15:16:12+00:00","breadcrumb":{"@id":"https:\/\/fjala.info\/2009-2015\/gjyqesori-lakuriq\/#breadcrumb"},"inLanguage":"sq-AL","potentialAction":[{"@type":"ReadAction","target":["https:\/\/fjala.info\/2009-2015\/gjyqesori-lakuriq\/"]}]},{"@type":"BreadcrumbList","@id":"https:\/\/fjala.info\/2009-2015\/gjyqesori-lakuriq\/#breadcrumb","itemListElement":[{"@type":"ListItem","position":1,"name":"Home","item":"https:\/\/fjala.info\/2009-2015\/"},{"@type":"ListItem","position":2,"name":"Gjyq\u00ebsori lakuriq"}]},{"@type":"WebSite","@id":"https:\/\/fjala.info\/2009-2015\/#website","url":"https:\/\/fjala.info\/2009-2015\/","name":"FjALA e LIR\u00cb - Arkivi","description":"Arkivi 2009-2015","publisher":{"@id":"https:\/\/fjala.info\/2009-2015\/#organization"},"potentialAction":[{"@type":"SearchAction","target":{"@type":"EntryPoint","urlTemplate":"https:\/\/fjala.info\/2009-2015\/?s={search_term_string}"},"query-input":{"@type":"PropertyValueSpecification","valueRequired":true,"valueName":"search_term_string"}}],"inLanguage":"sq-AL"},{"@type":"Organization","@id":"https:\/\/fjala.info\/2009-2015\/#organization","name":"FjALA e LIR\u00cb - Arkivi","url":"https:\/\/fjala.info\/2009-2015\/","logo":{"@type":"ImageObject","inLanguage":"sq-AL","@id":"https:\/\/fjala.info\/2009-2015\/#\/schema\/logo\/image\/","url":"","contentUrl":"","caption":"FjALA e LIR\u00cb - Arkivi"},"image":{"@id":"https:\/\/fjala.info\/2009-2015\/#\/schema\/logo\/image\/"}},{"@type":"Person","@id":"https:\/\/fjala.info\/2009-2015\/#\/schema\/person\/3aa1163ef05469c496fc94e77611ada2","name":"admin","image":{"@type":"ImageObject","inLanguage":"sq-AL","@id":"https:\/\/fjala.info\/2009-2015\/wp-content\/uploads\/2012\/02\/arben_cokaj-120x150.jpg","url":"https:\/\/fjala.info\/2009-2015\/wp-content\/uploads\/2012\/02\/arben_cokaj-120x150.jpg","contentUrl":"https:\/\/fjala.info\/2009-2015\/wp-content\/uploads\/2012\/02\/arben_cokaj-120x150.jpg","caption":"admin"},"description":"Admin, Fjala e Lir\u00eb","sameAs":["https:\/\/fjala.info\/"],"url":"https:\/\/fjala.info\/2009-2015\/author\/admin\/"}]}},"_links":{"self":[{"href":"https:\/\/fjala.info\/2009-2015\/wp-json\/wp\/v2\/posts\/2805","targetHints":{"allow":["GET"]}}],"collection":[{"href":"https:\/\/fjala.info\/2009-2015\/wp-json\/wp\/v2\/posts"}],"about":[{"href":"https:\/\/fjala.info\/2009-2015\/wp-json\/wp\/v2\/types\/post"}],"author":[{"embeddable":true,"href":"https:\/\/fjala.info\/2009-2015\/wp-json\/wp\/v2\/users\/1"}],"replies":[{"embeddable":true,"href":"https:\/\/fjala.info\/2009-2015\/wp-json\/wp\/v2\/comments?post=2805"}],"version-history":[{"count":0,"href":"https:\/\/fjala.info\/2009-2015\/wp-json\/wp\/v2\/posts\/2805\/revisions"}],"wp:attachment":[{"href":"https:\/\/fjala.info\/2009-2015\/wp-json\/wp\/v2\/media?parent=2805"}],"wp:term":[{"taxonomy":"category","embeddable":true,"href":"https:\/\/fjala.info\/2009-2015\/wp-json\/wp\/v2\/categories?post=2805"},{"taxonomy":"post_tag","embeddable":true,"href":"https:\/\/fjala.info\/2009-2015\/wp-json\/wp\/v2\/tags?post=2805"}],"curies":[{"name":"wp","href":"https:\/\/api.w.org\/{rel}","templated":true}]}}