{"id":2803,"date":"2010-05-25T16:09:43","date_gmt":"2010-05-25T15:09:43","guid":{"rendered":"http:\/\/fjala.shkoder.net\/?p=2803"},"modified":"2010-05-25T16:09:43","modified_gmt":"2010-05-25T15:09:43","slug":"uidhers-eshte-krize-e-qeverisjes","status":"publish","type":"post","link":"https:\/\/fjala.info\/2009-2015\/uidhers-eshte-krize-e-qeverisjes\/","title":{"rendered":"Uidh\u00ebrs: \u00ebsht\u00eb kriz\u00eb e qeverisjes"},"content":{"rendered":"<p>\n<strong>Aristir Lumezi<\/strong>, <em>25.05.2010<\/em><\/p>\n<p>Ambasadori amerikan n\u00eb Tiran\u00eb, Xhon Uidh\u00ebrs u k\u00ebrkoi pal\u00ebve politike n\u00eb Shqip\u00ebri t&#8217;i japin fund luft\u00ebs s\u00eb brendshme. Ai tha se kriza aktuale politike ka ardhur nga mospajtimi i t\u00eb dy an\u00ebve t\u00eb politik\u00ebs shqiptare. &#8220;P\u00ebr mua kriza politike n\u00ebnkupton mospajtim mes dy an\u00ebve t\u00eb politik\u00ebs dhe dy lider\u00ebve. Por ajo q\u00eb \u00ebsht\u00eb e r\u00ebnd\u00ebsishme p\u00ebr mua \u00ebsht\u00eb q\u00eb sistemi duhet ta rivendos\u00eb veten n\u00eb pun\u00eb sepse ka kaq shum\u00eb probleme me t\u00eb cilat p\u00ebrballet ky vend. K\u00ebto jan\u00eb probleme urgjente dhe probleme q\u00eb ndikojn\u00eb n\u00eb mir\u00ebqenien e k\u00ebtij populli. Ndaj p\u00ebr sa koh\u00eb zgjasin k\u00ebto mospajtime, edhe mund\u00ebsia p\u00ebr t&#8217;i zgjidhur e p\u00ebr t&#8217;i ndihmuar k\u00ebta njer\u00ebz \u00ebsht\u00eb nd\u00ebrprer\u00eb&#8221;, u shpreh Uidh\u00ebrs. <\/p>\n<p>Ambasadori amerikan e b\u00ebri k\u00ebt\u00eb deklarat\u00eb i pyetur nga &#8220;Panorama&#8221; gjat\u00eb diskutimit &#8220;Media dhe Gjyq\u00ebsori&#8221;, organizuar nga Instituti Shqiptar i Medias dhe Ambasada amerikane n\u00eb Tiran\u00eb, ku merrnin pjes\u00eb dhe n\u00ebnkryetari i KLD-s\u00eb, Kreshnik Spahiu dhe Prokurorja e P\u00ebrgjithshme, Ina Rama. I pyetur n\u00ebse k\u00ebrkohet nj\u00eb zgjidhje politike apo ligjore, p\u00ebr kriz\u00ebn q\u00eb po zhvillohet n\u00eb vend, ambasadori amerikan n\u00eb Tiran\u00eb tha se kriza politika ka prekur dhe qeverisjen dhe mb\u00ebshteti iniciativ\u00ebn e Bashkimit Evropian p\u00ebr t&#8217;i dh\u00ebn\u00eb fund k\u00ebsaj situate. &#8220;Un\u00eb besoj se kriza \u00ebsht\u00eb di\u00e7ka m\u00eb e thell\u00eb. <\/p>\n<p>Un\u00eb besoj se \u00ebsht\u00eb kriz\u00eb e qeverisjes. Me vullnet politik un\u00eb besoj se kjo situat\u00eb mund t\u00eb rregullohet. Bashkimi Evropian ka nj\u00eb nism\u00eb shum\u00eb t\u00eb r\u00ebnd\u00ebsishme, lidhur me zgjidhjen e k\u00ebsaj situate dhe Qeveria e Shteteve t\u00eb Bashkuara t\u00eb Amerik\u00ebs e p\u00ebrkrah k\u00ebt\u00eb nism\u00eb. Nuk ka asnj\u00eb hije dyshimi mes nism\u00ebs s\u00eb BE-s\u00eb dhe Shteteve t\u00eb Bashkuara. \u00cbsht\u00eb t\u00ebr\u00ebsisht thelb\u00ebsore, t\u00ebr\u00ebsisht jetike q\u00eb lufta e brendshme t\u00eb nd\u00ebrpritet dhe q\u00eb interesi i k\u00ebtij kombi t\u00eb vihet p\u00ebrpara gjith\u00e7kaje&#8221;, u shpreh Uidh\u00ebrs. <\/p>\n<p>Ambasadori amerikan n\u00eb Tiran\u00eb \u00ebsht\u00eb nga t\u00eb pakt\u00eb diplomat\u00eb t\u00eb huaj n\u00eb Tiran\u00eb, q\u00eb e ka ndjekur nga af\u00ebr kriz\u00ebn politike dhe n\u00eb m\u00ebnyr\u00eb t\u00eb p\u00ebrs\u00ebritur ka b\u00ebr\u00eb p\u00ebrpjekje p\u00ebr daljen prej saj. Pas seanc\u00ebs q\u00eb sh\u00ebnoi mbylljen e debatit p\u00ebr ngritjen e Komisionit Hetimor parlamentar n\u00eb muajin mars, Uidh\u00ebrs u shpreh i shqet\u00ebsuar p\u00ebr mosarritjen e nj\u00eb zgjidhje dhe dalje nga ng\u00ebr\u00e7i politik. Sipas Ambasadorit amerikan n\u00eb Tiran\u00eb, ng\u00ebr\u00e7i politik duhej zgjidhur jo sipas interesave partiake. E gjitha kjo situat\u00eb, sipas tij, duhet t\u00eb zgjidhet p\u00ebrmes nj\u00eb kompromisi brenda Parlamentit. <\/p>\n<p>K\u00ebt\u00eb apel, Xhon Uidhers e ka b\u00ebr\u00eb p\u00ebrmes nj\u00eb njoftimi p\u00ebr shtyp t\u00eb Ambasad\u00ebs Amerikane n\u00eb Tiran\u00eb, ku shprehej shqet\u00ebsimi p\u00ebr situat\u00ebn politike n\u00eb vend e duke k\u00ebrkuar dh\u00ebnien fund t\u00eb k\u00ebsaj situate politike nga lidershipi politik shqiptar. Sipas diplomatit amerikan, marr\u00ebveshja midis forcave kryesore politike t\u00eb arrihet, duke gjetur pikat e takimit midis tyre dhe jo n\u00ebp\u00ebrmjet interesave partiake.<\/p>\n","protected":false},"excerpt":{"rendered":"<p>Aristir Lumezi, 25.05.2010 Ambasadori amerikan n\u00eb Tiran\u00eb, Xhon Uidh\u00ebrs u k\u00ebrkoi pal\u00ebve politike n\u00eb Shqip\u00ebri t&#8217;i japin fund luft\u00ebs s\u00eb brendshme. Ai tha se kriza aktuale politike ka ardhur nga mospajtimi i t\u00eb dy an\u00ebve t\u00eb politik\u00ebs shqiptare. &#8220;P\u00ebr mua kriza politike n\u00ebnkupton mospajtim mes dy an\u00ebve t\u00eb politik\u00ebs dhe dy lider\u00ebve. Por ajo q\u00eb [&hellip;]<\/p>\n","protected":false},"author":1,"featured_media":0,"comment_status":"open","ping_status":"closed","sticky":false,"template":"","format":"standard","meta":{"footnotes":""},"categories":[2],"tags":[],"class_list":{"0":"post-2803","1":"post","2":"type-post","3":"status-publish","4":"format-standard","6":"category-artikuj"},"yoast_head":"<!-- This site is optimized with the Yoast SEO plugin v27.4 - https:\/\/yoast.com\/product\/yoast-seo-wordpress\/ -->\n<title>Uidh\u00ebrs: \u00ebsht\u00eb kriz\u00eb e qeverisjes - FjALA e LIR\u00cb - Arkivi<\/title>\n<meta name=\"robots\" content=\"index, follow, max-snippet:-1, max-image-preview:large, max-video-preview:-1\" \/>\n<link rel=\"canonical\" href=\"https:\/\/fjala.info\/2009-2015\/uidhers-eshte-krize-e-qeverisjes\/\" \/>\n<meta property=\"og:locale\" content=\"sq_AL\" \/>\n<meta property=\"og:type\" content=\"article\" \/>\n<meta property=\"og:title\" content=\"Uidh\u00ebrs: \u00ebsht\u00eb kriz\u00eb e qeverisjes - FjALA e LIR\u00cb - Arkivi\" \/>\n<meta property=\"og:description\" content=\"Aristir Lumezi, 25.05.2010 Ambasadori amerikan n\u00eb Tiran\u00eb, Xhon Uidh\u00ebrs u k\u00ebrkoi pal\u00ebve politike n\u00eb Shqip\u00ebri t&#8217;i japin fund luft\u00ebs s\u00eb brendshme. Ai tha se kriza aktuale politike ka ardhur nga mospajtimi i t\u00eb dy an\u00ebve t\u00eb politik\u00ebs shqiptare. &#8220;P\u00ebr mua kriza politike n\u00ebnkupton mospajtim mes dy an\u00ebve t\u00eb politik\u00ebs dhe dy lider\u00ebve. Por ajo q\u00eb [&hellip;]\" \/>\n<meta property=\"og:url\" content=\"https:\/\/fjala.info\/2009-2015\/uidhers-eshte-krize-e-qeverisjes\/\" \/>\n<meta property=\"og:site_name\" content=\"FjALA e LIR\u00cb - Arkivi\" \/>\n<meta property=\"article:published_time\" content=\"2010-05-25T15:09:43+00:00\" \/>\n<meta name=\"author\" content=\"admin\" \/>\n<meta name=\"twitter:card\" content=\"summary_large_image\" \/>\n<meta name=\"twitter:label1\" content=\"Written by\" \/>\n\t<meta name=\"twitter:data1\" content=\"admin\" \/>\n\t<meta name=\"twitter:label2\" content=\"Est. reading time\" \/>\n\t<meta name=\"twitter:data2\" content=\"3 minutes\" \/>\n<script type=\"application\/ld+json\" class=\"yoast-schema-graph\">{\"@context\":\"https:\\\/\\\/schema.org\",\"@graph\":[{\"@type\":\"Article\",\"@id\":\"https:\\\/\\\/fjala.info\\\/2009-2015\\\/uidhers-eshte-krize-e-qeverisjes\\\/#article\",\"isPartOf\":{\"@id\":\"https:\\\/\\\/fjala.info\\\/2009-2015\\\/uidhers-eshte-krize-e-qeverisjes\\\/\"},\"author\":{\"name\":\"admin\",\"@id\":\"https:\\\/\\\/fjala.info\\\/2009-2015\\\/#\\\/schema\\\/person\\\/3aa1163ef05469c496fc94e77611ada2\"},\"headline\":\"Uidh\u00ebrs: \u00ebsht\u00eb kriz\u00eb e qeverisjes\",\"datePublished\":\"2010-05-25T15:09:43+00:00\",\"mainEntityOfPage\":{\"@id\":\"https:\\\/\\\/fjala.info\\\/2009-2015\\\/uidhers-eshte-krize-e-qeverisjes\\\/\"},\"wordCount\":540,\"commentCount\":0,\"publisher\":{\"@id\":\"https:\\\/\\\/fjala.info\\\/2009-2015\\\/#organization\"},\"articleSection\":[\"Artikuj\"],\"inLanguage\":\"sq-AL\",\"potentialAction\":[{\"@type\":\"CommentAction\",\"name\":\"Comment\",\"target\":[\"https:\\\/\\\/fjala.info\\\/2009-2015\\\/uidhers-eshte-krize-e-qeverisjes\\\/#respond\"]}]},{\"@type\":\"WebPage\",\"@id\":\"https:\\\/\\\/fjala.info\\\/2009-2015\\\/uidhers-eshte-krize-e-qeverisjes\\\/\",\"url\":\"https:\\\/\\\/fjala.info\\\/2009-2015\\\/uidhers-eshte-krize-e-qeverisjes\\\/\",\"name\":\"Uidh\u00ebrs: \u00ebsht\u00eb kriz\u00eb e qeverisjes - FjALA e LIR\u00cb - Arkivi\",\"isPartOf\":{\"@id\":\"https:\\\/\\\/fjala.info\\\/2009-2015\\\/#website\"},\"datePublished\":\"2010-05-25T15:09:43+00:00\",\"breadcrumb\":{\"@id\":\"https:\\\/\\\/fjala.info\\\/2009-2015\\\/uidhers-eshte-krize-e-qeverisjes\\\/#breadcrumb\"},\"inLanguage\":\"sq-AL\",\"potentialAction\":[{\"@type\":\"ReadAction\",\"target\":[\"https:\\\/\\\/fjala.info\\\/2009-2015\\\/uidhers-eshte-krize-e-qeverisjes\\\/\"]}]},{\"@type\":\"BreadcrumbList\",\"@id\":\"https:\\\/\\\/fjala.info\\\/2009-2015\\\/uidhers-eshte-krize-e-qeverisjes\\\/#breadcrumb\",\"itemListElement\":[{\"@type\":\"ListItem\",\"position\":1,\"name\":\"Home\",\"item\":\"https:\\\/\\\/fjala.info\\\/2009-2015\\\/\"},{\"@type\":\"ListItem\",\"position\":2,\"name\":\"Uidh\u00ebrs: \u00ebsht\u00eb kriz\u00eb e qeverisjes\"}]},{\"@type\":\"WebSite\",\"@id\":\"https:\\\/\\\/fjala.info\\\/2009-2015\\\/#website\",\"url\":\"https:\\\/\\\/fjala.info\\\/2009-2015\\\/\",\"name\":\"FjALA e LIR\u00cb - Arkivi\",\"description\":\"Arkivi 2009-2015\",\"publisher\":{\"@id\":\"https:\\\/\\\/fjala.info\\\/2009-2015\\\/#organization\"},\"potentialAction\":[{\"@type\":\"SearchAction\",\"target\":{\"@type\":\"EntryPoint\",\"urlTemplate\":\"https:\\\/\\\/fjala.info\\\/2009-2015\\\/?s={search_term_string}\"},\"query-input\":{\"@type\":\"PropertyValueSpecification\",\"valueRequired\":true,\"valueName\":\"search_term_string\"}}],\"inLanguage\":\"sq-AL\"},{\"@type\":\"Organization\",\"@id\":\"https:\\\/\\\/fjala.info\\\/2009-2015\\\/#organization\",\"name\":\"FjALA e LIR\u00cb - Arkivi\",\"url\":\"https:\\\/\\\/fjala.info\\\/2009-2015\\\/\",\"logo\":{\"@type\":\"ImageObject\",\"inLanguage\":\"sq-AL\",\"@id\":\"https:\\\/\\\/fjala.info\\\/2009-2015\\\/#\\\/schema\\\/logo\\\/image\\\/\",\"url\":\"\",\"contentUrl\":\"\",\"caption\":\"FjALA e LIR\u00cb - Arkivi\"},\"image\":{\"@id\":\"https:\\\/\\\/fjala.info\\\/2009-2015\\\/#\\\/schema\\\/logo\\\/image\\\/\"}},{\"@type\":\"Person\",\"@id\":\"https:\\\/\\\/fjala.info\\\/2009-2015\\\/#\\\/schema\\\/person\\\/3aa1163ef05469c496fc94e77611ada2\",\"name\":\"admin\",\"image\":{\"@type\":\"ImageObject\",\"inLanguage\":\"sq-AL\",\"@id\":\"https:\\\/\\\/fjala.info\\\/2009-2015\\\/wp-content\\\/uploads\\\/2012\\\/02\\\/arben_cokaj-120x150.jpg\",\"url\":\"https:\\\/\\\/fjala.info\\\/2009-2015\\\/wp-content\\\/uploads\\\/2012\\\/02\\\/arben_cokaj-120x150.jpg\",\"contentUrl\":\"https:\\\/\\\/fjala.info\\\/2009-2015\\\/wp-content\\\/uploads\\\/2012\\\/02\\\/arben_cokaj-120x150.jpg\",\"caption\":\"admin\"},\"description\":\"Admin, Fjala e Lir\u00eb\",\"sameAs\":[\"https:\\\/\\\/fjala.info\\\/\"],\"url\":\"https:\\\/\\\/fjala.info\\\/2009-2015\\\/author\\\/admin\\\/\"}]}<\/script>\n<!-- \/ Yoast SEO plugin. -->","yoast_head_json":{"title":"Uidh\u00ebrs: \u00ebsht\u00eb kriz\u00eb e qeverisjes - FjALA e LIR\u00cb - Arkivi","robots":{"index":"index","follow":"follow","max-snippet":"max-snippet:-1","max-image-preview":"max-image-preview:large","max-video-preview":"max-video-preview:-1"},"canonical":"https:\/\/fjala.info\/2009-2015\/uidhers-eshte-krize-e-qeverisjes\/","og_locale":"sq_AL","og_type":"article","og_title":"Uidh\u00ebrs: \u00ebsht\u00eb kriz\u00eb e qeverisjes - FjALA e LIR\u00cb - Arkivi","og_description":"Aristir Lumezi, 25.05.2010 Ambasadori amerikan n\u00eb Tiran\u00eb, Xhon Uidh\u00ebrs u k\u00ebrkoi pal\u00ebve politike n\u00eb Shqip\u00ebri t&#8217;i japin fund luft\u00ebs s\u00eb brendshme. Ai tha se kriza aktuale politike ka ardhur nga mospajtimi i t\u00eb dy an\u00ebve t\u00eb politik\u00ebs shqiptare. &#8220;P\u00ebr mua kriza politike n\u00ebnkupton mospajtim mes dy an\u00ebve t\u00eb politik\u00ebs dhe dy lider\u00ebve. Por ajo q\u00eb [&hellip;]","og_url":"https:\/\/fjala.info\/2009-2015\/uidhers-eshte-krize-e-qeverisjes\/","og_site_name":"FjALA e LIR\u00cb - Arkivi","article_published_time":"2010-05-25T15:09:43+00:00","author":"admin","twitter_card":"summary_large_image","twitter_misc":{"Written by":"admin","Est. reading time":"3 minutes"},"schema":{"@context":"https:\/\/schema.org","@graph":[{"@type":"Article","@id":"https:\/\/fjala.info\/2009-2015\/uidhers-eshte-krize-e-qeverisjes\/#article","isPartOf":{"@id":"https:\/\/fjala.info\/2009-2015\/uidhers-eshte-krize-e-qeverisjes\/"},"author":{"name":"admin","@id":"https:\/\/fjala.info\/2009-2015\/#\/schema\/person\/3aa1163ef05469c496fc94e77611ada2"},"headline":"Uidh\u00ebrs: \u00ebsht\u00eb kriz\u00eb e qeverisjes","datePublished":"2010-05-25T15:09:43+00:00","mainEntityOfPage":{"@id":"https:\/\/fjala.info\/2009-2015\/uidhers-eshte-krize-e-qeverisjes\/"},"wordCount":540,"commentCount":0,"publisher":{"@id":"https:\/\/fjala.info\/2009-2015\/#organization"},"articleSection":["Artikuj"],"inLanguage":"sq-AL","potentialAction":[{"@type":"CommentAction","name":"Comment","target":["https:\/\/fjala.info\/2009-2015\/uidhers-eshte-krize-e-qeverisjes\/#respond"]}]},{"@type":"WebPage","@id":"https:\/\/fjala.info\/2009-2015\/uidhers-eshte-krize-e-qeverisjes\/","url":"https:\/\/fjala.info\/2009-2015\/uidhers-eshte-krize-e-qeverisjes\/","name":"Uidh\u00ebrs: \u00ebsht\u00eb kriz\u00eb e qeverisjes - FjALA e LIR\u00cb - Arkivi","isPartOf":{"@id":"https:\/\/fjala.info\/2009-2015\/#website"},"datePublished":"2010-05-25T15:09:43+00:00","breadcrumb":{"@id":"https:\/\/fjala.info\/2009-2015\/uidhers-eshte-krize-e-qeverisjes\/#breadcrumb"},"inLanguage":"sq-AL","potentialAction":[{"@type":"ReadAction","target":["https:\/\/fjala.info\/2009-2015\/uidhers-eshte-krize-e-qeverisjes\/"]}]},{"@type":"BreadcrumbList","@id":"https:\/\/fjala.info\/2009-2015\/uidhers-eshte-krize-e-qeverisjes\/#breadcrumb","itemListElement":[{"@type":"ListItem","position":1,"name":"Home","item":"https:\/\/fjala.info\/2009-2015\/"},{"@type":"ListItem","position":2,"name":"Uidh\u00ebrs: \u00ebsht\u00eb kriz\u00eb e qeverisjes"}]},{"@type":"WebSite","@id":"https:\/\/fjala.info\/2009-2015\/#website","url":"https:\/\/fjala.info\/2009-2015\/","name":"FjALA e LIR\u00cb - Arkivi","description":"Arkivi 2009-2015","publisher":{"@id":"https:\/\/fjala.info\/2009-2015\/#organization"},"potentialAction":[{"@type":"SearchAction","target":{"@type":"EntryPoint","urlTemplate":"https:\/\/fjala.info\/2009-2015\/?s={search_term_string}"},"query-input":{"@type":"PropertyValueSpecification","valueRequired":true,"valueName":"search_term_string"}}],"inLanguage":"sq-AL"},{"@type":"Organization","@id":"https:\/\/fjala.info\/2009-2015\/#organization","name":"FjALA e LIR\u00cb - Arkivi","url":"https:\/\/fjala.info\/2009-2015\/","logo":{"@type":"ImageObject","inLanguage":"sq-AL","@id":"https:\/\/fjala.info\/2009-2015\/#\/schema\/logo\/image\/","url":"","contentUrl":"","caption":"FjALA e LIR\u00cb - Arkivi"},"image":{"@id":"https:\/\/fjala.info\/2009-2015\/#\/schema\/logo\/image\/"}},{"@type":"Person","@id":"https:\/\/fjala.info\/2009-2015\/#\/schema\/person\/3aa1163ef05469c496fc94e77611ada2","name":"admin","image":{"@type":"ImageObject","inLanguage":"sq-AL","@id":"https:\/\/fjala.info\/2009-2015\/wp-content\/uploads\/2012\/02\/arben_cokaj-120x150.jpg","url":"https:\/\/fjala.info\/2009-2015\/wp-content\/uploads\/2012\/02\/arben_cokaj-120x150.jpg","contentUrl":"https:\/\/fjala.info\/2009-2015\/wp-content\/uploads\/2012\/02\/arben_cokaj-120x150.jpg","caption":"admin"},"description":"Admin, Fjala e Lir\u00eb","sameAs":["https:\/\/fjala.info\/"],"url":"https:\/\/fjala.info\/2009-2015\/author\/admin\/"}]}},"_links":{"self":[{"href":"https:\/\/fjala.info\/2009-2015\/wp-json\/wp\/v2\/posts\/2803","targetHints":{"allow":["GET"]}}],"collection":[{"href":"https:\/\/fjala.info\/2009-2015\/wp-json\/wp\/v2\/posts"}],"about":[{"href":"https:\/\/fjala.info\/2009-2015\/wp-json\/wp\/v2\/types\/post"}],"author":[{"embeddable":true,"href":"https:\/\/fjala.info\/2009-2015\/wp-json\/wp\/v2\/users\/1"}],"replies":[{"embeddable":true,"href":"https:\/\/fjala.info\/2009-2015\/wp-json\/wp\/v2\/comments?post=2803"}],"version-history":[{"count":0,"href":"https:\/\/fjala.info\/2009-2015\/wp-json\/wp\/v2\/posts\/2803\/revisions"}],"wp:attachment":[{"href":"https:\/\/fjala.info\/2009-2015\/wp-json\/wp\/v2\/media?parent=2803"}],"wp:term":[{"taxonomy":"category","embeddable":true,"href":"https:\/\/fjala.info\/2009-2015\/wp-json\/wp\/v2\/categories?post=2803"},{"taxonomy":"post_tag","embeddable":true,"href":"https:\/\/fjala.info\/2009-2015\/wp-json\/wp\/v2\/tags?post=2803"}],"curies":[{"name":"wp","href":"https:\/\/api.w.org\/{rel}","templated":true}]}}