{"id":2802,"date":"2012-05-16T10:12:59","date_gmt":"2012-05-16T09:12:59","guid":{"rendered":"http:\/\/fjala.shkoder.net\/?p=2802"},"modified":"2012-05-16T10:12:59","modified_gmt":"2012-05-16T09:12:59","slug":"tragjedi-greke","status":"publish","type":"post","link":"https:\/\/fjala.info\/2009-2015\/tragjedi-greke\/","title":{"rendered":"Tragjedi greke"},"content":{"rendered":"<p><img decoding=\"async\" class=\"alignright size-thumbnail wp-image-7236\" title=\"Tragjedia greke\" src=\"http:\/\/www.shkoder.net\/2012\/tragjedia_greke.jpg\" alt=\"\" width=\"300\" \/> Nga <strong>Arianna Huffington<\/strong>, <em>15 Maj 2012<\/em><br \/>\n<em>Kryeredaktore e Huffington Post<\/em><\/p>\n<p>Teksa ndjek tragjedin\u00eb moderne greke t\u00eb luhet n\u00eb sken\u00ebn evropiane, m\u00eb kujtohen vetvetiu ato 18 vite t\u00eb kaluara n\u00eb Athin\u00eb, duke shkuar p\u00ebr n\u00eb shkoll\u00eb n\u00eb Plaka (pjesa e vjet\u00ebr e qytetit), n\u00eb t\u00eb nj\u00ebjt\u00ebn rrug\u00eb q\u00eb tani m\u00ebsyhet nga protestuesit dhe dhuna.<\/p>\n<p>Gjat\u00eb f\u00ebmij\u00ebris\u00eb, familja ime i ngjasonte shum\u00eb ekonomis\u00eb s\u00eb sotme greke. Ne ishim zhytur n\u00eb borxhe nga p\u00ebrpjekjet e nj\u00ebpasnj\u00ebshme dhe t\u00eb d\u00ebshtuara t\u00eb babait tim p\u00ebr t\u00eb hapur nj\u00eb gazet\u00eb. Kjo ishte nj\u00eb nga shkaqet kryesore q\u00eb shtyu maman\u00eb time drejt divorcit, duke m\u00eb marr\u00eb edhe mua me motr\u00ebn t\u00eb jetonim me t\u00eb. Ne p\u00ebrs\u00ebri jetonim n\u00eb Athin\u00eb edhe vazhdonim ta takonim babain, megjith\u00ebse kishim garsonier\u00ebn ton\u00eb.<\/p>\n<p><img decoding=\"async\" class=\"alignleft size-thumbnail wp-image-7236\" title=\"Arianna Huffington\" src=\"http:\/\/www.shkoder.net\/2012\/arianna_huffington.jpg\" alt=\"\" width=\"150\" \/>Kushtet ekonomike sa vinin e p\u00ebrkeq\u00ebsoheshin, por mamaje ime ishte e qart\u00eb p\u00ebr nj\u00eb gj\u00eb: ajo do t\u00eb sakrifikonte t\u00eb gjitha q\u00eb vajzat e saj t\u00eb mos kishin gj\u00eb mang\u00ebt. Ajo kishte vet\u00ebm dy fustane dhe asnj\u00ebher\u00eb nuk shpenzonte p\u00ebr veten e saj. M\u00eb kujtohet akoma kur ajo shiti edhe v\u00ebth\u00ebt e saj t\u00eb fundit p\u00ebr nj\u00eb grusht paresh. Mamaja merrte borxh nga kush t\u00eb mundte q\u00eb t\u00eb na mund\u00ebsonte nj\u00eb shkollim t\u00eb mir\u00eb dhe ja doli. Un\u00eb i mbarova studimet ne Cambridge, nd\u00ebrsa motra ime n\u00eb Akademin\u00eb Mbret\u00ebrore t\u00eb Arteve n\u00eb Lond\u00ebr. Ishte koha kur vajzat greke e kishin akoma tradit\u00ebn q\u00eb para se t\u00eb martoheshin duhet t\u00eb paguanin paj\u00eb. Mamaja na thoshte gjithmon\u00eb se \u201cedukimi ishte paja jon\u00eb\u201d.<\/p>\n<p>Teksa v\u00ebshtroj statistikat, sidomos ato t\u00eb papun\u00ebsis\u00eb q\u00eb arrijn\u00eb deri n\u00eb 54% tek t\u00eb rinjt\u00eb grek\u00eb, mendoj p\u00ebr historit\u00eb e njer\u00ebzve t\u00eb ndrysh\u00ebm q\u00eb jan\u00eb t\u00eb p\u00ebrfshira nga kjo shif\u00ebr tmerruese. Shum\u00eb \u00ebndrra t\u00eb shkat\u00ebrruara, shum\u00eb premtime t\u00eb pambajtura dhe e gjith\u00eb ndjenja e fajit, turpit dhe frik\u00ebs q\u00eb kaq shpesh ec\u00ebn krah p\u00ebr krah me papun\u00ebsin\u00eb.<\/p>\n<p>Rruga nd\u00ebshkuese e kursimit dhe tkurrjes s\u00eb pam\u00ebshirshme ekonomike ka t\u00eb ngjar\u00eb t\u00eb \u00e7oj\u00eb n\u00eb nj\u00eb tjet\u00ebr stanjacion t\u00eb ekonomis\u00eb n\u00eb 2013, gj\u00eb q\u00eb kurrsesi nuk duhet lejuar t\u00eb ndodh\u00eb. Dhe si e tregojn\u00eb rezultatet e zgjedhjeve t\u00eb fundit, populli grek nuk do ta lejoj\u00eb t\u00eb ndodh\u00eb. Ato do t\u00eb k\u00ebrkojn\u00eb ndryshim radikal, qoft\u00eb kjo p\u00ebrmes kutive t\u00eb votimit ose dhun\u00ebs n\u00eb rrug\u00eb, \u2013 mbase edhe nj\u00eb kombinim i t\u00eb dyjave.<\/p>\n<p>Rreziku q\u00eb bartin protestat e dhunshme \u00ebsht\u00eb i duksh\u00ebm. Por gjithashtu rreziku buron edhe nga kutit\u00eb e votimit. Nj\u00eb parti ekstremiste e djatht\u00eb me tendenca t\u00eb forta kundra emigracionit mori rreth 7% t\u00eb votave, nd\u00ebrsa partia e majte PASOK humbi 119 vende n\u00eb parlament duke p\u00ebrfunduar si parti e tret\u00eb me nj\u00eb rezultat turp\u00ebrues. N\u00eb qoft\u00eb se Banka Qendrore Evropiane nuk e ndryshon retoriken e saj t\u00eb ashp\u00ebr dhe shtr\u00ebnguese, Greqia nuk do t\u00eb ket\u00eb opsion tjet\u00ebr p\u00ebrve\u00e7se t\u00eb l\u00ebre Eurozon\u00ebn. Kjo sigurisht do t\u00eb bart\u00eb rreziqet e veta, por Bashkimi Evropian e ka l\u00ebn\u00eb Greqin\u00eb me pak alternativa racionale.<\/p>\n<p>Argjentina, e cila gjat\u00eb fillimeve t\u00eb 2001 p\u00ebsoi nj\u00eb kriz\u00eb dhe e rimori veten, mund t\u00eb p\u00ebrdoret si nj\u00eb pik\u00eb krahasimi. U paralajm\u00ebrua se Argjentina do t\u00eb falimentonte n\u00eb qoft\u00eb se do t\u00eb ndalt\u00eb t\u00eb dob\u00ebsonte peson kundrejt dollarit dhe ato nuk e shlyen borxhin n\u00eb koh\u00eb. Natyrisht ka shum\u00eb ndryshime nd\u00ebrmjet Greqis\u00eb dhe Argjentin\u00ebs, por vonesa e saj n\u00eb shlyerjen e borxhit solli vet\u00ebm disa muaj recesioni dhe m\u00eb pas vite t\u00eb t\u00ebra t\u00eb nj\u00eb rritjeje ekonomik\u00eb t\u00eb q\u00ebndrueshme. Ky \u00ebsht\u00eb nj\u00eb pozicion krejt\u00ebsisht ndryshe nga ai i Greqis\u00eb, e cila po e fut veten n\u00eb nj\u00eb rrug\u00eb t\u00eb pafundme tkurrjesh, e cila po shkat\u00ebrron ekonomikisht me miliona jet\u00eb dhe po gjymton r\u00ebnd\u00eb shpirtin e paepur grek.<\/p>\n<p>\u00cbsht\u00eb m\u00ebse e v\u00ebrtet\u00eb se grek\u00ebt kan\u00eb vepruar n\u00eb m\u00ebnyr\u00eb t\u00eb pap\u00ebrgjegjshme para kriz\u00ebs ekonomike. Shembulli tipik \u00ebsht\u00eb ai i babait tim. Por kjo nuk \u00ebsht\u00eb arsye q\u00eb t\u00eb nd\u00ebshkohen f\u00ebmij\u00ebt, t\u2019i shkat\u00ebrrosh atyre t\u00eb ardhmen, p\u00ebr at\u00eb q\u00eb kan\u00eb b\u00ebr\u00eb baballar\u00ebt e tyre. Ato nuk jan\u00eb kurrsesi p\u00ebrgjegj\u00ebs p\u00ebr at\u00eb \u00e7ka ka ndodhur n\u00eb t\u00eb shkuar\u00ebn.<\/p>\n<p>Un\u00eb kam kaluar shum\u00eb net vere n\u00eb sheshin Syntagma, p\u00ebrball\u00eb parlamentit. Ai \u00ebsht\u00eb i mbushur k\u00ebto dit\u00eb me t\u00eb rinj e t\u00eb vjet\u00ebr, t\u00eb vet\u00ebpun\u00ebsuar e t\u00eb papun\u00eb, aktivist\u00eb e pensionist\u00eb. Miliona grek\u00eb t\u00eb tjer\u00eb p\u00ebrdor\u00ebn medien sociale p\u00ebr t\u2019iu bashkuar protestuesve.<\/p>\n<p>Gjithandej kamerier\u00ebt, taksixhinjt\u00eb, dyqanxhinjt\u00eb edhe njer\u00ebzit n\u00eb tavolinat ngjitur kishin vet\u00ebm nj\u00eb tem\u00eb bisede. Ata desh\u00ebn dhe duan akoma q\u00eb t\u00eb jen\u00eb m\u00eb t\u00eb p\u00ebrfshir\u00eb n\u00eb vendimet q\u00eb prekin t\u00eb ardhmen e tyre, nj\u00eb t\u00eb ardhme, q\u00eb e d\u00ebshirojn\u00eb me m\u00eb shum\u00eb zgjedhje se ato q\u00eb ofrohen nga Banka Qendrore Evropiane.<\/p>\n<p>Kur Papandreu, kryeministri i dor\u00ebhequr i Greqis\u00eb vizitoi zyr\u00ebn e shtypit t\u00eb Huffington Post, shprehu t\u00eb nj\u00ebjtat ndjenja. \u201cNjer\u00ebzit mendojn\u00eb se jan\u00eb duke u nd\u00ebshkuar padrejt\u00ebsisht. Ato gjithashtu ndjejn\u00eb se nuk jan\u00eb fajtor\u00eb p\u00ebr kriz\u00ebn\u201d, tha ai.<\/p>\n<p>Greqia, pak a shum\u00eb si n\u00ebna ime, gjithmon\u00eb i ka patur f\u00ebmij\u00ebt e saj prioritet ndaj gjith\u00e7kaje. Kur e ardhmja e atyre f\u00ebmij\u00ebve cungohet, at\u00ebher\u00eb e ardhmja dhe jeta e t\u00eb gjith\u00eb Greqis\u00eb cungohet gjithashtu.<\/p>\n<p>Fotoja ime e preferuar nga protestat \u00ebsht\u00eb ajo e nj\u00eb djaloshi, i cili k\u00ebrc\u00ebnon me grushte nj\u00eb rresht policash, nd\u00ebrsa mamaja e tij i mban xhaket\u00ebn pran\u00eb q\u00eb djalin t\u00eb mos ta z\u00ebr\u00eb i ftohti. N\u00eb qoft\u00eb se Greqia vazhdon n\u00eb rrug\u00ebn e saj pa krye t\u00eb recesionit t\u00eb shkaktuar prej tkurrjeve dhe kursimeve, rinia do t\u00eb revoltohet dhe prind\u00ebrit do t\u00eb jen\u00eb gjithmon\u00eb me to, duke i dh\u00ebn\u00eb zem\u00ebr dhe duke u kujdesur p\u00ebr to.<\/p>\n<p>Dhe n\u00eb qoft\u00eb se t\u00eb pasurit t\u00eb ardhme p\u00ebrkthehet n\u00eb l\u00ebnien e euros, ajo do t\u00eb jet\u00eb edhe zgjedhja e grek\u00ebve. Grek\u00ebt jan\u00eb ata q\u00eb krijuan demokracin\u00eb dhe tani \u00ebsht\u00eb koha q\u00eb ai shpirt novacioni dhe zot\u00ebsie t\u00eb rindizet p\u00ebrpara se telashet ekonomike t\u00eb prodhojn\u00eb m\u00eb shum\u00eb d\u00ebshp\u00ebrim,- si n\u00ebp\u00ebr rrug\u00eb ashtu dhe n\u00eb kutit\u00eb e votimit.<\/p>\n<p>P\u00ebrktheu: <strong>Aldion Baze<\/strong><\/p>\n","protected":false},"excerpt":{"rendered":"<p>Nga Arianna Huffington, 15 Maj 2012 Kryeredaktore e Huffington Post Teksa ndjek tragjedin\u00eb moderne greke t\u00eb luhet n\u00eb sken\u00ebn evropiane, m\u00eb kujtohen vetvetiu ato 18 vite t\u00eb kaluara n\u00eb Athin\u00eb, duke shkuar p\u00ebr n\u00eb shkoll\u00eb n\u00eb Plaka (pjesa e vjet\u00ebr e qytetit), n\u00eb t\u00eb nj\u00ebjt\u00ebn rrug\u00eb q\u00eb tani m\u00ebsyhet nga protestuesit dhe dhuna. Gjat\u00eb f\u00ebmij\u00ebris\u00eb, [&hellip;]<\/p>\n","protected":false},"author":1,"featured_media":0,"comment_status":"open","ping_status":"closed","sticky":false,"template":"","format":"standard","meta":{"footnotes":""},"categories":[2],"tags":[],"class_list":{"0":"post-2802","1":"post","2":"type-post","3":"status-publish","4":"format-standard","6":"category-artikuj"},"yoast_head":"<!-- This site is optimized with the Yoast SEO plugin v27.4 - https:\/\/yoast.com\/product\/yoast-seo-wordpress\/ -->\n<title>Tragjedi greke - FjALA e LIR\u00cb - Arkivi<\/title>\n<meta name=\"robots\" content=\"index, follow, max-snippet:-1, max-image-preview:large, max-video-preview:-1\" \/>\n<link rel=\"canonical\" href=\"https:\/\/fjala.info\/2009-2015\/tragjedi-greke\/\" \/>\n<meta property=\"og:locale\" content=\"sq_AL\" \/>\n<meta property=\"og:type\" content=\"article\" \/>\n<meta property=\"og:title\" content=\"Tragjedi greke - FjALA e LIR\u00cb - Arkivi\" \/>\n<meta property=\"og:description\" content=\"Nga Arianna Huffington, 15 Maj 2012 Kryeredaktore e Huffington Post Teksa ndjek tragjedin\u00eb moderne greke t\u00eb luhet n\u00eb sken\u00ebn evropiane, m\u00eb kujtohen vetvetiu ato 18 vite t\u00eb kaluara n\u00eb Athin\u00eb, duke shkuar p\u00ebr n\u00eb shkoll\u00eb n\u00eb Plaka (pjesa e vjet\u00ebr e qytetit), n\u00eb t\u00eb nj\u00ebjt\u00ebn rrug\u00eb q\u00eb tani m\u00ebsyhet nga protestuesit dhe dhuna. Gjat\u00eb f\u00ebmij\u00ebris\u00eb, [&hellip;]\" \/>\n<meta property=\"og:url\" content=\"https:\/\/fjala.info\/2009-2015\/tragjedi-greke\/\" \/>\n<meta property=\"og:site_name\" content=\"FjALA e LIR\u00cb - Arkivi\" \/>\n<meta property=\"article:published_time\" content=\"2012-05-16T09:12:59+00:00\" \/>\n<meta property=\"og:image\" content=\"http:\/\/www.shkoder.net\/2012\/tragjedia_greke.jpg\" \/>\n<meta name=\"author\" content=\"admin\" \/>\n<meta name=\"twitter:card\" content=\"summary_large_image\" \/>\n<meta name=\"twitter:label1\" content=\"Written by\" \/>\n\t<meta name=\"twitter:data1\" content=\"admin\" \/>\n\t<meta name=\"twitter:label2\" content=\"Est. reading time\" \/>\n\t<meta name=\"twitter:data2\" content=\"5 minutes\" \/>\n<script type=\"application\/ld+json\" class=\"yoast-schema-graph\">{\"@context\":\"https:\\\/\\\/schema.org\",\"@graph\":[{\"@type\":\"Article\",\"@id\":\"https:\\\/\\\/fjala.info\\\/2009-2015\\\/tragjedi-greke\\\/#article\",\"isPartOf\":{\"@id\":\"https:\\\/\\\/fjala.info\\\/2009-2015\\\/tragjedi-greke\\\/\"},\"author\":{\"name\":\"admin\",\"@id\":\"https:\\\/\\\/fjala.info\\\/2009-2015\\\/#\\\/schema\\\/person\\\/3aa1163ef05469c496fc94e77611ada2\"},\"headline\":\"Tragjedi greke\",\"datePublished\":\"2012-05-16T09:12:59+00:00\",\"mainEntityOfPage\":{\"@id\":\"https:\\\/\\\/fjala.info\\\/2009-2015\\\/tragjedi-greke\\\/\"},\"wordCount\":1083,\"commentCount\":0,\"publisher\":{\"@id\":\"https:\\\/\\\/fjala.info\\\/2009-2015\\\/#organization\"},\"image\":{\"@id\":\"https:\\\/\\\/fjala.info\\\/2009-2015\\\/tragjedi-greke\\\/#primaryimage\"},\"thumbnailUrl\":\"http:\\\/\\\/www.shkoder.net\\\/2012\\\/tragjedia_greke.jpg\",\"articleSection\":[\"Artikuj\"],\"inLanguage\":\"sq-AL\",\"potentialAction\":[{\"@type\":\"CommentAction\",\"name\":\"Comment\",\"target\":[\"https:\\\/\\\/fjala.info\\\/2009-2015\\\/tragjedi-greke\\\/#respond\"]}]},{\"@type\":\"WebPage\",\"@id\":\"https:\\\/\\\/fjala.info\\\/2009-2015\\\/tragjedi-greke\\\/\",\"url\":\"https:\\\/\\\/fjala.info\\\/2009-2015\\\/tragjedi-greke\\\/\",\"name\":\"Tragjedi greke - FjALA e LIR\u00cb - Arkivi\",\"isPartOf\":{\"@id\":\"https:\\\/\\\/fjala.info\\\/2009-2015\\\/#website\"},\"primaryImageOfPage\":{\"@id\":\"https:\\\/\\\/fjala.info\\\/2009-2015\\\/tragjedi-greke\\\/#primaryimage\"},\"image\":{\"@id\":\"https:\\\/\\\/fjala.info\\\/2009-2015\\\/tragjedi-greke\\\/#primaryimage\"},\"thumbnailUrl\":\"http:\\\/\\\/www.shkoder.net\\\/2012\\\/tragjedia_greke.jpg\",\"datePublished\":\"2012-05-16T09:12:59+00:00\",\"breadcrumb\":{\"@id\":\"https:\\\/\\\/fjala.info\\\/2009-2015\\\/tragjedi-greke\\\/#breadcrumb\"},\"inLanguage\":\"sq-AL\",\"potentialAction\":[{\"@type\":\"ReadAction\",\"target\":[\"https:\\\/\\\/fjala.info\\\/2009-2015\\\/tragjedi-greke\\\/\"]}]},{\"@type\":\"ImageObject\",\"inLanguage\":\"sq-AL\",\"@id\":\"https:\\\/\\\/fjala.info\\\/2009-2015\\\/tragjedi-greke\\\/#primaryimage\",\"url\":\"http:\\\/\\\/www.shkoder.net\\\/2012\\\/tragjedia_greke.jpg\",\"contentUrl\":\"http:\\\/\\\/www.shkoder.net\\\/2012\\\/tragjedia_greke.jpg\"},{\"@type\":\"BreadcrumbList\",\"@id\":\"https:\\\/\\\/fjala.info\\\/2009-2015\\\/tragjedi-greke\\\/#breadcrumb\",\"itemListElement\":[{\"@type\":\"ListItem\",\"position\":1,\"name\":\"Home\",\"item\":\"https:\\\/\\\/fjala.info\\\/2009-2015\\\/\"},{\"@type\":\"ListItem\",\"position\":2,\"name\":\"Tragjedi greke\"}]},{\"@type\":\"WebSite\",\"@id\":\"https:\\\/\\\/fjala.info\\\/2009-2015\\\/#website\",\"url\":\"https:\\\/\\\/fjala.info\\\/2009-2015\\\/\",\"name\":\"FjALA e LIR\u00cb - Arkivi\",\"description\":\"Arkivi 2009-2015\",\"publisher\":{\"@id\":\"https:\\\/\\\/fjala.info\\\/2009-2015\\\/#organization\"},\"potentialAction\":[{\"@type\":\"SearchAction\",\"target\":{\"@type\":\"EntryPoint\",\"urlTemplate\":\"https:\\\/\\\/fjala.info\\\/2009-2015\\\/?s={search_term_string}\"},\"query-input\":{\"@type\":\"PropertyValueSpecification\",\"valueRequired\":true,\"valueName\":\"search_term_string\"}}],\"inLanguage\":\"sq-AL\"},{\"@type\":\"Organization\",\"@id\":\"https:\\\/\\\/fjala.info\\\/2009-2015\\\/#organization\",\"name\":\"FjALA e LIR\u00cb - Arkivi\",\"url\":\"https:\\\/\\\/fjala.info\\\/2009-2015\\\/\",\"logo\":{\"@type\":\"ImageObject\",\"inLanguage\":\"sq-AL\",\"@id\":\"https:\\\/\\\/fjala.info\\\/2009-2015\\\/#\\\/schema\\\/logo\\\/image\\\/\",\"url\":\"\",\"contentUrl\":\"\",\"caption\":\"FjALA e LIR\u00cb - Arkivi\"},\"image\":{\"@id\":\"https:\\\/\\\/fjala.info\\\/2009-2015\\\/#\\\/schema\\\/logo\\\/image\\\/\"}},{\"@type\":\"Person\",\"@id\":\"https:\\\/\\\/fjala.info\\\/2009-2015\\\/#\\\/schema\\\/person\\\/3aa1163ef05469c496fc94e77611ada2\",\"name\":\"admin\",\"image\":{\"@type\":\"ImageObject\",\"inLanguage\":\"sq-AL\",\"@id\":\"https:\\\/\\\/fjala.info\\\/2009-2015\\\/wp-content\\\/uploads\\\/2012\\\/02\\\/arben_cokaj-120x150.jpg\",\"url\":\"https:\\\/\\\/fjala.info\\\/2009-2015\\\/wp-content\\\/uploads\\\/2012\\\/02\\\/arben_cokaj-120x150.jpg\",\"contentUrl\":\"https:\\\/\\\/fjala.info\\\/2009-2015\\\/wp-content\\\/uploads\\\/2012\\\/02\\\/arben_cokaj-120x150.jpg\",\"caption\":\"admin\"},\"description\":\"Admin, Fjala e Lir\u00eb\",\"sameAs\":[\"https:\\\/\\\/fjala.info\\\/\"],\"url\":\"https:\\\/\\\/fjala.info\\\/2009-2015\\\/author\\\/admin\\\/\"}]}<\/script>\n<!-- \/ Yoast SEO plugin. -->","yoast_head_json":{"title":"Tragjedi greke - FjALA e LIR\u00cb - Arkivi","robots":{"index":"index","follow":"follow","max-snippet":"max-snippet:-1","max-image-preview":"max-image-preview:large","max-video-preview":"max-video-preview:-1"},"canonical":"https:\/\/fjala.info\/2009-2015\/tragjedi-greke\/","og_locale":"sq_AL","og_type":"article","og_title":"Tragjedi greke - FjALA e LIR\u00cb - Arkivi","og_description":"Nga Arianna Huffington, 15 Maj 2012 Kryeredaktore e Huffington Post Teksa ndjek tragjedin\u00eb moderne greke t\u00eb luhet n\u00eb sken\u00ebn evropiane, m\u00eb kujtohen vetvetiu ato 18 vite t\u00eb kaluara n\u00eb Athin\u00eb, duke shkuar p\u00ebr n\u00eb shkoll\u00eb n\u00eb Plaka (pjesa e vjet\u00ebr e qytetit), n\u00eb t\u00eb nj\u00ebjt\u00ebn rrug\u00eb q\u00eb tani m\u00ebsyhet nga protestuesit dhe dhuna. Gjat\u00eb f\u00ebmij\u00ebris\u00eb, [&hellip;]","og_url":"https:\/\/fjala.info\/2009-2015\/tragjedi-greke\/","og_site_name":"FjALA e LIR\u00cb - Arkivi","article_published_time":"2012-05-16T09:12:59+00:00","og_image":[{"url":"http:\/\/www.shkoder.net\/2012\/tragjedia_greke.jpg","type":"","width":"","height":""}],"author":"admin","twitter_card":"summary_large_image","twitter_misc":{"Written by":"admin","Est. reading time":"5 minutes"},"schema":{"@context":"https:\/\/schema.org","@graph":[{"@type":"Article","@id":"https:\/\/fjala.info\/2009-2015\/tragjedi-greke\/#article","isPartOf":{"@id":"https:\/\/fjala.info\/2009-2015\/tragjedi-greke\/"},"author":{"name":"admin","@id":"https:\/\/fjala.info\/2009-2015\/#\/schema\/person\/3aa1163ef05469c496fc94e77611ada2"},"headline":"Tragjedi greke","datePublished":"2012-05-16T09:12:59+00:00","mainEntityOfPage":{"@id":"https:\/\/fjala.info\/2009-2015\/tragjedi-greke\/"},"wordCount":1083,"commentCount":0,"publisher":{"@id":"https:\/\/fjala.info\/2009-2015\/#organization"},"image":{"@id":"https:\/\/fjala.info\/2009-2015\/tragjedi-greke\/#primaryimage"},"thumbnailUrl":"http:\/\/www.shkoder.net\/2012\/tragjedia_greke.jpg","articleSection":["Artikuj"],"inLanguage":"sq-AL","potentialAction":[{"@type":"CommentAction","name":"Comment","target":["https:\/\/fjala.info\/2009-2015\/tragjedi-greke\/#respond"]}]},{"@type":"WebPage","@id":"https:\/\/fjala.info\/2009-2015\/tragjedi-greke\/","url":"https:\/\/fjala.info\/2009-2015\/tragjedi-greke\/","name":"Tragjedi greke - FjALA e LIR\u00cb - Arkivi","isPartOf":{"@id":"https:\/\/fjala.info\/2009-2015\/#website"},"primaryImageOfPage":{"@id":"https:\/\/fjala.info\/2009-2015\/tragjedi-greke\/#primaryimage"},"image":{"@id":"https:\/\/fjala.info\/2009-2015\/tragjedi-greke\/#primaryimage"},"thumbnailUrl":"http:\/\/www.shkoder.net\/2012\/tragjedia_greke.jpg","datePublished":"2012-05-16T09:12:59+00:00","breadcrumb":{"@id":"https:\/\/fjala.info\/2009-2015\/tragjedi-greke\/#breadcrumb"},"inLanguage":"sq-AL","potentialAction":[{"@type":"ReadAction","target":["https:\/\/fjala.info\/2009-2015\/tragjedi-greke\/"]}]},{"@type":"ImageObject","inLanguage":"sq-AL","@id":"https:\/\/fjala.info\/2009-2015\/tragjedi-greke\/#primaryimage","url":"http:\/\/www.shkoder.net\/2012\/tragjedia_greke.jpg","contentUrl":"http:\/\/www.shkoder.net\/2012\/tragjedia_greke.jpg"},{"@type":"BreadcrumbList","@id":"https:\/\/fjala.info\/2009-2015\/tragjedi-greke\/#breadcrumb","itemListElement":[{"@type":"ListItem","position":1,"name":"Home","item":"https:\/\/fjala.info\/2009-2015\/"},{"@type":"ListItem","position":2,"name":"Tragjedi greke"}]},{"@type":"WebSite","@id":"https:\/\/fjala.info\/2009-2015\/#website","url":"https:\/\/fjala.info\/2009-2015\/","name":"FjALA e LIR\u00cb - Arkivi","description":"Arkivi 2009-2015","publisher":{"@id":"https:\/\/fjala.info\/2009-2015\/#organization"},"potentialAction":[{"@type":"SearchAction","target":{"@type":"EntryPoint","urlTemplate":"https:\/\/fjala.info\/2009-2015\/?s={search_term_string}"},"query-input":{"@type":"PropertyValueSpecification","valueRequired":true,"valueName":"search_term_string"}}],"inLanguage":"sq-AL"},{"@type":"Organization","@id":"https:\/\/fjala.info\/2009-2015\/#organization","name":"FjALA e LIR\u00cb - Arkivi","url":"https:\/\/fjala.info\/2009-2015\/","logo":{"@type":"ImageObject","inLanguage":"sq-AL","@id":"https:\/\/fjala.info\/2009-2015\/#\/schema\/logo\/image\/","url":"","contentUrl":"","caption":"FjALA e LIR\u00cb - Arkivi"},"image":{"@id":"https:\/\/fjala.info\/2009-2015\/#\/schema\/logo\/image\/"}},{"@type":"Person","@id":"https:\/\/fjala.info\/2009-2015\/#\/schema\/person\/3aa1163ef05469c496fc94e77611ada2","name":"admin","image":{"@type":"ImageObject","inLanguage":"sq-AL","@id":"https:\/\/fjala.info\/2009-2015\/wp-content\/uploads\/2012\/02\/arben_cokaj-120x150.jpg","url":"https:\/\/fjala.info\/2009-2015\/wp-content\/uploads\/2012\/02\/arben_cokaj-120x150.jpg","contentUrl":"https:\/\/fjala.info\/2009-2015\/wp-content\/uploads\/2012\/02\/arben_cokaj-120x150.jpg","caption":"admin"},"description":"Admin, Fjala e Lir\u00eb","sameAs":["https:\/\/fjala.info\/"],"url":"https:\/\/fjala.info\/2009-2015\/author\/admin\/"}]}},"_links":{"self":[{"href":"https:\/\/fjala.info\/2009-2015\/wp-json\/wp\/v2\/posts\/2802","targetHints":{"allow":["GET"]}}],"collection":[{"href":"https:\/\/fjala.info\/2009-2015\/wp-json\/wp\/v2\/posts"}],"about":[{"href":"https:\/\/fjala.info\/2009-2015\/wp-json\/wp\/v2\/types\/post"}],"author":[{"embeddable":true,"href":"https:\/\/fjala.info\/2009-2015\/wp-json\/wp\/v2\/users\/1"}],"replies":[{"embeddable":true,"href":"https:\/\/fjala.info\/2009-2015\/wp-json\/wp\/v2\/comments?post=2802"}],"version-history":[{"count":0,"href":"https:\/\/fjala.info\/2009-2015\/wp-json\/wp\/v2\/posts\/2802\/revisions"}],"wp:attachment":[{"href":"https:\/\/fjala.info\/2009-2015\/wp-json\/wp\/v2\/media?parent=2802"}],"wp:term":[{"taxonomy":"category","embeddable":true,"href":"https:\/\/fjala.info\/2009-2015\/wp-json\/wp\/v2\/categories?post=2802"},{"taxonomy":"post_tag","embeddable":true,"href":"https:\/\/fjala.info\/2009-2015\/wp-json\/wp\/v2\/tags?post=2802"}],"curies":[{"name":"wp","href":"https:\/\/api.w.org\/{rel}","templated":true}]}}