{"id":2801,"date":"2010-05-25T07:36:36","date_gmt":"2010-05-25T06:36:36","guid":{"rendered":"http:\/\/fjala.shkoder.net\/?p=2801"},"modified":"2010-05-25T07:36:36","modified_gmt":"2010-05-25T06:36:36","slug":"edukimi-politik","status":"publish","type":"post","link":"https:\/\/fjala.info\/2009-2015\/edukimi-politik\/","title":{"rendered":"EDUKIMI POLITIK"},"content":{"rendered":"<p><img decoding=\"async\" style=\"margin-left: 10px; margin-right: 10px; border: 0px;\" src=\"http:\/\/www.shkoder.net\/images\/fjala\/bekim_rexhepi.jpg\" border=\"0\" alt=\"Bekim Rexhepi\" width=\"100\" align=\"right\" \/><\/p>\n<p><em>Mbase prej kohesh tendencat regresive duket se jan\u00eb gjalluar, jo pa ndonj\u00eb interes t\u00eb ve\u00e7ant\u00eb dhe orvaten t\u00eb rr\u00ebnojn\u00eb themelet e kultur\u00ebs se lasht\u00eb sedentare q\u00eb kan\u00eb vler\u00eb n\u00eb retrospektiv\u00ebn indoevropian\u00ebve t\u00eb vjet\u00ebr. Evropa m\u00eb shum\u00eb se sa diku tjet\u00ebr \u00ebsht\u00eb shp\u00ebrfytyruar nga barbaria e lindjes, madje kjo n\u00eb dheun e shqipeve qe stacionuar dend\u00ebsisht.<\/em><\/p>\n<p>nga <strong>Bekim Rexhepi<\/strong><\/p>\n<p><strong>Mungesa e edukimit<\/strong><br \/>\nMungesa e edukimit politik k\u00ebrkon nj\u00ebher\u00ebsh vetvetiu edukim politik. Ne nuk kemi edukim politik qe t\u00eb mendojm\u00eb se b\u00ebjm\u00eb politik\u00eb, madje nuk kemi arritur q\u00eb t\u00eb krijojm\u00eb ato kushte t\u00eb nevojshme dhe t\u00eb domosdoshme, q\u00eb l\u00ebn\u00eb nj\u00eb baz\u00eb t\u00eb sh\u00ebndosh\u00eb p\u00ebr edukim politik. Edukimi politik, si\u00e7 arrijm\u00eb t\u00eb kuptojm\u00eb n\u00eb k\u00ebto kushte nuk e b\u00ebn\u00eb dot vet\u00ebm nj\u00eb kated\u00ebr politike e nj\u00eb universiteti. <\/p>\n<p>Edukimi politik do mbase investime t\u00eb thella, q\u00eb nga k\u00ebto investime do t\u00eb mund t\u00eb dilej me suksese p\u00ebr edukimin politik, sepse t\u00eb investosh n\u00eb di\u00e7, padyshim se nuk mund t\u00eb quhet edhe fare e kot. Edukimin nuk duhet ta b\u00ebjm\u00eb mbi racionalitete, ndofta dhe pse duhet t\u00eb kemi frik\u00eb nga politika k\u00ebrc\u00ebnuese, por, sepse \u00ebsht\u00eb nevoj\u00eb dhe domosdoshm\u00ebri e jona emancipuese. T\u00eb jesh i edukuar n\u00eb politik\u00eb do t\u00eb thot\u00eb m\u00eb shum\u00eb p\u00ebr vete si politikan, p\u00ebr shoq\u00ebrin\u00eb, p\u00ebr vendin dhe p\u00ebr vlerat e p\u00ebrgjithshme. Nuk \u00ebsht\u00eb th\u00ebn\u00eb kot se nga \u201cedukimi nuk ka d\u00ebme\u201d!.<\/p>\n<p><strong>Masat e edukimit<\/strong><br \/>\nMasat e edukimi jan\u00eb t\u00eb shumta, por duhet t\u00eb ndi\u00e7en ato m\u00eb t\u00eb r\u00ebnd\u00ebsishmet, m\u00eb t\u00eb domosdoshmet, e si\u00e7 jan\u00eb shkollat p\u00ebrkat\u00ebse, universitet, kolegjet apo dhe institucionet. Nj\u00eb mas\u00eb e r\u00ebnd\u00ebsishme q\u00eb do t\u00eb mund t\u00eb zhvillonte mendimin p\u00ebr edukim politik do t\u00eb ishin edhe bibliotekat. Bibliotekat i mund\u00ebsojn\u00eb entuziazmuesit e fush\u00ebs s\u00eb politik\u00ebs t\u00eb p\u00ebrfitojn\u00eb njohuri dhe mbi edukimin nga\/dhe teorit\u00eb politike. <\/p>\n<p>Shfletimi i sa m\u00eb shum\u00eb i librave politik do e mos krijon mendimin pozitiv\u00eb p\u00ebr politik\u00ebn dhe nj\u00ebkoh\u00ebsisht i mbart\u00eb elemente t\u00eb r\u00ebnd\u00ebsishme dhe t\u00eb favorshme p\u00ebr nj\u00eb edukim politik\u00eb. Nd\u00ebrsa, duke mos pasur literatur\u00eb t\u00eb nevojshme apo t\u00eb domosdoshme n\u00eb biblioteka, nuk mund t\u00eb flasim edhe aq p\u00ebr edukim politik, ta marrim k\u00ebt\u00eb me nj\u00eb shembull metaforik; \u201c nuk mund ta drejtosh nj\u00eb makin\u00eb n\u00eb nj\u00eb autostrad\u00eb t\u00eb rrezikshme, duke mos njohur makin\u00ebn dhe duke mos pasur aft\u00ebsi p\u00ebr t\u00eb drejtuar n\u00eb autostrad\u00eb\u201d.<\/p>\n<p>E para e pun\u00ebs q\u00eb duhet t\u00eb b\u00ebjm\u00eb p\u00ebr edukimin, \u00ebsht\u00eb mbushja e bibliotekave me literatur\u00eb t\u00eb nevojshme, dhe qe entuziazmuesit e fush\u00ebs s\u00eb politik\u00ebs t\u00eb ken\u00eb mund\u00ebsi t\u00eb ushtrojn\u00eb edukimin dhe t\u00eb mund t\u00eb mbushin vet\u00ebn e tyre m\u00eb dije. Hapja e shkollave e universiteteve mbase duhet t\u00eb b\u00ebhet, edhe pse ndofta ka munges\u00eb t\u00eb m\u00ebsuesve apo profesor\u00ebve, alternativa na shpie qe ata t\u00eb mund t\u00eb merren edhe n\u00eb vendet e tjera, q\u00eb konsiderohen t\u00eb zhvilluara dhe t\u00eb edukuara politikisht.<\/p>\n<p>Pastaj, recidivist\u00ebt edhe n\u00eb institucionet politike, entuziazmuesit e rij\u00eb t\u00eb mund t\u00eb ken\u00eb qasje, duke v\u00ebzhguar pun\u00ebn e p\u00ebrditshme n\u00eb zyrat e p\u00ebrfaq\u00ebsuesve politik, pjes\u00ebmarrje n\u00eb debate parlamentare, n\u00eb seminaret politike e, dhe n\u00eb shum\u00eb aksione politike q\u00eb i ofrohen shoq\u00ebris\u00eb. Ka t\u00eb drejt\u00eb Patrice Canivez, kur thot\u00eb se: \u201cEdukimi duhet t\u00eb jet\u00eb konservativ\u00eb, nga ana tjet\u00ebr pik\u00ebrisht, sepse \u00ebsht\u00eb i lidhur me aksionin. Brezat e rij\u00eb duhet t\u00eb ndihmohen t\u00eb gjejn\u00eb vendin e tyre n\u00eb Bot\u00eb\u201d.<\/p>\n<p><strong>Edukimi konservativ\u00eb<\/strong><br \/>\nAutoriteti duhet t\u00eb marr\u00eb m\u00eb me ngulm arsimimin jo p\u00ebrmes ushtrimit t\u00eb mekanizmit t\u00eb forc\u00ebs, por p\u00ebrmes aksioneve q\u00eb t\u00eb rrisin novacionin n\u00eb shoq\u00ebri sepse jemi b\u00ebr\u00eb t\u00eb shqet\u00ebsuar me dukurit regresive. Mbase prej kohesh tendencat regresive duket se jan\u00eb gjalluar, jo pa ndonj\u00eb interes t\u00eb ve\u00e7ant\u00eb dhe orvaten t\u00eb rr\u00ebnojn\u00eb themelet e kultur\u00ebs se lasht\u00eb sedentare q\u00eb kan\u00eb vler\u00eb n\u00eb retrospektiv\u00ebn indoevropian\u00ebve t\u00eb vjet\u00ebr. Evropa m\u00eb shum\u00eb se sa diku tjet\u00ebr \u00ebsht\u00eb shp\u00ebrfytyruar nga barbaria e lindjes, madje kjo n\u00eb dheun e shqipeve qe stacionuar dend\u00ebsisht. <\/p>\n<p>Evropa nuk b\u00ebhet dot pa figurat m\u00eb eminente t\u00eb saj si Gjergjit Kastrioti, N\u00ebna Teres\u00eb, Sh\u00ebn Albani dhe t\u00eb tjer\u00eb. K\u00ebto tendenca regresive po p\u00ebrpiqen t\u00eb \u00e7\u2019mitizojn\u00eb k\u00ebto kode t\u00eb kultur\u00ebs s\u00eb madhe. Ky lloj regresioni i dal\u00eb si lugat i \u00ebsht\u00eb futur edhe nga brenda kultur\u00ebs shqiptare, l\u00ebvizjet e shumta, t\u00eb reshtura po i sillen p\u00ebrreth me nj\u00eb lloj edukim banal p\u00ebr t\u00eb \u00e7\u2019koduar kodet e kultur\u00ebs. Sfilitja nga miti me pseudo fakte t\u00eb ndjell\u00eb nga regresist\u00ebt ne em\u00ebr t\u00eb historis\u00eb s\u00eb v\u00ebrtet\u00eb po vazhdon, po e kthe edukimin kulturor n\u00eb kriz\u00eb identiteti dhe fataliteti. <\/p>\n<p>Identiteti \u00ebsht\u00eb i nevojsh\u00ebm p\u00ebr secilin nj\u00ebri, nd\u00ebrsa arrijm\u00eb te konkluzioni se tendenca p\u00ebr t\u00eb shkrir\u00eb identitet \u00ebsht\u00eb vet\u00ebm paraqitja e nj\u00eb kollitje t\u00eb keqe, madje n\u00eb stin\u00eb vere. Nd\u00ebrsa ne nuk na mbete sfid\u00eb tjet\u00ebr, po ve\u00e7se rikthimi n\u00eb edukim konservativ\u00eb, duke i njohur sa m\u00eb thell\u00eb vlerat e kultur\u00ebs son\u00eb dhe duke i b\u00ebr\u00eb ato prezenc\u00eb n\u00eb bot\u00eb. Indiferent nuk mund t\u00eb mbetet sa politika dhe as politikani i sot\u00ebm shqiptar.<\/p>\n<p><em>23.05.2010<\/em><\/p>\n","protected":false},"excerpt":{"rendered":"<p>Mbase prej kohesh tendencat regresive duket se jan\u00eb gjalluar, jo pa ndonj\u00eb interes t\u00eb ve\u00e7ant\u00eb dhe orvaten t\u00eb rr\u00ebnojn\u00eb themelet e kultur\u00ebs se lasht\u00eb sedentare q\u00eb kan\u00eb vler\u00eb n\u00eb retrospektiv\u00ebn indoevropian\u00ebve t\u00eb vjet\u00ebr. Evropa m\u00eb shum\u00eb se sa diku tjet\u00ebr \u00ebsht\u00eb shp\u00ebrfytyruar nga barbaria e lindjes, madje kjo n\u00eb dheun e shqipeve qe stacionuar dend\u00ebsisht. [&hellip;]<\/p>\n","protected":false},"author":1,"featured_media":0,"comment_status":"open","ping_status":"closed","sticky":false,"template":"","format":"standard","meta":{"footnotes":""},"categories":[2],"tags":[],"class_list":{"0":"post-2801","1":"post","2":"type-post","3":"status-publish","4":"format-standard","6":"category-artikuj"},"yoast_head":"<!-- This site is optimized with the Yoast SEO plugin v27.4 - https:\/\/yoast.com\/product\/yoast-seo-wordpress\/ -->\n<title>EDUKIMI POLITIK - FjALA e LIR\u00cb - Arkivi<\/title>\n<meta name=\"robots\" content=\"index, follow, max-snippet:-1, max-image-preview:large, max-video-preview:-1\" \/>\n<link rel=\"canonical\" href=\"https:\/\/fjala.info\/2009-2015\/edukimi-politik\/\" \/>\n<meta property=\"og:locale\" content=\"sq_AL\" \/>\n<meta property=\"og:type\" content=\"article\" \/>\n<meta property=\"og:title\" content=\"EDUKIMI POLITIK - FjALA e LIR\u00cb - Arkivi\" \/>\n<meta property=\"og:description\" content=\"Mbase prej kohesh tendencat regresive duket se jan\u00eb gjalluar, jo pa ndonj\u00eb interes t\u00eb ve\u00e7ant\u00eb dhe orvaten t\u00eb rr\u00ebnojn\u00eb themelet e kultur\u00ebs se lasht\u00eb sedentare q\u00eb kan\u00eb vler\u00eb n\u00eb retrospektiv\u00ebn indoevropian\u00ebve t\u00eb vjet\u00ebr. Evropa m\u00eb shum\u00eb se sa diku tjet\u00ebr \u00ebsht\u00eb shp\u00ebrfytyruar nga barbaria e lindjes, madje kjo n\u00eb dheun e shqipeve qe stacionuar dend\u00ebsisht. [&hellip;]\" \/>\n<meta property=\"og:url\" content=\"https:\/\/fjala.info\/2009-2015\/edukimi-politik\/\" \/>\n<meta property=\"og:site_name\" content=\"FjALA e LIR\u00cb - Arkivi\" \/>\n<meta property=\"article:published_time\" content=\"2010-05-25T06:36:36+00:00\" \/>\n<meta property=\"og:image\" content=\"http:\/\/www.shkoder.net\/images\/fjala\/bekim_rexhepi.jpg\" \/>\n<meta name=\"author\" content=\"admin\" \/>\n<meta name=\"twitter:card\" content=\"summary_large_image\" \/>\n<meta name=\"twitter:label1\" content=\"Written by\" \/>\n\t<meta name=\"twitter:data1\" content=\"admin\" \/>\n\t<meta name=\"twitter:label2\" content=\"Est. reading time\" \/>\n\t<meta name=\"twitter:data2\" content=\"5 minutes\" \/>\n<script type=\"application\/ld+json\" class=\"yoast-schema-graph\">{\"@context\":\"https:\\\/\\\/schema.org\",\"@graph\":[{\"@type\":\"Article\",\"@id\":\"https:\\\/\\\/fjala.info\\\/2009-2015\\\/edukimi-politik\\\/#article\",\"isPartOf\":{\"@id\":\"https:\\\/\\\/fjala.info\\\/2009-2015\\\/edukimi-politik\\\/\"},\"author\":{\"name\":\"admin\",\"@id\":\"https:\\\/\\\/fjala.info\\\/2009-2015\\\/#\\\/schema\\\/person\\\/3aa1163ef05469c496fc94e77611ada2\"},\"headline\":\"EDUKIMI POLITIK\",\"datePublished\":\"2010-05-25T06:36:36+00:00\",\"mainEntityOfPage\":{\"@id\":\"https:\\\/\\\/fjala.info\\\/2009-2015\\\/edukimi-politik\\\/\"},\"wordCount\":909,\"commentCount\":0,\"publisher\":{\"@id\":\"https:\\\/\\\/fjala.info\\\/2009-2015\\\/#organization\"},\"image\":{\"@id\":\"https:\\\/\\\/fjala.info\\\/2009-2015\\\/edukimi-politik\\\/#primaryimage\"},\"thumbnailUrl\":\"http:\\\/\\\/www.shkoder.net\\\/images\\\/fjala\\\/bekim_rexhepi.jpg\",\"articleSection\":[\"Artikuj\"],\"inLanguage\":\"sq-AL\",\"potentialAction\":[{\"@type\":\"CommentAction\",\"name\":\"Comment\",\"target\":[\"https:\\\/\\\/fjala.info\\\/2009-2015\\\/edukimi-politik\\\/#respond\"]}]},{\"@type\":\"WebPage\",\"@id\":\"https:\\\/\\\/fjala.info\\\/2009-2015\\\/edukimi-politik\\\/\",\"url\":\"https:\\\/\\\/fjala.info\\\/2009-2015\\\/edukimi-politik\\\/\",\"name\":\"EDUKIMI POLITIK - FjALA e LIR\u00cb - Arkivi\",\"isPartOf\":{\"@id\":\"https:\\\/\\\/fjala.info\\\/2009-2015\\\/#website\"},\"primaryImageOfPage\":{\"@id\":\"https:\\\/\\\/fjala.info\\\/2009-2015\\\/edukimi-politik\\\/#primaryimage\"},\"image\":{\"@id\":\"https:\\\/\\\/fjala.info\\\/2009-2015\\\/edukimi-politik\\\/#primaryimage\"},\"thumbnailUrl\":\"http:\\\/\\\/www.shkoder.net\\\/images\\\/fjala\\\/bekim_rexhepi.jpg\",\"datePublished\":\"2010-05-25T06:36:36+00:00\",\"breadcrumb\":{\"@id\":\"https:\\\/\\\/fjala.info\\\/2009-2015\\\/edukimi-politik\\\/#breadcrumb\"},\"inLanguage\":\"sq-AL\",\"potentialAction\":[{\"@type\":\"ReadAction\",\"target\":[\"https:\\\/\\\/fjala.info\\\/2009-2015\\\/edukimi-politik\\\/\"]}]},{\"@type\":\"ImageObject\",\"inLanguage\":\"sq-AL\",\"@id\":\"https:\\\/\\\/fjala.info\\\/2009-2015\\\/edukimi-politik\\\/#primaryimage\",\"url\":\"http:\\\/\\\/www.shkoder.net\\\/images\\\/fjala\\\/bekim_rexhepi.jpg\",\"contentUrl\":\"http:\\\/\\\/www.shkoder.net\\\/images\\\/fjala\\\/bekim_rexhepi.jpg\"},{\"@type\":\"BreadcrumbList\",\"@id\":\"https:\\\/\\\/fjala.info\\\/2009-2015\\\/edukimi-politik\\\/#breadcrumb\",\"itemListElement\":[{\"@type\":\"ListItem\",\"position\":1,\"name\":\"Home\",\"item\":\"https:\\\/\\\/fjala.info\\\/2009-2015\\\/\"},{\"@type\":\"ListItem\",\"position\":2,\"name\":\"EDUKIMI POLITIK\"}]},{\"@type\":\"WebSite\",\"@id\":\"https:\\\/\\\/fjala.info\\\/2009-2015\\\/#website\",\"url\":\"https:\\\/\\\/fjala.info\\\/2009-2015\\\/\",\"name\":\"FjALA e LIR\u00cb - Arkivi\",\"description\":\"Arkivi 2009-2015\",\"publisher\":{\"@id\":\"https:\\\/\\\/fjala.info\\\/2009-2015\\\/#organization\"},\"potentialAction\":[{\"@type\":\"SearchAction\",\"target\":{\"@type\":\"EntryPoint\",\"urlTemplate\":\"https:\\\/\\\/fjala.info\\\/2009-2015\\\/?s={search_term_string}\"},\"query-input\":{\"@type\":\"PropertyValueSpecification\",\"valueRequired\":true,\"valueName\":\"search_term_string\"}}],\"inLanguage\":\"sq-AL\"},{\"@type\":\"Organization\",\"@id\":\"https:\\\/\\\/fjala.info\\\/2009-2015\\\/#organization\",\"name\":\"FjALA e LIR\u00cb - Arkivi\",\"url\":\"https:\\\/\\\/fjala.info\\\/2009-2015\\\/\",\"logo\":{\"@type\":\"ImageObject\",\"inLanguage\":\"sq-AL\",\"@id\":\"https:\\\/\\\/fjala.info\\\/2009-2015\\\/#\\\/schema\\\/logo\\\/image\\\/\",\"url\":\"\",\"contentUrl\":\"\",\"caption\":\"FjALA e LIR\u00cb - Arkivi\"},\"image\":{\"@id\":\"https:\\\/\\\/fjala.info\\\/2009-2015\\\/#\\\/schema\\\/logo\\\/image\\\/\"}},{\"@type\":\"Person\",\"@id\":\"https:\\\/\\\/fjala.info\\\/2009-2015\\\/#\\\/schema\\\/person\\\/3aa1163ef05469c496fc94e77611ada2\",\"name\":\"admin\",\"image\":{\"@type\":\"ImageObject\",\"inLanguage\":\"sq-AL\",\"@id\":\"https:\\\/\\\/fjala.info\\\/2009-2015\\\/wp-content\\\/uploads\\\/2012\\\/02\\\/arben_cokaj-120x150.jpg\",\"url\":\"https:\\\/\\\/fjala.info\\\/2009-2015\\\/wp-content\\\/uploads\\\/2012\\\/02\\\/arben_cokaj-120x150.jpg\",\"contentUrl\":\"https:\\\/\\\/fjala.info\\\/2009-2015\\\/wp-content\\\/uploads\\\/2012\\\/02\\\/arben_cokaj-120x150.jpg\",\"caption\":\"admin\"},\"description\":\"Admin, Fjala e Lir\u00eb\",\"sameAs\":[\"https:\\\/\\\/fjala.info\\\/\"],\"url\":\"https:\\\/\\\/fjala.info\\\/2009-2015\\\/author\\\/admin\\\/\"}]}<\/script>\n<!-- \/ Yoast SEO plugin. -->","yoast_head_json":{"title":"EDUKIMI POLITIK - FjALA e LIR\u00cb - Arkivi","robots":{"index":"index","follow":"follow","max-snippet":"max-snippet:-1","max-image-preview":"max-image-preview:large","max-video-preview":"max-video-preview:-1"},"canonical":"https:\/\/fjala.info\/2009-2015\/edukimi-politik\/","og_locale":"sq_AL","og_type":"article","og_title":"EDUKIMI POLITIK - FjALA e LIR\u00cb - Arkivi","og_description":"Mbase prej kohesh tendencat regresive duket se jan\u00eb gjalluar, jo pa ndonj\u00eb interes t\u00eb ve\u00e7ant\u00eb dhe orvaten t\u00eb rr\u00ebnojn\u00eb themelet e kultur\u00ebs se lasht\u00eb sedentare q\u00eb kan\u00eb vler\u00eb n\u00eb retrospektiv\u00ebn indoevropian\u00ebve t\u00eb vjet\u00ebr. Evropa m\u00eb shum\u00eb se sa diku tjet\u00ebr \u00ebsht\u00eb shp\u00ebrfytyruar nga barbaria e lindjes, madje kjo n\u00eb dheun e shqipeve qe stacionuar dend\u00ebsisht. [&hellip;]","og_url":"https:\/\/fjala.info\/2009-2015\/edukimi-politik\/","og_site_name":"FjALA e LIR\u00cb - Arkivi","article_published_time":"2010-05-25T06:36:36+00:00","og_image":[{"url":"http:\/\/www.shkoder.net\/images\/fjala\/bekim_rexhepi.jpg","type":"","width":"","height":""}],"author":"admin","twitter_card":"summary_large_image","twitter_misc":{"Written by":"admin","Est. reading time":"5 minutes"},"schema":{"@context":"https:\/\/schema.org","@graph":[{"@type":"Article","@id":"https:\/\/fjala.info\/2009-2015\/edukimi-politik\/#article","isPartOf":{"@id":"https:\/\/fjala.info\/2009-2015\/edukimi-politik\/"},"author":{"name":"admin","@id":"https:\/\/fjala.info\/2009-2015\/#\/schema\/person\/3aa1163ef05469c496fc94e77611ada2"},"headline":"EDUKIMI POLITIK","datePublished":"2010-05-25T06:36:36+00:00","mainEntityOfPage":{"@id":"https:\/\/fjala.info\/2009-2015\/edukimi-politik\/"},"wordCount":909,"commentCount":0,"publisher":{"@id":"https:\/\/fjala.info\/2009-2015\/#organization"},"image":{"@id":"https:\/\/fjala.info\/2009-2015\/edukimi-politik\/#primaryimage"},"thumbnailUrl":"http:\/\/www.shkoder.net\/images\/fjala\/bekim_rexhepi.jpg","articleSection":["Artikuj"],"inLanguage":"sq-AL","potentialAction":[{"@type":"CommentAction","name":"Comment","target":["https:\/\/fjala.info\/2009-2015\/edukimi-politik\/#respond"]}]},{"@type":"WebPage","@id":"https:\/\/fjala.info\/2009-2015\/edukimi-politik\/","url":"https:\/\/fjala.info\/2009-2015\/edukimi-politik\/","name":"EDUKIMI POLITIK - FjALA e LIR\u00cb - Arkivi","isPartOf":{"@id":"https:\/\/fjala.info\/2009-2015\/#website"},"primaryImageOfPage":{"@id":"https:\/\/fjala.info\/2009-2015\/edukimi-politik\/#primaryimage"},"image":{"@id":"https:\/\/fjala.info\/2009-2015\/edukimi-politik\/#primaryimage"},"thumbnailUrl":"http:\/\/www.shkoder.net\/images\/fjala\/bekim_rexhepi.jpg","datePublished":"2010-05-25T06:36:36+00:00","breadcrumb":{"@id":"https:\/\/fjala.info\/2009-2015\/edukimi-politik\/#breadcrumb"},"inLanguage":"sq-AL","potentialAction":[{"@type":"ReadAction","target":["https:\/\/fjala.info\/2009-2015\/edukimi-politik\/"]}]},{"@type":"ImageObject","inLanguage":"sq-AL","@id":"https:\/\/fjala.info\/2009-2015\/edukimi-politik\/#primaryimage","url":"http:\/\/www.shkoder.net\/images\/fjala\/bekim_rexhepi.jpg","contentUrl":"http:\/\/www.shkoder.net\/images\/fjala\/bekim_rexhepi.jpg"},{"@type":"BreadcrumbList","@id":"https:\/\/fjala.info\/2009-2015\/edukimi-politik\/#breadcrumb","itemListElement":[{"@type":"ListItem","position":1,"name":"Home","item":"https:\/\/fjala.info\/2009-2015\/"},{"@type":"ListItem","position":2,"name":"EDUKIMI POLITIK"}]},{"@type":"WebSite","@id":"https:\/\/fjala.info\/2009-2015\/#website","url":"https:\/\/fjala.info\/2009-2015\/","name":"FjALA e LIR\u00cb - Arkivi","description":"Arkivi 2009-2015","publisher":{"@id":"https:\/\/fjala.info\/2009-2015\/#organization"},"potentialAction":[{"@type":"SearchAction","target":{"@type":"EntryPoint","urlTemplate":"https:\/\/fjala.info\/2009-2015\/?s={search_term_string}"},"query-input":{"@type":"PropertyValueSpecification","valueRequired":true,"valueName":"search_term_string"}}],"inLanguage":"sq-AL"},{"@type":"Organization","@id":"https:\/\/fjala.info\/2009-2015\/#organization","name":"FjALA e LIR\u00cb - Arkivi","url":"https:\/\/fjala.info\/2009-2015\/","logo":{"@type":"ImageObject","inLanguage":"sq-AL","@id":"https:\/\/fjala.info\/2009-2015\/#\/schema\/logo\/image\/","url":"","contentUrl":"","caption":"FjALA e LIR\u00cb - Arkivi"},"image":{"@id":"https:\/\/fjala.info\/2009-2015\/#\/schema\/logo\/image\/"}},{"@type":"Person","@id":"https:\/\/fjala.info\/2009-2015\/#\/schema\/person\/3aa1163ef05469c496fc94e77611ada2","name":"admin","image":{"@type":"ImageObject","inLanguage":"sq-AL","@id":"https:\/\/fjala.info\/2009-2015\/wp-content\/uploads\/2012\/02\/arben_cokaj-120x150.jpg","url":"https:\/\/fjala.info\/2009-2015\/wp-content\/uploads\/2012\/02\/arben_cokaj-120x150.jpg","contentUrl":"https:\/\/fjala.info\/2009-2015\/wp-content\/uploads\/2012\/02\/arben_cokaj-120x150.jpg","caption":"admin"},"description":"Admin, Fjala e Lir\u00eb","sameAs":["https:\/\/fjala.info\/"],"url":"https:\/\/fjala.info\/2009-2015\/author\/admin\/"}]}},"_links":{"self":[{"href":"https:\/\/fjala.info\/2009-2015\/wp-json\/wp\/v2\/posts\/2801","targetHints":{"allow":["GET"]}}],"collection":[{"href":"https:\/\/fjala.info\/2009-2015\/wp-json\/wp\/v2\/posts"}],"about":[{"href":"https:\/\/fjala.info\/2009-2015\/wp-json\/wp\/v2\/types\/post"}],"author":[{"embeddable":true,"href":"https:\/\/fjala.info\/2009-2015\/wp-json\/wp\/v2\/users\/1"}],"replies":[{"embeddable":true,"href":"https:\/\/fjala.info\/2009-2015\/wp-json\/wp\/v2\/comments?post=2801"}],"version-history":[{"count":0,"href":"https:\/\/fjala.info\/2009-2015\/wp-json\/wp\/v2\/posts\/2801\/revisions"}],"wp:attachment":[{"href":"https:\/\/fjala.info\/2009-2015\/wp-json\/wp\/v2\/media?parent=2801"}],"wp:term":[{"taxonomy":"category","embeddable":true,"href":"https:\/\/fjala.info\/2009-2015\/wp-json\/wp\/v2\/categories?post=2801"},{"taxonomy":"post_tag","embeddable":true,"href":"https:\/\/fjala.info\/2009-2015\/wp-json\/wp\/v2\/tags?post=2801"}],"curies":[{"name":"wp","href":"https:\/\/api.w.org\/{rel}","templated":true}]}}