{"id":2800,"date":"2012-05-16T10:06:12","date_gmt":"2012-05-16T09:06:12","guid":{"rendered":"http:\/\/fjala.shkoder.net\/?p=2800"},"modified":"2012-05-16T10:06:12","modified_gmt":"2012-05-16T09:06:12","slug":"po-me-rudinen-cfare-pate","status":"publish","type":"post","link":"https:\/\/fjala.info\/2009-2015\/po-me-rudinen-cfare-pate\/","title":{"rendered":"Po me Rudin\u00ebn \u00e7far\u00eb pate?"},"content":{"rendered":"<p><img decoding=\"async\" class=\"alignright size-thumbnail wp-image-7236\" title=\"Anila Basha\" src=\"http:\/\/www.shkoder.net\/images\/fjala\/anila_basha.jpg\" alt=\"\" width=\"150\" \/> <strong>Anila Basha<\/strong><\/p>\n<p>D\u00ebgjova kryeministrin para deputet\u00ebve t\u00eb tij. U mor me Ram\u00ebn, Klosin dhe me Rudi Xhung\u00ebn. Me Ram\u00ebn, ok, merret se i takon t\u00eb merret. Me Klosin, b\u00ebn gabim q\u00eb merret pas vdekjes, sepse \u00ebsht\u00eb shum\u00eb von\u00eb p\u00ebr t\u00eb b\u00ebr\u00eb nj\u00eb p\u00ebrmbledhje t\u00eb m\u00ebnyr\u00ebs sesi kryeministri ka pas menduar nj\u00ebher\u00eb e nj\u00eb koh\u00eb p\u00ebr t\u00eb. Po me kolegen ton\u00eb gazetare \u00e7far\u00eb pati? Nuk guxoja ta shihja n\u00eb sy, ndaj mendova t\u2019i telefonoja n\u00eb numrin e tij t\u00eb telefonit.<br \/>\nUn\u00eb \u2013 Alo zoti Kryeminist\u00ebr.<br \/>\nAi \u2013 Po.<\/p>\n<p>Un\u00eb \u2013 Po si more zoti Berisha nuk t\u00eb kurseu goja as sharjet dhe fyerjet n\u00eb adres\u00eb t\u00eb nj\u00eb gazetareje? Mund t\u00eb mos ju p\u00eblqej\u00eb Rudina. Keni zgjedhur t\u00eb mos i shihni emisionet e saj, por sikurse ju dini ta b\u00ebni mjesht\u00ebrisht shum\u00eb mir\u00eb, me fjal\u00ebn tuaj p\u00ebrpara burrave dhe grave t\u00eb kuvendit, p\u00ebrfol\u00ebt edhe at\u00eb. U habita se para shum\u00eb koh\u00ebsh keni deklaruar se jeni totalisht n\u00eb mb\u00ebshtetje t\u00eb medias s\u00eb lir\u00eb. Madje e b\u00ebt\u00eb k\u00ebt\u00eb p\u00ebrpara komisionerit Fyle gjat\u00eb vizit\u00ebs s\u00eb tij t\u00eb 3 majit n\u00eb Tiran\u00eb. T\u00eb ish p\u00ebr Ju, ndoshta s\u2019do e kishit th\u00ebn\u00eb fare, por \u00e7\u2019t\u2019i b\u00ebnit Fyles.<\/p>\n<p>Sepse as Brukseli nuk e pranon dot faktin q\u00eb liria e medias n\u00eb Shqip\u00ebri ka zbritur brenda vitit 5 shkall\u00eb m\u00eb posht\u00eb. Nuk e di n\u00ebse v\u00ebrtet ju ka tmerruar fjalimi i Rudin\u00ebs n\u00eb varrimin e Ardian Klosit, por edhe sikur kjo t\u00eb ishte e v\u00ebrtet\u00eb, p\u00ebr hat\u00ebr t\u00eb deklaratave q\u00eb keni b\u00ebr\u00eb para shum\u00eb koh\u00ebsh, k\u00ebt\u00eb duhet ta kishit kursyer. N\u00eb fakt mund t\u00eb na shani t\u00eb gjith\u00ebve. Kan\u00eb mbetur fare pak media opozitare dhe n\u00ebp\u00ebrmjet k\u00ebtyre m\u00ebnyrave k\u00ebrkoni edhe t\u2019i intimidoni.<\/p>\n<p>Sepse jemi n\u00eb nj\u00eb terren gazetaresk ku p\u00ebr disa kompani mediatike rrogat e gazetar\u00ebve paguhen me kamiona kromi pa letra, apo n\u00eb disa t\u00eb tjera parat\u00eb e buxhetit mbulojn\u00eb detyrimet e padeklaruara n\u00eb shtet&#8230;T\u00eb gjitha ju b\u00ebjn\u00eb fresk nga m\u00ebngjesi n\u00eb dark\u00eb. Por media opozitare, e pavarur, profesionale, kritike ndaj jush dhe ndaj vendimeve t\u00eb qeveris\u00eb aty ku ka abuzime, do t\u00eb vazhdoj\u00eb. Dhe jo sepse ky \u00ebsht\u00eb q\u00ebllim n\u00eb vetvete p\u00ebr k\u00ebto media. Por sepse, k\u00ebshtu do t\u00eb p\u00ebrpiqemi t\u00eb forcojm\u00eb demokracin\u00eb n\u00eb Shqip\u00ebri. N\u00eb fakt, ju nuk keni shar\u00eb Rudin\u00ebn, inatin e keni me gjith\u00eb median q\u00eb nuk ju l\u00eb rehat.<\/p>\n","protected":false},"excerpt":{"rendered":"<p>Anila Basha D\u00ebgjova kryeministrin para deputet\u00ebve t\u00eb tij. U mor me Ram\u00ebn, Klosin dhe me Rudi Xhung\u00ebn. Me Ram\u00ebn, ok, merret se i takon t\u00eb merret. Me Klosin, b\u00ebn gabim q\u00eb merret pas vdekjes, sepse \u00ebsht\u00eb shum\u00eb von\u00eb p\u00ebr t\u00eb b\u00ebr\u00eb nj\u00eb p\u00ebrmbledhje t\u00eb m\u00ebnyr\u00ebs sesi kryeministri ka pas menduar nj\u00ebher\u00eb e nj\u00eb koh\u00eb p\u00ebr [&hellip;]<\/p>\n","protected":false},"author":1,"featured_media":0,"comment_status":"open","ping_status":"closed","sticky":false,"template":"","format":"standard","meta":{"footnotes":""},"categories":[2],"tags":[],"class_list":{"0":"post-2800","1":"post","2":"type-post","3":"status-publish","4":"format-standard","6":"category-artikuj"},"yoast_head":"<!-- This site is optimized with the Yoast SEO plugin v27.4 - https:\/\/yoast.com\/product\/yoast-seo-wordpress\/ -->\n<title>Po me Rudin\u00ebn \u00e7far\u00eb pate? - FjALA e LIR\u00cb - Arkivi<\/title>\n<meta name=\"robots\" content=\"index, follow, max-snippet:-1, max-image-preview:large, max-video-preview:-1\" \/>\n<link rel=\"canonical\" href=\"https:\/\/fjala.info\/2009-2015\/po-me-rudinen-cfare-pate\/\" \/>\n<meta property=\"og:locale\" content=\"sq_AL\" \/>\n<meta property=\"og:type\" content=\"article\" \/>\n<meta property=\"og:title\" content=\"Po me Rudin\u00ebn \u00e7far\u00eb pate? - FjALA e LIR\u00cb - Arkivi\" \/>\n<meta property=\"og:description\" content=\"Anila Basha D\u00ebgjova kryeministrin para deputet\u00ebve t\u00eb tij. U mor me Ram\u00ebn, Klosin dhe me Rudi Xhung\u00ebn. Me Ram\u00ebn, ok, merret se i takon t\u00eb merret. Me Klosin, b\u00ebn gabim q\u00eb merret pas vdekjes, sepse \u00ebsht\u00eb shum\u00eb von\u00eb p\u00ebr t\u00eb b\u00ebr\u00eb nj\u00eb p\u00ebrmbledhje t\u00eb m\u00ebnyr\u00ebs sesi kryeministri ka pas menduar nj\u00ebher\u00eb e nj\u00eb koh\u00eb p\u00ebr [&hellip;]\" \/>\n<meta property=\"og:url\" content=\"https:\/\/fjala.info\/2009-2015\/po-me-rudinen-cfare-pate\/\" \/>\n<meta property=\"og:site_name\" content=\"FjALA e LIR\u00cb - Arkivi\" \/>\n<meta property=\"article:published_time\" content=\"2012-05-16T09:06:12+00:00\" \/>\n<meta property=\"og:image\" content=\"http:\/\/www.shkoder.net\/images\/fjala\/anila_basha.jpg\" \/>\n<meta name=\"author\" content=\"admin\" \/>\n<meta name=\"twitter:card\" content=\"summary_large_image\" \/>\n<meta name=\"twitter:label1\" content=\"Written by\" \/>\n\t<meta name=\"twitter:data1\" content=\"admin\" \/>\n\t<meta name=\"twitter:label2\" content=\"Est. reading time\" \/>\n\t<meta name=\"twitter:data2\" content=\"2 minutes\" \/>\n<script type=\"application\/ld+json\" class=\"yoast-schema-graph\">{\"@context\":\"https:\\\/\\\/schema.org\",\"@graph\":[{\"@type\":\"Article\",\"@id\":\"https:\\\/\\\/fjala.info\\\/2009-2015\\\/po-me-rudinen-cfare-pate\\\/#article\",\"isPartOf\":{\"@id\":\"https:\\\/\\\/fjala.info\\\/2009-2015\\\/po-me-rudinen-cfare-pate\\\/\"},\"author\":{\"name\":\"admin\",\"@id\":\"https:\\\/\\\/fjala.info\\\/2009-2015\\\/#\\\/schema\\\/person\\\/3aa1163ef05469c496fc94e77611ada2\"},\"headline\":\"Po me Rudin\u00ebn \u00e7far\u00eb pate?\",\"datePublished\":\"2012-05-16T09:06:12+00:00\",\"mainEntityOfPage\":{\"@id\":\"https:\\\/\\\/fjala.info\\\/2009-2015\\\/po-me-rudinen-cfare-pate\\\/\"},\"wordCount\":439,\"commentCount\":0,\"publisher\":{\"@id\":\"https:\\\/\\\/fjala.info\\\/2009-2015\\\/#organization\"},\"image\":{\"@id\":\"https:\\\/\\\/fjala.info\\\/2009-2015\\\/po-me-rudinen-cfare-pate\\\/#primaryimage\"},\"thumbnailUrl\":\"http:\\\/\\\/www.shkoder.net\\\/images\\\/fjala\\\/anila_basha.jpg\",\"articleSection\":[\"Artikuj\"],\"inLanguage\":\"sq-AL\",\"potentialAction\":[{\"@type\":\"CommentAction\",\"name\":\"Comment\",\"target\":[\"https:\\\/\\\/fjala.info\\\/2009-2015\\\/po-me-rudinen-cfare-pate\\\/#respond\"]}]},{\"@type\":\"WebPage\",\"@id\":\"https:\\\/\\\/fjala.info\\\/2009-2015\\\/po-me-rudinen-cfare-pate\\\/\",\"url\":\"https:\\\/\\\/fjala.info\\\/2009-2015\\\/po-me-rudinen-cfare-pate\\\/\",\"name\":\"Po me Rudin\u00ebn \u00e7far\u00eb pate? - FjALA e LIR\u00cb - Arkivi\",\"isPartOf\":{\"@id\":\"https:\\\/\\\/fjala.info\\\/2009-2015\\\/#website\"},\"primaryImageOfPage\":{\"@id\":\"https:\\\/\\\/fjala.info\\\/2009-2015\\\/po-me-rudinen-cfare-pate\\\/#primaryimage\"},\"image\":{\"@id\":\"https:\\\/\\\/fjala.info\\\/2009-2015\\\/po-me-rudinen-cfare-pate\\\/#primaryimage\"},\"thumbnailUrl\":\"http:\\\/\\\/www.shkoder.net\\\/images\\\/fjala\\\/anila_basha.jpg\",\"datePublished\":\"2012-05-16T09:06:12+00:00\",\"breadcrumb\":{\"@id\":\"https:\\\/\\\/fjala.info\\\/2009-2015\\\/po-me-rudinen-cfare-pate\\\/#breadcrumb\"},\"inLanguage\":\"sq-AL\",\"potentialAction\":[{\"@type\":\"ReadAction\",\"target\":[\"https:\\\/\\\/fjala.info\\\/2009-2015\\\/po-me-rudinen-cfare-pate\\\/\"]}]},{\"@type\":\"ImageObject\",\"inLanguage\":\"sq-AL\",\"@id\":\"https:\\\/\\\/fjala.info\\\/2009-2015\\\/po-me-rudinen-cfare-pate\\\/#primaryimage\",\"url\":\"http:\\\/\\\/www.shkoder.net\\\/images\\\/fjala\\\/anila_basha.jpg\",\"contentUrl\":\"http:\\\/\\\/www.shkoder.net\\\/images\\\/fjala\\\/anila_basha.jpg\"},{\"@type\":\"BreadcrumbList\",\"@id\":\"https:\\\/\\\/fjala.info\\\/2009-2015\\\/po-me-rudinen-cfare-pate\\\/#breadcrumb\",\"itemListElement\":[{\"@type\":\"ListItem\",\"position\":1,\"name\":\"Home\",\"item\":\"https:\\\/\\\/fjala.info\\\/2009-2015\\\/\"},{\"@type\":\"ListItem\",\"position\":2,\"name\":\"Po me Rudin\u00ebn \u00e7far\u00eb pate?\"}]},{\"@type\":\"WebSite\",\"@id\":\"https:\\\/\\\/fjala.info\\\/2009-2015\\\/#website\",\"url\":\"https:\\\/\\\/fjala.info\\\/2009-2015\\\/\",\"name\":\"FjALA e LIR\u00cb - Arkivi\",\"description\":\"Arkivi 2009-2015\",\"publisher\":{\"@id\":\"https:\\\/\\\/fjala.info\\\/2009-2015\\\/#organization\"},\"potentialAction\":[{\"@type\":\"SearchAction\",\"target\":{\"@type\":\"EntryPoint\",\"urlTemplate\":\"https:\\\/\\\/fjala.info\\\/2009-2015\\\/?s={search_term_string}\"},\"query-input\":{\"@type\":\"PropertyValueSpecification\",\"valueRequired\":true,\"valueName\":\"search_term_string\"}}],\"inLanguage\":\"sq-AL\"},{\"@type\":\"Organization\",\"@id\":\"https:\\\/\\\/fjala.info\\\/2009-2015\\\/#organization\",\"name\":\"FjALA e LIR\u00cb - Arkivi\",\"url\":\"https:\\\/\\\/fjala.info\\\/2009-2015\\\/\",\"logo\":{\"@type\":\"ImageObject\",\"inLanguage\":\"sq-AL\",\"@id\":\"https:\\\/\\\/fjala.info\\\/2009-2015\\\/#\\\/schema\\\/logo\\\/image\\\/\",\"url\":\"\",\"contentUrl\":\"\",\"caption\":\"FjALA e LIR\u00cb - Arkivi\"},\"image\":{\"@id\":\"https:\\\/\\\/fjala.info\\\/2009-2015\\\/#\\\/schema\\\/logo\\\/image\\\/\"}},{\"@type\":\"Person\",\"@id\":\"https:\\\/\\\/fjala.info\\\/2009-2015\\\/#\\\/schema\\\/person\\\/3aa1163ef05469c496fc94e77611ada2\",\"name\":\"admin\",\"image\":{\"@type\":\"ImageObject\",\"inLanguage\":\"sq-AL\",\"@id\":\"https:\\\/\\\/fjala.info\\\/2009-2015\\\/wp-content\\\/uploads\\\/2012\\\/02\\\/arben_cokaj-120x150.jpg\",\"url\":\"https:\\\/\\\/fjala.info\\\/2009-2015\\\/wp-content\\\/uploads\\\/2012\\\/02\\\/arben_cokaj-120x150.jpg\",\"contentUrl\":\"https:\\\/\\\/fjala.info\\\/2009-2015\\\/wp-content\\\/uploads\\\/2012\\\/02\\\/arben_cokaj-120x150.jpg\",\"caption\":\"admin\"},\"description\":\"Admin, Fjala e Lir\u00eb\",\"sameAs\":[\"https:\\\/\\\/fjala.info\\\/\"],\"url\":\"https:\\\/\\\/fjala.info\\\/2009-2015\\\/author\\\/admin\\\/\"}]}<\/script>\n<!-- \/ Yoast SEO plugin. -->","yoast_head_json":{"title":"Po me Rudin\u00ebn \u00e7far\u00eb pate? - FjALA e LIR\u00cb - Arkivi","robots":{"index":"index","follow":"follow","max-snippet":"max-snippet:-1","max-image-preview":"max-image-preview:large","max-video-preview":"max-video-preview:-1"},"canonical":"https:\/\/fjala.info\/2009-2015\/po-me-rudinen-cfare-pate\/","og_locale":"sq_AL","og_type":"article","og_title":"Po me Rudin\u00ebn \u00e7far\u00eb pate? - FjALA e LIR\u00cb - Arkivi","og_description":"Anila Basha D\u00ebgjova kryeministrin para deputet\u00ebve t\u00eb tij. U mor me Ram\u00ebn, Klosin dhe me Rudi Xhung\u00ebn. Me Ram\u00ebn, ok, merret se i takon t\u00eb merret. Me Klosin, b\u00ebn gabim q\u00eb merret pas vdekjes, sepse \u00ebsht\u00eb shum\u00eb von\u00eb p\u00ebr t\u00eb b\u00ebr\u00eb nj\u00eb p\u00ebrmbledhje t\u00eb m\u00ebnyr\u00ebs sesi kryeministri ka pas menduar nj\u00ebher\u00eb e nj\u00eb koh\u00eb p\u00ebr [&hellip;]","og_url":"https:\/\/fjala.info\/2009-2015\/po-me-rudinen-cfare-pate\/","og_site_name":"FjALA e LIR\u00cb - Arkivi","article_published_time":"2012-05-16T09:06:12+00:00","og_image":[{"url":"http:\/\/www.shkoder.net\/images\/fjala\/anila_basha.jpg","type":"","width":"","height":""}],"author":"admin","twitter_card":"summary_large_image","twitter_misc":{"Written by":"admin","Est. reading time":"2 minutes"},"schema":{"@context":"https:\/\/schema.org","@graph":[{"@type":"Article","@id":"https:\/\/fjala.info\/2009-2015\/po-me-rudinen-cfare-pate\/#article","isPartOf":{"@id":"https:\/\/fjala.info\/2009-2015\/po-me-rudinen-cfare-pate\/"},"author":{"name":"admin","@id":"https:\/\/fjala.info\/2009-2015\/#\/schema\/person\/3aa1163ef05469c496fc94e77611ada2"},"headline":"Po me Rudin\u00ebn \u00e7far\u00eb pate?","datePublished":"2012-05-16T09:06:12+00:00","mainEntityOfPage":{"@id":"https:\/\/fjala.info\/2009-2015\/po-me-rudinen-cfare-pate\/"},"wordCount":439,"commentCount":0,"publisher":{"@id":"https:\/\/fjala.info\/2009-2015\/#organization"},"image":{"@id":"https:\/\/fjala.info\/2009-2015\/po-me-rudinen-cfare-pate\/#primaryimage"},"thumbnailUrl":"http:\/\/www.shkoder.net\/images\/fjala\/anila_basha.jpg","articleSection":["Artikuj"],"inLanguage":"sq-AL","potentialAction":[{"@type":"CommentAction","name":"Comment","target":["https:\/\/fjala.info\/2009-2015\/po-me-rudinen-cfare-pate\/#respond"]}]},{"@type":"WebPage","@id":"https:\/\/fjala.info\/2009-2015\/po-me-rudinen-cfare-pate\/","url":"https:\/\/fjala.info\/2009-2015\/po-me-rudinen-cfare-pate\/","name":"Po me Rudin\u00ebn \u00e7far\u00eb pate? - FjALA e LIR\u00cb - Arkivi","isPartOf":{"@id":"https:\/\/fjala.info\/2009-2015\/#website"},"primaryImageOfPage":{"@id":"https:\/\/fjala.info\/2009-2015\/po-me-rudinen-cfare-pate\/#primaryimage"},"image":{"@id":"https:\/\/fjala.info\/2009-2015\/po-me-rudinen-cfare-pate\/#primaryimage"},"thumbnailUrl":"http:\/\/www.shkoder.net\/images\/fjala\/anila_basha.jpg","datePublished":"2012-05-16T09:06:12+00:00","breadcrumb":{"@id":"https:\/\/fjala.info\/2009-2015\/po-me-rudinen-cfare-pate\/#breadcrumb"},"inLanguage":"sq-AL","potentialAction":[{"@type":"ReadAction","target":["https:\/\/fjala.info\/2009-2015\/po-me-rudinen-cfare-pate\/"]}]},{"@type":"ImageObject","inLanguage":"sq-AL","@id":"https:\/\/fjala.info\/2009-2015\/po-me-rudinen-cfare-pate\/#primaryimage","url":"http:\/\/www.shkoder.net\/images\/fjala\/anila_basha.jpg","contentUrl":"http:\/\/www.shkoder.net\/images\/fjala\/anila_basha.jpg"},{"@type":"BreadcrumbList","@id":"https:\/\/fjala.info\/2009-2015\/po-me-rudinen-cfare-pate\/#breadcrumb","itemListElement":[{"@type":"ListItem","position":1,"name":"Home","item":"https:\/\/fjala.info\/2009-2015\/"},{"@type":"ListItem","position":2,"name":"Po me Rudin\u00ebn \u00e7far\u00eb pate?"}]},{"@type":"WebSite","@id":"https:\/\/fjala.info\/2009-2015\/#website","url":"https:\/\/fjala.info\/2009-2015\/","name":"FjALA e LIR\u00cb - Arkivi","description":"Arkivi 2009-2015","publisher":{"@id":"https:\/\/fjala.info\/2009-2015\/#organization"},"potentialAction":[{"@type":"SearchAction","target":{"@type":"EntryPoint","urlTemplate":"https:\/\/fjala.info\/2009-2015\/?s={search_term_string}"},"query-input":{"@type":"PropertyValueSpecification","valueRequired":true,"valueName":"search_term_string"}}],"inLanguage":"sq-AL"},{"@type":"Organization","@id":"https:\/\/fjala.info\/2009-2015\/#organization","name":"FjALA e LIR\u00cb - Arkivi","url":"https:\/\/fjala.info\/2009-2015\/","logo":{"@type":"ImageObject","inLanguage":"sq-AL","@id":"https:\/\/fjala.info\/2009-2015\/#\/schema\/logo\/image\/","url":"","contentUrl":"","caption":"FjALA e LIR\u00cb - Arkivi"},"image":{"@id":"https:\/\/fjala.info\/2009-2015\/#\/schema\/logo\/image\/"}},{"@type":"Person","@id":"https:\/\/fjala.info\/2009-2015\/#\/schema\/person\/3aa1163ef05469c496fc94e77611ada2","name":"admin","image":{"@type":"ImageObject","inLanguage":"sq-AL","@id":"https:\/\/fjala.info\/2009-2015\/wp-content\/uploads\/2012\/02\/arben_cokaj-120x150.jpg","url":"https:\/\/fjala.info\/2009-2015\/wp-content\/uploads\/2012\/02\/arben_cokaj-120x150.jpg","contentUrl":"https:\/\/fjala.info\/2009-2015\/wp-content\/uploads\/2012\/02\/arben_cokaj-120x150.jpg","caption":"admin"},"description":"Admin, Fjala e Lir\u00eb","sameAs":["https:\/\/fjala.info\/"],"url":"https:\/\/fjala.info\/2009-2015\/author\/admin\/"}]}},"_links":{"self":[{"href":"https:\/\/fjala.info\/2009-2015\/wp-json\/wp\/v2\/posts\/2800","targetHints":{"allow":["GET"]}}],"collection":[{"href":"https:\/\/fjala.info\/2009-2015\/wp-json\/wp\/v2\/posts"}],"about":[{"href":"https:\/\/fjala.info\/2009-2015\/wp-json\/wp\/v2\/types\/post"}],"author":[{"embeddable":true,"href":"https:\/\/fjala.info\/2009-2015\/wp-json\/wp\/v2\/users\/1"}],"replies":[{"embeddable":true,"href":"https:\/\/fjala.info\/2009-2015\/wp-json\/wp\/v2\/comments?post=2800"}],"version-history":[{"count":0,"href":"https:\/\/fjala.info\/2009-2015\/wp-json\/wp\/v2\/posts\/2800\/revisions"}],"wp:attachment":[{"href":"https:\/\/fjala.info\/2009-2015\/wp-json\/wp\/v2\/media?parent=2800"}],"wp:term":[{"taxonomy":"category","embeddable":true,"href":"https:\/\/fjala.info\/2009-2015\/wp-json\/wp\/v2\/categories?post=2800"},{"taxonomy":"post_tag","embeddable":true,"href":"https:\/\/fjala.info\/2009-2015\/wp-json\/wp\/v2\/tags?post=2800"}],"curies":[{"name":"wp","href":"https:\/\/api.w.org\/{rel}","templated":true}]}}