{"id":2799,"date":"2010-05-24T21:43:12","date_gmt":"2010-05-24T20:43:12","guid":{"rendered":"http:\/\/fjala.shkoder.net\/?p=2799"},"modified":"2010-05-24T21:43:12","modified_gmt":"2010-05-24T20:43:12","slug":"deklaratat-e-withers-dhe-deshtimi-i-fshehur-i-berishes","status":"publish","type":"post","link":"https:\/\/fjala.info\/2009-2015\/deklaratat-e-withers-dhe-deshtimi-i-fshehur-i-berishes\/","title":{"rendered":"Deklaratat e Withers dhe d\u00ebshtimi i fshehur i Berish\u00ebs"},"content":{"rendered":"<p><img decoding=\"async\" style=\"margin-left: 10px; margin-right: 10px; border: 0px;\" src=\"http:\/\/www.shkoder.net\/images\/fjala\/mero_baze1.jpg\" border=\"0\" alt=\"Mero Baze\" width=\"100\" align=\"right\" \/><\/p>\n<p><strong>Mero Baze<\/strong>, <em>24.05.2010<\/em><\/p>\n<p>Kryeministri i vendit, Sali Berisha, ka replikuar n\u00eb distanc\u00eb me ambasadorin e SHBA, John Withers, i cili vler\u00ebsoi sot se vendi gjendet n\u00eb kriz\u00eb qeverisje. Gjat\u00eb mbledhjes s\u00eb grupit parlamentar, Berisha tha se vendi ka arritje cil\u00ebsore, nd\u00ebrsa ambasadori Withers e vler\u00ebsoi situat\u00ebn politike si nj\u00eb kriz\u00eb e fort\u00eb qeverisjeje. Ambasadori amerikan i b\u00ebri k\u00ebto komente n\u00eb prani t\u00eb Prokurores s\u00eb P\u00ebrgjithshme, Ina Rama, dhe n\u00ebnkryetarit t\u00eb KLD, Kreshnik Spahiu, ku gjeti rastin t\u00eb shprehte pak\u00ebnaq\u00ebsin\u00eb e tij p\u00ebr rr\u00ebzimin politik t\u00eb kandidatur\u00ebs s\u00eb Vangjel Kost\u00ebs nga Gjykata Kushtetuese.<\/p>\n<p>Kryeministri Berisha po p\u00ebrpiqet t\u00eb minimizoj\u00eb bilancin e fitores politike t\u00eb opozit\u00ebs p\u00ebr transparenc\u00ebn e zgjedhjeve, duke tentuar t\u00eb fitoj\u00eb koh\u00eb p\u00ebr propagand\u00eb dhe drit\u00ebn jeshile p\u00ebr liberalizimin e vizave q\u00eb pritet t\u00eb jepet n\u00eb dat\u00ebn 2 qershor n\u00eb Samitin e Sarajev\u00ebs.<\/p>\n<p>P\u00ebr her\u00eb t\u00eb par\u00eb, Berisha \u00ebsht\u00eb p\u00ebrpjekur dje t&#8217;u shpjegohet deputet\u00ebve t\u00eb PD-s\u00eb rreth hetimit t\u00eb materialeve zgjedhore nga opozita, nd\u00ebrkoh\u00eb q\u00eb k\u00ebt\u00eb k\u00ebrkes\u00eb e ka refuzuar zyrtarisht n\u00eb Kuvendin e Shqip\u00ebris\u00eb dhe Komisionin e Ligjeve kur ia ka k\u00ebrkuar opozita. P\u00ebr ta mbuluar dor\u00ebzimin e tij, Berisha po p\u00ebrpiqet t\u00eb rris\u00eb nervozizmin e opozit\u00ebs, duke folur p\u00ebr djegie t\u00eb flet\u00ebve t\u00eb votimit apo procedura t\u00eb tjera antiligjore.<\/p>\n<p>N\u00eb t\u00eb v\u00ebrtet\u00eb, q\u00eb nga koha kur Berisha e konsideronte transparenc\u00ebn e zgjedhjeve, objekt t\u00eb debatit brenda opozit\u00ebs e deri tek dor\u00ebzimi i tij p\u00ebr t\u00eb hetuar materialet zgjedhore dhe interpretim ligjor p\u00ebr hapje t\u00eb kutive, ka nj\u00eb humbje t\u00eb madhe t\u00eb besueshm\u00ebris\u00eb s\u00eb tij n\u00eb k\u00ebt\u00eb debat. Ndryshim t\u00eb madh ka po ashtu dhe m\u00ebnyra se si Berisha po p\u00ebrgatitet t\u00eb pranoj\u00eb hetimin e plot\u00eb.<br \/>\nN\u00ebse i hedh nj\u00eb sy shumic\u00ebs s\u00eb medias q\u00eb \u00ebsht\u00eb n\u00ebn kontrollin e Berish\u00ebs, po fokusohen tek ideja se opozita nuk arriti asgj\u00eb nga protesta.<\/p>\n<p>M\u00eb t\u00eb zellsh\u00ebm p\u00ebr ta artikuluar k\u00ebt\u00eb natyrisht jan\u00eb ish-kritik\u00eb t\u00eb Ram\u00ebs brenda PS, t\u00eb cil\u00ebt jan\u00eb t\u00eb humburit e m\u00ebdhenj nga kjo betej\u00eb. T\u00eb frik\u00ebsuar se mos Berisha toleron k\u00ebrkesat e opozit\u00ebs, kritik\u00ebt e Ram\u00ebs, ngjajn\u00eb m\u00eb radikal\u00eb se dhe vet\u00eb Berisha kund\u00ebr k\u00ebrkesave t\u00eb opozit\u00ebs. Po t\u00eb shikosh fjalorin e Kastriot Islamit apo nervozizmin, me t\u00eb cilin Blushi p\u00ebrshkruan betej\u00ebn e opozit\u00ebs, duket sikur shp\u00ebtimi p\u00ebr ta vjen nga vendosm\u00ebria e Berish\u00ebs p\u00ebr t\u00eb mos lejuar hapjen e kutive.<\/p>\n<p>N\u00eb nj\u00eb kafe me gazetar\u00eb af\u00ebr tij, n\u00eb hotel &#8220;Rogner&#8221;, mes t\u00eb cil\u00ebve gjendej dhe zoti Islami para nisjes p\u00ebr n\u00eb Strasburg, k\u00ebrkesa e vetme q\u00eb kishte Kastriot Islami p\u00ebr kryeministrin e vendit ishte t\u00eb mos toleronte asnj\u00eb k\u00ebrkes\u00eb t\u00eb Edi Ram\u00ebs. Berisha e siguroi sipas gazetar\u00ebve n\u00eb takim se do t&#8217;i jepte nj\u00eb got\u00eb ver\u00eb m\u00eb shum\u00eb, po asgj\u00eb tjet\u00ebr. Ky dor\u00ebzim kaq pa kushte i kritik\u00ebve t\u00eb Edi Ram\u00ebs te zoti Berisha dhe vazhdimi i p\u00ebrdorimit t\u00eb tyre prej tij, jan\u00eb sinjale se qeveria po harxhon m\u00eb shum\u00eb energji p\u00ebr t\u00eb shkat\u00ebrruar opozit\u00ebn se sa p\u00ebr t\u00eb qeverisur vendin.<\/p>\n<p>Kjo duket se e ka detyruar sot dhe ambasadorin e SHBA n\u00eb Tiran\u00eb, John Withers t\u00eb flas\u00eb hapur p\u00ebr nj\u00eb kriz\u00eb qeverisjeje n\u00eb vend. Dhe po t\u00eb kemi parasysh se krizat e qeverisjes i zgjidhin vet\u00ebm zgjedhjet e parakohshme, kuptohet qart\u00eb p\u00ebrse Berisha po investohet kaq shum\u00eb p\u00ebr t\u00eb mbuluar d\u00ebshtimin e tij te beteja kund\u00ebr opozit\u00ebs.<\/p>\n","protected":false},"excerpt":{"rendered":"<p>Mero Baze, 24.05.2010 Kryeministri i vendit, Sali Berisha, ka replikuar n\u00eb distanc\u00eb me ambasadorin e SHBA, John Withers, i cili vler\u00ebsoi sot se vendi gjendet n\u00eb kriz\u00eb qeverisje. Gjat\u00eb mbledhjes s\u00eb grupit parlamentar, Berisha tha se vendi ka arritje cil\u00ebsore, nd\u00ebrsa ambasadori Withers e vler\u00ebsoi situat\u00ebn politike si nj\u00eb kriz\u00eb e fort\u00eb qeverisjeje. Ambasadori amerikan [&hellip;]<\/p>\n","protected":false},"author":1,"featured_media":0,"comment_status":"open","ping_status":"closed","sticky":false,"template":"","format":"standard","meta":{"footnotes":""},"categories":[2],"tags":[],"class_list":{"0":"post-2799","1":"post","2":"type-post","3":"status-publish","4":"format-standard","6":"category-artikuj"},"yoast_head":"<!-- This site is optimized with the Yoast SEO plugin v27.4 - https:\/\/yoast.com\/product\/yoast-seo-wordpress\/ -->\n<title>Deklaratat e Withers dhe d\u00ebshtimi i fshehur i Berish\u00ebs - FjALA e LIR\u00cb - Arkivi<\/title>\n<meta name=\"robots\" content=\"index, follow, max-snippet:-1, max-image-preview:large, max-video-preview:-1\" \/>\n<link rel=\"canonical\" href=\"https:\/\/fjala.info\/2009-2015\/deklaratat-e-withers-dhe-deshtimi-i-fshehur-i-berishes\/\" \/>\n<meta property=\"og:locale\" content=\"sq_AL\" \/>\n<meta property=\"og:type\" content=\"article\" \/>\n<meta property=\"og:title\" content=\"Deklaratat e Withers dhe d\u00ebshtimi i fshehur i Berish\u00ebs - FjALA e LIR\u00cb - Arkivi\" \/>\n<meta property=\"og:description\" content=\"Mero Baze, 24.05.2010 Kryeministri i vendit, Sali Berisha, ka replikuar n\u00eb distanc\u00eb me ambasadorin e SHBA, John Withers, i cili vler\u00ebsoi sot se vendi gjendet n\u00eb kriz\u00eb qeverisje. Gjat\u00eb mbledhjes s\u00eb grupit parlamentar, Berisha tha se vendi ka arritje cil\u00ebsore, nd\u00ebrsa ambasadori Withers e vler\u00ebsoi situat\u00ebn politike si nj\u00eb kriz\u00eb e fort\u00eb qeverisjeje. Ambasadori amerikan [&hellip;]\" \/>\n<meta property=\"og:url\" content=\"https:\/\/fjala.info\/2009-2015\/deklaratat-e-withers-dhe-deshtimi-i-fshehur-i-berishes\/\" \/>\n<meta property=\"og:site_name\" content=\"FjALA e LIR\u00cb - Arkivi\" \/>\n<meta property=\"article:published_time\" content=\"2010-05-24T20:43:12+00:00\" \/>\n<meta property=\"og:image\" content=\"http:\/\/www.shkoder.net\/images\/fjala\/mero_baze1.jpg\" \/>\n<meta name=\"author\" content=\"admin\" \/>\n<meta name=\"twitter:card\" content=\"summary_large_image\" \/>\n<meta name=\"twitter:label1\" content=\"Written by\" \/>\n\t<meta name=\"twitter:data1\" content=\"admin\" \/>\n\t<meta name=\"twitter:label2\" content=\"Est. reading time\" \/>\n\t<meta name=\"twitter:data2\" content=\"3 minutes\" \/>\n<script type=\"application\/ld+json\" class=\"yoast-schema-graph\">{\"@context\":\"https:\\\/\\\/schema.org\",\"@graph\":[{\"@type\":\"Article\",\"@id\":\"https:\\\/\\\/fjala.info\\\/2009-2015\\\/deklaratat-e-withers-dhe-deshtimi-i-fshehur-i-berishes\\\/#article\",\"isPartOf\":{\"@id\":\"https:\\\/\\\/fjala.info\\\/2009-2015\\\/deklaratat-e-withers-dhe-deshtimi-i-fshehur-i-berishes\\\/\"},\"author\":{\"name\":\"admin\",\"@id\":\"https:\\\/\\\/fjala.info\\\/2009-2015\\\/#\\\/schema\\\/person\\\/3aa1163ef05469c496fc94e77611ada2\"},\"headline\":\"Deklaratat e Withers dhe d\u00ebshtimi i fshehur i Berish\u00ebs\",\"datePublished\":\"2010-05-24T20:43:12+00:00\",\"mainEntityOfPage\":{\"@id\":\"https:\\\/\\\/fjala.info\\\/2009-2015\\\/deklaratat-e-withers-dhe-deshtimi-i-fshehur-i-berishes\\\/\"},\"wordCount\":641,\"commentCount\":0,\"publisher\":{\"@id\":\"https:\\\/\\\/fjala.info\\\/2009-2015\\\/#organization\"},\"image\":{\"@id\":\"https:\\\/\\\/fjala.info\\\/2009-2015\\\/deklaratat-e-withers-dhe-deshtimi-i-fshehur-i-berishes\\\/#primaryimage\"},\"thumbnailUrl\":\"http:\\\/\\\/www.shkoder.net\\\/images\\\/fjala\\\/mero_baze1.jpg\",\"articleSection\":[\"Artikuj\"],\"inLanguage\":\"sq-AL\",\"potentialAction\":[{\"@type\":\"CommentAction\",\"name\":\"Comment\",\"target\":[\"https:\\\/\\\/fjala.info\\\/2009-2015\\\/deklaratat-e-withers-dhe-deshtimi-i-fshehur-i-berishes\\\/#respond\"]}]},{\"@type\":\"WebPage\",\"@id\":\"https:\\\/\\\/fjala.info\\\/2009-2015\\\/deklaratat-e-withers-dhe-deshtimi-i-fshehur-i-berishes\\\/\",\"url\":\"https:\\\/\\\/fjala.info\\\/2009-2015\\\/deklaratat-e-withers-dhe-deshtimi-i-fshehur-i-berishes\\\/\",\"name\":\"Deklaratat e Withers dhe d\u00ebshtimi i fshehur i Berish\u00ebs - FjALA e LIR\u00cb - Arkivi\",\"isPartOf\":{\"@id\":\"https:\\\/\\\/fjala.info\\\/2009-2015\\\/#website\"},\"primaryImageOfPage\":{\"@id\":\"https:\\\/\\\/fjala.info\\\/2009-2015\\\/deklaratat-e-withers-dhe-deshtimi-i-fshehur-i-berishes\\\/#primaryimage\"},\"image\":{\"@id\":\"https:\\\/\\\/fjala.info\\\/2009-2015\\\/deklaratat-e-withers-dhe-deshtimi-i-fshehur-i-berishes\\\/#primaryimage\"},\"thumbnailUrl\":\"http:\\\/\\\/www.shkoder.net\\\/images\\\/fjala\\\/mero_baze1.jpg\",\"datePublished\":\"2010-05-24T20:43:12+00:00\",\"breadcrumb\":{\"@id\":\"https:\\\/\\\/fjala.info\\\/2009-2015\\\/deklaratat-e-withers-dhe-deshtimi-i-fshehur-i-berishes\\\/#breadcrumb\"},\"inLanguage\":\"sq-AL\",\"potentialAction\":[{\"@type\":\"ReadAction\",\"target\":[\"https:\\\/\\\/fjala.info\\\/2009-2015\\\/deklaratat-e-withers-dhe-deshtimi-i-fshehur-i-berishes\\\/\"]}]},{\"@type\":\"ImageObject\",\"inLanguage\":\"sq-AL\",\"@id\":\"https:\\\/\\\/fjala.info\\\/2009-2015\\\/deklaratat-e-withers-dhe-deshtimi-i-fshehur-i-berishes\\\/#primaryimage\",\"url\":\"http:\\\/\\\/www.shkoder.net\\\/images\\\/fjala\\\/mero_baze1.jpg\",\"contentUrl\":\"http:\\\/\\\/www.shkoder.net\\\/images\\\/fjala\\\/mero_baze1.jpg\"},{\"@type\":\"BreadcrumbList\",\"@id\":\"https:\\\/\\\/fjala.info\\\/2009-2015\\\/deklaratat-e-withers-dhe-deshtimi-i-fshehur-i-berishes\\\/#breadcrumb\",\"itemListElement\":[{\"@type\":\"ListItem\",\"position\":1,\"name\":\"Home\",\"item\":\"https:\\\/\\\/fjala.info\\\/2009-2015\\\/\"},{\"@type\":\"ListItem\",\"position\":2,\"name\":\"Deklaratat e Withers dhe d\u00ebshtimi i fshehur i Berish\u00ebs\"}]},{\"@type\":\"WebSite\",\"@id\":\"https:\\\/\\\/fjala.info\\\/2009-2015\\\/#website\",\"url\":\"https:\\\/\\\/fjala.info\\\/2009-2015\\\/\",\"name\":\"FjALA e LIR\u00cb - Arkivi\",\"description\":\"Arkivi 2009-2015\",\"publisher\":{\"@id\":\"https:\\\/\\\/fjala.info\\\/2009-2015\\\/#organization\"},\"potentialAction\":[{\"@type\":\"SearchAction\",\"target\":{\"@type\":\"EntryPoint\",\"urlTemplate\":\"https:\\\/\\\/fjala.info\\\/2009-2015\\\/?s={search_term_string}\"},\"query-input\":{\"@type\":\"PropertyValueSpecification\",\"valueRequired\":true,\"valueName\":\"search_term_string\"}}],\"inLanguage\":\"sq-AL\"},{\"@type\":\"Organization\",\"@id\":\"https:\\\/\\\/fjala.info\\\/2009-2015\\\/#organization\",\"name\":\"FjALA e LIR\u00cb - Arkivi\",\"url\":\"https:\\\/\\\/fjala.info\\\/2009-2015\\\/\",\"logo\":{\"@type\":\"ImageObject\",\"inLanguage\":\"sq-AL\",\"@id\":\"https:\\\/\\\/fjala.info\\\/2009-2015\\\/#\\\/schema\\\/logo\\\/image\\\/\",\"url\":\"\",\"contentUrl\":\"\",\"caption\":\"FjALA e LIR\u00cb - Arkivi\"},\"image\":{\"@id\":\"https:\\\/\\\/fjala.info\\\/2009-2015\\\/#\\\/schema\\\/logo\\\/image\\\/\"}},{\"@type\":\"Person\",\"@id\":\"https:\\\/\\\/fjala.info\\\/2009-2015\\\/#\\\/schema\\\/person\\\/3aa1163ef05469c496fc94e77611ada2\",\"name\":\"admin\",\"image\":{\"@type\":\"ImageObject\",\"inLanguage\":\"sq-AL\",\"@id\":\"https:\\\/\\\/fjala.info\\\/2009-2015\\\/wp-content\\\/uploads\\\/2012\\\/02\\\/arben_cokaj-120x150.jpg\",\"url\":\"https:\\\/\\\/fjala.info\\\/2009-2015\\\/wp-content\\\/uploads\\\/2012\\\/02\\\/arben_cokaj-120x150.jpg\",\"contentUrl\":\"https:\\\/\\\/fjala.info\\\/2009-2015\\\/wp-content\\\/uploads\\\/2012\\\/02\\\/arben_cokaj-120x150.jpg\",\"caption\":\"admin\"},\"description\":\"Admin, Fjala e Lir\u00eb\",\"sameAs\":[\"https:\\\/\\\/fjala.info\\\/\"],\"url\":\"https:\\\/\\\/fjala.info\\\/2009-2015\\\/author\\\/admin\\\/\"}]}<\/script>\n<!-- \/ Yoast SEO plugin. -->","yoast_head_json":{"title":"Deklaratat e Withers dhe d\u00ebshtimi i fshehur i Berish\u00ebs - FjALA e LIR\u00cb - Arkivi","robots":{"index":"index","follow":"follow","max-snippet":"max-snippet:-1","max-image-preview":"max-image-preview:large","max-video-preview":"max-video-preview:-1"},"canonical":"https:\/\/fjala.info\/2009-2015\/deklaratat-e-withers-dhe-deshtimi-i-fshehur-i-berishes\/","og_locale":"sq_AL","og_type":"article","og_title":"Deklaratat e Withers dhe d\u00ebshtimi i fshehur i Berish\u00ebs - FjALA e LIR\u00cb - Arkivi","og_description":"Mero Baze, 24.05.2010 Kryeministri i vendit, Sali Berisha, ka replikuar n\u00eb distanc\u00eb me ambasadorin e SHBA, John Withers, i cili vler\u00ebsoi sot se vendi gjendet n\u00eb kriz\u00eb qeverisje. Gjat\u00eb mbledhjes s\u00eb grupit parlamentar, Berisha tha se vendi ka arritje cil\u00ebsore, nd\u00ebrsa ambasadori Withers e vler\u00ebsoi situat\u00ebn politike si nj\u00eb kriz\u00eb e fort\u00eb qeverisjeje. Ambasadori amerikan [&hellip;]","og_url":"https:\/\/fjala.info\/2009-2015\/deklaratat-e-withers-dhe-deshtimi-i-fshehur-i-berishes\/","og_site_name":"FjALA e LIR\u00cb - Arkivi","article_published_time":"2010-05-24T20:43:12+00:00","og_image":[{"url":"http:\/\/www.shkoder.net\/images\/fjala\/mero_baze1.jpg","type":"","width":"","height":""}],"author":"admin","twitter_card":"summary_large_image","twitter_misc":{"Written by":"admin","Est. reading time":"3 minutes"},"schema":{"@context":"https:\/\/schema.org","@graph":[{"@type":"Article","@id":"https:\/\/fjala.info\/2009-2015\/deklaratat-e-withers-dhe-deshtimi-i-fshehur-i-berishes\/#article","isPartOf":{"@id":"https:\/\/fjala.info\/2009-2015\/deklaratat-e-withers-dhe-deshtimi-i-fshehur-i-berishes\/"},"author":{"name":"admin","@id":"https:\/\/fjala.info\/2009-2015\/#\/schema\/person\/3aa1163ef05469c496fc94e77611ada2"},"headline":"Deklaratat e Withers dhe d\u00ebshtimi i fshehur i Berish\u00ebs","datePublished":"2010-05-24T20:43:12+00:00","mainEntityOfPage":{"@id":"https:\/\/fjala.info\/2009-2015\/deklaratat-e-withers-dhe-deshtimi-i-fshehur-i-berishes\/"},"wordCount":641,"commentCount":0,"publisher":{"@id":"https:\/\/fjala.info\/2009-2015\/#organization"},"image":{"@id":"https:\/\/fjala.info\/2009-2015\/deklaratat-e-withers-dhe-deshtimi-i-fshehur-i-berishes\/#primaryimage"},"thumbnailUrl":"http:\/\/www.shkoder.net\/images\/fjala\/mero_baze1.jpg","articleSection":["Artikuj"],"inLanguage":"sq-AL","potentialAction":[{"@type":"CommentAction","name":"Comment","target":["https:\/\/fjala.info\/2009-2015\/deklaratat-e-withers-dhe-deshtimi-i-fshehur-i-berishes\/#respond"]}]},{"@type":"WebPage","@id":"https:\/\/fjala.info\/2009-2015\/deklaratat-e-withers-dhe-deshtimi-i-fshehur-i-berishes\/","url":"https:\/\/fjala.info\/2009-2015\/deklaratat-e-withers-dhe-deshtimi-i-fshehur-i-berishes\/","name":"Deklaratat e Withers dhe d\u00ebshtimi i fshehur i Berish\u00ebs - FjALA e LIR\u00cb - Arkivi","isPartOf":{"@id":"https:\/\/fjala.info\/2009-2015\/#website"},"primaryImageOfPage":{"@id":"https:\/\/fjala.info\/2009-2015\/deklaratat-e-withers-dhe-deshtimi-i-fshehur-i-berishes\/#primaryimage"},"image":{"@id":"https:\/\/fjala.info\/2009-2015\/deklaratat-e-withers-dhe-deshtimi-i-fshehur-i-berishes\/#primaryimage"},"thumbnailUrl":"http:\/\/www.shkoder.net\/images\/fjala\/mero_baze1.jpg","datePublished":"2010-05-24T20:43:12+00:00","breadcrumb":{"@id":"https:\/\/fjala.info\/2009-2015\/deklaratat-e-withers-dhe-deshtimi-i-fshehur-i-berishes\/#breadcrumb"},"inLanguage":"sq-AL","potentialAction":[{"@type":"ReadAction","target":["https:\/\/fjala.info\/2009-2015\/deklaratat-e-withers-dhe-deshtimi-i-fshehur-i-berishes\/"]}]},{"@type":"ImageObject","inLanguage":"sq-AL","@id":"https:\/\/fjala.info\/2009-2015\/deklaratat-e-withers-dhe-deshtimi-i-fshehur-i-berishes\/#primaryimage","url":"http:\/\/www.shkoder.net\/images\/fjala\/mero_baze1.jpg","contentUrl":"http:\/\/www.shkoder.net\/images\/fjala\/mero_baze1.jpg"},{"@type":"BreadcrumbList","@id":"https:\/\/fjala.info\/2009-2015\/deklaratat-e-withers-dhe-deshtimi-i-fshehur-i-berishes\/#breadcrumb","itemListElement":[{"@type":"ListItem","position":1,"name":"Home","item":"https:\/\/fjala.info\/2009-2015\/"},{"@type":"ListItem","position":2,"name":"Deklaratat e Withers dhe d\u00ebshtimi i fshehur i Berish\u00ebs"}]},{"@type":"WebSite","@id":"https:\/\/fjala.info\/2009-2015\/#website","url":"https:\/\/fjala.info\/2009-2015\/","name":"FjALA e LIR\u00cb - Arkivi","description":"Arkivi 2009-2015","publisher":{"@id":"https:\/\/fjala.info\/2009-2015\/#organization"},"potentialAction":[{"@type":"SearchAction","target":{"@type":"EntryPoint","urlTemplate":"https:\/\/fjala.info\/2009-2015\/?s={search_term_string}"},"query-input":{"@type":"PropertyValueSpecification","valueRequired":true,"valueName":"search_term_string"}}],"inLanguage":"sq-AL"},{"@type":"Organization","@id":"https:\/\/fjala.info\/2009-2015\/#organization","name":"FjALA e LIR\u00cb - Arkivi","url":"https:\/\/fjala.info\/2009-2015\/","logo":{"@type":"ImageObject","inLanguage":"sq-AL","@id":"https:\/\/fjala.info\/2009-2015\/#\/schema\/logo\/image\/","url":"","contentUrl":"","caption":"FjALA e LIR\u00cb - Arkivi"},"image":{"@id":"https:\/\/fjala.info\/2009-2015\/#\/schema\/logo\/image\/"}},{"@type":"Person","@id":"https:\/\/fjala.info\/2009-2015\/#\/schema\/person\/3aa1163ef05469c496fc94e77611ada2","name":"admin","image":{"@type":"ImageObject","inLanguage":"sq-AL","@id":"https:\/\/fjala.info\/2009-2015\/wp-content\/uploads\/2012\/02\/arben_cokaj-120x150.jpg","url":"https:\/\/fjala.info\/2009-2015\/wp-content\/uploads\/2012\/02\/arben_cokaj-120x150.jpg","contentUrl":"https:\/\/fjala.info\/2009-2015\/wp-content\/uploads\/2012\/02\/arben_cokaj-120x150.jpg","caption":"admin"},"description":"Admin, Fjala e Lir\u00eb","sameAs":["https:\/\/fjala.info\/"],"url":"https:\/\/fjala.info\/2009-2015\/author\/admin\/"}]}},"_links":{"self":[{"href":"https:\/\/fjala.info\/2009-2015\/wp-json\/wp\/v2\/posts\/2799","targetHints":{"allow":["GET"]}}],"collection":[{"href":"https:\/\/fjala.info\/2009-2015\/wp-json\/wp\/v2\/posts"}],"about":[{"href":"https:\/\/fjala.info\/2009-2015\/wp-json\/wp\/v2\/types\/post"}],"author":[{"embeddable":true,"href":"https:\/\/fjala.info\/2009-2015\/wp-json\/wp\/v2\/users\/1"}],"replies":[{"embeddable":true,"href":"https:\/\/fjala.info\/2009-2015\/wp-json\/wp\/v2\/comments?post=2799"}],"version-history":[{"count":0,"href":"https:\/\/fjala.info\/2009-2015\/wp-json\/wp\/v2\/posts\/2799\/revisions"}],"wp:attachment":[{"href":"https:\/\/fjala.info\/2009-2015\/wp-json\/wp\/v2\/media?parent=2799"}],"wp:term":[{"taxonomy":"category","embeddable":true,"href":"https:\/\/fjala.info\/2009-2015\/wp-json\/wp\/v2\/categories?post=2799"},{"taxonomy":"post_tag","embeddable":true,"href":"https:\/\/fjala.info\/2009-2015\/wp-json\/wp\/v2\/tags?post=2799"}],"curies":[{"name":"wp","href":"https:\/\/api.w.org\/{rel}","templated":true}]}}