{"id":2797,"date":"2010-05-24T21:39:02","date_gmt":"2010-05-24T20:39:02","guid":{"rendered":"http:\/\/fjala.shkoder.net\/?p=2797"},"modified":"2010-05-24T21:39:02","modified_gmt":"2010-05-24T20:39:02","slug":"spiun-hajduti-kryetar-partie-dhe-zv-prefekt","status":"publish","type":"post","link":"https:\/\/fjala.info\/2009-2015\/spiun-hajduti-kryetar-partie-dhe-zv-prefekt\/","title":{"rendered":"Spiun-Hajduti, Kryetar Partie dhe Zv. Prefekt"},"content":{"rendered":"<p>Nga <strong>Bedri Blloshmi<\/strong>, <em>24 Maj 2010<\/em><\/p>\n<p>Ka vite q\u00eb zien diskutimi p\u00ebr hapjen e dosjeve t\u00eb bashk\u00ebpun\u00ebtor\u00ebve t\u00eb sigurimit. K\u00ebt\u00eb ligj e ka marr\u00eb p\u00ebrsip\u00ebr Partia Demokratike dhe justifikohet se e pengon e majta.<\/p>\n<p>Kjo nuk \u00ebsht\u00eb aspak e v\u00ebrtet\u00eb sepse Partia Demokratike ose Parlamenti kur i ka dashur qejfi p\u00ebr ta votuar nj\u00eb ligj e p\u00ebr ndryshim si\u00e7 iu duhet e kan\u00eb gjetur m\u00ebnyr\u00ebn edhe koh\u00ebn dhe kan\u00eb b\u00ebr\u00eb. Nd\u00ebrsa p\u00ebr ligjin e hapjes s\u00eb dosjeve b\u00ebn kungulleshk\u00ebn. Pse? Partia Demokratike \u00ebsht\u00eb e mbathur me spiun\u00eb t\u00eb cil\u00ebt i njeh, i afron n\u00eb gjirin e saj dhe gjen mund\u00ebsin\u00eb q\u00eb ata t\u00eb pasurohen.<\/p>\n<p>Konkretisht, n\u00eb Librazhd, kjo \u00ebsht\u00eb zbatuar m\u00eb s\u00eb mir\u00eb me nj\u00eb familje spiun\u00ebsh hajdut\u00ebsh. Aqif Leka e ka filluar vjedhjen e spiunll\u00ebkun q\u00eb n\u00eb vitin 1957 kur ishte shit\u00ebs n\u00eb Stravaj ku edhe \u00ebsht\u00eb d\u00ebnuar p\u00ebr vjedhje. N\u00eb koh\u00ebn e revolucionit t\u00eb armatosur t\u00eb 1997-\u00ebs, kryetari aktual i PD-s\u00eb dhe drejtori i at\u00ebhersh\u00ebm i elektrikut ka vjedhur zyrat e PD-s\u00eb. P\u00ebr k\u00ebt\u00eb ekziston edhe nj\u00eb e-mail q\u00eb tregon kush \u00ebsht\u00eb ky kryetar. Arinait Leka, Sk\u00ebnder \u00c7ota t\u00eb cil\u00ebt sot me k\u00ebmb\u00ebnguljen e grupit t\u00eb pun\u00ebs t\u00eb Halit Shamat\u00ebs. Lul Bash\u00ebs, Ritvan Ba\u00e7it, drejtojn\u00eb sot dhe bashk\u00ebpunojn\u00eb me spiun\u00ebt e djemt\u00eb e komunist\u00ebve n\u00eb Librazhd.<\/p>\n<p>Kur Arianit Leka u caktua kryetar i PD-s\u00eb n\u00eb Librazhd, i gjith\u00eb ky grup-pune shp\u00ebrndan\u00eb disa shkresa ku mes t\u00eb saj thuhej: \u201cVotoni p\u00ebr kryetar Arianit Lek\u00ebn.\u201d Madje emri i Arianit Lek\u00ebs ekzistonte edhe n\u00eb list\u00ebn e votuesve t\u00eb komun\u00ebs s\u00eb Quk\u00ebsit edhe t\u00eb Librazhdit.<\/p>\n<p>\u201cKy \u00ebsht\u00eb rregulli i ri se si caktohet nj\u00eb kryetar partie dhe se si porositen delegat\u00ebt t\u00eb votojn\u00eb.\u201d<br \/>\n\u00b4<br \/>\nHaliti, Luloja, Sk\u00ebnderi dhe Ridvani n\u00eb mbledhjen e zhvilluar u shpreh\u00ebn: \u201cKjo \u00ebsht\u00eb porosia e Berish\u00ebs e mos u merrni me Bedriun e Blloshmajt e tjer\u00eb se kan\u00eb shar\u00eb nr.2 t\u00eb PD-s\u00eb. T\u00eb gjith\u00eb Blloshmajt do p\u00ebrjashtohen nga PD-ja dhe nuk do t\u00eb pun\u00ebsojm\u00eb asnj\u00eb prej tyre.\u201d<\/p>\n<p>Halit Shamata e mbajti fjal\u00ebn, e ashp\u00ebrsoi luft\u00ebn e klasave duke e l\u00ebn\u00eb pa em\u00ebruar vajz\u00ebn e v\u00ebllait tim e cila mbaroi p\u00ebr m\u00ebsuese n\u00eb Elbasan. Ai s\u00eb bashku me kryetar-hajdutin e PD s\u00eb Librazhdit e \u201cdeputetin\u201d Sk\u00ebnder \u00c7ota nuk lejuan k\u00ebt\u00eb vajz\u00eb t\u00eb kapte shkum\u00ebsin me dor\u00eb nj\u00ebsoj si xhaxhain e saj Vilson Blloshmi. Kjo luft\u00eb klasash e Halit Shamat\u00ebs dhe grupit t\u00eb tij vijoi m\u00eb tej. T\u00eb vetmin Bllshoshm i cili punonte n\u00eb drejtorin\u00eb arsimore t\u00eb Librazhdit e pushuan nga puna. Dhe p\u00ebr t\u2019u treguar atyre q\u00eb se din\u00eb se \u00e7far\u00eb i ka b\u00ebr\u00eb diktatura komuniste familjes Blloshmi dhe pse them se lufta e klasave vazhdon, po ju rendis nj\u00eb s\u00ebr\u00eb faktesh:<\/p>\n<p>26 tetor 1944, Azis Blloshmi, oficer, pushkatohet;<br \/>\nn\u00eb vitin 1946 reforma agrare sekuestron 380 dynym\u00eb tok\u00eb buke;<\/p>\n<p>10 qershor 1952 Hasan Blloshmi arrestohet dhe d\u00ebnohet me 25 vjet heqje lirie;<\/p>\n<p>20 mars 1961 arrestohet Bukurosh Blloshmi;<\/p>\n<p>18 mars 1963 arrestohet Sami Blloshmi dhe d\u00ebnohet me 8 vjet heqje lirie;<\/p>\n<p>1 prill 1976 arrestohet Bedri Blloshmi dhe d\u00ebnohet me 25 vjet heqje lirie;<\/p>\n<p>5 gusht 1976 arrestohet Vilson Blloshmi dhe pushkatohet m\u00eb 17.07.1977;<\/p>\n<p>27 korrik 1977 internohen 19 an\u00ebtar\u00ebt e familjes Blloshmi p\u00ebr 10 vjet rresht;<\/p>\n<p>27 korrik 1977 arrestohet Hasan Blloshmi (p\u00ebr s\u00eb dyti) dhe d\u00ebnohet me 10 vjet heqje lirie. Vdiq n\u00eb burgun e Spa\u00e7it m\u00eb 13.07.1982.<\/p>\n<p>Ky \u00ebsht\u00eb kaluari i Blloshmajve n\u00ebn thundr\u00ebn e diktatur\u00ebs. Po sot, n\u00eb \u201cdemokraci\u201d si po trajtohet kjo familje? Prona e konfiskuar nuk i \u00ebsht\u00eb kthyer. Ekzistojn\u00eb tri vendime gjykate t\u00eb vitit 1995 t\u00eb form\u00ebs s\u00eb prer\u00eb p\u00ebr sht\u00ebpit\u00eb e shkat\u00ebrruara, q\u00eb ende nuk jan\u00eb ekzekutuar. Cil\u00ebt jan\u00eb ata q\u00eb i pengojn\u00eb ekzekutimet e k\u00ebtyre vendimeve t\u00eb form\u00ebs s\u00eb prer\u00eb?!<\/p>\n<p>I pari Ferdinand Pone dhe t\u00eb gjith\u00eb ministrat e pun\u00ebve t\u00eb brendshme, ministri i sot\u00ebm i \u00e7drejt\u00ebsis\u00eb Bujar Nishani dhe ministri i financave. K\u00ebta jan\u00eb personat p\u00ebrgjegj\u00ebs q\u00eb nuk d\u00ebshirojn\u00eb t\u00eb \u00e7elin fondet n\u00eb komunat p\u00ebrkat\u00ebse, Quk\u00ebs e Hotolisht. Ka 10 muaj q\u00eb p\u00ebr faj t\u00eb Ministris\u00eb s\u00eb Financave jan\u00eb b\u00ebr\u00eb l\u00ebmsh dokumentet e d\u00ebmshp\u00ebrblimit, kryesish ato t\u00eb Sami Blloshmit.<\/p>\n<p>S\u00eb fundmi p\u00ebr t\u00eb gjitha k\u00ebto i kam shkruar edhe kryeministrit z.Sali Berisha, duke pritur reagimin e tij.<\/p>\n<p>Ja dhe faksimile t\u00eb dokumenteve q\u00eb p\u00ebrmenda gjat\u00eb shkrimit.<\/p>\n<p style=\"text-align: center;\"><img decoding=\"async\" style=\"margin-left: 10px; margin-right: 10px; border: 0px;\" src=\"http:\/\/www.shkoder.net\/images\/fjala\/2010\/faksimile_blloshmi.jpg\" border=\"0\" alt=\"Arben Malaj\" width=\"500\" \/><\/p>\n","protected":false},"excerpt":{"rendered":"<p>Nga Bedri Blloshmi, 24 Maj 2010 Ka vite q\u00eb zien diskutimi p\u00ebr hapjen e dosjeve t\u00eb bashk\u00ebpun\u00ebtor\u00ebve t\u00eb sigurimit. K\u00ebt\u00eb ligj e ka marr\u00eb p\u00ebrsip\u00ebr Partia Demokratike dhe justifikohet se e pengon e majta. Kjo nuk \u00ebsht\u00eb aspak e v\u00ebrtet\u00eb sepse Partia Demokratike ose Parlamenti kur i ka dashur qejfi p\u00ebr ta votuar nj\u00eb ligj [&hellip;]<\/p>\n","protected":false},"author":1,"featured_media":0,"comment_status":"open","ping_status":"closed","sticky":false,"template":"","format":"standard","meta":{"footnotes":""},"categories":[2],"tags":[],"class_list":{"0":"post-2797","1":"post","2":"type-post","3":"status-publish","4":"format-standard","6":"category-artikuj"},"yoast_head":"<!-- This site is optimized with the Yoast SEO plugin v27.4 - https:\/\/yoast.com\/product\/yoast-seo-wordpress\/ -->\n<title>Spiun-Hajduti, Kryetar Partie dhe Zv. Prefekt - FjALA e LIR\u00cb - Arkivi<\/title>\n<meta name=\"robots\" content=\"index, follow, max-snippet:-1, max-image-preview:large, max-video-preview:-1\" \/>\n<link rel=\"canonical\" href=\"https:\/\/fjala.info\/2009-2015\/spiun-hajduti-kryetar-partie-dhe-zv-prefekt\/\" \/>\n<meta property=\"og:locale\" content=\"sq_AL\" \/>\n<meta property=\"og:type\" content=\"article\" \/>\n<meta property=\"og:title\" content=\"Spiun-Hajduti, Kryetar Partie dhe Zv. Prefekt - FjALA e LIR\u00cb - Arkivi\" \/>\n<meta property=\"og:description\" content=\"Nga Bedri Blloshmi, 24 Maj 2010 Ka vite q\u00eb zien diskutimi p\u00ebr hapjen e dosjeve t\u00eb bashk\u00ebpun\u00ebtor\u00ebve t\u00eb sigurimit. K\u00ebt\u00eb ligj e ka marr\u00eb p\u00ebrsip\u00ebr Partia Demokratike dhe justifikohet se e pengon e majta. Kjo nuk \u00ebsht\u00eb aspak e v\u00ebrtet\u00eb sepse Partia Demokratike ose Parlamenti kur i ka dashur qejfi p\u00ebr ta votuar nj\u00eb ligj [&hellip;]\" \/>\n<meta property=\"og:url\" content=\"https:\/\/fjala.info\/2009-2015\/spiun-hajduti-kryetar-partie-dhe-zv-prefekt\/\" \/>\n<meta property=\"og:site_name\" content=\"FjALA e LIR\u00cb - Arkivi\" \/>\n<meta property=\"article:published_time\" content=\"2010-05-24T20:39:02+00:00\" \/>\n<meta property=\"og:image\" content=\"http:\/\/www.shkoder.net\/images\/fjala\/2010\/faksimile_blloshmi.jpg\" \/>\n<meta name=\"author\" content=\"admin\" \/>\n<meta name=\"twitter:card\" content=\"summary_large_image\" \/>\n<meta name=\"twitter:label1\" content=\"Written by\" \/>\n\t<meta name=\"twitter:data1\" content=\"admin\" \/>\n\t<meta name=\"twitter:label2\" content=\"Est. reading time\" \/>\n\t<meta name=\"twitter:data2\" content=\"4 minutes\" \/>\n<script type=\"application\/ld+json\" class=\"yoast-schema-graph\">{\"@context\":\"https:\\\/\\\/schema.org\",\"@graph\":[{\"@type\":\"Article\",\"@id\":\"https:\\\/\\\/fjala.info\\\/2009-2015\\\/spiun-hajduti-kryetar-partie-dhe-zv-prefekt\\\/#article\",\"isPartOf\":{\"@id\":\"https:\\\/\\\/fjala.info\\\/2009-2015\\\/spiun-hajduti-kryetar-partie-dhe-zv-prefekt\\\/\"},\"author\":{\"name\":\"admin\",\"@id\":\"https:\\\/\\\/fjala.info\\\/2009-2015\\\/#\\\/schema\\\/person\\\/3aa1163ef05469c496fc94e77611ada2\"},\"headline\":\"Spiun-Hajduti, Kryetar Partie dhe Zv. Prefekt\",\"datePublished\":\"2010-05-24T20:39:02+00:00\",\"mainEntityOfPage\":{\"@id\":\"https:\\\/\\\/fjala.info\\\/2009-2015\\\/spiun-hajduti-kryetar-partie-dhe-zv-prefekt\\\/\"},\"wordCount\":773,\"commentCount\":0,\"publisher\":{\"@id\":\"https:\\\/\\\/fjala.info\\\/2009-2015\\\/#organization\"},\"image\":{\"@id\":\"https:\\\/\\\/fjala.info\\\/2009-2015\\\/spiun-hajduti-kryetar-partie-dhe-zv-prefekt\\\/#primaryimage\"},\"thumbnailUrl\":\"http:\\\/\\\/www.shkoder.net\\\/images\\\/fjala\\\/2010\\\/faksimile_blloshmi.jpg\",\"articleSection\":[\"Artikuj\"],\"inLanguage\":\"sq-AL\",\"potentialAction\":[{\"@type\":\"CommentAction\",\"name\":\"Comment\",\"target\":[\"https:\\\/\\\/fjala.info\\\/2009-2015\\\/spiun-hajduti-kryetar-partie-dhe-zv-prefekt\\\/#respond\"]}]},{\"@type\":\"WebPage\",\"@id\":\"https:\\\/\\\/fjala.info\\\/2009-2015\\\/spiun-hajduti-kryetar-partie-dhe-zv-prefekt\\\/\",\"url\":\"https:\\\/\\\/fjala.info\\\/2009-2015\\\/spiun-hajduti-kryetar-partie-dhe-zv-prefekt\\\/\",\"name\":\"Spiun-Hajduti, Kryetar Partie dhe Zv. Prefekt - FjALA e LIR\u00cb - Arkivi\",\"isPartOf\":{\"@id\":\"https:\\\/\\\/fjala.info\\\/2009-2015\\\/#website\"},\"primaryImageOfPage\":{\"@id\":\"https:\\\/\\\/fjala.info\\\/2009-2015\\\/spiun-hajduti-kryetar-partie-dhe-zv-prefekt\\\/#primaryimage\"},\"image\":{\"@id\":\"https:\\\/\\\/fjala.info\\\/2009-2015\\\/spiun-hajduti-kryetar-partie-dhe-zv-prefekt\\\/#primaryimage\"},\"thumbnailUrl\":\"http:\\\/\\\/www.shkoder.net\\\/images\\\/fjala\\\/2010\\\/faksimile_blloshmi.jpg\",\"datePublished\":\"2010-05-24T20:39:02+00:00\",\"breadcrumb\":{\"@id\":\"https:\\\/\\\/fjala.info\\\/2009-2015\\\/spiun-hajduti-kryetar-partie-dhe-zv-prefekt\\\/#breadcrumb\"},\"inLanguage\":\"sq-AL\",\"potentialAction\":[{\"@type\":\"ReadAction\",\"target\":[\"https:\\\/\\\/fjala.info\\\/2009-2015\\\/spiun-hajduti-kryetar-partie-dhe-zv-prefekt\\\/\"]}]},{\"@type\":\"ImageObject\",\"inLanguage\":\"sq-AL\",\"@id\":\"https:\\\/\\\/fjala.info\\\/2009-2015\\\/spiun-hajduti-kryetar-partie-dhe-zv-prefekt\\\/#primaryimage\",\"url\":\"http:\\\/\\\/www.shkoder.net\\\/images\\\/fjala\\\/2010\\\/faksimile_blloshmi.jpg\",\"contentUrl\":\"http:\\\/\\\/www.shkoder.net\\\/images\\\/fjala\\\/2010\\\/faksimile_blloshmi.jpg\"},{\"@type\":\"BreadcrumbList\",\"@id\":\"https:\\\/\\\/fjala.info\\\/2009-2015\\\/spiun-hajduti-kryetar-partie-dhe-zv-prefekt\\\/#breadcrumb\",\"itemListElement\":[{\"@type\":\"ListItem\",\"position\":1,\"name\":\"Home\",\"item\":\"https:\\\/\\\/fjala.info\\\/2009-2015\\\/\"},{\"@type\":\"ListItem\",\"position\":2,\"name\":\"Spiun-Hajduti, Kryetar Partie dhe Zv. Prefekt\"}]},{\"@type\":\"WebSite\",\"@id\":\"https:\\\/\\\/fjala.info\\\/2009-2015\\\/#website\",\"url\":\"https:\\\/\\\/fjala.info\\\/2009-2015\\\/\",\"name\":\"FjALA e LIR\u00cb - Arkivi\",\"description\":\"Arkivi 2009-2015\",\"publisher\":{\"@id\":\"https:\\\/\\\/fjala.info\\\/2009-2015\\\/#organization\"},\"potentialAction\":[{\"@type\":\"SearchAction\",\"target\":{\"@type\":\"EntryPoint\",\"urlTemplate\":\"https:\\\/\\\/fjala.info\\\/2009-2015\\\/?s={search_term_string}\"},\"query-input\":{\"@type\":\"PropertyValueSpecification\",\"valueRequired\":true,\"valueName\":\"search_term_string\"}}],\"inLanguage\":\"sq-AL\"},{\"@type\":\"Organization\",\"@id\":\"https:\\\/\\\/fjala.info\\\/2009-2015\\\/#organization\",\"name\":\"FjALA e LIR\u00cb - Arkivi\",\"url\":\"https:\\\/\\\/fjala.info\\\/2009-2015\\\/\",\"logo\":{\"@type\":\"ImageObject\",\"inLanguage\":\"sq-AL\",\"@id\":\"https:\\\/\\\/fjala.info\\\/2009-2015\\\/#\\\/schema\\\/logo\\\/image\\\/\",\"url\":\"\",\"contentUrl\":\"\",\"caption\":\"FjALA e LIR\u00cb - Arkivi\"},\"image\":{\"@id\":\"https:\\\/\\\/fjala.info\\\/2009-2015\\\/#\\\/schema\\\/logo\\\/image\\\/\"}},{\"@type\":\"Person\",\"@id\":\"https:\\\/\\\/fjala.info\\\/2009-2015\\\/#\\\/schema\\\/person\\\/3aa1163ef05469c496fc94e77611ada2\",\"name\":\"admin\",\"image\":{\"@type\":\"ImageObject\",\"inLanguage\":\"sq-AL\",\"@id\":\"https:\\\/\\\/fjala.info\\\/2009-2015\\\/wp-content\\\/uploads\\\/2012\\\/02\\\/arben_cokaj-120x150.jpg\",\"url\":\"https:\\\/\\\/fjala.info\\\/2009-2015\\\/wp-content\\\/uploads\\\/2012\\\/02\\\/arben_cokaj-120x150.jpg\",\"contentUrl\":\"https:\\\/\\\/fjala.info\\\/2009-2015\\\/wp-content\\\/uploads\\\/2012\\\/02\\\/arben_cokaj-120x150.jpg\",\"caption\":\"admin\"},\"description\":\"Admin, Fjala e Lir\u00eb\",\"sameAs\":[\"https:\\\/\\\/fjala.info\\\/\"],\"url\":\"https:\\\/\\\/fjala.info\\\/2009-2015\\\/author\\\/admin\\\/\"}]}<\/script>\n<!-- \/ Yoast SEO plugin. -->","yoast_head_json":{"title":"Spiun-Hajduti, Kryetar Partie dhe Zv. Prefekt - FjALA e LIR\u00cb - Arkivi","robots":{"index":"index","follow":"follow","max-snippet":"max-snippet:-1","max-image-preview":"max-image-preview:large","max-video-preview":"max-video-preview:-1"},"canonical":"https:\/\/fjala.info\/2009-2015\/spiun-hajduti-kryetar-partie-dhe-zv-prefekt\/","og_locale":"sq_AL","og_type":"article","og_title":"Spiun-Hajduti, Kryetar Partie dhe Zv. Prefekt - FjALA e LIR\u00cb - Arkivi","og_description":"Nga Bedri Blloshmi, 24 Maj 2010 Ka vite q\u00eb zien diskutimi p\u00ebr hapjen e dosjeve t\u00eb bashk\u00ebpun\u00ebtor\u00ebve t\u00eb sigurimit. K\u00ebt\u00eb ligj e ka marr\u00eb p\u00ebrsip\u00ebr Partia Demokratike dhe justifikohet se e pengon e majta. Kjo nuk \u00ebsht\u00eb aspak e v\u00ebrtet\u00eb sepse Partia Demokratike ose Parlamenti kur i ka dashur qejfi p\u00ebr ta votuar nj\u00eb ligj [&hellip;]","og_url":"https:\/\/fjala.info\/2009-2015\/spiun-hajduti-kryetar-partie-dhe-zv-prefekt\/","og_site_name":"FjALA e LIR\u00cb - Arkivi","article_published_time":"2010-05-24T20:39:02+00:00","og_image":[{"url":"http:\/\/www.shkoder.net\/images\/fjala\/2010\/faksimile_blloshmi.jpg","type":"","width":"","height":""}],"author":"admin","twitter_card":"summary_large_image","twitter_misc":{"Written by":"admin","Est. reading time":"4 minutes"},"schema":{"@context":"https:\/\/schema.org","@graph":[{"@type":"Article","@id":"https:\/\/fjala.info\/2009-2015\/spiun-hajduti-kryetar-partie-dhe-zv-prefekt\/#article","isPartOf":{"@id":"https:\/\/fjala.info\/2009-2015\/spiun-hajduti-kryetar-partie-dhe-zv-prefekt\/"},"author":{"name":"admin","@id":"https:\/\/fjala.info\/2009-2015\/#\/schema\/person\/3aa1163ef05469c496fc94e77611ada2"},"headline":"Spiun-Hajduti, Kryetar Partie dhe Zv. Prefekt","datePublished":"2010-05-24T20:39:02+00:00","mainEntityOfPage":{"@id":"https:\/\/fjala.info\/2009-2015\/spiun-hajduti-kryetar-partie-dhe-zv-prefekt\/"},"wordCount":773,"commentCount":0,"publisher":{"@id":"https:\/\/fjala.info\/2009-2015\/#organization"},"image":{"@id":"https:\/\/fjala.info\/2009-2015\/spiun-hajduti-kryetar-partie-dhe-zv-prefekt\/#primaryimage"},"thumbnailUrl":"http:\/\/www.shkoder.net\/images\/fjala\/2010\/faksimile_blloshmi.jpg","articleSection":["Artikuj"],"inLanguage":"sq-AL","potentialAction":[{"@type":"CommentAction","name":"Comment","target":["https:\/\/fjala.info\/2009-2015\/spiun-hajduti-kryetar-partie-dhe-zv-prefekt\/#respond"]}]},{"@type":"WebPage","@id":"https:\/\/fjala.info\/2009-2015\/spiun-hajduti-kryetar-partie-dhe-zv-prefekt\/","url":"https:\/\/fjala.info\/2009-2015\/spiun-hajduti-kryetar-partie-dhe-zv-prefekt\/","name":"Spiun-Hajduti, Kryetar Partie dhe Zv. Prefekt - FjALA e LIR\u00cb - Arkivi","isPartOf":{"@id":"https:\/\/fjala.info\/2009-2015\/#website"},"primaryImageOfPage":{"@id":"https:\/\/fjala.info\/2009-2015\/spiun-hajduti-kryetar-partie-dhe-zv-prefekt\/#primaryimage"},"image":{"@id":"https:\/\/fjala.info\/2009-2015\/spiun-hajduti-kryetar-partie-dhe-zv-prefekt\/#primaryimage"},"thumbnailUrl":"http:\/\/www.shkoder.net\/images\/fjala\/2010\/faksimile_blloshmi.jpg","datePublished":"2010-05-24T20:39:02+00:00","breadcrumb":{"@id":"https:\/\/fjala.info\/2009-2015\/spiun-hajduti-kryetar-partie-dhe-zv-prefekt\/#breadcrumb"},"inLanguage":"sq-AL","potentialAction":[{"@type":"ReadAction","target":["https:\/\/fjala.info\/2009-2015\/spiun-hajduti-kryetar-partie-dhe-zv-prefekt\/"]}]},{"@type":"ImageObject","inLanguage":"sq-AL","@id":"https:\/\/fjala.info\/2009-2015\/spiun-hajduti-kryetar-partie-dhe-zv-prefekt\/#primaryimage","url":"http:\/\/www.shkoder.net\/images\/fjala\/2010\/faksimile_blloshmi.jpg","contentUrl":"http:\/\/www.shkoder.net\/images\/fjala\/2010\/faksimile_blloshmi.jpg"},{"@type":"BreadcrumbList","@id":"https:\/\/fjala.info\/2009-2015\/spiun-hajduti-kryetar-partie-dhe-zv-prefekt\/#breadcrumb","itemListElement":[{"@type":"ListItem","position":1,"name":"Home","item":"https:\/\/fjala.info\/2009-2015\/"},{"@type":"ListItem","position":2,"name":"Spiun-Hajduti, Kryetar Partie dhe Zv. Prefekt"}]},{"@type":"WebSite","@id":"https:\/\/fjala.info\/2009-2015\/#website","url":"https:\/\/fjala.info\/2009-2015\/","name":"FjALA e LIR\u00cb - Arkivi","description":"Arkivi 2009-2015","publisher":{"@id":"https:\/\/fjala.info\/2009-2015\/#organization"},"potentialAction":[{"@type":"SearchAction","target":{"@type":"EntryPoint","urlTemplate":"https:\/\/fjala.info\/2009-2015\/?s={search_term_string}"},"query-input":{"@type":"PropertyValueSpecification","valueRequired":true,"valueName":"search_term_string"}}],"inLanguage":"sq-AL"},{"@type":"Organization","@id":"https:\/\/fjala.info\/2009-2015\/#organization","name":"FjALA e LIR\u00cb - Arkivi","url":"https:\/\/fjala.info\/2009-2015\/","logo":{"@type":"ImageObject","inLanguage":"sq-AL","@id":"https:\/\/fjala.info\/2009-2015\/#\/schema\/logo\/image\/","url":"","contentUrl":"","caption":"FjALA e LIR\u00cb - Arkivi"},"image":{"@id":"https:\/\/fjala.info\/2009-2015\/#\/schema\/logo\/image\/"}},{"@type":"Person","@id":"https:\/\/fjala.info\/2009-2015\/#\/schema\/person\/3aa1163ef05469c496fc94e77611ada2","name":"admin","image":{"@type":"ImageObject","inLanguage":"sq-AL","@id":"https:\/\/fjala.info\/2009-2015\/wp-content\/uploads\/2012\/02\/arben_cokaj-120x150.jpg","url":"https:\/\/fjala.info\/2009-2015\/wp-content\/uploads\/2012\/02\/arben_cokaj-120x150.jpg","contentUrl":"https:\/\/fjala.info\/2009-2015\/wp-content\/uploads\/2012\/02\/arben_cokaj-120x150.jpg","caption":"admin"},"description":"Admin, Fjala e Lir\u00eb","sameAs":["https:\/\/fjala.info\/"],"url":"https:\/\/fjala.info\/2009-2015\/author\/admin\/"}]}},"_links":{"self":[{"href":"https:\/\/fjala.info\/2009-2015\/wp-json\/wp\/v2\/posts\/2797","targetHints":{"allow":["GET"]}}],"collection":[{"href":"https:\/\/fjala.info\/2009-2015\/wp-json\/wp\/v2\/posts"}],"about":[{"href":"https:\/\/fjala.info\/2009-2015\/wp-json\/wp\/v2\/types\/post"}],"author":[{"embeddable":true,"href":"https:\/\/fjala.info\/2009-2015\/wp-json\/wp\/v2\/users\/1"}],"replies":[{"embeddable":true,"href":"https:\/\/fjala.info\/2009-2015\/wp-json\/wp\/v2\/comments?post=2797"}],"version-history":[{"count":0,"href":"https:\/\/fjala.info\/2009-2015\/wp-json\/wp\/v2\/posts\/2797\/revisions"}],"wp:attachment":[{"href":"https:\/\/fjala.info\/2009-2015\/wp-json\/wp\/v2\/media?parent=2797"}],"wp:term":[{"taxonomy":"category","embeddable":true,"href":"https:\/\/fjala.info\/2009-2015\/wp-json\/wp\/v2\/categories?post=2797"},{"taxonomy":"post_tag","embeddable":true,"href":"https:\/\/fjala.info\/2009-2015\/wp-json\/wp\/v2\/tags?post=2797"}],"curies":[{"name":"wp","href":"https:\/\/api.w.org\/{rel}","templated":true}]}}