{"id":2793,"date":"2010-05-23T23:22:47","date_gmt":"2010-05-23T22:22:47","guid":{"rendered":"http:\/\/fjala.shkoder.net\/?p=2793"},"modified":"2010-05-23T23:22:47","modified_gmt":"2010-05-23T22:22:47","slug":"greva-e-urise-kriza-politike-dhe-elita","status":"publish","type":"post","link":"https:\/\/fjala.info\/2009-2015\/greva-e-urise-kriza-politike-dhe-elita\/","title":{"rendered":"Greva e Uris\u00eb, Kriza politike dhe Elita"},"content":{"rendered":"<p><img decoding=\"async\" style=\"margin-left: 10px; margin-right: 10px; border: 0px;\" src=\"http:\/\/www.shkoder.net\/images\/fjala\/arben_malaj.jpg\" border=\"0\" alt=\"Arben Malaj\" width=\"100\" align=\"right\" \/><\/p>\n<p><strong>Arben Malaj<\/strong>, <em>23.05.2010<\/em><\/p>\n<p>Greva e uris\u00eb u mbyll nd\u00ebrsa kriza politike vazhdon. Zgjatja e kriz\u00ebs politike n\u00eb vend do t\u00eb sillte ngrirjen e \u00e7do hapi konkret drejt liberalizimit t\u00eb vizave dhe statusit t\u00eb vendit kandidat. Letra e fundit, drejtuar Kryeministrit dhe liderit t\u00eb opozit\u00ebs, e ardhur nga krer\u00ebt e &#8230;grupimeve kryesore politike n\u00eb Parlamentin evropian, \u00ebsht\u00eb rasti m\u00eb mir\u00eb p\u00ebr t\u00eb shpresuar n\u00eb kontributin pozitiv t\u00eb elit\u00ebs s\u00eb vendit ton\u00eb. Ka nj\u00eb dallim thelb\u00ebsor midis artist\u00ebve profesionist\u00eb dhe elitave. Historia njer\u00ebzore \u00ebsht\u00eb mir\u00ebnjoh\u00ebse ndaj personaliteteve inspiruese q\u00eb kan\u00eb promovuar lirin\u00eb, solidaritetin dhe humanizmin si vlerat m\u00eb t\u00eb mira njer\u00ebzore. Tek greva e uris\u00eb nuk duhej vler\u00ebsuar forma e protest\u00ebs por thelbi i saj, k\u00ebrkesa p\u00ebr transparenc\u00ebn e vot\u00ebs, q\u00eb \u00ebsht\u00eb jetike p\u00ebr demokracin\u00eb.<\/p>\n<p>An\u00ebtar\u00ebsia n\u00eb Evrop\u00ebn e Bashkuar nuk \u00ebsht\u00eb nj\u00eb ngjarje artistike festive, nuk \u00ebsht\u00eb nj\u00eb dat\u00eb e caktuar e nj\u00eb koncerti elektoral, nuk \u00ebsht\u00eb nj\u00eb destinacion turizmi politik. Evropa e Bashkuar \u00ebsht\u00eb nj\u00eb t\u00ebr\u00ebsi vlerash, p\u00ebr t\u00eb cilat edhe sot elitat luftojn\u00eb p\u00ebr t&#8217;i p\u00ebrmir\u00ebsuar.<\/p>\n<p>Greva e uris\u00eb nuk \u00ebsht\u00eb mjeti m\u00eb i mir\u00eb i protest\u00ebs popullore. Edhe pse \u00ebsht\u00eb paq\u00ebsore, nga pik\u00ebpamja humane, ajo \u00ebsht\u00eb nj\u00eb mjet radikal. Por, pas d\u00ebshtimit ton\u00eb gati nj\u00eb-vje\u00e7ar p\u00ebr t&#8217;ju kthyer nomalitetit politik, ajo mbeti e vetmja rrug\u00eb p\u00ebr t\u00eb sensibilizuar \u00e7do faktor shoq\u00ebror dhe politik jo vet\u00ebm n\u00eb vend.<\/p>\n<p>E v\u00ebrteta \u00ebsht\u00eb q\u00eb edhe elita jon\u00eb u sensibilizua, pavar\u00ebsisht debatit p\u00ebr kontributin konkret.<\/p>\n<p>Ndoshta mund t\u00eb jet\u00eb aktual p\u00ebr nj\u00eb pjes\u00eb t\u00eb elit\u00ebs son\u00eb, mesazhi filozofik i Volterit se: &#8220;\u00cbsht\u00eb e rrezikshme t\u00eb jesh n\u00eb an\u00ebn e drejt\u00eb kur Qeveria \u00ebsht\u00eb gabim&#8221;.<br \/>\nNuk dua t\u00eb paragjykoj asnj\u00eb, nuk dua t\u00eb paragjykoj as kontekstin e rrethanave n\u00eb t\u00eb cilat filozofi i madh e ka th\u00ebn\u00eb dhe kujt i \u00ebsht\u00eb drejtuar. Nj\u00eb gj\u00eb e besoj, si avokat i t\u00eb drejtave civile, Volteri nuk e ka th\u00ebn\u00eb p\u00ebr t\u00eb justifikuar frik\u00ebn, por p\u00ebr t\u00eb inspiruar kurajon.<\/p>\n<p>Misioni i elit\u00ebs p\u00ebrher\u00eb do t\u00eb jet\u00eb i domosdosh\u00ebm dhe i r\u00ebnd\u00ebsish\u00ebm. Kudo e ardhmja ka paqart\u00ebsit\u00eb e zhvillimit t\u00eb saj, risqet dhe p\u00ebrmasat e krizave jan\u00eb rritur, kostot e pasigurive po rriten, sfidat e \u00e7do vendi b\u00ebhen m\u00eb t\u00eb v\u00ebshtira.<br \/>\nSukseset jan\u00eb t\u00eb pamundura n\u00eb nj\u00eb ambient t\u00eb acaruar politik, ekstremet politike po synojn\u00eb m\u00eb shum\u00eb influenc\u00eb. Populizmi po b\u00ebhet mbisundues n\u00eb konkurrimet politike, diktaturat &#8220;paq\u00ebsore&#8221; mund t\u00eb rrezikojn\u00eb demokracit\u00eb e brishta.<\/p>\n<p>Duhet t&#8217;i arrijm\u00eb kompromiset dhe konsensusin komb\u00ebtar p\u00ebr standardet moderne t\u00eb s\u00eb ardhmes son\u00eb evropiane. Ndaj nuk duhet nxitur urrejtja midis politikan\u00ebve t\u00eb vendit, midis votuesve t\u00eb partive politike, aq m\u00eb pak midis p\u00ebrfaq\u00ebsuesve t\u00eb elit\u00ebs s\u00eb vendit ton\u00eb dhe brenda komunitetit t\u00eb biznesit. Elita duhet ta nxis\u00eb ambicjen e popullit t\u00eb saj p\u00ebr m\u00eb shum\u00eb demokraci, p\u00ebr m\u00eb shum\u00eb liri, p\u00ebr m\u00eb shum\u00eb mir\u00ebqenie.<\/p>\n<p>Elita mund dhe duhet t\u00eb jet\u00eb amortizuese e agresivitetit politik, kontribuese e rigjetjes s\u00eb balancave t\u00eb politik\u00ebs dhe prioriteteve komb\u00ebtare p\u00ebr sfidat historike t\u00eb vendit te tyre.<\/p>\n<p>Greva e uris\u00eb mbaroi, kriza politike vazhdon akoma, tani \u00ebsht\u00eb momenti m\u00eb i mir\u00eb q\u00eb elita e vendit nuk duhet t\u00eb hesht\u00eb. Ky \u00ebsht\u00eb misioni me t\u00eb cilin ndikohet n\u00eb drejtimin e duhur opinioni publik &#8211; misioni qe Ludwig von Mises, k\u00ebrkon tek elitat.<br \/>\n&#8220;Ne jemi b\u00ebr\u00eb t\u00eb men\u00e7ur, jo nga kujtesa e s\u00eb shkuar\u00ebs, por nga p\u00ebrgjegj\u00ebsia p\u00ebr t\u00eb ardhmen ton\u00eb&#8221;, do t\u00eb konkludonte qindra vjet m\u00eb par\u00eb &#8211; George Bernard Shaw.<\/p>\n","protected":false},"excerpt":{"rendered":"<p>Arben Malaj, 23.05.2010 Greva e uris\u00eb u mbyll nd\u00ebrsa kriza politike vazhdon. Zgjatja e kriz\u00ebs politike n\u00eb vend do t\u00eb sillte ngrirjen e \u00e7do hapi konkret drejt liberalizimit t\u00eb vizave dhe statusit t\u00eb vendit kandidat. Letra e fundit, drejtuar Kryeministrit dhe liderit t\u00eb opozit\u00ebs, e ardhur nga krer\u00ebt e &#8230;grupimeve kryesore politike n\u00eb Parlamentin evropian, [&hellip;]<\/p>\n","protected":false},"author":1,"featured_media":0,"comment_status":"open","ping_status":"closed","sticky":false,"template":"","format":"standard","meta":{"footnotes":""},"categories":[2],"tags":[],"class_list":{"0":"post-2793","1":"post","2":"type-post","3":"status-publish","4":"format-standard","6":"category-artikuj"},"yoast_head":"<!-- This site is optimized with the Yoast SEO plugin v27.4 - https:\/\/yoast.com\/product\/yoast-seo-wordpress\/ -->\n<title>Greva e Uris\u00eb, Kriza politike dhe Elita - FjALA e LIR\u00cb - Arkivi<\/title>\n<meta name=\"robots\" content=\"index, follow, max-snippet:-1, max-image-preview:large, max-video-preview:-1\" \/>\n<link rel=\"canonical\" href=\"https:\/\/fjala.info\/2009-2015\/greva-e-urise-kriza-politike-dhe-elita\/\" \/>\n<meta property=\"og:locale\" content=\"sq_AL\" \/>\n<meta property=\"og:type\" content=\"article\" \/>\n<meta property=\"og:title\" content=\"Greva e Uris\u00eb, Kriza politike dhe Elita - FjALA e LIR\u00cb - Arkivi\" \/>\n<meta property=\"og:description\" content=\"Arben Malaj, 23.05.2010 Greva e uris\u00eb u mbyll nd\u00ebrsa kriza politike vazhdon. Zgjatja e kriz\u00ebs politike n\u00eb vend do t\u00eb sillte ngrirjen e \u00e7do hapi konkret drejt liberalizimit t\u00eb vizave dhe statusit t\u00eb vendit kandidat. Letra e fundit, drejtuar Kryeministrit dhe liderit t\u00eb opozit\u00ebs, e ardhur nga krer\u00ebt e &#8230;grupimeve kryesore politike n\u00eb Parlamentin evropian, [&hellip;]\" \/>\n<meta property=\"og:url\" content=\"https:\/\/fjala.info\/2009-2015\/greva-e-urise-kriza-politike-dhe-elita\/\" \/>\n<meta property=\"og:site_name\" content=\"FjALA e LIR\u00cb - Arkivi\" \/>\n<meta property=\"article:published_time\" content=\"2010-05-23T22:22:47+00:00\" \/>\n<meta property=\"og:image\" content=\"http:\/\/www.shkoder.net\/images\/fjala\/arben_malaj.jpg\" \/>\n<meta name=\"author\" content=\"admin\" \/>\n<meta name=\"twitter:card\" content=\"summary_large_image\" \/>\n<meta name=\"twitter:label1\" content=\"Written by\" \/>\n\t<meta name=\"twitter:data1\" content=\"admin\" \/>\n\t<meta name=\"twitter:label2\" content=\"Est. reading time\" \/>\n\t<meta name=\"twitter:data2\" content=\"3 minutes\" \/>\n<script type=\"application\/ld+json\" class=\"yoast-schema-graph\">{\"@context\":\"https:\\\/\\\/schema.org\",\"@graph\":[{\"@type\":\"Article\",\"@id\":\"https:\\\/\\\/fjala.info\\\/2009-2015\\\/greva-e-urise-kriza-politike-dhe-elita\\\/#article\",\"isPartOf\":{\"@id\":\"https:\\\/\\\/fjala.info\\\/2009-2015\\\/greva-e-urise-kriza-politike-dhe-elita\\\/\"},\"author\":{\"name\":\"admin\",\"@id\":\"https:\\\/\\\/fjala.info\\\/2009-2015\\\/#\\\/schema\\\/person\\\/3aa1163ef05469c496fc94e77611ada2\"},\"headline\":\"Greva e Uris\u00eb, Kriza politike dhe Elita\",\"datePublished\":\"2010-05-23T22:22:47+00:00\",\"mainEntityOfPage\":{\"@id\":\"https:\\\/\\\/fjala.info\\\/2009-2015\\\/greva-e-urise-kriza-politike-dhe-elita\\\/\"},\"wordCount\":641,\"commentCount\":1,\"publisher\":{\"@id\":\"https:\\\/\\\/fjala.info\\\/2009-2015\\\/#organization\"},\"image\":{\"@id\":\"https:\\\/\\\/fjala.info\\\/2009-2015\\\/greva-e-urise-kriza-politike-dhe-elita\\\/#primaryimage\"},\"thumbnailUrl\":\"http:\\\/\\\/www.shkoder.net\\\/images\\\/fjala\\\/arben_malaj.jpg\",\"articleSection\":[\"Artikuj\"],\"inLanguage\":\"sq-AL\",\"potentialAction\":[{\"@type\":\"CommentAction\",\"name\":\"Comment\",\"target\":[\"https:\\\/\\\/fjala.info\\\/2009-2015\\\/greva-e-urise-kriza-politike-dhe-elita\\\/#respond\"]}]},{\"@type\":\"WebPage\",\"@id\":\"https:\\\/\\\/fjala.info\\\/2009-2015\\\/greva-e-urise-kriza-politike-dhe-elita\\\/\",\"url\":\"https:\\\/\\\/fjala.info\\\/2009-2015\\\/greva-e-urise-kriza-politike-dhe-elita\\\/\",\"name\":\"Greva e Uris\u00eb, Kriza politike dhe Elita - FjALA e LIR\u00cb - Arkivi\",\"isPartOf\":{\"@id\":\"https:\\\/\\\/fjala.info\\\/2009-2015\\\/#website\"},\"primaryImageOfPage\":{\"@id\":\"https:\\\/\\\/fjala.info\\\/2009-2015\\\/greva-e-urise-kriza-politike-dhe-elita\\\/#primaryimage\"},\"image\":{\"@id\":\"https:\\\/\\\/fjala.info\\\/2009-2015\\\/greva-e-urise-kriza-politike-dhe-elita\\\/#primaryimage\"},\"thumbnailUrl\":\"http:\\\/\\\/www.shkoder.net\\\/images\\\/fjala\\\/arben_malaj.jpg\",\"datePublished\":\"2010-05-23T22:22:47+00:00\",\"breadcrumb\":{\"@id\":\"https:\\\/\\\/fjala.info\\\/2009-2015\\\/greva-e-urise-kriza-politike-dhe-elita\\\/#breadcrumb\"},\"inLanguage\":\"sq-AL\",\"potentialAction\":[{\"@type\":\"ReadAction\",\"target\":[\"https:\\\/\\\/fjala.info\\\/2009-2015\\\/greva-e-urise-kriza-politike-dhe-elita\\\/\"]}]},{\"@type\":\"ImageObject\",\"inLanguage\":\"sq-AL\",\"@id\":\"https:\\\/\\\/fjala.info\\\/2009-2015\\\/greva-e-urise-kriza-politike-dhe-elita\\\/#primaryimage\",\"url\":\"http:\\\/\\\/www.shkoder.net\\\/images\\\/fjala\\\/arben_malaj.jpg\",\"contentUrl\":\"http:\\\/\\\/www.shkoder.net\\\/images\\\/fjala\\\/arben_malaj.jpg\"},{\"@type\":\"BreadcrumbList\",\"@id\":\"https:\\\/\\\/fjala.info\\\/2009-2015\\\/greva-e-urise-kriza-politike-dhe-elita\\\/#breadcrumb\",\"itemListElement\":[{\"@type\":\"ListItem\",\"position\":1,\"name\":\"Home\",\"item\":\"https:\\\/\\\/fjala.info\\\/2009-2015\\\/\"},{\"@type\":\"ListItem\",\"position\":2,\"name\":\"Greva e Uris\u00eb, Kriza politike dhe Elita\"}]},{\"@type\":\"WebSite\",\"@id\":\"https:\\\/\\\/fjala.info\\\/2009-2015\\\/#website\",\"url\":\"https:\\\/\\\/fjala.info\\\/2009-2015\\\/\",\"name\":\"FjALA e LIR\u00cb - Arkivi\",\"description\":\"Arkivi 2009-2015\",\"publisher\":{\"@id\":\"https:\\\/\\\/fjala.info\\\/2009-2015\\\/#organization\"},\"potentialAction\":[{\"@type\":\"SearchAction\",\"target\":{\"@type\":\"EntryPoint\",\"urlTemplate\":\"https:\\\/\\\/fjala.info\\\/2009-2015\\\/?s={search_term_string}\"},\"query-input\":{\"@type\":\"PropertyValueSpecification\",\"valueRequired\":true,\"valueName\":\"search_term_string\"}}],\"inLanguage\":\"sq-AL\"},{\"@type\":\"Organization\",\"@id\":\"https:\\\/\\\/fjala.info\\\/2009-2015\\\/#organization\",\"name\":\"FjALA e LIR\u00cb - Arkivi\",\"url\":\"https:\\\/\\\/fjala.info\\\/2009-2015\\\/\",\"logo\":{\"@type\":\"ImageObject\",\"inLanguage\":\"sq-AL\",\"@id\":\"https:\\\/\\\/fjala.info\\\/2009-2015\\\/#\\\/schema\\\/logo\\\/image\\\/\",\"url\":\"\",\"contentUrl\":\"\",\"caption\":\"FjALA e LIR\u00cb - Arkivi\"},\"image\":{\"@id\":\"https:\\\/\\\/fjala.info\\\/2009-2015\\\/#\\\/schema\\\/logo\\\/image\\\/\"}},{\"@type\":\"Person\",\"@id\":\"https:\\\/\\\/fjala.info\\\/2009-2015\\\/#\\\/schema\\\/person\\\/3aa1163ef05469c496fc94e77611ada2\",\"name\":\"admin\",\"image\":{\"@type\":\"ImageObject\",\"inLanguage\":\"sq-AL\",\"@id\":\"https:\\\/\\\/fjala.info\\\/2009-2015\\\/wp-content\\\/uploads\\\/2012\\\/02\\\/arben_cokaj-120x150.jpg\",\"url\":\"https:\\\/\\\/fjala.info\\\/2009-2015\\\/wp-content\\\/uploads\\\/2012\\\/02\\\/arben_cokaj-120x150.jpg\",\"contentUrl\":\"https:\\\/\\\/fjala.info\\\/2009-2015\\\/wp-content\\\/uploads\\\/2012\\\/02\\\/arben_cokaj-120x150.jpg\",\"caption\":\"admin\"},\"description\":\"Admin, Fjala e Lir\u00eb\",\"sameAs\":[\"https:\\\/\\\/fjala.info\\\/\"],\"url\":\"https:\\\/\\\/fjala.info\\\/2009-2015\\\/author\\\/admin\\\/\"}]}<\/script>\n<!-- \/ Yoast SEO plugin. -->","yoast_head_json":{"title":"Greva e Uris\u00eb, Kriza politike dhe Elita - FjALA e LIR\u00cb - Arkivi","robots":{"index":"index","follow":"follow","max-snippet":"max-snippet:-1","max-image-preview":"max-image-preview:large","max-video-preview":"max-video-preview:-1"},"canonical":"https:\/\/fjala.info\/2009-2015\/greva-e-urise-kriza-politike-dhe-elita\/","og_locale":"sq_AL","og_type":"article","og_title":"Greva e Uris\u00eb, Kriza politike dhe Elita - FjALA e LIR\u00cb - Arkivi","og_description":"Arben Malaj, 23.05.2010 Greva e uris\u00eb u mbyll nd\u00ebrsa kriza politike vazhdon. Zgjatja e kriz\u00ebs politike n\u00eb vend do t\u00eb sillte ngrirjen e \u00e7do hapi konkret drejt liberalizimit t\u00eb vizave dhe statusit t\u00eb vendit kandidat. Letra e fundit, drejtuar Kryeministrit dhe liderit t\u00eb opozit\u00ebs, e ardhur nga krer\u00ebt e &#8230;grupimeve kryesore politike n\u00eb Parlamentin evropian, [&hellip;]","og_url":"https:\/\/fjala.info\/2009-2015\/greva-e-urise-kriza-politike-dhe-elita\/","og_site_name":"FjALA e LIR\u00cb - Arkivi","article_published_time":"2010-05-23T22:22:47+00:00","og_image":[{"url":"http:\/\/www.shkoder.net\/images\/fjala\/arben_malaj.jpg","type":"","width":"","height":""}],"author":"admin","twitter_card":"summary_large_image","twitter_misc":{"Written by":"admin","Est. reading time":"3 minutes"},"schema":{"@context":"https:\/\/schema.org","@graph":[{"@type":"Article","@id":"https:\/\/fjala.info\/2009-2015\/greva-e-urise-kriza-politike-dhe-elita\/#article","isPartOf":{"@id":"https:\/\/fjala.info\/2009-2015\/greva-e-urise-kriza-politike-dhe-elita\/"},"author":{"name":"admin","@id":"https:\/\/fjala.info\/2009-2015\/#\/schema\/person\/3aa1163ef05469c496fc94e77611ada2"},"headline":"Greva e Uris\u00eb, Kriza politike dhe Elita","datePublished":"2010-05-23T22:22:47+00:00","mainEntityOfPage":{"@id":"https:\/\/fjala.info\/2009-2015\/greva-e-urise-kriza-politike-dhe-elita\/"},"wordCount":641,"commentCount":1,"publisher":{"@id":"https:\/\/fjala.info\/2009-2015\/#organization"},"image":{"@id":"https:\/\/fjala.info\/2009-2015\/greva-e-urise-kriza-politike-dhe-elita\/#primaryimage"},"thumbnailUrl":"http:\/\/www.shkoder.net\/images\/fjala\/arben_malaj.jpg","articleSection":["Artikuj"],"inLanguage":"sq-AL","potentialAction":[{"@type":"CommentAction","name":"Comment","target":["https:\/\/fjala.info\/2009-2015\/greva-e-urise-kriza-politike-dhe-elita\/#respond"]}]},{"@type":"WebPage","@id":"https:\/\/fjala.info\/2009-2015\/greva-e-urise-kriza-politike-dhe-elita\/","url":"https:\/\/fjala.info\/2009-2015\/greva-e-urise-kriza-politike-dhe-elita\/","name":"Greva e Uris\u00eb, Kriza politike dhe Elita - FjALA e LIR\u00cb - Arkivi","isPartOf":{"@id":"https:\/\/fjala.info\/2009-2015\/#website"},"primaryImageOfPage":{"@id":"https:\/\/fjala.info\/2009-2015\/greva-e-urise-kriza-politike-dhe-elita\/#primaryimage"},"image":{"@id":"https:\/\/fjala.info\/2009-2015\/greva-e-urise-kriza-politike-dhe-elita\/#primaryimage"},"thumbnailUrl":"http:\/\/www.shkoder.net\/images\/fjala\/arben_malaj.jpg","datePublished":"2010-05-23T22:22:47+00:00","breadcrumb":{"@id":"https:\/\/fjala.info\/2009-2015\/greva-e-urise-kriza-politike-dhe-elita\/#breadcrumb"},"inLanguage":"sq-AL","potentialAction":[{"@type":"ReadAction","target":["https:\/\/fjala.info\/2009-2015\/greva-e-urise-kriza-politike-dhe-elita\/"]}]},{"@type":"ImageObject","inLanguage":"sq-AL","@id":"https:\/\/fjala.info\/2009-2015\/greva-e-urise-kriza-politike-dhe-elita\/#primaryimage","url":"http:\/\/www.shkoder.net\/images\/fjala\/arben_malaj.jpg","contentUrl":"http:\/\/www.shkoder.net\/images\/fjala\/arben_malaj.jpg"},{"@type":"BreadcrumbList","@id":"https:\/\/fjala.info\/2009-2015\/greva-e-urise-kriza-politike-dhe-elita\/#breadcrumb","itemListElement":[{"@type":"ListItem","position":1,"name":"Home","item":"https:\/\/fjala.info\/2009-2015\/"},{"@type":"ListItem","position":2,"name":"Greva e Uris\u00eb, Kriza politike dhe Elita"}]},{"@type":"WebSite","@id":"https:\/\/fjala.info\/2009-2015\/#website","url":"https:\/\/fjala.info\/2009-2015\/","name":"FjALA e LIR\u00cb - Arkivi","description":"Arkivi 2009-2015","publisher":{"@id":"https:\/\/fjala.info\/2009-2015\/#organization"},"potentialAction":[{"@type":"SearchAction","target":{"@type":"EntryPoint","urlTemplate":"https:\/\/fjala.info\/2009-2015\/?s={search_term_string}"},"query-input":{"@type":"PropertyValueSpecification","valueRequired":true,"valueName":"search_term_string"}}],"inLanguage":"sq-AL"},{"@type":"Organization","@id":"https:\/\/fjala.info\/2009-2015\/#organization","name":"FjALA e LIR\u00cb - Arkivi","url":"https:\/\/fjala.info\/2009-2015\/","logo":{"@type":"ImageObject","inLanguage":"sq-AL","@id":"https:\/\/fjala.info\/2009-2015\/#\/schema\/logo\/image\/","url":"","contentUrl":"","caption":"FjALA e LIR\u00cb - Arkivi"},"image":{"@id":"https:\/\/fjala.info\/2009-2015\/#\/schema\/logo\/image\/"}},{"@type":"Person","@id":"https:\/\/fjala.info\/2009-2015\/#\/schema\/person\/3aa1163ef05469c496fc94e77611ada2","name":"admin","image":{"@type":"ImageObject","inLanguage":"sq-AL","@id":"https:\/\/fjala.info\/2009-2015\/wp-content\/uploads\/2012\/02\/arben_cokaj-120x150.jpg","url":"https:\/\/fjala.info\/2009-2015\/wp-content\/uploads\/2012\/02\/arben_cokaj-120x150.jpg","contentUrl":"https:\/\/fjala.info\/2009-2015\/wp-content\/uploads\/2012\/02\/arben_cokaj-120x150.jpg","caption":"admin"},"description":"Admin, Fjala e Lir\u00eb","sameAs":["https:\/\/fjala.info\/"],"url":"https:\/\/fjala.info\/2009-2015\/author\/admin\/"}]}},"_links":{"self":[{"href":"https:\/\/fjala.info\/2009-2015\/wp-json\/wp\/v2\/posts\/2793","targetHints":{"allow":["GET"]}}],"collection":[{"href":"https:\/\/fjala.info\/2009-2015\/wp-json\/wp\/v2\/posts"}],"about":[{"href":"https:\/\/fjala.info\/2009-2015\/wp-json\/wp\/v2\/types\/post"}],"author":[{"embeddable":true,"href":"https:\/\/fjala.info\/2009-2015\/wp-json\/wp\/v2\/users\/1"}],"replies":[{"embeddable":true,"href":"https:\/\/fjala.info\/2009-2015\/wp-json\/wp\/v2\/comments?post=2793"}],"version-history":[{"count":0,"href":"https:\/\/fjala.info\/2009-2015\/wp-json\/wp\/v2\/posts\/2793\/revisions"}],"wp:attachment":[{"href":"https:\/\/fjala.info\/2009-2015\/wp-json\/wp\/v2\/media?parent=2793"}],"wp:term":[{"taxonomy":"category","embeddable":true,"href":"https:\/\/fjala.info\/2009-2015\/wp-json\/wp\/v2\/categories?post=2793"},{"taxonomy":"post_tag","embeddable":true,"href":"https:\/\/fjala.info\/2009-2015\/wp-json\/wp\/v2\/tags?post=2793"}],"curies":[{"name":"wp","href":"https:\/\/api.w.org\/{rel}","templated":true}]}}