{"id":2791,"date":"2010-05-23T09:46:13","date_gmt":"2010-05-23T08:46:13","guid":{"rendered":"http:\/\/fjala.shkoder.net\/?p=2791"},"modified":"2010-05-23T09:46:13","modified_gmt":"2010-05-23T08:46:13","slug":"grevistet-pozita-dhe-opozita","status":"publish","type":"post","link":"https:\/\/fjala.info\/2009-2015\/grevistet-pozita-dhe-opozita\/","title":{"rendered":"Grevist\u00ebt, pozita dhe opozita"},"content":{"rendered":"<p>Nga <strong>Nard Ndoka<\/strong>,* <em>23.05.2010<\/em><\/p>\n<p>N\u00eb k\u00ebto dit\u00eb proteste dhe greve kam konstatuar me dhimbje t\u00eb madhe se shqiptar\u00ebt jan\u00eb m\u00eb t\u00eb ashp\u00ebr sot me njeri-tjetrin, se n\u00eb koh\u00ebn e diktatur\u00ebs komuniste. Gjat\u00eb k\u00ebtyre dit\u00ebve gj\u00ebmuan prononcimet n\u00eb media me th\u00ebnie, shpjegime e aludime nga me absurdet, si bllokmen, bllokqen, etj., etj. Nuk d\u00ebgjuam askund nga qeveris\u00ebsit e k\u00ebtij vendi, qoft\u00eb edhe formulimin m\u00eb minimal njer\u00ebzor, n\u00eb respekt t\u00eb atyre bashk\u00ebqytetar\u00ebve q\u00eb sakrifikuan sh\u00ebndetin n\u00eb nj\u00eb grev\u00eb urie. N\u00eb fund t\u00eb fundit, ata ishin shqiptar\u00eb si \u00e7dokush prej nesh, ishin ve\u00e7 k\u00ebsaj, njer\u00ebz prej mishi dhe gjaku, me t\u00eb drejta t\u00eb barabarta me gjith\u00eb ne t\u00eb tjer\u00ebt. P\u00ebr t\u00eb mos p\u00ebrs\u00ebritur k\u00ebtu, q\u00eb k\u00ebrkesa e tyre dhe e opozit\u00ebs s\u00eb sotme, \u00ebsht\u00eb nj\u00eb e drejt\u00eb q\u00eb nuk ka shoq\u00ebri n\u00eb bot\u00eb q\u00eb mund t&#8217;ia mohoj\u00eb ndokujt.<\/p>\n<p>\u00c7far\u00ebdo q\u00eb t\u00eb zbulojn\u00eb t\u00eb gjitha kutit\u00eb e mbyllura po t\u00eb hapen, \u00e7far\u00ebdo q\u00eb t\u00eb dal\u00eb n\u00eb drit\u00eb, sado e keqe t\u00eb jete ajo, jam i bindur sot, se d\u00ebmi q\u00eb ka sjell\u00eb ky mosrespekt publik p\u00ebr jet\u00ebn e grevisteve \u00ebsht\u00eb i pallogaritsh\u00ebm. Goditja morale e shpirt\u00ebrore q\u00eb ka marr\u00eb ky popull nga sjellja antinjer\u00ebzore e k\u00ebtyre tri jav\u00ebve t\u00eb fundit, gjithashtu \u00ebsht\u00eb e pallogaritshme. Ne t\u00eb gjith\u00eb do ta ndjejm\u00eb shijen e hidhur t\u00eb k\u00ebtij q\u00ebndrimi barbar ndaj jet\u00ebs, shum\u00eb, shum\u00eb gjat\u00eb.<\/p>\n<p>At\u00eb q\u00eb do t\u00eb mbjell\u00ebsh, at\u00eb edhe do t\u00eb korr\u00ebsh. Po mbolle ashp\u00ebrsin\u00eb politike n\u00eb nj\u00eb popull, ashp\u00ebrsin\u00eb do t\u00eb korr\u00ebsh. Por kujt i b\u00ebn mir\u00eb brenda Shqip\u00ebris\u00eb kjo gj\u00eb? Kujt i b\u00ebn mir\u00eb kur thuhet me z\u00eb t\u00eb lart\u00eb n\u00eb tribuna, me siguri gati prej Per\u00ebndie, se transparenca e zgjedhjeve qenka antiligjore?! Ku \u00ebsht\u00eb d\u00ebgjuar m\u00eb par\u00eb ky absurditet, cila kushtetut\u00eb n\u00eb bot\u00ebn demokratike ua ndalon shtetasve t\u00eb vet k\u00ebt\u00eb t\u00eb drejt\u00eb?<\/p>\n<p>E nd\u00ebrkoh\u00eb, cila mazhoranc\u00eb mund t\u00eb guxoj\u00eb e t&#8217;i lejoj\u00eb vetes t\u00eb sillet kaq harbut me opozit\u00ebn e popullit t\u00eb vet? Opozita \u00ebsht\u00eb garancia e funksionimit t\u00eb demokracis\u00eb, shpresa politike e \u00e7do qytetari. Nuk mund t\u00eb ket\u00eb zhvillim politik dhe ekonomik pa respekt p\u00ebr opozit\u00ebn, pa respekt p\u00ebr gjysm\u00ebn e popullit t\u00ebnd, pa respekt p\u00ebr jet\u00ebn, pa respekt p\u00ebr sakrific\u00ebn, pa respekt p\u00ebr lirin\u00eb!<\/p>\n<p>Spektakli tragjik q\u00eb pam\u00eb k\u00ebto dit\u00eb n\u00eb ekranet e blera qeveritare, \u00ebsht\u00eb destruktiv dhe me pasoja t\u00eb r\u00ebnda. Edhe sikur veprimi i opozit\u00ebs t\u00eb jet\u00eb i gabuar, asnj\u00eb mazhoranc\u00eb nuk ka t\u00eb drejt\u00eb ta shnd\u00ebrroj\u00eb p\u00ebrgjigjen e saj n\u00eb nj\u00eb shfaqje t\u00eb p\u00ebrditshme dhune. E kund\u00ebrta \u00ebsht\u00eb e v\u00ebrtet\u00eb. Mazhoranca ka detyrimin ta administroje situat\u00ebn VET\u00cbM n\u00eb interes t\u00eb popullit dhe t\u00eb demokracis\u00eb.<\/p>\n<p>Faktori politik shqiptar u thirr n\u00eb Strasburg p\u00ebr dialog e marr\u00ebveshje. Sa pa dinjitet ting\u00ebllon kjo situat\u00eb. Sa qesharake, q\u00eb ne q\u00eb flasim t\u00eb nj\u00ebjt\u00ebn gjuh\u00eb, t\u00eb na detyrojn\u00eb t\u00eb huajt q\u00eb ngat\u00ebrresat tona t&#8217;i zgjidhim n\u00eb anglisht. Sa turp t\u00eb kesh nj\u00eb Kryeminist\u00ebr q\u00eb nuk pranon t\u00eb dialogoj\u00eb n\u00eb shqip, sa ironike t\u00eb kesh nj\u00eb Kryeminist\u00ebr q\u00eb g\u00ebnjen me mir\u00eb n\u00eb anglisht!<\/p>\n<p>Kemi 20 vjet q\u00eb rrekemi t\u00eb besojm\u00eb, se ky kryeministri i sot\u00ebm duhet ta ket\u00eb kuptuar m\u00eb n\u00eb fund se paguhet p\u00ebr t\u00eb qen\u00eb kryeminist\u00ebr i t\u00eb gjith\u00eb vendit, pra edhe i atyre q\u00eb nuk duan t&#8217;ia shohin fytyr\u00ebn. Ai na d\u00ebshmon p\u00ebrdit\u00eb q\u00eb ne gabohemi r\u00ebnd\u00eb. Na d\u00ebshmon q\u00eb ai nuk ndryshon kurr\u00eb, nuk nd\u00ebrgjegj\u00ebsohet kurr\u00eb, me hir po ve\u00e7 me pahir. Ai nuk e do opozit\u00ebn, ai nuk i do institucionet! Kjo do t\u00eb thot\u00eb q\u00eb ai e nuk e do vendin e vet. Vazhdimisht g\u00ebnjen veten se opozit\u00ebn mund ta asgj\u00ebsoj\u00eb dhe t\u00eb em\u00ebroj\u00eb nj\u00eb opozit\u00eb t\u00eb veten.<\/p>\n<p>\u00c7&#8217;\u00ebnd\u00ebrr qesharake. Ky njeri p\u00ebr\u00e7ar\u00ebs, problematik, dhunues i demokracis\u00eb, i shtetit ligjor, i opozit\u00ebs, madje edhe i vet\u00eb mazhoranc\u00ebs, nuk mund t\u00eb jet\u00eb m\u00eb njeriu q\u00eb vendos p\u00ebr t\u00eb gjith\u00eb shqiptar\u00ebt. Ai nuk mundet ta kryej\u00eb k\u00ebt\u00eb detyrim ligjor, e gjith\u00eb historia e tij politike \u00ebsht\u00eb nj\u00eb luft\u00eb e vazhdueshme e k\u00ebtij individi me k\u00ebt\u00eb pamund\u00ebsi t\u00eb qart\u00eb t\u00eb tij si njeri dhe si politikan.<\/p>\n<p>P\u00ebrball\u00eb tij, sot \u00ebsht\u00eb nj\u00eb opozit\u00eb tjet\u00ebr. Nj\u00eb opozit\u00eb e re, q\u00eb tregoi gjat\u00eb k\u00ebtyre muajve, se di e se mundet t&#8217;i dal\u00eb zot vetes dhe vendit. Opozita ka sot n\u00eb krye nj\u00eb politikan q\u00eb d\u00ebshmoi gjat\u00eb k\u00ebtyre dit\u00ebve se \u00ebsht\u00eb nj\u00eb garanci p\u00ebr t\u00eb gjith\u00eb ne, t\u00eb djatht\u00eb e t\u00eb majt\u00eb, p\u00ebr t&#8217;i rezistuar bashk\u00eb me qytetar\u00ebt e k\u00ebtij vendi mafies politike t\u00eb pavotuar q\u00eb k\u00ebrkon t\u00eb sundoj\u00eb vendin.<\/p>\n<p>* <em>Autori \u00ebsht\u00eb Kryetar i Partis\u00eb Demokristiane t\u00eb Shqip\u00ebris\u00eb<\/em><\/p>\n","protected":false},"excerpt":{"rendered":"<p>Nga Nard Ndoka,* 23.05.2010 N\u00eb k\u00ebto dit\u00eb proteste dhe greve kam konstatuar me dhimbje t\u00eb madhe se shqiptar\u00ebt jan\u00eb m\u00eb t\u00eb ashp\u00ebr sot me njeri-tjetrin, se n\u00eb koh\u00ebn e diktatur\u00ebs komuniste. Gjat\u00eb k\u00ebtyre dit\u00ebve gj\u00ebmuan prononcimet n\u00eb media me th\u00ebnie, shpjegime e aludime nga me absurdet, si bllokmen, bllokqen, etj., etj. Nuk d\u00ebgjuam askund nga [&hellip;]<\/p>\n","protected":false},"author":1,"featured_media":0,"comment_status":"open","ping_status":"closed","sticky":false,"template":"","format":"standard","meta":{"footnotes":""},"categories":[2],"tags":[],"class_list":{"0":"post-2791","1":"post","2":"type-post","3":"status-publish","4":"format-standard","6":"category-artikuj"},"yoast_head":"<!-- This site is optimized with the Yoast SEO plugin v27.4 - https:\/\/yoast.com\/product\/yoast-seo-wordpress\/ -->\n<title>Grevist\u00ebt, pozita dhe opozita - FjALA e LIR\u00cb - Arkivi<\/title>\n<meta name=\"robots\" content=\"index, follow, max-snippet:-1, max-image-preview:large, max-video-preview:-1\" \/>\n<link rel=\"canonical\" href=\"https:\/\/fjala.info\/2009-2015\/grevistet-pozita-dhe-opozita\/\" \/>\n<meta property=\"og:locale\" content=\"sq_AL\" \/>\n<meta property=\"og:type\" content=\"article\" \/>\n<meta property=\"og:title\" content=\"Grevist\u00ebt, pozita dhe opozita - FjALA e LIR\u00cb - Arkivi\" \/>\n<meta property=\"og:description\" content=\"Nga Nard Ndoka,* 23.05.2010 N\u00eb k\u00ebto dit\u00eb proteste dhe greve kam konstatuar me dhimbje t\u00eb madhe se shqiptar\u00ebt jan\u00eb m\u00eb t\u00eb ashp\u00ebr sot me njeri-tjetrin, se n\u00eb koh\u00ebn e diktatur\u00ebs komuniste. Gjat\u00eb k\u00ebtyre dit\u00ebve gj\u00ebmuan prononcimet n\u00eb media me th\u00ebnie, shpjegime e aludime nga me absurdet, si bllokmen, bllokqen, etj., etj. Nuk d\u00ebgjuam askund nga [&hellip;]\" \/>\n<meta property=\"og:url\" content=\"https:\/\/fjala.info\/2009-2015\/grevistet-pozita-dhe-opozita\/\" \/>\n<meta property=\"og:site_name\" content=\"FjALA e LIR\u00cb - Arkivi\" \/>\n<meta property=\"article:published_time\" content=\"2010-05-23T08:46:13+00:00\" \/>\n<meta name=\"author\" content=\"admin\" \/>\n<meta name=\"twitter:card\" content=\"summary_large_image\" \/>\n<meta name=\"twitter:label1\" content=\"Written by\" \/>\n\t<meta name=\"twitter:data1\" content=\"admin\" \/>\n\t<meta name=\"twitter:label2\" content=\"Est. reading time\" \/>\n\t<meta name=\"twitter:data2\" content=\"4 minutes\" \/>\n<script type=\"application\/ld+json\" class=\"yoast-schema-graph\">{\"@context\":\"https:\\\/\\\/schema.org\",\"@graph\":[{\"@type\":\"Article\",\"@id\":\"https:\\\/\\\/fjala.info\\\/2009-2015\\\/grevistet-pozita-dhe-opozita\\\/#article\",\"isPartOf\":{\"@id\":\"https:\\\/\\\/fjala.info\\\/2009-2015\\\/grevistet-pozita-dhe-opozita\\\/\"},\"author\":{\"name\":\"admin\",\"@id\":\"https:\\\/\\\/fjala.info\\\/2009-2015\\\/#\\\/schema\\\/person\\\/3aa1163ef05469c496fc94e77611ada2\"},\"headline\":\"Grevist\u00ebt, pozita dhe opozita\",\"datePublished\":\"2010-05-23T08:46:13+00:00\",\"mainEntityOfPage\":{\"@id\":\"https:\\\/\\\/fjala.info\\\/2009-2015\\\/grevistet-pozita-dhe-opozita\\\/\"},\"wordCount\":855,\"commentCount\":0,\"publisher\":{\"@id\":\"https:\\\/\\\/fjala.info\\\/2009-2015\\\/#organization\"},\"articleSection\":[\"Artikuj\"],\"inLanguage\":\"sq-AL\",\"potentialAction\":[{\"@type\":\"CommentAction\",\"name\":\"Comment\",\"target\":[\"https:\\\/\\\/fjala.info\\\/2009-2015\\\/grevistet-pozita-dhe-opozita\\\/#respond\"]}]},{\"@type\":\"WebPage\",\"@id\":\"https:\\\/\\\/fjala.info\\\/2009-2015\\\/grevistet-pozita-dhe-opozita\\\/\",\"url\":\"https:\\\/\\\/fjala.info\\\/2009-2015\\\/grevistet-pozita-dhe-opozita\\\/\",\"name\":\"Grevist\u00ebt, pozita dhe opozita - FjALA e LIR\u00cb - Arkivi\",\"isPartOf\":{\"@id\":\"https:\\\/\\\/fjala.info\\\/2009-2015\\\/#website\"},\"datePublished\":\"2010-05-23T08:46:13+00:00\",\"breadcrumb\":{\"@id\":\"https:\\\/\\\/fjala.info\\\/2009-2015\\\/grevistet-pozita-dhe-opozita\\\/#breadcrumb\"},\"inLanguage\":\"sq-AL\",\"potentialAction\":[{\"@type\":\"ReadAction\",\"target\":[\"https:\\\/\\\/fjala.info\\\/2009-2015\\\/grevistet-pozita-dhe-opozita\\\/\"]}]},{\"@type\":\"BreadcrumbList\",\"@id\":\"https:\\\/\\\/fjala.info\\\/2009-2015\\\/grevistet-pozita-dhe-opozita\\\/#breadcrumb\",\"itemListElement\":[{\"@type\":\"ListItem\",\"position\":1,\"name\":\"Home\",\"item\":\"https:\\\/\\\/fjala.info\\\/2009-2015\\\/\"},{\"@type\":\"ListItem\",\"position\":2,\"name\":\"Grevist\u00ebt, pozita dhe opozita\"}]},{\"@type\":\"WebSite\",\"@id\":\"https:\\\/\\\/fjala.info\\\/2009-2015\\\/#website\",\"url\":\"https:\\\/\\\/fjala.info\\\/2009-2015\\\/\",\"name\":\"FjALA e LIR\u00cb - Arkivi\",\"description\":\"Arkivi 2009-2015\",\"publisher\":{\"@id\":\"https:\\\/\\\/fjala.info\\\/2009-2015\\\/#organization\"},\"potentialAction\":[{\"@type\":\"SearchAction\",\"target\":{\"@type\":\"EntryPoint\",\"urlTemplate\":\"https:\\\/\\\/fjala.info\\\/2009-2015\\\/?s={search_term_string}\"},\"query-input\":{\"@type\":\"PropertyValueSpecification\",\"valueRequired\":true,\"valueName\":\"search_term_string\"}}],\"inLanguage\":\"sq-AL\"},{\"@type\":\"Organization\",\"@id\":\"https:\\\/\\\/fjala.info\\\/2009-2015\\\/#organization\",\"name\":\"FjALA e LIR\u00cb - Arkivi\",\"url\":\"https:\\\/\\\/fjala.info\\\/2009-2015\\\/\",\"logo\":{\"@type\":\"ImageObject\",\"inLanguage\":\"sq-AL\",\"@id\":\"https:\\\/\\\/fjala.info\\\/2009-2015\\\/#\\\/schema\\\/logo\\\/image\\\/\",\"url\":\"\",\"contentUrl\":\"\",\"caption\":\"FjALA e LIR\u00cb - Arkivi\"},\"image\":{\"@id\":\"https:\\\/\\\/fjala.info\\\/2009-2015\\\/#\\\/schema\\\/logo\\\/image\\\/\"}},{\"@type\":\"Person\",\"@id\":\"https:\\\/\\\/fjala.info\\\/2009-2015\\\/#\\\/schema\\\/person\\\/3aa1163ef05469c496fc94e77611ada2\",\"name\":\"admin\",\"image\":{\"@type\":\"ImageObject\",\"inLanguage\":\"sq-AL\",\"@id\":\"https:\\\/\\\/fjala.info\\\/2009-2015\\\/wp-content\\\/uploads\\\/2012\\\/02\\\/arben_cokaj-120x150.jpg\",\"url\":\"https:\\\/\\\/fjala.info\\\/2009-2015\\\/wp-content\\\/uploads\\\/2012\\\/02\\\/arben_cokaj-120x150.jpg\",\"contentUrl\":\"https:\\\/\\\/fjala.info\\\/2009-2015\\\/wp-content\\\/uploads\\\/2012\\\/02\\\/arben_cokaj-120x150.jpg\",\"caption\":\"admin\"},\"description\":\"Admin, Fjala e Lir\u00eb\",\"sameAs\":[\"https:\\\/\\\/fjala.info\\\/\"],\"url\":\"https:\\\/\\\/fjala.info\\\/2009-2015\\\/author\\\/admin\\\/\"}]}<\/script>\n<!-- \/ Yoast SEO plugin. -->","yoast_head_json":{"title":"Grevist\u00ebt, pozita dhe opozita - FjALA e LIR\u00cb - Arkivi","robots":{"index":"index","follow":"follow","max-snippet":"max-snippet:-1","max-image-preview":"max-image-preview:large","max-video-preview":"max-video-preview:-1"},"canonical":"https:\/\/fjala.info\/2009-2015\/grevistet-pozita-dhe-opozita\/","og_locale":"sq_AL","og_type":"article","og_title":"Grevist\u00ebt, pozita dhe opozita - FjALA e LIR\u00cb - Arkivi","og_description":"Nga Nard Ndoka,* 23.05.2010 N\u00eb k\u00ebto dit\u00eb proteste dhe greve kam konstatuar me dhimbje t\u00eb madhe se shqiptar\u00ebt jan\u00eb m\u00eb t\u00eb ashp\u00ebr sot me njeri-tjetrin, se n\u00eb koh\u00ebn e diktatur\u00ebs komuniste. Gjat\u00eb k\u00ebtyre dit\u00ebve gj\u00ebmuan prononcimet n\u00eb media me th\u00ebnie, shpjegime e aludime nga me absurdet, si bllokmen, bllokqen, etj., etj. Nuk d\u00ebgjuam askund nga [&hellip;]","og_url":"https:\/\/fjala.info\/2009-2015\/grevistet-pozita-dhe-opozita\/","og_site_name":"FjALA e LIR\u00cb - Arkivi","article_published_time":"2010-05-23T08:46:13+00:00","author":"admin","twitter_card":"summary_large_image","twitter_misc":{"Written by":"admin","Est. reading time":"4 minutes"},"schema":{"@context":"https:\/\/schema.org","@graph":[{"@type":"Article","@id":"https:\/\/fjala.info\/2009-2015\/grevistet-pozita-dhe-opozita\/#article","isPartOf":{"@id":"https:\/\/fjala.info\/2009-2015\/grevistet-pozita-dhe-opozita\/"},"author":{"name":"admin","@id":"https:\/\/fjala.info\/2009-2015\/#\/schema\/person\/3aa1163ef05469c496fc94e77611ada2"},"headline":"Grevist\u00ebt, pozita dhe opozita","datePublished":"2010-05-23T08:46:13+00:00","mainEntityOfPage":{"@id":"https:\/\/fjala.info\/2009-2015\/grevistet-pozita-dhe-opozita\/"},"wordCount":855,"commentCount":0,"publisher":{"@id":"https:\/\/fjala.info\/2009-2015\/#organization"},"articleSection":["Artikuj"],"inLanguage":"sq-AL","potentialAction":[{"@type":"CommentAction","name":"Comment","target":["https:\/\/fjala.info\/2009-2015\/grevistet-pozita-dhe-opozita\/#respond"]}]},{"@type":"WebPage","@id":"https:\/\/fjala.info\/2009-2015\/grevistet-pozita-dhe-opozita\/","url":"https:\/\/fjala.info\/2009-2015\/grevistet-pozita-dhe-opozita\/","name":"Grevist\u00ebt, pozita dhe opozita - FjALA e LIR\u00cb - Arkivi","isPartOf":{"@id":"https:\/\/fjala.info\/2009-2015\/#website"},"datePublished":"2010-05-23T08:46:13+00:00","breadcrumb":{"@id":"https:\/\/fjala.info\/2009-2015\/grevistet-pozita-dhe-opozita\/#breadcrumb"},"inLanguage":"sq-AL","potentialAction":[{"@type":"ReadAction","target":["https:\/\/fjala.info\/2009-2015\/grevistet-pozita-dhe-opozita\/"]}]},{"@type":"BreadcrumbList","@id":"https:\/\/fjala.info\/2009-2015\/grevistet-pozita-dhe-opozita\/#breadcrumb","itemListElement":[{"@type":"ListItem","position":1,"name":"Home","item":"https:\/\/fjala.info\/2009-2015\/"},{"@type":"ListItem","position":2,"name":"Grevist\u00ebt, pozita dhe opozita"}]},{"@type":"WebSite","@id":"https:\/\/fjala.info\/2009-2015\/#website","url":"https:\/\/fjala.info\/2009-2015\/","name":"FjALA e LIR\u00cb - Arkivi","description":"Arkivi 2009-2015","publisher":{"@id":"https:\/\/fjala.info\/2009-2015\/#organization"},"potentialAction":[{"@type":"SearchAction","target":{"@type":"EntryPoint","urlTemplate":"https:\/\/fjala.info\/2009-2015\/?s={search_term_string}"},"query-input":{"@type":"PropertyValueSpecification","valueRequired":true,"valueName":"search_term_string"}}],"inLanguage":"sq-AL"},{"@type":"Organization","@id":"https:\/\/fjala.info\/2009-2015\/#organization","name":"FjALA e LIR\u00cb - Arkivi","url":"https:\/\/fjala.info\/2009-2015\/","logo":{"@type":"ImageObject","inLanguage":"sq-AL","@id":"https:\/\/fjala.info\/2009-2015\/#\/schema\/logo\/image\/","url":"","contentUrl":"","caption":"FjALA e LIR\u00cb - Arkivi"},"image":{"@id":"https:\/\/fjala.info\/2009-2015\/#\/schema\/logo\/image\/"}},{"@type":"Person","@id":"https:\/\/fjala.info\/2009-2015\/#\/schema\/person\/3aa1163ef05469c496fc94e77611ada2","name":"admin","image":{"@type":"ImageObject","inLanguage":"sq-AL","@id":"https:\/\/fjala.info\/2009-2015\/wp-content\/uploads\/2012\/02\/arben_cokaj-120x150.jpg","url":"https:\/\/fjala.info\/2009-2015\/wp-content\/uploads\/2012\/02\/arben_cokaj-120x150.jpg","contentUrl":"https:\/\/fjala.info\/2009-2015\/wp-content\/uploads\/2012\/02\/arben_cokaj-120x150.jpg","caption":"admin"},"description":"Admin, Fjala e Lir\u00eb","sameAs":["https:\/\/fjala.info\/"],"url":"https:\/\/fjala.info\/2009-2015\/author\/admin\/"}]}},"_links":{"self":[{"href":"https:\/\/fjala.info\/2009-2015\/wp-json\/wp\/v2\/posts\/2791","targetHints":{"allow":["GET"]}}],"collection":[{"href":"https:\/\/fjala.info\/2009-2015\/wp-json\/wp\/v2\/posts"}],"about":[{"href":"https:\/\/fjala.info\/2009-2015\/wp-json\/wp\/v2\/types\/post"}],"author":[{"embeddable":true,"href":"https:\/\/fjala.info\/2009-2015\/wp-json\/wp\/v2\/users\/1"}],"replies":[{"embeddable":true,"href":"https:\/\/fjala.info\/2009-2015\/wp-json\/wp\/v2\/comments?post=2791"}],"version-history":[{"count":0,"href":"https:\/\/fjala.info\/2009-2015\/wp-json\/wp\/v2\/posts\/2791\/revisions"}],"wp:attachment":[{"href":"https:\/\/fjala.info\/2009-2015\/wp-json\/wp\/v2\/media?parent=2791"}],"wp:term":[{"taxonomy":"category","embeddable":true,"href":"https:\/\/fjala.info\/2009-2015\/wp-json\/wp\/v2\/categories?post=2791"},{"taxonomy":"post_tag","embeddable":true,"href":"https:\/\/fjala.info\/2009-2015\/wp-json\/wp\/v2\/tags?post=2791"}],"curies":[{"name":"wp","href":"https:\/\/api.w.org\/{rel}","templated":true}]}}