{"id":2789,"date":"2010-05-23T09:40:22","date_gmt":"2010-05-23T08:40:22","guid":{"rendered":"http:\/\/fjala.shkoder.net\/?p=2789"},"modified":"2010-05-23T09:40:22","modified_gmt":"2010-05-23T08:40:22","slug":"jehona-e-greves","status":"publish","type":"post","link":"https:\/\/fjala.info\/2009-2015\/jehona-e-greves\/","title":{"rendered":"JEHONA E GREV\u00cbS"},"content":{"rendered":"<p><strong>Prof. As. Dr. Artan DUKA<\/strong>, <em>23.05.2010<\/em><\/p>\n<p>Sapo d\u00ebshmuam d\u00ebshtimin e radh\u00ebs kur p\u00ebr nj\u00eb vend t\u00eb NATO, Kryeministri dhe lideri opozit\u00ebs thirren n\u00ebn nj\u00eb atmosfer\u00eb ultimative jasht\u00eb vendit p\u00ebr t\u00eb stabilizuar vendin e tyre (?!) Ndodh vet\u00ebm me ne dhe jo p\u00ebr her\u00eb t\u00eb par\u00eb. Ky d\u00ebshtim p\u00ebr t\u00eb d\u00ebshmuar vet\u00ebvendosje, ve\u00e7se rikonfirmon pazot\u00ebsin\u00eb ton\u00eb p\u00ebr komunikim normal mes nesh dhe kompleksin e inferioritetit e servilizmit ndaj t\u00eb huajve prej t\u00eb cil\u00ebs klasa politike nuk po del dot. E th\u00ebn\u00eb kjo, faji nuk \u00ebsht\u00eb vet\u00ebm i yni.<\/p>\n<p>Marr\u00ebzit\u00eb tona politike t\u00eb shnd\u00ebrruara n\u00eb zakon, deri diku kan\u00eb prekur dhe objektivitetin per\u00ebndimor q\u00eb p\u00ebrball\u00eb k\u00ebsaj klasa politike &#8220;plangprish\u00ebse&#8221;, ose na ka bojkotuar dhe nd\u00ebshkuar ku \u00e7mimin kryesor e ka paguar vet\u00ebm populli, ose ka ulur standardet e toleruar absurdin nd\u00ebr vite, duke promovuar m\u00eb tej irracionalitetin e politik\u00ebs shqiptare.<\/p>\n<p><strong>ULJA E STEK\u00cbS<\/strong><br \/>\nLicencimi &#8220;n\u00ebp\u00ebr dh\u00ebmb\u00eb&#8221; q\u00eb OSBE dhe ODHIR i b\u00ebn\u00eb zgjedhjeve t\u00eb Qershorit 2009, nuk ishte nj\u00eb vler\u00ebsim p\u00ebr ne, por nder p\u00ebr veten e tyre, sepse na &#8220;hoq\u00ebn&#8221; qafe p\u00ebr t\u00eb pakt\u00ebn 4 vjet duke na trajtuar ende si &#8220;kusi me presion&#8221; q\u00eb p\u00ebr sa koh\u00eb kapaku \u00ebsht\u00eb i puthitur mir\u00eb nuk k\u00ebrc\u00ebnon habitatin e tyre pavar\u00ebsisht sa vlojn\u00eb gj\u00ebrat brenda.<\/p>\n<p>Ky certifikim jo bind\u00ebs, nuk ndihmoi demokracin\u00eb e brisht\u00eb shqiptare, nuk inkurajoi transparenc\u00ebn dhe p\u00ebrgjegjshm\u00ebrin\u00eb p\u00ebrpara ligjit, por dekurajoi besimin e votuesve t\u00eb thjesht\u00eb tek fuqia e vot\u00ebs dhe parimet universale t\u00eb demokracis\u00eb per\u00ebndimore. Meq\u00eb ndodhi formalisht, p\u00ebrpjekjes fillestare t\u00eb opozit\u00ebs p\u00ebr sensibilitet demokratik p\u00ebr transparenc\u00eb zgjedhore, per\u00ebndimi tashm\u00eb i z\u00ebn\u00eb ngusht\u00eb, fillimisht i ofroi nj\u00eb reagim t\u00eb vak\u00ebt, klishe, mes shprehjeve bajate dhe tep\u00ebr lakonike.<\/p>\n<p>&#8220;Certifikimi&#8221; i absurdit shqiptar n\u00ebn okelion &#8220;zgjedhje m\u00eb t\u00eb mira se t\u00eb m\u00ebparshmet&#8221;, pavar\u00ebsisht se b\u00ebhej fjal\u00eb p\u00ebr nj\u00eb vend t\u00eb NATO, ishte premis\u00eb e thellimit t\u00eb kriz\u00ebs, sepse pushteti tashm\u00eb kishte n\u00eb dor\u00eb &#8220;tapin\u00eb&#8221; p\u00ebr t\u00eb qeverisur dhe shp\u00ebrfillur deri n\u00eb ekstrem k\u00ebrkesat e opozit\u00ebs. &#8220;Qershia mbi tort\u00eb&#8221; e k\u00ebtij licencimi ishte konstatimi se nd\u00ebrsa 1\/3 e qendrave t\u00eb votimit ishin num\u00ebruar keq apo shum\u00eb keq, p\u00ebrs\u00ebri nuk kishte prova se rezultati nuk ishte ndikuar prej saj(!?). P\u00ebrball\u00eb nj\u00eb &#8220;fakti&#8221; si\u00e7 \u00ebsht\u00eb 1\/3 e qendrave t\u00eb votimit, &#8220;perceptimi&#8221; se rezultati nuk ishte ndikuar \u00ebsht\u00eb tep\u00ebr i brisht\u00eb deri ireal dhe n\u00eb analiz\u00eb t\u00eb fundit fakti si objektiv dominon ndaj perceptimit q\u00eb mbetet n\u00eb rrafshin subjektiv.<\/p>\n<p><strong>DEMOKRACI INVERSE(!)<\/strong><br \/>\nProblemi nuk q\u00ebndron thjesht tek shmangja e k\u00ebsaj krize t\u00eb sotme, por se a do t\u00eb mundemi ne si shoq\u00ebri q\u00eb t\u00eb mos biem p\u00ebrs\u00ebri n\u00eb k\u00ebto pozita nj\u00ebkoh\u00ebsisht tragjike dhe qesharake, jo vet\u00ebm sepse krijojm\u00eb kriza t\u00eb panevojshme p\u00ebr argumente dhe kauza q\u00eb nuk duhet t\u00eb na ndajn\u00eb por dhe se kur ndodh, nuk reagojm\u00eb me p\u00ebrgjegjshm\u00ebri demokratike mes nesh, por nxitojm\u00eb t\u00eb lobojm\u00eb n\u00eb bot\u00eb p\u00ebr t\u00eb gjetur mb\u00ebshtetje, duke p\u00ebrfunduar gjithnj\u00eb n\u00eb tavolina komprometuese p\u00ebr dinjitetin e mbar\u00eb kombit. Shoq\u00ebria shqiptare nuk ia ka borxh dhunimin sistematik t\u00eb dinjitetit t\u00eb saj klas\u00ebs politike. Nd\u00ebrkoh\u00eb q\u00eb kjo e fundit ka p\u00ebrgjegj\u00ebsin\u00eb kryesore, vet\u00eb ne, duke hyjnizuar partit\u00eb ve\u00e7se verbojm\u00eb dhe shurdhojm\u00eb vetveten, mpijm\u00eb racionalitetin ton\u00eb kritik dhe absorbojm\u00eb si t\u00eb mir\u00ebqen\u00eb gjith\u00e7ka ajo ofron.<\/p>\n<p>Emancipimi demokratik \u00ebsht\u00eb ende pre e klisheve t\u00eb vjetra n\u00eb raportin shoq\u00ebri-lider, abuzivizmit t\u00eb masmedias, objektiviteti i t\u00eb cil\u00ebs \u00ebsht\u00eb n\u00eb kriz\u00eb, indiferentizmit dhe pamund\u00ebsis\u00eb p\u00ebr t\u00eb qen\u00eb aktiv p\u00ebrball\u00eb presionit t\u00eb pushtetit, kuadrit ligjor dekurajues p\u00ebr pluralizmin politik, munges\u00ebs s\u00eb toleranc\u00ebs dhe vet\u00ebcensur\u00ebs s\u00eb lidershipit etj.<\/p>\n<p>Shoq\u00ebria jon\u00eb \u00ebsht\u00eb nj\u00eb shoq\u00ebri jo rrall\u00eb inverse-demokratike, e paradokseve t\u00eb shnd\u00ebrruara n\u00eb normalitet ku f\u00ebmij\u00ebt e shkollave l\u00ebn\u00eb m\u00ebsimin p\u00ebr t\u00eb shkuar n\u00eb miting, ku njer\u00ebzit vijn\u00eb &#8220;vullnetarisht&#8221; t\u00eb organizuar n\u00ebp\u00ebr mitingje, ku personat publik\u00eb &#8220;kolektivizohen&#8221;, ku OJQ investigojn\u00eb opozit\u00ebn dhe jo pushtetin p\u00ebr korrupsion, ku ministra t\u00eb denoncuar p\u00ebr korrupsion ngelen po t\u00eb till\u00eb dhe n\u00eb G\u00ebrdec votohet sikur t\u00eb mos ket\u00eb ndodhur gj\u00eb, ku festohen dy data \u00e7lirimi, ku \u00e7do shoqat\u00eb ka dy vula, ku ambasador\u00ebt \u00e7elin emisionet e lajmeve, ku copyright i Kushtetut\u00ebs shp\u00ebrfillet dhe presidenti si uniteti i kombit projektohet si uniteti partis\u00eb n\u00eb pushtet etj.<\/p>\n<p><strong>MERITOKRACI PA LIMIT APO RIFRESKIM I MEDIOKRACIS\u00cb<\/strong><br \/>\nQ\u00eb situata t\u00eb tilla kaq absurde t\u00eb mos p\u00ebrjetohen m\u00eb, nevojitet vet\u00ebdijshm\u00ebria p\u00ebr t\u00eb zbatuar ligjin dhe verifikuar zbatimin e tij. Klasa politike, larg arroganc\u00ebs dhe marrjes si t\u00eb mir\u00ebqen\u00eb t\u00eb elektoratit, duhet t\u00eb d\u00ebshmoj\u00eb p\u00ebrgjegjshm\u00ebri dhe institucione t\u00eb tilla si dor\u00ebheqja, pendesa publike, respektimi kund\u00ebrshtarit, tavolinat e rrumbullak\u00ebta etj., duhet t\u00eb jen\u00eb normalitet. Nd\u00ebrsa ka vler\u00eb dhe duhet t\u00eb stimulohet &#8220;qarkullimi elitave&#8221;, ajo duhet t\u00eb shoq\u00ebrohet me garanci se nd\u00ebrrimi emrave nuk do t\u00eb rip\u00ebrs\u00ebrit\u00eb abuzimin me pushtetin.<\/p>\n<p>M\u00eb shum\u00eb se p\u00ebr nd\u00ebrrim emrash kemi nevoj\u00eb p\u00ebr konsolidim rregullash votimi, transparenc\u00eb dhe llogaridh\u00ebnie efikase, ku p\u00ebr \u00e7do gabim apo abuzim duhet t\u00eb ket\u00eb nj\u00eb \u00e7mim. Apriori, kushdo mund t\u00eb rrij\u00eb p\u00ebrjet\u00eb n\u00eb politik\u00eb p\u00ebr aq koh\u00eb sa votohet p\u00ebrmes nj\u00eb procesi transparent, t\u00eb barabart\u00eb dhe real. Qarkullimi i elitave nuk mund t\u00eb jet\u00eb nj\u00eb q\u00ebllim m\u00eb vete dhe p\u00ebrtej tij, kemi nevoj\u00eb t\u00eb afirmojm\u00eb meritokraci reale dhe pa limit p\u00ebrkundrejt rifreskimit t\u00eb mediokracis\u00eb.<\/p>\n<p><strong>&#8220;RADIOAKTIVITETI&#8221; POST-GREV\u00cb<\/strong><br \/>\nGreva e uris\u00eb nuk duhet t\u00eb ndodhte, por kritikat rreth t\u00eb ashtuquajturit ekstremiz\u00ebm opozitar harrojn\u00eb t\u00eb vler\u00ebsojn\u00eb se ajo ishte refleksion i ekstremizmit pushtetar ndaj nj\u00eb kauze parimore dhe leht\u00ebsisht t\u00eb akomodueshme prej tij q\u00eb n\u00eb fillimin e aksionit opozitar. Tashm\u00eb q\u00eb p\u00ebrfundoi fatmir\u00ebsisht pa pasoja t\u00eb r\u00ebnda, rrath\u00ebt e &#8220;val\u00ebs&#8221; s\u00eb saj ende p\u00ebrhapen duke arritur cakun m\u00eb t\u00eb larg\u00ebt t\u00eb civilizimit per\u00ebndimor. P\u00ebrball\u00eb nj\u00eb pushteti &#8220;akullnaj\u00eb&#8221; q\u00eb nuk tregoi predispozicionin e duhur p\u00ebr t\u00eb merituar sakrific\u00ebn e saj sigurisht duhej t\u00eb nd\u00ebrpritej.<\/p>\n<p>P\u00ebrfundimi i grev\u00ebs dhe i dark\u00ebs n\u00eb Strasburg, nuk na soll\u00ebn p\u00ebrs\u00ebri n\u00eb pik\u00ebn zero. V\u00ebrtet hendeku mbetet por tashm\u00eb ai ka p\u00ebrfshir\u00eb t\u00eb tjer\u00eb aktor\u00eb dhe t\u00eb dyja pal\u00ebt kan\u00eb l\u00ebvizur nga pozicionet e m\u00ebparshme. Rrjedhimisht outputi i grev\u00ebs \u00ebsht\u00eb evident teksa (a) demonstroi p\u00ebrkushtimin dhe seriozitetin e opozit\u00ebs ndaj nj\u00eb kauze, p\u00ebr t\u00eb cil\u00ebn nuk do t\u00eb ket\u00eb m\u00eb kthim pas, sepse tashm\u00eb \u00ebsht\u00eb vulosur me sakrific\u00ebn njer\u00ebzore t\u00eb grev\u00ebs s\u00eb uris\u00eb, (b) d\u00ebshmoi se opozita nuk po b\u00ebnte bllof para 9 muajve kur paralajm\u00ebronte p\u00ebr transparenc\u00eb t\u00eb panegociushme ndaj k\u00ebrkesat dhe deklarimet e saj n\u00eb vijim nuk mund t\u00eb injorohen m\u00eb, (c) ekspozoi precedentin e papranuesh\u00ebm n\u00eb nj\u00eb vend demokratik t\u00eb injorimit dhe karshill\u00ebkut ndaj institucionit t\u00eb grev\u00ebs s\u00eb uris\u00eb q\u00eb nuk duhej t\u00eb provokohej dhe n\u00ebse ndodhte duhej t\u00eb trajtohej me prioritet nga shteti ligjor, (d) sensibilizoi mbar\u00eb opinion publik dhe m\u00eb tej duke pohuar emancipim demokratik se njer\u00ebzit mund t\u00eb futen n\u00eb grev\u00eb urie dhe p\u00ebr kauza q\u00eb u sh\u00ebrbejn\u00eb dhe kund\u00ebrshtar\u00ebve t\u00eb tyre, (e) sensibilizoi komunitetin nd\u00ebrkomb\u00ebtar se ne jemi nj\u00eb vend ku liria dhe demokracia merren tashm\u00eb seriozisht dhe q\u00eb meriton respekt p\u00ebr k\u00ebt\u00eb, (f) zhvler\u00ebsoi nj\u00eb tradit\u00eb t\u00eb abuzimit dhe spekulimit t\u00eb mir\u00ebqen\u00eb dhe t\u00eb imunizuar prej vitesh rreth proceseve zgjedhore, duke tronditur statukuon\u00eb e alibive t\u00eb tipit &#8220;zgjedhje m\u00eb t\u00eb mira se her\u00ebn e kaluar&#8221;, (g) krijoi precedentin e dyshimit demokratik n\u00eb transparenc\u00ebn e institucioneve dhe ndjekjes deri n\u00eb fund t\u00eb realizimit t\u00eb saj duke promovuar kuraj\u00ebn civile p\u00ebr ta k\u00ebrkuar at\u00eb, (h) afirmoi r\u00ebnd\u00ebsin\u00eb e vot\u00ebs dhe sensibilizoi interesin e qytetarit deri dje r\u00ebndom shp\u00ebrfill\u00ebs ndaj fatit t\u00eb saj si rrjedhoj\u00eb e statukuos\u00eb s\u00eb indiferentizmit zgjedhor dhe pamund\u00ebsis\u00eb p\u00ebr feedback etj.<\/p>\n<p>Shkurt, greva e uris\u00eb me efektin zinxhir q\u00eb krijoi, i tejkaloi objektivat, p\u00ebr t\u00eb cilat ajo u iniciua, t\u00eb cilat t\u00eb deklaruara sigurisht ishin &#8220;fabrika&#8221; e kuraj\u00ebs dhe frym\u00ebzimit t\u00eb individ\u00ebve q\u00eb me koshienc\u00eb rrezikuan gjith\u00e7ka. E zhvendosur jasht\u00eb vendit nga ekstremiteti i grev\u00ebs, kriza tashm\u00eb ka v\u00ebn\u00eb p\u00ebr shpatulla pas murit klas\u00ebn politike shqiptare q\u00eb \u00ebsht\u00eb e d\u00ebnuar t\u00eb konvergoj\u00eb.<\/p>\n<p><strong>HAPIN E PAR\u00cb<\/strong><br \/>\nHapin e madh sigurisht duhet ta hedh\u00eb pushteti, alibia juridike e mostransparenc\u00ebs zgjedhore, e t\u00eb cilit tashm\u00eb nuk sugjestionon m\u00eb per\u00ebndimin. Tashm\u00eb q\u00eb kutit\u00eb pranohet nga t\u00eb gjith\u00eb se fshehin parregullsi serioze, alternativ\u00eb e vetme p\u00ebr t\u00eb mos kompromentuar imazhin e tij dhe m\u00eb tej t\u00eb vendit \u00ebsht\u00eb shmangja e hapjes s\u00eb tyre me \u00e7mimin e zgjedhjeve t\u00eb reja.<\/p>\n<p>Zgjedhjet e reja si propozim i shumic\u00ebs n\u00ebn pretekstin juridik t\u00eb mos&#8217;hapjes s\u00eb kutive, jo vet\u00ebm do t&#8217;i kursente asaj nj\u00eb diskreditim eventual t\u00eb pasuar me zgjedhje t\u00eb paevitueshme dhe rr\u00ebnuese p\u00ebr t\u00eb, por do t&#8217;i mund\u00ebsonte asaj pretendimin p\u00ebr q\u00ebndrimin n\u00eb qeveri deri n\u00eb dit\u00ebn e zgjedhjeve dhe p\u00ebrdorimin e kart\u00ebs s\u00eb liberalizimit t\u00eb vizave si nj\u00eb aset p\u00ebr nj\u00eb shans mbres\u00ebl\u00ebn\u00ebs n\u00eb fushat\u00ebn e ardhshme elektorale, pa p\u00ebrmendur manovrimet e kamuflueshme t\u00eb tipit mediatik, alokim z\u00ebrash buxheti, p\u00ebrdorim administrate etj., q\u00eb edhe n\u00ebse abuzive mund dhe t\u00eb &#8220;anashkalojn\u00eb&#8221; ende radarin demokratik n\u00eb radh\u00ebn e prioriteteve t\u00eb tij.<\/p>\n<p><strong>RINUM\u00cbRIM APO RIMBUSHJE!<\/strong><br \/>\nNd\u00ebrkoh\u00eb q\u00eb opozita nuk mund t\u00eb mjaftohet thjesht me aksesin tek kutit\u00eb e materialeve zgjedhore q\u00eb gjithsesi jan\u00eb t\u00eb arritshme si pjes\u00eb e fondit t\u00eb arkivit. Q\u00ebllimi saj duhet t\u00eb mbetet transparenca integrale p\u00ebr t\u00eb fituar betej\u00ebn morale dhe n\u00eb pamund\u00ebsi zgjedhjet e reja n\u00ebn nj\u00eb qeveri kujdestare me nj\u00eb kod zgjedhor t\u00eb ri q\u00eb promovon pluralizmin dhe imunizon transparenc\u00ebn.<\/p>\n<p>N\u00ebse bihet dakord p\u00ebr zgjedhje t\u00eb reja, kutit\u00eb e votimeve, n\u00eb analogji me dosjet e spiun\u00ebve, ndoshta \u00ebsht\u00eb m\u00eb mir\u00eb t\u00eb trajtohen si fenomen, sepse t\u00eb gjith\u00eb biem dakord q\u00eb n\u00eb Shqip\u00ebri \u00ebsht\u00eb abuzuar gjithnj\u00eb direkt apo indirekt me vot\u00ebn ndaj para se t\u00eb fillojm\u00eb nj\u00eb fushat\u00eb, ku nuk \u00ebsht\u00eb \u00e7udi q\u00eb shum\u00ebkush do t\u00eb jet\u00eb prokuror dhe i pandehur, pasi t\u00eb garantohet se p\u00ebsimi \u00ebsht\u00eb b\u00ebr\u00eb m\u00ebsim, t\u00eb gjitha pal\u00ebt t\u00eb bien dakord p\u00ebr t\u00eb kthyer nj\u00eb faqe t\u00eb re dhe festuar pas 2 vjet\u00ebsh me krenari 100 vjetorin e pavar\u00ebsis\u00eb, duke d\u00ebshmuar se jemi v\u00ebrtet t\u00eb till\u00eb n\u00eb marrjen e p\u00ebrgjegj\u00ebsive t\u00eb fateve tona.<\/p>\n","protected":false},"excerpt":{"rendered":"<p>Prof. As. Dr. Artan DUKA, 23.05.2010 Sapo d\u00ebshmuam d\u00ebshtimin e radh\u00ebs kur p\u00ebr nj\u00eb vend t\u00eb NATO, Kryeministri dhe lideri opozit\u00ebs thirren n\u00ebn nj\u00eb atmosfer\u00eb ultimative jasht\u00eb vendit p\u00ebr t\u00eb stabilizuar vendin e tyre (?!) Ndodh vet\u00ebm me ne dhe jo p\u00ebr her\u00eb t\u00eb par\u00eb. Ky d\u00ebshtim p\u00ebr t\u00eb d\u00ebshmuar vet\u00ebvendosje, ve\u00e7se rikonfirmon pazot\u00ebsin\u00eb ton\u00eb [&hellip;]<\/p>\n","protected":false},"author":1,"featured_media":0,"comment_status":"open","ping_status":"closed","sticky":false,"template":"","format":"standard","meta":{"footnotes":""},"categories":[2],"tags":[],"class_list":{"0":"post-2789","1":"post","2":"type-post","3":"status-publish","4":"format-standard","6":"category-artikuj"},"yoast_head":"<!-- This site is optimized with the Yoast SEO plugin v27.4 - https:\/\/yoast.com\/product\/yoast-seo-wordpress\/ -->\n<title>JEHONA E GREV\u00cbS - FjALA e LIR\u00cb - Arkivi<\/title>\n<meta name=\"robots\" content=\"index, follow, max-snippet:-1, max-image-preview:large, max-video-preview:-1\" \/>\n<link rel=\"canonical\" href=\"https:\/\/fjala.info\/2009-2015\/jehona-e-greves\/\" \/>\n<meta property=\"og:locale\" content=\"sq_AL\" \/>\n<meta property=\"og:type\" content=\"article\" \/>\n<meta property=\"og:title\" content=\"JEHONA E GREV\u00cbS - FjALA e LIR\u00cb - Arkivi\" \/>\n<meta property=\"og:description\" content=\"Prof. As. Dr. Artan DUKA, 23.05.2010 Sapo d\u00ebshmuam d\u00ebshtimin e radh\u00ebs kur p\u00ebr nj\u00eb vend t\u00eb NATO, Kryeministri dhe lideri opozit\u00ebs thirren n\u00ebn nj\u00eb atmosfer\u00eb ultimative jasht\u00eb vendit p\u00ebr t\u00eb stabilizuar vendin e tyre (?!) Ndodh vet\u00ebm me ne dhe jo p\u00ebr her\u00eb t\u00eb par\u00eb. Ky d\u00ebshtim p\u00ebr t\u00eb d\u00ebshmuar vet\u00ebvendosje, ve\u00e7se rikonfirmon pazot\u00ebsin\u00eb ton\u00eb [&hellip;]\" \/>\n<meta property=\"og:url\" content=\"https:\/\/fjala.info\/2009-2015\/jehona-e-greves\/\" \/>\n<meta property=\"og:site_name\" content=\"FjALA e LIR\u00cb - Arkivi\" \/>\n<meta property=\"article:published_time\" content=\"2010-05-23T08:40:22+00:00\" \/>\n<meta name=\"author\" content=\"admin\" \/>\n<meta name=\"twitter:card\" content=\"summary_large_image\" \/>\n<meta name=\"twitter:label1\" content=\"Written by\" \/>\n\t<meta name=\"twitter:data1\" content=\"admin\" \/>\n\t<meta name=\"twitter:label2\" content=\"Est. reading time\" \/>\n\t<meta name=\"twitter:data2\" content=\"9 minutes\" \/>\n<script type=\"application\/ld+json\" class=\"yoast-schema-graph\">{\"@context\":\"https:\\\/\\\/schema.org\",\"@graph\":[{\"@type\":\"Article\",\"@id\":\"https:\\\/\\\/fjala.info\\\/2009-2015\\\/jehona-e-greves\\\/#article\",\"isPartOf\":{\"@id\":\"https:\\\/\\\/fjala.info\\\/2009-2015\\\/jehona-e-greves\\\/\"},\"author\":{\"name\":\"admin\",\"@id\":\"https:\\\/\\\/fjala.info\\\/2009-2015\\\/#\\\/schema\\\/person\\\/3aa1163ef05469c496fc94e77611ada2\"},\"headline\":\"JEHONA E GREV\u00cbS\",\"datePublished\":\"2010-05-23T08:40:22+00:00\",\"mainEntityOfPage\":{\"@id\":\"https:\\\/\\\/fjala.info\\\/2009-2015\\\/jehona-e-greves\\\/\"},\"wordCount\":1861,\"commentCount\":0,\"publisher\":{\"@id\":\"https:\\\/\\\/fjala.info\\\/2009-2015\\\/#organization\"},\"articleSection\":[\"Artikuj\"],\"inLanguage\":\"sq-AL\",\"potentialAction\":[{\"@type\":\"CommentAction\",\"name\":\"Comment\",\"target\":[\"https:\\\/\\\/fjala.info\\\/2009-2015\\\/jehona-e-greves\\\/#respond\"]}]},{\"@type\":\"WebPage\",\"@id\":\"https:\\\/\\\/fjala.info\\\/2009-2015\\\/jehona-e-greves\\\/\",\"url\":\"https:\\\/\\\/fjala.info\\\/2009-2015\\\/jehona-e-greves\\\/\",\"name\":\"JEHONA E GREV\u00cbS - FjALA e LIR\u00cb - Arkivi\",\"isPartOf\":{\"@id\":\"https:\\\/\\\/fjala.info\\\/2009-2015\\\/#website\"},\"datePublished\":\"2010-05-23T08:40:22+00:00\",\"breadcrumb\":{\"@id\":\"https:\\\/\\\/fjala.info\\\/2009-2015\\\/jehona-e-greves\\\/#breadcrumb\"},\"inLanguage\":\"sq-AL\",\"potentialAction\":[{\"@type\":\"ReadAction\",\"target\":[\"https:\\\/\\\/fjala.info\\\/2009-2015\\\/jehona-e-greves\\\/\"]}]},{\"@type\":\"BreadcrumbList\",\"@id\":\"https:\\\/\\\/fjala.info\\\/2009-2015\\\/jehona-e-greves\\\/#breadcrumb\",\"itemListElement\":[{\"@type\":\"ListItem\",\"position\":1,\"name\":\"Home\",\"item\":\"https:\\\/\\\/fjala.info\\\/2009-2015\\\/\"},{\"@type\":\"ListItem\",\"position\":2,\"name\":\"JEHONA E GREV\u00cbS\"}]},{\"@type\":\"WebSite\",\"@id\":\"https:\\\/\\\/fjala.info\\\/2009-2015\\\/#website\",\"url\":\"https:\\\/\\\/fjala.info\\\/2009-2015\\\/\",\"name\":\"FjALA e LIR\u00cb - Arkivi\",\"description\":\"Arkivi 2009-2015\",\"publisher\":{\"@id\":\"https:\\\/\\\/fjala.info\\\/2009-2015\\\/#organization\"},\"potentialAction\":[{\"@type\":\"SearchAction\",\"target\":{\"@type\":\"EntryPoint\",\"urlTemplate\":\"https:\\\/\\\/fjala.info\\\/2009-2015\\\/?s={search_term_string}\"},\"query-input\":{\"@type\":\"PropertyValueSpecification\",\"valueRequired\":true,\"valueName\":\"search_term_string\"}}],\"inLanguage\":\"sq-AL\"},{\"@type\":\"Organization\",\"@id\":\"https:\\\/\\\/fjala.info\\\/2009-2015\\\/#organization\",\"name\":\"FjALA e LIR\u00cb - Arkivi\",\"url\":\"https:\\\/\\\/fjala.info\\\/2009-2015\\\/\",\"logo\":{\"@type\":\"ImageObject\",\"inLanguage\":\"sq-AL\",\"@id\":\"https:\\\/\\\/fjala.info\\\/2009-2015\\\/#\\\/schema\\\/logo\\\/image\\\/\",\"url\":\"\",\"contentUrl\":\"\",\"caption\":\"FjALA e LIR\u00cb - Arkivi\"},\"image\":{\"@id\":\"https:\\\/\\\/fjala.info\\\/2009-2015\\\/#\\\/schema\\\/logo\\\/image\\\/\"}},{\"@type\":\"Person\",\"@id\":\"https:\\\/\\\/fjala.info\\\/2009-2015\\\/#\\\/schema\\\/person\\\/3aa1163ef05469c496fc94e77611ada2\",\"name\":\"admin\",\"image\":{\"@type\":\"ImageObject\",\"inLanguage\":\"sq-AL\",\"@id\":\"https:\\\/\\\/fjala.info\\\/2009-2015\\\/wp-content\\\/uploads\\\/2012\\\/02\\\/arben_cokaj-120x150.jpg\",\"url\":\"https:\\\/\\\/fjala.info\\\/2009-2015\\\/wp-content\\\/uploads\\\/2012\\\/02\\\/arben_cokaj-120x150.jpg\",\"contentUrl\":\"https:\\\/\\\/fjala.info\\\/2009-2015\\\/wp-content\\\/uploads\\\/2012\\\/02\\\/arben_cokaj-120x150.jpg\",\"caption\":\"admin\"},\"description\":\"Admin, Fjala e Lir\u00eb\",\"sameAs\":[\"https:\\\/\\\/fjala.info\\\/\"],\"url\":\"https:\\\/\\\/fjala.info\\\/2009-2015\\\/author\\\/admin\\\/\"}]}<\/script>\n<!-- \/ Yoast SEO plugin. -->","yoast_head_json":{"title":"JEHONA E GREV\u00cbS - FjALA e LIR\u00cb - Arkivi","robots":{"index":"index","follow":"follow","max-snippet":"max-snippet:-1","max-image-preview":"max-image-preview:large","max-video-preview":"max-video-preview:-1"},"canonical":"https:\/\/fjala.info\/2009-2015\/jehona-e-greves\/","og_locale":"sq_AL","og_type":"article","og_title":"JEHONA E GREV\u00cbS - FjALA e LIR\u00cb - Arkivi","og_description":"Prof. As. Dr. Artan DUKA, 23.05.2010 Sapo d\u00ebshmuam d\u00ebshtimin e radh\u00ebs kur p\u00ebr nj\u00eb vend t\u00eb NATO, Kryeministri dhe lideri opozit\u00ebs thirren n\u00ebn nj\u00eb atmosfer\u00eb ultimative jasht\u00eb vendit p\u00ebr t\u00eb stabilizuar vendin e tyre (?!) Ndodh vet\u00ebm me ne dhe jo p\u00ebr her\u00eb t\u00eb par\u00eb. Ky d\u00ebshtim p\u00ebr t\u00eb d\u00ebshmuar vet\u00ebvendosje, ve\u00e7se rikonfirmon pazot\u00ebsin\u00eb ton\u00eb [&hellip;]","og_url":"https:\/\/fjala.info\/2009-2015\/jehona-e-greves\/","og_site_name":"FjALA e LIR\u00cb - Arkivi","article_published_time":"2010-05-23T08:40:22+00:00","author":"admin","twitter_card":"summary_large_image","twitter_misc":{"Written by":"admin","Est. reading time":"9 minutes"},"schema":{"@context":"https:\/\/schema.org","@graph":[{"@type":"Article","@id":"https:\/\/fjala.info\/2009-2015\/jehona-e-greves\/#article","isPartOf":{"@id":"https:\/\/fjala.info\/2009-2015\/jehona-e-greves\/"},"author":{"name":"admin","@id":"https:\/\/fjala.info\/2009-2015\/#\/schema\/person\/3aa1163ef05469c496fc94e77611ada2"},"headline":"JEHONA E GREV\u00cbS","datePublished":"2010-05-23T08:40:22+00:00","mainEntityOfPage":{"@id":"https:\/\/fjala.info\/2009-2015\/jehona-e-greves\/"},"wordCount":1861,"commentCount":0,"publisher":{"@id":"https:\/\/fjala.info\/2009-2015\/#organization"},"articleSection":["Artikuj"],"inLanguage":"sq-AL","potentialAction":[{"@type":"CommentAction","name":"Comment","target":["https:\/\/fjala.info\/2009-2015\/jehona-e-greves\/#respond"]}]},{"@type":"WebPage","@id":"https:\/\/fjala.info\/2009-2015\/jehona-e-greves\/","url":"https:\/\/fjala.info\/2009-2015\/jehona-e-greves\/","name":"JEHONA E GREV\u00cbS - FjALA e LIR\u00cb - Arkivi","isPartOf":{"@id":"https:\/\/fjala.info\/2009-2015\/#website"},"datePublished":"2010-05-23T08:40:22+00:00","breadcrumb":{"@id":"https:\/\/fjala.info\/2009-2015\/jehona-e-greves\/#breadcrumb"},"inLanguage":"sq-AL","potentialAction":[{"@type":"ReadAction","target":["https:\/\/fjala.info\/2009-2015\/jehona-e-greves\/"]}]},{"@type":"BreadcrumbList","@id":"https:\/\/fjala.info\/2009-2015\/jehona-e-greves\/#breadcrumb","itemListElement":[{"@type":"ListItem","position":1,"name":"Home","item":"https:\/\/fjala.info\/2009-2015\/"},{"@type":"ListItem","position":2,"name":"JEHONA E GREV\u00cbS"}]},{"@type":"WebSite","@id":"https:\/\/fjala.info\/2009-2015\/#website","url":"https:\/\/fjala.info\/2009-2015\/","name":"FjALA e LIR\u00cb - Arkivi","description":"Arkivi 2009-2015","publisher":{"@id":"https:\/\/fjala.info\/2009-2015\/#organization"},"potentialAction":[{"@type":"SearchAction","target":{"@type":"EntryPoint","urlTemplate":"https:\/\/fjala.info\/2009-2015\/?s={search_term_string}"},"query-input":{"@type":"PropertyValueSpecification","valueRequired":true,"valueName":"search_term_string"}}],"inLanguage":"sq-AL"},{"@type":"Organization","@id":"https:\/\/fjala.info\/2009-2015\/#organization","name":"FjALA e LIR\u00cb - Arkivi","url":"https:\/\/fjala.info\/2009-2015\/","logo":{"@type":"ImageObject","inLanguage":"sq-AL","@id":"https:\/\/fjala.info\/2009-2015\/#\/schema\/logo\/image\/","url":"","contentUrl":"","caption":"FjALA e LIR\u00cb - Arkivi"},"image":{"@id":"https:\/\/fjala.info\/2009-2015\/#\/schema\/logo\/image\/"}},{"@type":"Person","@id":"https:\/\/fjala.info\/2009-2015\/#\/schema\/person\/3aa1163ef05469c496fc94e77611ada2","name":"admin","image":{"@type":"ImageObject","inLanguage":"sq-AL","@id":"https:\/\/fjala.info\/2009-2015\/wp-content\/uploads\/2012\/02\/arben_cokaj-120x150.jpg","url":"https:\/\/fjala.info\/2009-2015\/wp-content\/uploads\/2012\/02\/arben_cokaj-120x150.jpg","contentUrl":"https:\/\/fjala.info\/2009-2015\/wp-content\/uploads\/2012\/02\/arben_cokaj-120x150.jpg","caption":"admin"},"description":"Admin, Fjala e Lir\u00eb","sameAs":["https:\/\/fjala.info\/"],"url":"https:\/\/fjala.info\/2009-2015\/author\/admin\/"}]}},"_links":{"self":[{"href":"https:\/\/fjala.info\/2009-2015\/wp-json\/wp\/v2\/posts\/2789","targetHints":{"allow":["GET"]}}],"collection":[{"href":"https:\/\/fjala.info\/2009-2015\/wp-json\/wp\/v2\/posts"}],"about":[{"href":"https:\/\/fjala.info\/2009-2015\/wp-json\/wp\/v2\/types\/post"}],"author":[{"embeddable":true,"href":"https:\/\/fjala.info\/2009-2015\/wp-json\/wp\/v2\/users\/1"}],"replies":[{"embeddable":true,"href":"https:\/\/fjala.info\/2009-2015\/wp-json\/wp\/v2\/comments?post=2789"}],"version-history":[{"count":0,"href":"https:\/\/fjala.info\/2009-2015\/wp-json\/wp\/v2\/posts\/2789\/revisions"}],"wp:attachment":[{"href":"https:\/\/fjala.info\/2009-2015\/wp-json\/wp\/v2\/media?parent=2789"}],"wp:term":[{"taxonomy":"category","embeddable":true,"href":"https:\/\/fjala.info\/2009-2015\/wp-json\/wp\/v2\/categories?post=2789"},{"taxonomy":"post_tag","embeddable":true,"href":"https:\/\/fjala.info\/2009-2015\/wp-json\/wp\/v2\/tags?post=2789"}],"curies":[{"name":"wp","href":"https:\/\/api.w.org\/{rel}","templated":true}]}}