{"id":2782,"date":"2012-05-14T21:33:52","date_gmt":"2012-05-14T20:33:52","guid":{"rendered":"http:\/\/fjala.shkoder.net\/?p=2782"},"modified":"2012-05-14T21:33:52","modified_gmt":"2012-05-14T20:33:52","slug":"shikoni-cfare-nuk-thote","status":"publish","type":"post","link":"https:\/\/fjala.info\/2009-2015\/shikoni-cfare-nuk-thote\/","title":{"rendered":"Shikoni \u00e7far\u00eb nuk thot\u00eb!"},"content":{"rendered":"<p><img decoding=\"async\" class=\"alignright size-thumbnail wp-image-7236\" title=\"Mero Baze\" src=\"http:\/\/www.shkoder.net\/images\/fjala\/mero_baze1.jpg\" alt=\"\" width=\"150\" \/> Nga <strong>Mero Baze<\/strong>, <em>14 Maj 2012<\/em><\/p>\n<p>Shikoj se ka shum\u00eb njer\u00ebz t\u00eb lebetitur nga p\u00ebrroi psikik prej gati dy or\u00ebsh, q\u00eb kryeministri shkarkon \u00e7do t\u00eb h\u00ebn\u00eb mbi trurin e mpir\u00eb t\u00eb deputet\u00ebve t\u00eb tij. K\u00ebsaj t\u00eb h\u00ebne ishte ve\u00e7an\u00ebrisht r\u00ebnd. Nuk donte t\u00eb sqaronte di\u00e7ka, nuk donte t\u00eb fliste p\u00ebr ndonj\u00eb objektiv a pik\u00eb programi, nuk donte t\u00eb fliste p\u00ebr ndonj\u00eb sukses apo d\u00ebshtim, nuk donte t\u00eb thoshte di\u00e7ka pas s\u00eb cil\u00ebs ti t\u00eb vrisje mendjen pse e tha\u2026 Ishte i vendosur t\u00eb derdhte gjith\u00eb makthin e tij ndaj faktit se opozita po k\u00ebrkonte paqe gjithandej.<\/p>\n<p>Donte t\u00eb dukej se e kish tmerruar funerali i Klosit dhe nderimi q\u00eb iu b\u00eb nj\u00eb intelektuali nga shoq\u00ebria. Paqja e dit\u00ebs s\u00eb fundit t\u00eb jet\u00ebs s\u00eb armikut t\u00eb tij e pask\u00ebsh goditur m\u00eb shum\u00eb se sa gjith\u00eb jeta e tij. E kish th\u00ebthir\u00eb fjalimin e Ram\u00ebs dhe ish gati t\u00eb citonte \u00e7do rresht, pask\u00ebsh adhuruar duke mallkuar fjal\u00ebn e fundit t\u00eb Rudin\u00ebs mbi varr, edhe pse kjo e fundit m\u00eb me qejf do lexonte fjalimin mbi varrin e tij. Por mbi t\u00eb gjitha e kish futur n\u00eb makth ideja se dikush mund t\u00eb nderohet edhe pse ishte armik i pakompromis i tij.<\/p>\n<p>Nj\u00ebsoj pat qen\u00eb t\u00ebrbuar dhe nga varrimi i Dritan Hoxh\u00ebs, themeluesit t\u00eb Top Channel, kat\u00ebr vjet m\u00eb par\u00eb, dhe desh ta ringrinte nga varri p\u00ebr ta posht\u00ebruar. E munduaka kaq shum\u00eb ideja se mund t\u00eb mos nderohet kur t\u00eb vdes\u00eb! Un\u00eb vet\u00eb dyshova dhe u thash\u00eb plot miqve t\u00eb mi se Klosi zgjodhi at\u00eb dit\u00eb p\u00ebr t\u00eb ikur nga kjo jet\u00eb edhe p\u00ebr faktin se Berisha ishte shum\u00eb larg Shqip\u00ebris\u00eb, n\u00eb SHBA. Cinizmi i tij me veten dhe jet\u00ebn e tij i jepte luksin t\u00eb mendonte k\u00ebto detaje p\u00ebr njeriun q\u00eb nuk e honepsi dot kurr\u00eb dhe q\u00eb ia kishte frik\u00ebn se mund t\u2019ia prishte magjin\u00eb e \u00ebndrr\u00ebs p\u00ebr ta flakur jet\u00ebn si di\u00e7ka q\u00eb nuk vlente n\u00ebn nj\u00eb diell me Sali Berish\u00ebn.<\/p>\n<p>K\u00ebt\u00eb t\u00eb h\u00ebn\u00eb u binda m\u00eb shum\u00eb p\u00ebr k\u00ebt\u00eb gj\u00eb. Berisha ishte shum\u00eb larg dhe nuk ia prishi dot varrimin. Nderimi i lart\u00eb q\u00eb i b\u00ebri shoq\u00ebria dhe nj\u00eb lloj himnizimi q\u00eb iu b\u00eb vdekjes s\u00eb tij n\u00eb form\u00eb proteste ndaj realitetit, e ka t\u00ebrbuar Sali Berish\u00ebn. E do doemos nj\u00eb vdekje t\u00eb r\u00ebndomt\u00eb, nj\u00eb vdekje banale, nj\u00eb vdekje p\u00ebr nj\u00eb rrog\u00eb ose ndonj\u00eb honorar t\u00eb munguar. Nuk e pranon dot nderimin q\u00eb prodhoi ikja e tij e heshtur, nuk pranon dot q\u00eb ai vdiq n\u00eb opozit\u00eb me t\u00eb, ndaj k\u00ebrkon t\u00eb prish\u00eb kujtimin e bukur p\u00ebr p\u00ebrcjelljen e tij.<\/p>\n<p>Donte t\u00eb dukej se e kish tmerruar fakti q\u00eb opozita po flet p\u00ebr papun\u00ebsin\u00eb dhe programin. Iu duk nj\u00eb paqe e madhe me veten dhe nj\u00eb siguri e tepruar q\u00eb ata duan t\u00eb qeverisin s\u00eb shpejti. U kthye 22 vjet mbrapsht dhe ktheu gjith\u00e7ka mbrapsht. Batut\u00ebn m\u00eb t\u00eb fort\u00eb kund\u00ebr regjimit n\u00eb vitet 90-t\u00eb, q\u00eb thuhej bordurave t\u00eb Tiran\u00ebs se n\u00eb Shqip\u00ebri ka \u201c1 milion t\u00eb papun\u00eb, 1 milion hajdut\u00eb dhe 1 milion spiun\u00eb\u201d e p\u00ebrmbysi duke th\u00ebn\u00eb se e kishte th\u00ebn\u00eb Ramiz Alia. P\u00ebr k\u00ebdo q\u00eb nuk ka rrjedhur nga trut\u00eb, \u00ebsht\u00eb e qart\u00eb se Ramiz Alia nuk ishte aq antikomunist sa t\u00eb tallej me regjimin e tij n\u00eb k\u00ebt\u00eb m\u00ebnyr\u00eb. Berish\u00ebs i ka dhembur dikur kjo batut\u00eb si komunist dhe dhimbjen e tij t\u00eb hershme si sekretar partie sot e paraqet si dhimbje t\u00eb shoq\u00ebris\u00eb.<\/p>\n<p>Kjo ishte batut\u00eb q\u00eb e thoshin shumica e shqiptar\u00ebve kund\u00ebr Ramiz Alis\u00eb. Aq popullore ishte, sa Azem Hajdari n\u00eb fillim t\u00eb vitit \u201890 e modifikoi k\u00ebt\u00eb batut\u00eb n\u00eb nj\u00eb miting n\u00eb Kruj\u00eb, duke deklaruar se n\u00eb Shqip\u00ebri ka \u201c1 milion t\u00eb papun\u00eb, 1 milion komunist\u00eb dhe 1 milion spiun\u00eb\u201d. Por mendja e roitur e tij nuk b\u00ebn m\u00eb dallime se kush ka th\u00ebn\u00eb, \u00e7far\u00eb ka th\u00ebn\u00eb dhe ku e ka th\u00ebn\u00eb. Ato q\u00eb i ka th\u00ebn\u00eb Azemi i duket sikur i ka th\u00ebn\u00eb Ramizi. Atij i duket e tmerrshme shifra 1 milion t\u00eb papun\u00eb dhe do doemos ta lidh\u00eb k\u00ebt\u00eb me di\u00e7ka nga komunizmi. Lidhet n\u00eb fakt, pasi sot ka realisht 1 milion\u00eb t\u00eb papun\u00eb, por ka vet\u00ebm nj\u00eb hajdut, dhe ai \u00ebsht\u00eb Berisha.<\/p>\n<p>Donte t\u00eb dukej se e kish tmerruar fakti q\u00eb opozita po firmoste reform\u00ebn p\u00ebr kodin zgjedhor. Me gjith\u00eb sabotimet e p\u00ebrditshme t\u00eb Berish\u00ebs dhe d\u00ebshir\u00ebn e tij q\u00eb reforma t\u00eb mos b\u00ebhet, opozita ka q\u00ebndruar n\u00eb tryez\u00eb dhe ka \u00e7uar thuajse n\u00eb fund reform\u00ebn zgjedhore me garancin\u00eb se do t\u00eb b\u00ebhet identifikimi elektronik i votuesve dhe num\u00ebrimi elektronik i flet\u00ebve t\u00eb votimit. Nuk duroi m\u00eb dhe plasi. I hodhi posht\u00eb t\u00eb dyja. Identifikimin elektronik e quajti pik\u00eb kufitare n\u00eb kuti t\u00eb votimit. Num\u00ebrimin elektronik e quajti \u00e7menduri t\u00eb opozit\u00ebs. Nuk e kupton se si guxon opozita t\u2019i prish\u00eb atij planin e vjedhjes s\u00eb zgjedhjeve dhe t\u00eb ruaj\u00eb qet\u00ebsin\u00eb deri n\u00eb fund p\u00ebr t\u00eb mos prishur reform\u00ebn zgjedhore.<\/p>\n<p>Priti deri n\u00eb limitin e fundit. Tani nuk ka m\u00eb koh\u00eb. Duhet t\u00eb thot\u00eb ose \u201cPo\u201d ose \u201cJo\u201d p\u00ebr vjedhjen e votave. Ul\u00ebriti me t\u00eb madhe n\u00eb sy t\u00eb deputet\u00ebve \u201cPo dhe Po\u201d, \u201cu them un\u00eb\u201d, \u2026q\u00eb do t\u00eb vidhen d.m.th. Nuk mund ta linte t\u00eb shkonte deri n\u00eb dat\u00eb 15 maj kjo pun\u00eb k\u00ebshtu. Nuk mund t\u00eb pranonte t\u00eb dor\u00ebzohej tek teknika e paanshme. Ambasadori i OSBE kish koh\u00eb q\u00eb ishte i hutuar se si Berisha po dor\u00ebzohej k\u00ebshtu para zgjedhjeve t\u00eb ndershme. I dha dhe ai nj\u00eb dor\u00eb t\u00eb zgjohej nga \u201c\u00ebndrra e keqe\u201d dhe t\u00eb griste marr\u00ebveshjen.<\/p>\n<p>Por ishte di\u00e7ka q\u00eb Berisha nuk e tha, ajo q\u00eb n\u00eb fakt e kishte tmerruar. Nuk e zuri n\u00eb goj\u00eb. Nuk donte q\u00eb askush n\u00eb sall\u00eb t\u00eb mendonte p\u00ebr t\u00eb. Nuk pranon t\u00eb mendoj as vet\u00eb dhe nuk do t\u00eb lejoj\u00eb ask\u00ebnd t\u00eb mendoj\u00eb. \u00cbsht\u00eb di\u00e7ka q\u00eb nj\u00eb paqe m\u00eb e gjer\u00eb e opozit\u00ebs ka prodhuar kund\u00ebr tij, kund\u00ebr numrave t\u00eb tij, kund\u00ebr shumic\u00ebs s\u00eb tij. Ajo e ka \u00e7mendur.<\/p>\n<p>D\u00ebrd\u00ebllitja e tij e gjat\u00eb prej dy or\u00ebsh para deputet\u00ebve, mpirja e trurit t\u00eb tyre duke heshtur para fjalimit t\u00eb tij, para shifrave t\u00eb tij, para tikeve nervore, para struktur\u00ebs pyet\u00ebse-p\u00ebrgjigj\u00ebse dhe vetaprovuese t\u00eb fjalis\u00eb s\u00eb tij t\u00eb tipit: \u201cDo m\u00eb pyesni ju mua, \u2026ua them un\u00eb ju\u2026 po dhe po, k\u00ebshtu \u00ebsht\u00eb\u2026\u201d, para humbjes s\u00eb papritur t\u00eb kuptimit t\u00eb fjalis\u00eb, para qeshjes s\u00eb beft\u00eb vet\u00ebm pse Patozi guxoi t\u00eb afroj\u00eb kok\u00ebn, pra gjith\u00eb ajo rrahje uji n\u00eb hava p\u00ebr dy or\u00eb, ka vet\u00ebm nj\u00eb arsye. T\u00eb mos flitet p\u00ebr at\u00eb q\u00eb po u ndodh, t\u00eb mos ken\u00eb koh\u00eb t\u00eb mendojn\u00eb se \u00e7far\u00eb po u ndodh, t\u2019i mbushin mendjen vetes se t\u00eb gjith\u00eb paqet e opozit\u00ebs jan\u00eb t\u00eb rrezikshme p\u00ebr kombin, paqja me t\u00eb vdekurit, paqja me vizionin qeveris\u00ebs, paqja me reform\u00ebn zgjedhore\u2026<\/p>\n<p>Vet\u00ebm nj\u00eb paqe ishte e ndaluar t\u00eb p\u00ebrmendej, paqja e opozit\u00ebs me at\u00eb q\u00eb Berisha ka tre vjet q\u00eb qeveris. T\u00eb gjith\u00eb prisnin di\u00e7ka p\u00ebr k\u00ebt\u00eb paqe, q\u00eb i ka trembur realisht, ndaj ai b\u00ebri \u00e7\u2019ishte e mundur t\u00eb fliste gjith\u00eb marr\u00ebzit\u00eb e bot\u00ebs q\u00eb t\u00eb mos pyetej p\u00ebr k\u00ebt\u00eb gj\u00eb. Atij i duhet doemos nj\u00eb luft\u00eb me opozit\u00ebn. I duhet luft\u00eb kund\u00ebr reform\u00ebs zgjedhore, kund\u00ebr zgjedhjeve t\u00eb lira, kund\u00ebr programit t\u00eb opozit\u00ebs, kund\u00ebr personaliteteve t\u00eb gjalla dhe t\u00eb vdekura t\u00eb opozit\u00ebs. I duhet doemos me \u00e7do kusht, si e vetmja m\u00ebnyr\u00eb q\u00eb i nxjerr makthin nga paqja q\u00eb nuk e z\u00eb dot n\u00eb goj\u00eb. Ndaj mos ia vini re \u00e7far\u00eb thot\u00eb. Shikoni \u00e7far\u00eb nuk thot\u00eb dot.<\/p>\n","protected":false},"excerpt":{"rendered":"<p>Nga Mero Baze, 14 Maj 2012 Shikoj se ka shum\u00eb njer\u00ebz t\u00eb lebetitur nga p\u00ebrroi psikik prej gati dy or\u00ebsh, q\u00eb kryeministri shkarkon \u00e7do t\u00eb h\u00ebn\u00eb mbi trurin e mpir\u00eb t\u00eb deputet\u00ebve t\u00eb tij. K\u00ebsaj t\u00eb h\u00ebne ishte ve\u00e7an\u00ebrisht r\u00ebnd. Nuk donte t\u00eb sqaronte di\u00e7ka, nuk donte t\u00eb fliste p\u00ebr ndonj\u00eb objektiv a pik\u00eb programi, [&hellip;]<\/p>\n","protected":false},"author":1,"featured_media":0,"comment_status":"open","ping_status":"closed","sticky":false,"template":"","format":"standard","meta":{"footnotes":""},"categories":[2],"tags":[],"class_list":{"0":"post-2782","1":"post","2":"type-post","3":"status-publish","4":"format-standard","6":"category-artikuj"},"yoast_head":"<!-- This site is optimized with the Yoast SEO plugin v27.4 - https:\/\/yoast.com\/product\/yoast-seo-wordpress\/ -->\n<title>Shikoni \u00e7far\u00eb nuk thot\u00eb! - FjALA e LIR\u00cb - Arkivi<\/title>\n<meta name=\"robots\" content=\"index, follow, max-snippet:-1, max-image-preview:large, max-video-preview:-1\" \/>\n<link rel=\"canonical\" href=\"https:\/\/fjala.info\/2009-2015\/shikoni-cfare-nuk-thote\/\" \/>\n<meta property=\"og:locale\" content=\"sq_AL\" \/>\n<meta property=\"og:type\" content=\"article\" \/>\n<meta property=\"og:title\" content=\"Shikoni \u00e7far\u00eb nuk thot\u00eb! - FjALA e LIR\u00cb - Arkivi\" \/>\n<meta property=\"og:description\" content=\"Nga Mero Baze, 14 Maj 2012 Shikoj se ka shum\u00eb njer\u00ebz t\u00eb lebetitur nga p\u00ebrroi psikik prej gati dy or\u00ebsh, q\u00eb kryeministri shkarkon \u00e7do t\u00eb h\u00ebn\u00eb mbi trurin e mpir\u00eb t\u00eb deputet\u00ebve t\u00eb tij. K\u00ebsaj t\u00eb h\u00ebne ishte ve\u00e7an\u00ebrisht r\u00ebnd. Nuk donte t\u00eb sqaronte di\u00e7ka, nuk donte t\u00eb fliste p\u00ebr ndonj\u00eb objektiv a pik\u00eb programi, [&hellip;]\" \/>\n<meta property=\"og:url\" content=\"https:\/\/fjala.info\/2009-2015\/shikoni-cfare-nuk-thote\/\" \/>\n<meta property=\"og:site_name\" content=\"FjALA e LIR\u00cb - Arkivi\" \/>\n<meta property=\"article:published_time\" content=\"2012-05-14T20:33:52+00:00\" \/>\n<meta property=\"og:image\" content=\"http:\/\/www.shkoder.net\/images\/fjala\/mero_baze1.jpg\" \/>\n<meta name=\"author\" content=\"admin\" \/>\n<meta name=\"twitter:card\" content=\"summary_large_image\" \/>\n<meta name=\"twitter:label1\" content=\"Written by\" \/>\n\t<meta name=\"twitter:data1\" content=\"admin\" \/>\n\t<meta name=\"twitter:label2\" content=\"Est. reading time\" \/>\n\t<meta name=\"twitter:data2\" content=\"7 minutes\" \/>\n<script type=\"application\/ld+json\" class=\"yoast-schema-graph\">{\"@context\":\"https:\\\/\\\/schema.org\",\"@graph\":[{\"@type\":\"Article\",\"@id\":\"https:\\\/\\\/fjala.info\\\/2009-2015\\\/shikoni-cfare-nuk-thote\\\/#article\",\"isPartOf\":{\"@id\":\"https:\\\/\\\/fjala.info\\\/2009-2015\\\/shikoni-cfare-nuk-thote\\\/\"},\"author\":{\"name\":\"admin\",\"@id\":\"https:\\\/\\\/fjala.info\\\/2009-2015\\\/#\\\/schema\\\/person\\\/3aa1163ef05469c496fc94e77611ada2\"},\"headline\":\"Shikoni \u00e7far\u00eb nuk thot\u00eb!\",\"datePublished\":\"2012-05-14T20:33:52+00:00\",\"mainEntityOfPage\":{\"@id\":\"https:\\\/\\\/fjala.info\\\/2009-2015\\\/shikoni-cfare-nuk-thote\\\/\"},\"wordCount\":1375,\"commentCount\":0,\"publisher\":{\"@id\":\"https:\\\/\\\/fjala.info\\\/2009-2015\\\/#organization\"},\"image\":{\"@id\":\"https:\\\/\\\/fjala.info\\\/2009-2015\\\/shikoni-cfare-nuk-thote\\\/#primaryimage\"},\"thumbnailUrl\":\"http:\\\/\\\/www.shkoder.net\\\/images\\\/fjala\\\/mero_baze1.jpg\",\"articleSection\":[\"Artikuj\"],\"inLanguage\":\"sq-AL\",\"potentialAction\":[{\"@type\":\"CommentAction\",\"name\":\"Comment\",\"target\":[\"https:\\\/\\\/fjala.info\\\/2009-2015\\\/shikoni-cfare-nuk-thote\\\/#respond\"]}]},{\"@type\":\"WebPage\",\"@id\":\"https:\\\/\\\/fjala.info\\\/2009-2015\\\/shikoni-cfare-nuk-thote\\\/\",\"url\":\"https:\\\/\\\/fjala.info\\\/2009-2015\\\/shikoni-cfare-nuk-thote\\\/\",\"name\":\"Shikoni \u00e7far\u00eb nuk thot\u00eb! - FjALA e LIR\u00cb - Arkivi\",\"isPartOf\":{\"@id\":\"https:\\\/\\\/fjala.info\\\/2009-2015\\\/#website\"},\"primaryImageOfPage\":{\"@id\":\"https:\\\/\\\/fjala.info\\\/2009-2015\\\/shikoni-cfare-nuk-thote\\\/#primaryimage\"},\"image\":{\"@id\":\"https:\\\/\\\/fjala.info\\\/2009-2015\\\/shikoni-cfare-nuk-thote\\\/#primaryimage\"},\"thumbnailUrl\":\"http:\\\/\\\/www.shkoder.net\\\/images\\\/fjala\\\/mero_baze1.jpg\",\"datePublished\":\"2012-05-14T20:33:52+00:00\",\"breadcrumb\":{\"@id\":\"https:\\\/\\\/fjala.info\\\/2009-2015\\\/shikoni-cfare-nuk-thote\\\/#breadcrumb\"},\"inLanguage\":\"sq-AL\",\"potentialAction\":[{\"@type\":\"ReadAction\",\"target\":[\"https:\\\/\\\/fjala.info\\\/2009-2015\\\/shikoni-cfare-nuk-thote\\\/\"]}]},{\"@type\":\"ImageObject\",\"inLanguage\":\"sq-AL\",\"@id\":\"https:\\\/\\\/fjala.info\\\/2009-2015\\\/shikoni-cfare-nuk-thote\\\/#primaryimage\",\"url\":\"http:\\\/\\\/www.shkoder.net\\\/images\\\/fjala\\\/mero_baze1.jpg\",\"contentUrl\":\"http:\\\/\\\/www.shkoder.net\\\/images\\\/fjala\\\/mero_baze1.jpg\"},{\"@type\":\"BreadcrumbList\",\"@id\":\"https:\\\/\\\/fjala.info\\\/2009-2015\\\/shikoni-cfare-nuk-thote\\\/#breadcrumb\",\"itemListElement\":[{\"@type\":\"ListItem\",\"position\":1,\"name\":\"Home\",\"item\":\"https:\\\/\\\/fjala.info\\\/2009-2015\\\/\"},{\"@type\":\"ListItem\",\"position\":2,\"name\":\"Shikoni \u00e7far\u00eb nuk thot\u00eb!\"}]},{\"@type\":\"WebSite\",\"@id\":\"https:\\\/\\\/fjala.info\\\/2009-2015\\\/#website\",\"url\":\"https:\\\/\\\/fjala.info\\\/2009-2015\\\/\",\"name\":\"FjALA e LIR\u00cb - Arkivi\",\"description\":\"Arkivi 2009-2015\",\"publisher\":{\"@id\":\"https:\\\/\\\/fjala.info\\\/2009-2015\\\/#organization\"},\"potentialAction\":[{\"@type\":\"SearchAction\",\"target\":{\"@type\":\"EntryPoint\",\"urlTemplate\":\"https:\\\/\\\/fjala.info\\\/2009-2015\\\/?s={search_term_string}\"},\"query-input\":{\"@type\":\"PropertyValueSpecification\",\"valueRequired\":true,\"valueName\":\"search_term_string\"}}],\"inLanguage\":\"sq-AL\"},{\"@type\":\"Organization\",\"@id\":\"https:\\\/\\\/fjala.info\\\/2009-2015\\\/#organization\",\"name\":\"FjALA e LIR\u00cb - Arkivi\",\"url\":\"https:\\\/\\\/fjala.info\\\/2009-2015\\\/\",\"logo\":{\"@type\":\"ImageObject\",\"inLanguage\":\"sq-AL\",\"@id\":\"https:\\\/\\\/fjala.info\\\/2009-2015\\\/#\\\/schema\\\/logo\\\/image\\\/\",\"url\":\"\",\"contentUrl\":\"\",\"caption\":\"FjALA e LIR\u00cb - Arkivi\"},\"image\":{\"@id\":\"https:\\\/\\\/fjala.info\\\/2009-2015\\\/#\\\/schema\\\/logo\\\/image\\\/\"}},{\"@type\":\"Person\",\"@id\":\"https:\\\/\\\/fjala.info\\\/2009-2015\\\/#\\\/schema\\\/person\\\/3aa1163ef05469c496fc94e77611ada2\",\"name\":\"admin\",\"image\":{\"@type\":\"ImageObject\",\"inLanguage\":\"sq-AL\",\"@id\":\"https:\\\/\\\/fjala.info\\\/2009-2015\\\/wp-content\\\/uploads\\\/2012\\\/02\\\/arben_cokaj-120x150.jpg\",\"url\":\"https:\\\/\\\/fjala.info\\\/2009-2015\\\/wp-content\\\/uploads\\\/2012\\\/02\\\/arben_cokaj-120x150.jpg\",\"contentUrl\":\"https:\\\/\\\/fjala.info\\\/2009-2015\\\/wp-content\\\/uploads\\\/2012\\\/02\\\/arben_cokaj-120x150.jpg\",\"caption\":\"admin\"},\"description\":\"Admin, Fjala e Lir\u00eb\",\"sameAs\":[\"https:\\\/\\\/fjala.info\\\/\"],\"url\":\"https:\\\/\\\/fjala.info\\\/2009-2015\\\/author\\\/admin\\\/\"}]}<\/script>\n<!-- \/ Yoast SEO plugin. -->","yoast_head_json":{"title":"Shikoni \u00e7far\u00eb nuk thot\u00eb! - FjALA e LIR\u00cb - Arkivi","robots":{"index":"index","follow":"follow","max-snippet":"max-snippet:-1","max-image-preview":"max-image-preview:large","max-video-preview":"max-video-preview:-1"},"canonical":"https:\/\/fjala.info\/2009-2015\/shikoni-cfare-nuk-thote\/","og_locale":"sq_AL","og_type":"article","og_title":"Shikoni \u00e7far\u00eb nuk thot\u00eb! - FjALA e LIR\u00cb - Arkivi","og_description":"Nga Mero Baze, 14 Maj 2012 Shikoj se ka shum\u00eb njer\u00ebz t\u00eb lebetitur nga p\u00ebrroi psikik prej gati dy or\u00ebsh, q\u00eb kryeministri shkarkon \u00e7do t\u00eb h\u00ebn\u00eb mbi trurin e mpir\u00eb t\u00eb deputet\u00ebve t\u00eb tij. K\u00ebsaj t\u00eb h\u00ebne ishte ve\u00e7an\u00ebrisht r\u00ebnd. Nuk donte t\u00eb sqaronte di\u00e7ka, nuk donte t\u00eb fliste p\u00ebr ndonj\u00eb objektiv a pik\u00eb programi, [&hellip;]","og_url":"https:\/\/fjala.info\/2009-2015\/shikoni-cfare-nuk-thote\/","og_site_name":"FjALA e LIR\u00cb - Arkivi","article_published_time":"2012-05-14T20:33:52+00:00","og_image":[{"url":"http:\/\/www.shkoder.net\/images\/fjala\/mero_baze1.jpg","type":"","width":"","height":""}],"author":"admin","twitter_card":"summary_large_image","twitter_misc":{"Written by":"admin","Est. reading time":"7 minutes"},"schema":{"@context":"https:\/\/schema.org","@graph":[{"@type":"Article","@id":"https:\/\/fjala.info\/2009-2015\/shikoni-cfare-nuk-thote\/#article","isPartOf":{"@id":"https:\/\/fjala.info\/2009-2015\/shikoni-cfare-nuk-thote\/"},"author":{"name":"admin","@id":"https:\/\/fjala.info\/2009-2015\/#\/schema\/person\/3aa1163ef05469c496fc94e77611ada2"},"headline":"Shikoni \u00e7far\u00eb nuk thot\u00eb!","datePublished":"2012-05-14T20:33:52+00:00","mainEntityOfPage":{"@id":"https:\/\/fjala.info\/2009-2015\/shikoni-cfare-nuk-thote\/"},"wordCount":1375,"commentCount":0,"publisher":{"@id":"https:\/\/fjala.info\/2009-2015\/#organization"},"image":{"@id":"https:\/\/fjala.info\/2009-2015\/shikoni-cfare-nuk-thote\/#primaryimage"},"thumbnailUrl":"http:\/\/www.shkoder.net\/images\/fjala\/mero_baze1.jpg","articleSection":["Artikuj"],"inLanguage":"sq-AL","potentialAction":[{"@type":"CommentAction","name":"Comment","target":["https:\/\/fjala.info\/2009-2015\/shikoni-cfare-nuk-thote\/#respond"]}]},{"@type":"WebPage","@id":"https:\/\/fjala.info\/2009-2015\/shikoni-cfare-nuk-thote\/","url":"https:\/\/fjala.info\/2009-2015\/shikoni-cfare-nuk-thote\/","name":"Shikoni \u00e7far\u00eb nuk thot\u00eb! - FjALA e LIR\u00cb - Arkivi","isPartOf":{"@id":"https:\/\/fjala.info\/2009-2015\/#website"},"primaryImageOfPage":{"@id":"https:\/\/fjala.info\/2009-2015\/shikoni-cfare-nuk-thote\/#primaryimage"},"image":{"@id":"https:\/\/fjala.info\/2009-2015\/shikoni-cfare-nuk-thote\/#primaryimage"},"thumbnailUrl":"http:\/\/www.shkoder.net\/images\/fjala\/mero_baze1.jpg","datePublished":"2012-05-14T20:33:52+00:00","breadcrumb":{"@id":"https:\/\/fjala.info\/2009-2015\/shikoni-cfare-nuk-thote\/#breadcrumb"},"inLanguage":"sq-AL","potentialAction":[{"@type":"ReadAction","target":["https:\/\/fjala.info\/2009-2015\/shikoni-cfare-nuk-thote\/"]}]},{"@type":"ImageObject","inLanguage":"sq-AL","@id":"https:\/\/fjala.info\/2009-2015\/shikoni-cfare-nuk-thote\/#primaryimage","url":"http:\/\/www.shkoder.net\/images\/fjala\/mero_baze1.jpg","contentUrl":"http:\/\/www.shkoder.net\/images\/fjala\/mero_baze1.jpg"},{"@type":"BreadcrumbList","@id":"https:\/\/fjala.info\/2009-2015\/shikoni-cfare-nuk-thote\/#breadcrumb","itemListElement":[{"@type":"ListItem","position":1,"name":"Home","item":"https:\/\/fjala.info\/2009-2015\/"},{"@type":"ListItem","position":2,"name":"Shikoni \u00e7far\u00eb nuk thot\u00eb!"}]},{"@type":"WebSite","@id":"https:\/\/fjala.info\/2009-2015\/#website","url":"https:\/\/fjala.info\/2009-2015\/","name":"FjALA e LIR\u00cb - Arkivi","description":"Arkivi 2009-2015","publisher":{"@id":"https:\/\/fjala.info\/2009-2015\/#organization"},"potentialAction":[{"@type":"SearchAction","target":{"@type":"EntryPoint","urlTemplate":"https:\/\/fjala.info\/2009-2015\/?s={search_term_string}"},"query-input":{"@type":"PropertyValueSpecification","valueRequired":true,"valueName":"search_term_string"}}],"inLanguage":"sq-AL"},{"@type":"Organization","@id":"https:\/\/fjala.info\/2009-2015\/#organization","name":"FjALA e LIR\u00cb - Arkivi","url":"https:\/\/fjala.info\/2009-2015\/","logo":{"@type":"ImageObject","inLanguage":"sq-AL","@id":"https:\/\/fjala.info\/2009-2015\/#\/schema\/logo\/image\/","url":"","contentUrl":"","caption":"FjALA e LIR\u00cb - Arkivi"},"image":{"@id":"https:\/\/fjala.info\/2009-2015\/#\/schema\/logo\/image\/"}},{"@type":"Person","@id":"https:\/\/fjala.info\/2009-2015\/#\/schema\/person\/3aa1163ef05469c496fc94e77611ada2","name":"admin","image":{"@type":"ImageObject","inLanguage":"sq-AL","@id":"https:\/\/fjala.info\/2009-2015\/wp-content\/uploads\/2012\/02\/arben_cokaj-120x150.jpg","url":"https:\/\/fjala.info\/2009-2015\/wp-content\/uploads\/2012\/02\/arben_cokaj-120x150.jpg","contentUrl":"https:\/\/fjala.info\/2009-2015\/wp-content\/uploads\/2012\/02\/arben_cokaj-120x150.jpg","caption":"admin"},"description":"Admin, Fjala e Lir\u00eb","sameAs":["https:\/\/fjala.info\/"],"url":"https:\/\/fjala.info\/2009-2015\/author\/admin\/"}]}},"_links":{"self":[{"href":"https:\/\/fjala.info\/2009-2015\/wp-json\/wp\/v2\/posts\/2782","targetHints":{"allow":["GET"]}}],"collection":[{"href":"https:\/\/fjala.info\/2009-2015\/wp-json\/wp\/v2\/posts"}],"about":[{"href":"https:\/\/fjala.info\/2009-2015\/wp-json\/wp\/v2\/types\/post"}],"author":[{"embeddable":true,"href":"https:\/\/fjala.info\/2009-2015\/wp-json\/wp\/v2\/users\/1"}],"replies":[{"embeddable":true,"href":"https:\/\/fjala.info\/2009-2015\/wp-json\/wp\/v2\/comments?post=2782"}],"version-history":[{"count":0,"href":"https:\/\/fjala.info\/2009-2015\/wp-json\/wp\/v2\/posts\/2782\/revisions"}],"wp:attachment":[{"href":"https:\/\/fjala.info\/2009-2015\/wp-json\/wp\/v2\/media?parent=2782"}],"wp:term":[{"taxonomy":"category","embeddable":true,"href":"https:\/\/fjala.info\/2009-2015\/wp-json\/wp\/v2\/categories?post=2782"},{"taxonomy":"post_tag","embeddable":true,"href":"https:\/\/fjala.info\/2009-2015\/wp-json\/wp\/v2\/tags?post=2782"}],"curies":[{"name":"wp","href":"https:\/\/api.w.org\/{rel}","templated":true}]}}