{"id":2780,"date":"2010-05-22T23:11:48","date_gmt":"2010-05-22T22:11:48","guid":{"rendered":"http:\/\/fjala.shkoder.net\/?p=2780"},"modified":"2010-05-22T23:11:48","modified_gmt":"2010-05-22T22:11:48","slug":"duke-ngulmuar-per-kuti-te-mbyllura","status":"publish","type":"post","link":"https:\/\/fjala.info\/2009-2015\/duke-ngulmuar-per-kuti-te-mbyllura\/","title":{"rendered":"Duke ngulmuar p\u00ebr kuti t\u00eb mbyllura&#8230;"},"content":{"rendered":"<p><img decoding=\"async\" style=\"margin-left: 10px; margin-right: 10px; border: 0px;\" src=\"http:\/\/www.shkoder.net\/images\/fjala\/pellumb_kulla.jpg\" border=\"0\" alt=\"P\u00ebllumb Kulla\" width=\"100\" align=\"right\" \/><\/p>\n<p><strong>P\u00ebllumb Kulla<\/strong>, <em>22.05.2010<\/em><\/p>\n<p>Nuk i njoh t\u00eb gjith\u00eb ata q\u00eb u etiketuan si pjes\u00ebtar\u00eb t\u00eb elit\u00ebs s\u00eb kombit, se jan\u00eb b\u00ebr\u00eb shum\u00eb. Duke mos pritur ditadit\u00ebs list\u00ebn e plot\u00eb, q\u00eb me siguri do t\u00eb arrij\u00eb t\u00eb nj\u00ebjtin num\u00ebr me ata q\u00eb kan\u00eb votuar v\u00ebrtet p\u00ebr Berish\u00ebn, po u drejtohem atyre nj\u00ebzet a tridhjet\u00eb artist\u00ebve dhe shkrimtar\u00ebve, me t\u00eb cil\u00ebt njihem.<\/p>\n<p>Dalja nga diktatura n\u00eb nj\u00eb sistem demokratik \u00ebsht\u00eb si dalja nga honi, nga gremina me shk\u00ebmbinj t\u00eb thepisur dhe vendosja mbi nj\u00eb tra ekuilibri q\u00eb mund t\u00eb t\u00eb shpjer\u00eb p\u00ebrs\u00ebri n\u00eb hon. Q\u00eb ky tra t\u00eb ket\u00eb drejtpeshim, n\u00eb nj\u00ebrin skaj q\u00ebndrojn\u00eb qeveritar\u00ebt me turm\u00ebn e t\u00eb interesuarve p\u00ebr jet\u00ebgjat\u00ebsin\u00eb e qeveris\u00eb dhe n\u00eb skajin tjet\u00ebr ndodhet Opozita me interesaxhinjt\u00eb e saj.<\/p>\n<p>N\u00eb skajin e Opozit\u00ebs, q\u00eb n\u00eb f\u00ebmij\u00ebri t\u00eb njer\u00ebzimit ze vend dhe komuniteti i intelektual\u00ebve, &#8211; filozof\u00ebve, shkrimtar\u00ebve, artist\u00ebve, njer\u00ebzve t\u00eb shkenc\u00ebs dhe t\u00eb dijes. N\u00eb t\u00ebr\u00eb demokracit\u00eb e thekura, nd\u00ebrrohen shpesh skajet: Opozita shkon e z\u00ebvend\u00ebson qeverin\u00eb duke marr\u00eb pas interesaxhinjt\u00eb e vet dhe qeveria vjen e b\u00ebhet Opozit\u00eb. Vendi i intelektual\u00ebve mbetet po atje, krah Opozit\u00ebs. \u00cbsht\u00eb nj\u00eb vend i nderuar ku fryjn\u00eb er\u00ebrat e lira t\u00eb idealeve t\u00eb past\u00ebr dhe gjenerojn\u00eb frym\u00ebzimet p\u00ebr zhvillim.<\/p>\n<p>Duke ndjekur prononcimet tuaja, more miq, me keqardhje vija re, se p\u00ebrpos deklarimit t\u00eb nj\u00ebz\u00ebsh\u00ebm &#8211; firmosjes s\u00eb peticionit,- an\u00ebsia juaj binte er\u00eb interesash imediate dhe statukuosh, binte er\u00eb frik\u00eb, er\u00eb antipatirash t\u00eb pafshehura dot, ndaj kreut t\u00eb PS, i cili meriton nj\u00eb mal me kritika, por jo p\u00ebr ata m\u00ebkate q\u00eb mundoheshit t&#8217;i faturonit ju &#8211; &#8220;prish\u00ebs i trafikut&#8221;, &#8220;i plotfuqishmi i grev\u00ebs&#8221;, &#8220;aspirant p\u00ebr kryeminist\u00ebr&#8221; e plot t\u00eb tjera t\u00eb bartura nga vitet e bashkjetes\u00ebs tuaj artistike me t\u00eb.<\/p>\n<p>Por n\u00eb asnj\u00ebr\u00ebn ju nuk preknit thelbin e nd\u00ebrmarrjes s\u00eb tij t\u00eb k\u00ebtyre dit\u00ebve, at\u00eb q\u00eb do t&#8217;i priste krah\u00ebt, duke filluar nga vet\u00eb ai, t\u00eb gjith\u00ebve q\u00eb do t\u00eb donin t\u00eb devijonin vullnetin e zgjedh\u00ebsve shqiptar\u00eb. Deklaratat e shum\u00ebve prej jush, ato jasht\u00eb sofr\u00ebs s\u00eb p\u00ebrbashk\u00ebt &#8220;elitare&#8221;, ting\u00ebllojn\u00eb edhe m\u00eb mjeruesh\u00ebm n\u00eb vesh\u00ebt dhe syt\u00eb e mi, ngaq\u00eb kemi ngr\u00ebn\u00eb tok nj\u00eb thes me krip\u00eb n\u00eb t\u00eb shkuar\u00ebn dhe n\u00eb t\u00eb sotmen. Dhe kemi shk\u00ebmbyer plot mendime mbi demokracin\u00eb dhe mbi ata q\u00eb po heqin sot Vallen e Shqipeve.<\/p>\n<p>Po si, more miqt\u00eb e mi, fatlum\u00eb q\u00eb b\u00ebni pjes\u00eb n\u00eb list\u00eb nuk shqet\u00ebsoheni dhe nuk ngrini z\u00ebrin p\u00ebr shk\u00eblqimet e rrema q\u00eb ju imponojn\u00eb t\u00eb duartrokisni?! Si mund t\u00eb pajtoheni dhe t\u00eb b\u00ebheni pal\u00eb t\u00eb mashtrimit me nj\u00eb demokraci q\u00eb \u00ebsht\u00eb e prapambetur dhe qesharake, sa nuk gjen t\u00eb dyt\u00eb mbi rruzull, me nj\u00eb liri q\u00eb po rudhoset llahtarisht dit\u00eb p\u00ebr dit\u00eb, me nj\u00eb informacion shtet\u00ebror t\u00eb mbajtur n\u00eb shtat\u00eb pal\u00eb ky\u00e7e?!<\/p>\n<p>Demokracia e v\u00ebrtet\u00eb \u00ebsht\u00eb larg. N\u00eb Shqip\u00ebri ajo do t\u00eb quhet e ardhur at\u00eb dit\u00eb, kur ata q\u00eb do t\u00eb marrin pushtetin, nuk do t\u00eb nd\u00ebrrojn\u00eb doganier\u00ebt. Duket larg, v\u00ebrtet!<\/p>\n<p>Un\u00eb megjithat\u00eb ju drejtohem juve dhe jo deputet\u00ebve pa identitet, q\u00eb p\u00ebrb\u00ebjn\u00eb mazhoranc\u00ebn. Se, a mund t\u00eb quhet Kuvend nj\u00eb vend ku nuk b\u00ebhet kuvend, ku nuk ka gjall\u00ebri, ku nuk ka ide t\u00eb ndryshme, pleq\u00ebsime dhe ku shtat\u00ebdhjet\u00eb vet\u00eb mendojn\u00eb sikur t\u00eb ishin nj\u00eb?! A mund t\u00eb flitet p\u00ebr pavar\u00ebsi, kur koka mbahet e kthyer vet\u00ebm nga nj\u00ebri prej deputet\u00ebve dhe kur p\u00ebr t\u00eb shprehur nj\u00eb q\u00ebndrim, pritet zbritja e tij nga aeroplan\u00ebt q\u00eb vijn\u00eb nga Europa?!<\/p>\n<p>Apo, kur n\u00eb Bruksel pes\u00eb deputet\u00eb presin telefonin e kryedeputetit, p\u00ebr t\u00eb \u00e7artur nj\u00eb marr\u00ebveshje?! E \u00e7far\u00eb detyrimi ka vendi yn\u00eb i rreshkur nga varf\u00ebria, t\u00eb rrij\u00eb e t\u00eb paguaj\u00eb 140 deputet\u00eb kur mund t\u00eb paguante vet\u00ebm dy, q\u00eb do t\u00eb mund t\u00eb pillnin po t\u00eb nj\u00ebjtin rezultat, q\u00eb mund t\u00eb krijonin t\u00eb nj\u00ebjtin ng\u00ebr\u00e7 dhe t\u00eb b\u00ebnin t\u00eb nj\u00ebjtat allishverishe?!<\/p>\n<p>Ja, pik\u00ebrisht nj\u00eb peticion mbi k\u00ebt\u00eb m\u00ebkat mund t&#8217;ia drejtonit Edi Ram\u00ebs q\u00eb ka p\u00ebrgjegj\u00ebsin\u00eb &#8211; nga moseksperienca, a nga synime ambicjoze, nuk e sakt\u00ebsoj dot &#8211; p\u00ebr ca allishverisheve antidemokratike me at\u00eb kund\u00ebrshtar, me t\u00eb cilin tani kan\u00eb humbur gjuh\u00ebt. P\u00ebrpilimi i listave t\u00eb deputet\u00ebve nga vet\u00ebm kryetar\u00ebt e nxjerr parlamentin jasht\u00eb loje. N\u00eb favor t\u00eb Ram\u00ebs megjithat\u00eb flet nj\u00eb grup deputet\u00ebsh socialist\u00eb q\u00eb nuk i vijn\u00eb pas avazit dhe q\u00eb me ekzistenc\u00ebn dhe ashp\u00ebrsin\u00eb e tyre, n\u00eb vend t\u00eb turp\u00ebrojn\u00eb Ram\u00ebn, e nderojn\u00eb at\u00eb dhe turp\u00ebrojn\u00eb Berish\u00ebn, q\u00eb n\u00eb vath\u00ebn e tij nuk ka kund\u00ebr as grup, as individ dhe as edhe nj\u00eb shofer t\u00eb kryeministris\u00eb.<\/p>\n<p><strong>Disa fjal\u00eb t\u00eb ve\u00e7anta, Monda Bulkut<\/strong><\/p>\n<p>Lejom\u00ebni megjithat\u00eb t\u00eb ve\u00e7oj nj\u00eb deputet, se vetvetiu \u00ebsht\u00eb megjith\u00eb t\u00eb drejtat n\u00eb list\u00ebn e miqve t\u00eb mi artist\u00eb, t\u00eb cil\u00ebve po u drejtohem. E dashur Rajmonda, m\u00eb duhet me keqardhje t\u00eb t\u00eb them se performanca jote m\u00eb e shquar politike do t\u00eb mbetet ajo q\u00eb t\u00eb nderoi n\u00eb dit\u00ebt e para t\u00eb vitit &#8217;91. P\u00ebrse tani merr p\u00ebrsip\u00ebr nj\u00eb mision q\u00eb nuk t\u00eb p\u00ebrshtatet, q\u00eb \u00ebsht\u00eb i natyrsh\u00ebm p\u00ebr \u00e7do artist, dhe p\u00ebr ty, por megjithat\u00eb t\u00eb rri si nj\u00eb kostum me m\u00ebng\u00eb t\u00eb gjata: at\u00eb t\u00eb z\u00ebdh\u00ebn\u00ebsit t\u00eb familjeve t\u00eb p\u00ebrndjekura, t\u00eb grave q\u00eb k\u00ebrkojn\u00eb varret e t\u00eb pushkatuarve t\u00eb Enver Hoxh\u00ebs?! P\u00ebrse merr p\u00ebrsip\u00ebr t\u00eb jesh ti gishti, q\u00eb drejtohet jo tamam aty ku duhet, dhe plot\u00ebson nevoj\u00ebn djall\u00ebzore t\u00eb Berish\u00ebs, p\u00ebr krijimin e imazhit komod e simpatik, q\u00eb po luftoni me bllokmen\u00ebt, me komunist\u00ebt, ju, t\u00eb handakosurit nga komunizmi?!<\/p>\n<p>N\u00ebse rikthehemi n\u00eb fillimet, moj shoqe e mir\u00eb, k\u00ebtu e nj\u00ebzet vjet t\u00eb shkuara, kur erdh\u00ebm n\u00eb fuqi nuk u treguam kaq t\u00eb eg\u00ebr kund\u00ebr bllokmen\u00ebve q\u00eb ishin ende gjall\u00eb dhe n\u00eb jet\u00eb dhe, befas, u eg\u00ebrsuam tani, kur bllokmen\u00ebt kan\u00eb vdekur dhe caktojm\u00eb vet\u00eb ca t\u00eb tjer\u00eb, se ashtu e lyp narkoza, me t\u00eb cil\u00ebn mbahen t\u00eb handakosurit e v\u00ebrtet\u00eb, q\u00eb ende mendojn\u00eb se kryetari PD-s\u00eb \u00ebsht\u00eb shpata e t\u00eb madhit Zot mbi b\u00ebmat kriminale t\u00eb Hoxh\u00ebs. Nuk ishim kaq t\u00eb rrept\u00eb dhe ti e di se kujt duhet t&#8217;ia k\u00ebrkojm\u00eb k\u00ebt\u00eb gjynah.<\/p>\n<p>Jo Edi Ram\u00ebs t\u00eb k\u00ebsaj kohe, por Presidentit t\u00eb Plotfuqish\u00ebm t\u00eb asaj kohe, i cili na pask\u00ebsh marr\u00eb p\u00ebrsip\u00ebr detyr\u00ebn historike q\u00eb t\u00eb provonte t&#8217;i ngopte ujq\u00ebrit dhe t&#8217;i shp\u00ebtonte q\u00eb t\u00eb gjitha delet! Pra, hiqeni at\u00eb term t\u00eb neveritsh\u00ebm t\u00eb lidhur me Bllokun, n\u00eb truallin e t\u00eb cilit, da\u00e7 p\u00ebr nevoja profesionale, da\u00e7 p\u00ebr nevoja jetese, ju deputet\u00ebt e PD-s\u00eb s\u00eb sotme keni kaluar or\u00eb, dit\u00eb dhe vite m\u00eb shum\u00eb se koleg\u00ebt tuaj t\u00eb PS-s\u00eb s\u00eb sotme!<\/p>\n<p>Vendin tend mes p\u00ebrfaq\u00ebsuesve t\u00eb popullit, un\u00eb do ta p\u00ebrmendja me krenari sikur ti, moj Monda, t\u00eb kishe th\u00ebn\u00eb nj\u00eb fjal\u00eb t\u00eb r\u00ebnd\u00eb n\u00eb fush\u00ebn e kultur\u00ebs, ku l\u00ebvrojn\u00eb projektet klienteliste e p\u00ebrjashtohen t\u00eb mallkuarit. Mund t\u00eb b\u00ebje, psh nj\u00eb propozim penalizimi p\u00ebr gafat e figurshme t\u00eb Ministrit t\u00eb Kultur\u00ebs. M\u00eb shum\u00eb se njolla q\u00eb i lan\u00eb eshtrat e Ismail Qemali, ai meriton nj\u00eb q\u00ebndrim m\u00eb t\u00eb ashp\u00ebr p\u00ebr munges\u00ebn e tij, apo nj\u00eb t\u00eb d\u00ebrguari t\u00eb tij, n\u00eb p\u00ebrurimin e monumentit t\u00eb Kutelit n\u00eb Pogradec. M\u00eb than\u00eb se n\u00eb fest\u00ebn e p\u00ebrurimit ishin t\u00eb pranish\u00ebm kryetar\u00ebt e bashkive t\u00eb Strug\u00ebs dhe t\u00eb Ohrit, teksa nuk u pa asnj\u00eb telegram p\u00ebrsh\u00ebndetje nga ministri i vendit! V\u00ebrtet skulptori i mir\u00ebnjohur Muntaz Dhrami nuk \u00ebsht\u00eb &#8220;me ne&#8221; por &#8220;me ne&#8221; \u00ebsht\u00eb Kuteli, mjeshtri magjistar i narrativ\u00ebs komb\u00ebtare, t\u00eb cilin na e burgos\u00ebn, na e syrgjynos\u00ebn, na e mallkuan.<\/p>\n<p>Nuk e mendoja kurr\u00eb se ti mund t\u00eb pajtoheshe me k\u00ebto dasira e pozicionime t\u00eb urryera e t\u00eb neveritshme t\u00eb mesjet\u00ebs jo t\u00eb larg\u00ebt komuniste.<\/p>\n<p><strong>Lidhur me grev\u00ebn<\/strong><\/p>\n<p>M\u00eb duhet t\u00eb them se n\u00eb dit\u00ebt e fundit edhe un\u00eb u b\u00ebra disi, kund\u00ebr asaj greve. Bashkohesha me synimin, vler\u00ebsoja thell\u00ebsisht \u00e7ka i shtyu njer\u00ebzit drejt saj dhe m\u00eb dhimsen d\u00ebmet fizike dhe sh\u00ebndet\u00ebsore q\u00eb mund t\u00eb ken\u00eb p\u00ebr pasoja grevist\u00ebt. Dhe, sidomos, nuk ndaj aspak opinionin rruga\u00e7 dhe posht\u00ebrues, q\u00eb dyqind veta na ishin ndryr\u00eb aty p\u00ebr ambicie liderash.<\/p>\n<p>N\u00eb dram\u00ebn e J.P.Sartrit &#8220;T\u00eb vdekur t\u00eb pakallur&#8221;, nj\u00eb personazh me emrin Sorbi\u00e8 k\u00ebrcen n\u00eb parvazin e dritares s\u00eb katit t\u00eb gjasht\u00eb dhe u thot\u00eb kolaboracionist\u00ebve nazist\u00eb q\u00eb po e torturonin: &#8220;Mos m&#8217;u afroni! Do t\u00eb hidhem nga kati i gjasht\u00eb po tentuat t\u00eb vini dor\u00eb mbi mua!&#8221; Kriminel\u00ebt u afruan dhe Sorbi\u00e8 u hodh nga dritarja dhe vdiq! Ai vuri nj\u00eb kusht njer\u00ebzor dhe mendonte se kund\u00ebrshtar\u00ebt do t&#8217;ia respektonin, por d\u00ebshtoi.<\/p>\n<p>Ju, grevist\u00eb t\u00eb nderuar mos keni p\u00ebrfytyrimet e indian\u00ebve t\u00eb Gandit? Kujtonit ju se kishit p\u00ebrball\u00eb fisnik\u00ebt britanik\u00eb dhe mbret\u00ebresh\u00ebn e Anglis\u00eb?! Ju duhet t\u00eb ishit t\u00eb nd\u00ebrgjegjsh\u00ebm dhe duhet ta dinit se po i vinit nj\u00eb kusht njer\u00ebzor nj\u00eb njeriu q\u00eb \u00ebsht\u00eb larg jush, m\u00eb larg se\u00e7 ishin kolaboracionist\u00ebt hitlerian\u00eb me Sorbi\u00e8n\u00eb. Nuk jan\u00eb grevat e uris\u00eb t\u00eb dala mode, por \u00ebsht\u00eb ai jasht\u00eb standarteve. Ai ju urren dhe ka arsye, se ju me k\u00ebt\u00eb akt madhor flijues, po k\u00ebrc\u00ebnonit ekzistenc\u00ebn e tij politike, historike dhe jet\u00ebsore. Ai ju urren dhe ju duhet ta kishit llogaritur se ai do t&#8217;ju linte t\u00eb hidheshit nga dritarja, pa m\u00eb t\u00eb vogl\u00ebn brerje nd\u00ebrgjegje.<\/p>\n<p>Q\u00ebnia e tij n\u00eb pushtet tashm\u00eb \u00ebsht\u00eb oksigjeni i t\u00eb s\u00ebmurit n\u00eb reanimacion. P\u00ebr k\u00ebt\u00eb ekzistenc\u00eb ai ka shpenzuar dekada, ka l\u00ebn\u00eb t\u00eb vriten mij\u00ebra e mij\u00ebra njer\u00ebz, t\u00eb th\u00ebrmohen ushtri dhe armatime, ka mbjell\u00eb konflikte t\u00eb panum\u00ebrta pron\u00ebsie, ka l\u00ebn\u00eb vendin n\u00eb skaj t\u00eb bishtit t\u00eb varganit europian, \u00ebsht\u00eb angazhuar n\u00eb krime q\u00eb me siguri do t\u00eb zbardhen nj\u00eb dit\u00eb, por tani i duhen t\u00eb jen\u00eb t\u00eb mbyllura. P\u00ebr k\u00ebt\u00eb ai ka hequr nga statuti i partis\u00eb nenin q\u00eb e k\u00ebrkon kryetarin t\u00eb jet\u00eb i p\u00ebrkohsh\u00ebm dhe i z\u00ebv\u00ebnd\u00ebsuesh\u00ebm pas dy zgjedhjesh. \u00cbsht\u00eb e natyrshme q\u00eb ai t\u00eb mund ta justifikoj\u00eb k\u00ebt\u00eb me dashurin\u00eb e madhe q\u00eb ka partia e tij p\u00ebr t\u00eb, por ai mund ta g\u00ebzonte k\u00ebt\u00eb dashuri edhe pran\u00eb kryesis\u00eb dhe vendimeve t\u00eb saj, si k\u00ebshilltar bile si orientuesi m\u00eb autoritar i vendimeve t\u00eb saj.<\/p>\n<p>T\u00eb till\u00eb jan\u00eb psh president\u00ebt amerikan\u00eb, q\u00eb fare mir\u00eb, secili prej tyre mundej t\u00eb pretendonte se \u00ebsht\u00eb njeriu m\u00eb i dashur i k\u00ebtij kontinenti. Por ata i binden kanunit dyqindecavje\u00e7ar amerikan dhe pasi len\u00eb detyr\u00ebn rrept\u00ebsisht t\u00eb kufizuar, sakoh\u00eb q\u00eb jan\u00eb gjall\u00eb, nuk jan\u00eb kurr\u00eb t\u00eb p\u00ebrjashtuar nga kabineti i presidentit n\u00eb fuqi, pavar\u00ebsisht republikan apo demokrat. Dashurin\u00eb e popujve t\u00eb tyre do ta pretendonin t\u00eb gjith\u00eb politik\u00ebb\u00ebr\u00ebsit e tranzicioneve t\u00eb vendeve lindore, ku nuk gjen asnj\u00eb nga figurat e shquara q\u00eb b\u00ebn\u00eb startin e theqafjeve komuniste.<br \/>\nBerisha \u00ebsht\u00eb kapur me thonj e me dh\u00ebmb\u00eb pas maj\u00ebs s\u00eb pushtetit, pas kryekulltukut, ku merren vendimet, ku jepen favoret, ku caktohen president\u00ebt, ku urdh\u00ebrohen gjykatat&#8230; Kjo e ka b\u00ebr\u00eb terrenin politik shqiptar t\u00eb neveritsh\u00ebm.<\/p>\n<p>Se le t\u00eb arsyetojm\u00eb k\u00ebrkes\u00ebn q\u00eb mban vendin t\u00eb mb\u00ebrthyer n\u00eb vendnum\u00ebro. Dhe p\u00ebr k\u00ebt\u00eb k\u00ebrkoj v\u00ebmendjen e deputetes Bulku dhe miqve t\u00eb mi elitar\u00eb. Nuk \u00ebsht\u00eb e v\u00ebrtet\u00eb se l\u00ebshimi ndaj k\u00ebrkesave opozitare do t\u00eb sjell\u00eb q\u00eb kjo p\u00ebrvoj\u00eb t\u00eb ndiqet nga p\u00ebrvoja t\u00eb tilla p\u00ebrs\u00ebrit\u00ebse. \u00cbsht\u00eb e pamundur q\u00eb nj\u00eb vit pas zgjedhjeve t\u00eb b\u00ebhen 65 deputet\u00eb t\u00eb tjer\u00eb t\u00eb vazhdojn\u00eb si k\u00ebt\u00eb her\u00eb, t\u00eb shohin me p\u00ebrbuzje sall\u00ebn e parlamentit. Nuk \u00ebsht\u00eb kollaj t\u00eb p\u00ebrs\u00ebritet greva e uris\u00eb. N\u00eb respekt t\u00eb gjysm\u00ebs s\u00eb elektoratit, n\u00eb respekt t\u00eb mbar\u00ebsis\u00eb s\u00eb pun\u00ebve t\u00eb vendit, fal\u00eb k\u00ebsaj sacrifice t\u00eb shum\u00ebkushtueshme komb\u00ebtare, transparenca sot merr jet\u00eb dhe do t\u00eb vihet n\u00eb sh\u00ebrbim t\u00eb t\u00eb gjith\u00ebve q\u00eb mund ta k\u00ebrkojn\u00eb at\u00eb. Pa grev\u00eb urie.<\/p>\n<p>Ajo mund t\u00eb ishte b\u00ebr\u00eb q\u00eb para nj\u00eb viti. Nuk lejojn\u00eb gjykatat? Ku na q\u00ebnkan k\u00ebto gjykata t\u00eb mbipushtetshme, q\u00eb rrijn\u00eb n\u00ebp\u00ebr llozha dhe shohin p\u00ebrleshjen posht\u00eb n\u00eb aren\u00eb? Sovrani voton dhe i jep jet\u00eb parlamentit. Parlamenti pastaj \u00ebsht\u00eb ai q\u00eb gjeneron gjith\u00e7ka: ai cakton Kushtetut\u00ebn, gjykatat, prokuror\u00ebt. Ai cakton Presidentin dhe qeverin\u00eb. Vendit i ka mbetur veza kryq. \u00cbsht\u00eb rasti p\u00ebr nj\u00eb amendament n\u00eb kushetut\u00eb, p\u00ebr nj\u00eb k\u00ebshillim plebishitar.<\/p>\n<p>Dhe nj\u00eb pik\u00eb arsyetimi m\u00eb shum\u00eb akoma: ashtu si\u00e7 thuhet, se Partia Demokratike \u00ebsht\u00eb mjaft e interesuar p\u00ebr zgjidhjen e kriz\u00ebs, p\u00ebrse nuk i drejtohet ajo Gjykat\u00ebs Kushtetuese, q\u00eb t\u00eb jap\u00eb lej\u00ebn dhe t\u00eb hapet Thesi i Shenjt\u00eb me sekretet e votimeve m\u00eb t\u00eb mira t\u00eb t\u00ebra koh\u00ebrave?!<\/p>\n<p>Ne do t\u00eb f\u00ebrkonim duart se nj\u00ebra nga vez\u00ebt do t\u00eb thyhej. E n\u00ebse v\u00ebrtet k\u00ebto do t\u00eb ishin zgjedhjet m\u00eb t\u00eb shk\u00eblqyera q\u00ebkurse shqiptari \u00ebsht\u00eb shqiptar, do t\u00eb thyhej veza e Ram\u00ebs dhe ne do t\u00eb shp\u00ebtonim nga ai. K\u00ebshtu Partia Socialiste do t\u00eb merrte nj\u00eb plag\u00eb t\u00eb thell\u00eb p\u00ebr disa fushata zgjedhjesh rresht dhe gjith\u00eb\u00e7ka do t\u00eb na vinte mbar\u00eb.<\/p>\n<p>Por, \u00e7udit\u00ebrisht, Rama k\u00ebrkon hapjen e thesit dhe Berisha nuk e do! Kaq mjafton. P\u00ebr mua interesi u zhb\u00eb. Por mendoj se edhe p\u00ebr shqiptarin m\u00eb t\u00eb fundit, nuk mbetet m\u00eb asnj\u00eb dyshim dhe asnj\u00eb e fsheht\u00eb.<br \/>\nKutit\u00eb jan\u00eb tashm\u00eb t\u00eb hapura dhe p\u00ebrmbajtja e tyre \u00ebsht\u00eb n\u00eb drit\u00ebn e diellit! Duke u p\u00ebrpjekur t&#8217;i mbaj\u00eb t\u00eb mbyllura, Berisha i ka hapur s\u00eb katrash ato!<\/p>\n","protected":false},"excerpt":{"rendered":"<p>P\u00ebllumb Kulla, 22.05.2010 Nuk i njoh t\u00eb gjith\u00eb ata q\u00eb u etiketuan si pjes\u00ebtar\u00eb t\u00eb elit\u00ebs s\u00eb kombit, se jan\u00eb b\u00ebr\u00eb shum\u00eb. Duke mos pritur ditadit\u00ebs list\u00ebn e plot\u00eb, q\u00eb me siguri do t\u00eb arrij\u00eb t\u00eb nj\u00ebjtin num\u00ebr me ata q\u00eb kan\u00eb votuar v\u00ebrtet p\u00ebr Berish\u00ebn, po u drejtohem atyre nj\u00ebzet a tridhjet\u00eb artist\u00ebve dhe [&hellip;]<\/p>\n","protected":false},"author":1,"featured_media":0,"comment_status":"open","ping_status":"closed","sticky":false,"template":"","format":"standard","meta":{"footnotes":""},"categories":[2],"tags":[],"class_list":{"0":"post-2780","1":"post","2":"type-post","3":"status-publish","4":"format-standard","6":"category-artikuj"},"yoast_head":"<!-- This site is optimized with the Yoast SEO plugin v27.4 - https:\/\/yoast.com\/product\/yoast-seo-wordpress\/ -->\n<title>Duke ngulmuar p\u00ebr kuti t\u00eb mbyllura... - FjALA e LIR\u00cb - Arkivi<\/title>\n<meta name=\"robots\" content=\"index, follow, max-snippet:-1, max-image-preview:large, max-video-preview:-1\" \/>\n<link rel=\"canonical\" href=\"https:\/\/fjala.info\/2009-2015\/duke-ngulmuar-per-kuti-te-mbyllura\/\" \/>\n<meta property=\"og:locale\" content=\"sq_AL\" \/>\n<meta property=\"og:type\" content=\"article\" \/>\n<meta property=\"og:title\" content=\"Duke ngulmuar p\u00ebr kuti t\u00eb mbyllura... - FjALA e LIR\u00cb - Arkivi\" \/>\n<meta property=\"og:description\" content=\"P\u00ebllumb Kulla, 22.05.2010 Nuk i njoh t\u00eb gjith\u00eb ata q\u00eb u etiketuan si pjes\u00ebtar\u00eb t\u00eb elit\u00ebs s\u00eb kombit, se jan\u00eb b\u00ebr\u00eb shum\u00eb. Duke mos pritur ditadit\u00ebs list\u00ebn e plot\u00eb, q\u00eb me siguri do t\u00eb arrij\u00eb t\u00eb nj\u00ebjtin num\u00ebr me ata q\u00eb kan\u00eb votuar v\u00ebrtet p\u00ebr Berish\u00ebn, po u drejtohem atyre nj\u00ebzet a tridhjet\u00eb artist\u00ebve dhe [&hellip;]\" \/>\n<meta property=\"og:url\" content=\"https:\/\/fjala.info\/2009-2015\/duke-ngulmuar-per-kuti-te-mbyllura\/\" \/>\n<meta property=\"og:site_name\" content=\"FjALA e LIR\u00cb - Arkivi\" \/>\n<meta property=\"article:published_time\" content=\"2010-05-22T22:11:48+00:00\" \/>\n<meta property=\"og:image\" content=\"http:\/\/www.shkoder.net\/images\/fjala\/pellumb_kulla.jpg\" \/>\n<meta name=\"author\" content=\"admin\" \/>\n<meta name=\"twitter:card\" content=\"summary_large_image\" \/>\n<meta name=\"twitter:label1\" content=\"Written by\" \/>\n\t<meta name=\"twitter:data1\" content=\"admin\" \/>\n\t<meta name=\"twitter:label2\" content=\"Est. reading time\" \/>\n\t<meta name=\"twitter:data2\" content=\"12 minutes\" \/>\n<script type=\"application\/ld+json\" class=\"yoast-schema-graph\">{\"@context\":\"https:\\\/\\\/schema.org\",\"@graph\":[{\"@type\":\"Article\",\"@id\":\"https:\\\/\\\/fjala.info\\\/2009-2015\\\/duke-ngulmuar-per-kuti-te-mbyllura\\\/#article\",\"isPartOf\":{\"@id\":\"https:\\\/\\\/fjala.info\\\/2009-2015\\\/duke-ngulmuar-per-kuti-te-mbyllura\\\/\"},\"author\":{\"name\":\"admin\",\"@id\":\"https:\\\/\\\/fjala.info\\\/2009-2015\\\/#\\\/schema\\\/person\\\/3aa1163ef05469c496fc94e77611ada2\"},\"headline\":\"Duke ngulmuar p\u00ebr kuti t\u00eb mbyllura&#8230;\",\"datePublished\":\"2010-05-22T22:11:48+00:00\",\"mainEntityOfPage\":{\"@id\":\"https:\\\/\\\/fjala.info\\\/2009-2015\\\/duke-ngulmuar-per-kuti-te-mbyllura\\\/\"},\"wordCount\":2491,\"commentCount\":0,\"publisher\":{\"@id\":\"https:\\\/\\\/fjala.info\\\/2009-2015\\\/#organization\"},\"image\":{\"@id\":\"https:\\\/\\\/fjala.info\\\/2009-2015\\\/duke-ngulmuar-per-kuti-te-mbyllura\\\/#primaryimage\"},\"thumbnailUrl\":\"http:\\\/\\\/www.shkoder.net\\\/images\\\/fjala\\\/pellumb_kulla.jpg\",\"articleSection\":[\"Artikuj\"],\"inLanguage\":\"sq-AL\",\"potentialAction\":[{\"@type\":\"CommentAction\",\"name\":\"Comment\",\"target\":[\"https:\\\/\\\/fjala.info\\\/2009-2015\\\/duke-ngulmuar-per-kuti-te-mbyllura\\\/#respond\"]}]},{\"@type\":\"WebPage\",\"@id\":\"https:\\\/\\\/fjala.info\\\/2009-2015\\\/duke-ngulmuar-per-kuti-te-mbyllura\\\/\",\"url\":\"https:\\\/\\\/fjala.info\\\/2009-2015\\\/duke-ngulmuar-per-kuti-te-mbyllura\\\/\",\"name\":\"Duke ngulmuar p\u00ebr kuti t\u00eb mbyllura... - FjALA e LIR\u00cb - Arkivi\",\"isPartOf\":{\"@id\":\"https:\\\/\\\/fjala.info\\\/2009-2015\\\/#website\"},\"primaryImageOfPage\":{\"@id\":\"https:\\\/\\\/fjala.info\\\/2009-2015\\\/duke-ngulmuar-per-kuti-te-mbyllura\\\/#primaryimage\"},\"image\":{\"@id\":\"https:\\\/\\\/fjala.info\\\/2009-2015\\\/duke-ngulmuar-per-kuti-te-mbyllura\\\/#primaryimage\"},\"thumbnailUrl\":\"http:\\\/\\\/www.shkoder.net\\\/images\\\/fjala\\\/pellumb_kulla.jpg\",\"datePublished\":\"2010-05-22T22:11:48+00:00\",\"breadcrumb\":{\"@id\":\"https:\\\/\\\/fjala.info\\\/2009-2015\\\/duke-ngulmuar-per-kuti-te-mbyllura\\\/#breadcrumb\"},\"inLanguage\":\"sq-AL\",\"potentialAction\":[{\"@type\":\"ReadAction\",\"target\":[\"https:\\\/\\\/fjala.info\\\/2009-2015\\\/duke-ngulmuar-per-kuti-te-mbyllura\\\/\"]}]},{\"@type\":\"ImageObject\",\"inLanguage\":\"sq-AL\",\"@id\":\"https:\\\/\\\/fjala.info\\\/2009-2015\\\/duke-ngulmuar-per-kuti-te-mbyllura\\\/#primaryimage\",\"url\":\"http:\\\/\\\/www.shkoder.net\\\/images\\\/fjala\\\/pellumb_kulla.jpg\",\"contentUrl\":\"http:\\\/\\\/www.shkoder.net\\\/images\\\/fjala\\\/pellumb_kulla.jpg\"},{\"@type\":\"BreadcrumbList\",\"@id\":\"https:\\\/\\\/fjala.info\\\/2009-2015\\\/duke-ngulmuar-per-kuti-te-mbyllura\\\/#breadcrumb\",\"itemListElement\":[{\"@type\":\"ListItem\",\"position\":1,\"name\":\"Home\",\"item\":\"https:\\\/\\\/fjala.info\\\/2009-2015\\\/\"},{\"@type\":\"ListItem\",\"position\":2,\"name\":\"Duke ngulmuar p\u00ebr kuti t\u00eb mbyllura&#8230;\"}]},{\"@type\":\"WebSite\",\"@id\":\"https:\\\/\\\/fjala.info\\\/2009-2015\\\/#website\",\"url\":\"https:\\\/\\\/fjala.info\\\/2009-2015\\\/\",\"name\":\"FjALA e LIR\u00cb - Arkivi\",\"description\":\"Arkivi 2009-2015\",\"publisher\":{\"@id\":\"https:\\\/\\\/fjala.info\\\/2009-2015\\\/#organization\"},\"potentialAction\":[{\"@type\":\"SearchAction\",\"target\":{\"@type\":\"EntryPoint\",\"urlTemplate\":\"https:\\\/\\\/fjala.info\\\/2009-2015\\\/?s={search_term_string}\"},\"query-input\":{\"@type\":\"PropertyValueSpecification\",\"valueRequired\":true,\"valueName\":\"search_term_string\"}}],\"inLanguage\":\"sq-AL\"},{\"@type\":\"Organization\",\"@id\":\"https:\\\/\\\/fjala.info\\\/2009-2015\\\/#organization\",\"name\":\"FjALA e LIR\u00cb - Arkivi\",\"url\":\"https:\\\/\\\/fjala.info\\\/2009-2015\\\/\",\"logo\":{\"@type\":\"ImageObject\",\"inLanguage\":\"sq-AL\",\"@id\":\"https:\\\/\\\/fjala.info\\\/2009-2015\\\/#\\\/schema\\\/logo\\\/image\\\/\",\"url\":\"\",\"contentUrl\":\"\",\"caption\":\"FjALA e LIR\u00cb - Arkivi\"},\"image\":{\"@id\":\"https:\\\/\\\/fjala.info\\\/2009-2015\\\/#\\\/schema\\\/logo\\\/image\\\/\"}},{\"@type\":\"Person\",\"@id\":\"https:\\\/\\\/fjala.info\\\/2009-2015\\\/#\\\/schema\\\/person\\\/3aa1163ef05469c496fc94e77611ada2\",\"name\":\"admin\",\"image\":{\"@type\":\"ImageObject\",\"inLanguage\":\"sq-AL\",\"@id\":\"https:\\\/\\\/fjala.info\\\/2009-2015\\\/wp-content\\\/uploads\\\/2012\\\/02\\\/arben_cokaj-120x150.jpg\",\"url\":\"https:\\\/\\\/fjala.info\\\/2009-2015\\\/wp-content\\\/uploads\\\/2012\\\/02\\\/arben_cokaj-120x150.jpg\",\"contentUrl\":\"https:\\\/\\\/fjala.info\\\/2009-2015\\\/wp-content\\\/uploads\\\/2012\\\/02\\\/arben_cokaj-120x150.jpg\",\"caption\":\"admin\"},\"description\":\"Admin, Fjala e Lir\u00eb\",\"sameAs\":[\"https:\\\/\\\/fjala.info\\\/\"],\"url\":\"https:\\\/\\\/fjala.info\\\/2009-2015\\\/author\\\/admin\\\/\"}]}<\/script>\n<!-- \/ Yoast SEO plugin. -->","yoast_head_json":{"title":"Duke ngulmuar p\u00ebr kuti t\u00eb mbyllura... - FjALA e LIR\u00cb - Arkivi","robots":{"index":"index","follow":"follow","max-snippet":"max-snippet:-1","max-image-preview":"max-image-preview:large","max-video-preview":"max-video-preview:-1"},"canonical":"https:\/\/fjala.info\/2009-2015\/duke-ngulmuar-per-kuti-te-mbyllura\/","og_locale":"sq_AL","og_type":"article","og_title":"Duke ngulmuar p\u00ebr kuti t\u00eb mbyllura... - FjALA e LIR\u00cb - Arkivi","og_description":"P\u00ebllumb Kulla, 22.05.2010 Nuk i njoh t\u00eb gjith\u00eb ata q\u00eb u etiketuan si pjes\u00ebtar\u00eb t\u00eb elit\u00ebs s\u00eb kombit, se jan\u00eb b\u00ebr\u00eb shum\u00eb. Duke mos pritur ditadit\u00ebs list\u00ebn e plot\u00eb, q\u00eb me siguri do t\u00eb arrij\u00eb t\u00eb nj\u00ebjtin num\u00ebr me ata q\u00eb kan\u00eb votuar v\u00ebrtet p\u00ebr Berish\u00ebn, po u drejtohem atyre nj\u00ebzet a tridhjet\u00eb artist\u00ebve dhe [&hellip;]","og_url":"https:\/\/fjala.info\/2009-2015\/duke-ngulmuar-per-kuti-te-mbyllura\/","og_site_name":"FjALA e LIR\u00cb - Arkivi","article_published_time":"2010-05-22T22:11:48+00:00","og_image":[{"url":"http:\/\/www.shkoder.net\/images\/fjala\/pellumb_kulla.jpg","type":"","width":"","height":""}],"author":"admin","twitter_card":"summary_large_image","twitter_misc":{"Written by":"admin","Est. reading time":"12 minutes"},"schema":{"@context":"https:\/\/schema.org","@graph":[{"@type":"Article","@id":"https:\/\/fjala.info\/2009-2015\/duke-ngulmuar-per-kuti-te-mbyllura\/#article","isPartOf":{"@id":"https:\/\/fjala.info\/2009-2015\/duke-ngulmuar-per-kuti-te-mbyllura\/"},"author":{"name":"admin","@id":"https:\/\/fjala.info\/2009-2015\/#\/schema\/person\/3aa1163ef05469c496fc94e77611ada2"},"headline":"Duke ngulmuar p\u00ebr kuti t\u00eb mbyllura&#8230;","datePublished":"2010-05-22T22:11:48+00:00","mainEntityOfPage":{"@id":"https:\/\/fjala.info\/2009-2015\/duke-ngulmuar-per-kuti-te-mbyllura\/"},"wordCount":2491,"commentCount":0,"publisher":{"@id":"https:\/\/fjala.info\/2009-2015\/#organization"},"image":{"@id":"https:\/\/fjala.info\/2009-2015\/duke-ngulmuar-per-kuti-te-mbyllura\/#primaryimage"},"thumbnailUrl":"http:\/\/www.shkoder.net\/images\/fjala\/pellumb_kulla.jpg","articleSection":["Artikuj"],"inLanguage":"sq-AL","potentialAction":[{"@type":"CommentAction","name":"Comment","target":["https:\/\/fjala.info\/2009-2015\/duke-ngulmuar-per-kuti-te-mbyllura\/#respond"]}]},{"@type":"WebPage","@id":"https:\/\/fjala.info\/2009-2015\/duke-ngulmuar-per-kuti-te-mbyllura\/","url":"https:\/\/fjala.info\/2009-2015\/duke-ngulmuar-per-kuti-te-mbyllura\/","name":"Duke ngulmuar p\u00ebr kuti t\u00eb mbyllura... - FjALA e LIR\u00cb - Arkivi","isPartOf":{"@id":"https:\/\/fjala.info\/2009-2015\/#website"},"primaryImageOfPage":{"@id":"https:\/\/fjala.info\/2009-2015\/duke-ngulmuar-per-kuti-te-mbyllura\/#primaryimage"},"image":{"@id":"https:\/\/fjala.info\/2009-2015\/duke-ngulmuar-per-kuti-te-mbyllura\/#primaryimage"},"thumbnailUrl":"http:\/\/www.shkoder.net\/images\/fjala\/pellumb_kulla.jpg","datePublished":"2010-05-22T22:11:48+00:00","breadcrumb":{"@id":"https:\/\/fjala.info\/2009-2015\/duke-ngulmuar-per-kuti-te-mbyllura\/#breadcrumb"},"inLanguage":"sq-AL","potentialAction":[{"@type":"ReadAction","target":["https:\/\/fjala.info\/2009-2015\/duke-ngulmuar-per-kuti-te-mbyllura\/"]}]},{"@type":"ImageObject","inLanguage":"sq-AL","@id":"https:\/\/fjala.info\/2009-2015\/duke-ngulmuar-per-kuti-te-mbyllura\/#primaryimage","url":"http:\/\/www.shkoder.net\/images\/fjala\/pellumb_kulla.jpg","contentUrl":"http:\/\/www.shkoder.net\/images\/fjala\/pellumb_kulla.jpg"},{"@type":"BreadcrumbList","@id":"https:\/\/fjala.info\/2009-2015\/duke-ngulmuar-per-kuti-te-mbyllura\/#breadcrumb","itemListElement":[{"@type":"ListItem","position":1,"name":"Home","item":"https:\/\/fjala.info\/2009-2015\/"},{"@type":"ListItem","position":2,"name":"Duke ngulmuar p\u00ebr kuti t\u00eb mbyllura&#8230;"}]},{"@type":"WebSite","@id":"https:\/\/fjala.info\/2009-2015\/#website","url":"https:\/\/fjala.info\/2009-2015\/","name":"FjALA e LIR\u00cb - Arkivi","description":"Arkivi 2009-2015","publisher":{"@id":"https:\/\/fjala.info\/2009-2015\/#organization"},"potentialAction":[{"@type":"SearchAction","target":{"@type":"EntryPoint","urlTemplate":"https:\/\/fjala.info\/2009-2015\/?s={search_term_string}"},"query-input":{"@type":"PropertyValueSpecification","valueRequired":true,"valueName":"search_term_string"}}],"inLanguage":"sq-AL"},{"@type":"Organization","@id":"https:\/\/fjala.info\/2009-2015\/#organization","name":"FjALA e LIR\u00cb - Arkivi","url":"https:\/\/fjala.info\/2009-2015\/","logo":{"@type":"ImageObject","inLanguage":"sq-AL","@id":"https:\/\/fjala.info\/2009-2015\/#\/schema\/logo\/image\/","url":"","contentUrl":"","caption":"FjALA e LIR\u00cb - Arkivi"},"image":{"@id":"https:\/\/fjala.info\/2009-2015\/#\/schema\/logo\/image\/"}},{"@type":"Person","@id":"https:\/\/fjala.info\/2009-2015\/#\/schema\/person\/3aa1163ef05469c496fc94e77611ada2","name":"admin","image":{"@type":"ImageObject","inLanguage":"sq-AL","@id":"https:\/\/fjala.info\/2009-2015\/wp-content\/uploads\/2012\/02\/arben_cokaj-120x150.jpg","url":"https:\/\/fjala.info\/2009-2015\/wp-content\/uploads\/2012\/02\/arben_cokaj-120x150.jpg","contentUrl":"https:\/\/fjala.info\/2009-2015\/wp-content\/uploads\/2012\/02\/arben_cokaj-120x150.jpg","caption":"admin"},"description":"Admin, Fjala e Lir\u00eb","sameAs":["https:\/\/fjala.info\/"],"url":"https:\/\/fjala.info\/2009-2015\/author\/admin\/"}]}},"_links":{"self":[{"href":"https:\/\/fjala.info\/2009-2015\/wp-json\/wp\/v2\/posts\/2780","targetHints":{"allow":["GET"]}}],"collection":[{"href":"https:\/\/fjala.info\/2009-2015\/wp-json\/wp\/v2\/posts"}],"about":[{"href":"https:\/\/fjala.info\/2009-2015\/wp-json\/wp\/v2\/types\/post"}],"author":[{"embeddable":true,"href":"https:\/\/fjala.info\/2009-2015\/wp-json\/wp\/v2\/users\/1"}],"replies":[{"embeddable":true,"href":"https:\/\/fjala.info\/2009-2015\/wp-json\/wp\/v2\/comments?post=2780"}],"version-history":[{"count":0,"href":"https:\/\/fjala.info\/2009-2015\/wp-json\/wp\/v2\/posts\/2780\/revisions"}],"wp:attachment":[{"href":"https:\/\/fjala.info\/2009-2015\/wp-json\/wp\/v2\/media?parent=2780"}],"wp:term":[{"taxonomy":"category","embeddable":true,"href":"https:\/\/fjala.info\/2009-2015\/wp-json\/wp\/v2\/categories?post=2780"},{"taxonomy":"post_tag","embeddable":true,"href":"https:\/\/fjala.info\/2009-2015\/wp-json\/wp\/v2\/tags?post=2780"}],"curies":[{"name":"wp","href":"https:\/\/api.w.org\/{rel}","templated":true}]}}